{"id":50878,"date":"2024-04-01T15:06:21","date_gmt":"2024-04-01T14:06:21","guid":{"rendered":"https:\/\/lasentinelle.dz\/?p=50878"},"modified":"2024-04-01T15:06:27","modified_gmt":"2024-04-01T14:06:27","slug":"tebboune-les-points-sur-les-i","status":"publish","type":"post","link":"https:\/\/lasentinelle.dz\/index.php\/2024\/04\/01\/tebboune-les-points-sur-les-i\/","title":{"rendered":"Tebboune les points sur les \u00ab\u00a0I\u00a0\u00bb"},"content":{"rendered":"\n<p>Le pr\u00e9sident de la R\u00e9publique est revenu, lors d\u2019un entretien accord\u00e9 aux repr\u00e9sentants de m\u00e9dias nationaux, diffus\u00e9 samedi soir sur les r\u00e9formes entreprises ces derni\u00e8res ann\u00e9es, que ce soit sur le plan politique, \u00e9conomique et social. L\u2019occasion de faire le bilan des r\u00e9alisations et les perspectives \u00e0 attendre d\u2019une d\u00e9marche qui a pour objectif, souligne Abdelmadjid Tebboune, est que \u00ab&nbsp;est que l\u2019Alg\u00e9rie retrouve la grandeur qui lui a permis d\u2019accomplir des r\u00e9alisations dans plusieurs domaines, qu&rsquo;ils soient politiques, diplomatiques ou en faveur des mouvements de lib\u00e9ration dans le monde&nbsp;\u00bb.<\/p>\n\n\n\n<p>Des r\u00e9alisations qui permettent \u00e0 l\u2019Alg\u00e9rie de jouir pleinement de sa souverainet\u00e9 et d\u2019afficher son attachement \u00e0 ses principes de soutien des causes justes et aux peuples opprim\u00e9s. Des r\u00e9alisations qui permettent de satisfaire les attentes du citoyen souligne-t-il. Il a ainsi, exprim\u00e9 sa gratitude envers \u00ab&nbsp;tous les patriotes d\u00e9vou\u00e9s qui veillent au bien-\u00eatre des citoyens et \u00e0 l&rsquo;am\u00e9lioration de leur quotidien, comme le refl\u00e8te&nbsp;\u00bb, a-t-il dit, le sentiment de \u00ab\u00a0satisfaction\u00a0\u00bb que \u00ab&nbsp;les Alg\u00e9riens manifestent \u00e0 l&rsquo;\u00e9gard de leur pays et des \u00e9volutions positives enregistr\u00e9es sur tous les plans&nbsp;\u00bb. Le pr\u00e9sident qui met en avant un soutien populaire \u00e0 la d\u00e9marche mise en \u0153uvre son engagement envers les jeunes en particulier soulignant ce lien filial particulier avec cette cat\u00e9gorie, refl\u00e9t\u00e9 que l\u2019expression \u00ab\u00a0Aami Tebboune\u00a0\u00bb affectionn\u00e9e par le peuple alg\u00e9rien et qui traduit, ajoute-il, un \u00ab\u00a0grand respect et une relation paternelle\u00a0\u00bb dont il est fier.<\/p>\n\n\n\n<p><strong>Pouvoir d\u2019achat<\/strong><\/p>\n\n\n\n<p>Une satisfaction mue, souligne-t-il par l\u2019ensemble des mesures \u00e9conomiques et sociales pour am\u00e9liorer le pouvoir d\u2019achat et stimuler la croissance \u00e9conomique. Ainsi, au-del\u00e0 des mesures prises pour am\u00e9liorer le pouvoir d\u2019achat \u00e0 travers l\u2019augmentation des salaires, le pr\u00e9sident de la R\u00e9publique met en avant les efforts d\u00e9ployer pour ma\u00eetriser l\u2019inflation, assurer la disponibilit\u00e9 des produits de large consommation et \u00e9viter les p\u00e9nuries. Des efforts qui seront d\u2019ailleurs maintenus assure le pr\u00e9sident Tebboune. Il a ainsi soulign\u00e9 que la hausse des salaires devrait se poursuivre pour permettre une hausse cumul\u00e9e des salaires des fonctionnaires de 100% entre 2022 et 2027. Il a ainsi rappel\u00e9 que les derni\u00e8res augmentations de salaires ont permis un bond de 47% des traitements, et d\u2019ajouter que les nouvelles hausses compl\u00e9teront les 53% restants pour atteindre une augmentation totale de 100% d&rsquo;ici \u00e0 2026\/2027. Cependant, le pr\u00e9sident Tebboune a soulign\u00e9 que la lutte contre l\u2019inflation reste une priorit\u00e9. Une priorit\u00e9 qui permettra en effet \u00e9viter que la hausse des prix d\u2019annule l\u2019effet de l\u2019augmentation des salaires. Le Pr\u00e9sident Tebboune a ainsi assur\u00e9 que l&rsquo;Etat \u0153uvrait \u00e0 r\u00e9duire le taux d&rsquo;inflation \u00e0 moins de 4%, en vue de pr\u00e9server le pouvoir d&rsquo;achat du citoyen. La lutte contre l&rsquo;inflation figure parmi les trois axes auxquels s&rsquo;att\u00e8le l&rsquo;Etat pour augmenter le pouvoir d&rsquo;achat des citoyens, avec l&rsquo;axe social qui pr\u00e9voit l&rsquo;augmentation des salaires et l&rsquo;institution de l&rsquo;allocation ch\u00f4mage, ainsi que \u00ab\u00a0la d\u00e9fense de la valeur du dinar alg\u00e9rien\u00a0\u00bb, a indiqu\u00e9 le pr\u00e9sident de la R\u00e9publique. S&rsquo;agissant de la r\u00e9\u00e9valuation de la monnaie nationale, le pr\u00e9sident de la R\u00e9publique a assur\u00e9 qu&rsquo;elle se fera \u00e0 travers des mesures \u00e9conomiques, y compris les m\u00e9canismes de taux de change au niveau de la Banque centrale, soulignant que le r\u00f4le de cette mesure \u00e9tait de r\u00e9duire la valeur des importations et soutenir ainsi le pouvoir d&rsquo;achat.Ces mesures seront accompagn\u00e9es d\u2019une augmentation du volume des investissements dans le pays, a indiqu\u00e9 le pr\u00e9sident de la R\u00e9publique qui s\u2019est f\u00e9licit\u00e9 du nombre important de projets inscrits au niveau de l\u2019Agence alg\u00e9rienne de promotion de l\u2019investissement (AAPI), estim\u00e9s \u00e0 pr\u00e8s de 6000 projets d\u2019investissement, dont \u00ab\u00a0la moiti\u00e9 a \u00e9t\u00e9 lanc\u00e9e\u00a0\u00bb.<\/p>\n\n\n\n<p>La plupart de ces projets devraient se concr\u00e9tiser \u00e0 l\u2019horizon 2026, ce qui permettra de g\u00e9n\u00e9rer des richesses, en plus d\u2019un nombre important de postes d\u2019emploi, a ajout\u00e9 le pr\u00e9sident de la R\u00e9publique, notant l\u2019afflux d\u2019un nombre consid\u00e9rable d\u2019op\u00e9rateurs \u00e9trangers vers l\u2019investissement en Alg\u00e9rie, au vu de la stabilit\u00e9 dont elle jouit. La concr\u00e9tisation de ces projets est de nature \u00e0 augmenter le niveau du revenu dans l\u2019\u00e9conomie nationale, le PIB devant atteindre 400 milliards dedollars en 2026, selon le pr\u00e9sident de la R\u00e9publique qui pr\u00e9voit un maintien du taux de croissance \u00e0 ses niveaux actuels en 2026 et 2027.<\/p>\n\n\n\n<p><strong>Devoir de m\u00e9moire<\/strong><\/p>\n\n\n\n<p>Interrog\u00e9 sur sa prochaine visite en France, le pr\u00e9sident de la R\u00e9publique, a soulign\u00e9 que celle-ci est \u00a0\u00bb toujours d&rsquo;actualit\u00e9 et ma rencontre avec le pr\u00e9sident Macron sera un rendez-vous avec l&rsquo;histoire, lors duquel nous penserons les choses de fa\u00e7on rationnelle et non \u00e9motionnelle\u00a0\u00bb. Et d\u2019ajouter : \u00ab\u00a0Nous sommes aujourd&rsquo;hui dans une phase de refondation des relations\u00a0\u00bb entre les deux pays. \u00ab\u00a0Un groupe travaille sur le dossier de la m\u00e9moire \u00e0 laquelle nous ne renoncerons pas, tout comme nous ne c\u00e8derons aucun iota sur le devoir envers nos valeureux martyrs, que ce soit pour les martyrs de la r\u00e9sistance nationale ou ceux de la Glorieuse r\u00e9volution de lib\u00e9ration\u00a0\u00bb, a assur\u00e9 le pr\u00e9sident de la R\u00e9publique. Dans le m\u00eame sillage, le pr\u00e9sident de la R\u00e9publique a salu\u00e9 \u00ab\u00a0l&rsquo;action positive de l&rsquo;Assembl\u00e9e nationale fran\u00e7aise, en reconnaissant le crime commis par Maurice Papon\u00a0\u00bb contre des membres de la communaut\u00e9 alg\u00e9rienne en France le 17 octobre 1961, soulignant que cette reconnaissance constitue \u00ab\u00a0un pas positif\u00a0\u00bb. En r\u00e9ponse \u00e0 une question sur les Alg\u00e9riens en situation irr\u00e9guli\u00e8re \u00e0 l&rsquo;\u00e9tranger, le pr\u00e9sident de la R\u00e9publique a affirm\u00e9 que \u00ab\u00a0cette question sera trait\u00e9e dans deux mois au plus tard\u00a0\u00bb. \u00ab\u00a0Je me suis engag\u00e9 \u00e0 r\u00e9gler la question, et tous les concern\u00e9s verront leur situation r\u00e9gularis\u00e9e, sauf en cas de contrainte s\u00e9curitaire ou juridique\u00a0\u00bb, a rassur\u00e9 le Pr\u00e9sident de la R\u00e9publique, affirmant que des instructions ont \u00e9t\u00e9 donn\u00e9es dans ce sens et le minist\u00e8re de l\u2019Int\u00e9rieur \u00ab\u00a0proc\u00e8dera au traitement des dossiers\u00a0\u00bb.<\/p>\n\n\n\n<p>Samir Benisid<\/p>\n","protected":false},"excerpt":{"rendered":"<p>Le pr\u00e9sident de la R\u00e9publique est revenu, lors d\u2019un entretien accord\u00e9 aux repr\u00e9sentants de m\u00e9dias nationaux, diffus\u00e9 samedi soir sur<\/p>\n","protected":false},"author":3,"featured_media":50879,"comment_status":"open","ping_status":"closed","sticky":false,"template":"","format":"standard","meta":{"colormag_page_container_layout":"default_layout","colormag_page_sidebar_layout":"default_layout","om_disable_all_campaigns":false,"_monsterinsights_skip_tracking":false,"_monsterinsights_sitenote_active":false,"_monsterinsights_sitenote_note":"","_monsterinsights_sitenote_category":0,"footnotes":"","_wpscppro_dont_share_socialmedia":false,"_wpscppro_custom_social_share_image":0,"_facebook_share_type":"","_twitter_share_type":"","_linkedin_share_type":"","_pinterest_share_type":"","_linkedin_share_type_page":"","_instagram_share_type":"","_medium_share_type":"","_threads_share_type":"","_google_business_share_type":"","_selected_social_profile":[],"_wpsp_enable_custom_social_template":false,"_wpsp_social_scheduling":{"enabled":false,"datetime":null,"platforms":[],"status":"template_only","dateOption":"today","timeOption":"now","customDays":"","customHours":"","customDate":"","customTime":"","schedulingType":"absolute"},"_wpsp_active_default_template":true},"categories":[52,27],"tags":[],"class_list":["post-50878","post","type-post","status-publish","format-standard","has-post-thumbnail","hentry","category-a-la-une","category-actualite"],"aioseo_notices":[],"yoast_head":"<!-- This site is optimized with the Yoast SEO plugin v27.5 - https:\/\/yoast.com\/product\/yoast-seo-wordpress\/ -->\n<title>Tebboune les points sur les \u00ab\u00a0I\u00a0\u00bb - La Sentinelle<\/title>\n<meta name=\"robots\" content=\"index, follow, max-snippet:-1, max-image-preview:large, max-video-preview:-1\" \/>\n<link rel=\"canonical\" href=\"https:\/\/lasentinelle.dz\/index.php\/2024\/04\/01\/tebboune-les-points-sur-les-i\/\" \/>\n<meta property=\"og:locale\" content=\"fr_FR\" \/>\n<meta property=\"og:type\" content=\"article\" \/>\n<meta property=\"og:title\" content=\"Tebboune les points sur les \u00ab\u00a0I\u00a0\u00bb - La Sentinelle\" \/>\n<meta property=\"og:description\" content=\"Le pr\u00e9sident de la R\u00e9publique est revenu, lors d\u2019un entretien accord\u00e9 aux repr\u00e9sentants de m\u00e9dias nationaux, diffus\u00e9 samedi soir sur\" \/>\n<meta property=\"og:url\" content=\"https:\/\/lasentinelle.dz\/index.php\/2024\/04\/01\/tebboune-les-points-sur-les-i\/\" \/>\n<meta property=\"og:site_name\" content=\"La Sentinelle\" \/>\n<meta property=\"article:publisher\" content=\"https:\/\/www.facebook.com\/La-Sentinelle-104059864394773\" \/>\n<meta property=\"article:published_time\" content=\"2024-04-01T14:06:21+00:00\" \/>\n<meta property=\"article:modified_time\" content=\"2024-04-01T14:06:27+00:00\" \/>\n<meta property=\"og:image\" content=\"https:\/\/lasentinelle.dz\/wp-content\/uploads\/2024\/04\/tebboune-Une-.jpeg\" \/>\n\t<meta property=\"og:image:width\" content=\"2048\" \/>\n\t<meta property=\"og:image:height\" content=\"1366\" \/>\n\t<meta property=\"og:image:type\" content=\"image\/jpeg\" \/>\n<meta name=\"author\" content=\"La Sentinelle\" \/>\n<meta name=\"twitter:card\" content=\"summary_large_image\" \/>\n<meta name=\"twitter:label1\" content=\"\u00c9crit par\" \/>\n\t<meta name=\"twitter:data1\" content=\"La Sentinelle\" \/>\n\t<meta name=\"twitter:label2\" content=\"Dur\u00e9e de lecture estim\u00e9e\" \/>\n\t<meta name=\"twitter:data2\" content=\"5 minutes\" \/>\n<script type=\"application\/ld+json\" class=\"yoast-schema-graph\">{\"@context\":\"https:\\\/\\\/schema.org\",\"@graph\":[{\"@type\":\"Article\",\"@id\":\"https:\\\/\\\/lasentinelle.dz\\\/index.php\\\/2024\\\/04\\\/01\\\/tebboune-les-points-sur-les-i\\\/#article\",\"isPartOf\":{\"@id\":\"https:\\\/\\\/lasentinelle.dz\\\/index.php\\\/2024\\\/04\\\/01\\\/tebboune-les-points-sur-les-i\\\/\"},\"author\":{\"name\":\"La Sentinelle\",\"@id\":\"https:\\\/\\\/lasentinelle.dz\\\/#\\\/schema\\\/person\\\/d865044e22e70a75174ce8bcad3acfb3\"},\"headline\":\"Tebboune les points sur les \u00ab\u00a0I\u00a0\u00bb\",\"datePublished\":\"2024-04-01T14:06:21+00:00\",\"dateModified\":\"2024-04-01T14:06:27+00:00\",\"mainEntityOfPage\":{\"@id\":\"https:\\\/\\\/lasentinelle.dz\\\/index.php\\\/2024\\\/04\\\/01\\\/tebboune-les-points-sur-les-i\\\/\"},\"wordCount\":1084,\"commentCount\":0,\"publisher\":{\"@id\":\"https:\\\/\\\/lasentinelle.dz\\\/#organization\"},\"image\":{\"@id\":\"https:\\\/\\\/lasentinelle.dz\\\/index.php\\\/2024\\\/04\\\/01\\\/tebboune-les-points-sur-les-i\\\/#primaryimage\"},\"thumbnailUrl\":\"https:\\\/\\\/lasentinelle.dz\\\/wp-content\\\/uploads\\\/2024\\\/04\\\/tebboune-Une-.jpeg\",\"articleSection\":[\"\u00c0 la Une\",\"Actualit\u00e9\"],\"inLanguage\":\"fr-FR\",\"potentialAction\":[{\"@type\":\"CommentAction\",\"name\":\"Comment\",\"target\":[\"https:\\\/\\\/lasentinelle.dz\\\/index.php\\\/2024\\\/04\\\/01\\\/tebboune-les-points-sur-les-i\\\/#respond\"]}]},{\"@type\":\"WebPage\",\"@id\":\"https:\\\/\\\/lasentinelle.dz\\\/index.php\\\/2024\\\/04\\\/01\\\/tebboune-les-points-sur-les-i\\\/\",\"url\":\"https:\\\/\\\/lasentinelle.dz\\\/index.php\\\/2024\\\/04\\\/01\\\/tebboune-les-points-sur-les-i\\\/\",\"name\":\"Tebboune les points sur les \u00ab\u00a0I\u00a0\u00bb - La Sentinelle\",\"isPartOf\":{\"@id\":\"https:\\\/\\\/lasentinelle.dz\\\/#website\"},\"primaryImageOfPage\":{\"@id\":\"https:\\\/\\\/lasentinelle.dz\\\/index.php\\\/2024\\\/04\\\/01\\\/tebboune-les-points-sur-les-i\\\/#primaryimage\"},\"image\":{\"@id\":\"https:\\\/\\\/lasentinelle.dz\\\/index.php\\\/2024\\\/04\\\/01\\\/tebboune-les-points-sur-les-i\\\/#primaryimage\"},\"thumbnailUrl\":\"https:\\\/\\\/lasentinelle.dz\\\/wp-content\\\/uploads\\\/2024\\\/04\\\/tebboune-Une-.jpeg\",\"datePublished\":\"2024-04-01T14:06:21+00:00\",\"dateModified\":\"2024-04-01T14:06:27+00:00\",\"breadcrumb\":{\"@id\":\"https:\\\/\\\/lasentinelle.dz\\\/index.php\\\/2024\\\/04\\\/01\\\/tebboune-les-points-sur-les-i\\\/#breadcrumb\"},\"inLanguage\":\"fr-FR\",\"potentialAction\":[{\"@type\":\"ReadAction\",\"target\":[\"https:\\\/\\\/lasentinelle.dz\\\/index.php\\\/2024\\\/04\\\/01\\\/tebboune-les-points-sur-les-i\\\/\"]}]},{\"@type\":\"ImageObject\",\"inLanguage\":\"fr-FR\",\"@id\":\"https:\\\/\\\/lasentinelle.dz\\\/index.php\\\/2024\\\/04\\\/01\\\/tebboune-les-points-sur-les-i\\\/#primaryimage\",\"url\":\"https:\\\/\\\/lasentinelle.dz\\\/wp-content\\\/uploads\\\/2024\\\/04\\\/tebboune-Une-.jpeg\",\"contentUrl\":\"https:\\\/\\\/lasentinelle.dz\\\/wp-content\\\/uploads\\\/2024\\\/04\\\/tebboune-Une-.jpeg\",\"width\":2048,\"height\":1366},{\"@type\":\"BreadcrumbList\",\"@id\":\"https:\\\/\\\/lasentinelle.dz\\\/index.php\\\/2024\\\/04\\\/01\\\/tebboune-les-points-sur-les-i\\\/#breadcrumb\",\"itemListElement\":[{\"@type\":\"ListItem\",\"position\":1,\"name\":\"Accueil\",\"item\":\"https:\\\/\\\/lasentinelle.dz\\\/\"},{\"@type\":\"ListItem\",\"position\":2,\"name\":\"Tebboune les points sur les \u00ab\u00a0I\u00a0\u00bb\"}]},{\"@type\":\"WebSite\",\"@id\":\"https:\\\/\\\/lasentinelle.dz\\\/#website\",\"url\":\"https:\\\/\\\/lasentinelle.dz\\\/\",\"name\":\"La Sentinelle\",\"description\":\"Quotidien national d&#039;information\",\"publisher\":{\"@id\":\"https:\\\/\\\/lasentinelle.dz\\\/#organization\"},\"potentialAction\":[{\"@type\":\"SearchAction\",\"target\":{\"@type\":\"EntryPoint\",\"urlTemplate\":\"https:\\\/\\\/lasentinelle.dz\\\/?s={search_term_string}\"},\"query-input\":{\"@type\":\"PropertyValueSpecification\",\"valueRequired\":true,\"valueName\":\"search_term_string\"}}],\"inLanguage\":\"fr-FR\"},{\"@type\":\"Organization\",\"@id\":\"https:\\\/\\\/lasentinelle.dz\\\/#organization\",\"name\":\"Quotidien La Sentinelle\",\"url\":\"https:\\\/\\\/lasentinelle.dz\\\/\",\"logo\":{\"@type\":\"ImageObject\",\"inLanguage\":\"fr-FR\",\"@id\":\"https:\\\/\\\/lasentinelle.dz\\\/#\\\/schema\\\/logo\\\/image\\\/\",\"url\":\"https:\\\/\\\/lasentinelle.dz\\\/wp-content\\\/uploads\\\/2021\\\/09\\\/logo-sentinelleSLOGAN-1.png\",\"contentUrl\":\"https:\\\/\\\/lasentinelle.dz\\\/wp-content\\\/uploads\\\/2021\\\/09\\\/logo-sentinelleSLOGAN-1.png\",\"width\":615,\"height\":142,\"caption\":\"Quotidien La Sentinelle\"},\"image\":{\"@id\":\"https:\\\/\\\/lasentinelle.dz\\\/#\\\/schema\\\/logo\\\/image\\\/\"},\"sameAs\":[\"https:\\\/\\\/www.facebook.com\\\/La-Sentinelle-104059864394773\"]},{\"@type\":\"Person\",\"@id\":\"https:\\\/\\\/lasentinelle.dz\\\/#\\\/schema\\\/person\\\/d865044e22e70a75174ce8bcad3acfb3\",\"name\":\"La Sentinelle\",\"image\":{\"@type\":\"ImageObject\",\"inLanguage\":\"fr-FR\",\"@id\":\"https:\\\/\\\/secure.gravatar.com\\\/avatar\\\/57de8e5d4b15d43fb361a71fbb36338450fe67865b528a43dd10ef7c51a20392?s=96&d=mm&r=g\",\"url\":\"https:\\\/\\\/secure.gravatar.com\\\/avatar\\\/57de8e5d4b15d43fb361a71fbb36338450fe67865b528a43dd10ef7c51a20392?s=96&d=mm&r=g\",\"contentUrl\":\"https:\\\/\\\/secure.gravatar.com\\\/avatar\\\/57de8e5d4b15d43fb361a71fbb36338450fe67865b528a43dd10ef7c51a20392?s=96&d=mm&r=g\",\"caption\":\"La Sentinelle\"},\"sameAs\":[\"http:\\\/\\\/www.lasentinelle.dz\"],\"url\":\"https:\\\/\\\/lasentinelle.dz\\\/author\\\/redaction\\\/\"}]}<\/script>\n<!-- \/ Yoast SEO plugin. -->","yoast_head_json":{"title":"Tebboune les points sur les \u00ab\u00a0I\u00a0\u00bb - La Sentinelle","robots":{"index":"index","follow":"follow","max-snippet":"max-snippet:-1","max-image-preview":"max-image-preview:large","max-video-preview":"max-video-preview:-1"},"canonical":"https:\/\/lasentinelle.dz\/index.php\/2024\/04\/01\/tebboune-les-points-sur-les-i\/","og_locale":"fr_FR","og_type":"article","og_title":"Tebboune les points sur les \u00ab\u00a0I\u00a0\u00bb - La Sentinelle","og_description":"Le pr\u00e9sident de la R\u00e9publique est revenu, lors d\u2019un entretien accord\u00e9 aux repr\u00e9sentants de m\u00e9dias nationaux, diffus\u00e9 samedi soir sur","og_url":"https:\/\/lasentinelle.dz\/index.php\/2024\/04\/01\/tebboune-les-points-sur-les-i\/","og_site_name":"La Sentinelle","article_publisher":"https:\/\/www.facebook.com\/La-Sentinelle-104059864394773","article_published_time":"2024-04-01T14:06:21+00:00","article_modified_time":"2024-04-01T14:06:27+00:00","og_image":[{"width":2048,"height":1366,"url":"https:\/\/lasentinelle.dz\/wp-content\/uploads\/2024\/04\/tebboune-Une-.jpeg","type":"image\/jpeg"}],"author":"La Sentinelle","twitter_card":"summary_large_image","twitter_misc":{"\u00c9crit par":"La Sentinelle","Dur\u00e9e de lecture estim\u00e9e":"5 minutes"},"schema":{"@context":"https:\/\/schema.org","@graph":[{"@type":"Article","@id":"https:\/\/lasentinelle.dz\/index.php\/2024\/04\/01\/tebboune-les-points-sur-les-i\/#article","isPartOf":{"@id":"https:\/\/lasentinelle.dz\/index.php\/2024\/04\/01\/tebboune-les-points-sur-les-i\/"},"author":{"name":"La Sentinelle","@id":"https:\/\/lasentinelle.dz\/#\/schema\/person\/d865044e22e70a75174ce8bcad3acfb3"},"headline":"Tebboune les points sur les \u00ab\u00a0I\u00a0\u00bb","datePublished":"2024-04-01T14:06:21+00:00","dateModified":"2024-04-01T14:06:27+00:00","mainEntityOfPage":{"@id":"https:\/\/lasentinelle.dz\/index.php\/2024\/04\/01\/tebboune-les-points-sur-les-i\/"},"wordCount":1084,"commentCount":0,"publisher":{"@id":"https:\/\/lasentinelle.dz\/#organization"},"image":{"@id":"https:\/\/lasentinelle.dz\/index.php\/2024\/04\/01\/tebboune-les-points-sur-les-i\/#primaryimage"},"thumbnailUrl":"https:\/\/lasentinelle.dz\/wp-content\/uploads\/2024\/04\/tebboune-Une-.jpeg","articleSection":["\u00c0 la Une","Actualit\u00e9"],"inLanguage":"fr-FR","potentialAction":[{"@type":"CommentAction","name":"Comment","target":["https:\/\/lasentinelle.dz\/index.php\/2024\/04\/01\/tebboune-les-points-sur-les-i\/#respond"]}]},{"@type":"WebPage","@id":"https:\/\/lasentinelle.dz\/index.php\/2024\/04\/01\/tebboune-les-points-sur-les-i\/","url":"https:\/\/lasentinelle.dz\/index.php\/2024\/04\/01\/tebboune-les-points-sur-les-i\/","name":"Tebboune les points sur les \u00ab\u00a0I\u00a0\u00bb - La Sentinelle","isPartOf":{"@id":"https:\/\/lasentinelle.dz\/#website"},"primaryImageOfPage":{"@id":"https:\/\/lasentinelle.dz\/index.php\/2024\/04\/01\/tebboune-les-points-sur-les-i\/#primaryimage"},"image":{"@id":"https:\/\/lasentinelle.dz\/index.php\/2024\/04\/01\/tebboune-les-points-sur-les-i\/#primaryimage"},"thumbnailUrl":"https:\/\/lasentinelle.dz\/wp-content\/uploads\/2024\/04\/tebboune-Une-.jpeg","datePublished":"2024-04-01T14:06:21+00:00","dateModified":"2024-04-01T14:06:27+00:00","breadcrumb":{"@id":"https:\/\/lasentinelle.dz\/index.php\/2024\/04\/01\/tebboune-les-points-sur-les-i\/#breadcrumb"},"inLanguage":"fr-FR","potentialAction":[{"@type":"ReadAction","target":["https:\/\/lasentinelle.dz\/index.php\/2024\/04\/01\/tebboune-les-points-sur-les-i\/"]}]},{"@type":"ImageObject","inLanguage":"fr-FR","@id":"https:\/\/lasentinelle.dz\/index.php\/2024\/04\/01\/tebboune-les-points-sur-les-i\/#primaryimage","url":"https:\/\/lasentinelle.dz\/wp-content\/uploads\/2024\/04\/tebboune-Une-.jpeg","contentUrl":"https:\/\/lasentinelle.dz\/wp-content\/uploads\/2024\/04\/tebboune-Une-.jpeg","width":2048,"height":1366},{"@type":"BreadcrumbList","@id":"https:\/\/lasentinelle.dz\/index.php\/2024\/04\/01\/tebboune-les-points-sur-les-i\/#breadcrumb","itemListElement":[{"@type":"ListItem","position":1,"name":"Accueil","item":"https:\/\/lasentinelle.dz\/"},{"@type":"ListItem","position":2,"name":"Tebboune les points sur les \u00ab\u00a0I\u00a0\u00bb"}]},{"@type":"WebSite","@id":"https:\/\/lasentinelle.dz\/#website","url":"https:\/\/lasentinelle.dz\/","name":"La Sentinelle","description":"Quotidien national d&#039;information","publisher":{"@id":"https:\/\/lasentinelle.dz\/#organization"},"potentialAction":[{"@type":"SearchAction","target":{"@type":"EntryPoint","urlTemplate":"https:\/\/lasentinelle.dz\/?s={search_term_string}"},"query-input":{"@type":"PropertyValueSpecification","valueRequired":true,"valueName":"search_term_string"}}],"inLanguage":"fr-FR"},{"@type":"Organization","@id":"https:\/\/lasentinelle.dz\/#organization","name":"Quotidien La Sentinelle","url":"https:\/\/lasentinelle.dz\/","logo":{"@type":"ImageObject","inLanguage":"fr-FR","@id":"https:\/\/lasentinelle.dz\/#\/schema\/logo\/image\/","url":"https:\/\/lasentinelle.dz\/wp-content\/uploads\/2021\/09\/logo-sentinelleSLOGAN-1.png","contentUrl":"https:\/\/lasentinelle.dz\/wp-content\/uploads\/2021\/09\/logo-sentinelleSLOGAN-1.png","width":615,"height":142,"caption":"Quotidien La Sentinelle"},"image":{"@id":"https:\/\/lasentinelle.dz\/#\/schema\/logo\/image\/"},"sameAs":["https:\/\/www.facebook.com\/La-Sentinelle-104059864394773"]},{"@type":"Person","@id":"https:\/\/lasentinelle.dz\/#\/schema\/person\/d865044e22e70a75174ce8bcad3acfb3","name":"La Sentinelle","image":{"@type":"ImageObject","inLanguage":"fr-FR","@id":"https:\/\/secure.gravatar.com\/avatar\/57de8e5d4b15d43fb361a71fbb36338450fe67865b528a43dd10ef7c51a20392?s=96&d=mm&r=g","url":"https:\/\/secure.gravatar.com\/avatar\/57de8e5d4b15d43fb361a71fbb36338450fe67865b528a43dd10ef7c51a20392?s=96&d=mm&r=g","contentUrl":"https:\/\/secure.gravatar.com\/avatar\/57de8e5d4b15d43fb361a71fbb36338450fe67865b528a43dd10ef7c51a20392?s=96&d=mm&r=g","caption":"La Sentinelle"},"sameAs":["http:\/\/www.lasentinelle.dz"],"url":"https:\/\/lasentinelle.dz\/author\/redaction\/"}]}},"_links":{"self":[{"href":"https:\/\/lasentinelle.dz\/index.php\/wp-json\/wp\/v2\/posts\/50878","targetHints":{"allow":["GET"]}}],"collection":[{"href":"https:\/\/lasentinelle.dz\/index.php\/wp-json\/wp\/v2\/posts"}],"about":[{"href":"https:\/\/lasentinelle.dz\/index.php\/wp-json\/wp\/v2\/types\/post"}],"author":[{"embeddable":true,"href":"https:\/\/lasentinelle.dz\/index.php\/wp-json\/wp\/v2\/users\/3"}],"replies":[{"embeddable":true,"href":"https:\/\/lasentinelle.dz\/index.php\/wp-json\/wp\/v2\/comments?post=50878"}],"version-history":[{"count":1,"href":"https:\/\/lasentinelle.dz\/index.php\/wp-json\/wp\/v2\/posts\/50878\/revisions"}],"predecessor-version":[{"id":50880,"href":"https:\/\/lasentinelle.dz\/index.php\/wp-json\/wp\/v2\/posts\/50878\/revisions\/50880"}],"wp:featuredmedia":[{"embeddable":true,"href":"https:\/\/lasentinelle.dz\/index.php\/wp-json\/wp\/v2\/media\/50879"}],"wp:attachment":[{"href":"https:\/\/lasentinelle.dz\/index.php\/wp-json\/wp\/v2\/media?parent=50878"}],"wp:term":[{"taxonomy":"category","embeddable":true,"href":"https:\/\/lasentinelle.dz\/index.php\/wp-json\/wp\/v2\/categories?post=50878"},{"taxonomy":"post_tag","embeddable":true,"href":"https:\/\/lasentinelle.dz\/index.php\/wp-json\/wp\/v2\/tags?post=50878"}],"curies":[{"name":"wp","href":"https:\/\/api.w.org\/{rel}","templated":true}]}}