{"id":50888,"date":"2024-04-02T13:49:09","date_gmt":"2024-04-02T12:49:09","guid":{"rendered":"https:\/\/lasentinelle.dz\/?p=50888"},"modified":"2024-04-02T13:49:14","modified_gmt":"2024-04-02T12:49:14","slug":"turquie-victoire-de-lopposition-aux-municipales","status":"publish","type":"post","link":"https:\/\/lasentinelle.dz\/index.php\/2024\/04\/02\/turquie-victoire-de-lopposition-aux-municipales\/","title":{"rendered":"Turquie\u00a0: Victoire de l\u2019opposition aux municipales"},"content":{"rendered":"\n<p>Le pr\u00e9sident turc Recep Tayyip Erdogan a conc\u00e9d\u00e9 dimanche la victoire de l&rsquo;opposition aux \u00e9lections municipales, qui constituent selon lui un \u00ab\u00a0tournant\u00a0\u00bb pour son camp, au pouvoir depuis 2002. Le d\u00e9pouillement de pr\u00e8s de 99% des urnes \u00e0 l&rsquo;\u00e9chelle nationale confirme que l&rsquo;opposition turque a inflig\u00e9 au parti AKP du chef de l&rsquo;Etat sa pire d\u00e9b\u00e2cle \u00e9lectorale en deux d\u00e9cennies. Le principal parti de l&rsquo;opposition, le CHP (social-d\u00e9mocrate), a revendiqu\u00e9 sa victoire \u00e0 Istanbul et Ankara, les deux plus grandes villes de Turquie et rafl\u00e9 de nombreuses autres, comme Bursa, grosse ville industrielle du nord-ouest acquise \u00e0 l&rsquo;AKP depuis 2004. Selon les r\u00e9sultats pr\u00e9liminaires, le Parti r\u00e9publicain du peuple (CHP), le principal parti d&rsquo;opposition turc, \u00e9tait en t\u00eate des \u00e9lections municipales&nbsp; dans plusieurs villes cl\u00e9 du pays, dont Istanbul et Ankara, la capitale, a rapport\u00e9 la cha\u00eene locale NTV. &nbsp;Le pr\u00e9sident du Conseil \u00e9lectoral supr\u00eame turc, Ahmet Yener, a d\u00e9clar\u00e9 que 51,2% des votes totaux avaient pour le moment \u00e9t\u00e9 compt\u00e9s, et que le d\u00e9compte \u00e9tait toujours en cours en fin de soir\u00e9e, dimanche.&nbsp;&nbsp; &nbsp;Apr\u00e8s le d\u00e9pouillement de 79% des urnes \u00e0 Istanbul, le maire sortant Ekrem Imamoglu, qui repr\u00e9sente le CHP, a recueilli 50,53% des voix, tandis que Murat Kurum, le candidat du Parti de la justice et du d\u00e9veloppement (AKP), le parti au pouvoir, en a obtenu 40,72%. Le pr\u00e9sident turc Recep Tayyip Erdogan s&rsquo;est f\u00e9licit\u00e9 du \u00ab\u00a0bon d\u00e9roulement\u00a0\u00bb des \u00e9lections locales dimanche en Turquie, affirmant que \u00ab\u00a0le grand vainqueur de ce scrutin \u00e9tait la d\u00e9mocratie\u00a0\u00bb. \u00ab\u00a0Quels que soient les r\u00e9sultats, le vainqueur de ces \u00e9lections est notre d\u00e9mocratie et notre volont\u00e9 nationale\u00a0\u00bb, a ajout\u00e9 Erdogan. &nbsp;Depuis le si\u00e8ge de son parti \u00e0 Ankara et devant une foule abattue, inhabituellement silencieuse, le pr\u00e9sident turc a promis de \u00ab\u00a0respecter la d\u00e9cision de la Nation\u00a0\u00bb. Le pr\u00e9sident Erdogan, \u00e2g\u00e9 de 70 ans, dont 21 au pouvoir, avait jet\u00e9 tout son poids dans la campagne, en particulier \u00e0 Istanbul, le \u00ab\u00a0joyau\u00a0\u00bb du pays, sa capitale \u00e9conomique et culturelle dont il fut le maire dans les ann\u00e9es 1990 et qui a bascul\u00e9 dans l&rsquo;opposition en 2019. Mais l&rsquo;engagement du chef de l&rsquo;Etat, qui a annonc\u00e9 d\u00e9but mars que ces \u00e9lections \u00e9taient \u00ab\u00a0ses derni\u00e8res\u00a0\u00bb, n&rsquo;a pas suffi. Les candidats de l&rsquo;AKP se sont toutefois maintenus en t\u00eate dans plusieurs grandes villes d&rsquo;Anatolie (Konya, Kayseri, Erzurum) et de la mer Noire (Rize, Trabzon), bastions du pr\u00e9sident Erdogan, tandis que le parti pro-kurde DEM s&rsquo;assurait une confortable avance dans plusieurs grandes villes du sud-est \u00e0 majorit\u00e9 kurde, dont Diyarbakir, la capitale informelle des Kurdes de Turquie.<\/p>\n\n\n\n<p>R.I. et agences<\/p>\n","protected":false},"excerpt":{"rendered":"<p>Le pr\u00e9sident turc Recep Tayyip Erdogan a conc\u00e9d\u00e9 dimanche la victoire de l&rsquo;opposition aux \u00e9lections municipales, qui constituent selon lui<\/p>\n","protected":false},"author":3,"featured_media":50889,"comment_status":"open","ping_status":"closed","sticky":false,"template":"","format":"standard","meta":{"colormag_page_container_layout":"default_layout","colormag_page_sidebar_layout":"default_layout","om_disable_all_campaigns":false,"_monsterinsights_skip_tracking":false,"_monsterinsights_sitenote_active":false,"_monsterinsights_sitenote_note":"","_monsterinsights_sitenote_category":0,"footnotes":"","_wpscppro_dont_share_socialmedia":false,"_wpscppro_custom_social_share_image":0,"_facebook_share_type":"","_twitter_share_type":"","_linkedin_share_type":"","_pinterest_share_type":"","_linkedin_share_type_page":"","_instagram_share_type":"","_medium_share_type":"","_threads_share_type":"","_google_business_share_type":"","_selected_social_profile":[],"_wpsp_enable_custom_social_template":false,"_wpsp_social_scheduling":{"enabled":false,"datetime":null,"platforms":[],"status":"template_only","dateOption":"today","timeOption":"now","customDays":"","customHours":"","customDate":"","customTime":"","schedulingType":"absolute"},"_wpsp_active_default_template":true},"categories":[37],"tags":[],"class_list":["post-50888","post","type-post","status-publish","format-standard","has-post-thumbnail","hentry","category-monde"],"aioseo_notices":[],"yoast_head":"<!-- This site is optimized with the Yoast SEO plugin v27.5 - https:\/\/yoast.com\/product\/yoast-seo-wordpress\/ -->\n<title>Turquie\u00a0: Victoire de l\u2019opposition aux municipales - La Sentinelle<\/title>\n<meta name=\"robots\" content=\"index, follow, max-snippet:-1, max-image-preview:large, max-video-preview:-1\" \/>\n<link rel=\"canonical\" href=\"https:\/\/lasentinelle.dz\/index.php\/2024\/04\/02\/turquie-victoire-de-lopposition-aux-municipales\/\" \/>\n<meta property=\"og:locale\" content=\"fr_FR\" \/>\n<meta property=\"og:type\" content=\"article\" \/>\n<meta property=\"og:title\" content=\"Turquie\u00a0: Victoire de l\u2019opposition aux municipales - La Sentinelle\" \/>\n<meta property=\"og:description\" content=\"Le pr\u00e9sident turc Recep Tayyip Erdogan a conc\u00e9d\u00e9 dimanche la victoire de l&rsquo;opposition aux \u00e9lections municipales, qui constituent selon lui\" \/>\n<meta property=\"og:url\" content=\"https:\/\/lasentinelle.dz\/index.php\/2024\/04\/02\/turquie-victoire-de-lopposition-aux-municipales\/\" \/>\n<meta property=\"og:site_name\" content=\"La Sentinelle\" \/>\n<meta property=\"article:publisher\" content=\"https:\/\/www.facebook.com\/La-Sentinelle-104059864394773\" \/>\n<meta property=\"article:published_time\" content=\"2024-04-02T12:49:09+00:00\" \/>\n<meta property=\"article:modified_time\" content=\"2024-04-02T12:49:14+00:00\" \/>\n<meta property=\"og:image\" content=\"https:\/\/lasentinelle.dz\/wp-content\/uploads\/2024\/04\/turquie.jpeg\" \/>\n\t<meta property=\"og:image:width\" content=\"980\" \/>\n\t<meta property=\"og:image:height\" content=\"551\" \/>\n\t<meta property=\"og:image:type\" content=\"image\/jpeg\" \/>\n<meta name=\"author\" content=\"La Sentinelle\" \/>\n<meta name=\"twitter:card\" content=\"summary_large_image\" \/>\n<meta name=\"twitter:label1\" content=\"\u00c9crit par\" \/>\n\t<meta name=\"twitter:data1\" content=\"La Sentinelle\" \/>\n\t<meta name=\"twitter:label2\" content=\"Dur\u00e9e de lecture estim\u00e9e\" \/>\n\t<meta name=\"twitter:data2\" content=\"3 minutes\" \/>\n<script type=\"application\/ld+json\" class=\"yoast-schema-graph\">{\"@context\":\"https:\\\/\\\/schema.org\",\"@graph\":[{\"@type\":\"Article\",\"@id\":\"https:\\\/\\\/lasentinelle.dz\\\/index.php\\\/2024\\\/04\\\/02\\\/turquie-victoire-de-lopposition-aux-municipales\\\/#article\",\"isPartOf\":{\"@id\":\"https:\\\/\\\/lasentinelle.dz\\\/index.php\\\/2024\\\/04\\\/02\\\/turquie-victoire-de-lopposition-aux-municipales\\\/\"},\"author\":{\"name\":\"La Sentinelle\",\"@id\":\"https:\\\/\\\/lasentinelle.dz\\\/#\\\/schema\\\/person\\\/d865044e22e70a75174ce8bcad3acfb3\"},\"headline\":\"Turquie\u00a0: Victoire de l\u2019opposition aux municipales\",\"datePublished\":\"2024-04-02T12:49:09+00:00\",\"dateModified\":\"2024-04-02T12:49:14+00:00\",\"mainEntityOfPage\":{\"@id\":\"https:\\\/\\\/lasentinelle.dz\\\/index.php\\\/2024\\\/04\\\/02\\\/turquie-victoire-de-lopposition-aux-municipales\\\/\"},\"wordCount\":473,\"commentCount\":0,\"publisher\":{\"@id\":\"https:\\\/\\\/lasentinelle.dz\\\/#organization\"},\"image\":{\"@id\":\"https:\\\/\\\/lasentinelle.dz\\\/index.php\\\/2024\\\/04\\\/02\\\/turquie-victoire-de-lopposition-aux-municipales\\\/#primaryimage\"},\"thumbnailUrl\":\"https:\\\/\\\/lasentinelle.dz\\\/wp-content\\\/uploads\\\/2024\\\/04\\\/turquie.jpeg\",\"articleSection\":[\"Monde\"],\"inLanguage\":\"fr-FR\",\"potentialAction\":[{\"@type\":\"CommentAction\",\"name\":\"Comment\",\"target\":[\"https:\\\/\\\/lasentinelle.dz\\\/index.php\\\/2024\\\/04\\\/02\\\/turquie-victoire-de-lopposition-aux-municipales\\\/#respond\"]}]},{\"@type\":\"WebPage\",\"@id\":\"https:\\\/\\\/lasentinelle.dz\\\/index.php\\\/2024\\\/04\\\/02\\\/turquie-victoire-de-lopposition-aux-municipales\\\/\",\"url\":\"https:\\\/\\\/lasentinelle.dz\\\/index.php\\\/2024\\\/04\\\/02\\\/turquie-victoire-de-lopposition-aux-municipales\\\/\",\"name\":\"Turquie\u00a0: Victoire de l\u2019opposition aux municipales - La Sentinelle\",\"isPartOf\":{\"@id\":\"https:\\\/\\\/lasentinelle.dz\\\/#website\"},\"primaryImageOfPage\":{\"@id\":\"https:\\\/\\\/lasentinelle.dz\\\/index.php\\\/2024\\\/04\\\/02\\\/turquie-victoire-de-lopposition-aux-municipales\\\/#primaryimage\"},\"image\":{\"@id\":\"https:\\\/\\\/lasentinelle.dz\\\/index.php\\\/2024\\\/04\\\/02\\\/turquie-victoire-de-lopposition-aux-municipales\\\/#primaryimage\"},\"thumbnailUrl\":\"https:\\\/\\\/lasentinelle.dz\\\/wp-content\\\/uploads\\\/2024\\\/04\\\/turquie.jpeg\",\"datePublished\":\"2024-04-02T12:49:09+00:00\",\"dateModified\":\"2024-04-02T12:49:14+00:00\",\"breadcrumb\":{\"@id\":\"https:\\\/\\\/lasentinelle.dz\\\/index.php\\\/2024\\\/04\\\/02\\\/turquie-victoire-de-lopposition-aux-municipales\\\/#breadcrumb\"},\"inLanguage\":\"fr-FR\",\"potentialAction\":[{\"@type\":\"ReadAction\",\"target\":[\"https:\\\/\\\/lasentinelle.dz\\\/index.php\\\/2024\\\/04\\\/02\\\/turquie-victoire-de-lopposition-aux-municipales\\\/\"]}]},{\"@type\":\"ImageObject\",\"inLanguage\":\"fr-FR\",\"@id\":\"https:\\\/\\\/lasentinelle.dz\\\/index.php\\\/2024\\\/04\\\/02\\\/turquie-victoire-de-lopposition-aux-municipales\\\/#primaryimage\",\"url\":\"https:\\\/\\\/lasentinelle.dz\\\/wp-content\\\/uploads\\\/2024\\\/04\\\/turquie.jpeg\",\"contentUrl\":\"https:\\\/\\\/lasentinelle.dz\\\/wp-content\\\/uploads\\\/2024\\\/04\\\/turquie.jpeg\",\"width\":980,\"height\":551},{\"@type\":\"BreadcrumbList\",\"@id\":\"https:\\\/\\\/lasentinelle.dz\\\/index.php\\\/2024\\\/04\\\/02\\\/turquie-victoire-de-lopposition-aux-municipales\\\/#breadcrumb\",\"itemListElement\":[{\"@type\":\"ListItem\",\"position\":1,\"name\":\"Accueil\",\"item\":\"https:\\\/\\\/lasentinelle.dz\\\/\"},{\"@type\":\"ListItem\",\"position\":2,\"name\":\"Turquie\u00a0: Victoire de l\u2019opposition aux municipales\"}]},{\"@type\":\"WebSite\",\"@id\":\"https:\\\/\\\/lasentinelle.dz\\\/#website\",\"url\":\"https:\\\/\\\/lasentinelle.dz\\\/\",\"name\":\"La Sentinelle\",\"description\":\"Quotidien national d&#039;information\",\"publisher\":{\"@id\":\"https:\\\/\\\/lasentinelle.dz\\\/#organization\"},\"potentialAction\":[{\"@type\":\"SearchAction\",\"target\":{\"@type\":\"EntryPoint\",\"urlTemplate\":\"https:\\\/\\\/lasentinelle.dz\\\/?s={search_term_string}\"},\"query-input\":{\"@type\":\"PropertyValueSpecification\",\"valueRequired\":true,\"valueName\":\"search_term_string\"}}],\"inLanguage\":\"fr-FR\"},{\"@type\":\"Organization\",\"@id\":\"https:\\\/\\\/lasentinelle.dz\\\/#organization\",\"name\":\"Quotidien La Sentinelle\",\"url\":\"https:\\\/\\\/lasentinelle.dz\\\/\",\"logo\":{\"@type\":\"ImageObject\",\"inLanguage\":\"fr-FR\",\"@id\":\"https:\\\/\\\/lasentinelle.dz\\\/#\\\/schema\\\/logo\\\/image\\\/\",\"url\":\"https:\\\/\\\/lasentinelle.dz\\\/wp-content\\\/uploads\\\/2021\\\/09\\\/logo-sentinelleSLOGAN-1.png\",\"contentUrl\":\"https:\\\/\\\/lasentinelle.dz\\\/wp-content\\\/uploads\\\/2021\\\/09\\\/logo-sentinelleSLOGAN-1.png\",\"width\":615,\"height\":142,\"caption\":\"Quotidien La Sentinelle\"},\"image\":{\"@id\":\"https:\\\/\\\/lasentinelle.dz\\\/#\\\/schema\\\/logo\\\/image\\\/\"},\"sameAs\":[\"https:\\\/\\\/www.facebook.com\\\/La-Sentinelle-104059864394773\"]},{\"@type\":\"Person\",\"@id\":\"https:\\\/\\\/lasentinelle.dz\\\/#\\\/schema\\\/person\\\/d865044e22e70a75174ce8bcad3acfb3\",\"name\":\"La Sentinelle\",\"image\":{\"@type\":\"ImageObject\",\"inLanguage\":\"fr-FR\",\"@id\":\"https:\\\/\\\/secure.gravatar.com\\\/avatar\\\/57de8e5d4b15d43fb361a71fbb36338450fe67865b528a43dd10ef7c51a20392?s=96&d=mm&r=g\",\"url\":\"https:\\\/\\\/secure.gravatar.com\\\/avatar\\\/57de8e5d4b15d43fb361a71fbb36338450fe67865b528a43dd10ef7c51a20392?s=96&d=mm&r=g\",\"contentUrl\":\"https:\\\/\\\/secure.gravatar.com\\\/avatar\\\/57de8e5d4b15d43fb361a71fbb36338450fe67865b528a43dd10ef7c51a20392?s=96&d=mm&r=g\",\"caption\":\"La Sentinelle\"},\"sameAs\":[\"http:\\\/\\\/www.lasentinelle.dz\"],\"url\":\"https:\\\/\\\/lasentinelle.dz\\\/author\\\/redaction\\\/\"}]}<\/script>\n<!-- \/ Yoast SEO plugin. -->","yoast_head_json":{"title":"Turquie\u00a0: Victoire de l\u2019opposition aux municipales - La Sentinelle","robots":{"index":"index","follow":"follow","max-snippet":"max-snippet:-1","max-image-preview":"max-image-preview:large","max-video-preview":"max-video-preview:-1"},"canonical":"https:\/\/lasentinelle.dz\/index.php\/2024\/04\/02\/turquie-victoire-de-lopposition-aux-municipales\/","og_locale":"fr_FR","og_type":"article","og_title":"Turquie\u00a0: Victoire de l\u2019opposition aux municipales - La Sentinelle","og_description":"Le pr\u00e9sident turc Recep Tayyip Erdogan a conc\u00e9d\u00e9 dimanche la victoire de l&rsquo;opposition aux \u00e9lections municipales, qui constituent selon lui","og_url":"https:\/\/lasentinelle.dz\/index.php\/2024\/04\/02\/turquie-victoire-de-lopposition-aux-municipales\/","og_site_name":"La Sentinelle","article_publisher":"https:\/\/www.facebook.com\/La-Sentinelle-104059864394773","article_published_time":"2024-04-02T12:49:09+00:00","article_modified_time":"2024-04-02T12:49:14+00:00","og_image":[{"width":980,"height":551,"url":"https:\/\/lasentinelle.dz\/wp-content\/uploads\/2024\/04\/turquie.jpeg","type":"image\/jpeg"}],"author":"La Sentinelle","twitter_card":"summary_large_image","twitter_misc":{"\u00c9crit par":"La Sentinelle","Dur\u00e9e de lecture estim\u00e9e":"3 minutes"},"schema":{"@context":"https:\/\/schema.org","@graph":[{"@type":"Article","@id":"https:\/\/lasentinelle.dz\/index.php\/2024\/04\/02\/turquie-victoire-de-lopposition-aux-municipales\/#article","isPartOf":{"@id":"https:\/\/lasentinelle.dz\/index.php\/2024\/04\/02\/turquie-victoire-de-lopposition-aux-municipales\/"},"author":{"name":"La Sentinelle","@id":"https:\/\/lasentinelle.dz\/#\/schema\/person\/d865044e22e70a75174ce8bcad3acfb3"},"headline":"Turquie\u00a0: Victoire de l\u2019opposition aux municipales","datePublished":"2024-04-02T12:49:09+00:00","dateModified":"2024-04-02T12:49:14+00:00","mainEntityOfPage":{"@id":"https:\/\/lasentinelle.dz\/index.php\/2024\/04\/02\/turquie-victoire-de-lopposition-aux-municipales\/"},"wordCount":473,"commentCount":0,"publisher":{"@id":"https:\/\/lasentinelle.dz\/#organization"},"image":{"@id":"https:\/\/lasentinelle.dz\/index.php\/2024\/04\/02\/turquie-victoire-de-lopposition-aux-municipales\/#primaryimage"},"thumbnailUrl":"https:\/\/lasentinelle.dz\/wp-content\/uploads\/2024\/04\/turquie.jpeg","articleSection":["Monde"],"inLanguage":"fr-FR","potentialAction":[{"@type":"CommentAction","name":"Comment","target":["https:\/\/lasentinelle.dz\/index.php\/2024\/04\/02\/turquie-victoire-de-lopposition-aux-municipales\/#respond"]}]},{"@type":"WebPage","@id":"https:\/\/lasentinelle.dz\/index.php\/2024\/04\/02\/turquie-victoire-de-lopposition-aux-municipales\/","url":"https:\/\/lasentinelle.dz\/index.php\/2024\/04\/02\/turquie-victoire-de-lopposition-aux-municipales\/","name":"Turquie\u00a0: Victoire de l\u2019opposition aux municipales - La Sentinelle","isPartOf":{"@id":"https:\/\/lasentinelle.dz\/#website"},"primaryImageOfPage":{"@id":"https:\/\/lasentinelle.dz\/index.php\/2024\/04\/02\/turquie-victoire-de-lopposition-aux-municipales\/#primaryimage"},"image":{"@id":"https:\/\/lasentinelle.dz\/index.php\/2024\/04\/02\/turquie-victoire-de-lopposition-aux-municipales\/#primaryimage"},"thumbnailUrl":"https:\/\/lasentinelle.dz\/wp-content\/uploads\/2024\/04\/turquie.jpeg","datePublished":"2024-04-02T12:49:09+00:00","dateModified":"2024-04-02T12:49:14+00:00","breadcrumb":{"@id":"https:\/\/lasentinelle.dz\/index.php\/2024\/04\/02\/turquie-victoire-de-lopposition-aux-municipales\/#breadcrumb"},"inLanguage":"fr-FR","potentialAction":[{"@type":"ReadAction","target":["https:\/\/lasentinelle.dz\/index.php\/2024\/04\/02\/turquie-victoire-de-lopposition-aux-municipales\/"]}]},{"@type":"ImageObject","inLanguage":"fr-FR","@id":"https:\/\/lasentinelle.dz\/index.php\/2024\/04\/02\/turquie-victoire-de-lopposition-aux-municipales\/#primaryimage","url":"https:\/\/lasentinelle.dz\/wp-content\/uploads\/2024\/04\/turquie.jpeg","contentUrl":"https:\/\/lasentinelle.dz\/wp-content\/uploads\/2024\/04\/turquie.jpeg","width":980,"height":551},{"@type":"BreadcrumbList","@id":"https:\/\/lasentinelle.dz\/index.php\/2024\/04\/02\/turquie-victoire-de-lopposition-aux-municipales\/#breadcrumb","itemListElement":[{"@type":"ListItem","position":1,"name":"Accueil","item":"https:\/\/lasentinelle.dz\/"},{"@type":"ListItem","position":2,"name":"Turquie\u00a0: Victoire de l\u2019opposition aux municipales"}]},{"@type":"WebSite","@id":"https:\/\/lasentinelle.dz\/#website","url":"https:\/\/lasentinelle.dz\/","name":"La Sentinelle","description":"Quotidien national d&#039;information","publisher":{"@id":"https:\/\/lasentinelle.dz\/#organization"},"potentialAction":[{"@type":"SearchAction","target":{"@type":"EntryPoint","urlTemplate":"https:\/\/lasentinelle.dz\/?s={search_term_string}"},"query-input":{"@type":"PropertyValueSpecification","valueRequired":true,"valueName":"search_term_string"}}],"inLanguage":"fr-FR"},{"@type":"Organization","@id":"https:\/\/lasentinelle.dz\/#organization","name":"Quotidien La Sentinelle","url":"https:\/\/lasentinelle.dz\/","logo":{"@type":"ImageObject","inLanguage":"fr-FR","@id":"https:\/\/lasentinelle.dz\/#\/schema\/logo\/image\/","url":"https:\/\/lasentinelle.dz\/wp-content\/uploads\/2021\/09\/logo-sentinelleSLOGAN-1.png","contentUrl":"https:\/\/lasentinelle.dz\/wp-content\/uploads\/2021\/09\/logo-sentinelleSLOGAN-1.png","width":615,"height":142,"caption":"Quotidien La Sentinelle"},"image":{"@id":"https:\/\/lasentinelle.dz\/#\/schema\/logo\/image\/"},"sameAs":["https:\/\/www.facebook.com\/La-Sentinelle-104059864394773"]},{"@type":"Person","@id":"https:\/\/lasentinelle.dz\/#\/schema\/person\/d865044e22e70a75174ce8bcad3acfb3","name":"La Sentinelle","image":{"@type":"ImageObject","inLanguage":"fr-FR","@id":"https:\/\/secure.gravatar.com\/avatar\/57de8e5d4b15d43fb361a71fbb36338450fe67865b528a43dd10ef7c51a20392?s=96&d=mm&r=g","url":"https:\/\/secure.gravatar.com\/avatar\/57de8e5d4b15d43fb361a71fbb36338450fe67865b528a43dd10ef7c51a20392?s=96&d=mm&r=g","contentUrl":"https:\/\/secure.gravatar.com\/avatar\/57de8e5d4b15d43fb361a71fbb36338450fe67865b528a43dd10ef7c51a20392?s=96&d=mm&r=g","caption":"La Sentinelle"},"sameAs":["http:\/\/www.lasentinelle.dz"],"url":"https:\/\/lasentinelle.dz\/author\/redaction\/"}]}},"_links":{"self":[{"href":"https:\/\/lasentinelle.dz\/index.php\/wp-json\/wp\/v2\/posts\/50888","targetHints":{"allow":["GET"]}}],"collection":[{"href":"https:\/\/lasentinelle.dz\/index.php\/wp-json\/wp\/v2\/posts"}],"about":[{"href":"https:\/\/lasentinelle.dz\/index.php\/wp-json\/wp\/v2\/types\/post"}],"author":[{"embeddable":true,"href":"https:\/\/lasentinelle.dz\/index.php\/wp-json\/wp\/v2\/users\/3"}],"replies":[{"embeddable":true,"href":"https:\/\/lasentinelle.dz\/index.php\/wp-json\/wp\/v2\/comments?post=50888"}],"version-history":[{"count":1,"href":"https:\/\/lasentinelle.dz\/index.php\/wp-json\/wp\/v2\/posts\/50888\/revisions"}],"predecessor-version":[{"id":50890,"href":"https:\/\/lasentinelle.dz\/index.php\/wp-json\/wp\/v2\/posts\/50888\/revisions\/50890"}],"wp:featuredmedia":[{"embeddable":true,"href":"https:\/\/lasentinelle.dz\/index.php\/wp-json\/wp\/v2\/media\/50889"}],"wp:attachment":[{"href":"https:\/\/lasentinelle.dz\/index.php\/wp-json\/wp\/v2\/media?parent=50888"}],"wp:term":[{"taxonomy":"category","embeddable":true,"href":"https:\/\/lasentinelle.dz\/index.php\/wp-json\/wp\/v2\/categories?post=50888"},{"taxonomy":"post_tag","embeddable":true,"href":"https:\/\/lasentinelle.dz\/index.php\/wp-json\/wp\/v2\/tags?post=50888"}],"curies":[{"name":"wp","href":"https:\/\/api.w.org\/{rel}","templated":true}]}}