{"id":50891,"date":"2024-04-02T13:57:39","date_gmt":"2024-04-02T12:57:39","guid":{"rendered":"https:\/\/lasentinelle.dz\/?p=50891"},"modified":"2024-04-02T13:57:42","modified_gmt":"2024-04-02T12:57:42","slug":"sahara-occidental-soutien-a-lorganisation-dun-referendum-dautodetermination","status":"publish","type":"post","link":"https:\/\/lasentinelle.dz\/index.php\/2024\/04\/02\/sahara-occidental-soutien-a-lorganisation-dun-referendum-dautodetermination\/","title":{"rendered":"Sahara occidental\u00a0: Soutien \u00e0 l&rsquo;organisation d&rsquo;un r\u00e9f\u00e9rendum d&rsquo;autod\u00e9termination"},"content":{"rendered":"\n<p>Le parti politique espagnol Podemos a r\u00e9affirm\u00e9 son soutien aux efforts de l&rsquo;ONU pour l&rsquo;organisation d&rsquo;un r\u00e9f\u00e9rendum d&rsquo;autod\u00e9termination au Sahara occidental, exprimant le rejet de l&rsquo;id\u00e9e du Parti socialiste (PSOE) de se plier aux int\u00e9r\u00eats d&rsquo;autres pays.<\/p>\n\n\n\n<p>Des d\u00e9put\u00e9es du Parlement basque et membres du parti Podemos, Leticia Jim\u00e9nez, Isa Gonzalez et Miren Gorrotxategi ainsi que la porte-parole de la mairie de Vitoria-Gasteiz, Garbine Ruiz, ont rencontr\u00e9 r\u00e9cemment des repr\u00e9sentants des associations sahraouies au Pays basque, \u00e0 Vitoria-Gasteiz, capitale de la province d&rsquo;Alava. Lors de cette rencontre, Mme Gorrotxategi a qualifi\u00e9 d'\u00a0\u00bbinadmissible\u00a0\u00bb ce que le gouvernement espagnol fait, en donnant la priorit\u00e9 aux int\u00e9r\u00eats de la monarchie marocaine, \u00ab\u00a0trahissant ainsi le peuple sahraoui qui est utilis\u00e9 comme monnaie d&rsquo;\u00e9change\u00a0\u00bb, indique un communiqu\u00e9 de Podemos. \u00ab\u00a0Nous soutenons la position de l&rsquo;ONU qui reconna\u00eet le droit \u00e0 l&rsquo;autod\u00e9termination du peuple sahraoui. Et nous, parti de gauche, ne changeons jamais nos id\u00e9aux. Que nous soyons dans l\u2019opposition ou que nous soyons au gouvernement\u00a0\u00bb, a-t-elle insist\u00e9. \u00ab\u00a0Pour nous, mener une politique de gauche signifie placer nos convictions de solidarit\u00e9, de droit et de paix au-dessus d&rsquo;int\u00e9r\u00eats fallacieux\u00a0\u00bb, a encore ajout\u00e9 Miren Gorrotxategi. De son c\u00f4t\u00e9, Bibenno Mohamed Fadel, de l&rsquo;association Filles de Saguia el-Hamra et du Rio de Oro, a dit \u00ab\u00a0appr\u00e9cier grandement\u00a0\u00bb l&rsquo;invitation de Podemos afin de rendre plus visible la cause sahraouie, soulignant que \u00ab\u00a0le peuple sahraoui est priv\u00e9 de ses terres depuis 49 ans, occup\u00e9es ill\u00e9galement par le Maroc, dont nous continuons \u00e0 subir les cons\u00e9quences\u00a0\u00bb. \u00ab\u00a0Plus de 9 millions de mines antipersonnel divisent notre territoire, o\u00f9 ceux qui ont \u00e9t\u00e9 pris au pi\u00e8ge sous le joug colonial marocain continuent de subir des viols, des extorsions, des emprisonnements et des ex\u00e9cutions\u00a0\u00bb, a-t-il fait savoir. En France, le magazine l&rsquo;Humanit\u00e9 a consacr\u00e9, dans son \u00e9dition du 28 mars au 3 avril, un long reportage au quotidien des r\u00e9fugi\u00e9s sahraouis, contraints \u00e0 l&rsquo;exil depuis le d\u00e9but de l&rsquo;occupation marocaine du Sahara occidental en 1975. Paru sous le titre \u00ab\u00a0R\u00e9fugi\u00e9s sahraouis, trois g\u00e9n\u00e9rations dans l&rsquo;exil et la lutte\u00a0\u00bb, l&rsquo;Humanit\u00e9 magazine revient, tout au long de son reportage r\u00e9parti sur six pages, sur la r\u00e9sistance, la r\u00e9silience et le d\u00e9termination in\u00e9branlable du peule sahraoui qui lutte pour son ind\u00e9pendance. Les auteurs du reportage, Rosa Moussaoui et Serge Orain, ont recueilli plusieurs t\u00e9moignages qui racontent, entre autres, l&rsquo;exil, les disparitions d&rsquo;enfants et la reprise de la guerre entre le Maroc et le Front Polisario suite \u00e0 la rupture du cessez-le-feu par Rabat en novembre 2020Les auteurs du reportage ont indiqu\u00e9 que \u00ab\u00a0la monarchie marocaine a achet\u00e9 une centaine de drones isra\u00e9liens au lendemain de l&rsquo;accord de normalisation sign\u00e9 entre (le Maroc et l&rsquo;entit\u00e9 sioniste) et parrain\u00e9 par Washington, au mois de d\u00e9cembre 2020\u00a0\u00bb. Le reportage a, en outre, retrac\u00e9 la vie de l&rsquo;artiste Yslem qui sillonne l&rsquo;Europe et l&rsquo;Am\u00e9rique latine pour notamment y donner des concerts et raconter la lutte des siens dans les territoires occup\u00e9s o\u00f9 la r\u00e9pression marocaine \u00e9trangle jusqu&rsquo;\u00e0 l&rsquo;expression artistique. Enfin, l&rsquo;Humanit\u00e9 a consacr\u00e9 un article \u00ab\u00a0m\u00e9moire\u00a0\u00bb paru sous le titre, \u00ab\u00a0Le Vietnamien et le Sahraoui\u00a0\u00bb qui revient sur la rencontre en 1976 \u00e0 Alger entre El Ouali Moustapha Sayed, visage de la lutte d&rsquo;ind\u00e9pendance du peuple sahraoui, et le g\u00e9n\u00e9ral Giap, h\u00e9ros de la r\u00e9volution anticolonialiste.<\/p>\n\n\n\n<p>R.I.<\/p>\n","protected":false},"excerpt":{"rendered":"<p>Le parti politique espagnol Podemos a r\u00e9affirm\u00e9 son soutien aux efforts de l&rsquo;ONU pour l&rsquo;organisation d&rsquo;un r\u00e9f\u00e9rendum d&rsquo;autod\u00e9termination au Sahara<\/p>\n","protected":false},"author":3,"featured_media":47913,"comment_status":"open","ping_status":"closed","sticky":false,"template":"","format":"standard","meta":{"colormag_page_container_layout":"default_layout","colormag_page_sidebar_layout":"default_layout","om_disable_all_campaigns":false,"_monsterinsights_skip_tracking":false,"_monsterinsights_sitenote_active":false,"_monsterinsights_sitenote_note":"","_monsterinsights_sitenote_category":0,"footnotes":"","_wpscppro_dont_share_socialmedia":false,"_wpscppro_custom_social_share_image":0,"_facebook_share_type":"","_twitter_share_type":"","_linkedin_share_type":"","_pinterest_share_type":"","_linkedin_share_type_page":"","_instagram_share_type":"","_medium_share_type":"","_threads_share_type":"","_google_business_share_type":"","_selected_social_profile":[],"_wpsp_enable_custom_social_template":false,"_wpsp_social_scheduling":{"enabled":false,"datetime":null,"platforms":[],"status":"template_only","dateOption":"today","timeOption":"now","customDays":"","customHours":"","customDate":"","customTime":"","schedulingType":"absolute"},"_wpsp_active_default_template":true},"categories":[37],"tags":[],"class_list":["post-50891","post","type-post","status-publish","format-standard","has-post-thumbnail","hentry","category-monde"],"aioseo_notices":[],"yoast_head":"<!-- This site is optimized with the Yoast SEO plugin v27.5 - https:\/\/yoast.com\/product\/yoast-seo-wordpress\/ -->\n<title>Sahara occidental\u00a0: Soutien \u00e0 l&rsquo;organisation d&rsquo;un r\u00e9f\u00e9rendum d&rsquo;autod\u00e9termination - La Sentinelle<\/title>\n<meta name=\"robots\" content=\"index, follow, max-snippet:-1, max-image-preview:large, max-video-preview:-1\" \/>\n<link rel=\"canonical\" href=\"https:\/\/lasentinelle.dz\/index.php\/2024\/04\/02\/sahara-occidental-soutien-a-lorganisation-dun-referendum-dautodetermination\/\" \/>\n<meta property=\"og:locale\" content=\"fr_FR\" \/>\n<meta property=\"og:type\" content=\"article\" \/>\n<meta property=\"og:title\" content=\"Sahara occidental\u00a0: Soutien \u00e0 l&rsquo;organisation d&rsquo;un r\u00e9f\u00e9rendum d&rsquo;autod\u00e9termination - La Sentinelle\" \/>\n<meta property=\"og:description\" content=\"Le parti politique espagnol Podemos a r\u00e9affirm\u00e9 son soutien aux efforts de l&rsquo;ONU pour l&rsquo;organisation d&rsquo;un r\u00e9f\u00e9rendum d&rsquo;autod\u00e9termination au Sahara\" \/>\n<meta property=\"og:url\" content=\"https:\/\/lasentinelle.dz\/index.php\/2024\/04\/02\/sahara-occidental-soutien-a-lorganisation-dun-referendum-dautodetermination\/\" \/>\n<meta property=\"og:site_name\" content=\"La Sentinelle\" \/>\n<meta property=\"article:publisher\" content=\"https:\/\/www.facebook.com\/La-Sentinelle-104059864394773\" \/>\n<meta property=\"article:published_time\" content=\"2024-04-02T12:57:39+00:00\" \/>\n<meta property=\"article:modified_time\" content=\"2024-04-02T12:57:42+00:00\" \/>\n<meta property=\"og:image\" content=\"https:\/\/lasentinelle.dz\/wp-content\/uploads\/2023\/12\/Sahara-occidental.jpeg\" \/>\n\t<meta property=\"og:image:width\" content=\"745\" \/>\n\t<meta property=\"og:image:height\" content=\"470\" \/>\n\t<meta property=\"og:image:type\" content=\"image\/jpeg\" \/>\n<meta name=\"author\" content=\"La Sentinelle\" \/>\n<meta name=\"twitter:card\" content=\"summary_large_image\" \/>\n<meta name=\"twitter:label1\" content=\"\u00c9crit par\" \/>\n\t<meta name=\"twitter:data1\" content=\"La Sentinelle\" \/>\n\t<meta name=\"twitter:label2\" content=\"Dur\u00e9e de lecture estim\u00e9e\" \/>\n\t<meta name=\"twitter:data2\" content=\"3 minutes\" \/>\n<script type=\"application\/ld+json\" class=\"yoast-schema-graph\">{\"@context\":\"https:\\\/\\\/schema.org\",\"@graph\":[{\"@type\":\"Article\",\"@id\":\"https:\\\/\\\/lasentinelle.dz\\\/index.php\\\/2024\\\/04\\\/02\\\/sahara-occidental-soutien-a-lorganisation-dun-referendum-dautodetermination\\\/#article\",\"isPartOf\":{\"@id\":\"https:\\\/\\\/lasentinelle.dz\\\/index.php\\\/2024\\\/04\\\/02\\\/sahara-occidental-soutien-a-lorganisation-dun-referendum-dautodetermination\\\/\"},\"author\":{\"name\":\"La Sentinelle\",\"@id\":\"https:\\\/\\\/lasentinelle.dz\\\/#\\\/schema\\\/person\\\/d865044e22e70a75174ce8bcad3acfb3\"},\"headline\":\"Sahara occidental\u00a0: Soutien \u00e0 l&rsquo;organisation d&rsquo;un r\u00e9f\u00e9rendum d&rsquo;autod\u00e9termination\",\"datePublished\":\"2024-04-02T12:57:39+00:00\",\"dateModified\":\"2024-04-02T12:57:42+00:00\",\"mainEntityOfPage\":{\"@id\":\"https:\\\/\\\/lasentinelle.dz\\\/index.php\\\/2024\\\/04\\\/02\\\/sahara-occidental-soutien-a-lorganisation-dun-referendum-dautodetermination\\\/\"},\"wordCount\":621,\"commentCount\":0,\"publisher\":{\"@id\":\"https:\\\/\\\/lasentinelle.dz\\\/#organization\"},\"image\":{\"@id\":\"https:\\\/\\\/lasentinelle.dz\\\/index.php\\\/2024\\\/04\\\/02\\\/sahara-occidental-soutien-a-lorganisation-dun-referendum-dautodetermination\\\/#primaryimage\"},\"thumbnailUrl\":\"https:\\\/\\\/lasentinelle.dz\\\/wp-content\\\/uploads\\\/2023\\\/12\\\/Sahara-occidental.jpeg\",\"articleSection\":[\"Monde\"],\"inLanguage\":\"fr-FR\",\"potentialAction\":[{\"@type\":\"CommentAction\",\"name\":\"Comment\",\"target\":[\"https:\\\/\\\/lasentinelle.dz\\\/index.php\\\/2024\\\/04\\\/02\\\/sahara-occidental-soutien-a-lorganisation-dun-referendum-dautodetermination\\\/#respond\"]}]},{\"@type\":\"WebPage\",\"@id\":\"https:\\\/\\\/lasentinelle.dz\\\/index.php\\\/2024\\\/04\\\/02\\\/sahara-occidental-soutien-a-lorganisation-dun-referendum-dautodetermination\\\/\",\"url\":\"https:\\\/\\\/lasentinelle.dz\\\/index.php\\\/2024\\\/04\\\/02\\\/sahara-occidental-soutien-a-lorganisation-dun-referendum-dautodetermination\\\/\",\"name\":\"Sahara occidental\u00a0: Soutien \u00e0 l&rsquo;organisation d&rsquo;un r\u00e9f\u00e9rendum d&rsquo;autod\u00e9termination - La Sentinelle\",\"isPartOf\":{\"@id\":\"https:\\\/\\\/lasentinelle.dz\\\/#website\"},\"primaryImageOfPage\":{\"@id\":\"https:\\\/\\\/lasentinelle.dz\\\/index.php\\\/2024\\\/04\\\/02\\\/sahara-occidental-soutien-a-lorganisation-dun-referendum-dautodetermination\\\/#primaryimage\"},\"image\":{\"@id\":\"https:\\\/\\\/lasentinelle.dz\\\/index.php\\\/2024\\\/04\\\/02\\\/sahara-occidental-soutien-a-lorganisation-dun-referendum-dautodetermination\\\/#primaryimage\"},\"thumbnailUrl\":\"https:\\\/\\\/lasentinelle.dz\\\/wp-content\\\/uploads\\\/2023\\\/12\\\/Sahara-occidental.jpeg\",\"datePublished\":\"2024-04-02T12:57:39+00:00\",\"dateModified\":\"2024-04-02T12:57:42+00:00\",\"breadcrumb\":{\"@id\":\"https:\\\/\\\/lasentinelle.dz\\\/index.php\\\/2024\\\/04\\\/02\\\/sahara-occidental-soutien-a-lorganisation-dun-referendum-dautodetermination\\\/#breadcrumb\"},\"inLanguage\":\"fr-FR\",\"potentialAction\":[{\"@type\":\"ReadAction\",\"target\":[\"https:\\\/\\\/lasentinelle.dz\\\/index.php\\\/2024\\\/04\\\/02\\\/sahara-occidental-soutien-a-lorganisation-dun-referendum-dautodetermination\\\/\"]}]},{\"@type\":\"ImageObject\",\"inLanguage\":\"fr-FR\",\"@id\":\"https:\\\/\\\/lasentinelle.dz\\\/index.php\\\/2024\\\/04\\\/02\\\/sahara-occidental-soutien-a-lorganisation-dun-referendum-dautodetermination\\\/#primaryimage\",\"url\":\"https:\\\/\\\/lasentinelle.dz\\\/wp-content\\\/uploads\\\/2023\\\/12\\\/Sahara-occidental.jpeg\",\"contentUrl\":\"https:\\\/\\\/lasentinelle.dz\\\/wp-content\\\/uploads\\\/2023\\\/12\\\/Sahara-occidental.jpeg\",\"width\":745,\"height\":470},{\"@type\":\"BreadcrumbList\",\"@id\":\"https:\\\/\\\/lasentinelle.dz\\\/index.php\\\/2024\\\/04\\\/02\\\/sahara-occidental-soutien-a-lorganisation-dun-referendum-dautodetermination\\\/#breadcrumb\",\"itemListElement\":[{\"@type\":\"ListItem\",\"position\":1,\"name\":\"Accueil\",\"item\":\"https:\\\/\\\/lasentinelle.dz\\\/\"},{\"@type\":\"ListItem\",\"position\":2,\"name\":\"Sahara occidental\u00a0: Soutien \u00e0 l&rsquo;organisation d&rsquo;un r\u00e9f\u00e9rendum d&rsquo;autod\u00e9termination\"}]},{\"@type\":\"WebSite\",\"@id\":\"https:\\\/\\\/lasentinelle.dz\\\/#website\",\"url\":\"https:\\\/\\\/lasentinelle.dz\\\/\",\"name\":\"La Sentinelle\",\"description\":\"Quotidien national d&#039;information\",\"publisher\":{\"@id\":\"https:\\\/\\\/lasentinelle.dz\\\/#organization\"},\"potentialAction\":[{\"@type\":\"SearchAction\",\"target\":{\"@type\":\"EntryPoint\",\"urlTemplate\":\"https:\\\/\\\/lasentinelle.dz\\\/?s={search_term_string}\"},\"query-input\":{\"@type\":\"PropertyValueSpecification\",\"valueRequired\":true,\"valueName\":\"search_term_string\"}}],\"inLanguage\":\"fr-FR\"},{\"@type\":\"Organization\",\"@id\":\"https:\\\/\\\/lasentinelle.dz\\\/#organization\",\"name\":\"Quotidien La Sentinelle\",\"url\":\"https:\\\/\\\/lasentinelle.dz\\\/\",\"logo\":{\"@type\":\"ImageObject\",\"inLanguage\":\"fr-FR\",\"@id\":\"https:\\\/\\\/lasentinelle.dz\\\/#\\\/schema\\\/logo\\\/image\\\/\",\"url\":\"https:\\\/\\\/lasentinelle.dz\\\/wp-content\\\/uploads\\\/2021\\\/09\\\/logo-sentinelleSLOGAN-1.png\",\"contentUrl\":\"https:\\\/\\\/lasentinelle.dz\\\/wp-content\\\/uploads\\\/2021\\\/09\\\/logo-sentinelleSLOGAN-1.png\",\"width\":615,\"height\":142,\"caption\":\"Quotidien La Sentinelle\"},\"image\":{\"@id\":\"https:\\\/\\\/lasentinelle.dz\\\/#\\\/schema\\\/logo\\\/image\\\/\"},\"sameAs\":[\"https:\\\/\\\/www.facebook.com\\\/La-Sentinelle-104059864394773\"]},{\"@type\":\"Person\",\"@id\":\"https:\\\/\\\/lasentinelle.dz\\\/#\\\/schema\\\/person\\\/d865044e22e70a75174ce8bcad3acfb3\",\"name\":\"La Sentinelle\",\"image\":{\"@type\":\"ImageObject\",\"inLanguage\":\"fr-FR\",\"@id\":\"https:\\\/\\\/secure.gravatar.com\\\/avatar\\\/57de8e5d4b15d43fb361a71fbb36338450fe67865b528a43dd10ef7c51a20392?s=96&d=mm&r=g\",\"url\":\"https:\\\/\\\/secure.gravatar.com\\\/avatar\\\/57de8e5d4b15d43fb361a71fbb36338450fe67865b528a43dd10ef7c51a20392?s=96&d=mm&r=g\",\"contentUrl\":\"https:\\\/\\\/secure.gravatar.com\\\/avatar\\\/57de8e5d4b15d43fb361a71fbb36338450fe67865b528a43dd10ef7c51a20392?s=96&d=mm&r=g\",\"caption\":\"La Sentinelle\"},\"sameAs\":[\"http:\\\/\\\/www.lasentinelle.dz\"],\"url\":\"https:\\\/\\\/lasentinelle.dz\\\/author\\\/redaction\\\/\"}]}<\/script>\n<!-- \/ Yoast SEO plugin. -->","yoast_head_json":{"title":"Sahara occidental\u00a0: Soutien \u00e0 l&rsquo;organisation d&rsquo;un r\u00e9f\u00e9rendum d&rsquo;autod\u00e9termination - La Sentinelle","robots":{"index":"index","follow":"follow","max-snippet":"max-snippet:-1","max-image-preview":"max-image-preview:large","max-video-preview":"max-video-preview:-1"},"canonical":"https:\/\/lasentinelle.dz\/index.php\/2024\/04\/02\/sahara-occidental-soutien-a-lorganisation-dun-referendum-dautodetermination\/","og_locale":"fr_FR","og_type":"article","og_title":"Sahara occidental\u00a0: Soutien \u00e0 l&rsquo;organisation d&rsquo;un r\u00e9f\u00e9rendum d&rsquo;autod\u00e9termination - La Sentinelle","og_description":"Le parti politique espagnol Podemos a r\u00e9affirm\u00e9 son soutien aux efforts de l&rsquo;ONU pour l&rsquo;organisation d&rsquo;un r\u00e9f\u00e9rendum d&rsquo;autod\u00e9termination au Sahara","og_url":"https:\/\/lasentinelle.dz\/index.php\/2024\/04\/02\/sahara-occidental-soutien-a-lorganisation-dun-referendum-dautodetermination\/","og_site_name":"La Sentinelle","article_publisher":"https:\/\/www.facebook.com\/La-Sentinelle-104059864394773","article_published_time":"2024-04-02T12:57:39+00:00","article_modified_time":"2024-04-02T12:57:42+00:00","og_image":[{"width":745,"height":470,"url":"https:\/\/lasentinelle.dz\/wp-content\/uploads\/2023\/12\/Sahara-occidental.jpeg","type":"image\/jpeg"}],"author":"La Sentinelle","twitter_card":"summary_large_image","twitter_misc":{"\u00c9crit par":"La Sentinelle","Dur\u00e9e de lecture estim\u00e9e":"3 minutes"},"schema":{"@context":"https:\/\/schema.org","@graph":[{"@type":"Article","@id":"https:\/\/lasentinelle.dz\/index.php\/2024\/04\/02\/sahara-occidental-soutien-a-lorganisation-dun-referendum-dautodetermination\/#article","isPartOf":{"@id":"https:\/\/lasentinelle.dz\/index.php\/2024\/04\/02\/sahara-occidental-soutien-a-lorganisation-dun-referendum-dautodetermination\/"},"author":{"name":"La Sentinelle","@id":"https:\/\/lasentinelle.dz\/#\/schema\/person\/d865044e22e70a75174ce8bcad3acfb3"},"headline":"Sahara occidental\u00a0: Soutien \u00e0 l&rsquo;organisation d&rsquo;un r\u00e9f\u00e9rendum d&rsquo;autod\u00e9termination","datePublished":"2024-04-02T12:57:39+00:00","dateModified":"2024-04-02T12:57:42+00:00","mainEntityOfPage":{"@id":"https:\/\/lasentinelle.dz\/index.php\/2024\/04\/02\/sahara-occidental-soutien-a-lorganisation-dun-referendum-dautodetermination\/"},"wordCount":621,"commentCount":0,"publisher":{"@id":"https:\/\/lasentinelle.dz\/#organization"},"image":{"@id":"https:\/\/lasentinelle.dz\/index.php\/2024\/04\/02\/sahara-occidental-soutien-a-lorganisation-dun-referendum-dautodetermination\/#primaryimage"},"thumbnailUrl":"https:\/\/lasentinelle.dz\/wp-content\/uploads\/2023\/12\/Sahara-occidental.jpeg","articleSection":["Monde"],"inLanguage":"fr-FR","potentialAction":[{"@type":"CommentAction","name":"Comment","target":["https:\/\/lasentinelle.dz\/index.php\/2024\/04\/02\/sahara-occidental-soutien-a-lorganisation-dun-referendum-dautodetermination\/#respond"]}]},{"@type":"WebPage","@id":"https:\/\/lasentinelle.dz\/index.php\/2024\/04\/02\/sahara-occidental-soutien-a-lorganisation-dun-referendum-dautodetermination\/","url":"https:\/\/lasentinelle.dz\/index.php\/2024\/04\/02\/sahara-occidental-soutien-a-lorganisation-dun-referendum-dautodetermination\/","name":"Sahara occidental\u00a0: Soutien \u00e0 l&rsquo;organisation d&rsquo;un r\u00e9f\u00e9rendum d&rsquo;autod\u00e9termination - La Sentinelle","isPartOf":{"@id":"https:\/\/lasentinelle.dz\/#website"},"primaryImageOfPage":{"@id":"https:\/\/lasentinelle.dz\/index.php\/2024\/04\/02\/sahara-occidental-soutien-a-lorganisation-dun-referendum-dautodetermination\/#primaryimage"},"image":{"@id":"https:\/\/lasentinelle.dz\/index.php\/2024\/04\/02\/sahara-occidental-soutien-a-lorganisation-dun-referendum-dautodetermination\/#primaryimage"},"thumbnailUrl":"https:\/\/lasentinelle.dz\/wp-content\/uploads\/2023\/12\/Sahara-occidental.jpeg","datePublished":"2024-04-02T12:57:39+00:00","dateModified":"2024-04-02T12:57:42+00:00","breadcrumb":{"@id":"https:\/\/lasentinelle.dz\/index.php\/2024\/04\/02\/sahara-occidental-soutien-a-lorganisation-dun-referendum-dautodetermination\/#breadcrumb"},"inLanguage":"fr-FR","potentialAction":[{"@type":"ReadAction","target":["https:\/\/lasentinelle.dz\/index.php\/2024\/04\/02\/sahara-occidental-soutien-a-lorganisation-dun-referendum-dautodetermination\/"]}]},{"@type":"ImageObject","inLanguage":"fr-FR","@id":"https:\/\/lasentinelle.dz\/index.php\/2024\/04\/02\/sahara-occidental-soutien-a-lorganisation-dun-referendum-dautodetermination\/#primaryimage","url":"https:\/\/lasentinelle.dz\/wp-content\/uploads\/2023\/12\/Sahara-occidental.jpeg","contentUrl":"https:\/\/lasentinelle.dz\/wp-content\/uploads\/2023\/12\/Sahara-occidental.jpeg","width":745,"height":470},{"@type":"BreadcrumbList","@id":"https:\/\/lasentinelle.dz\/index.php\/2024\/04\/02\/sahara-occidental-soutien-a-lorganisation-dun-referendum-dautodetermination\/#breadcrumb","itemListElement":[{"@type":"ListItem","position":1,"name":"Accueil","item":"https:\/\/lasentinelle.dz\/"},{"@type":"ListItem","position":2,"name":"Sahara occidental\u00a0: Soutien \u00e0 l&rsquo;organisation d&rsquo;un r\u00e9f\u00e9rendum d&rsquo;autod\u00e9termination"}]},{"@type":"WebSite","@id":"https:\/\/lasentinelle.dz\/#website","url":"https:\/\/lasentinelle.dz\/","name":"La Sentinelle","description":"Quotidien national d&#039;information","publisher":{"@id":"https:\/\/lasentinelle.dz\/#organization"},"potentialAction":[{"@type":"SearchAction","target":{"@type":"EntryPoint","urlTemplate":"https:\/\/lasentinelle.dz\/?s={search_term_string}"},"query-input":{"@type":"PropertyValueSpecification","valueRequired":true,"valueName":"search_term_string"}}],"inLanguage":"fr-FR"},{"@type":"Organization","@id":"https:\/\/lasentinelle.dz\/#organization","name":"Quotidien La Sentinelle","url":"https:\/\/lasentinelle.dz\/","logo":{"@type":"ImageObject","inLanguage":"fr-FR","@id":"https:\/\/lasentinelle.dz\/#\/schema\/logo\/image\/","url":"https:\/\/lasentinelle.dz\/wp-content\/uploads\/2021\/09\/logo-sentinelleSLOGAN-1.png","contentUrl":"https:\/\/lasentinelle.dz\/wp-content\/uploads\/2021\/09\/logo-sentinelleSLOGAN-1.png","width":615,"height":142,"caption":"Quotidien La Sentinelle"},"image":{"@id":"https:\/\/lasentinelle.dz\/#\/schema\/logo\/image\/"},"sameAs":["https:\/\/www.facebook.com\/La-Sentinelle-104059864394773"]},{"@type":"Person","@id":"https:\/\/lasentinelle.dz\/#\/schema\/person\/d865044e22e70a75174ce8bcad3acfb3","name":"La Sentinelle","image":{"@type":"ImageObject","inLanguage":"fr-FR","@id":"https:\/\/secure.gravatar.com\/avatar\/57de8e5d4b15d43fb361a71fbb36338450fe67865b528a43dd10ef7c51a20392?s=96&d=mm&r=g","url":"https:\/\/secure.gravatar.com\/avatar\/57de8e5d4b15d43fb361a71fbb36338450fe67865b528a43dd10ef7c51a20392?s=96&d=mm&r=g","contentUrl":"https:\/\/secure.gravatar.com\/avatar\/57de8e5d4b15d43fb361a71fbb36338450fe67865b528a43dd10ef7c51a20392?s=96&d=mm&r=g","caption":"La Sentinelle"},"sameAs":["http:\/\/www.lasentinelle.dz"],"url":"https:\/\/lasentinelle.dz\/author\/redaction\/"}]}},"_links":{"self":[{"href":"https:\/\/lasentinelle.dz\/index.php\/wp-json\/wp\/v2\/posts\/50891","targetHints":{"allow":["GET"]}}],"collection":[{"href":"https:\/\/lasentinelle.dz\/index.php\/wp-json\/wp\/v2\/posts"}],"about":[{"href":"https:\/\/lasentinelle.dz\/index.php\/wp-json\/wp\/v2\/types\/post"}],"author":[{"embeddable":true,"href":"https:\/\/lasentinelle.dz\/index.php\/wp-json\/wp\/v2\/users\/3"}],"replies":[{"embeddable":true,"href":"https:\/\/lasentinelle.dz\/index.php\/wp-json\/wp\/v2\/comments?post=50891"}],"version-history":[{"count":2,"href":"https:\/\/lasentinelle.dz\/index.php\/wp-json\/wp\/v2\/posts\/50891\/revisions"}],"predecessor-version":[{"id":50893,"href":"https:\/\/lasentinelle.dz\/index.php\/wp-json\/wp\/v2\/posts\/50891\/revisions\/50893"}],"wp:featuredmedia":[{"embeddable":true,"href":"https:\/\/lasentinelle.dz\/index.php\/wp-json\/wp\/v2\/media\/47913"}],"wp:attachment":[{"href":"https:\/\/lasentinelle.dz\/index.php\/wp-json\/wp\/v2\/media?parent=50891"}],"wp:term":[{"taxonomy":"category","embeddable":true,"href":"https:\/\/lasentinelle.dz\/index.php\/wp-json\/wp\/v2\/categories?post=50891"},{"taxonomy":"post_tag","embeddable":true,"href":"https:\/\/lasentinelle.dz\/index.php\/wp-json\/wp\/v2\/tags?post=50891"}],"curies":[{"name":"wp","href":"https:\/\/api.w.org\/{rel}","templated":true}]}}