{"id":50919,"date":"2024-04-02T15:13:15","date_gmt":"2024-04-02T14:13:15","guid":{"rendered":"https:\/\/lasentinelle.dz\/?p=50919"},"modified":"2024-04-02T15:13:24","modified_gmt":"2024-04-02T14:13:24","slug":"lhorreur-a-lhopital-al-shifa","status":"publish","type":"post","link":"https:\/\/lasentinelle.dz\/index.php\/2024\/04\/02\/lhorreur-a-lhopital-al-shifa\/","title":{"rendered":"L\u2019horreur \u00e0 l\u2019h\u00f4pital Al-Shifa\u00a0!"},"content":{"rendered":"\n<p>Les forces d\u2019occupation sionistes se sont retir\u00e9es hier matin de l\u2019h\u00f4pital Al Shifa \u00e0 Ghaza apr\u00e8s 14 jours de si\u00e8ge et d\u2019attaques incessantes. Un retrait un a r\u00e9v\u00e9l\u00e9 toute l\u2019horreur d\u2019une boucherie sans commune mesure&nbsp;: des cadavres qui jonchent les sols, un cimeti\u00e8re temporaire profan\u00e9, des b\u00e2timents incendi\u00e9s et du mat\u00e9riel m\u00e9dical d\u00e9truit sciemment par les forces d\u2019occupation. Des destructions qui se sont \u00e9tendues aux b\u00e2timents et r\u00e9sidences qui entourent l\u2019h\u00f4pital.<\/p>\n\n\n\n<p>L\u2019attaque de l\u2019h\u00f4pital \u00ab&nbsp;Al-Shifa&nbsp;\u00bb, tout comme celle d\u2019autres h\u00f4pitaux toujours en cours dans la Bande de Ghaza l\u00e8vent le voile sur les pratiques criminelles de l\u2019arm\u00e9e de plus \u00ab&nbsp;immorale du monde&nbsp;\u00bb. Hier matin, les forces d\u2019occupation sionistes se sont retir\u00e9es de l&rsquo;h\u00f4pital al-Shifa apr\u00e8s 14 jours de raids sur le plus grand complexe m\u00e9dical de Ghaza. Des m\u00e9dias ont rapport\u00e9 la d\u00e9couverte d'\u00a0\u00bbau moins 50 cadavres\u00a0\u00bb dans le complexe, tandis que des sources m\u00e9dicales ont indiqu\u00e9 que \u00ab\u00a0des centaines de corps\u00a0\u00bb continuaient d&rsquo;\u00eatre d\u00e9couverts \u00e0 proximit\u00e9 de l&rsquo;h\u00f4pital. Selon des sources m\u00e9dicales, les forces ont compl\u00e8tement d\u00e9truit le b\u00e2timent des cabinets m\u00e9dicaux sp\u00e9cialis\u00e9s et incendi\u00e9 le reste du b\u00e2timent. Les m\u00eames sources cit\u00e9es par des m\u00e9dias, ont \u00e9galement indiqu\u00e9 que les soldats d&rsquo;occupation ont aussi incendi\u00e9 les b\u00e2timents d&rsquo;accueil et de secours, d\u00e9truisant des dizaines de chambres et l&rsquo;ensemble de ses \u00e9quipements.<\/p>\n\n\n\n<p>Selon l\u2019agence de presse turque Anadolu, des t\u00e9moins oculaires ont r\u00e9v\u00e9l\u00e9 que les forces d\u2019occupation ont incendi\u00e9 tous les b\u00e2timents de l&rsquo;h\u00f4pital Al-Shifa, le mettant compl\u00e8tement hors service. Les m\u00eames sources ont expliqu\u00e9 que l\u2019occupation isra\u00e9lienne a compl\u00e8tement d\u00e9truit les \u00e9tages du b\u00e2timent de chirurgie sp\u00e9cialis\u00e9e et incendi\u00e9 le reste du b\u00e2timent, tout en incendiant le b\u00e2timent principal d&rsquo;accueil et d&rsquo;urgence et en d\u00e9truisant des dizaines de ses salles, ainsi que tout le mat\u00e9riel m\u00e9dical qui s&rsquo;y trouvait. Elles ont \u00e9galement incendi\u00e9 le b\u00e2timent du service r\u00e9nal, ainsi que ceux de la maternit\u00e9, de la morgue, du centre de traitement du cancer et des br\u00fbl\u00e9s, d\u00e9truisant dans la foul\u00e9e le b\u00e2timent des cliniques externes. Selon des sources m\u00e9dicales palestiniennes, l&rsquo;h\u00f4pital est enti\u00e8rement hors service et il serait difficile qu&rsquo;il reprenne ses activit\u00e9s pendant la p\u00e9riode actuelle. Plusieurs sources ont rapport\u00e9 que l&rsquo;arm\u00e9e a d\u00e9truit tout le mat\u00e9riel m\u00e9dical du complexe m\u00e9dical, ses salles d&rsquo;op\u00e9ration et ses services de soins intensifs. Dans un m\u00eame contexte, des t\u00e9moignages ont fait \u00e9tat de dizaines de morts retrouv\u00e9s dans le complexe m\u00e9dical Al-Shifa et dans les rues Omar Al-Mukhtar, Izz Al-Din Al-Qassam, Abou Hasira, Bakr et Haboush, toutes situ\u00e9es aux alentours de l&rsquo;h\u00f4pital. Des t\u00e9moins oculaires ont expliqu\u00e9 que l&rsquo;arm\u00e9e avait profan\u00e9 le cimeti\u00e8re temporaire que les Palestiniens avaient \u00e9tabli dans le complexe m\u00e9dical Al-Shifa, en d\u00e9terrant les corps des morts et en les jetant dans diff\u00e9rentes zones de l&rsquo;h\u00f4pital.<\/p>\n\n\n\n<p>Les m\u00eames sources ont rapport\u00e9 que l&rsquo;arm\u00e9e d\u2019occupation a incendi\u00e9 ou d\u00e9truit de nombreuses maisons et b\u00e2timents r\u00e9sidentiels \u00e0 proximit\u00e9 du complexe m\u00e9dical Al-Shifa, qui comptent des milliers d&rsquo;unit\u00e9s r\u00e9sidentielles. Le bureau des m\u00e9dias \u00e0 Ghaza avait d\u00e9clar\u00e9, dimanche, que plus de 400 personnes, dont du personnel m\u00e9dical, des patients et des personnes d\u00e9plac\u00e9es, \u00e9taient tomb\u00e9es en martyrs lors du si\u00e8ge du complexe m\u00e9dical Al-Shifa dans la ville de Ghaza.<\/p>\n\n\n\n<p>L\u2019ampleur des horreurs et des crimes commis au sein de ce complexe m\u00e9dical o\u00f9 le personnel m\u00e9dical est les patients ont \u00e9t\u00e9 pris en orage et massacr\u00e9s au cours des deux derni\u00e8res semaines a fait vivement r\u00e9agir. Le directeur g\u00e9n\u00e9ral de l&rsquo;Organisation mondiale de la sant\u00e9 (OMS), Tedros Adhom Ghebreyesus, a appel\u00e9 \u00e0 l&rsquo;ouverture d&rsquo;un couloir humanitaire vers al-Shifa.<\/p>\n\n\n\n<p>Pour sa part, Le Mouvement de la r\u00e9sistance palestinienne, Hamas, a appel\u00e9 la Cour p\u00e9nale internationale (CPI) \u00e0 mener une enqu\u00eate sur les crimes commis dans l\u2019h\u00f4pital Al-Shifa. \u00a0\u00bb Le mouvement palestinien a \u00e9galement appel\u00e9 la communaut\u00e9 internationale et l&rsquo;ONU \u00e0 condamner \u00ab\u00a0le terrible crime\u00a0\u00bb commis par les forces d&rsquo;occupation sioniste contre l\u2019h\u00f4pital Al-Shifa et les citoyens qui s&rsquo;y trouvent. Le minist\u00e8re iranien des Affaires \u00e9trang\u00e8res a appel\u00e9 \u00e0 une enqu\u00eate internationale \u00ab\u00a0urgente\u00a0\u00bb sur les crimes \u00ab\u00a0flagrants\u00a0\u00bb de l&rsquo;entit\u00e9 sioniste \u00e0 l&rsquo;h\u00f4pital al-Shifa de Ghaza. Dans un message publi\u00e9 lundi sur la plateforme \u00ab\u00a0X\u00a0\u00bb, le porte-parole du minist\u00e8re, Nasser Kanaani, a qualifi\u00e9 d'\u00a0\u00bb\u00e9pouvantables\u00a0\u00bb les images de l&rsquo;h\u00f4pital al-Shifa \u00e0 Ghaza, les t\u00e9moignages et les rapports des m\u00e9dias sur l&rsquo;\u00e9tendue des destructions, la torture, les massacres et le nombre de Palestiniens d\u00e9tenus dans le complexe. Il a \u00e9galement soulign\u00e9 \u00ab\u00a0la n\u00e9cessit\u00e9 urgente d\u2019une enqu\u00eate internationale sur les atrocit\u00e9s commises \u00e0 l\u2019h\u00f4pital\u00a0\u00bb. \u00a0\u00bb Jeudi dernier, la Cour internationale de justice (CIJ) a \u00e9mis une nouvelle s\u00e9rie de mesures conservatoires \u00e0 la suite de la demande de l&rsquo;Afrique du Sud dans la proc\u00e9dure pour g\u00e9nocide intent\u00e9e \u00e0 l&rsquo;encontre de l&rsquo;entit\u00e9 sioniste pour ses crimes \u00e0 Ghaza. Les juges de la CIJ ont d\u00e9cid\u00e9 \u00e9galement que l&rsquo;entit\u00e9 sioniste devra, dans un d\u00e9lai d&rsquo;un mois, \u00e0 compter de la pr\u00e9sente ordonnance, soumettre \u00e0 la Cour un rapport sur l&rsquo;ensemble des mesures qu&rsquo;elle aura prises pour donner effet \u00e0 cette ordonnance. La CIJ a, pour rappel, demand\u00e9 \u00e0 l&rsquo;entit\u00e9 sioniste le 26 janvier dernier apr\u00e8s l&rsquo;examen de la plainte d\u00e9pos\u00e9e par Pretoria, de s&rsquo;interdire de s&rsquo;attaquer aux Palestiniens, de sanctionner les responsables sionistes incitant \u00e0 la violence et d&rsquo;autoriser l&rsquo;entr\u00e9e sans entraves de l&rsquo;aide humanitaire \u00e0 Ghaza.<\/p>\n\n\n\n<p><strong>Plusieurs morts \u00e0 l\u2019h\u00f4pital \u00e0 Al Aqsa<\/strong><\/p>\n\n\n\n<p>Pour leur part les autorit\u00e9s sanitaires \u00e0 Ghaza ont appel\u00e9 la communaut\u00e9 internationale \u00e0 \u0153uvrer pour rouvrir les h\u00f4pitaux, mis hors service par les forces sionistes apr\u00e8s des attaques meurtri\u00e8res, afin que le personnel m\u00e9dical puisse fournir des soins et des services vitaux aux malades et bless\u00e9s. Via un communiqu\u00e9, le minist\u00e8re de la Sant\u00e9 a appel\u00e9 la communaut\u00e9 internationale \u00e0 intervenir pour rouvrir notamment l&rsquo;h\u00f4pital Nasser de Khan Younes, mis hors service par les forces sionistes apr\u00e8s des attaques soutenues ces derni\u00e8res semaines qui avaient laiss\u00e9 le syst\u00e8me de sant\u00e9 dans \u00ab\u00a0une paralysie quasi totale\u00a0\u00bb. Il faut dire que l\u2019entit\u00e9 sioniste m\u00e8nent actuellement des raids contre plusieurs h\u00f4pitaux de Ghaza \u00e0 l\u2019image de l\u2019h\u00f4pital al Nassr et l\u2019h\u00f4pital des \u00a0\u00bbMartyrs d&rsquo;Al-Aqsa\u00a0\u00bb dans la ville de Deir al-Balah. Dans ce sens l&rsquo;organisation non gouvernementale M\u00e9decins sans fronti\u00e8res a confirm\u00e9, hier, que plusieurs Palestiniens ont \u00e9t\u00e9 tu\u00e9s et d&rsquo;autres bless\u00e9s dans des bombardements isra\u00e9liens ayant vis\u00e9 l&rsquo;h\u00f4pital des \u00a0\u00bbMartyrs d&rsquo;Al-Aqsa\u00a0\u00bb. \u00a0\u00bbUne frappe a\u00e9rienne isra\u00e9lienne a vis\u00e9, le 31 mars, la cour du complexe de l\u2019h\u00f4pital des Martyrs d\u2019al-Aqsa, o\u00f9 se r\u00e9fugient de nombreuses personnes d\u00e9plac\u00e9es, faisant des morts et des bless\u00e9s\u00a0\u00bb, a \u00e9crit MSF sur la plateforme X. M\u00e9decins sans fronti\u00e8res a \u00e9galement renouvel\u00e9 son appel \u00e0 un cessez-le-feu \u00a0\u00bbimm\u00e9diat et durable\u00a0\u00bb dans la bande de Gaza et \u00e0 la protection des civils, des b\u00e2timents et des \u00e9quipes de secours.<\/p>\n\n\n\n<p>Lyes Sa\u00efdi<\/p>\n\n\n\n<p><strong>Frappe isra\u00e9lienne<\/strong><strong> contre <\/strong><strong>le consulat \u00e0 Damas<\/strong><\/p>\n\n\n\n<p>Des avions des forces d\u2019occupation sionistes ont lanc\u00e9 une frappe a\u00e9rienne sur l&rsquo;ambassade iranienne \u00e0 Damas. Des journalistes de Reuters pr\u00e9sents sur les lieux dans le quartier Mezzeh de la capitale syrienne ont rapport\u00e9 que des secouristes s&rsquo;affairaient dans les d\u00e9combres d&rsquo;un b\u00e2timent d\u00e9truit \u00e0 l&rsquo;int\u00e9rieur de l&rsquo;enceinte diplomatique, adjacente au b\u00e2timent principal de l&rsquo;ambassade iranienne.<\/p>\n\n\n\n<p>L&rsquo;ambassadeur iranien en Syrie, Hossein Akbari, qui n&rsquo;a pas \u00e9t\u00e9 bless\u00e9 dans l&rsquo;attaque, a d\u00e9clar\u00e9 que cinq personnes avaient \u00e9t\u00e9 tu\u00e9es dans cette attaque. Hossein Akbari a ajout\u00e9 que la r\u00e9ponse de l&rsquo;Iran sera \u00ab\u00a0s\u00e9v\u00e8re\u00a0\u00bb, a rapport\u00e9 la t\u00e9l\u00e9vision d&rsquo;Etat iranienne. Les m\u00e9dias d&rsquo;Etat iraniens ont rapport\u00e9 la mort d&rsquo;un haut commandant des Gardiens de la r\u00e9volution iranienne, Mohammad Reza Zahedi, tu\u00e9 dans la frappe et cible de l&rsquo;attaque, croit savoir T\u00e9h\u00e9ran. Les m\u00e9dias \u00e9tatiques syriens font \u00e9tat d&rsquo;au moins six morts et plusieurs bless\u00e9s.<\/p>\n\n\n\n<p>R.N.<\/p>\n","protected":false},"excerpt":{"rendered":"<p>Les forces d\u2019occupation sionistes se sont retir\u00e9es hier matin de l\u2019h\u00f4pital Al Shifa \u00e0 Ghaza apr\u00e8s 14 jours de si\u00e8ge<\/p>\n","protected":false},"author":3,"featured_media":50920,"comment_status":"open","ping_status":"closed","sticky":false,"template":"","format":"standard","meta":{"colormag_page_container_layout":"default_layout","colormag_page_sidebar_layout":"default_layout","om_disable_all_campaigns":false,"_monsterinsights_skip_tracking":false,"_monsterinsights_sitenote_active":false,"_monsterinsights_sitenote_note":"","_monsterinsights_sitenote_category":0,"footnotes":"","_wpscppro_dont_share_socialmedia":false,"_wpscppro_custom_social_share_image":0,"_facebook_share_type":"","_twitter_share_type":"","_linkedin_share_type":"","_pinterest_share_type":"","_linkedin_share_type_page":"","_instagram_share_type":"","_medium_share_type":"","_threads_share_type":"","_google_business_share_type":"","_selected_social_profile":[],"_wpsp_enable_custom_social_template":false,"_wpsp_social_scheduling":{"enabled":false,"datetime":null,"platforms":[],"status":"template_only","dateOption":"today","timeOption":"now","customDays":"","customHours":"","customDate":"","customTime":"","schedulingType":"absolute"},"_wpsp_active_default_template":true},"categories":[52,27],"tags":[],"class_list":["post-50919","post","type-post","status-publish","format-standard","has-post-thumbnail","hentry","category-a-la-une","category-actualite"],"aioseo_notices":[],"yoast_head":"<!-- This site is optimized with the Yoast SEO plugin v27.5 - https:\/\/yoast.com\/product\/yoast-seo-wordpress\/ -->\n<title>L\u2019horreur \u00e0 l\u2019h\u00f4pital Al-Shifa\u00a0! - La Sentinelle<\/title>\n<meta name=\"robots\" content=\"index, follow, max-snippet:-1, max-image-preview:large, max-video-preview:-1\" \/>\n<link rel=\"canonical\" href=\"https:\/\/lasentinelle.dz\/index.php\/2024\/04\/02\/lhorreur-a-lhopital-al-shifa\/\" \/>\n<meta property=\"og:locale\" content=\"fr_FR\" \/>\n<meta property=\"og:type\" content=\"article\" \/>\n<meta property=\"og:title\" content=\"L\u2019horreur \u00e0 l\u2019h\u00f4pital Al-Shifa\u00a0! - La Sentinelle\" \/>\n<meta property=\"og:description\" content=\"Les forces d\u2019occupation sionistes se sont retir\u00e9es hier matin de l\u2019h\u00f4pital Al Shifa \u00e0 Ghaza apr\u00e8s 14 jours de si\u00e8ge\" \/>\n<meta property=\"og:url\" content=\"https:\/\/lasentinelle.dz\/index.php\/2024\/04\/02\/lhorreur-a-lhopital-al-shifa\/\" \/>\n<meta property=\"og:site_name\" content=\"La Sentinelle\" \/>\n<meta property=\"article:publisher\" content=\"https:\/\/www.facebook.com\/La-Sentinelle-104059864394773\" \/>\n<meta property=\"article:published_time\" content=\"2024-04-02T14:13:15+00:00\" \/>\n<meta property=\"article:modified_time\" content=\"2024-04-02T14:13:24+00:00\" \/>\n<meta property=\"og:image\" content=\"https:\/\/lasentinelle.dz\/wp-content\/uploads\/2024\/04\/al-shifa.webp\" \/>\n\t<meta property=\"og:image:width\" content=\"864\" \/>\n\t<meta property=\"og:image:height\" content=\"499\" \/>\n\t<meta property=\"og:image:type\" content=\"image\/webp\" \/>\n<meta name=\"author\" content=\"La Sentinelle\" \/>\n<meta name=\"twitter:card\" content=\"summary_large_image\" \/>\n<meta name=\"twitter:label1\" content=\"\u00c9crit par\" \/>\n\t<meta name=\"twitter:data1\" content=\"La Sentinelle\" \/>\n\t<meta name=\"twitter:label2\" content=\"Dur\u00e9e de lecture estim\u00e9e\" \/>\n\t<meta name=\"twitter:data2\" content=\"7 minutes\" \/>\n<script type=\"application\/ld+json\" class=\"yoast-schema-graph\">{\"@context\":\"https:\\\/\\\/schema.org\",\"@graph\":[{\"@type\":\"Article\",\"@id\":\"https:\\\/\\\/lasentinelle.dz\\\/index.php\\\/2024\\\/04\\\/02\\\/lhorreur-a-lhopital-al-shifa\\\/#article\",\"isPartOf\":{\"@id\":\"https:\\\/\\\/lasentinelle.dz\\\/index.php\\\/2024\\\/04\\\/02\\\/lhorreur-a-lhopital-al-shifa\\\/\"},\"author\":{\"name\":\"La Sentinelle\",\"@id\":\"https:\\\/\\\/lasentinelle.dz\\\/#\\\/schema\\\/person\\\/d865044e22e70a75174ce8bcad3acfb3\"},\"headline\":\"L\u2019horreur \u00e0 l\u2019h\u00f4pital Al-Shifa\u00a0!\",\"datePublished\":\"2024-04-02T14:13:15+00:00\",\"dateModified\":\"2024-04-02T14:13:24+00:00\",\"mainEntityOfPage\":{\"@id\":\"https:\\\/\\\/lasentinelle.dz\\\/index.php\\\/2024\\\/04\\\/02\\\/lhorreur-a-lhopital-al-shifa\\\/\"},\"wordCount\":1511,\"commentCount\":0,\"publisher\":{\"@id\":\"https:\\\/\\\/lasentinelle.dz\\\/#organization\"},\"image\":{\"@id\":\"https:\\\/\\\/lasentinelle.dz\\\/index.php\\\/2024\\\/04\\\/02\\\/lhorreur-a-lhopital-al-shifa\\\/#primaryimage\"},\"thumbnailUrl\":\"https:\\\/\\\/lasentinelle.dz\\\/wp-content\\\/uploads\\\/2024\\\/04\\\/al-shifa.webp\",\"articleSection\":[\"\u00c0 la Une\",\"Actualit\u00e9\"],\"inLanguage\":\"fr-FR\",\"potentialAction\":[{\"@type\":\"CommentAction\",\"name\":\"Comment\",\"target\":[\"https:\\\/\\\/lasentinelle.dz\\\/index.php\\\/2024\\\/04\\\/02\\\/lhorreur-a-lhopital-al-shifa\\\/#respond\"]}]},{\"@type\":\"WebPage\",\"@id\":\"https:\\\/\\\/lasentinelle.dz\\\/index.php\\\/2024\\\/04\\\/02\\\/lhorreur-a-lhopital-al-shifa\\\/\",\"url\":\"https:\\\/\\\/lasentinelle.dz\\\/index.php\\\/2024\\\/04\\\/02\\\/lhorreur-a-lhopital-al-shifa\\\/\",\"name\":\"L\u2019horreur \u00e0 l\u2019h\u00f4pital Al-Shifa\u00a0! - La Sentinelle\",\"isPartOf\":{\"@id\":\"https:\\\/\\\/lasentinelle.dz\\\/#website\"},\"primaryImageOfPage\":{\"@id\":\"https:\\\/\\\/lasentinelle.dz\\\/index.php\\\/2024\\\/04\\\/02\\\/lhorreur-a-lhopital-al-shifa\\\/#primaryimage\"},\"image\":{\"@id\":\"https:\\\/\\\/lasentinelle.dz\\\/index.php\\\/2024\\\/04\\\/02\\\/lhorreur-a-lhopital-al-shifa\\\/#primaryimage\"},\"thumbnailUrl\":\"https:\\\/\\\/lasentinelle.dz\\\/wp-content\\\/uploads\\\/2024\\\/04\\\/al-shifa.webp\",\"datePublished\":\"2024-04-02T14:13:15+00:00\",\"dateModified\":\"2024-04-02T14:13:24+00:00\",\"breadcrumb\":{\"@id\":\"https:\\\/\\\/lasentinelle.dz\\\/index.php\\\/2024\\\/04\\\/02\\\/lhorreur-a-lhopital-al-shifa\\\/#breadcrumb\"},\"inLanguage\":\"fr-FR\",\"potentialAction\":[{\"@type\":\"ReadAction\",\"target\":[\"https:\\\/\\\/lasentinelle.dz\\\/index.php\\\/2024\\\/04\\\/02\\\/lhorreur-a-lhopital-al-shifa\\\/\"]}]},{\"@type\":\"ImageObject\",\"inLanguage\":\"fr-FR\",\"@id\":\"https:\\\/\\\/lasentinelle.dz\\\/index.php\\\/2024\\\/04\\\/02\\\/lhorreur-a-lhopital-al-shifa\\\/#primaryimage\",\"url\":\"https:\\\/\\\/lasentinelle.dz\\\/wp-content\\\/uploads\\\/2024\\\/04\\\/al-shifa.webp\",\"contentUrl\":\"https:\\\/\\\/lasentinelle.dz\\\/wp-content\\\/uploads\\\/2024\\\/04\\\/al-shifa.webp\",\"width\":864,\"height\":499},{\"@type\":\"BreadcrumbList\",\"@id\":\"https:\\\/\\\/lasentinelle.dz\\\/index.php\\\/2024\\\/04\\\/02\\\/lhorreur-a-lhopital-al-shifa\\\/#breadcrumb\",\"itemListElement\":[{\"@type\":\"ListItem\",\"position\":1,\"name\":\"Accueil\",\"item\":\"https:\\\/\\\/lasentinelle.dz\\\/\"},{\"@type\":\"ListItem\",\"position\":2,\"name\":\"L\u2019horreur \u00e0 l\u2019h\u00f4pital Al-Shifa\u00a0!\"}]},{\"@type\":\"WebSite\",\"@id\":\"https:\\\/\\\/lasentinelle.dz\\\/#website\",\"url\":\"https:\\\/\\\/lasentinelle.dz\\\/\",\"name\":\"La Sentinelle\",\"description\":\"Quotidien national d&#039;information\",\"publisher\":{\"@id\":\"https:\\\/\\\/lasentinelle.dz\\\/#organization\"},\"potentialAction\":[{\"@type\":\"SearchAction\",\"target\":{\"@type\":\"EntryPoint\",\"urlTemplate\":\"https:\\\/\\\/lasentinelle.dz\\\/?s={search_term_string}\"},\"query-input\":{\"@type\":\"PropertyValueSpecification\",\"valueRequired\":true,\"valueName\":\"search_term_string\"}}],\"inLanguage\":\"fr-FR\"},{\"@type\":\"Organization\",\"@id\":\"https:\\\/\\\/lasentinelle.dz\\\/#organization\",\"name\":\"Quotidien La Sentinelle\",\"url\":\"https:\\\/\\\/lasentinelle.dz\\\/\",\"logo\":{\"@type\":\"ImageObject\",\"inLanguage\":\"fr-FR\",\"@id\":\"https:\\\/\\\/lasentinelle.dz\\\/#\\\/schema\\\/logo\\\/image\\\/\",\"url\":\"https:\\\/\\\/lasentinelle.dz\\\/wp-content\\\/uploads\\\/2021\\\/09\\\/logo-sentinelleSLOGAN-1.png\",\"contentUrl\":\"https:\\\/\\\/lasentinelle.dz\\\/wp-content\\\/uploads\\\/2021\\\/09\\\/logo-sentinelleSLOGAN-1.png\",\"width\":615,\"height\":142,\"caption\":\"Quotidien La Sentinelle\"},\"image\":{\"@id\":\"https:\\\/\\\/lasentinelle.dz\\\/#\\\/schema\\\/logo\\\/image\\\/\"},\"sameAs\":[\"https:\\\/\\\/www.facebook.com\\\/La-Sentinelle-104059864394773\"]},{\"@type\":\"Person\",\"@id\":\"https:\\\/\\\/lasentinelle.dz\\\/#\\\/schema\\\/person\\\/d865044e22e70a75174ce8bcad3acfb3\",\"name\":\"La Sentinelle\",\"image\":{\"@type\":\"ImageObject\",\"inLanguage\":\"fr-FR\",\"@id\":\"https:\\\/\\\/secure.gravatar.com\\\/avatar\\\/57de8e5d4b15d43fb361a71fbb36338450fe67865b528a43dd10ef7c51a20392?s=96&d=mm&r=g\",\"url\":\"https:\\\/\\\/secure.gravatar.com\\\/avatar\\\/57de8e5d4b15d43fb361a71fbb36338450fe67865b528a43dd10ef7c51a20392?s=96&d=mm&r=g\",\"contentUrl\":\"https:\\\/\\\/secure.gravatar.com\\\/avatar\\\/57de8e5d4b15d43fb361a71fbb36338450fe67865b528a43dd10ef7c51a20392?s=96&d=mm&r=g\",\"caption\":\"La Sentinelle\"},\"sameAs\":[\"http:\\\/\\\/www.lasentinelle.dz\"],\"url\":\"https:\\\/\\\/lasentinelle.dz\\\/author\\\/redaction\\\/\"}]}<\/script>\n<!-- \/ Yoast SEO plugin. -->","yoast_head_json":{"title":"L\u2019horreur \u00e0 l\u2019h\u00f4pital Al-Shifa\u00a0! - La Sentinelle","robots":{"index":"index","follow":"follow","max-snippet":"max-snippet:-1","max-image-preview":"max-image-preview:large","max-video-preview":"max-video-preview:-1"},"canonical":"https:\/\/lasentinelle.dz\/index.php\/2024\/04\/02\/lhorreur-a-lhopital-al-shifa\/","og_locale":"fr_FR","og_type":"article","og_title":"L\u2019horreur \u00e0 l\u2019h\u00f4pital Al-Shifa\u00a0! - La Sentinelle","og_description":"Les forces d\u2019occupation sionistes se sont retir\u00e9es hier matin de l\u2019h\u00f4pital Al Shifa \u00e0 Ghaza apr\u00e8s 14 jours de si\u00e8ge","og_url":"https:\/\/lasentinelle.dz\/index.php\/2024\/04\/02\/lhorreur-a-lhopital-al-shifa\/","og_site_name":"La Sentinelle","article_publisher":"https:\/\/www.facebook.com\/La-Sentinelle-104059864394773","article_published_time":"2024-04-02T14:13:15+00:00","article_modified_time":"2024-04-02T14:13:24+00:00","og_image":[{"width":864,"height":499,"url":"https:\/\/lasentinelle.dz\/wp-content\/uploads\/2024\/04\/al-shifa.webp","type":"image\/webp"}],"author":"La Sentinelle","twitter_card":"summary_large_image","twitter_misc":{"\u00c9crit par":"La Sentinelle","Dur\u00e9e de lecture estim\u00e9e":"7 minutes"},"schema":{"@context":"https:\/\/schema.org","@graph":[{"@type":"Article","@id":"https:\/\/lasentinelle.dz\/index.php\/2024\/04\/02\/lhorreur-a-lhopital-al-shifa\/#article","isPartOf":{"@id":"https:\/\/lasentinelle.dz\/index.php\/2024\/04\/02\/lhorreur-a-lhopital-al-shifa\/"},"author":{"name":"La Sentinelle","@id":"https:\/\/lasentinelle.dz\/#\/schema\/person\/d865044e22e70a75174ce8bcad3acfb3"},"headline":"L\u2019horreur \u00e0 l\u2019h\u00f4pital Al-Shifa\u00a0!","datePublished":"2024-04-02T14:13:15+00:00","dateModified":"2024-04-02T14:13:24+00:00","mainEntityOfPage":{"@id":"https:\/\/lasentinelle.dz\/index.php\/2024\/04\/02\/lhorreur-a-lhopital-al-shifa\/"},"wordCount":1511,"commentCount":0,"publisher":{"@id":"https:\/\/lasentinelle.dz\/#organization"},"image":{"@id":"https:\/\/lasentinelle.dz\/index.php\/2024\/04\/02\/lhorreur-a-lhopital-al-shifa\/#primaryimage"},"thumbnailUrl":"https:\/\/lasentinelle.dz\/wp-content\/uploads\/2024\/04\/al-shifa.webp","articleSection":["\u00c0 la Une","Actualit\u00e9"],"inLanguage":"fr-FR","potentialAction":[{"@type":"CommentAction","name":"Comment","target":["https:\/\/lasentinelle.dz\/index.php\/2024\/04\/02\/lhorreur-a-lhopital-al-shifa\/#respond"]}]},{"@type":"WebPage","@id":"https:\/\/lasentinelle.dz\/index.php\/2024\/04\/02\/lhorreur-a-lhopital-al-shifa\/","url":"https:\/\/lasentinelle.dz\/index.php\/2024\/04\/02\/lhorreur-a-lhopital-al-shifa\/","name":"L\u2019horreur \u00e0 l\u2019h\u00f4pital Al-Shifa\u00a0! - La Sentinelle","isPartOf":{"@id":"https:\/\/lasentinelle.dz\/#website"},"primaryImageOfPage":{"@id":"https:\/\/lasentinelle.dz\/index.php\/2024\/04\/02\/lhorreur-a-lhopital-al-shifa\/#primaryimage"},"image":{"@id":"https:\/\/lasentinelle.dz\/index.php\/2024\/04\/02\/lhorreur-a-lhopital-al-shifa\/#primaryimage"},"thumbnailUrl":"https:\/\/lasentinelle.dz\/wp-content\/uploads\/2024\/04\/al-shifa.webp","datePublished":"2024-04-02T14:13:15+00:00","dateModified":"2024-04-02T14:13:24+00:00","breadcrumb":{"@id":"https:\/\/lasentinelle.dz\/index.php\/2024\/04\/02\/lhorreur-a-lhopital-al-shifa\/#breadcrumb"},"inLanguage":"fr-FR","potentialAction":[{"@type":"ReadAction","target":["https:\/\/lasentinelle.dz\/index.php\/2024\/04\/02\/lhorreur-a-lhopital-al-shifa\/"]}]},{"@type":"ImageObject","inLanguage":"fr-FR","@id":"https:\/\/lasentinelle.dz\/index.php\/2024\/04\/02\/lhorreur-a-lhopital-al-shifa\/#primaryimage","url":"https:\/\/lasentinelle.dz\/wp-content\/uploads\/2024\/04\/al-shifa.webp","contentUrl":"https:\/\/lasentinelle.dz\/wp-content\/uploads\/2024\/04\/al-shifa.webp","width":864,"height":499},{"@type":"BreadcrumbList","@id":"https:\/\/lasentinelle.dz\/index.php\/2024\/04\/02\/lhorreur-a-lhopital-al-shifa\/#breadcrumb","itemListElement":[{"@type":"ListItem","position":1,"name":"Accueil","item":"https:\/\/lasentinelle.dz\/"},{"@type":"ListItem","position":2,"name":"L\u2019horreur \u00e0 l\u2019h\u00f4pital Al-Shifa\u00a0!"}]},{"@type":"WebSite","@id":"https:\/\/lasentinelle.dz\/#website","url":"https:\/\/lasentinelle.dz\/","name":"La Sentinelle","description":"Quotidien national d&#039;information","publisher":{"@id":"https:\/\/lasentinelle.dz\/#organization"},"potentialAction":[{"@type":"SearchAction","target":{"@type":"EntryPoint","urlTemplate":"https:\/\/lasentinelle.dz\/?s={search_term_string}"},"query-input":{"@type":"PropertyValueSpecification","valueRequired":true,"valueName":"search_term_string"}}],"inLanguage":"fr-FR"},{"@type":"Organization","@id":"https:\/\/lasentinelle.dz\/#organization","name":"Quotidien La Sentinelle","url":"https:\/\/lasentinelle.dz\/","logo":{"@type":"ImageObject","inLanguage":"fr-FR","@id":"https:\/\/lasentinelle.dz\/#\/schema\/logo\/image\/","url":"https:\/\/lasentinelle.dz\/wp-content\/uploads\/2021\/09\/logo-sentinelleSLOGAN-1.png","contentUrl":"https:\/\/lasentinelle.dz\/wp-content\/uploads\/2021\/09\/logo-sentinelleSLOGAN-1.png","width":615,"height":142,"caption":"Quotidien La Sentinelle"},"image":{"@id":"https:\/\/lasentinelle.dz\/#\/schema\/logo\/image\/"},"sameAs":["https:\/\/www.facebook.com\/La-Sentinelle-104059864394773"]},{"@type":"Person","@id":"https:\/\/lasentinelle.dz\/#\/schema\/person\/d865044e22e70a75174ce8bcad3acfb3","name":"La Sentinelle","image":{"@type":"ImageObject","inLanguage":"fr-FR","@id":"https:\/\/secure.gravatar.com\/avatar\/57de8e5d4b15d43fb361a71fbb36338450fe67865b528a43dd10ef7c51a20392?s=96&d=mm&r=g","url":"https:\/\/secure.gravatar.com\/avatar\/57de8e5d4b15d43fb361a71fbb36338450fe67865b528a43dd10ef7c51a20392?s=96&d=mm&r=g","contentUrl":"https:\/\/secure.gravatar.com\/avatar\/57de8e5d4b15d43fb361a71fbb36338450fe67865b528a43dd10ef7c51a20392?s=96&d=mm&r=g","caption":"La Sentinelle"},"sameAs":["http:\/\/www.lasentinelle.dz"],"url":"https:\/\/lasentinelle.dz\/author\/redaction\/"}]}},"_links":{"self":[{"href":"https:\/\/lasentinelle.dz\/index.php\/wp-json\/wp\/v2\/posts\/50919","targetHints":{"allow":["GET"]}}],"collection":[{"href":"https:\/\/lasentinelle.dz\/index.php\/wp-json\/wp\/v2\/posts"}],"about":[{"href":"https:\/\/lasentinelle.dz\/index.php\/wp-json\/wp\/v2\/types\/post"}],"author":[{"embeddable":true,"href":"https:\/\/lasentinelle.dz\/index.php\/wp-json\/wp\/v2\/users\/3"}],"replies":[{"embeddable":true,"href":"https:\/\/lasentinelle.dz\/index.php\/wp-json\/wp\/v2\/comments?post=50919"}],"version-history":[{"count":1,"href":"https:\/\/lasentinelle.dz\/index.php\/wp-json\/wp\/v2\/posts\/50919\/revisions"}],"predecessor-version":[{"id":50921,"href":"https:\/\/lasentinelle.dz\/index.php\/wp-json\/wp\/v2\/posts\/50919\/revisions\/50921"}],"wp:featuredmedia":[{"embeddable":true,"href":"https:\/\/lasentinelle.dz\/index.php\/wp-json\/wp\/v2\/media\/50920"}],"wp:attachment":[{"href":"https:\/\/lasentinelle.dz\/index.php\/wp-json\/wp\/v2\/media?parent=50919"}],"wp:term":[{"taxonomy":"category","embeddable":true,"href":"https:\/\/lasentinelle.dz\/index.php\/wp-json\/wp\/v2\/categories?post=50919"},{"taxonomy":"post_tag","embeddable":true,"href":"https:\/\/lasentinelle.dz\/index.php\/wp-json\/wp\/v2\/tags?post=50919"}],"curies":[{"name":"wp","href":"https:\/\/api.w.org\/{rel}","templated":true}]}}