{"id":50932,"date":"2024-04-03T14:23:33","date_gmt":"2024-04-03T13:23:33","guid":{"rendered":"https:\/\/lasentinelle.dz\/?p=50932"},"modified":"2024-04-03T14:23:39","modified_gmt":"2024-04-03T13:23:39","slug":"oms-un-reseau-mondial-de-surveillance-des-coronavirus","status":"publish","type":"post","link":"https:\/\/lasentinelle.dz\/index.php\/2024\/04\/03\/oms-un-reseau-mondial-de-surveillance-des-coronavirus\/","title":{"rendered":"OMS\u00a0: Un r\u00e9seau mondial de surveillance des coronavirus"},"content":{"rendered":"\n<p>L&rsquo;Organisation mondiale de la sant\u00e9 (OMS) a lanc\u00e9 la semaine derni\u00e8re un nouveau r\u00e9seau de surveillance du coronavirus (Covid-19), CoViNet. Il s&rsquo;agit d&rsquo;un r\u00e9seau mondial de laboratoires poss\u00e9dant une expertise dans la surveillance des coronavirus humains, animaux et environnementaux, et comprend actuellement 36 laboratoires de 21 pays dans les six r\u00e9gions de l&rsquo;OMS, explique l&rsquo;organisation onusienne. Les repr\u00e9sentants des centres de recherche se sont r\u00e9unis \u00e0 Gen\u00e8ve les 26 et 27 mars pour finaliser le plan d&rsquo;action du r\u00e9seau pour 2024-2025. L\u2019objectif est que les Etats membres de l\u2019OMS soient mieux \u00e9quip\u00e9s pour la d\u00e9tection pr\u00e9coce, l\u2019\u00e9valuation des risques et la r\u00e9ponse aux d\u00e9fis sanitaires li\u00e9s au coronavirus. La r\u00e9union a rassembl\u00e9 des experts mondiaux de la sant\u00e9 humaine, animale et environnementale, adh\u00e9rant \u00e0 l\u2019approche globale \u00ab&nbsp;Une seule sant\u00e9&nbsp;\u00bb pour surveiller et \u00e9valuer l\u2019\u00e9volution et la propagation des coronavirus. Cette collaboration souligne l\u2019importance de l\u2019am\u00e9lioration de la surveillance, de la capacit\u00e9 des laboratoires, du s\u00e9quen\u00e7age et de l\u2019int\u00e9gration des donn\u00e9es pour \u00e9clairer les politiques de l\u2019OMS et soutenir la prise de d\u00e9cisions.<\/p>\n\n\n\n<p>Selon l\u2019OMS, CoViNet s\u2019appuie sur le r\u00e9seau de laboratoires de r\u00e9f\u00e9rence de l\u2019OMS sur la COVID-19 mis en place au d\u00e9but de la pand\u00e9mie. Initialement, le r\u00e9seau de laboratoires axait ses activit\u00e9s sur le SARS-CoV-2, le virus \u00e0 l\u2019origine de la COVID-19, mais il s\u2019int\u00e9ressera d\u00e9sormais \u00e0 un plus large \u00e9ventail de coronavirus, parmi lesquels le MERS-CoV et potentiellement de nouveaux coronavirus.<\/p>\n\n\n\n<p>\u00ab&nbsp;Les coronavirus ont d\u00e9montr\u00e9 \u00e0 maintes reprises les risques \u00e9pid\u00e9mique et pand\u00e9mique qu\u2019ils repr\u00e9sentaient. Nous remercions nos partenaires du monde entier qui collaborent pour mieux comprendre les coronavirus \u00e0 haut risque tels que le SARS, le MERS et le virus de la COVID-19, et d\u00e9tecter les \u00e9ventuels nouveaux coronavirus&nbsp;\u00bb, a d\u00e9clar\u00e9 la D<sup>re<\/sup>&nbsp;Maria Van&nbsp;Kerkhove, Directrice par int\u00e9rim du D\u00e9partement Pr\u00e9vention et pr\u00e9paration aux \u00e9pid\u00e9mies et pand\u00e9mies de l\u2019OMS. \u00ab&nbsp;Ce nouveau r\u00e9seau mondial consacr\u00e9 aux coronavirus assurera la d\u00e9tection, la surveillance et l\u2019\u00e9valuation en temps opportun des coronavirus importants pour la sant\u00e9 publique.&nbsp;\u00bb<\/p>\n\n\n\n<p>Les donn\u00e9es g\u00e9n\u00e9r\u00e9es gr\u00e2ce aux efforts de CoViNet seront utiles aux travaux des groupes consultatifs techniques de l\u2019OMS sur l\u2019\u00e9volution virale (TAG-VE) et la composition des vaccins (TAG-CO-VAC), entre autres, en permettant de garantir que les politiques et les outils de sant\u00e9 mondiale reposent sur les informations scientifiques les plus r\u00e9centes.<\/p>\n\n\n\n<p>R.N.<\/p>\n","protected":false},"excerpt":{"rendered":"<p>L&rsquo;Organisation mondiale de la sant\u00e9 (OMS) a lanc\u00e9 la semaine derni\u00e8re un nouveau r\u00e9seau de surveillance du coronavirus (Covid-19), CoViNet.<\/p>\n","protected":false},"author":3,"featured_media":25845,"comment_status":"open","ping_status":"closed","sticky":false,"template":"","format":"standard","meta":{"colormag_page_container_layout":"default_layout","colormag_page_sidebar_layout":"default_layout","om_disable_all_campaigns":false,"_monsterinsights_skip_tracking":false,"_monsterinsights_sitenote_active":false,"_monsterinsights_sitenote_note":"","_monsterinsights_sitenote_category":0,"footnotes":"","_wpscppro_dont_share_socialmedia":false,"_wpscppro_custom_social_share_image":0,"_facebook_share_type":"","_twitter_share_type":"","_linkedin_share_type":"","_pinterest_share_type":"","_linkedin_share_type_page":"","_instagram_share_type":"","_medium_share_type":"","_threads_share_type":"","_google_business_share_type":"","_selected_social_profile":[],"_wpsp_enable_custom_social_template":false,"_wpsp_social_scheduling":{"enabled":false,"datetime":null,"platforms":[],"status":"template_only","dateOption":"today","timeOption":"now","customDays":"","customHours":"","customDate":"","customTime":"","schedulingType":"absolute"},"_wpsp_active_default_template":true},"categories":[27],"tags":[],"class_list":["post-50932","post","type-post","status-publish","format-standard","has-post-thumbnail","hentry","category-actualite"],"aioseo_notices":[],"yoast_head":"<!-- This site is optimized with the Yoast SEO plugin v27.5 - https:\/\/yoast.com\/product\/yoast-seo-wordpress\/ -->\n<title>OMS\u00a0: Un r\u00e9seau mondial de surveillance des coronavirus - La Sentinelle<\/title>\n<meta name=\"robots\" content=\"index, follow, max-snippet:-1, max-image-preview:large, max-video-preview:-1\" \/>\n<link rel=\"canonical\" href=\"https:\/\/lasentinelle.dz\/index.php\/2024\/04\/03\/oms-un-reseau-mondial-de-surveillance-des-coronavirus\/\" \/>\n<meta property=\"og:locale\" content=\"fr_FR\" \/>\n<meta property=\"og:type\" content=\"article\" \/>\n<meta property=\"og:title\" content=\"OMS\u00a0: Un r\u00e9seau mondial de surveillance des coronavirus - La Sentinelle\" \/>\n<meta property=\"og:description\" content=\"L&rsquo;Organisation mondiale de la sant\u00e9 (OMS) a lanc\u00e9 la semaine derni\u00e8re un nouveau r\u00e9seau de surveillance du coronavirus (Covid-19), CoViNet.\" \/>\n<meta property=\"og:url\" content=\"https:\/\/lasentinelle.dz\/index.php\/2024\/04\/03\/oms-un-reseau-mondial-de-surveillance-des-coronavirus\/\" \/>\n<meta property=\"og:site_name\" content=\"La Sentinelle\" \/>\n<meta property=\"article:publisher\" content=\"https:\/\/www.facebook.com\/La-Sentinelle-104059864394773\" \/>\n<meta property=\"article:published_time\" content=\"2024-04-03T13:23:33+00:00\" \/>\n<meta property=\"article:modified_time\" content=\"2024-04-03T13:23:39+00:00\" \/>\n<meta name=\"author\" content=\"La Sentinelle\" \/>\n<meta name=\"twitter:card\" content=\"summary_large_image\" \/>\n<meta name=\"twitter:label1\" content=\"\u00c9crit par\" \/>\n\t<meta name=\"twitter:data1\" content=\"La Sentinelle\" \/>\n\t<meta name=\"twitter:label2\" content=\"Dur\u00e9e de lecture estim\u00e9e\" \/>\n\t<meta name=\"twitter:data2\" content=\"2 minutes\" \/>\n<script type=\"application\/ld+json\" class=\"yoast-schema-graph\">{\"@context\":\"https:\\\/\\\/schema.org\",\"@graph\":[{\"@type\":\"Article\",\"@id\":\"https:\\\/\\\/lasentinelle.dz\\\/index.php\\\/2024\\\/04\\\/03\\\/oms-un-reseau-mondial-de-surveillance-des-coronavirus\\\/#article\",\"isPartOf\":{\"@id\":\"https:\\\/\\\/lasentinelle.dz\\\/index.php\\\/2024\\\/04\\\/03\\\/oms-un-reseau-mondial-de-surveillance-des-coronavirus\\\/\"},\"author\":{\"name\":\"La Sentinelle\",\"@id\":\"https:\\\/\\\/lasentinelle.dz\\\/#\\\/schema\\\/person\\\/d865044e22e70a75174ce8bcad3acfb3\"},\"headline\":\"OMS\u00a0: Un r\u00e9seau mondial de surveillance des coronavirus\",\"datePublished\":\"2024-04-03T13:23:33+00:00\",\"dateModified\":\"2024-04-03T13:23:39+00:00\",\"mainEntityOfPage\":{\"@id\":\"https:\\\/\\\/lasentinelle.dz\\\/index.php\\\/2024\\\/04\\\/03\\\/oms-un-reseau-mondial-de-surveillance-des-coronavirus\\\/\"},\"wordCount\":465,\"commentCount\":0,\"publisher\":{\"@id\":\"https:\\\/\\\/lasentinelle.dz\\\/#organization\"},\"image\":{\"@id\":\"https:\\\/\\\/lasentinelle.dz\\\/index.php\\\/2024\\\/04\\\/03\\\/oms-un-reseau-mondial-de-surveillance-des-coronavirus\\\/#primaryimage\"},\"thumbnailUrl\":\"https:\\\/\\\/lasentinelle.dz\\\/wp-content\\\/uploads\\\/2022\\\/08\\\/pandemie-loms-mobilise-le-monde-pour-un-acces-universel-aux-vaccins.png\",\"articleSection\":[\"Actualit\u00e9\"],\"inLanguage\":\"fr-FR\",\"potentialAction\":[{\"@type\":\"CommentAction\",\"name\":\"Comment\",\"target\":[\"https:\\\/\\\/lasentinelle.dz\\\/index.php\\\/2024\\\/04\\\/03\\\/oms-un-reseau-mondial-de-surveillance-des-coronavirus\\\/#respond\"]}]},{\"@type\":\"WebPage\",\"@id\":\"https:\\\/\\\/lasentinelle.dz\\\/index.php\\\/2024\\\/04\\\/03\\\/oms-un-reseau-mondial-de-surveillance-des-coronavirus\\\/\",\"url\":\"https:\\\/\\\/lasentinelle.dz\\\/index.php\\\/2024\\\/04\\\/03\\\/oms-un-reseau-mondial-de-surveillance-des-coronavirus\\\/\",\"name\":\"OMS\u00a0: Un r\u00e9seau mondial de surveillance des coronavirus - La Sentinelle\",\"isPartOf\":{\"@id\":\"https:\\\/\\\/lasentinelle.dz\\\/#website\"},\"primaryImageOfPage\":{\"@id\":\"https:\\\/\\\/lasentinelle.dz\\\/index.php\\\/2024\\\/04\\\/03\\\/oms-un-reseau-mondial-de-surveillance-des-coronavirus\\\/#primaryimage\"},\"image\":{\"@id\":\"https:\\\/\\\/lasentinelle.dz\\\/index.php\\\/2024\\\/04\\\/03\\\/oms-un-reseau-mondial-de-surveillance-des-coronavirus\\\/#primaryimage\"},\"thumbnailUrl\":\"https:\\\/\\\/lasentinelle.dz\\\/wp-content\\\/uploads\\\/2022\\\/08\\\/pandemie-loms-mobilise-le-monde-pour-un-acces-universel-aux-vaccins.png\",\"datePublished\":\"2024-04-03T13:23:33+00:00\",\"dateModified\":\"2024-04-03T13:23:39+00:00\",\"breadcrumb\":{\"@id\":\"https:\\\/\\\/lasentinelle.dz\\\/index.php\\\/2024\\\/04\\\/03\\\/oms-un-reseau-mondial-de-surveillance-des-coronavirus\\\/#breadcrumb\"},\"inLanguage\":\"fr-FR\",\"potentialAction\":[{\"@type\":\"ReadAction\",\"target\":[\"https:\\\/\\\/lasentinelle.dz\\\/index.php\\\/2024\\\/04\\\/03\\\/oms-un-reseau-mondial-de-surveillance-des-coronavirus\\\/\"]}]},{\"@type\":\"ImageObject\",\"inLanguage\":\"fr-FR\",\"@id\":\"https:\\\/\\\/lasentinelle.dz\\\/index.php\\\/2024\\\/04\\\/03\\\/oms-un-reseau-mondial-de-surveillance-des-coronavirus\\\/#primaryimage\",\"url\":\"https:\\\/\\\/lasentinelle.dz\\\/wp-content\\\/uploads\\\/2022\\\/08\\\/pandemie-loms-mobilise-le-monde-pour-un-acces-universel-aux-vaccins.png\",\"contentUrl\":\"https:\\\/\\\/lasentinelle.dz\\\/wp-content\\\/uploads\\\/2022\\\/08\\\/pandemie-loms-mobilise-le-monde-pour-un-acces-universel-aux-vaccins.png\",\"width\":532,\"height\":354},{\"@type\":\"BreadcrumbList\",\"@id\":\"https:\\\/\\\/lasentinelle.dz\\\/index.php\\\/2024\\\/04\\\/03\\\/oms-un-reseau-mondial-de-surveillance-des-coronavirus\\\/#breadcrumb\",\"itemListElement\":[{\"@type\":\"ListItem\",\"position\":1,\"name\":\"Accueil\",\"item\":\"https:\\\/\\\/lasentinelle.dz\\\/\"},{\"@type\":\"ListItem\",\"position\":2,\"name\":\"OMS\u00a0: Un r\u00e9seau mondial de surveillance des coronavirus\"}]},{\"@type\":\"WebSite\",\"@id\":\"https:\\\/\\\/lasentinelle.dz\\\/#website\",\"url\":\"https:\\\/\\\/lasentinelle.dz\\\/\",\"name\":\"La Sentinelle\",\"description\":\"Quotidien national d&#039;information\",\"publisher\":{\"@id\":\"https:\\\/\\\/lasentinelle.dz\\\/#organization\"},\"potentialAction\":[{\"@type\":\"SearchAction\",\"target\":{\"@type\":\"EntryPoint\",\"urlTemplate\":\"https:\\\/\\\/lasentinelle.dz\\\/?s={search_term_string}\"},\"query-input\":{\"@type\":\"PropertyValueSpecification\",\"valueRequired\":true,\"valueName\":\"search_term_string\"}}],\"inLanguage\":\"fr-FR\"},{\"@type\":\"Organization\",\"@id\":\"https:\\\/\\\/lasentinelle.dz\\\/#organization\",\"name\":\"Quotidien La Sentinelle\",\"url\":\"https:\\\/\\\/lasentinelle.dz\\\/\",\"logo\":{\"@type\":\"ImageObject\",\"inLanguage\":\"fr-FR\",\"@id\":\"https:\\\/\\\/lasentinelle.dz\\\/#\\\/schema\\\/logo\\\/image\\\/\",\"url\":\"https:\\\/\\\/lasentinelle.dz\\\/wp-content\\\/uploads\\\/2021\\\/09\\\/logo-sentinelleSLOGAN-1.png\",\"contentUrl\":\"https:\\\/\\\/lasentinelle.dz\\\/wp-content\\\/uploads\\\/2021\\\/09\\\/logo-sentinelleSLOGAN-1.png\",\"width\":615,\"height\":142,\"caption\":\"Quotidien La Sentinelle\"},\"image\":{\"@id\":\"https:\\\/\\\/lasentinelle.dz\\\/#\\\/schema\\\/logo\\\/image\\\/\"},\"sameAs\":[\"https:\\\/\\\/www.facebook.com\\\/La-Sentinelle-104059864394773\"]},{\"@type\":\"Person\",\"@id\":\"https:\\\/\\\/lasentinelle.dz\\\/#\\\/schema\\\/person\\\/d865044e22e70a75174ce8bcad3acfb3\",\"name\":\"La Sentinelle\",\"image\":{\"@type\":\"ImageObject\",\"inLanguage\":\"fr-FR\",\"@id\":\"https:\\\/\\\/secure.gravatar.com\\\/avatar\\\/57de8e5d4b15d43fb361a71fbb36338450fe67865b528a43dd10ef7c51a20392?s=96&d=mm&r=g\",\"url\":\"https:\\\/\\\/secure.gravatar.com\\\/avatar\\\/57de8e5d4b15d43fb361a71fbb36338450fe67865b528a43dd10ef7c51a20392?s=96&d=mm&r=g\",\"contentUrl\":\"https:\\\/\\\/secure.gravatar.com\\\/avatar\\\/57de8e5d4b15d43fb361a71fbb36338450fe67865b528a43dd10ef7c51a20392?s=96&d=mm&r=g\",\"caption\":\"La Sentinelle\"},\"sameAs\":[\"http:\\\/\\\/www.lasentinelle.dz\"],\"url\":\"https:\\\/\\\/lasentinelle.dz\\\/author\\\/redaction\\\/\"}]}<\/script>\n<!-- \/ Yoast SEO plugin. -->","yoast_head_json":{"title":"OMS\u00a0: Un r\u00e9seau mondial de surveillance des coronavirus - La Sentinelle","robots":{"index":"index","follow":"follow","max-snippet":"max-snippet:-1","max-image-preview":"max-image-preview:large","max-video-preview":"max-video-preview:-1"},"canonical":"https:\/\/lasentinelle.dz\/index.php\/2024\/04\/03\/oms-un-reseau-mondial-de-surveillance-des-coronavirus\/","og_locale":"fr_FR","og_type":"article","og_title":"OMS\u00a0: Un r\u00e9seau mondial de surveillance des coronavirus - La Sentinelle","og_description":"L&rsquo;Organisation mondiale de la sant\u00e9 (OMS) a lanc\u00e9 la semaine derni\u00e8re un nouveau r\u00e9seau de surveillance du coronavirus (Covid-19), CoViNet.","og_url":"https:\/\/lasentinelle.dz\/index.php\/2024\/04\/03\/oms-un-reseau-mondial-de-surveillance-des-coronavirus\/","og_site_name":"La Sentinelle","article_publisher":"https:\/\/www.facebook.com\/La-Sentinelle-104059864394773","article_published_time":"2024-04-03T13:23:33+00:00","article_modified_time":"2024-04-03T13:23:39+00:00","author":"La Sentinelle","twitter_card":"summary_large_image","twitter_misc":{"\u00c9crit par":"La Sentinelle","Dur\u00e9e de lecture estim\u00e9e":"2 minutes"},"schema":{"@context":"https:\/\/schema.org","@graph":[{"@type":"Article","@id":"https:\/\/lasentinelle.dz\/index.php\/2024\/04\/03\/oms-un-reseau-mondial-de-surveillance-des-coronavirus\/#article","isPartOf":{"@id":"https:\/\/lasentinelle.dz\/index.php\/2024\/04\/03\/oms-un-reseau-mondial-de-surveillance-des-coronavirus\/"},"author":{"name":"La Sentinelle","@id":"https:\/\/lasentinelle.dz\/#\/schema\/person\/d865044e22e70a75174ce8bcad3acfb3"},"headline":"OMS\u00a0: Un r\u00e9seau mondial de surveillance des coronavirus","datePublished":"2024-04-03T13:23:33+00:00","dateModified":"2024-04-03T13:23:39+00:00","mainEntityOfPage":{"@id":"https:\/\/lasentinelle.dz\/index.php\/2024\/04\/03\/oms-un-reseau-mondial-de-surveillance-des-coronavirus\/"},"wordCount":465,"commentCount":0,"publisher":{"@id":"https:\/\/lasentinelle.dz\/#organization"},"image":{"@id":"https:\/\/lasentinelle.dz\/index.php\/2024\/04\/03\/oms-un-reseau-mondial-de-surveillance-des-coronavirus\/#primaryimage"},"thumbnailUrl":"https:\/\/lasentinelle.dz\/wp-content\/uploads\/2022\/08\/pandemie-loms-mobilise-le-monde-pour-un-acces-universel-aux-vaccins.png","articleSection":["Actualit\u00e9"],"inLanguage":"fr-FR","potentialAction":[{"@type":"CommentAction","name":"Comment","target":["https:\/\/lasentinelle.dz\/index.php\/2024\/04\/03\/oms-un-reseau-mondial-de-surveillance-des-coronavirus\/#respond"]}]},{"@type":"WebPage","@id":"https:\/\/lasentinelle.dz\/index.php\/2024\/04\/03\/oms-un-reseau-mondial-de-surveillance-des-coronavirus\/","url":"https:\/\/lasentinelle.dz\/index.php\/2024\/04\/03\/oms-un-reseau-mondial-de-surveillance-des-coronavirus\/","name":"OMS\u00a0: Un r\u00e9seau mondial de surveillance des coronavirus - La Sentinelle","isPartOf":{"@id":"https:\/\/lasentinelle.dz\/#website"},"primaryImageOfPage":{"@id":"https:\/\/lasentinelle.dz\/index.php\/2024\/04\/03\/oms-un-reseau-mondial-de-surveillance-des-coronavirus\/#primaryimage"},"image":{"@id":"https:\/\/lasentinelle.dz\/index.php\/2024\/04\/03\/oms-un-reseau-mondial-de-surveillance-des-coronavirus\/#primaryimage"},"thumbnailUrl":"https:\/\/lasentinelle.dz\/wp-content\/uploads\/2022\/08\/pandemie-loms-mobilise-le-monde-pour-un-acces-universel-aux-vaccins.png","datePublished":"2024-04-03T13:23:33+00:00","dateModified":"2024-04-03T13:23:39+00:00","breadcrumb":{"@id":"https:\/\/lasentinelle.dz\/index.php\/2024\/04\/03\/oms-un-reseau-mondial-de-surveillance-des-coronavirus\/#breadcrumb"},"inLanguage":"fr-FR","potentialAction":[{"@type":"ReadAction","target":["https:\/\/lasentinelle.dz\/index.php\/2024\/04\/03\/oms-un-reseau-mondial-de-surveillance-des-coronavirus\/"]}]},{"@type":"ImageObject","inLanguage":"fr-FR","@id":"https:\/\/lasentinelle.dz\/index.php\/2024\/04\/03\/oms-un-reseau-mondial-de-surveillance-des-coronavirus\/#primaryimage","url":"https:\/\/lasentinelle.dz\/wp-content\/uploads\/2022\/08\/pandemie-loms-mobilise-le-monde-pour-un-acces-universel-aux-vaccins.png","contentUrl":"https:\/\/lasentinelle.dz\/wp-content\/uploads\/2022\/08\/pandemie-loms-mobilise-le-monde-pour-un-acces-universel-aux-vaccins.png","width":532,"height":354},{"@type":"BreadcrumbList","@id":"https:\/\/lasentinelle.dz\/index.php\/2024\/04\/03\/oms-un-reseau-mondial-de-surveillance-des-coronavirus\/#breadcrumb","itemListElement":[{"@type":"ListItem","position":1,"name":"Accueil","item":"https:\/\/lasentinelle.dz\/"},{"@type":"ListItem","position":2,"name":"OMS\u00a0: Un r\u00e9seau mondial de surveillance des coronavirus"}]},{"@type":"WebSite","@id":"https:\/\/lasentinelle.dz\/#website","url":"https:\/\/lasentinelle.dz\/","name":"La Sentinelle","description":"Quotidien national d&#039;information","publisher":{"@id":"https:\/\/lasentinelle.dz\/#organization"},"potentialAction":[{"@type":"SearchAction","target":{"@type":"EntryPoint","urlTemplate":"https:\/\/lasentinelle.dz\/?s={search_term_string}"},"query-input":{"@type":"PropertyValueSpecification","valueRequired":true,"valueName":"search_term_string"}}],"inLanguage":"fr-FR"},{"@type":"Organization","@id":"https:\/\/lasentinelle.dz\/#organization","name":"Quotidien La Sentinelle","url":"https:\/\/lasentinelle.dz\/","logo":{"@type":"ImageObject","inLanguage":"fr-FR","@id":"https:\/\/lasentinelle.dz\/#\/schema\/logo\/image\/","url":"https:\/\/lasentinelle.dz\/wp-content\/uploads\/2021\/09\/logo-sentinelleSLOGAN-1.png","contentUrl":"https:\/\/lasentinelle.dz\/wp-content\/uploads\/2021\/09\/logo-sentinelleSLOGAN-1.png","width":615,"height":142,"caption":"Quotidien La Sentinelle"},"image":{"@id":"https:\/\/lasentinelle.dz\/#\/schema\/logo\/image\/"},"sameAs":["https:\/\/www.facebook.com\/La-Sentinelle-104059864394773"]},{"@type":"Person","@id":"https:\/\/lasentinelle.dz\/#\/schema\/person\/d865044e22e70a75174ce8bcad3acfb3","name":"La Sentinelle","image":{"@type":"ImageObject","inLanguage":"fr-FR","@id":"https:\/\/secure.gravatar.com\/avatar\/57de8e5d4b15d43fb361a71fbb36338450fe67865b528a43dd10ef7c51a20392?s=96&d=mm&r=g","url":"https:\/\/secure.gravatar.com\/avatar\/57de8e5d4b15d43fb361a71fbb36338450fe67865b528a43dd10ef7c51a20392?s=96&d=mm&r=g","contentUrl":"https:\/\/secure.gravatar.com\/avatar\/57de8e5d4b15d43fb361a71fbb36338450fe67865b528a43dd10ef7c51a20392?s=96&d=mm&r=g","caption":"La Sentinelle"},"sameAs":["http:\/\/www.lasentinelle.dz"],"url":"https:\/\/lasentinelle.dz\/author\/redaction\/"}]}},"_links":{"self":[{"href":"https:\/\/lasentinelle.dz\/index.php\/wp-json\/wp\/v2\/posts\/50932","targetHints":{"allow":["GET"]}}],"collection":[{"href":"https:\/\/lasentinelle.dz\/index.php\/wp-json\/wp\/v2\/posts"}],"about":[{"href":"https:\/\/lasentinelle.dz\/index.php\/wp-json\/wp\/v2\/types\/post"}],"author":[{"embeddable":true,"href":"https:\/\/lasentinelle.dz\/index.php\/wp-json\/wp\/v2\/users\/3"}],"replies":[{"embeddable":true,"href":"https:\/\/lasentinelle.dz\/index.php\/wp-json\/wp\/v2\/comments?post=50932"}],"version-history":[{"count":1,"href":"https:\/\/lasentinelle.dz\/index.php\/wp-json\/wp\/v2\/posts\/50932\/revisions"}],"predecessor-version":[{"id":50933,"href":"https:\/\/lasentinelle.dz\/index.php\/wp-json\/wp\/v2\/posts\/50932\/revisions\/50933"}],"wp:featuredmedia":[{"embeddable":true,"href":"https:\/\/lasentinelle.dz\/index.php\/wp-json\/wp\/v2\/media\/25845"}],"wp:attachment":[{"href":"https:\/\/lasentinelle.dz\/index.php\/wp-json\/wp\/v2\/media?parent=50932"}],"wp:term":[{"taxonomy":"category","embeddable":true,"href":"https:\/\/lasentinelle.dz\/index.php\/wp-json\/wp\/v2\/categories?post=50932"},{"taxonomy":"post_tag","embeddable":true,"href":"https:\/\/lasentinelle.dz\/index.php\/wp-json\/wp\/v2\/tags?post=50932"}],"curies":[{"name":"wp","href":"https:\/\/api.w.org\/{rel}","templated":true}]}}