{"id":50940,"date":"2024-04-03T14:47:01","date_gmt":"2024-04-03T13:47:01","guid":{"rendered":"https:\/\/lasentinelle.dz\/?p=50940"},"modified":"2024-04-03T14:47:05","modified_gmt":"2024-04-03T13:47:05","slug":"13e-festival-de-la-chanson-chaabie-mohamed-yacine-lounici-laureat-du-premier-prix","status":"publish","type":"post","link":"https:\/\/lasentinelle.dz\/index.php\/2024\/04\/03\/13e-festival-de-la-chanson-chaabie-mohamed-yacine-lounici-laureat-du-premier-prix\/","title":{"rendered":"13e Festival de la chanson cha\u00e2bie\u00a0: Mohamed Yacine Lounici laur\u00e9at du Premier Prix"},"content":{"rendered":"\n<p>Le chanteur Mohamed Yacine Lounici de Ain Defla a \u00e9t\u00e9 distingu\u00e9, lundi \u00e0 Alger, du 1er Prix au 13e Festival culturel national de la chanson cha\u00e2bie, en pr\u00e9sence de la ministre de la Culture et des Arts, Soraya Mouloudji, accompagn\u00e9e de plusieurs invit\u00e9s de marque.<\/p>\n\n\n\n<p>A l\u2019Auditorium Moufdi-Zakaria \u00e0 Kouba, les deuxi\u00e8me et troisi\u00e8me prix ont \u00e9t\u00e9 d\u00e9cern\u00e9s \u00e0 la Jeune chanteuse, Marwa Larabi de Blida et \u00e0 Belkacem Kadri de Bejaia, alors que le prix du Jury a \u00e9t\u00e9 obtenu par la jeune,Sabriya Bouadjedj de Mostaganem. Soraya Mouloudji \u00e9tait accompagn\u00e9e du Commissaire de la 13e \u00e9dition de ce festival, Abdelkader Bendemache, du pr\u00e9sident du Conseil national des Droits de l\u2019Homme, Abdelmadjid Za\u00e2lani, de directeurs d\u2019Institutionsculturelles sous tutelle, ainsi que de grande figures de la Chanson cha\u00e2bie, \u00e0 l\u2019instar de H\u2019cissen Saadi, ainsi que d\u2019autres, \u00e0 qui le festival a rendu hommage, Abderrahmane El Kobbi et Mehdi Tamache notamment. La ministre de la Culture et des Arts a d\u2019abord, fait part, lors d\u2019un point de presse, de \u00ab son bonheur \u00bb d\u2019assister \u00e0 la cl\u00f4ture du 13e Festival culturel national de la Chanson cha\u00e2bie, qui, a-t-elle not\u00e9 avec satisfaction, \u00ab a pris lors de cette \u00e9dition, la forme d\u2019un concours national \u00bb. Soraya Mouloudji a fait savoir que les quatre laur\u00e9ats de ce festival \u00ab b\u00e9n\u00e9ficieront de la possibilit\u00e9 d\u2019enregistrer leurs premiers albums, apr\u00e8s avoir \u00e9t\u00e9 encadr\u00e9s, avec les treize autres candidats en lice pour le podium, dans des ateliers de formation \u00bb. \u00ab Ce festival, a poursuivi la ministre, a \u00e9galement \u00e9t\u00e9 couronn\u00e9 par la parution d\u2019une pr\u00e9cieuse publication contenant les po\u00e9sies du Melhoun des deux derni\u00e8res \u00e9ditions de ce festival \u00bb. Pr\u00e9sid\u00e9 par Mustapha Bouafia, le jury, compos\u00e9 notamment de Khaled Yacine Chahlal, Sid Ali Driss, Abdelkader Rezkellah et Nacer Mokdad, a relev\u00e9 l\u2019 \u00bb\u00e9quivalence des niveaux \u00bb des candidats, expliquant que l\u2019\u00e9valuation a tenu compte de sept crit\u00e8res parmi lesquels, l\u2019originalit\u00e9, la justesse et la bonne diction dans l\u2019interpr\u00e9tation du texte (qcid), la cr\u00e9ativit\u00e9 et la pr\u00e9cision dans les ornements, ainsi que la maitrise m\u00e9lodique et rythmique du texte. Le nombreux public de l\u2019Auditorium du palais de la Culture Moufdi-Zakaria, o\u00f9 le festival a \u00e9lu domicile depuis le 28 mars dernier, a eu droit \u00e0 une soir\u00e9e pleine, avec une programmation vari\u00e9e, entre concerts de chants, projections vid\u00e9o, hommages aux grandes figures de la chanson cha\u00e2bie, d\u00e9clamation de po\u00e9sie du Melhoun et proclamation des r\u00e9sultats. Soutenu par un orchestre d\u2019une quinzaine de musiciens professionnels dirig\u00e9 par le grand maestro El Hadi El Anka, le laur\u00e9at de ce 13e festival, Mohamed Yacine Lounici est remont\u00e9 sur sc\u00e8ne pour reprendre, avec une voix<\/p>\n\n\n\n<p>pr\u00e9sente et \u00e9toff\u00e9e, le r\u00e9pertoire qu\u2019il avait choisi pour concourir \u00e0 cette \u00e9dition. Ouverte dans la solennit\u00e9, avec la diffusion de l\u2019Hymne national alg\u00e9rien, suivi par un court documentaire sur la r\u00e9silience du peuple palestinien \u00e0 Ghaza notamment, contre la barbarie de l\u2019arm\u00e9e d\u2019occupation sioniste, lac\u00e9r\u00e9monie de cl\u00f4ture de ce 13e festival, a ensuite, vu l\u2019ensemble des candidats au podium s\u2019investir en chorale pour interpr\u00e9ter \u00e0 l\u2019unisson, \u00ab Nahdilek rouhi ou mali ya Ardh Filastine \u00bb de Mohamed El Badji (1933-2003). Tr\u00e8s applaudi par le public pour la qualit\u00e9 de son interpr\u00e9tation et f\u00e9licit\u00e9 par Soraya Mouloudji qui lui a remis une distinction honorifique, Lamine Sadi, avait brillamment interpr\u00e9t\u00e9, \u00ab Nari ou kerah\u2019ti \u00bb, \u00ab Ma rit fel\u2019mlah b\u2019halou \u00bb, \u00ab El horm ya R\u2019soul Allah \u00bb et de conclure en apoth\u00e9ose avec \u00ab Ferhi ya Rabbi \u00bb. Les parcours prolifiques des cheikhs, Mehdi Tamache, Kamel Bourdib et Abderrahmane El Kobbi, \u00e0 qui la ministre a rendu hommage et remis des distinctions honorifiques, ont \u00e9t\u00e9 rappel\u00e9s dans de courts documentaires film\u00e9s, interf\u00e9r\u00e9s par un rappel en musique d\u2019une partie de l\u2019\u0153uvre du \u00ab Cardinal \u00bb de la chanson cha\u00e2bie, El Hadj M\u2019Hamed El Anka, et la d\u00e9clamation de Djamel Fodhil, po\u00e8te du Melhoun, de l\u2019une de ses po\u00e9sies. Laissant le meilleure pour la fin, H\u00e7issen Saadi, soutenu sur la piste de danse par son petit fils Hani Amer Slimani (7 ans) qui donnait la r\u00e9plique au petit Bara\u00e2 Bermak (6 ans), a enflamm\u00e9 la salle \u00e0 l\u2019issue de cette soir\u00e9e de cl\u00f4ture, avec un \u00ab ton ankaoui \u00bb des plus authentiques.<\/p>\n\n\n\n<p>APS<\/p>\n","protected":false},"excerpt":{"rendered":"<p>Le chanteur Mohamed Yacine Lounici de Ain Defla a \u00e9t\u00e9 distingu\u00e9, lundi \u00e0 Alger, du 1er Prix au 13e Festival<\/p>\n","protected":false},"author":3,"featured_media":50941,"comment_status":"open","ping_status":"closed","sticky":false,"template":"","format":"standard","meta":{"colormag_page_container_layout":"default_layout","colormag_page_sidebar_layout":"default_layout","om_disable_all_campaigns":false,"_monsterinsights_skip_tracking":false,"_monsterinsights_sitenote_active":false,"_monsterinsights_sitenote_note":"","_monsterinsights_sitenote_category":0,"footnotes":"","_wpscppro_dont_share_socialmedia":false,"_wpscppro_custom_social_share_image":0,"_facebook_share_type":"","_twitter_share_type":"","_linkedin_share_type":"","_pinterest_share_type":"","_linkedin_share_type_page":"","_instagram_share_type":"","_medium_share_type":"","_threads_share_type":"","_google_business_share_type":"","_selected_social_profile":[],"_wpsp_enable_custom_social_template":false,"_wpsp_social_scheduling":{"enabled":false,"datetime":null,"platforms":[],"status":"template_only","dateOption":"today","timeOption":"now","customDays":"","customHours":"","customDate":"","customTime":"","schedulingType":"absolute"},"_wpsp_active_default_template":true},"categories":[36],"tags":[],"class_list":["post-50940","post","type-post","status-publish","format-standard","has-post-thumbnail","hentry","category-culture"],"aioseo_notices":[],"yoast_head":"<!-- This site is optimized with the Yoast SEO plugin v27.5 - https:\/\/yoast.com\/product\/yoast-seo-wordpress\/ -->\n<title>13e Festival de la chanson cha\u00e2bie\u00a0: Mohamed Yacine Lounici laur\u00e9at du Premier Prix - La Sentinelle<\/title>\n<meta name=\"robots\" content=\"index, follow, max-snippet:-1, max-image-preview:large, max-video-preview:-1\" \/>\n<link rel=\"canonical\" href=\"https:\/\/lasentinelle.dz\/index.php\/2024\/04\/03\/13e-festival-de-la-chanson-chaabie-mohamed-yacine-lounici-laureat-du-premier-prix\/\" \/>\n<meta property=\"og:locale\" content=\"fr_FR\" \/>\n<meta property=\"og:type\" content=\"article\" \/>\n<meta property=\"og:title\" content=\"13e Festival de la chanson cha\u00e2bie\u00a0: Mohamed Yacine Lounici laur\u00e9at du Premier Prix - La Sentinelle\" \/>\n<meta property=\"og:description\" content=\"Le chanteur Mohamed Yacine Lounici de Ain Defla a \u00e9t\u00e9 distingu\u00e9, lundi \u00e0 Alger, du 1er Prix au 13e Festival\" \/>\n<meta property=\"og:url\" content=\"https:\/\/lasentinelle.dz\/index.php\/2024\/04\/03\/13e-festival-de-la-chanson-chaabie-mohamed-yacine-lounici-laureat-du-premier-prix\/\" \/>\n<meta property=\"og:site_name\" content=\"La Sentinelle\" \/>\n<meta property=\"article:publisher\" content=\"https:\/\/www.facebook.com\/La-Sentinelle-104059864394773\" \/>\n<meta property=\"article:published_time\" content=\"2024-04-03T13:47:01+00:00\" \/>\n<meta property=\"article:modified_time\" content=\"2024-04-03T13:47:05+00:00\" \/>\n<meta property=\"og:image\" content=\"https:\/\/lasentinelle.dz\/wp-content\/uploads\/2024\/04\/festival.jpeg\" \/>\n\t<meta property=\"og:image:width\" content=\"1080\" \/>\n\t<meta property=\"og:image:height\" content=\"608\" \/>\n\t<meta property=\"og:image:type\" content=\"image\/jpeg\" \/>\n<meta name=\"author\" content=\"La Sentinelle\" \/>\n<meta name=\"twitter:card\" content=\"summary_large_image\" \/>\n<meta name=\"twitter:label1\" content=\"\u00c9crit par\" \/>\n\t<meta name=\"twitter:data1\" content=\"La Sentinelle\" \/>\n\t<meta name=\"twitter:label2\" content=\"Dur\u00e9e de lecture estim\u00e9e\" \/>\n\t<meta name=\"twitter:data2\" content=\"4 minutes\" \/>\n<script type=\"application\/ld+json\" class=\"yoast-schema-graph\">{\"@context\":\"https:\\\/\\\/schema.org\",\"@graph\":[{\"@type\":\"Article\",\"@id\":\"https:\\\/\\\/lasentinelle.dz\\\/index.php\\\/2024\\\/04\\\/03\\\/13e-festival-de-la-chanson-chaabie-mohamed-yacine-lounici-laureat-du-premier-prix\\\/#article\",\"isPartOf\":{\"@id\":\"https:\\\/\\\/lasentinelle.dz\\\/index.php\\\/2024\\\/04\\\/03\\\/13e-festival-de-la-chanson-chaabie-mohamed-yacine-lounici-laureat-du-premier-prix\\\/\"},\"author\":{\"name\":\"La Sentinelle\",\"@id\":\"https:\\\/\\\/lasentinelle.dz\\\/#\\\/schema\\\/person\\\/d865044e22e70a75174ce8bcad3acfb3\"},\"headline\":\"13e Festival de la chanson cha\u00e2bie\u00a0: Mohamed Yacine Lounici laur\u00e9at du Premier Prix\",\"datePublished\":\"2024-04-03T13:47:01+00:00\",\"dateModified\":\"2024-04-03T13:47:05+00:00\",\"mainEntityOfPage\":{\"@id\":\"https:\\\/\\\/lasentinelle.dz\\\/index.php\\\/2024\\\/04\\\/03\\\/13e-festival-de-la-chanson-chaabie-mohamed-yacine-lounici-laureat-du-premier-prix\\\/\"},\"wordCount\":770,\"commentCount\":0,\"publisher\":{\"@id\":\"https:\\\/\\\/lasentinelle.dz\\\/#organization\"},\"image\":{\"@id\":\"https:\\\/\\\/lasentinelle.dz\\\/index.php\\\/2024\\\/04\\\/03\\\/13e-festival-de-la-chanson-chaabie-mohamed-yacine-lounici-laureat-du-premier-prix\\\/#primaryimage\"},\"thumbnailUrl\":\"https:\\\/\\\/lasentinelle.dz\\\/wp-content\\\/uploads\\\/2024\\\/04\\\/festival.jpeg\",\"articleSection\":[\"Culture\"],\"inLanguage\":\"fr-FR\",\"potentialAction\":[{\"@type\":\"CommentAction\",\"name\":\"Comment\",\"target\":[\"https:\\\/\\\/lasentinelle.dz\\\/index.php\\\/2024\\\/04\\\/03\\\/13e-festival-de-la-chanson-chaabie-mohamed-yacine-lounici-laureat-du-premier-prix\\\/#respond\"]}]},{\"@type\":\"WebPage\",\"@id\":\"https:\\\/\\\/lasentinelle.dz\\\/index.php\\\/2024\\\/04\\\/03\\\/13e-festival-de-la-chanson-chaabie-mohamed-yacine-lounici-laureat-du-premier-prix\\\/\",\"url\":\"https:\\\/\\\/lasentinelle.dz\\\/index.php\\\/2024\\\/04\\\/03\\\/13e-festival-de-la-chanson-chaabie-mohamed-yacine-lounici-laureat-du-premier-prix\\\/\",\"name\":\"13e Festival de la chanson cha\u00e2bie\u00a0: Mohamed Yacine Lounici laur\u00e9at du Premier Prix - La Sentinelle\",\"isPartOf\":{\"@id\":\"https:\\\/\\\/lasentinelle.dz\\\/#website\"},\"primaryImageOfPage\":{\"@id\":\"https:\\\/\\\/lasentinelle.dz\\\/index.php\\\/2024\\\/04\\\/03\\\/13e-festival-de-la-chanson-chaabie-mohamed-yacine-lounici-laureat-du-premier-prix\\\/#primaryimage\"},\"image\":{\"@id\":\"https:\\\/\\\/lasentinelle.dz\\\/index.php\\\/2024\\\/04\\\/03\\\/13e-festival-de-la-chanson-chaabie-mohamed-yacine-lounici-laureat-du-premier-prix\\\/#primaryimage\"},\"thumbnailUrl\":\"https:\\\/\\\/lasentinelle.dz\\\/wp-content\\\/uploads\\\/2024\\\/04\\\/festival.jpeg\",\"datePublished\":\"2024-04-03T13:47:01+00:00\",\"dateModified\":\"2024-04-03T13:47:05+00:00\",\"breadcrumb\":{\"@id\":\"https:\\\/\\\/lasentinelle.dz\\\/index.php\\\/2024\\\/04\\\/03\\\/13e-festival-de-la-chanson-chaabie-mohamed-yacine-lounici-laureat-du-premier-prix\\\/#breadcrumb\"},\"inLanguage\":\"fr-FR\",\"potentialAction\":[{\"@type\":\"ReadAction\",\"target\":[\"https:\\\/\\\/lasentinelle.dz\\\/index.php\\\/2024\\\/04\\\/03\\\/13e-festival-de-la-chanson-chaabie-mohamed-yacine-lounici-laureat-du-premier-prix\\\/\"]}]},{\"@type\":\"ImageObject\",\"inLanguage\":\"fr-FR\",\"@id\":\"https:\\\/\\\/lasentinelle.dz\\\/index.php\\\/2024\\\/04\\\/03\\\/13e-festival-de-la-chanson-chaabie-mohamed-yacine-lounici-laureat-du-premier-prix\\\/#primaryimage\",\"url\":\"https:\\\/\\\/lasentinelle.dz\\\/wp-content\\\/uploads\\\/2024\\\/04\\\/festival.jpeg\",\"contentUrl\":\"https:\\\/\\\/lasentinelle.dz\\\/wp-content\\\/uploads\\\/2024\\\/04\\\/festival.jpeg\",\"width\":1080,\"height\":608},{\"@type\":\"BreadcrumbList\",\"@id\":\"https:\\\/\\\/lasentinelle.dz\\\/index.php\\\/2024\\\/04\\\/03\\\/13e-festival-de-la-chanson-chaabie-mohamed-yacine-lounici-laureat-du-premier-prix\\\/#breadcrumb\",\"itemListElement\":[{\"@type\":\"ListItem\",\"position\":1,\"name\":\"Accueil\",\"item\":\"https:\\\/\\\/lasentinelle.dz\\\/\"},{\"@type\":\"ListItem\",\"position\":2,\"name\":\"13e Festival de la chanson cha\u00e2bie\u00a0: Mohamed Yacine Lounici laur\u00e9at du Premier Prix\"}]},{\"@type\":\"WebSite\",\"@id\":\"https:\\\/\\\/lasentinelle.dz\\\/#website\",\"url\":\"https:\\\/\\\/lasentinelle.dz\\\/\",\"name\":\"La Sentinelle\",\"description\":\"Quotidien national d&#039;information\",\"publisher\":{\"@id\":\"https:\\\/\\\/lasentinelle.dz\\\/#organization\"},\"potentialAction\":[{\"@type\":\"SearchAction\",\"target\":{\"@type\":\"EntryPoint\",\"urlTemplate\":\"https:\\\/\\\/lasentinelle.dz\\\/?s={search_term_string}\"},\"query-input\":{\"@type\":\"PropertyValueSpecification\",\"valueRequired\":true,\"valueName\":\"search_term_string\"}}],\"inLanguage\":\"fr-FR\"},{\"@type\":\"Organization\",\"@id\":\"https:\\\/\\\/lasentinelle.dz\\\/#organization\",\"name\":\"Quotidien La Sentinelle\",\"url\":\"https:\\\/\\\/lasentinelle.dz\\\/\",\"logo\":{\"@type\":\"ImageObject\",\"inLanguage\":\"fr-FR\",\"@id\":\"https:\\\/\\\/lasentinelle.dz\\\/#\\\/schema\\\/logo\\\/image\\\/\",\"url\":\"https:\\\/\\\/lasentinelle.dz\\\/wp-content\\\/uploads\\\/2021\\\/09\\\/logo-sentinelleSLOGAN-1.png\",\"contentUrl\":\"https:\\\/\\\/lasentinelle.dz\\\/wp-content\\\/uploads\\\/2021\\\/09\\\/logo-sentinelleSLOGAN-1.png\",\"width\":615,\"height\":142,\"caption\":\"Quotidien La Sentinelle\"},\"image\":{\"@id\":\"https:\\\/\\\/lasentinelle.dz\\\/#\\\/schema\\\/logo\\\/image\\\/\"},\"sameAs\":[\"https:\\\/\\\/www.facebook.com\\\/La-Sentinelle-104059864394773\"]},{\"@type\":\"Person\",\"@id\":\"https:\\\/\\\/lasentinelle.dz\\\/#\\\/schema\\\/person\\\/d865044e22e70a75174ce8bcad3acfb3\",\"name\":\"La Sentinelle\",\"image\":{\"@type\":\"ImageObject\",\"inLanguage\":\"fr-FR\",\"@id\":\"https:\\\/\\\/secure.gravatar.com\\\/avatar\\\/57de8e5d4b15d43fb361a71fbb36338450fe67865b528a43dd10ef7c51a20392?s=96&d=mm&r=g\",\"url\":\"https:\\\/\\\/secure.gravatar.com\\\/avatar\\\/57de8e5d4b15d43fb361a71fbb36338450fe67865b528a43dd10ef7c51a20392?s=96&d=mm&r=g\",\"contentUrl\":\"https:\\\/\\\/secure.gravatar.com\\\/avatar\\\/57de8e5d4b15d43fb361a71fbb36338450fe67865b528a43dd10ef7c51a20392?s=96&d=mm&r=g\",\"caption\":\"La Sentinelle\"},\"sameAs\":[\"http:\\\/\\\/www.lasentinelle.dz\"],\"url\":\"https:\\\/\\\/lasentinelle.dz\\\/author\\\/redaction\\\/\"}]}<\/script>\n<!-- \/ Yoast SEO plugin. -->","yoast_head_json":{"title":"13e Festival de la chanson cha\u00e2bie\u00a0: Mohamed Yacine Lounici laur\u00e9at du Premier Prix - La Sentinelle","robots":{"index":"index","follow":"follow","max-snippet":"max-snippet:-1","max-image-preview":"max-image-preview:large","max-video-preview":"max-video-preview:-1"},"canonical":"https:\/\/lasentinelle.dz\/index.php\/2024\/04\/03\/13e-festival-de-la-chanson-chaabie-mohamed-yacine-lounici-laureat-du-premier-prix\/","og_locale":"fr_FR","og_type":"article","og_title":"13e Festival de la chanson cha\u00e2bie\u00a0: Mohamed Yacine Lounici laur\u00e9at du Premier Prix - La Sentinelle","og_description":"Le chanteur Mohamed Yacine Lounici de Ain Defla a \u00e9t\u00e9 distingu\u00e9, lundi \u00e0 Alger, du 1er Prix au 13e Festival","og_url":"https:\/\/lasentinelle.dz\/index.php\/2024\/04\/03\/13e-festival-de-la-chanson-chaabie-mohamed-yacine-lounici-laureat-du-premier-prix\/","og_site_name":"La Sentinelle","article_publisher":"https:\/\/www.facebook.com\/La-Sentinelle-104059864394773","article_published_time":"2024-04-03T13:47:01+00:00","article_modified_time":"2024-04-03T13:47:05+00:00","og_image":[{"width":1080,"height":608,"url":"https:\/\/lasentinelle.dz\/wp-content\/uploads\/2024\/04\/festival.jpeg","type":"image\/jpeg"}],"author":"La Sentinelle","twitter_card":"summary_large_image","twitter_misc":{"\u00c9crit par":"La Sentinelle","Dur\u00e9e de lecture estim\u00e9e":"4 minutes"},"schema":{"@context":"https:\/\/schema.org","@graph":[{"@type":"Article","@id":"https:\/\/lasentinelle.dz\/index.php\/2024\/04\/03\/13e-festival-de-la-chanson-chaabie-mohamed-yacine-lounici-laureat-du-premier-prix\/#article","isPartOf":{"@id":"https:\/\/lasentinelle.dz\/index.php\/2024\/04\/03\/13e-festival-de-la-chanson-chaabie-mohamed-yacine-lounici-laureat-du-premier-prix\/"},"author":{"name":"La Sentinelle","@id":"https:\/\/lasentinelle.dz\/#\/schema\/person\/d865044e22e70a75174ce8bcad3acfb3"},"headline":"13e Festival de la chanson cha\u00e2bie\u00a0: Mohamed Yacine Lounici laur\u00e9at du Premier Prix","datePublished":"2024-04-03T13:47:01+00:00","dateModified":"2024-04-03T13:47:05+00:00","mainEntityOfPage":{"@id":"https:\/\/lasentinelle.dz\/index.php\/2024\/04\/03\/13e-festival-de-la-chanson-chaabie-mohamed-yacine-lounici-laureat-du-premier-prix\/"},"wordCount":770,"commentCount":0,"publisher":{"@id":"https:\/\/lasentinelle.dz\/#organization"},"image":{"@id":"https:\/\/lasentinelle.dz\/index.php\/2024\/04\/03\/13e-festival-de-la-chanson-chaabie-mohamed-yacine-lounici-laureat-du-premier-prix\/#primaryimage"},"thumbnailUrl":"https:\/\/lasentinelle.dz\/wp-content\/uploads\/2024\/04\/festival.jpeg","articleSection":["Culture"],"inLanguage":"fr-FR","potentialAction":[{"@type":"CommentAction","name":"Comment","target":["https:\/\/lasentinelle.dz\/index.php\/2024\/04\/03\/13e-festival-de-la-chanson-chaabie-mohamed-yacine-lounici-laureat-du-premier-prix\/#respond"]}]},{"@type":"WebPage","@id":"https:\/\/lasentinelle.dz\/index.php\/2024\/04\/03\/13e-festival-de-la-chanson-chaabie-mohamed-yacine-lounici-laureat-du-premier-prix\/","url":"https:\/\/lasentinelle.dz\/index.php\/2024\/04\/03\/13e-festival-de-la-chanson-chaabie-mohamed-yacine-lounici-laureat-du-premier-prix\/","name":"13e Festival de la chanson cha\u00e2bie\u00a0: Mohamed Yacine Lounici laur\u00e9at du Premier Prix - La Sentinelle","isPartOf":{"@id":"https:\/\/lasentinelle.dz\/#website"},"primaryImageOfPage":{"@id":"https:\/\/lasentinelle.dz\/index.php\/2024\/04\/03\/13e-festival-de-la-chanson-chaabie-mohamed-yacine-lounici-laureat-du-premier-prix\/#primaryimage"},"image":{"@id":"https:\/\/lasentinelle.dz\/index.php\/2024\/04\/03\/13e-festival-de-la-chanson-chaabie-mohamed-yacine-lounici-laureat-du-premier-prix\/#primaryimage"},"thumbnailUrl":"https:\/\/lasentinelle.dz\/wp-content\/uploads\/2024\/04\/festival.jpeg","datePublished":"2024-04-03T13:47:01+00:00","dateModified":"2024-04-03T13:47:05+00:00","breadcrumb":{"@id":"https:\/\/lasentinelle.dz\/index.php\/2024\/04\/03\/13e-festival-de-la-chanson-chaabie-mohamed-yacine-lounici-laureat-du-premier-prix\/#breadcrumb"},"inLanguage":"fr-FR","potentialAction":[{"@type":"ReadAction","target":["https:\/\/lasentinelle.dz\/index.php\/2024\/04\/03\/13e-festival-de-la-chanson-chaabie-mohamed-yacine-lounici-laureat-du-premier-prix\/"]}]},{"@type":"ImageObject","inLanguage":"fr-FR","@id":"https:\/\/lasentinelle.dz\/index.php\/2024\/04\/03\/13e-festival-de-la-chanson-chaabie-mohamed-yacine-lounici-laureat-du-premier-prix\/#primaryimage","url":"https:\/\/lasentinelle.dz\/wp-content\/uploads\/2024\/04\/festival.jpeg","contentUrl":"https:\/\/lasentinelle.dz\/wp-content\/uploads\/2024\/04\/festival.jpeg","width":1080,"height":608},{"@type":"BreadcrumbList","@id":"https:\/\/lasentinelle.dz\/index.php\/2024\/04\/03\/13e-festival-de-la-chanson-chaabie-mohamed-yacine-lounici-laureat-du-premier-prix\/#breadcrumb","itemListElement":[{"@type":"ListItem","position":1,"name":"Accueil","item":"https:\/\/lasentinelle.dz\/"},{"@type":"ListItem","position":2,"name":"13e Festival de la chanson cha\u00e2bie\u00a0: Mohamed Yacine Lounici laur\u00e9at du Premier Prix"}]},{"@type":"WebSite","@id":"https:\/\/lasentinelle.dz\/#website","url":"https:\/\/lasentinelle.dz\/","name":"La Sentinelle","description":"Quotidien national d&#039;information","publisher":{"@id":"https:\/\/lasentinelle.dz\/#organization"},"potentialAction":[{"@type":"SearchAction","target":{"@type":"EntryPoint","urlTemplate":"https:\/\/lasentinelle.dz\/?s={search_term_string}"},"query-input":{"@type":"PropertyValueSpecification","valueRequired":true,"valueName":"search_term_string"}}],"inLanguage":"fr-FR"},{"@type":"Organization","@id":"https:\/\/lasentinelle.dz\/#organization","name":"Quotidien La Sentinelle","url":"https:\/\/lasentinelle.dz\/","logo":{"@type":"ImageObject","inLanguage":"fr-FR","@id":"https:\/\/lasentinelle.dz\/#\/schema\/logo\/image\/","url":"https:\/\/lasentinelle.dz\/wp-content\/uploads\/2021\/09\/logo-sentinelleSLOGAN-1.png","contentUrl":"https:\/\/lasentinelle.dz\/wp-content\/uploads\/2021\/09\/logo-sentinelleSLOGAN-1.png","width":615,"height":142,"caption":"Quotidien La Sentinelle"},"image":{"@id":"https:\/\/lasentinelle.dz\/#\/schema\/logo\/image\/"},"sameAs":["https:\/\/www.facebook.com\/La-Sentinelle-104059864394773"]},{"@type":"Person","@id":"https:\/\/lasentinelle.dz\/#\/schema\/person\/d865044e22e70a75174ce8bcad3acfb3","name":"La Sentinelle","image":{"@type":"ImageObject","inLanguage":"fr-FR","@id":"https:\/\/secure.gravatar.com\/avatar\/57de8e5d4b15d43fb361a71fbb36338450fe67865b528a43dd10ef7c51a20392?s=96&d=mm&r=g","url":"https:\/\/secure.gravatar.com\/avatar\/57de8e5d4b15d43fb361a71fbb36338450fe67865b528a43dd10ef7c51a20392?s=96&d=mm&r=g","contentUrl":"https:\/\/secure.gravatar.com\/avatar\/57de8e5d4b15d43fb361a71fbb36338450fe67865b528a43dd10ef7c51a20392?s=96&d=mm&r=g","caption":"La Sentinelle"},"sameAs":["http:\/\/www.lasentinelle.dz"],"url":"https:\/\/lasentinelle.dz\/author\/redaction\/"}]}},"_links":{"self":[{"href":"https:\/\/lasentinelle.dz\/index.php\/wp-json\/wp\/v2\/posts\/50940","targetHints":{"allow":["GET"]}}],"collection":[{"href":"https:\/\/lasentinelle.dz\/index.php\/wp-json\/wp\/v2\/posts"}],"about":[{"href":"https:\/\/lasentinelle.dz\/index.php\/wp-json\/wp\/v2\/types\/post"}],"author":[{"embeddable":true,"href":"https:\/\/lasentinelle.dz\/index.php\/wp-json\/wp\/v2\/users\/3"}],"replies":[{"embeddable":true,"href":"https:\/\/lasentinelle.dz\/index.php\/wp-json\/wp\/v2\/comments?post=50940"}],"version-history":[{"count":1,"href":"https:\/\/lasentinelle.dz\/index.php\/wp-json\/wp\/v2\/posts\/50940\/revisions"}],"predecessor-version":[{"id":50942,"href":"https:\/\/lasentinelle.dz\/index.php\/wp-json\/wp\/v2\/posts\/50940\/revisions\/50942"}],"wp:featuredmedia":[{"embeddable":true,"href":"https:\/\/lasentinelle.dz\/index.php\/wp-json\/wp\/v2\/media\/50941"}],"wp:attachment":[{"href":"https:\/\/lasentinelle.dz\/index.php\/wp-json\/wp\/v2\/media?parent=50940"}],"wp:term":[{"taxonomy":"category","embeddable":true,"href":"https:\/\/lasentinelle.dz\/index.php\/wp-json\/wp\/v2\/categories?post=50940"},{"taxonomy":"post_tag","embeddable":true,"href":"https:\/\/lasentinelle.dz\/index.php\/wp-json\/wp\/v2\/tags?post=50940"}],"curies":[{"name":"wp","href":"https:\/\/api.w.org\/{rel}","templated":true}]}}