{"id":5095,"date":"2021-08-24T00:02:00","date_gmt":"2021-08-23T23:02:00","guid":{"rendered":"https:\/\/lasentinelle.dz\/?p=5095"},"modified":"2021-08-23T19:10:23","modified_gmt":"2021-08-23T18:10:23","slug":"complexe-siderurgique-del-hadjar-deux-cadres-releves-de-leurs-fonctions","status":"publish","type":"post","link":"https:\/\/lasentinelle.dz\/index.php\/2021\/08\/24\/complexe-siderurgique-del-hadjar-deux-cadres-releves-de-leurs-fonctions\/","title":{"rendered":"Complexe sid\u00e9rurgique d\u2019El Hadjar : Deux cadres relev\u00e9s de leurs fonctions"},"content":{"rendered":"\n<p>Deux cadres du top management du complexe sid\u00e9rurgique d\u2019El-Hadjar ont \u00e9t\u00e9 \u00e9cart\u00e9s de leurs postes, apprend-on de source interne.Selon celle-ci, il s\u2019agit du responsable de la s\u00e9curit\u00e9 et de la responsable des ressources humaines.<\/p>\n\n\n\n<p>En ce qui concerne les raisons de cette d\u00e9cision, rien n\u2019a filtr\u00e9, hormis leur pr\u00e9sum\u00e9e implication dans des affaires trait\u00e9es par laJustice. Toutefois, il s\u2019est av\u00e9r\u00e9 que les deux cadres ont \u00e9t\u00e9, au mois d\u2019avril dernier, auditionn\u00e9s par les services de la Gendarmerie nationale. Le premier cadre serait poursuivi pour passation de march\u00e9s douteux, occasionnant un d\u00e9ficit financier de 3milliards de centimes. Le grief retenu contre la responsable des ressources humaines serait quant-\u00e0 lui , li\u00e9 aux irr\u00e9gularit\u00e9s dans la gestion de son d\u00e9partement, dont la mauvaise gestion du dossier de la permanisation des contractuels, nous dit-on. Il faut souligner que si la nouvelle a \u00e9tonn\u00e9 quelques m\u00e9tallurgistes, d&rsquo;autres ont par contre \u00e9t\u00e9 unanimes \u00e0 saluer l\u2019assainissement de la gestion du complexe.<\/p>\n\n\n\n<p>Le complexe Sider El Hadjar a, depuis longtemps, \u00e9t\u00e9 entach\u00e9 par les scandales. Depuis les march\u00e9s non conformes jusqu\u2019aux sabotages en passant par les vols et les d\u00e9tournements, l\u2019entit\u00e9 \u00e9conomique n\u2019a fait qu\u2019\u00e9voluer dans un climat de tension et a \u00e9t\u00e9 touch\u00e9 par diverses enqu\u00eates judiciaires.<\/p>\n\n\n\n<p>Il est utile de rappeler que pas moins de sept enqu\u00eates ont \u00e9t\u00e9 d\u00e9clench\u00e9es en 2018, dont l\u2019une ayant trait \u00e0 des march\u00e9s conclus dans l\u2019opacit\u00e9, des contrats douteux accord\u00e9s de gr\u00e9 \u00e0 gr\u00e9, sans le recours au code des march\u00e9s publics et l\u2019atteinte \u00e0 l\u2019\u00e9conomie nationale. Le pr\u00e9judice serait estim\u00e9 \u00e0 plusieurs milliards de centimes.En 2019, un autre scandale vient secouer le complexe d\u2019El Hadjar. Il concerne l&rsquo;importation de six poches tonneaux, destin\u00e9es au transport par voie ferr\u00e9e, de la fonte liquide depuis le haut fourneau vers les diff\u00e9rentes unit\u00e9s de transformations. Un contrat de 3 millions de dollarspour des \u00e9quipements non adapt\u00e9s aux \u00e9quipements du complexe. Ce march\u00e9 a \u00e9t\u00e9 conclu en 2016 avec une entreprise chinoise, sp\u00e9cialis\u00e9e dans la fabrication de ces \u00e9quipements lourds. Le hic dans cette affaire, est qu\u2019une \u00e9quipe d&rsquo;ing\u00e9nieurs du complexe d\u2019El Hadjar, a fait le d\u00e9placement jusqu\u2019en Chine, pour v\u00e9rifier les nouveaux\u00e9quipements devant remplacer les poches tonneaux.Aussit\u00f4t le march\u00e9 a \u00e9t\u00e9 conclu entre les deux parties, pour une installation devant \u00eatre effectu\u00e9e en 2017. Exp\u00e9di\u00e9es en plusieurs lots, les poches tonneaux ont \u00e9t\u00e9 install\u00e9es par des ing\u00e9nieurs chinois en l\u2019absence des ing\u00e9nieurs alg\u00e9riens ! Apr\u00e8s plusieurs mois d\u2019installation, les essais n\u2019ont finalement pas \u00e9t\u00e9 concluants, pour des raisons dites techniques et s\u00e9curitaires. Mais en r\u00e9alit\u00e9,ni la hauteur des poches chinoises, ne convient\u00e0 celle de la distance de versement au niveau des unit\u00e9s de transformations l&rsquo;ACO 1 et l&rsquo;ACO 2, encore moins celle des roues avec les railles menant\u00e0 ces unit\u00e9s. Bien que des modificationsaient \u00e9t\u00e9 op\u00e9r\u00e9es sur les \u00e9quipements, ces derniers n\u2019\u00e9taient toujours pas compatibles.<\/p>\n\n\n\n<p><strong>Le wali jette un pav\u00e9 dans la marre<\/strong><\/p>\n\n\n\n<p>Au-del\u00e0 de ces incuries dans la gestion du complexe, celui-ci a d\u00fb subir plusieurs vols. On rappelle, entre autres, celui de l\u2019ann\u00e9e derni\u00e8re, o\u00f9 plus de 3 km de c\u00e2bles \u00e9lectriques de haute tension ont \u00e9t\u00e9 vol\u00e9s, occasionnant un pr\u00e9judice financier de plus de 100 millions de DA. Un acte qui ,soulignons-le, a provoqu\u00e9 l\u2019arr\u00eat de 20 jours, de la PMA, unit\u00e9 de pr\u00e9paration de mati\u00e8re et agglom\u00e9r\u00e9s. Ces faits etbien d\u2019autres ont entach\u00e9s et continuent d\u2019entacher le mastodonte de la sid\u00e9rurgie.<\/p>\n\n\n\n<p>Le wali d\u2019Annaba, Djamel Eddine Berrimi,a r\u00e9agi face \u00e0 ces multiples \u00e9v\u00e8nements en informant, dans une correspondance adress\u00e9een avril dernier, au ministre de l\u2019Industrie, de l\u2019existence d\u2019une affaire de faux et usage de faux, abusde fonction et attribution d\u2019indus privil\u00e8ges, dansle dossier des demandeurs d\u2019emploi. Les agissements ont trait\u00e0 la manipulation et la falsification de pi\u00e8ces dans les dossiers des postulants, dont de faux certificats de formations et dipl\u00f4mes. Des faitsport\u00e9s \u00e0 l\u2019actif de la complicit\u00e9 de cadres et responsables influents au sein de l\u2019entreprise. Une affaire qui ne cesse de faire couler de l\u2019encre, notamment en ce qui concerne les pr\u00e9sum\u00e9s impliqu\u00e9s dans cette affaire scandaleuse.<\/p>\n\n\n\n<p><strong>Sofia Chahine<\/strong><\/p>\n","protected":false},"excerpt":{"rendered":"<p>Deux cadres du top management du complexe sid\u00e9rurgique d\u2019El-Hadjar ont \u00e9t\u00e9 \u00e9cart\u00e9s de leurs postes, apprend-on de source interne.Selon celle-ci,<\/p>\n","protected":false},"author":3,"featured_media":5141,"comment_status":"open","ping_status":"closed","sticky":false,"template":"","format":"standard","meta":{"colormag_page_container_layout":"default_layout","colormag_page_sidebar_layout":"default_layout","om_disable_all_campaigns":false,"_monsterinsights_skip_tracking":false,"_monsterinsights_sitenote_active":false,"_monsterinsights_sitenote_note":"","_monsterinsights_sitenote_category":0,"footnotes":"","_wpscppro_dont_share_socialmedia":false,"_wpscppro_custom_social_share_image":0,"_facebook_share_type":"","_twitter_share_type":"","_linkedin_share_type":"","_pinterest_share_type":"","_linkedin_share_type_page":"","_instagram_share_type":"","_medium_share_type":"","_threads_share_type":"","_google_business_share_type":"","_selected_social_profile":[],"_wpsp_enable_custom_social_template":false,"_wpsp_social_scheduling":{"enabled":false,"datetime":null,"platforms":[],"status":"template_only","dateOption":"today","timeOption":"now","customDays":"","customHours":"","customDate":"","customTime":"","schedulingType":"absolute"},"_wpsp_active_default_template":true},"categories":[52,27],"tags":[],"class_list":["post-5095","post","type-post","status-publish","format-standard","has-post-thumbnail","hentry","category-a-la-une","category-actualite"],"aioseo_notices":[],"yoast_head":"<!-- This site is optimized with the Yoast SEO plugin v27.5 - https:\/\/yoast.com\/product\/yoast-seo-wordpress\/ -->\n<title>Complexe sid\u00e9rurgique d\u2019El Hadjar : Deux cadres relev\u00e9s de leurs fonctions - La Sentinelle<\/title>\n<meta name=\"robots\" content=\"index, follow, max-snippet:-1, max-image-preview:large, max-video-preview:-1\" \/>\n<link rel=\"canonical\" href=\"https:\/\/lasentinelle.dz\/index.php\/2021\/08\/24\/complexe-siderurgique-del-hadjar-deux-cadres-releves-de-leurs-fonctions\/\" \/>\n<meta property=\"og:locale\" content=\"fr_FR\" \/>\n<meta property=\"og:type\" content=\"article\" \/>\n<meta property=\"og:title\" content=\"Complexe sid\u00e9rurgique d\u2019El Hadjar : Deux cadres relev\u00e9s de leurs fonctions - La Sentinelle\" \/>\n<meta property=\"og:description\" content=\"Deux cadres du top management du complexe sid\u00e9rurgique d\u2019El-Hadjar ont \u00e9t\u00e9 \u00e9cart\u00e9s de leurs postes, apprend-on de source interne.Selon celle-ci,\" \/>\n<meta property=\"og:url\" content=\"https:\/\/lasentinelle.dz\/index.php\/2021\/08\/24\/complexe-siderurgique-del-hadjar-deux-cadres-releves-de-leurs-fonctions\/\" \/>\n<meta property=\"og:site_name\" content=\"La Sentinelle\" \/>\n<meta property=\"article:publisher\" content=\"https:\/\/www.facebook.com\/La-Sentinelle-104059864394773\" \/>\n<meta property=\"article:published_time\" content=\"2021-08-23T23:02:00+00:00\" \/>\n<meta property=\"og:image\" content=\"https:\/\/lasentinelle.dz\/wp-content\/uploads\/2021\/08\/el-hadjar-2-NP-1024x680.png\" \/>\n\t<meta property=\"og:image:width\" content=\"1024\" \/>\n\t<meta property=\"og:image:height\" content=\"680\" \/>\n\t<meta property=\"og:image:type\" content=\"image\/png\" \/>\n<meta name=\"author\" content=\"La Sentinelle\" \/>\n<meta name=\"twitter:card\" content=\"summary_large_image\" \/>\n<meta name=\"twitter:label1\" content=\"\u00c9crit par\" \/>\n\t<meta name=\"twitter:data1\" content=\"La Sentinelle\" \/>\n\t<meta name=\"twitter:label2\" content=\"Dur\u00e9e de lecture estim\u00e9e\" \/>\n\t<meta name=\"twitter:data2\" content=\"3 minutes\" \/>\n<script type=\"application\/ld+json\" class=\"yoast-schema-graph\">{\"@context\":\"https:\\\/\\\/schema.org\",\"@graph\":[{\"@type\":\"Article\",\"@id\":\"https:\\\/\\\/lasentinelle.dz\\\/index.php\\\/2021\\\/08\\\/24\\\/complexe-siderurgique-del-hadjar-deux-cadres-releves-de-leurs-fonctions\\\/#article\",\"isPartOf\":{\"@id\":\"https:\\\/\\\/lasentinelle.dz\\\/index.php\\\/2021\\\/08\\\/24\\\/complexe-siderurgique-del-hadjar-deux-cadres-releves-de-leurs-fonctions\\\/\"},\"author\":{\"name\":\"La Sentinelle\",\"@id\":\"https:\\\/\\\/lasentinelle.dz\\\/#\\\/schema\\\/person\\\/d865044e22e70a75174ce8bcad3acfb3\"},\"headline\":\"Complexe sid\u00e9rurgique d\u2019El Hadjar : Deux cadres relev\u00e9s de leurs fonctions\",\"datePublished\":\"2021-08-23T23:02:00+00:00\",\"mainEntityOfPage\":{\"@id\":\"https:\\\/\\\/lasentinelle.dz\\\/index.php\\\/2021\\\/08\\\/24\\\/complexe-siderurgique-del-hadjar-deux-cadres-releves-de-leurs-fonctions\\\/\"},\"wordCount\":776,\"commentCount\":0,\"publisher\":{\"@id\":\"https:\\\/\\\/lasentinelle.dz\\\/#organization\"},\"image\":{\"@id\":\"https:\\\/\\\/lasentinelle.dz\\\/index.php\\\/2021\\\/08\\\/24\\\/complexe-siderurgique-del-hadjar-deux-cadres-releves-de-leurs-fonctions\\\/#primaryimage\"},\"thumbnailUrl\":\"https:\\\/\\\/lasentinelle.dz\\\/wp-content\\\/uploads\\\/2021\\\/08\\\/el-hadjar-2-NP.png\",\"articleSection\":[\"\u00c0 la Une\",\"Actualit\u00e9\"],\"inLanguage\":\"fr-FR\",\"potentialAction\":[{\"@type\":\"CommentAction\",\"name\":\"Comment\",\"target\":[\"https:\\\/\\\/lasentinelle.dz\\\/index.php\\\/2021\\\/08\\\/24\\\/complexe-siderurgique-del-hadjar-deux-cadres-releves-de-leurs-fonctions\\\/#respond\"]}]},{\"@type\":\"WebPage\",\"@id\":\"https:\\\/\\\/lasentinelle.dz\\\/index.php\\\/2021\\\/08\\\/24\\\/complexe-siderurgique-del-hadjar-deux-cadres-releves-de-leurs-fonctions\\\/\",\"url\":\"https:\\\/\\\/lasentinelle.dz\\\/index.php\\\/2021\\\/08\\\/24\\\/complexe-siderurgique-del-hadjar-deux-cadres-releves-de-leurs-fonctions\\\/\",\"name\":\"Complexe sid\u00e9rurgique d\u2019El Hadjar : Deux cadres relev\u00e9s de leurs fonctions - La Sentinelle\",\"isPartOf\":{\"@id\":\"https:\\\/\\\/lasentinelle.dz\\\/#website\"},\"primaryImageOfPage\":{\"@id\":\"https:\\\/\\\/lasentinelle.dz\\\/index.php\\\/2021\\\/08\\\/24\\\/complexe-siderurgique-del-hadjar-deux-cadres-releves-de-leurs-fonctions\\\/#primaryimage\"},\"image\":{\"@id\":\"https:\\\/\\\/lasentinelle.dz\\\/index.php\\\/2021\\\/08\\\/24\\\/complexe-siderurgique-del-hadjar-deux-cadres-releves-de-leurs-fonctions\\\/#primaryimage\"},\"thumbnailUrl\":\"https:\\\/\\\/lasentinelle.dz\\\/wp-content\\\/uploads\\\/2021\\\/08\\\/el-hadjar-2-NP.png\",\"datePublished\":\"2021-08-23T23:02:00+00:00\",\"breadcrumb\":{\"@id\":\"https:\\\/\\\/lasentinelle.dz\\\/index.php\\\/2021\\\/08\\\/24\\\/complexe-siderurgique-del-hadjar-deux-cadres-releves-de-leurs-fonctions\\\/#breadcrumb\"},\"inLanguage\":\"fr-FR\",\"potentialAction\":[{\"@type\":\"ReadAction\",\"target\":[\"https:\\\/\\\/lasentinelle.dz\\\/index.php\\\/2021\\\/08\\\/24\\\/complexe-siderurgique-del-hadjar-deux-cadres-releves-de-leurs-fonctions\\\/\"]}]},{\"@type\":\"ImageObject\",\"inLanguage\":\"fr-FR\",\"@id\":\"https:\\\/\\\/lasentinelle.dz\\\/index.php\\\/2021\\\/08\\\/24\\\/complexe-siderurgique-del-hadjar-deux-cadres-releves-de-leurs-fonctions\\\/#primaryimage\",\"url\":\"https:\\\/\\\/lasentinelle.dz\\\/wp-content\\\/uploads\\\/2021\\\/08\\\/el-hadjar-2-NP.png\",\"contentUrl\":\"https:\\\/\\\/lasentinelle.dz\\\/wp-content\\\/uploads\\\/2021\\\/08\\\/el-hadjar-2-NP.png\",\"width\":1355,\"height\":900},{\"@type\":\"BreadcrumbList\",\"@id\":\"https:\\\/\\\/lasentinelle.dz\\\/index.php\\\/2021\\\/08\\\/24\\\/complexe-siderurgique-del-hadjar-deux-cadres-releves-de-leurs-fonctions\\\/#breadcrumb\",\"itemListElement\":[{\"@type\":\"ListItem\",\"position\":1,\"name\":\"Accueil\",\"item\":\"https:\\\/\\\/lasentinelle.dz\\\/\"},{\"@type\":\"ListItem\",\"position\":2,\"name\":\"Complexe sid\u00e9rurgique d\u2019El Hadjar : Deux cadres relev\u00e9s de leurs fonctions\"}]},{\"@type\":\"WebSite\",\"@id\":\"https:\\\/\\\/lasentinelle.dz\\\/#website\",\"url\":\"https:\\\/\\\/lasentinelle.dz\\\/\",\"name\":\"La Sentinelle\",\"description\":\"Quotidien national d&#039;information\",\"publisher\":{\"@id\":\"https:\\\/\\\/lasentinelle.dz\\\/#organization\"},\"potentialAction\":[{\"@type\":\"SearchAction\",\"target\":{\"@type\":\"EntryPoint\",\"urlTemplate\":\"https:\\\/\\\/lasentinelle.dz\\\/?s={search_term_string}\"},\"query-input\":{\"@type\":\"PropertyValueSpecification\",\"valueRequired\":true,\"valueName\":\"search_term_string\"}}],\"inLanguage\":\"fr-FR\"},{\"@type\":\"Organization\",\"@id\":\"https:\\\/\\\/lasentinelle.dz\\\/#organization\",\"name\":\"Quotidien La Sentinelle\",\"url\":\"https:\\\/\\\/lasentinelle.dz\\\/\",\"logo\":{\"@type\":\"ImageObject\",\"inLanguage\":\"fr-FR\",\"@id\":\"https:\\\/\\\/lasentinelle.dz\\\/#\\\/schema\\\/logo\\\/image\\\/\",\"url\":\"https:\\\/\\\/lasentinelle.dz\\\/wp-content\\\/uploads\\\/2021\\\/09\\\/logo-sentinelleSLOGAN-1.png\",\"contentUrl\":\"https:\\\/\\\/lasentinelle.dz\\\/wp-content\\\/uploads\\\/2021\\\/09\\\/logo-sentinelleSLOGAN-1.png\",\"width\":615,\"height\":142,\"caption\":\"Quotidien La Sentinelle\"},\"image\":{\"@id\":\"https:\\\/\\\/lasentinelle.dz\\\/#\\\/schema\\\/logo\\\/image\\\/\"},\"sameAs\":[\"https:\\\/\\\/www.facebook.com\\\/La-Sentinelle-104059864394773\"]},{\"@type\":\"Person\",\"@id\":\"https:\\\/\\\/lasentinelle.dz\\\/#\\\/schema\\\/person\\\/d865044e22e70a75174ce8bcad3acfb3\",\"name\":\"La Sentinelle\",\"image\":{\"@type\":\"ImageObject\",\"inLanguage\":\"fr-FR\",\"@id\":\"https:\\\/\\\/secure.gravatar.com\\\/avatar\\\/57de8e5d4b15d43fb361a71fbb36338450fe67865b528a43dd10ef7c51a20392?s=96&d=mm&r=g\",\"url\":\"https:\\\/\\\/secure.gravatar.com\\\/avatar\\\/57de8e5d4b15d43fb361a71fbb36338450fe67865b528a43dd10ef7c51a20392?s=96&d=mm&r=g\",\"contentUrl\":\"https:\\\/\\\/secure.gravatar.com\\\/avatar\\\/57de8e5d4b15d43fb361a71fbb36338450fe67865b528a43dd10ef7c51a20392?s=96&d=mm&r=g\",\"caption\":\"La Sentinelle\"},\"sameAs\":[\"http:\\\/\\\/www.lasentinelle.dz\"],\"url\":\"https:\\\/\\\/lasentinelle.dz\\\/author\\\/redaction\\\/\"}]}<\/script>\n<!-- \/ Yoast SEO plugin. -->","yoast_head_json":{"title":"Complexe sid\u00e9rurgique d\u2019El Hadjar : Deux cadres relev\u00e9s de leurs fonctions - La Sentinelle","robots":{"index":"index","follow":"follow","max-snippet":"max-snippet:-1","max-image-preview":"max-image-preview:large","max-video-preview":"max-video-preview:-1"},"canonical":"https:\/\/lasentinelle.dz\/index.php\/2021\/08\/24\/complexe-siderurgique-del-hadjar-deux-cadres-releves-de-leurs-fonctions\/","og_locale":"fr_FR","og_type":"article","og_title":"Complexe sid\u00e9rurgique d\u2019El Hadjar : Deux cadres relev\u00e9s de leurs fonctions - La Sentinelle","og_description":"Deux cadres du top management du complexe sid\u00e9rurgique d\u2019El-Hadjar ont \u00e9t\u00e9 \u00e9cart\u00e9s de leurs postes, apprend-on de source interne.Selon celle-ci,","og_url":"https:\/\/lasentinelle.dz\/index.php\/2021\/08\/24\/complexe-siderurgique-del-hadjar-deux-cadres-releves-de-leurs-fonctions\/","og_site_name":"La Sentinelle","article_publisher":"https:\/\/www.facebook.com\/La-Sentinelle-104059864394773","article_published_time":"2021-08-23T23:02:00+00:00","og_image":[{"width":1024,"height":680,"url":"https:\/\/lasentinelle.dz\/wp-content\/uploads\/2021\/08\/el-hadjar-2-NP-1024x680.png","type":"image\/png"}],"author":"La Sentinelle","twitter_card":"summary_large_image","twitter_misc":{"\u00c9crit par":"La Sentinelle","Dur\u00e9e de lecture estim\u00e9e":"3 minutes"},"schema":{"@context":"https:\/\/schema.org","@graph":[{"@type":"Article","@id":"https:\/\/lasentinelle.dz\/index.php\/2021\/08\/24\/complexe-siderurgique-del-hadjar-deux-cadres-releves-de-leurs-fonctions\/#article","isPartOf":{"@id":"https:\/\/lasentinelle.dz\/index.php\/2021\/08\/24\/complexe-siderurgique-del-hadjar-deux-cadres-releves-de-leurs-fonctions\/"},"author":{"name":"La Sentinelle","@id":"https:\/\/lasentinelle.dz\/#\/schema\/person\/d865044e22e70a75174ce8bcad3acfb3"},"headline":"Complexe sid\u00e9rurgique d\u2019El Hadjar : Deux cadres relev\u00e9s de leurs fonctions","datePublished":"2021-08-23T23:02:00+00:00","mainEntityOfPage":{"@id":"https:\/\/lasentinelle.dz\/index.php\/2021\/08\/24\/complexe-siderurgique-del-hadjar-deux-cadres-releves-de-leurs-fonctions\/"},"wordCount":776,"commentCount":0,"publisher":{"@id":"https:\/\/lasentinelle.dz\/#organization"},"image":{"@id":"https:\/\/lasentinelle.dz\/index.php\/2021\/08\/24\/complexe-siderurgique-del-hadjar-deux-cadres-releves-de-leurs-fonctions\/#primaryimage"},"thumbnailUrl":"https:\/\/lasentinelle.dz\/wp-content\/uploads\/2021\/08\/el-hadjar-2-NP.png","articleSection":["\u00c0 la Une","Actualit\u00e9"],"inLanguage":"fr-FR","potentialAction":[{"@type":"CommentAction","name":"Comment","target":["https:\/\/lasentinelle.dz\/index.php\/2021\/08\/24\/complexe-siderurgique-del-hadjar-deux-cadres-releves-de-leurs-fonctions\/#respond"]}]},{"@type":"WebPage","@id":"https:\/\/lasentinelle.dz\/index.php\/2021\/08\/24\/complexe-siderurgique-del-hadjar-deux-cadres-releves-de-leurs-fonctions\/","url":"https:\/\/lasentinelle.dz\/index.php\/2021\/08\/24\/complexe-siderurgique-del-hadjar-deux-cadres-releves-de-leurs-fonctions\/","name":"Complexe sid\u00e9rurgique d\u2019El Hadjar : Deux cadres relev\u00e9s de leurs fonctions - La Sentinelle","isPartOf":{"@id":"https:\/\/lasentinelle.dz\/#website"},"primaryImageOfPage":{"@id":"https:\/\/lasentinelle.dz\/index.php\/2021\/08\/24\/complexe-siderurgique-del-hadjar-deux-cadres-releves-de-leurs-fonctions\/#primaryimage"},"image":{"@id":"https:\/\/lasentinelle.dz\/index.php\/2021\/08\/24\/complexe-siderurgique-del-hadjar-deux-cadres-releves-de-leurs-fonctions\/#primaryimage"},"thumbnailUrl":"https:\/\/lasentinelle.dz\/wp-content\/uploads\/2021\/08\/el-hadjar-2-NP.png","datePublished":"2021-08-23T23:02:00+00:00","breadcrumb":{"@id":"https:\/\/lasentinelle.dz\/index.php\/2021\/08\/24\/complexe-siderurgique-del-hadjar-deux-cadres-releves-de-leurs-fonctions\/#breadcrumb"},"inLanguage":"fr-FR","potentialAction":[{"@type":"ReadAction","target":["https:\/\/lasentinelle.dz\/index.php\/2021\/08\/24\/complexe-siderurgique-del-hadjar-deux-cadres-releves-de-leurs-fonctions\/"]}]},{"@type":"ImageObject","inLanguage":"fr-FR","@id":"https:\/\/lasentinelle.dz\/index.php\/2021\/08\/24\/complexe-siderurgique-del-hadjar-deux-cadres-releves-de-leurs-fonctions\/#primaryimage","url":"https:\/\/lasentinelle.dz\/wp-content\/uploads\/2021\/08\/el-hadjar-2-NP.png","contentUrl":"https:\/\/lasentinelle.dz\/wp-content\/uploads\/2021\/08\/el-hadjar-2-NP.png","width":1355,"height":900},{"@type":"BreadcrumbList","@id":"https:\/\/lasentinelle.dz\/index.php\/2021\/08\/24\/complexe-siderurgique-del-hadjar-deux-cadres-releves-de-leurs-fonctions\/#breadcrumb","itemListElement":[{"@type":"ListItem","position":1,"name":"Accueil","item":"https:\/\/lasentinelle.dz\/"},{"@type":"ListItem","position":2,"name":"Complexe sid\u00e9rurgique d\u2019El Hadjar : Deux cadres relev\u00e9s de leurs fonctions"}]},{"@type":"WebSite","@id":"https:\/\/lasentinelle.dz\/#website","url":"https:\/\/lasentinelle.dz\/","name":"La Sentinelle","description":"Quotidien national d&#039;information","publisher":{"@id":"https:\/\/lasentinelle.dz\/#organization"},"potentialAction":[{"@type":"SearchAction","target":{"@type":"EntryPoint","urlTemplate":"https:\/\/lasentinelle.dz\/?s={search_term_string}"},"query-input":{"@type":"PropertyValueSpecification","valueRequired":true,"valueName":"search_term_string"}}],"inLanguage":"fr-FR"},{"@type":"Organization","@id":"https:\/\/lasentinelle.dz\/#organization","name":"Quotidien La Sentinelle","url":"https:\/\/lasentinelle.dz\/","logo":{"@type":"ImageObject","inLanguage":"fr-FR","@id":"https:\/\/lasentinelle.dz\/#\/schema\/logo\/image\/","url":"https:\/\/lasentinelle.dz\/wp-content\/uploads\/2021\/09\/logo-sentinelleSLOGAN-1.png","contentUrl":"https:\/\/lasentinelle.dz\/wp-content\/uploads\/2021\/09\/logo-sentinelleSLOGAN-1.png","width":615,"height":142,"caption":"Quotidien La Sentinelle"},"image":{"@id":"https:\/\/lasentinelle.dz\/#\/schema\/logo\/image\/"},"sameAs":["https:\/\/www.facebook.com\/La-Sentinelle-104059864394773"]},{"@type":"Person","@id":"https:\/\/lasentinelle.dz\/#\/schema\/person\/d865044e22e70a75174ce8bcad3acfb3","name":"La Sentinelle","image":{"@type":"ImageObject","inLanguage":"fr-FR","@id":"https:\/\/secure.gravatar.com\/avatar\/57de8e5d4b15d43fb361a71fbb36338450fe67865b528a43dd10ef7c51a20392?s=96&d=mm&r=g","url":"https:\/\/secure.gravatar.com\/avatar\/57de8e5d4b15d43fb361a71fbb36338450fe67865b528a43dd10ef7c51a20392?s=96&d=mm&r=g","contentUrl":"https:\/\/secure.gravatar.com\/avatar\/57de8e5d4b15d43fb361a71fbb36338450fe67865b528a43dd10ef7c51a20392?s=96&d=mm&r=g","caption":"La Sentinelle"},"sameAs":["http:\/\/www.lasentinelle.dz"],"url":"https:\/\/lasentinelle.dz\/author\/redaction\/"}]}},"_links":{"self":[{"href":"https:\/\/lasentinelle.dz\/index.php\/wp-json\/wp\/v2\/posts\/5095","targetHints":{"allow":["GET"]}}],"collection":[{"href":"https:\/\/lasentinelle.dz\/index.php\/wp-json\/wp\/v2\/posts"}],"about":[{"href":"https:\/\/lasentinelle.dz\/index.php\/wp-json\/wp\/v2\/types\/post"}],"author":[{"embeddable":true,"href":"https:\/\/lasentinelle.dz\/index.php\/wp-json\/wp\/v2\/users\/3"}],"replies":[{"embeddable":true,"href":"https:\/\/lasentinelle.dz\/index.php\/wp-json\/wp\/v2\/comments?post=5095"}],"version-history":[{"count":1,"href":"https:\/\/lasentinelle.dz\/index.php\/wp-json\/wp\/v2\/posts\/5095\/revisions"}],"predecessor-version":[{"id":5142,"href":"https:\/\/lasentinelle.dz\/index.php\/wp-json\/wp\/v2\/posts\/5095\/revisions\/5142"}],"wp:featuredmedia":[{"embeddable":true,"href":"https:\/\/lasentinelle.dz\/index.php\/wp-json\/wp\/v2\/media\/5141"}],"wp:attachment":[{"href":"https:\/\/lasentinelle.dz\/index.php\/wp-json\/wp\/v2\/media?parent=5095"}],"wp:term":[{"taxonomy":"category","embeddable":true,"href":"https:\/\/lasentinelle.dz\/index.php\/wp-json\/wp\/v2\/categories?post=5095"},{"taxonomy":"post_tag","embeddable":true,"href":"https:\/\/lasentinelle.dz\/index.php\/wp-json\/wp\/v2\/tags?post=5095"}],"curies":[{"name":"wp","href":"https:\/\/api.w.org\/{rel}","templated":true}]}}