{"id":50954,"date":"2024-04-03T15:52:02","date_gmt":"2024-04-03T14:52:02","guid":{"rendered":"https:\/\/lasentinelle.dz\/?p=50954"},"modified":"2024-04-03T15:52:07","modified_gmt":"2024-04-03T14:52:07","slug":"lunite-et-la-cohesion-de-la-societe-algerienne-saluees","status":"publish","type":"post","link":"https:\/\/lasentinelle.dz\/index.php\/2024\/04\/03\/lunite-et-la-cohesion-de-la-societe-algerienne-saluees\/","title":{"rendered":"\u00ab\u00a0L&rsquo;unit\u00e9 et la coh\u00e9sion de la soci\u00e9t\u00e9 alg\u00e9rienne\u00a0\u00bb salu\u00e9es"},"content":{"rendered":"\n<p>Le Chef d&rsquo;Etat-major de l&rsquo;Arm\u00e9e nationale populaire (ANP), G\u00e9n\u00e9ral d&rsquo;Arm\u00e9e Sa\u00efd Chanegriha, a soulign\u00e9 hier lors d\u2019une visite de travail et d&rsquo;inspection au si\u00e8ge de la 1\u00e8re R\u00e9gion militaire \u00e0 Blida que \u00ab\u00a0l&rsquo;ANP poursuivra, avec d\u00e9termination et rigueur, le d\u00e9veloppement de ses capacit\u00e9s de d\u00e9fense dans tous les domaines, et le maintien de sa pr\u00e9paration op\u00e9rationnelle au niveau le plus \u00e9lev\u00e9, afin de servir les int\u00e9r\u00eats supr\u00eames de la Nation\u00a0\u00bb. Selon un communiqu\u00e9 du minist\u00e8re de la D\u00e9fense nationale, le Chef d&rsquo;Etat-major de l\u2019ANP a prononc\u00e9 une allocution d&rsquo;orientation lors de cette visite au cours de laquelle il a soulign\u00e9 que \u00ab&nbsp;l&rsquo;Arm\u00e9e nationale populaire, digne h\u00e9riti\u00e8re de l&rsquo;Arm\u00e9e de lib\u00e9ration nationale, poursuivra, avec d\u00e9termination et rigueur, le d\u00e9veloppement de ses capacit\u00e9s de d\u00e9fense dans tous les domaines, et le maintien de sa pr\u00e9paration op\u00e9rationnelle au niveau le plus \u00e9lev\u00e9, de mani\u00e8re \u00e0 d\u00e9fendre les int\u00e9r\u00eats supr\u00eames de la Nation\u00a0\u00bb. \u00ab\u00a0De m\u00eame, elle veillera au renforcement du lien sacr\u00e9 qui l&rsquo;unit \u00e0 son peuple, et qui conf\u00e8re \u00e0 notre pays davantage de force et de r\u00e9silience, qui le prot\u00e8ge contre tous les dangers et toutes les menaces\u00a0\u00bb, a-t-il ajout\u00e9. Le Chef d&rsquo;Etat-major &nbsp;de l\u2019ANP a salu\u00e9 l&rsquo;unit\u00e9 et la coh\u00e9sion de la soci\u00e9t\u00e9 alg\u00e9rienne avec toutes ses composantes, qui \u00ab\u00a0constitueront sans aucun doute un rempart solide face \u00e0 toutes les menaces\u00a0\u00bb. \u00ab\u00a0Nous sommes confiants que ces menaces seront endigu\u00e9es gr\u00e2ce aux efforts des valeureux hommes patriotiques, ainsi qu&rsquo;\u00e0 la coh\u00e9sion et le sens inn\u00e9 de la solidarit\u00e9 qui caract\u00e9rise la soci\u00e9t\u00e9 alg\u00e9rienne. Ce lien et cette coh\u00e9sion sont un rempart solide contre quiconque oserait porter atteinte \u00e0 la terre sainte de l&rsquo;Alg\u00e9rie, ou \u00e0 son unit\u00e9 populaire et territoriale et ses int\u00e9r\u00eats vitaux\u00a0\u00bb, a-t-il d\u00e9clar\u00e9.<\/p>\n\n\n\n<p>R.N.<\/p>\n","protected":false},"excerpt":{"rendered":"<p>Le Chef d&rsquo;Etat-major de l&rsquo;Arm\u00e9e nationale populaire (ANP), G\u00e9n\u00e9ral d&rsquo;Arm\u00e9e Sa\u00efd Chanegriha, a soulign\u00e9 hier lors d\u2019une visite de travail<\/p>\n","protected":false},"author":3,"featured_media":49870,"comment_status":"open","ping_status":"closed","sticky":false,"template":"","format":"standard","meta":{"colormag_page_container_layout":"default_layout","colormag_page_sidebar_layout":"default_layout","om_disable_all_campaigns":false,"_monsterinsights_skip_tracking":false,"_monsterinsights_sitenote_active":false,"_monsterinsights_sitenote_note":"","_monsterinsights_sitenote_category":0,"footnotes":"","_wpscppro_dont_share_socialmedia":false,"_wpscppro_custom_social_share_image":0,"_facebook_share_type":"","_twitter_share_type":"","_linkedin_share_type":"","_pinterest_share_type":"","_linkedin_share_type_page":"","_instagram_share_type":"","_medium_share_type":"","_threads_share_type":"","_google_business_share_type":"","_selected_social_profile":[],"_wpsp_enable_custom_social_template":false,"_wpsp_social_scheduling":{"enabled":false,"datetime":null,"platforms":[],"status":"template_only","dateOption":"today","timeOption":"now","customDays":"","customHours":"","customDate":"","customTime":"","schedulingType":"absolute"},"_wpsp_active_default_template":true},"categories":[27],"tags":[],"class_list":["post-50954","post","type-post","status-publish","format-standard","has-post-thumbnail","hentry","category-actualite"],"aioseo_notices":[],"yoast_head":"<!-- This site is optimized with the Yoast SEO plugin v27.5 - https:\/\/yoast.com\/product\/yoast-seo-wordpress\/ -->\n<title>\u00ab\u00a0L&rsquo;unit\u00e9 et la coh\u00e9sion de la soci\u00e9t\u00e9 alg\u00e9rienne\u00a0\u00bb salu\u00e9es - La Sentinelle<\/title>\n<meta name=\"robots\" content=\"index, follow, max-snippet:-1, max-image-preview:large, max-video-preview:-1\" \/>\n<link rel=\"canonical\" href=\"https:\/\/lasentinelle.dz\/index.php\/2024\/04\/03\/lunite-et-la-cohesion-de-la-societe-algerienne-saluees\/\" \/>\n<meta property=\"og:locale\" content=\"fr_FR\" \/>\n<meta property=\"og:type\" content=\"article\" \/>\n<meta property=\"og:title\" content=\"\u00ab\u00a0L&rsquo;unit\u00e9 et la coh\u00e9sion de la soci\u00e9t\u00e9 alg\u00e9rienne\u00a0\u00bb salu\u00e9es - La Sentinelle\" \/>\n<meta property=\"og:description\" content=\"Le Chef d&rsquo;Etat-major de l&rsquo;Arm\u00e9e nationale populaire (ANP), G\u00e9n\u00e9ral d&rsquo;Arm\u00e9e Sa\u00efd Chanegriha, a soulign\u00e9 hier lors d\u2019une visite de travail\" \/>\n<meta property=\"og:url\" content=\"https:\/\/lasentinelle.dz\/index.php\/2024\/04\/03\/lunite-et-la-cohesion-de-la-societe-algerienne-saluees\/\" \/>\n<meta property=\"og:site_name\" content=\"La Sentinelle\" \/>\n<meta property=\"article:publisher\" content=\"https:\/\/www.facebook.com\/La-Sentinelle-104059864394773\" \/>\n<meta property=\"article:published_time\" content=\"2024-04-03T14:52:02+00:00\" \/>\n<meta property=\"article:modified_time\" content=\"2024-04-03T14:52:07+00:00\" \/>\n<meta property=\"og:image\" content=\"https:\/\/lasentinelle.dz\/wp-content\/uploads\/2024\/02\/Chane.webp\" \/>\n\t<meta property=\"og:image:width\" content=\"900\" \/>\n\t<meta property=\"og:image:height\" content=\"675\" \/>\n\t<meta property=\"og:image:type\" content=\"image\/webp\" \/>\n<meta name=\"author\" content=\"La Sentinelle\" \/>\n<meta name=\"twitter:card\" content=\"summary_large_image\" \/>\n<meta name=\"twitter:label1\" content=\"\u00c9crit par\" \/>\n\t<meta name=\"twitter:data1\" content=\"La Sentinelle\" \/>\n\t<meta name=\"twitter:label2\" content=\"Dur\u00e9e de lecture estim\u00e9e\" \/>\n\t<meta name=\"twitter:data2\" content=\"2 minutes\" \/>\n<script type=\"application\/ld+json\" class=\"yoast-schema-graph\">{\"@context\":\"https:\\\/\\\/schema.org\",\"@graph\":[{\"@type\":\"Article\",\"@id\":\"https:\\\/\\\/lasentinelle.dz\\\/index.php\\\/2024\\\/04\\\/03\\\/lunite-et-la-cohesion-de-la-societe-algerienne-saluees\\\/#article\",\"isPartOf\":{\"@id\":\"https:\\\/\\\/lasentinelle.dz\\\/index.php\\\/2024\\\/04\\\/03\\\/lunite-et-la-cohesion-de-la-societe-algerienne-saluees\\\/\"},\"author\":{\"name\":\"La Sentinelle\",\"@id\":\"https:\\\/\\\/lasentinelle.dz\\\/#\\\/schema\\\/person\\\/d865044e22e70a75174ce8bcad3acfb3\"},\"headline\":\"\u00ab\u00a0L&rsquo;unit\u00e9 et la coh\u00e9sion de la soci\u00e9t\u00e9 alg\u00e9rienne\u00a0\u00bb salu\u00e9es\",\"datePublished\":\"2024-04-03T14:52:02+00:00\",\"dateModified\":\"2024-04-03T14:52:07+00:00\",\"mainEntityOfPage\":{\"@id\":\"https:\\\/\\\/lasentinelle.dz\\\/index.php\\\/2024\\\/04\\\/03\\\/lunite-et-la-cohesion-de-la-societe-algerienne-saluees\\\/\"},\"wordCount\":364,\"commentCount\":0,\"publisher\":{\"@id\":\"https:\\\/\\\/lasentinelle.dz\\\/#organization\"},\"image\":{\"@id\":\"https:\\\/\\\/lasentinelle.dz\\\/index.php\\\/2024\\\/04\\\/03\\\/lunite-et-la-cohesion-de-la-societe-algerienne-saluees\\\/#primaryimage\"},\"thumbnailUrl\":\"https:\\\/\\\/lasentinelle.dz\\\/wp-content\\\/uploads\\\/2024\\\/02\\\/Chane.webp\",\"articleSection\":[\"Actualit\u00e9\"],\"inLanguage\":\"fr-FR\",\"potentialAction\":[{\"@type\":\"CommentAction\",\"name\":\"Comment\",\"target\":[\"https:\\\/\\\/lasentinelle.dz\\\/index.php\\\/2024\\\/04\\\/03\\\/lunite-et-la-cohesion-de-la-societe-algerienne-saluees\\\/#respond\"]}]},{\"@type\":\"WebPage\",\"@id\":\"https:\\\/\\\/lasentinelle.dz\\\/index.php\\\/2024\\\/04\\\/03\\\/lunite-et-la-cohesion-de-la-societe-algerienne-saluees\\\/\",\"url\":\"https:\\\/\\\/lasentinelle.dz\\\/index.php\\\/2024\\\/04\\\/03\\\/lunite-et-la-cohesion-de-la-societe-algerienne-saluees\\\/\",\"name\":\"\u00ab\u00a0L&rsquo;unit\u00e9 et la coh\u00e9sion de la soci\u00e9t\u00e9 alg\u00e9rienne\u00a0\u00bb salu\u00e9es - La Sentinelle\",\"isPartOf\":{\"@id\":\"https:\\\/\\\/lasentinelle.dz\\\/#website\"},\"primaryImageOfPage\":{\"@id\":\"https:\\\/\\\/lasentinelle.dz\\\/index.php\\\/2024\\\/04\\\/03\\\/lunite-et-la-cohesion-de-la-societe-algerienne-saluees\\\/#primaryimage\"},\"image\":{\"@id\":\"https:\\\/\\\/lasentinelle.dz\\\/index.php\\\/2024\\\/04\\\/03\\\/lunite-et-la-cohesion-de-la-societe-algerienne-saluees\\\/#primaryimage\"},\"thumbnailUrl\":\"https:\\\/\\\/lasentinelle.dz\\\/wp-content\\\/uploads\\\/2024\\\/02\\\/Chane.webp\",\"datePublished\":\"2024-04-03T14:52:02+00:00\",\"dateModified\":\"2024-04-03T14:52:07+00:00\",\"breadcrumb\":{\"@id\":\"https:\\\/\\\/lasentinelle.dz\\\/index.php\\\/2024\\\/04\\\/03\\\/lunite-et-la-cohesion-de-la-societe-algerienne-saluees\\\/#breadcrumb\"},\"inLanguage\":\"fr-FR\",\"potentialAction\":[{\"@type\":\"ReadAction\",\"target\":[\"https:\\\/\\\/lasentinelle.dz\\\/index.php\\\/2024\\\/04\\\/03\\\/lunite-et-la-cohesion-de-la-societe-algerienne-saluees\\\/\"]}]},{\"@type\":\"ImageObject\",\"inLanguage\":\"fr-FR\",\"@id\":\"https:\\\/\\\/lasentinelle.dz\\\/index.php\\\/2024\\\/04\\\/03\\\/lunite-et-la-cohesion-de-la-societe-algerienne-saluees\\\/#primaryimage\",\"url\":\"https:\\\/\\\/lasentinelle.dz\\\/wp-content\\\/uploads\\\/2024\\\/02\\\/Chane.webp\",\"contentUrl\":\"https:\\\/\\\/lasentinelle.dz\\\/wp-content\\\/uploads\\\/2024\\\/02\\\/Chane.webp\",\"width\":900,\"height\":675},{\"@type\":\"BreadcrumbList\",\"@id\":\"https:\\\/\\\/lasentinelle.dz\\\/index.php\\\/2024\\\/04\\\/03\\\/lunite-et-la-cohesion-de-la-societe-algerienne-saluees\\\/#breadcrumb\",\"itemListElement\":[{\"@type\":\"ListItem\",\"position\":1,\"name\":\"Accueil\",\"item\":\"https:\\\/\\\/lasentinelle.dz\\\/\"},{\"@type\":\"ListItem\",\"position\":2,\"name\":\"\u00ab\u00a0L&rsquo;unit\u00e9 et la coh\u00e9sion de la soci\u00e9t\u00e9 alg\u00e9rienne\u00a0\u00bb salu\u00e9es\"}]},{\"@type\":\"WebSite\",\"@id\":\"https:\\\/\\\/lasentinelle.dz\\\/#website\",\"url\":\"https:\\\/\\\/lasentinelle.dz\\\/\",\"name\":\"La Sentinelle\",\"description\":\"Quotidien national d&#039;information\",\"publisher\":{\"@id\":\"https:\\\/\\\/lasentinelle.dz\\\/#organization\"},\"potentialAction\":[{\"@type\":\"SearchAction\",\"target\":{\"@type\":\"EntryPoint\",\"urlTemplate\":\"https:\\\/\\\/lasentinelle.dz\\\/?s={search_term_string}\"},\"query-input\":{\"@type\":\"PropertyValueSpecification\",\"valueRequired\":true,\"valueName\":\"search_term_string\"}}],\"inLanguage\":\"fr-FR\"},{\"@type\":\"Organization\",\"@id\":\"https:\\\/\\\/lasentinelle.dz\\\/#organization\",\"name\":\"Quotidien La Sentinelle\",\"url\":\"https:\\\/\\\/lasentinelle.dz\\\/\",\"logo\":{\"@type\":\"ImageObject\",\"inLanguage\":\"fr-FR\",\"@id\":\"https:\\\/\\\/lasentinelle.dz\\\/#\\\/schema\\\/logo\\\/image\\\/\",\"url\":\"https:\\\/\\\/lasentinelle.dz\\\/wp-content\\\/uploads\\\/2021\\\/09\\\/logo-sentinelleSLOGAN-1.png\",\"contentUrl\":\"https:\\\/\\\/lasentinelle.dz\\\/wp-content\\\/uploads\\\/2021\\\/09\\\/logo-sentinelleSLOGAN-1.png\",\"width\":615,\"height\":142,\"caption\":\"Quotidien La Sentinelle\"},\"image\":{\"@id\":\"https:\\\/\\\/lasentinelle.dz\\\/#\\\/schema\\\/logo\\\/image\\\/\"},\"sameAs\":[\"https:\\\/\\\/www.facebook.com\\\/La-Sentinelle-104059864394773\"]},{\"@type\":\"Person\",\"@id\":\"https:\\\/\\\/lasentinelle.dz\\\/#\\\/schema\\\/person\\\/d865044e22e70a75174ce8bcad3acfb3\",\"name\":\"La Sentinelle\",\"image\":{\"@type\":\"ImageObject\",\"inLanguage\":\"fr-FR\",\"@id\":\"https:\\\/\\\/secure.gravatar.com\\\/avatar\\\/57de8e5d4b15d43fb361a71fbb36338450fe67865b528a43dd10ef7c51a20392?s=96&d=mm&r=g\",\"url\":\"https:\\\/\\\/secure.gravatar.com\\\/avatar\\\/57de8e5d4b15d43fb361a71fbb36338450fe67865b528a43dd10ef7c51a20392?s=96&d=mm&r=g\",\"contentUrl\":\"https:\\\/\\\/secure.gravatar.com\\\/avatar\\\/57de8e5d4b15d43fb361a71fbb36338450fe67865b528a43dd10ef7c51a20392?s=96&d=mm&r=g\",\"caption\":\"La Sentinelle\"},\"sameAs\":[\"http:\\\/\\\/www.lasentinelle.dz\"],\"url\":\"https:\\\/\\\/lasentinelle.dz\\\/author\\\/redaction\\\/\"}]}<\/script>\n<!-- \/ Yoast SEO plugin. -->","yoast_head_json":{"title":"\u00ab\u00a0L&rsquo;unit\u00e9 et la coh\u00e9sion de la soci\u00e9t\u00e9 alg\u00e9rienne\u00a0\u00bb salu\u00e9es - La Sentinelle","robots":{"index":"index","follow":"follow","max-snippet":"max-snippet:-1","max-image-preview":"max-image-preview:large","max-video-preview":"max-video-preview:-1"},"canonical":"https:\/\/lasentinelle.dz\/index.php\/2024\/04\/03\/lunite-et-la-cohesion-de-la-societe-algerienne-saluees\/","og_locale":"fr_FR","og_type":"article","og_title":"\u00ab\u00a0L&rsquo;unit\u00e9 et la coh\u00e9sion de la soci\u00e9t\u00e9 alg\u00e9rienne\u00a0\u00bb salu\u00e9es - La Sentinelle","og_description":"Le Chef d&rsquo;Etat-major de l&rsquo;Arm\u00e9e nationale populaire (ANP), G\u00e9n\u00e9ral d&rsquo;Arm\u00e9e Sa\u00efd Chanegriha, a soulign\u00e9 hier lors d\u2019une visite de travail","og_url":"https:\/\/lasentinelle.dz\/index.php\/2024\/04\/03\/lunite-et-la-cohesion-de-la-societe-algerienne-saluees\/","og_site_name":"La Sentinelle","article_publisher":"https:\/\/www.facebook.com\/La-Sentinelle-104059864394773","article_published_time":"2024-04-03T14:52:02+00:00","article_modified_time":"2024-04-03T14:52:07+00:00","og_image":[{"width":900,"height":675,"url":"https:\/\/lasentinelle.dz\/wp-content\/uploads\/2024\/02\/Chane.webp","type":"image\/webp"}],"author":"La Sentinelle","twitter_card":"summary_large_image","twitter_misc":{"\u00c9crit par":"La Sentinelle","Dur\u00e9e de lecture estim\u00e9e":"2 minutes"},"schema":{"@context":"https:\/\/schema.org","@graph":[{"@type":"Article","@id":"https:\/\/lasentinelle.dz\/index.php\/2024\/04\/03\/lunite-et-la-cohesion-de-la-societe-algerienne-saluees\/#article","isPartOf":{"@id":"https:\/\/lasentinelle.dz\/index.php\/2024\/04\/03\/lunite-et-la-cohesion-de-la-societe-algerienne-saluees\/"},"author":{"name":"La Sentinelle","@id":"https:\/\/lasentinelle.dz\/#\/schema\/person\/d865044e22e70a75174ce8bcad3acfb3"},"headline":"\u00ab\u00a0L&rsquo;unit\u00e9 et la coh\u00e9sion de la soci\u00e9t\u00e9 alg\u00e9rienne\u00a0\u00bb salu\u00e9es","datePublished":"2024-04-03T14:52:02+00:00","dateModified":"2024-04-03T14:52:07+00:00","mainEntityOfPage":{"@id":"https:\/\/lasentinelle.dz\/index.php\/2024\/04\/03\/lunite-et-la-cohesion-de-la-societe-algerienne-saluees\/"},"wordCount":364,"commentCount":0,"publisher":{"@id":"https:\/\/lasentinelle.dz\/#organization"},"image":{"@id":"https:\/\/lasentinelle.dz\/index.php\/2024\/04\/03\/lunite-et-la-cohesion-de-la-societe-algerienne-saluees\/#primaryimage"},"thumbnailUrl":"https:\/\/lasentinelle.dz\/wp-content\/uploads\/2024\/02\/Chane.webp","articleSection":["Actualit\u00e9"],"inLanguage":"fr-FR","potentialAction":[{"@type":"CommentAction","name":"Comment","target":["https:\/\/lasentinelle.dz\/index.php\/2024\/04\/03\/lunite-et-la-cohesion-de-la-societe-algerienne-saluees\/#respond"]}]},{"@type":"WebPage","@id":"https:\/\/lasentinelle.dz\/index.php\/2024\/04\/03\/lunite-et-la-cohesion-de-la-societe-algerienne-saluees\/","url":"https:\/\/lasentinelle.dz\/index.php\/2024\/04\/03\/lunite-et-la-cohesion-de-la-societe-algerienne-saluees\/","name":"\u00ab\u00a0L&rsquo;unit\u00e9 et la coh\u00e9sion de la soci\u00e9t\u00e9 alg\u00e9rienne\u00a0\u00bb salu\u00e9es - La Sentinelle","isPartOf":{"@id":"https:\/\/lasentinelle.dz\/#website"},"primaryImageOfPage":{"@id":"https:\/\/lasentinelle.dz\/index.php\/2024\/04\/03\/lunite-et-la-cohesion-de-la-societe-algerienne-saluees\/#primaryimage"},"image":{"@id":"https:\/\/lasentinelle.dz\/index.php\/2024\/04\/03\/lunite-et-la-cohesion-de-la-societe-algerienne-saluees\/#primaryimage"},"thumbnailUrl":"https:\/\/lasentinelle.dz\/wp-content\/uploads\/2024\/02\/Chane.webp","datePublished":"2024-04-03T14:52:02+00:00","dateModified":"2024-04-03T14:52:07+00:00","breadcrumb":{"@id":"https:\/\/lasentinelle.dz\/index.php\/2024\/04\/03\/lunite-et-la-cohesion-de-la-societe-algerienne-saluees\/#breadcrumb"},"inLanguage":"fr-FR","potentialAction":[{"@type":"ReadAction","target":["https:\/\/lasentinelle.dz\/index.php\/2024\/04\/03\/lunite-et-la-cohesion-de-la-societe-algerienne-saluees\/"]}]},{"@type":"ImageObject","inLanguage":"fr-FR","@id":"https:\/\/lasentinelle.dz\/index.php\/2024\/04\/03\/lunite-et-la-cohesion-de-la-societe-algerienne-saluees\/#primaryimage","url":"https:\/\/lasentinelle.dz\/wp-content\/uploads\/2024\/02\/Chane.webp","contentUrl":"https:\/\/lasentinelle.dz\/wp-content\/uploads\/2024\/02\/Chane.webp","width":900,"height":675},{"@type":"BreadcrumbList","@id":"https:\/\/lasentinelle.dz\/index.php\/2024\/04\/03\/lunite-et-la-cohesion-de-la-societe-algerienne-saluees\/#breadcrumb","itemListElement":[{"@type":"ListItem","position":1,"name":"Accueil","item":"https:\/\/lasentinelle.dz\/"},{"@type":"ListItem","position":2,"name":"\u00ab\u00a0L&rsquo;unit\u00e9 et la coh\u00e9sion de la soci\u00e9t\u00e9 alg\u00e9rienne\u00a0\u00bb salu\u00e9es"}]},{"@type":"WebSite","@id":"https:\/\/lasentinelle.dz\/#website","url":"https:\/\/lasentinelle.dz\/","name":"La Sentinelle","description":"Quotidien national d&#039;information","publisher":{"@id":"https:\/\/lasentinelle.dz\/#organization"},"potentialAction":[{"@type":"SearchAction","target":{"@type":"EntryPoint","urlTemplate":"https:\/\/lasentinelle.dz\/?s={search_term_string}"},"query-input":{"@type":"PropertyValueSpecification","valueRequired":true,"valueName":"search_term_string"}}],"inLanguage":"fr-FR"},{"@type":"Organization","@id":"https:\/\/lasentinelle.dz\/#organization","name":"Quotidien La Sentinelle","url":"https:\/\/lasentinelle.dz\/","logo":{"@type":"ImageObject","inLanguage":"fr-FR","@id":"https:\/\/lasentinelle.dz\/#\/schema\/logo\/image\/","url":"https:\/\/lasentinelle.dz\/wp-content\/uploads\/2021\/09\/logo-sentinelleSLOGAN-1.png","contentUrl":"https:\/\/lasentinelle.dz\/wp-content\/uploads\/2021\/09\/logo-sentinelleSLOGAN-1.png","width":615,"height":142,"caption":"Quotidien La Sentinelle"},"image":{"@id":"https:\/\/lasentinelle.dz\/#\/schema\/logo\/image\/"},"sameAs":["https:\/\/www.facebook.com\/La-Sentinelle-104059864394773"]},{"@type":"Person","@id":"https:\/\/lasentinelle.dz\/#\/schema\/person\/d865044e22e70a75174ce8bcad3acfb3","name":"La Sentinelle","image":{"@type":"ImageObject","inLanguage":"fr-FR","@id":"https:\/\/secure.gravatar.com\/avatar\/57de8e5d4b15d43fb361a71fbb36338450fe67865b528a43dd10ef7c51a20392?s=96&d=mm&r=g","url":"https:\/\/secure.gravatar.com\/avatar\/57de8e5d4b15d43fb361a71fbb36338450fe67865b528a43dd10ef7c51a20392?s=96&d=mm&r=g","contentUrl":"https:\/\/secure.gravatar.com\/avatar\/57de8e5d4b15d43fb361a71fbb36338450fe67865b528a43dd10ef7c51a20392?s=96&d=mm&r=g","caption":"La Sentinelle"},"sameAs":["http:\/\/www.lasentinelle.dz"],"url":"https:\/\/lasentinelle.dz\/author\/redaction\/"}]}},"_links":{"self":[{"href":"https:\/\/lasentinelle.dz\/index.php\/wp-json\/wp\/v2\/posts\/50954","targetHints":{"allow":["GET"]}}],"collection":[{"href":"https:\/\/lasentinelle.dz\/index.php\/wp-json\/wp\/v2\/posts"}],"about":[{"href":"https:\/\/lasentinelle.dz\/index.php\/wp-json\/wp\/v2\/types\/post"}],"author":[{"embeddable":true,"href":"https:\/\/lasentinelle.dz\/index.php\/wp-json\/wp\/v2\/users\/3"}],"replies":[{"embeddable":true,"href":"https:\/\/lasentinelle.dz\/index.php\/wp-json\/wp\/v2\/comments?post=50954"}],"version-history":[{"count":2,"href":"https:\/\/lasentinelle.dz\/index.php\/wp-json\/wp\/v2\/posts\/50954\/revisions"}],"predecessor-version":[{"id":50956,"href":"https:\/\/lasentinelle.dz\/index.php\/wp-json\/wp\/v2\/posts\/50954\/revisions\/50956"}],"wp:featuredmedia":[{"embeddable":true,"href":"https:\/\/lasentinelle.dz\/index.php\/wp-json\/wp\/v2\/media\/49870"}],"wp:attachment":[{"href":"https:\/\/lasentinelle.dz\/index.php\/wp-json\/wp\/v2\/media?parent=50954"}],"wp:term":[{"taxonomy":"category","embeddable":true,"href":"https:\/\/lasentinelle.dz\/index.php\/wp-json\/wp\/v2\/categories?post=50954"},{"taxonomy":"post_tag","embeddable":true,"href":"https:\/\/lasentinelle.dz\/index.php\/wp-json\/wp\/v2\/tags?post=50954"}],"curies":[{"name":"wp","href":"https:\/\/api.w.org\/{rel}","templated":true}]}}