{"id":50957,"date":"2024-04-03T15:53:52","date_gmt":"2024-04-03T14:53:52","guid":{"rendered":"https:\/\/lasentinelle.dz\/?p=50957"},"modified":"2024-04-03T15:53:54","modified_gmt":"2024-04-03T14:53:54","slug":"goudjil-une-decision-qui-na-aucun-lien-avec-les-speculations-avancees","status":"publish","type":"post","link":"https:\/\/lasentinelle.dz\/index.php\/2024\/04\/03\/goudjil-une-decision-qui-na-aucun-lien-avec-les-speculations-avancees\/","title":{"rendered":"Goudjil\u00a0: \u00ab\u00a0Une d\u00e9cision qui n\u2019a aucun lien avec les sp\u00e9culations avanc\u00e9es\u00a0\u00bb"},"content":{"rendered":"\n<p>Le pr\u00e9sident du Conseil de la nation, Salah Goudjil a \u00e9voqu\u00e9 hier \u00e0 la cl\u00f4ture de la s\u00e9ance pl\u00e9ni\u00e8re de la chambre haute du Parlement consacr\u00e9e au vote du projet d\u2019amendement du code p\u00e9nal et de la loi sur l\u2019industrie cin\u00e9matographique, les prochaines \u00e9lections pr\u00e9sidentielles anticip\u00e9es pr\u00e9vues le 7 septembre prochain. Selon un communiqu\u00e9 du Conseil de la Nation, Salah Goudjil est revenu sur les raisons de l\u2019avancement de la date de la pr\u00e9sidentielle alors que scrutin pr\u00e9vu initialement en d\u00e9cembre co\u00efncidait avec les \u00e9lections s\u00e9natoriales pour le renouvellement de la moiti\u00e9 des membres de la chambre haute du Parlement. Il a ainsi indiqu\u00e9 que la d\u00e9cision du pr\u00e9sident de la R\u00e9publique est \u00ab\u00a0une d\u00e9cision purement technique qui n&rsquo;a aucun lien avec les hypoth\u00e8ses et sp\u00e9culations avanc\u00e9es \u00e7\u00e0 et l\u00e0\u00a0\u00bb. Et d&rsquo;affirmer que \u00ab\u00a0la date pr\u00e9c\u00e9demment choisie (d\u00e9cembre) co\u00efncide avec le renouvellement partiel du Conseil de la nation\u00a0\u00bb, ce qui est, a-t-il dit, \u00ab\u00a0techniquement d\u00e9raisonnable, en sus d&rsquo;autres consid\u00e9rations techniques\u00a0\u00bb.<\/p>\n\n\n\n<p>Goudjil a par ailleurs salu\u00e9 les diff\u00e9rentes d\u00e9cisions importantes prises par le pr\u00e9sident de la R\u00e9publique en vue de \u00ab\u00a0r\u00e9aliser l&rsquo;ind\u00e9pendance \u00e9conomique\u00a0\u00bb de notre pays, et partant \u00ab\u00a0renforcer la d\u00e9cision souveraine de l&rsquo;Etat et rehausser sa position sur la sc\u00e8ne internationale\u00a0\u00bb. Le pr\u00e9sident du Conseil de la nation a \u00e9voqu\u00e9, \u00e0 cette occasion, la d\u00e9cision du pr\u00e9sident de la R\u00e9publique d&rsquo;organiser une pr\u00e9sidentielle anticip\u00e9e, Dans ce sillage, M. Goudjil a \u00e9voqu\u00e9 la question de la M\u00e9moire nationale, soulignant \u00ab\u00a0le caract\u00e8re colonial de l&rsquo;occupation fran\u00e7aise qui visait essentiellement \u00e0 exterminer le peuple alg\u00e9rien musulman et \u00e0 le remplacer par des Europ\u00e9ens chr\u00e9tiens\u00a0\u00bb, d&rsquo;o\u00f9 \u00ab\u00a0la n\u00e9cessit\u00e9 de faire la distinction entre le colonialisme fran\u00e7ais et le peuple fran\u00e7ais\u00a0\u00bb. Il a, \u00e0 ce propos, appel\u00e9 les r\u00e9sidus de la colonisation fran\u00e7aise \u00e0 \u00ab\u00a0faire preuve de rationalit\u00e9 et \u00e0 bannir les id\u00e9es coloniales r\u00e9volues\u00a0\u00bb. Le pr\u00e9sident du Conseil de la nation a, par ailleurs, \u00e9voqu\u00e9 ce que le peuple palestinien subit de la part de l&rsquo;occupation coloniale sioniste, estimant que \u00ab\u00a0les crimes commis aujourd&rsquo;hui par la machine de guerre sioniste sont des crimes contre l&rsquo;humanit\u00e9, et que ce que vit aujourd&rsquo;hui la Palestine, plus pr\u00e9cis\u00e9ment la bande de Ghaza, en pr\u00e9sence des m\u00e9dias internationaux, est similaire \u00e0 ce que l&rsquo;Alg\u00e9rie avait v\u00e9cu par le pass\u00e9 dans un blackout m\u00e9diatique total\u00a0\u00bb. Il a \u00e9galement exprim\u00e9 \u00ab\u00a0la fiert\u00e9 du peuple alg\u00e9rien des positions historiques de son Etat avec sa r\u00e9f\u00e9rence novembriste, en soutien au peuple palestinien\u00a0\u00bb, rappelant, dans ce cadre, l\u2019allocution du pr\u00e9sident de la R\u00e9publique, M. Abdelmadjid Tebboune, devant l&rsquo;Assembl\u00e9e g\u00e9n\u00e9rale (AG) des Nations unies, lors de laquelle il avait appel\u00e9 \u00e0 la n\u00e9cessit\u00e9 d\u2019accorder \u00e0 l&rsquo;Etat palestinien la qualit\u00e9 de membre \u00e0 part enti\u00e8re \u00e0 l&rsquo;ONU, \u00ab\u00a0ce qui est d\u00e9sormais \u00e9vident \u00e0 pr\u00e9sent\u00a0\u00bb, selon M. Goudjil, \u00e0 travers \u00ab\u00a0la voix \u00e9cout\u00e9e de l&rsquo;Alg\u00e9rie au sein du Conseil de s\u00e9curit\u00e9 et consacr\u00e9e \u00e0 la d\u00e9fense des causes justes dans le monde\u00a0\u00bb. Par ailleurs, le pr\u00e9sident du Conseil de la nation a adress\u00e9 \u00ab\u00a0un message clair concernant le dossier du Sahara occidental et du Sahel, plus pr\u00e9cis\u00e9ment le Mali et le Niger, qui affirme que l&rsquo;Alg\u00e9rie est essentiellement attach\u00e9e \u00e0 la stabilit\u00e9 et \u00e0 la s\u00e9curit\u00e9 de ces deux pays et qu&rsquo;ils soient ind\u00e9pendants dans leurs d\u00e9cisions, tel que pr\u00f4n\u00e9, en permanence, par la diplomatie alg\u00e9rienne\u00a0\u00bb.<\/p>\n\n\n\n<p><strong>C. Hafed<\/strong><\/p>\n","protected":false},"excerpt":{"rendered":"<p>Le pr\u00e9sident du Conseil de la nation, Salah Goudjil a \u00e9voqu\u00e9 hier \u00e0 la cl\u00f4ture de la s\u00e9ance pl\u00e9ni\u00e8re de<\/p>\n","protected":false},"author":3,"featured_media":45264,"comment_status":"open","ping_status":"closed","sticky":false,"template":"","format":"standard","meta":{"colormag_page_container_layout":"default_layout","colormag_page_sidebar_layout":"default_layout","om_disable_all_campaigns":false,"_monsterinsights_skip_tracking":false,"_monsterinsights_sitenote_active":false,"_monsterinsights_sitenote_note":"","_monsterinsights_sitenote_category":0,"footnotes":"","_wpscppro_dont_share_socialmedia":false,"_wpscppro_custom_social_share_image":0,"_facebook_share_type":"","_twitter_share_type":"","_linkedin_share_type":"","_pinterest_share_type":"","_linkedin_share_type_page":"","_instagram_share_type":"","_medium_share_type":"","_threads_share_type":"","_google_business_share_type":"","_selected_social_profile":[],"_wpsp_enable_custom_social_template":false,"_wpsp_social_scheduling":{"enabled":false,"datetime":null,"platforms":[],"status":"template_only","dateOption":"today","timeOption":"now","customDays":"","customHours":"","customDate":"","customTime":"","schedulingType":"absolute"},"_wpsp_active_default_template":true},"categories":[28],"tags":[],"class_list":["post-50957","post","type-post","status-publish","format-standard","has-post-thumbnail","hentry","category-politique"],"aioseo_notices":[],"yoast_head":"<!-- This site is optimized with the Yoast SEO plugin v27.5 - https:\/\/yoast.com\/product\/yoast-seo-wordpress\/ -->\n<title>Goudjil\u00a0: \u00ab\u00a0Une d\u00e9cision qui n\u2019a aucun lien avec les sp\u00e9culations avanc\u00e9es\u00a0\u00bb - La Sentinelle<\/title>\n<meta name=\"robots\" content=\"index, follow, max-snippet:-1, max-image-preview:large, max-video-preview:-1\" \/>\n<link rel=\"canonical\" href=\"https:\/\/lasentinelle.dz\/index.php\/2024\/04\/03\/goudjil-une-decision-qui-na-aucun-lien-avec-les-speculations-avancees\/\" \/>\n<meta property=\"og:locale\" content=\"fr_FR\" \/>\n<meta property=\"og:type\" content=\"article\" \/>\n<meta property=\"og:title\" content=\"Goudjil\u00a0: \u00ab\u00a0Une d\u00e9cision qui n\u2019a aucun lien avec les sp\u00e9culations avanc\u00e9es\u00a0\u00bb - La Sentinelle\" \/>\n<meta property=\"og:description\" content=\"Le pr\u00e9sident du Conseil de la nation, Salah Goudjil a \u00e9voqu\u00e9 hier \u00e0 la cl\u00f4ture de la s\u00e9ance pl\u00e9ni\u00e8re de\" \/>\n<meta property=\"og:url\" content=\"https:\/\/lasentinelle.dz\/index.php\/2024\/04\/03\/goudjil-une-decision-qui-na-aucun-lien-avec-les-speculations-avancees\/\" \/>\n<meta property=\"og:site_name\" content=\"La Sentinelle\" \/>\n<meta property=\"article:publisher\" content=\"https:\/\/www.facebook.com\/La-Sentinelle-104059864394773\" \/>\n<meta property=\"article:published_time\" content=\"2024-04-03T14:53:52+00:00\" \/>\n<meta property=\"article:modified_time\" content=\"2024-04-03T14:53:54+00:00\" \/>\n<meta property=\"og:image\" content=\"https:\/\/lasentinelle.dz\/wp-content\/uploads\/2023\/09\/goudjil.webp\" \/>\n\t<meta property=\"og:image:width\" content=\"900\" \/>\n\t<meta property=\"og:image:height\" content=\"675\" \/>\n\t<meta property=\"og:image:type\" content=\"image\/webp\" \/>\n<meta name=\"author\" content=\"La Sentinelle\" \/>\n<meta name=\"twitter:card\" content=\"summary_large_image\" \/>\n<meta name=\"twitter:label1\" content=\"\u00c9crit par\" \/>\n\t<meta name=\"twitter:data1\" content=\"La Sentinelle\" \/>\n\t<meta name=\"twitter:label2\" content=\"Dur\u00e9e de lecture estim\u00e9e\" \/>\n\t<meta name=\"twitter:data2\" content=\"3 minutes\" \/>\n<script type=\"application\/ld+json\" class=\"yoast-schema-graph\">{\"@context\":\"https:\\\/\\\/schema.org\",\"@graph\":[{\"@type\":\"Article\",\"@id\":\"https:\\\/\\\/lasentinelle.dz\\\/index.php\\\/2024\\\/04\\\/03\\\/goudjil-une-decision-qui-na-aucun-lien-avec-les-speculations-avancees\\\/#article\",\"isPartOf\":{\"@id\":\"https:\\\/\\\/lasentinelle.dz\\\/index.php\\\/2024\\\/04\\\/03\\\/goudjil-une-decision-qui-na-aucun-lien-avec-les-speculations-avancees\\\/\"},\"author\":{\"name\":\"La Sentinelle\",\"@id\":\"https:\\\/\\\/lasentinelle.dz\\\/#\\\/schema\\\/person\\\/d865044e22e70a75174ce8bcad3acfb3\"},\"headline\":\"Goudjil\u00a0: \u00ab\u00a0Une d\u00e9cision qui n\u2019a aucun lien avec les sp\u00e9culations avanc\u00e9es\u00a0\u00bb\",\"datePublished\":\"2024-04-03T14:53:52+00:00\",\"dateModified\":\"2024-04-03T14:53:54+00:00\",\"mainEntityOfPage\":{\"@id\":\"https:\\\/\\\/lasentinelle.dz\\\/index.php\\\/2024\\\/04\\\/03\\\/goudjil-une-decision-qui-na-aucun-lien-avec-les-speculations-avancees\\\/\"},\"wordCount\":653,\"commentCount\":0,\"publisher\":{\"@id\":\"https:\\\/\\\/lasentinelle.dz\\\/#organization\"},\"image\":{\"@id\":\"https:\\\/\\\/lasentinelle.dz\\\/index.php\\\/2024\\\/04\\\/03\\\/goudjil-une-decision-qui-na-aucun-lien-avec-les-speculations-avancees\\\/#primaryimage\"},\"thumbnailUrl\":\"https:\\\/\\\/lasentinelle.dz\\\/wp-content\\\/uploads\\\/2023\\\/09\\\/goudjil.webp\",\"articleSection\":[\"Politique\"],\"inLanguage\":\"fr-FR\",\"potentialAction\":[{\"@type\":\"CommentAction\",\"name\":\"Comment\",\"target\":[\"https:\\\/\\\/lasentinelle.dz\\\/index.php\\\/2024\\\/04\\\/03\\\/goudjil-une-decision-qui-na-aucun-lien-avec-les-speculations-avancees\\\/#respond\"]}]},{\"@type\":\"WebPage\",\"@id\":\"https:\\\/\\\/lasentinelle.dz\\\/index.php\\\/2024\\\/04\\\/03\\\/goudjil-une-decision-qui-na-aucun-lien-avec-les-speculations-avancees\\\/\",\"url\":\"https:\\\/\\\/lasentinelle.dz\\\/index.php\\\/2024\\\/04\\\/03\\\/goudjil-une-decision-qui-na-aucun-lien-avec-les-speculations-avancees\\\/\",\"name\":\"Goudjil\u00a0: \u00ab\u00a0Une d\u00e9cision qui n\u2019a aucun lien avec les sp\u00e9culations avanc\u00e9es\u00a0\u00bb - La Sentinelle\",\"isPartOf\":{\"@id\":\"https:\\\/\\\/lasentinelle.dz\\\/#website\"},\"primaryImageOfPage\":{\"@id\":\"https:\\\/\\\/lasentinelle.dz\\\/index.php\\\/2024\\\/04\\\/03\\\/goudjil-une-decision-qui-na-aucun-lien-avec-les-speculations-avancees\\\/#primaryimage\"},\"image\":{\"@id\":\"https:\\\/\\\/lasentinelle.dz\\\/index.php\\\/2024\\\/04\\\/03\\\/goudjil-une-decision-qui-na-aucun-lien-avec-les-speculations-avancees\\\/#primaryimage\"},\"thumbnailUrl\":\"https:\\\/\\\/lasentinelle.dz\\\/wp-content\\\/uploads\\\/2023\\\/09\\\/goudjil.webp\",\"datePublished\":\"2024-04-03T14:53:52+00:00\",\"dateModified\":\"2024-04-03T14:53:54+00:00\",\"breadcrumb\":{\"@id\":\"https:\\\/\\\/lasentinelle.dz\\\/index.php\\\/2024\\\/04\\\/03\\\/goudjil-une-decision-qui-na-aucun-lien-avec-les-speculations-avancees\\\/#breadcrumb\"},\"inLanguage\":\"fr-FR\",\"potentialAction\":[{\"@type\":\"ReadAction\",\"target\":[\"https:\\\/\\\/lasentinelle.dz\\\/index.php\\\/2024\\\/04\\\/03\\\/goudjil-une-decision-qui-na-aucun-lien-avec-les-speculations-avancees\\\/\"]}]},{\"@type\":\"ImageObject\",\"inLanguage\":\"fr-FR\",\"@id\":\"https:\\\/\\\/lasentinelle.dz\\\/index.php\\\/2024\\\/04\\\/03\\\/goudjil-une-decision-qui-na-aucun-lien-avec-les-speculations-avancees\\\/#primaryimage\",\"url\":\"https:\\\/\\\/lasentinelle.dz\\\/wp-content\\\/uploads\\\/2023\\\/09\\\/goudjil.webp\",\"contentUrl\":\"https:\\\/\\\/lasentinelle.dz\\\/wp-content\\\/uploads\\\/2023\\\/09\\\/goudjil.webp\",\"width\":900,\"height\":675},{\"@type\":\"BreadcrumbList\",\"@id\":\"https:\\\/\\\/lasentinelle.dz\\\/index.php\\\/2024\\\/04\\\/03\\\/goudjil-une-decision-qui-na-aucun-lien-avec-les-speculations-avancees\\\/#breadcrumb\",\"itemListElement\":[{\"@type\":\"ListItem\",\"position\":1,\"name\":\"Accueil\",\"item\":\"https:\\\/\\\/lasentinelle.dz\\\/\"},{\"@type\":\"ListItem\",\"position\":2,\"name\":\"Goudjil\u00a0: \u00ab\u00a0Une d\u00e9cision qui n\u2019a aucun lien avec les sp\u00e9culations avanc\u00e9es\u00a0\u00bb\"}]},{\"@type\":\"WebSite\",\"@id\":\"https:\\\/\\\/lasentinelle.dz\\\/#website\",\"url\":\"https:\\\/\\\/lasentinelle.dz\\\/\",\"name\":\"La Sentinelle\",\"description\":\"Quotidien national d&#039;information\",\"publisher\":{\"@id\":\"https:\\\/\\\/lasentinelle.dz\\\/#organization\"},\"potentialAction\":[{\"@type\":\"SearchAction\",\"target\":{\"@type\":\"EntryPoint\",\"urlTemplate\":\"https:\\\/\\\/lasentinelle.dz\\\/?s={search_term_string}\"},\"query-input\":{\"@type\":\"PropertyValueSpecification\",\"valueRequired\":true,\"valueName\":\"search_term_string\"}}],\"inLanguage\":\"fr-FR\"},{\"@type\":\"Organization\",\"@id\":\"https:\\\/\\\/lasentinelle.dz\\\/#organization\",\"name\":\"Quotidien La Sentinelle\",\"url\":\"https:\\\/\\\/lasentinelle.dz\\\/\",\"logo\":{\"@type\":\"ImageObject\",\"inLanguage\":\"fr-FR\",\"@id\":\"https:\\\/\\\/lasentinelle.dz\\\/#\\\/schema\\\/logo\\\/image\\\/\",\"url\":\"https:\\\/\\\/lasentinelle.dz\\\/wp-content\\\/uploads\\\/2021\\\/09\\\/logo-sentinelleSLOGAN-1.png\",\"contentUrl\":\"https:\\\/\\\/lasentinelle.dz\\\/wp-content\\\/uploads\\\/2021\\\/09\\\/logo-sentinelleSLOGAN-1.png\",\"width\":615,\"height\":142,\"caption\":\"Quotidien La Sentinelle\"},\"image\":{\"@id\":\"https:\\\/\\\/lasentinelle.dz\\\/#\\\/schema\\\/logo\\\/image\\\/\"},\"sameAs\":[\"https:\\\/\\\/www.facebook.com\\\/La-Sentinelle-104059864394773\"]},{\"@type\":\"Person\",\"@id\":\"https:\\\/\\\/lasentinelle.dz\\\/#\\\/schema\\\/person\\\/d865044e22e70a75174ce8bcad3acfb3\",\"name\":\"La Sentinelle\",\"image\":{\"@type\":\"ImageObject\",\"inLanguage\":\"fr-FR\",\"@id\":\"https:\\\/\\\/secure.gravatar.com\\\/avatar\\\/57de8e5d4b15d43fb361a71fbb36338450fe67865b528a43dd10ef7c51a20392?s=96&d=mm&r=g\",\"url\":\"https:\\\/\\\/secure.gravatar.com\\\/avatar\\\/57de8e5d4b15d43fb361a71fbb36338450fe67865b528a43dd10ef7c51a20392?s=96&d=mm&r=g\",\"contentUrl\":\"https:\\\/\\\/secure.gravatar.com\\\/avatar\\\/57de8e5d4b15d43fb361a71fbb36338450fe67865b528a43dd10ef7c51a20392?s=96&d=mm&r=g\",\"caption\":\"La Sentinelle\"},\"sameAs\":[\"http:\\\/\\\/www.lasentinelle.dz\"],\"url\":\"https:\\\/\\\/lasentinelle.dz\\\/author\\\/redaction\\\/\"}]}<\/script>\n<!-- \/ Yoast SEO plugin. -->","yoast_head_json":{"title":"Goudjil\u00a0: \u00ab\u00a0Une d\u00e9cision qui n\u2019a aucun lien avec les sp\u00e9culations avanc\u00e9es\u00a0\u00bb - La Sentinelle","robots":{"index":"index","follow":"follow","max-snippet":"max-snippet:-1","max-image-preview":"max-image-preview:large","max-video-preview":"max-video-preview:-1"},"canonical":"https:\/\/lasentinelle.dz\/index.php\/2024\/04\/03\/goudjil-une-decision-qui-na-aucun-lien-avec-les-speculations-avancees\/","og_locale":"fr_FR","og_type":"article","og_title":"Goudjil\u00a0: \u00ab\u00a0Une d\u00e9cision qui n\u2019a aucun lien avec les sp\u00e9culations avanc\u00e9es\u00a0\u00bb - La Sentinelle","og_description":"Le pr\u00e9sident du Conseil de la nation, Salah Goudjil a \u00e9voqu\u00e9 hier \u00e0 la cl\u00f4ture de la s\u00e9ance pl\u00e9ni\u00e8re de","og_url":"https:\/\/lasentinelle.dz\/index.php\/2024\/04\/03\/goudjil-une-decision-qui-na-aucun-lien-avec-les-speculations-avancees\/","og_site_name":"La Sentinelle","article_publisher":"https:\/\/www.facebook.com\/La-Sentinelle-104059864394773","article_published_time":"2024-04-03T14:53:52+00:00","article_modified_time":"2024-04-03T14:53:54+00:00","og_image":[{"width":900,"height":675,"url":"https:\/\/lasentinelle.dz\/wp-content\/uploads\/2023\/09\/goudjil.webp","type":"image\/webp"}],"author":"La Sentinelle","twitter_card":"summary_large_image","twitter_misc":{"\u00c9crit par":"La Sentinelle","Dur\u00e9e de lecture estim\u00e9e":"3 minutes"},"schema":{"@context":"https:\/\/schema.org","@graph":[{"@type":"Article","@id":"https:\/\/lasentinelle.dz\/index.php\/2024\/04\/03\/goudjil-une-decision-qui-na-aucun-lien-avec-les-speculations-avancees\/#article","isPartOf":{"@id":"https:\/\/lasentinelle.dz\/index.php\/2024\/04\/03\/goudjil-une-decision-qui-na-aucun-lien-avec-les-speculations-avancees\/"},"author":{"name":"La Sentinelle","@id":"https:\/\/lasentinelle.dz\/#\/schema\/person\/d865044e22e70a75174ce8bcad3acfb3"},"headline":"Goudjil\u00a0: \u00ab\u00a0Une d\u00e9cision qui n\u2019a aucun lien avec les sp\u00e9culations avanc\u00e9es\u00a0\u00bb","datePublished":"2024-04-03T14:53:52+00:00","dateModified":"2024-04-03T14:53:54+00:00","mainEntityOfPage":{"@id":"https:\/\/lasentinelle.dz\/index.php\/2024\/04\/03\/goudjil-une-decision-qui-na-aucun-lien-avec-les-speculations-avancees\/"},"wordCount":653,"commentCount":0,"publisher":{"@id":"https:\/\/lasentinelle.dz\/#organization"},"image":{"@id":"https:\/\/lasentinelle.dz\/index.php\/2024\/04\/03\/goudjil-une-decision-qui-na-aucun-lien-avec-les-speculations-avancees\/#primaryimage"},"thumbnailUrl":"https:\/\/lasentinelle.dz\/wp-content\/uploads\/2023\/09\/goudjil.webp","articleSection":["Politique"],"inLanguage":"fr-FR","potentialAction":[{"@type":"CommentAction","name":"Comment","target":["https:\/\/lasentinelle.dz\/index.php\/2024\/04\/03\/goudjil-une-decision-qui-na-aucun-lien-avec-les-speculations-avancees\/#respond"]}]},{"@type":"WebPage","@id":"https:\/\/lasentinelle.dz\/index.php\/2024\/04\/03\/goudjil-une-decision-qui-na-aucun-lien-avec-les-speculations-avancees\/","url":"https:\/\/lasentinelle.dz\/index.php\/2024\/04\/03\/goudjil-une-decision-qui-na-aucun-lien-avec-les-speculations-avancees\/","name":"Goudjil\u00a0: \u00ab\u00a0Une d\u00e9cision qui n\u2019a aucun lien avec les sp\u00e9culations avanc\u00e9es\u00a0\u00bb - La Sentinelle","isPartOf":{"@id":"https:\/\/lasentinelle.dz\/#website"},"primaryImageOfPage":{"@id":"https:\/\/lasentinelle.dz\/index.php\/2024\/04\/03\/goudjil-une-decision-qui-na-aucun-lien-avec-les-speculations-avancees\/#primaryimage"},"image":{"@id":"https:\/\/lasentinelle.dz\/index.php\/2024\/04\/03\/goudjil-une-decision-qui-na-aucun-lien-avec-les-speculations-avancees\/#primaryimage"},"thumbnailUrl":"https:\/\/lasentinelle.dz\/wp-content\/uploads\/2023\/09\/goudjil.webp","datePublished":"2024-04-03T14:53:52+00:00","dateModified":"2024-04-03T14:53:54+00:00","breadcrumb":{"@id":"https:\/\/lasentinelle.dz\/index.php\/2024\/04\/03\/goudjil-une-decision-qui-na-aucun-lien-avec-les-speculations-avancees\/#breadcrumb"},"inLanguage":"fr-FR","potentialAction":[{"@type":"ReadAction","target":["https:\/\/lasentinelle.dz\/index.php\/2024\/04\/03\/goudjil-une-decision-qui-na-aucun-lien-avec-les-speculations-avancees\/"]}]},{"@type":"ImageObject","inLanguage":"fr-FR","@id":"https:\/\/lasentinelle.dz\/index.php\/2024\/04\/03\/goudjil-une-decision-qui-na-aucun-lien-avec-les-speculations-avancees\/#primaryimage","url":"https:\/\/lasentinelle.dz\/wp-content\/uploads\/2023\/09\/goudjil.webp","contentUrl":"https:\/\/lasentinelle.dz\/wp-content\/uploads\/2023\/09\/goudjil.webp","width":900,"height":675},{"@type":"BreadcrumbList","@id":"https:\/\/lasentinelle.dz\/index.php\/2024\/04\/03\/goudjil-une-decision-qui-na-aucun-lien-avec-les-speculations-avancees\/#breadcrumb","itemListElement":[{"@type":"ListItem","position":1,"name":"Accueil","item":"https:\/\/lasentinelle.dz\/"},{"@type":"ListItem","position":2,"name":"Goudjil\u00a0: \u00ab\u00a0Une d\u00e9cision qui n\u2019a aucun lien avec les sp\u00e9culations avanc\u00e9es\u00a0\u00bb"}]},{"@type":"WebSite","@id":"https:\/\/lasentinelle.dz\/#website","url":"https:\/\/lasentinelle.dz\/","name":"La Sentinelle","description":"Quotidien national d&#039;information","publisher":{"@id":"https:\/\/lasentinelle.dz\/#organization"},"potentialAction":[{"@type":"SearchAction","target":{"@type":"EntryPoint","urlTemplate":"https:\/\/lasentinelle.dz\/?s={search_term_string}"},"query-input":{"@type":"PropertyValueSpecification","valueRequired":true,"valueName":"search_term_string"}}],"inLanguage":"fr-FR"},{"@type":"Organization","@id":"https:\/\/lasentinelle.dz\/#organization","name":"Quotidien La Sentinelle","url":"https:\/\/lasentinelle.dz\/","logo":{"@type":"ImageObject","inLanguage":"fr-FR","@id":"https:\/\/lasentinelle.dz\/#\/schema\/logo\/image\/","url":"https:\/\/lasentinelle.dz\/wp-content\/uploads\/2021\/09\/logo-sentinelleSLOGAN-1.png","contentUrl":"https:\/\/lasentinelle.dz\/wp-content\/uploads\/2021\/09\/logo-sentinelleSLOGAN-1.png","width":615,"height":142,"caption":"Quotidien La Sentinelle"},"image":{"@id":"https:\/\/lasentinelle.dz\/#\/schema\/logo\/image\/"},"sameAs":["https:\/\/www.facebook.com\/La-Sentinelle-104059864394773"]},{"@type":"Person","@id":"https:\/\/lasentinelle.dz\/#\/schema\/person\/d865044e22e70a75174ce8bcad3acfb3","name":"La Sentinelle","image":{"@type":"ImageObject","inLanguage":"fr-FR","@id":"https:\/\/secure.gravatar.com\/avatar\/57de8e5d4b15d43fb361a71fbb36338450fe67865b528a43dd10ef7c51a20392?s=96&d=mm&r=g","url":"https:\/\/secure.gravatar.com\/avatar\/57de8e5d4b15d43fb361a71fbb36338450fe67865b528a43dd10ef7c51a20392?s=96&d=mm&r=g","contentUrl":"https:\/\/secure.gravatar.com\/avatar\/57de8e5d4b15d43fb361a71fbb36338450fe67865b528a43dd10ef7c51a20392?s=96&d=mm&r=g","caption":"La Sentinelle"},"sameAs":["http:\/\/www.lasentinelle.dz"],"url":"https:\/\/lasentinelle.dz\/author\/redaction\/"}]}},"_links":{"self":[{"href":"https:\/\/lasentinelle.dz\/index.php\/wp-json\/wp\/v2\/posts\/50957","targetHints":{"allow":["GET"]}}],"collection":[{"href":"https:\/\/lasentinelle.dz\/index.php\/wp-json\/wp\/v2\/posts"}],"about":[{"href":"https:\/\/lasentinelle.dz\/index.php\/wp-json\/wp\/v2\/types\/post"}],"author":[{"embeddable":true,"href":"https:\/\/lasentinelle.dz\/index.php\/wp-json\/wp\/v2\/users\/3"}],"replies":[{"embeddable":true,"href":"https:\/\/lasentinelle.dz\/index.php\/wp-json\/wp\/v2\/comments?post=50957"}],"version-history":[{"count":1,"href":"https:\/\/lasentinelle.dz\/index.php\/wp-json\/wp\/v2\/posts\/50957\/revisions"}],"predecessor-version":[{"id":50958,"href":"https:\/\/lasentinelle.dz\/index.php\/wp-json\/wp\/v2\/posts\/50957\/revisions\/50958"}],"wp:featuredmedia":[{"embeddable":true,"href":"https:\/\/lasentinelle.dz\/index.php\/wp-json\/wp\/v2\/media\/45264"}],"wp:attachment":[{"href":"https:\/\/lasentinelle.dz\/index.php\/wp-json\/wp\/v2\/media?parent=50957"}],"wp:term":[{"taxonomy":"category","embeddable":true,"href":"https:\/\/lasentinelle.dz\/index.php\/wp-json\/wp\/v2\/categories?post=50957"},{"taxonomy":"post_tag","embeddable":true,"href":"https:\/\/lasentinelle.dz\/index.php\/wp-json\/wp\/v2\/tags?post=50957"}],"curies":[{"name":"wp","href":"https:\/\/api.w.org\/{rel}","templated":true}]}}