{"id":5096,"date":"2021-08-24T00:01:00","date_gmt":"2021-08-23T23:01:00","guid":{"rendered":"https:\/\/lasentinelle.dz\/?p=5096"},"modified":"2021-08-23T16:19:42","modified_gmt":"2021-08-23T15:19:42","slug":"sahara-occidental-la-tentative-dassassinat-de-sultana-khaya-devoile-le-visage-du-makhzen","status":"publish","type":"post","link":"https:\/\/lasentinelle.dz\/index.php\/2021\/08\/24\/sahara-occidental-la-tentative-dassassinat-de-sultana-khaya-devoile-le-visage-du-makhzen\/","title":{"rendered":"Sahara occidental : La tentative d\u2019assassinat de Sultana Khaya d\u00e9voile le visage du Makhzen"},"content":{"rendered":"\n<p>La commission nationale sahraouie des droits de l&rsquo;homme (CONASADH) a d\u00e9nonc\u00e9 avec force l&rsquo;agression \u00ab\u00a0l\u00e2che\u00a0\u00bb commise contre la militante sahraouie des droits de l&rsquo;homme, Sultana Khaya et sa famille par les forces de r\u00e9pression marocaines dans une tentative de la liquider, qualifiant cet acte \u00ab\u00a0de crime qui d\u00e9voile le visage hideux du r\u00e9gime de l&rsquo;occupation\u00a0\u00bb.<\/p>\n\n\n\n<p>Selon un communiqu\u00e9 rapport\u00e9 par l&rsquo;Agence sahraouie SPS, la CONASADH a condamn\u00e9 avec force cette agression l\u00e2che contre la famille de Sultana Khaya, exprimant sa solidarit\u00e9 avec elle et toutes les victimes de la r\u00e9pression marocaine\u00a0\u00bb.Il s&rsquo;agit, pour la Commission, d&rsquo;un crime qualifi\u00e9 qui d\u00e9voile le visage hideux du r\u00e9gime de l&rsquo;occupation marocaine qui met en p\u00e9ril les vies et l&rsquo;int\u00e9grit\u00e9 physique de Sahraouis d\u00e9sarm\u00e9s dans une tentative d\u00e9sesp\u00e9r\u00e9e visant \u00e0 dissimuler ces crimes m\u00e9thodiques commis dans un blocus s\u00e9curitaire et militaire g\u00e9n\u00e9ralis\u00e9 dans les territoires sahraouis occup\u00e9s\u00a0\u00bb.La CONASADH a alert\u00e9 les instances et m\u00e9canismes des droits de l&rsquo;homme sur le non respect par le Maroc des m\u00e9canismes des conventions internationales des droits de l&rsquo;homme, face au mutisme de la communaut\u00e9 internationale.La Commission a appel\u00e9 les organisations des droits de l&rsquo;homme, les institutions internationales, l&rsquo;Union africaine, l&rsquo;Union europ\u00e9enne, le Parlement europ\u00e9en et les institutions de l&rsquo;ONU \u00e0 faire pression sur le r\u00e9gime marocain pour l&rsquo;amener \u00e0 cesser ces agressions contre les civils sahraouis, \u00e0 lib\u00e9rer tous les d\u00e9tenus politiques sahraouis et \u00e0 d\u00e9p\u00eacher des missions internationales pour enqu\u00eater sur les crimes commis sous silence.La CONASADH a de nouveau tenu le Comit\u00e9 international de la Croix-Rouge (CICR) pour responsable de la situation au Sahara occidental occup\u00e9, pays qui ne jouit pas encore de son droit \u00e0 l&rsquo;autod\u00e9termination et \u00e0 l&rsquo;ind\u00e9pendance, l&rsquo;appelant \u00e0 prendre des \u00ab\u00a0mesures urgentes\u00a0\u00bb pour assurer la s\u00e9curit\u00e9 des citoyens sahraouis sans d\u00e9fense, et \u00e0 proc\u00e9der \u00e0 l&rsquo;envoi d&rsquo;une mission m\u00e9dicale notamment vers la ville de Boujdour pour constater les violations des r\u00e8gles du droit international humanitaire et des Conventions de Gen\u00e8ve, contre la famille de Sultana Khaya, qui \u00ab\u00a0vit dans des conditions d\u00e9plorables et inhumaines dues aux pratiques barbares du r\u00e9gime marocain\u00a0\u00bb, ajoute le communiqu\u00e9.<\/p>\n\n\n\n<p>Pour rappel, la militante sahraouie Sultana Khaya avait indiqu\u00e9 dans une d\u00e9claration \u00e0 l&rsquo;APS que des forces sp\u00e9ciales de s\u00e9curit\u00e9 \u00ab\u00a0ont pris d&rsquo;assaut le domicile de sa famille, agress\u00e9 tous ses membres et tent\u00e9 de la liquider physiquement, en raison de sa lutte acharn\u00e9e pour les droits de l&rsquo;homme dans les villes occup\u00e9es\u00a0\u00bb.\u00a0\u00bbUne \u00e9quipe sp\u00e9ciale relevant de la police marocaine avait pris d&rsquo;assaut, vers 4h:00 du matin, toute la maison en brutalisant les membres de la famille et d&rsquo;autres militants\u00a0\u00bb, poursuit la militante sahraouie.\u00a0\u00bbLes forces de s\u00e9curit\u00e9 marocaines m&rsquo;ont clairement menac\u00e9e de mort si je continue \u00e0 exprimer mes positions politiques et \u00e0 briser la tentative des autorit\u00e9s d&rsquo;occupation d&rsquo;imposer un black-out sur la cause sahraouie dans les villes occup\u00e9es\u00a0\u00bb, a-t-elle r\u00e9v\u00e9l\u00e9.<\/p>\n\n\n\n<p>De son c\u00f4t\u00e9, le repr\u00e9sentant du Front Polisario en Europe et aupr\u00e8s de l&rsquo;Union europ\u00e9enne, Oubi Bouchraya Bachir, a estim\u00e9 que l&rsquo;occupant marocain n&rsquo;a d&rsquo;autre choix aujourd&rsquo;hui que d&rsquo;organiser le r\u00e9f\u00e9rendum pour l&rsquo;autod\u00e9termination du peuple sahraoui conform\u00e9ment \u00e0 la l\u00e9galit\u00e9 internationale.Dans une d\u00e9claration \u00e0 la Radio Alg\u00e9rie internationale, en r\u00e9action au discours prononc\u00e9 par le roi Mohamed VI \u00e0 l&rsquo;occasion de l&rsquo;anniversaire de la R\u00e9volution du roi et du peuple, M. Bouchraya a pr\u00e9cis\u00e9 qu&rsquo;\u00e0 la lumi\u00e8re des d\u00e9veloppements que conna\u00eet la question sahraouie, le roi du Maroc n&rsquo;a d&rsquo;autre choix pour sortir de l&rsquo;impasse et r\u00e9gler le conflit que de se conformer \u00e0 l&rsquo;unique accord sign\u00e9 en 1991 avec la partie sahraouie sous l&rsquo;\u00e9gide des Nations Unies et pr\u00e9voyant la tenue d&rsquo;un r\u00e9f\u00e9rendum pour l&rsquo;autod\u00e9termination du peuple sahraoui.\u00a0\u00bbLe dernier discours du roi du Maroc reprend la m\u00eame antienne: fuite en avant dans sa politique expansionniste au Sahara occidental et d\u00e9ni de la r\u00e9alit\u00e9 historique selon laquelle le peuple sahraoui doit b\u00e9n\u00e9ficier de son droit inali\u00e9nable \u00e0 l&rsquo;autod\u00e9termination et \u00e0 l&rsquo;ind\u00e9pendance\u00a0\u00bb, a soulign\u00e9 le diplomate sahraoui.\u00a0\u00bbLe roi du Maroc doit regarder la v\u00e9rit\u00e9 en face et comprendre que tous les probl\u00e8mes de son r\u00e9gime aux niveaux r\u00e9gional et international, y compris avec certains Etats europ\u00e9ens, d\u00e9coulent de sa politique expansionniste au Sahara occidental\u00a0\u00bb, a-t-il dit.Pour le diplomate sahraoui, \u00ab\u00a0permettre au peuple sahraoui de se prononcer sur son avenir \u00e0 travers le r\u00e9f\u00e9rendum d&rsquo;autod\u00e9termination convenu pr\u00e9c\u00e9demment est synonyme de davantage de progr\u00e8s et de prosp\u00e9rit\u00e9 pour les peuples de la r\u00e9gion, y compris le peuple marocain, dans le cadre du respect d\u00fb entre pays voisins\u00a0\u00bb.<\/p>\n\n\n\n<p>R.I. avec APS <\/p>\n","protected":false},"excerpt":{"rendered":"<p>La commission nationale sahraouie des droits de l&rsquo;homme (CONASADH) a d\u00e9nonc\u00e9 avec force l&rsquo;agression \u00ab\u00a0l\u00e2che\u00a0\u00bb commise contre la militante sahraouie<\/p>\n","protected":false},"author":3,"featured_media":5105,"comment_status":"open","ping_status":"closed","sticky":false,"template":"","format":"standard","meta":{"colormag_page_container_layout":"default_layout","colormag_page_sidebar_layout":"default_layout","om_disable_all_campaigns":false,"_monsterinsights_skip_tracking":false,"_monsterinsights_sitenote_active":false,"_monsterinsights_sitenote_note":"","_monsterinsights_sitenote_category":0,"footnotes":"","_wpscppro_dont_share_socialmedia":false,"_wpscppro_custom_social_share_image":0,"_facebook_share_type":"","_twitter_share_type":"","_linkedin_share_type":"","_pinterest_share_type":"","_linkedin_share_type_page":"","_instagram_share_type":"","_medium_share_type":"","_threads_share_type":"","_google_business_share_type":"","_selected_social_profile":[],"_wpsp_enable_custom_social_template":false,"_wpsp_social_scheduling":{"enabled":false,"datetime":null,"platforms":[],"status":"template_only","dateOption":"today","timeOption":"now","customDays":"","customHours":"","customDate":"","customTime":"","schedulingType":"absolute"},"_wpsp_active_default_template":true},"categories":[37],"tags":[],"class_list":["post-5096","post","type-post","status-publish","format-standard","has-post-thumbnail","hentry","category-monde"],"aioseo_notices":[],"yoast_head":"<!-- This site is optimized with the Yoast SEO plugin v27.5 - https:\/\/yoast.com\/product\/yoast-seo-wordpress\/ -->\n<title>Sahara occidental : La tentative d\u2019assassinat de Sultana Khaya d\u00e9voile le visage du Makhzen - La Sentinelle<\/title>\n<meta name=\"robots\" content=\"index, follow, max-snippet:-1, max-image-preview:large, max-video-preview:-1\" \/>\n<link rel=\"canonical\" href=\"https:\/\/lasentinelle.dz\/index.php\/2021\/08\/24\/sahara-occidental-la-tentative-dassassinat-de-sultana-khaya-devoile-le-visage-du-makhzen\/\" \/>\n<meta property=\"og:locale\" content=\"fr_FR\" \/>\n<meta property=\"og:type\" content=\"article\" \/>\n<meta property=\"og:title\" content=\"Sahara occidental : La tentative d\u2019assassinat de Sultana Khaya d\u00e9voile le visage du Makhzen - La Sentinelle\" \/>\n<meta property=\"og:description\" content=\"La commission nationale sahraouie des droits de l&rsquo;homme (CONASADH) a d\u00e9nonc\u00e9 avec force l&rsquo;agression \u00ab\u00a0l\u00e2che\u00a0\u00bb commise contre la militante sahraouie\" \/>\n<meta property=\"og:url\" content=\"https:\/\/lasentinelle.dz\/index.php\/2021\/08\/24\/sahara-occidental-la-tentative-dassassinat-de-sultana-khaya-devoile-le-visage-du-makhzen\/\" \/>\n<meta property=\"og:site_name\" content=\"La Sentinelle\" \/>\n<meta property=\"article:publisher\" content=\"https:\/\/www.facebook.com\/La-Sentinelle-104059864394773\" \/>\n<meta property=\"article:published_time\" content=\"2021-08-23T23:01:00+00:00\" \/>\n<meta property=\"og:image\" content=\"https:\/\/lasentinelle.dz\/wp-content\/uploads\/2021\/08\/image_2021-08-23_161934.png\" \/>\n\t<meta property=\"og:image:width\" content=\"1102\" \/>\n\t<meta property=\"og:image:height\" content=\"583\" \/>\n\t<meta property=\"og:image:type\" content=\"image\/png\" \/>\n<meta name=\"author\" content=\"La Sentinelle\" \/>\n<meta name=\"twitter:card\" content=\"summary_large_image\" \/>\n<meta name=\"twitter:label1\" content=\"\u00c9crit par\" \/>\n\t<meta name=\"twitter:data1\" content=\"La Sentinelle\" \/>\n\t<meta name=\"twitter:label2\" content=\"Dur\u00e9e de lecture estim\u00e9e\" \/>\n\t<meta name=\"twitter:data2\" content=\"4 minutes\" \/>\n<script type=\"application\/ld+json\" class=\"yoast-schema-graph\">{\"@context\":\"https:\\\/\\\/schema.org\",\"@graph\":[{\"@type\":\"Article\",\"@id\":\"https:\\\/\\\/lasentinelle.dz\\\/index.php\\\/2021\\\/08\\\/24\\\/sahara-occidental-la-tentative-dassassinat-de-sultana-khaya-devoile-le-visage-du-makhzen\\\/#article\",\"isPartOf\":{\"@id\":\"https:\\\/\\\/lasentinelle.dz\\\/index.php\\\/2021\\\/08\\\/24\\\/sahara-occidental-la-tentative-dassassinat-de-sultana-khaya-devoile-le-visage-du-makhzen\\\/\"},\"author\":{\"name\":\"La Sentinelle\",\"@id\":\"https:\\\/\\\/lasentinelle.dz\\\/#\\\/schema\\\/person\\\/d865044e22e70a75174ce8bcad3acfb3\"},\"headline\":\"Sahara occidental : La tentative d\u2019assassinat de Sultana Khaya d\u00e9voile le visage du Makhzen\",\"datePublished\":\"2021-08-23T23:01:00+00:00\",\"mainEntityOfPage\":{\"@id\":\"https:\\\/\\\/lasentinelle.dz\\\/index.php\\\/2021\\\/08\\\/24\\\/sahara-occidental-la-tentative-dassassinat-de-sultana-khaya-devoile-le-visage-du-makhzen\\\/\"},\"wordCount\":881,\"commentCount\":0,\"publisher\":{\"@id\":\"https:\\\/\\\/lasentinelle.dz\\\/#organization\"},\"image\":{\"@id\":\"https:\\\/\\\/lasentinelle.dz\\\/index.php\\\/2021\\\/08\\\/24\\\/sahara-occidental-la-tentative-dassassinat-de-sultana-khaya-devoile-le-visage-du-makhzen\\\/#primaryimage\"},\"thumbnailUrl\":\"https:\\\/\\\/lasentinelle.dz\\\/wp-content\\\/uploads\\\/2021\\\/08\\\/image_2021-08-23_161934.png\",\"articleSection\":[\"Monde\"],\"inLanguage\":\"fr-FR\",\"potentialAction\":[{\"@type\":\"CommentAction\",\"name\":\"Comment\",\"target\":[\"https:\\\/\\\/lasentinelle.dz\\\/index.php\\\/2021\\\/08\\\/24\\\/sahara-occidental-la-tentative-dassassinat-de-sultana-khaya-devoile-le-visage-du-makhzen\\\/#respond\"]}]},{\"@type\":\"WebPage\",\"@id\":\"https:\\\/\\\/lasentinelle.dz\\\/index.php\\\/2021\\\/08\\\/24\\\/sahara-occidental-la-tentative-dassassinat-de-sultana-khaya-devoile-le-visage-du-makhzen\\\/\",\"url\":\"https:\\\/\\\/lasentinelle.dz\\\/index.php\\\/2021\\\/08\\\/24\\\/sahara-occidental-la-tentative-dassassinat-de-sultana-khaya-devoile-le-visage-du-makhzen\\\/\",\"name\":\"Sahara occidental : La tentative d\u2019assassinat de Sultana Khaya d\u00e9voile le visage du Makhzen - La Sentinelle\",\"isPartOf\":{\"@id\":\"https:\\\/\\\/lasentinelle.dz\\\/#website\"},\"primaryImageOfPage\":{\"@id\":\"https:\\\/\\\/lasentinelle.dz\\\/index.php\\\/2021\\\/08\\\/24\\\/sahara-occidental-la-tentative-dassassinat-de-sultana-khaya-devoile-le-visage-du-makhzen\\\/#primaryimage\"},\"image\":{\"@id\":\"https:\\\/\\\/lasentinelle.dz\\\/index.php\\\/2021\\\/08\\\/24\\\/sahara-occidental-la-tentative-dassassinat-de-sultana-khaya-devoile-le-visage-du-makhzen\\\/#primaryimage\"},\"thumbnailUrl\":\"https:\\\/\\\/lasentinelle.dz\\\/wp-content\\\/uploads\\\/2021\\\/08\\\/image_2021-08-23_161934.png\",\"datePublished\":\"2021-08-23T23:01:00+00:00\",\"breadcrumb\":{\"@id\":\"https:\\\/\\\/lasentinelle.dz\\\/index.php\\\/2021\\\/08\\\/24\\\/sahara-occidental-la-tentative-dassassinat-de-sultana-khaya-devoile-le-visage-du-makhzen\\\/#breadcrumb\"},\"inLanguage\":\"fr-FR\",\"potentialAction\":[{\"@type\":\"ReadAction\",\"target\":[\"https:\\\/\\\/lasentinelle.dz\\\/index.php\\\/2021\\\/08\\\/24\\\/sahara-occidental-la-tentative-dassassinat-de-sultana-khaya-devoile-le-visage-du-makhzen\\\/\"]}]},{\"@type\":\"ImageObject\",\"inLanguage\":\"fr-FR\",\"@id\":\"https:\\\/\\\/lasentinelle.dz\\\/index.php\\\/2021\\\/08\\\/24\\\/sahara-occidental-la-tentative-dassassinat-de-sultana-khaya-devoile-le-visage-du-makhzen\\\/#primaryimage\",\"url\":\"https:\\\/\\\/lasentinelle.dz\\\/wp-content\\\/uploads\\\/2021\\\/08\\\/image_2021-08-23_161934.png\",\"contentUrl\":\"https:\\\/\\\/lasentinelle.dz\\\/wp-content\\\/uploads\\\/2021\\\/08\\\/image_2021-08-23_161934.png\",\"width\":1102,\"height\":583},{\"@type\":\"BreadcrumbList\",\"@id\":\"https:\\\/\\\/lasentinelle.dz\\\/index.php\\\/2021\\\/08\\\/24\\\/sahara-occidental-la-tentative-dassassinat-de-sultana-khaya-devoile-le-visage-du-makhzen\\\/#breadcrumb\",\"itemListElement\":[{\"@type\":\"ListItem\",\"position\":1,\"name\":\"Accueil\",\"item\":\"https:\\\/\\\/lasentinelle.dz\\\/\"},{\"@type\":\"ListItem\",\"position\":2,\"name\":\"Sahara occidental : La tentative d\u2019assassinat de Sultana Khaya d\u00e9voile le visage du Makhzen\"}]},{\"@type\":\"WebSite\",\"@id\":\"https:\\\/\\\/lasentinelle.dz\\\/#website\",\"url\":\"https:\\\/\\\/lasentinelle.dz\\\/\",\"name\":\"La Sentinelle\",\"description\":\"Quotidien national d&#039;information\",\"publisher\":{\"@id\":\"https:\\\/\\\/lasentinelle.dz\\\/#organization\"},\"potentialAction\":[{\"@type\":\"SearchAction\",\"target\":{\"@type\":\"EntryPoint\",\"urlTemplate\":\"https:\\\/\\\/lasentinelle.dz\\\/?s={search_term_string}\"},\"query-input\":{\"@type\":\"PropertyValueSpecification\",\"valueRequired\":true,\"valueName\":\"search_term_string\"}}],\"inLanguage\":\"fr-FR\"},{\"@type\":\"Organization\",\"@id\":\"https:\\\/\\\/lasentinelle.dz\\\/#organization\",\"name\":\"Quotidien La Sentinelle\",\"url\":\"https:\\\/\\\/lasentinelle.dz\\\/\",\"logo\":{\"@type\":\"ImageObject\",\"inLanguage\":\"fr-FR\",\"@id\":\"https:\\\/\\\/lasentinelle.dz\\\/#\\\/schema\\\/logo\\\/image\\\/\",\"url\":\"https:\\\/\\\/lasentinelle.dz\\\/wp-content\\\/uploads\\\/2021\\\/09\\\/logo-sentinelleSLOGAN-1.png\",\"contentUrl\":\"https:\\\/\\\/lasentinelle.dz\\\/wp-content\\\/uploads\\\/2021\\\/09\\\/logo-sentinelleSLOGAN-1.png\",\"width\":615,\"height\":142,\"caption\":\"Quotidien La Sentinelle\"},\"image\":{\"@id\":\"https:\\\/\\\/lasentinelle.dz\\\/#\\\/schema\\\/logo\\\/image\\\/\"},\"sameAs\":[\"https:\\\/\\\/www.facebook.com\\\/La-Sentinelle-104059864394773\"]},{\"@type\":\"Person\",\"@id\":\"https:\\\/\\\/lasentinelle.dz\\\/#\\\/schema\\\/person\\\/d865044e22e70a75174ce8bcad3acfb3\",\"name\":\"La Sentinelle\",\"image\":{\"@type\":\"ImageObject\",\"inLanguage\":\"fr-FR\",\"@id\":\"https:\\\/\\\/secure.gravatar.com\\\/avatar\\\/57de8e5d4b15d43fb361a71fbb36338450fe67865b528a43dd10ef7c51a20392?s=96&d=mm&r=g\",\"url\":\"https:\\\/\\\/secure.gravatar.com\\\/avatar\\\/57de8e5d4b15d43fb361a71fbb36338450fe67865b528a43dd10ef7c51a20392?s=96&d=mm&r=g\",\"contentUrl\":\"https:\\\/\\\/secure.gravatar.com\\\/avatar\\\/57de8e5d4b15d43fb361a71fbb36338450fe67865b528a43dd10ef7c51a20392?s=96&d=mm&r=g\",\"caption\":\"La Sentinelle\"},\"sameAs\":[\"http:\\\/\\\/www.lasentinelle.dz\"],\"url\":\"https:\\\/\\\/lasentinelle.dz\\\/author\\\/redaction\\\/\"}]}<\/script>\n<!-- \/ Yoast SEO plugin. -->","yoast_head_json":{"title":"Sahara occidental : La tentative d\u2019assassinat de Sultana Khaya d\u00e9voile le visage du Makhzen - La Sentinelle","robots":{"index":"index","follow":"follow","max-snippet":"max-snippet:-1","max-image-preview":"max-image-preview:large","max-video-preview":"max-video-preview:-1"},"canonical":"https:\/\/lasentinelle.dz\/index.php\/2021\/08\/24\/sahara-occidental-la-tentative-dassassinat-de-sultana-khaya-devoile-le-visage-du-makhzen\/","og_locale":"fr_FR","og_type":"article","og_title":"Sahara occidental : La tentative d\u2019assassinat de Sultana Khaya d\u00e9voile le visage du Makhzen - La Sentinelle","og_description":"La commission nationale sahraouie des droits de l&rsquo;homme (CONASADH) a d\u00e9nonc\u00e9 avec force l&rsquo;agression \u00ab\u00a0l\u00e2che\u00a0\u00bb commise contre la militante sahraouie","og_url":"https:\/\/lasentinelle.dz\/index.php\/2021\/08\/24\/sahara-occidental-la-tentative-dassassinat-de-sultana-khaya-devoile-le-visage-du-makhzen\/","og_site_name":"La Sentinelle","article_publisher":"https:\/\/www.facebook.com\/La-Sentinelle-104059864394773","article_published_time":"2021-08-23T23:01:00+00:00","og_image":[{"width":1102,"height":583,"url":"https:\/\/lasentinelle.dz\/wp-content\/uploads\/2021\/08\/image_2021-08-23_161934.png","type":"image\/png"}],"author":"La Sentinelle","twitter_card":"summary_large_image","twitter_misc":{"\u00c9crit par":"La Sentinelle","Dur\u00e9e de lecture estim\u00e9e":"4 minutes"},"schema":{"@context":"https:\/\/schema.org","@graph":[{"@type":"Article","@id":"https:\/\/lasentinelle.dz\/index.php\/2021\/08\/24\/sahara-occidental-la-tentative-dassassinat-de-sultana-khaya-devoile-le-visage-du-makhzen\/#article","isPartOf":{"@id":"https:\/\/lasentinelle.dz\/index.php\/2021\/08\/24\/sahara-occidental-la-tentative-dassassinat-de-sultana-khaya-devoile-le-visage-du-makhzen\/"},"author":{"name":"La Sentinelle","@id":"https:\/\/lasentinelle.dz\/#\/schema\/person\/d865044e22e70a75174ce8bcad3acfb3"},"headline":"Sahara occidental : La tentative d\u2019assassinat de Sultana Khaya d\u00e9voile le visage du Makhzen","datePublished":"2021-08-23T23:01:00+00:00","mainEntityOfPage":{"@id":"https:\/\/lasentinelle.dz\/index.php\/2021\/08\/24\/sahara-occidental-la-tentative-dassassinat-de-sultana-khaya-devoile-le-visage-du-makhzen\/"},"wordCount":881,"commentCount":0,"publisher":{"@id":"https:\/\/lasentinelle.dz\/#organization"},"image":{"@id":"https:\/\/lasentinelle.dz\/index.php\/2021\/08\/24\/sahara-occidental-la-tentative-dassassinat-de-sultana-khaya-devoile-le-visage-du-makhzen\/#primaryimage"},"thumbnailUrl":"https:\/\/lasentinelle.dz\/wp-content\/uploads\/2021\/08\/image_2021-08-23_161934.png","articleSection":["Monde"],"inLanguage":"fr-FR","potentialAction":[{"@type":"CommentAction","name":"Comment","target":["https:\/\/lasentinelle.dz\/index.php\/2021\/08\/24\/sahara-occidental-la-tentative-dassassinat-de-sultana-khaya-devoile-le-visage-du-makhzen\/#respond"]}]},{"@type":"WebPage","@id":"https:\/\/lasentinelle.dz\/index.php\/2021\/08\/24\/sahara-occidental-la-tentative-dassassinat-de-sultana-khaya-devoile-le-visage-du-makhzen\/","url":"https:\/\/lasentinelle.dz\/index.php\/2021\/08\/24\/sahara-occidental-la-tentative-dassassinat-de-sultana-khaya-devoile-le-visage-du-makhzen\/","name":"Sahara occidental : La tentative d\u2019assassinat de Sultana Khaya d\u00e9voile le visage du Makhzen - La Sentinelle","isPartOf":{"@id":"https:\/\/lasentinelle.dz\/#website"},"primaryImageOfPage":{"@id":"https:\/\/lasentinelle.dz\/index.php\/2021\/08\/24\/sahara-occidental-la-tentative-dassassinat-de-sultana-khaya-devoile-le-visage-du-makhzen\/#primaryimage"},"image":{"@id":"https:\/\/lasentinelle.dz\/index.php\/2021\/08\/24\/sahara-occidental-la-tentative-dassassinat-de-sultana-khaya-devoile-le-visage-du-makhzen\/#primaryimage"},"thumbnailUrl":"https:\/\/lasentinelle.dz\/wp-content\/uploads\/2021\/08\/image_2021-08-23_161934.png","datePublished":"2021-08-23T23:01:00+00:00","breadcrumb":{"@id":"https:\/\/lasentinelle.dz\/index.php\/2021\/08\/24\/sahara-occidental-la-tentative-dassassinat-de-sultana-khaya-devoile-le-visage-du-makhzen\/#breadcrumb"},"inLanguage":"fr-FR","potentialAction":[{"@type":"ReadAction","target":["https:\/\/lasentinelle.dz\/index.php\/2021\/08\/24\/sahara-occidental-la-tentative-dassassinat-de-sultana-khaya-devoile-le-visage-du-makhzen\/"]}]},{"@type":"ImageObject","inLanguage":"fr-FR","@id":"https:\/\/lasentinelle.dz\/index.php\/2021\/08\/24\/sahara-occidental-la-tentative-dassassinat-de-sultana-khaya-devoile-le-visage-du-makhzen\/#primaryimage","url":"https:\/\/lasentinelle.dz\/wp-content\/uploads\/2021\/08\/image_2021-08-23_161934.png","contentUrl":"https:\/\/lasentinelle.dz\/wp-content\/uploads\/2021\/08\/image_2021-08-23_161934.png","width":1102,"height":583},{"@type":"BreadcrumbList","@id":"https:\/\/lasentinelle.dz\/index.php\/2021\/08\/24\/sahara-occidental-la-tentative-dassassinat-de-sultana-khaya-devoile-le-visage-du-makhzen\/#breadcrumb","itemListElement":[{"@type":"ListItem","position":1,"name":"Accueil","item":"https:\/\/lasentinelle.dz\/"},{"@type":"ListItem","position":2,"name":"Sahara occidental : La tentative d\u2019assassinat de Sultana Khaya d\u00e9voile le visage du Makhzen"}]},{"@type":"WebSite","@id":"https:\/\/lasentinelle.dz\/#website","url":"https:\/\/lasentinelle.dz\/","name":"La Sentinelle","description":"Quotidien national d&#039;information","publisher":{"@id":"https:\/\/lasentinelle.dz\/#organization"},"potentialAction":[{"@type":"SearchAction","target":{"@type":"EntryPoint","urlTemplate":"https:\/\/lasentinelle.dz\/?s={search_term_string}"},"query-input":{"@type":"PropertyValueSpecification","valueRequired":true,"valueName":"search_term_string"}}],"inLanguage":"fr-FR"},{"@type":"Organization","@id":"https:\/\/lasentinelle.dz\/#organization","name":"Quotidien La Sentinelle","url":"https:\/\/lasentinelle.dz\/","logo":{"@type":"ImageObject","inLanguage":"fr-FR","@id":"https:\/\/lasentinelle.dz\/#\/schema\/logo\/image\/","url":"https:\/\/lasentinelle.dz\/wp-content\/uploads\/2021\/09\/logo-sentinelleSLOGAN-1.png","contentUrl":"https:\/\/lasentinelle.dz\/wp-content\/uploads\/2021\/09\/logo-sentinelleSLOGAN-1.png","width":615,"height":142,"caption":"Quotidien La Sentinelle"},"image":{"@id":"https:\/\/lasentinelle.dz\/#\/schema\/logo\/image\/"},"sameAs":["https:\/\/www.facebook.com\/La-Sentinelle-104059864394773"]},{"@type":"Person","@id":"https:\/\/lasentinelle.dz\/#\/schema\/person\/d865044e22e70a75174ce8bcad3acfb3","name":"La Sentinelle","image":{"@type":"ImageObject","inLanguage":"fr-FR","@id":"https:\/\/secure.gravatar.com\/avatar\/57de8e5d4b15d43fb361a71fbb36338450fe67865b528a43dd10ef7c51a20392?s=96&d=mm&r=g","url":"https:\/\/secure.gravatar.com\/avatar\/57de8e5d4b15d43fb361a71fbb36338450fe67865b528a43dd10ef7c51a20392?s=96&d=mm&r=g","contentUrl":"https:\/\/secure.gravatar.com\/avatar\/57de8e5d4b15d43fb361a71fbb36338450fe67865b528a43dd10ef7c51a20392?s=96&d=mm&r=g","caption":"La Sentinelle"},"sameAs":["http:\/\/www.lasentinelle.dz"],"url":"https:\/\/lasentinelle.dz\/author\/redaction\/"}]}},"_links":{"self":[{"href":"https:\/\/lasentinelle.dz\/index.php\/wp-json\/wp\/v2\/posts\/5096","targetHints":{"allow":["GET"]}}],"collection":[{"href":"https:\/\/lasentinelle.dz\/index.php\/wp-json\/wp\/v2\/posts"}],"about":[{"href":"https:\/\/lasentinelle.dz\/index.php\/wp-json\/wp\/v2\/types\/post"}],"author":[{"embeddable":true,"href":"https:\/\/lasentinelle.dz\/index.php\/wp-json\/wp\/v2\/users\/3"}],"replies":[{"embeddable":true,"href":"https:\/\/lasentinelle.dz\/index.php\/wp-json\/wp\/v2\/comments?post=5096"}],"version-history":[{"count":1,"href":"https:\/\/lasentinelle.dz\/index.php\/wp-json\/wp\/v2\/posts\/5096\/revisions"}],"predecessor-version":[{"id":5106,"href":"https:\/\/lasentinelle.dz\/index.php\/wp-json\/wp\/v2\/posts\/5096\/revisions\/5106"}],"wp:featuredmedia":[{"embeddable":true,"href":"https:\/\/lasentinelle.dz\/index.php\/wp-json\/wp\/v2\/media\/5105"}],"wp:attachment":[{"href":"https:\/\/lasentinelle.dz\/index.php\/wp-json\/wp\/v2\/media?parent=5096"}],"wp:term":[{"taxonomy":"category","embeddable":true,"href":"https:\/\/lasentinelle.dz\/index.php\/wp-json\/wp\/v2\/categories?post=5096"},{"taxonomy":"post_tag","embeddable":true,"href":"https:\/\/lasentinelle.dz\/index.php\/wp-json\/wp\/v2\/tags?post=5096"}],"curies":[{"name":"wp","href":"https:\/\/api.w.org\/{rel}","templated":true}]}}