{"id":50962,"date":"2024-04-03T15:58:20","date_gmt":"2024-04-03T14:58:20","guid":{"rendered":"https:\/\/lasentinelle.dz\/?p=50962"},"modified":"2024-04-03T15:58:22","modified_gmt":"2024-04-03T14:58:22","slug":"les-crimes-sionistes-revoltent-la-communaute-internationale","status":"publish","type":"post","link":"https:\/\/lasentinelle.dz\/index.php\/2024\/04\/03\/les-crimes-sionistes-revoltent-la-communaute-internationale\/","title":{"rendered":"Les crimes sionistes r\u00e9voltent la communaut\u00e9 internationale"},"content":{"rendered":"\n<p>L\u2019occupation isra\u00e9lienne d\u00e9fie la communaut\u00e9 internationale et affiche un m\u00e9pris total pour les r\u00e8gles du droit international humanitaire les plus basiques ainsi que pour tout principe moral en multipliant les crimes et les attaques g\u00e9nocidaires. L\u2019impunit\u00e9 dont jouit l\u2019entit\u00e9 sioniste la pousse \u00e0 pousser toujours plus loin les limites de son agression. En sus des bombardements continus, de la famine impos\u00e9e par le blocage des aides humanitaires, du ciblage constants des civils assassin\u00e9s au niveau des points de distribution des aides, de la destruction des h\u00f4pitaux, du meurtre et de l\u2019arrestation des personnels de sant\u00e9 et des malades hospitalis\u00e9, les forces d\u2019occupation s\u2019en prennent d\u00e9sormais aux personnels humanitaires et aux employ\u00e9s des ONG internationales. L&rsquo;ONG am\u00e9ricaine World Central Kitchen (WCK) a ainsi d\u00e9plor\u00e9 l\u2019assassinat par les forces d\u2019occupation de sept travailleurs humanitaires qui livraient de la nourriture aux habitants de Ghaza. Les victimes \u00e9taient notamment originaires d&rsquo;Australie, de Pologne et du Royaume-Uni, selon l&rsquo;association, qui a d\u00e9nonc\u00e9 une \u00ab\u00a0attaque cibl\u00e9e\u00a0\u00bb. Une attaque qui a pouss\u00e9 l\u2019ONG \u00e0 \u00ab\u00a0suspendre ses op\u00e9rations dans la r\u00e9gion\u00a0\u00bb. La frappe qui a tu\u00e9 sept travailleurs de l&rsquo;ONG am\u00e9ricaine d&rsquo;aide alimentaire WCK \u00e0 Ghaza est \u00ab\u00a0un message envoy\u00e9 par l&rsquo;arm\u00e9e\u00a0\u00bb d&rsquo;occupation sioniste visant \u00e0 emp\u00eacher les humanitaires d&rsquo;intervenir sur le terrain, a d\u00e9nonc\u00e9 mardi le vice-pr\u00e9sident de l&rsquo;ONG M\u00e9decins du Monde, Jean-Fran\u00e7ois Corty. Un assassinat admis par l\u2019occupation sioniste et qui a suscit\u00e9 de vives r\u00e9actions au niveau international notamment dans les pays d\u2019o\u00f9 sont originaires les travailleurs. L&rsquo;Australie a ainsi affirm\u00e9 que l&rsquo;entit\u00e9 sioniste devait rendre des comptes concernant. \u00ab\u00a0C&rsquo;est compl\u00e8tement inacceptable. L&rsquo;Australie exige que tous les responsables de la mort de travailleurs humanitaires rendent des comptes\u00a0\u00bb, a d\u00e9clar\u00e9 le Premier ministre australien Anthony Albanese, confirmant qu&rsquo;une Australienne figurait parmi les victimes. De son c\u00f4t\u00e9, la porte-parole du Conseil de s\u00e9curit\u00e9 nationale am\u00e9ricain, Adrienne Watson a exhort\u00e9 l&rsquo;entit\u00e9 sioniste \u00ab\u00a0\u00e0 promptement enqu\u00eater sur ce qu&rsquo;il s&rsquo;est pass\u00e9\u00a0\u00bb. \u00ab\u00a0Nous avons le c\u0153ur bris\u00e9 et sommes profond\u00e9ment troubl\u00e9s par la frappe\u00a0\u00bb, a-t-elle ajout\u00e9. L&rsquo;Espagne a exig\u00e9, pour sa part, que l&rsquo;entit\u00e9 sioniste enqu\u00eate sur les crimes commis par son arm\u00e9e. \u00ab\u00a0J&rsquo;esp\u00e8re, et je l&rsquo;exige, que (l&rsquo;entit\u00e9sioniste) fera la lumi\u00e8re d\u00e8s que possible sur les circonstances de cette attaque brutale\u00a0\u00bb, a d\u00e9clar\u00e9 le Premier ministre espagnol, Pedro Sanchez. Le chef de la diplomatie britannique, David Cameron, a, lui, assur\u00e9 que le Royaume-Uni attendait de l&rsquo;entit\u00e9 sioniste \u00ab\u00a0des explications transparentes et compl\u00e8tes\u00a0\u00bb. \u00ab\u00a0Il est essentiel que les travailleurs humanitaires soient prot\u00e9g\u00e9s et capables d&rsquo;effectuer leur mission\u00a0\u00bb, a-t-il soutenu, ajoutant que la mort de ces travailleurs humanitaires \u00e9tait \u00ab\u00a0profond\u00e9ment bouleversante\u00a0\u00bb.Quant au pr\u00e9sident polonais Andrzej Duda, il a affirm\u00e9 que cette \u00ab\u00a0trag\u00e9die n&rsquo;aurait jamais d\u00fb se produire\u00a0\u00bb. Sa d\u00e9claration a \u00e9t\u00e9 suivie par celle du ministre polonais des Affaires \u00e9trang\u00e8res, Radoslaw Sikorski qui a appel\u00e9 l&rsquo;entit\u00e9 sioniste \u00e0 fournir des explications. \u00ab\u00a0Je condamne cette attaque et je r\u00e9clame qu&rsquo;une enqu\u00eate soit lanc\u00e9e au plus vite\u00a0\u00bb, a \u00e9crit, depuis Bruxelles, le chef de la diplomatie europ\u00e9enne, Josep Borrell, sur X. \u00ab\u00a0En d\u00e9pit de toutes les demandes pour prot\u00e9ger les civils et les travailleurs humanitaires, nous continuons \u00e0 voir des innocents tu\u00e9s\u00a0\u00bb, a-t-il regrett\u00e9. Le gouvernement chinois s&rsquo;est dit, quant \u00e0 lui, choqu\u00e9 par ce nouveau crime sioniste. P\u00e9kin \u00ab\u00a0s&rsquo;oppose \u00e0 toute action qui porte atteinte aux civils, d\u00e9truit des infrastructures civiles ou viole le droit international\u00a0\u00bb, a d\u00e9clar\u00e9 le porte-parole de la diplomatie chinoise, Wang Wenbin.<\/p>\n\n\n\n<p>Le Coordinateur des secours d\u2019urgence des Nations Unies, Martin Griffiths, a exprim\u00e9 son indignation et d\u00e9crit les victimes comme des \u00ab\u00a0h\u00e9ros, tu\u00e9s alors qu\u2019ils tentaient de nourrir des personnes affam\u00e9es\u00a0\u00bb. De son c\u00f4t\u00e9, le Coordonnateur humanitaire pour le territoire palestinien occup\u00e9, Jamie McGoldrick, s&rsquo;est dit \u00ab\u00a0extr\u00eamement attrist\u00e9 et constern\u00e9\u00a0\u00bb par la mort des sept employ\u00e9s de World Central Kitchen \u00e0 Deir al-Balah, notant qu&rsquo;il ne s&rsquo;agissait pas d&rsquo;un cas isol\u00e9. Au 20 mars, au moins 196 humanitaires ont \u00e9t\u00e9 tu\u00e9s dans le territoire palestinien occup\u00e9 depuis octobre 2023. \u00ab\u00a0Cela repr\u00e9sente pr\u00e8s de trois fois le nombre de morts enregistr\u00e9 dans n&rsquo;importe quel conflit en un an\u00a0\u00bb, a-t-il soulign\u00e9 dans un communiqu\u00e9. S&rsquo;ajoutent des centaines de professionnels de la sant\u00e9 qui sont tomb\u00e9s en martyrs \u00e0 ce jour, \u00ab\u00a0en faisant leur travail\u00a0\u00bb, a not\u00e9 Mme Harris, ainsi que des milliers de civils, dont 13.000 enfants, dans des bombardements sionistes constants.<\/p>\n\n\n\n<p>Les r\u00e9actions ont \u00e9t\u00e9 nombreuses concernant les crimes commis par l\u2019occupation dans les h\u00f4pitaux de Ghaza.Le directeur g\u00e9n\u00e9ral de l\u2019Organisation mondiale de la Sant\u00e9 (OMS), Tedros Adhanom Ghebreyesus, a appel\u00e9 l&rsquo;entit\u00e9 sioniste \u00e0 \u00ab\u00a0ne pas utiliser les h\u00f4pitaux comme champs de bataille\u00a0\u00bb. Les Nations unies ont annonc\u00e9 avoir l&rsquo;intention d&rsquo;envoyer une \u00e9quipe pour enqu\u00eater sur la situation actuelle \u00e0 l&rsquo;h\u00f4pital Al-Shifa apr\u00e8s le bombardement des forces sionistes. L\u2019OMS a indiqu\u00e9 que les \u00e9quipes d\u2019aide attendaient depuis \u00ab\u00a0des jours et des jours\u00a0\u00bb l\u2019acc\u00e8s \u00e0 l\u2019\u00e9tablissement sinistr\u00e9, o\u00f9 le personnel et les patients subissaient \u00ab\u00a0des niveaux de violence horribles\u00a0\u00bb par les forces d&rsquo;occupation sionistes.<\/p>\n\n\n\n<p>Pour sa part, le directeur du Fonds des Nations Unies pour la population (UNFPA) pour la Palestine, Dominic Allen, a d\u00e9clar\u00e9, mardi, que la situation \u00e0 Ghaza est \u00ab\u00a0plus que catastrophique\u00a0\u00bb. Le responsable onusien, qui a pass\u00e9 une semaine dans la bande de Ghaza le mois dernier, a d\u00e9clar\u00e9 que \u00ab\u00a0m\u00eame lorsque l\u2019aide transfrontali\u00e8re est arriv\u00e9e, il y avait des probl\u00e8mes majeurs pour l\u2019acheminer aux personnes les plus dans le besoin, en particulier les femmes et les enfants\u00a0\u00bb.<\/p>\n\n\n\n<p>Chokri Hafed<\/p>\n\n\n\n<p><strong>L&rsquo;Espagne reconnaitra l&rsquo;Etat palestinien avant l&rsquo;\u00e9t\u00e9<\/strong><\/p>\n\n\n\n<p>Le gouvernement espagnol a d\u00e9cid\u00e9 de reconna\u00eetre l&rsquo;Etat palestinien d&rsquo;ici \u00e0 l&rsquo;\u00e9t\u00e9, ont rapport\u00e9 mardi plusieurs quotidiens espagnols. Cette d\u00e9cision confirme une nette acc\u00e9l\u00e9ration du calendrier r\u00e9cemment mis en avant pour la reconnaissance d&rsquo;un Etat palestinien, puisque le Parlement espagnol devait voter en faveur de cette reconnaissance d&rsquo;ici \u00e0 la fin de la l\u00e9gislature, c&rsquo;est-\u00e0-dire d&rsquo;ici \u00e0 l&rsquo;\u00e9t\u00e9 2027. Le 22 mars dernier, en marge d&rsquo;un sommet europ\u00e9en \u00e0 Bruxelles, l&rsquo;Espagne, l&rsquo;Irlande, Malte et la Slov\u00e9nie avaient publi\u00e9 une d\u00e9claration commune dans laquelle ils se disaient \u00ab\u00a0pr\u00eats \u00e0 reconna\u00eetre la Palestine\u00a0\u00bb, pr\u00e9cisant qu&rsquo;ils le feraient \u00ab\u00a0lorsque cela peut apporter une contribution positive et que les circonstances sont r\u00e9unies\u00a0\u00bb.Le quotidien madril\u00e8ne El Pais estime que cette reconnaissance pourrait se produire durant la campagne pour les \u00e9lections au Parlement europ\u00e9en, qui auront lieu le 9 juin en Espagne, \u00ab\u00a0ou les semaines qui suivront\u00a0\u00bb.<\/p>\n","protected":false},"excerpt":{"rendered":"<p>L\u2019occupation isra\u00e9lienne d\u00e9fie la communaut\u00e9 internationale et affiche un m\u00e9pris total pour les r\u00e8gles du droit international humanitaire les plus<\/p>\n","protected":false},"author":3,"featured_media":50963,"comment_status":"open","ping_status":"closed","sticky":false,"template":"","format":"standard","meta":{"colormag_page_container_layout":"default_layout","colormag_page_sidebar_layout":"default_layout","om_disable_all_campaigns":false,"_monsterinsights_skip_tracking":false,"_monsterinsights_sitenote_active":false,"_monsterinsights_sitenote_note":"","_monsterinsights_sitenote_category":0,"footnotes":"","_wpscppro_dont_share_socialmedia":false,"_wpscppro_custom_social_share_image":0,"_facebook_share_type":"","_twitter_share_type":"","_linkedin_share_type":"","_pinterest_share_type":"","_linkedin_share_type_page":"","_instagram_share_type":"","_medium_share_type":"","_threads_share_type":"","_google_business_share_type":"","_selected_social_profile":[],"_wpsp_enable_custom_social_template":false,"_wpsp_social_scheduling":{"enabled":false,"datetime":null,"platforms":[],"status":"template_only","dateOption":"today","timeOption":"now","customDays":"","customHours":"","customDate":"","customTime":"","schedulingType":"absolute"},"_wpsp_active_default_template":true},"categories":[27],"tags":[],"class_list":["post-50962","post","type-post","status-publish","format-standard","has-post-thumbnail","hentry","category-actualite"],"aioseo_notices":[],"yoast_head":"<!-- This site is optimized with the Yoast SEO plugin v27.5 - https:\/\/yoast.com\/product\/yoast-seo-wordpress\/ -->\n<title>Les crimes sionistes r\u00e9voltent la communaut\u00e9 internationale - La Sentinelle<\/title>\n<meta name=\"robots\" content=\"index, follow, max-snippet:-1, max-image-preview:large, max-video-preview:-1\" \/>\n<link rel=\"canonical\" href=\"https:\/\/lasentinelle.dz\/index.php\/2024\/04\/03\/les-crimes-sionistes-revoltent-la-communaute-internationale\/\" \/>\n<meta property=\"og:locale\" content=\"fr_FR\" \/>\n<meta property=\"og:type\" content=\"article\" \/>\n<meta property=\"og:title\" content=\"Les crimes sionistes r\u00e9voltent la communaut\u00e9 internationale - La Sentinelle\" \/>\n<meta property=\"og:description\" content=\"L\u2019occupation isra\u00e9lienne d\u00e9fie la communaut\u00e9 internationale et affiche un m\u00e9pris total pour les r\u00e8gles du droit international humanitaire les plus\" \/>\n<meta property=\"og:url\" content=\"https:\/\/lasentinelle.dz\/index.php\/2024\/04\/03\/les-crimes-sionistes-revoltent-la-communaute-internationale\/\" \/>\n<meta property=\"og:site_name\" content=\"La Sentinelle\" \/>\n<meta property=\"article:publisher\" content=\"https:\/\/www.facebook.com\/La-Sentinelle-104059864394773\" \/>\n<meta property=\"article:published_time\" content=\"2024-04-03T14:58:20+00:00\" \/>\n<meta property=\"article:modified_time\" content=\"2024-04-03T14:58:22+00:00\" \/>\n<meta property=\"og:image\" content=\"https:\/\/lasentinelle.dz\/wp-content\/uploads\/2024\/04\/humanitaires.jpeg\" \/>\n\t<meta property=\"og:image:width\" content=\"734\" \/>\n\t<meta property=\"og:image:height\" content=\"489\" \/>\n\t<meta property=\"og:image:type\" content=\"image\/jpeg\" \/>\n<meta name=\"author\" content=\"La Sentinelle\" \/>\n<meta name=\"twitter:card\" content=\"summary_large_image\" \/>\n<meta name=\"twitter:label1\" content=\"\u00c9crit par\" \/>\n\t<meta name=\"twitter:data1\" content=\"La Sentinelle\" \/>\n\t<meta name=\"twitter:label2\" content=\"Dur\u00e9e de lecture estim\u00e9e\" \/>\n\t<meta name=\"twitter:data2\" content=\"6 minutes\" \/>\n<script type=\"application\/ld+json\" class=\"yoast-schema-graph\">{\"@context\":\"https:\\\/\\\/schema.org\",\"@graph\":[{\"@type\":\"Article\",\"@id\":\"https:\\\/\\\/lasentinelle.dz\\\/index.php\\\/2024\\\/04\\\/03\\\/les-crimes-sionistes-revoltent-la-communaute-internationale\\\/#article\",\"isPartOf\":{\"@id\":\"https:\\\/\\\/lasentinelle.dz\\\/index.php\\\/2024\\\/04\\\/03\\\/les-crimes-sionistes-revoltent-la-communaute-internationale\\\/\"},\"author\":{\"name\":\"La Sentinelle\",\"@id\":\"https:\\\/\\\/lasentinelle.dz\\\/#\\\/schema\\\/person\\\/d865044e22e70a75174ce8bcad3acfb3\"},\"headline\":\"Les crimes sionistes r\u00e9voltent la communaut\u00e9 internationale\",\"datePublished\":\"2024-04-03T14:58:20+00:00\",\"dateModified\":\"2024-04-03T14:58:22+00:00\",\"mainEntityOfPage\":{\"@id\":\"https:\\\/\\\/lasentinelle.dz\\\/index.php\\\/2024\\\/04\\\/03\\\/les-crimes-sionistes-revoltent-la-communaute-internationale\\\/\"},\"wordCount\":1193,\"commentCount\":0,\"publisher\":{\"@id\":\"https:\\\/\\\/lasentinelle.dz\\\/#organization\"},\"image\":{\"@id\":\"https:\\\/\\\/lasentinelle.dz\\\/index.php\\\/2024\\\/04\\\/03\\\/les-crimes-sionistes-revoltent-la-communaute-internationale\\\/#primaryimage\"},\"thumbnailUrl\":\"https:\\\/\\\/lasentinelle.dz\\\/wp-content\\\/uploads\\\/2024\\\/04\\\/humanitaires.jpeg\",\"articleSection\":[\"Actualit\u00e9\"],\"inLanguage\":\"fr-FR\",\"potentialAction\":[{\"@type\":\"CommentAction\",\"name\":\"Comment\",\"target\":[\"https:\\\/\\\/lasentinelle.dz\\\/index.php\\\/2024\\\/04\\\/03\\\/les-crimes-sionistes-revoltent-la-communaute-internationale\\\/#respond\"]}]},{\"@type\":\"WebPage\",\"@id\":\"https:\\\/\\\/lasentinelle.dz\\\/index.php\\\/2024\\\/04\\\/03\\\/les-crimes-sionistes-revoltent-la-communaute-internationale\\\/\",\"url\":\"https:\\\/\\\/lasentinelle.dz\\\/index.php\\\/2024\\\/04\\\/03\\\/les-crimes-sionistes-revoltent-la-communaute-internationale\\\/\",\"name\":\"Les crimes sionistes r\u00e9voltent la communaut\u00e9 internationale - La Sentinelle\",\"isPartOf\":{\"@id\":\"https:\\\/\\\/lasentinelle.dz\\\/#website\"},\"primaryImageOfPage\":{\"@id\":\"https:\\\/\\\/lasentinelle.dz\\\/index.php\\\/2024\\\/04\\\/03\\\/les-crimes-sionistes-revoltent-la-communaute-internationale\\\/#primaryimage\"},\"image\":{\"@id\":\"https:\\\/\\\/lasentinelle.dz\\\/index.php\\\/2024\\\/04\\\/03\\\/les-crimes-sionistes-revoltent-la-communaute-internationale\\\/#primaryimage\"},\"thumbnailUrl\":\"https:\\\/\\\/lasentinelle.dz\\\/wp-content\\\/uploads\\\/2024\\\/04\\\/humanitaires.jpeg\",\"datePublished\":\"2024-04-03T14:58:20+00:00\",\"dateModified\":\"2024-04-03T14:58:22+00:00\",\"breadcrumb\":{\"@id\":\"https:\\\/\\\/lasentinelle.dz\\\/index.php\\\/2024\\\/04\\\/03\\\/les-crimes-sionistes-revoltent-la-communaute-internationale\\\/#breadcrumb\"},\"inLanguage\":\"fr-FR\",\"potentialAction\":[{\"@type\":\"ReadAction\",\"target\":[\"https:\\\/\\\/lasentinelle.dz\\\/index.php\\\/2024\\\/04\\\/03\\\/les-crimes-sionistes-revoltent-la-communaute-internationale\\\/\"]}]},{\"@type\":\"ImageObject\",\"inLanguage\":\"fr-FR\",\"@id\":\"https:\\\/\\\/lasentinelle.dz\\\/index.php\\\/2024\\\/04\\\/03\\\/les-crimes-sionistes-revoltent-la-communaute-internationale\\\/#primaryimage\",\"url\":\"https:\\\/\\\/lasentinelle.dz\\\/wp-content\\\/uploads\\\/2024\\\/04\\\/humanitaires.jpeg\",\"contentUrl\":\"https:\\\/\\\/lasentinelle.dz\\\/wp-content\\\/uploads\\\/2024\\\/04\\\/humanitaires.jpeg\",\"width\":734,\"height\":489},{\"@type\":\"BreadcrumbList\",\"@id\":\"https:\\\/\\\/lasentinelle.dz\\\/index.php\\\/2024\\\/04\\\/03\\\/les-crimes-sionistes-revoltent-la-communaute-internationale\\\/#breadcrumb\",\"itemListElement\":[{\"@type\":\"ListItem\",\"position\":1,\"name\":\"Accueil\",\"item\":\"https:\\\/\\\/lasentinelle.dz\\\/\"},{\"@type\":\"ListItem\",\"position\":2,\"name\":\"Les crimes sionistes r\u00e9voltent la communaut\u00e9 internationale\"}]},{\"@type\":\"WebSite\",\"@id\":\"https:\\\/\\\/lasentinelle.dz\\\/#website\",\"url\":\"https:\\\/\\\/lasentinelle.dz\\\/\",\"name\":\"La Sentinelle\",\"description\":\"Quotidien national d&#039;information\",\"publisher\":{\"@id\":\"https:\\\/\\\/lasentinelle.dz\\\/#organization\"},\"potentialAction\":[{\"@type\":\"SearchAction\",\"target\":{\"@type\":\"EntryPoint\",\"urlTemplate\":\"https:\\\/\\\/lasentinelle.dz\\\/?s={search_term_string}\"},\"query-input\":{\"@type\":\"PropertyValueSpecification\",\"valueRequired\":true,\"valueName\":\"search_term_string\"}}],\"inLanguage\":\"fr-FR\"},{\"@type\":\"Organization\",\"@id\":\"https:\\\/\\\/lasentinelle.dz\\\/#organization\",\"name\":\"Quotidien La Sentinelle\",\"url\":\"https:\\\/\\\/lasentinelle.dz\\\/\",\"logo\":{\"@type\":\"ImageObject\",\"inLanguage\":\"fr-FR\",\"@id\":\"https:\\\/\\\/lasentinelle.dz\\\/#\\\/schema\\\/logo\\\/image\\\/\",\"url\":\"https:\\\/\\\/lasentinelle.dz\\\/wp-content\\\/uploads\\\/2021\\\/09\\\/logo-sentinelleSLOGAN-1.png\",\"contentUrl\":\"https:\\\/\\\/lasentinelle.dz\\\/wp-content\\\/uploads\\\/2021\\\/09\\\/logo-sentinelleSLOGAN-1.png\",\"width\":615,\"height\":142,\"caption\":\"Quotidien La Sentinelle\"},\"image\":{\"@id\":\"https:\\\/\\\/lasentinelle.dz\\\/#\\\/schema\\\/logo\\\/image\\\/\"},\"sameAs\":[\"https:\\\/\\\/www.facebook.com\\\/La-Sentinelle-104059864394773\"]},{\"@type\":\"Person\",\"@id\":\"https:\\\/\\\/lasentinelle.dz\\\/#\\\/schema\\\/person\\\/d865044e22e70a75174ce8bcad3acfb3\",\"name\":\"La Sentinelle\",\"image\":{\"@type\":\"ImageObject\",\"inLanguage\":\"fr-FR\",\"@id\":\"https:\\\/\\\/secure.gravatar.com\\\/avatar\\\/57de8e5d4b15d43fb361a71fbb36338450fe67865b528a43dd10ef7c51a20392?s=96&d=mm&r=g\",\"url\":\"https:\\\/\\\/secure.gravatar.com\\\/avatar\\\/57de8e5d4b15d43fb361a71fbb36338450fe67865b528a43dd10ef7c51a20392?s=96&d=mm&r=g\",\"contentUrl\":\"https:\\\/\\\/secure.gravatar.com\\\/avatar\\\/57de8e5d4b15d43fb361a71fbb36338450fe67865b528a43dd10ef7c51a20392?s=96&d=mm&r=g\",\"caption\":\"La Sentinelle\"},\"sameAs\":[\"http:\\\/\\\/www.lasentinelle.dz\"],\"url\":\"https:\\\/\\\/lasentinelle.dz\\\/author\\\/redaction\\\/\"}]}<\/script>\n<!-- \/ Yoast SEO plugin. -->","yoast_head_json":{"title":"Les crimes sionistes r\u00e9voltent la communaut\u00e9 internationale - La Sentinelle","robots":{"index":"index","follow":"follow","max-snippet":"max-snippet:-1","max-image-preview":"max-image-preview:large","max-video-preview":"max-video-preview:-1"},"canonical":"https:\/\/lasentinelle.dz\/index.php\/2024\/04\/03\/les-crimes-sionistes-revoltent-la-communaute-internationale\/","og_locale":"fr_FR","og_type":"article","og_title":"Les crimes sionistes r\u00e9voltent la communaut\u00e9 internationale - La Sentinelle","og_description":"L\u2019occupation isra\u00e9lienne d\u00e9fie la communaut\u00e9 internationale et affiche un m\u00e9pris total pour les r\u00e8gles du droit international humanitaire les plus","og_url":"https:\/\/lasentinelle.dz\/index.php\/2024\/04\/03\/les-crimes-sionistes-revoltent-la-communaute-internationale\/","og_site_name":"La Sentinelle","article_publisher":"https:\/\/www.facebook.com\/La-Sentinelle-104059864394773","article_published_time":"2024-04-03T14:58:20+00:00","article_modified_time":"2024-04-03T14:58:22+00:00","og_image":[{"width":734,"height":489,"url":"https:\/\/lasentinelle.dz\/wp-content\/uploads\/2024\/04\/humanitaires.jpeg","type":"image\/jpeg"}],"author":"La Sentinelle","twitter_card":"summary_large_image","twitter_misc":{"\u00c9crit par":"La Sentinelle","Dur\u00e9e de lecture estim\u00e9e":"6 minutes"},"schema":{"@context":"https:\/\/schema.org","@graph":[{"@type":"Article","@id":"https:\/\/lasentinelle.dz\/index.php\/2024\/04\/03\/les-crimes-sionistes-revoltent-la-communaute-internationale\/#article","isPartOf":{"@id":"https:\/\/lasentinelle.dz\/index.php\/2024\/04\/03\/les-crimes-sionistes-revoltent-la-communaute-internationale\/"},"author":{"name":"La Sentinelle","@id":"https:\/\/lasentinelle.dz\/#\/schema\/person\/d865044e22e70a75174ce8bcad3acfb3"},"headline":"Les crimes sionistes r\u00e9voltent la communaut\u00e9 internationale","datePublished":"2024-04-03T14:58:20+00:00","dateModified":"2024-04-03T14:58:22+00:00","mainEntityOfPage":{"@id":"https:\/\/lasentinelle.dz\/index.php\/2024\/04\/03\/les-crimes-sionistes-revoltent-la-communaute-internationale\/"},"wordCount":1193,"commentCount":0,"publisher":{"@id":"https:\/\/lasentinelle.dz\/#organization"},"image":{"@id":"https:\/\/lasentinelle.dz\/index.php\/2024\/04\/03\/les-crimes-sionistes-revoltent-la-communaute-internationale\/#primaryimage"},"thumbnailUrl":"https:\/\/lasentinelle.dz\/wp-content\/uploads\/2024\/04\/humanitaires.jpeg","articleSection":["Actualit\u00e9"],"inLanguage":"fr-FR","potentialAction":[{"@type":"CommentAction","name":"Comment","target":["https:\/\/lasentinelle.dz\/index.php\/2024\/04\/03\/les-crimes-sionistes-revoltent-la-communaute-internationale\/#respond"]}]},{"@type":"WebPage","@id":"https:\/\/lasentinelle.dz\/index.php\/2024\/04\/03\/les-crimes-sionistes-revoltent-la-communaute-internationale\/","url":"https:\/\/lasentinelle.dz\/index.php\/2024\/04\/03\/les-crimes-sionistes-revoltent-la-communaute-internationale\/","name":"Les crimes sionistes r\u00e9voltent la communaut\u00e9 internationale - La Sentinelle","isPartOf":{"@id":"https:\/\/lasentinelle.dz\/#website"},"primaryImageOfPage":{"@id":"https:\/\/lasentinelle.dz\/index.php\/2024\/04\/03\/les-crimes-sionistes-revoltent-la-communaute-internationale\/#primaryimage"},"image":{"@id":"https:\/\/lasentinelle.dz\/index.php\/2024\/04\/03\/les-crimes-sionistes-revoltent-la-communaute-internationale\/#primaryimage"},"thumbnailUrl":"https:\/\/lasentinelle.dz\/wp-content\/uploads\/2024\/04\/humanitaires.jpeg","datePublished":"2024-04-03T14:58:20+00:00","dateModified":"2024-04-03T14:58:22+00:00","breadcrumb":{"@id":"https:\/\/lasentinelle.dz\/index.php\/2024\/04\/03\/les-crimes-sionistes-revoltent-la-communaute-internationale\/#breadcrumb"},"inLanguage":"fr-FR","potentialAction":[{"@type":"ReadAction","target":["https:\/\/lasentinelle.dz\/index.php\/2024\/04\/03\/les-crimes-sionistes-revoltent-la-communaute-internationale\/"]}]},{"@type":"ImageObject","inLanguage":"fr-FR","@id":"https:\/\/lasentinelle.dz\/index.php\/2024\/04\/03\/les-crimes-sionistes-revoltent-la-communaute-internationale\/#primaryimage","url":"https:\/\/lasentinelle.dz\/wp-content\/uploads\/2024\/04\/humanitaires.jpeg","contentUrl":"https:\/\/lasentinelle.dz\/wp-content\/uploads\/2024\/04\/humanitaires.jpeg","width":734,"height":489},{"@type":"BreadcrumbList","@id":"https:\/\/lasentinelle.dz\/index.php\/2024\/04\/03\/les-crimes-sionistes-revoltent-la-communaute-internationale\/#breadcrumb","itemListElement":[{"@type":"ListItem","position":1,"name":"Accueil","item":"https:\/\/lasentinelle.dz\/"},{"@type":"ListItem","position":2,"name":"Les crimes sionistes r\u00e9voltent la communaut\u00e9 internationale"}]},{"@type":"WebSite","@id":"https:\/\/lasentinelle.dz\/#website","url":"https:\/\/lasentinelle.dz\/","name":"La Sentinelle","description":"Quotidien national d&#039;information","publisher":{"@id":"https:\/\/lasentinelle.dz\/#organization"},"potentialAction":[{"@type":"SearchAction","target":{"@type":"EntryPoint","urlTemplate":"https:\/\/lasentinelle.dz\/?s={search_term_string}"},"query-input":{"@type":"PropertyValueSpecification","valueRequired":true,"valueName":"search_term_string"}}],"inLanguage":"fr-FR"},{"@type":"Organization","@id":"https:\/\/lasentinelle.dz\/#organization","name":"Quotidien La Sentinelle","url":"https:\/\/lasentinelle.dz\/","logo":{"@type":"ImageObject","inLanguage":"fr-FR","@id":"https:\/\/lasentinelle.dz\/#\/schema\/logo\/image\/","url":"https:\/\/lasentinelle.dz\/wp-content\/uploads\/2021\/09\/logo-sentinelleSLOGAN-1.png","contentUrl":"https:\/\/lasentinelle.dz\/wp-content\/uploads\/2021\/09\/logo-sentinelleSLOGAN-1.png","width":615,"height":142,"caption":"Quotidien La Sentinelle"},"image":{"@id":"https:\/\/lasentinelle.dz\/#\/schema\/logo\/image\/"},"sameAs":["https:\/\/www.facebook.com\/La-Sentinelle-104059864394773"]},{"@type":"Person","@id":"https:\/\/lasentinelle.dz\/#\/schema\/person\/d865044e22e70a75174ce8bcad3acfb3","name":"La Sentinelle","image":{"@type":"ImageObject","inLanguage":"fr-FR","@id":"https:\/\/secure.gravatar.com\/avatar\/57de8e5d4b15d43fb361a71fbb36338450fe67865b528a43dd10ef7c51a20392?s=96&d=mm&r=g","url":"https:\/\/secure.gravatar.com\/avatar\/57de8e5d4b15d43fb361a71fbb36338450fe67865b528a43dd10ef7c51a20392?s=96&d=mm&r=g","contentUrl":"https:\/\/secure.gravatar.com\/avatar\/57de8e5d4b15d43fb361a71fbb36338450fe67865b528a43dd10ef7c51a20392?s=96&d=mm&r=g","caption":"La Sentinelle"},"sameAs":["http:\/\/www.lasentinelle.dz"],"url":"https:\/\/lasentinelle.dz\/author\/redaction\/"}]}},"_links":{"self":[{"href":"https:\/\/lasentinelle.dz\/index.php\/wp-json\/wp\/v2\/posts\/50962","targetHints":{"allow":["GET"]}}],"collection":[{"href":"https:\/\/lasentinelle.dz\/index.php\/wp-json\/wp\/v2\/posts"}],"about":[{"href":"https:\/\/lasentinelle.dz\/index.php\/wp-json\/wp\/v2\/types\/post"}],"author":[{"embeddable":true,"href":"https:\/\/lasentinelle.dz\/index.php\/wp-json\/wp\/v2\/users\/3"}],"replies":[{"embeddable":true,"href":"https:\/\/lasentinelle.dz\/index.php\/wp-json\/wp\/v2\/comments?post=50962"}],"version-history":[{"count":1,"href":"https:\/\/lasentinelle.dz\/index.php\/wp-json\/wp\/v2\/posts\/50962\/revisions"}],"predecessor-version":[{"id":50964,"href":"https:\/\/lasentinelle.dz\/index.php\/wp-json\/wp\/v2\/posts\/50962\/revisions\/50964"}],"wp:featuredmedia":[{"embeddable":true,"href":"https:\/\/lasentinelle.dz\/index.php\/wp-json\/wp\/v2\/media\/50963"}],"wp:attachment":[{"href":"https:\/\/lasentinelle.dz\/index.php\/wp-json\/wp\/v2\/media?parent=50962"}],"wp:term":[{"taxonomy":"category","embeddable":true,"href":"https:\/\/lasentinelle.dz\/index.php\/wp-json\/wp\/v2\/categories?post=50962"},{"taxonomy":"post_tag","embeddable":true,"href":"https:\/\/lasentinelle.dz\/index.php\/wp-json\/wp\/v2\/tags?post=50962"}],"curies":[{"name":"wp","href":"https:\/\/api.w.org\/{rel}","templated":true}]}}