{"id":50968,"date":"2024-04-03T08:02:00","date_gmt":"2024-04-03T07:02:00","guid":{"rendered":"https:\/\/lasentinelle.dz\/?p=50968"},"modified":"2024-04-03T16:06:18","modified_gmt":"2024-04-03T15:06:18","slug":"opep-vers-le-maintien-du-statu-quo","status":"publish","type":"post","link":"https:\/\/lasentinelle.dz\/index.php\/2024\/04\/03\/opep-vers-le-maintien-du-statu-quo\/","title":{"rendered":"Opep+\u00a0: Vers le maintien du statu quo"},"content":{"rendered":"\n<p>Le comit\u00e9 minist\u00e9riel de suivi de l\u2019accord Opep+ (JMMC) doit se r\u00e9unir aujourd\u2019hui en visioconf\u00e9rence pour se pencher sur la situation du march\u00e9, en sus du respect par les signataires de leurs engagements en mati\u00e8re de production dans le cadre des quotas fix\u00e9s lors de derni\u00e8re r\u00e9union minist\u00e9rielle de l\u2019alliance au mois de novembre dernier. Une r\u00e9union qui ne devrait pas aboutir \u00e0 des changements dans la politique actuelle de l\u2019Organisation des pays exportateurs de p\u00e9trole et de ses alli\u00e9s signataires de la D\u00e9claration de coop\u00e9ration, a soulign\u00e9 hier l\u2019agence de presse britannique Reuters citant cinq sources de l&rsquo;OPEP+ \u00e0 Reuters.<\/p>\n\n\n\n<p>Plusieurs membres de l&rsquo;Opep+ ont annonc\u00e9 en novembre des coupes volontaires pour soutenir le march\u00e9. Ils ont d\u2019ailleurs convenu le mois dernier de prolonger les r\u00e9ductions volontaires de production de 2,2 millions de barils par jour (bpj) jusqu\u2019au mois de juin prochain. &nbsp;Le vice-Premier ministre russe Alexander Novak a d\u00e9clar\u00e9 vendredi que la Russie avait d\u00e9cid\u00e9 de se concentrer sur la r\u00e9duction de la production de p\u00e9trole plut\u00f4t que sur les exportations au deuxi\u00e8me trimestre afin de r\u00e9partir uniform\u00e9ment les coupes de production avec les autres pays membres de l&rsquo;Opep+. Il faut dire que la politique de l\u2019Opep+ a permis de soutenir les cours et stabiliser le march\u00e9 soumis \u00e0 une forte volatilit\u00e9 induite par les tensions g\u00e9opolitiques. Selon l\u2019agence de presse am\u00e9ricaine Bloomberg, le cours du Brent a gagn\u00e9 11%&nbsp; depuis le d\u00e9but de l&rsquo;ann\u00e9e. \u00ab\u00a0Les r\u00e9ductions de l&rsquo;OPEP ont \u00e9t\u00e9 efficaces\u00a0\u00bb, a d\u00e9clar\u00e9 Michael Hsueh, strat\u00e8ge chez Deutsche Bank, au m\u00e9dia US. \u00ab\u00a0Le march\u00e9 mondial est soit d\u00e9j\u00e0 en d\u00e9ficit, soit sur le point de passer en d\u00e9ficit.\u00a0\u00bb Notons que les cours du p\u00e9trole grimpaient mardi, dans un contexte d&rsquo;inqui\u00e9tudes renouvel\u00e9es sur l&rsquo;approvisionnement.<\/p>\n\n\n\n<p><strong>Le Brent fr\u00f4le les 90 dollars<\/strong><\/p>\n\n\n\n<p>Le prix du baril de Brent de la mer du Nord, pour livraison en juin, prenait vers midi 1,66% \u00e0 88,87 dollars, apr\u00e8s avoir fr\u00f4l\u00e9 les 90 dollars le baril. Son \u00e9quivalent am\u00e9ricain, le baril de West Texas Intermediate (WTI), pour livraison en mai, gagnait 1,82% \u00e0 85,23 dollars. Ce qui fait monter le prix du p\u00e9trole, selon des analystes, \u00ab\u00a0c&rsquo;est un march\u00e9 tendu en raison de la faible croissance de la production am\u00e9ricaine de p\u00e9trole de schiste et de la fermet\u00e9 de l&rsquo;Opep+\u00a0\u00bb sur ses coupes de production, ainsi que les risques g\u00e9opolitiques. Selon eux, tous ces facteurs peuvent conduire \u00ab\u00a0\u00e0 une baisse des stocks\u00a0\u00bb et soutiennent les prix du brut en cons\u00e9quence.<\/p>\n\n\n\n<p>Samira Ghrib<\/p>\n","protected":false},"excerpt":{"rendered":"<p>Le comit\u00e9 minist\u00e9riel de suivi de l\u2019accord Opep+ (JMMC) doit se r\u00e9unir aujourd\u2019hui en visioconf\u00e9rence pour se pencher sur la<\/p>\n","protected":false},"author":3,"featured_media":45923,"comment_status":"open","ping_status":"closed","sticky":false,"template":"","format":"standard","meta":{"colormag_page_container_layout":"default_layout","colormag_page_sidebar_layout":"default_layout","om_disable_all_campaigns":false,"_monsterinsights_skip_tracking":false,"_monsterinsights_sitenote_active":false,"_monsterinsights_sitenote_note":"","_monsterinsights_sitenote_category":0,"footnotes":"","_wpscppro_dont_share_socialmedia":false,"_wpscppro_custom_social_share_image":0,"_facebook_share_type":"","_twitter_share_type":"","_linkedin_share_type":"","_pinterest_share_type":"","_linkedin_share_type_page":"","_instagram_share_type":"","_medium_share_type":"","_threads_share_type":"","_google_business_share_type":"","_selected_social_profile":[],"_wpsp_enable_custom_social_template":false,"_wpsp_social_scheduling":{"enabled":false,"datetime":null,"platforms":[],"status":"template_only","dateOption":"today","timeOption":"now","customDays":"","customHours":"","customDate":"","customTime":"","schedulingType":"absolute"},"_wpsp_active_default_template":true},"categories":[29],"tags":[],"class_list":["post-50968","post","type-post","status-publish","format-standard","has-post-thumbnail","hentry","category-economie"],"aioseo_notices":[],"yoast_head":"<!-- This site is optimized with the Yoast SEO plugin v27.5 - https:\/\/yoast.com\/product\/yoast-seo-wordpress\/ -->\n<title>Opep+\u00a0: Vers le maintien du statu quo - La Sentinelle<\/title>\n<meta name=\"robots\" content=\"index, follow, max-snippet:-1, max-image-preview:large, max-video-preview:-1\" \/>\n<link rel=\"canonical\" href=\"https:\/\/lasentinelle.dz\/index.php\/2024\/04\/03\/opep-vers-le-maintien-du-statu-quo\/\" \/>\n<meta property=\"og:locale\" content=\"fr_FR\" \/>\n<meta property=\"og:type\" content=\"article\" \/>\n<meta property=\"og:title\" content=\"Opep+\u00a0: Vers le maintien du statu quo - La Sentinelle\" \/>\n<meta property=\"og:description\" content=\"Le comit\u00e9 minist\u00e9riel de suivi de l\u2019accord Opep+ (JMMC) doit se r\u00e9unir aujourd\u2019hui en visioconf\u00e9rence pour se pencher sur la\" \/>\n<meta property=\"og:url\" content=\"https:\/\/lasentinelle.dz\/index.php\/2024\/04\/03\/opep-vers-le-maintien-du-statu-quo\/\" \/>\n<meta property=\"og:site_name\" content=\"La Sentinelle\" \/>\n<meta property=\"article:publisher\" content=\"https:\/\/www.facebook.com\/La-Sentinelle-104059864394773\" \/>\n<meta property=\"article:published_time\" content=\"2024-04-03T07:02:00+00:00\" \/>\n<meta property=\"article:modified_time\" content=\"2024-04-03T15:06:18+00:00\" \/>\n<meta property=\"og:image\" content=\"https:\/\/lasentinelle.dz\/wp-content\/uploads\/2023\/09\/Opep.jpeg\" \/>\n\t<meta property=\"og:image:width\" content=\"1000\" \/>\n\t<meta property=\"og:image:height\" content=\"667\" \/>\n\t<meta property=\"og:image:type\" content=\"image\/jpeg\" \/>\n<meta name=\"author\" content=\"La Sentinelle\" \/>\n<meta name=\"twitter:card\" content=\"summary_large_image\" \/>\n<meta name=\"twitter:label1\" content=\"\u00c9crit par\" \/>\n\t<meta name=\"twitter:data1\" content=\"La Sentinelle\" \/>\n\t<meta name=\"twitter:label2\" content=\"Dur\u00e9e de lecture estim\u00e9e\" \/>\n\t<meta name=\"twitter:data2\" content=\"3 minutes\" \/>\n<script type=\"application\/ld+json\" class=\"yoast-schema-graph\">{\"@context\":\"https:\\\/\\\/schema.org\",\"@graph\":[{\"@type\":\"Article\",\"@id\":\"https:\\\/\\\/lasentinelle.dz\\\/index.php\\\/2024\\\/04\\\/03\\\/opep-vers-le-maintien-du-statu-quo\\\/#article\",\"isPartOf\":{\"@id\":\"https:\\\/\\\/lasentinelle.dz\\\/index.php\\\/2024\\\/04\\\/03\\\/opep-vers-le-maintien-du-statu-quo\\\/\"},\"author\":{\"name\":\"La Sentinelle\",\"@id\":\"https:\\\/\\\/lasentinelle.dz\\\/#\\\/schema\\\/person\\\/d865044e22e70a75174ce8bcad3acfb3\"},\"headline\":\"Opep+\u00a0: Vers le maintien du statu quo\",\"datePublished\":\"2024-04-03T07:02:00+00:00\",\"dateModified\":\"2024-04-03T15:06:18+00:00\",\"mainEntityOfPage\":{\"@id\":\"https:\\\/\\\/lasentinelle.dz\\\/index.php\\\/2024\\\/04\\\/03\\\/opep-vers-le-maintien-du-statu-quo\\\/\"},\"wordCount\":466,\"commentCount\":0,\"publisher\":{\"@id\":\"https:\\\/\\\/lasentinelle.dz\\\/#organization\"},\"image\":{\"@id\":\"https:\\\/\\\/lasentinelle.dz\\\/index.php\\\/2024\\\/04\\\/03\\\/opep-vers-le-maintien-du-statu-quo\\\/#primaryimage\"},\"thumbnailUrl\":\"https:\\\/\\\/lasentinelle.dz\\\/wp-content\\\/uploads\\\/2023\\\/09\\\/Opep.jpeg\",\"articleSection\":[\"\u00c9conomie\"],\"inLanguage\":\"fr-FR\",\"potentialAction\":[{\"@type\":\"CommentAction\",\"name\":\"Comment\",\"target\":[\"https:\\\/\\\/lasentinelle.dz\\\/index.php\\\/2024\\\/04\\\/03\\\/opep-vers-le-maintien-du-statu-quo\\\/#respond\"]}]},{\"@type\":\"WebPage\",\"@id\":\"https:\\\/\\\/lasentinelle.dz\\\/index.php\\\/2024\\\/04\\\/03\\\/opep-vers-le-maintien-du-statu-quo\\\/\",\"url\":\"https:\\\/\\\/lasentinelle.dz\\\/index.php\\\/2024\\\/04\\\/03\\\/opep-vers-le-maintien-du-statu-quo\\\/\",\"name\":\"Opep+\u00a0: Vers le maintien du statu quo - La Sentinelle\",\"isPartOf\":{\"@id\":\"https:\\\/\\\/lasentinelle.dz\\\/#website\"},\"primaryImageOfPage\":{\"@id\":\"https:\\\/\\\/lasentinelle.dz\\\/index.php\\\/2024\\\/04\\\/03\\\/opep-vers-le-maintien-du-statu-quo\\\/#primaryimage\"},\"image\":{\"@id\":\"https:\\\/\\\/lasentinelle.dz\\\/index.php\\\/2024\\\/04\\\/03\\\/opep-vers-le-maintien-du-statu-quo\\\/#primaryimage\"},\"thumbnailUrl\":\"https:\\\/\\\/lasentinelle.dz\\\/wp-content\\\/uploads\\\/2023\\\/09\\\/Opep.jpeg\",\"datePublished\":\"2024-04-03T07:02:00+00:00\",\"dateModified\":\"2024-04-03T15:06:18+00:00\",\"breadcrumb\":{\"@id\":\"https:\\\/\\\/lasentinelle.dz\\\/index.php\\\/2024\\\/04\\\/03\\\/opep-vers-le-maintien-du-statu-quo\\\/#breadcrumb\"},\"inLanguage\":\"fr-FR\",\"potentialAction\":[{\"@type\":\"ReadAction\",\"target\":[\"https:\\\/\\\/lasentinelle.dz\\\/index.php\\\/2024\\\/04\\\/03\\\/opep-vers-le-maintien-du-statu-quo\\\/\"]}]},{\"@type\":\"ImageObject\",\"inLanguage\":\"fr-FR\",\"@id\":\"https:\\\/\\\/lasentinelle.dz\\\/index.php\\\/2024\\\/04\\\/03\\\/opep-vers-le-maintien-du-statu-quo\\\/#primaryimage\",\"url\":\"https:\\\/\\\/lasentinelle.dz\\\/wp-content\\\/uploads\\\/2023\\\/09\\\/Opep.jpeg\",\"contentUrl\":\"https:\\\/\\\/lasentinelle.dz\\\/wp-content\\\/uploads\\\/2023\\\/09\\\/Opep.jpeg\",\"width\":1000,\"height\":667},{\"@type\":\"BreadcrumbList\",\"@id\":\"https:\\\/\\\/lasentinelle.dz\\\/index.php\\\/2024\\\/04\\\/03\\\/opep-vers-le-maintien-du-statu-quo\\\/#breadcrumb\",\"itemListElement\":[{\"@type\":\"ListItem\",\"position\":1,\"name\":\"Accueil\",\"item\":\"https:\\\/\\\/lasentinelle.dz\\\/\"},{\"@type\":\"ListItem\",\"position\":2,\"name\":\"Opep+\u00a0: Vers le maintien du statu quo\"}]},{\"@type\":\"WebSite\",\"@id\":\"https:\\\/\\\/lasentinelle.dz\\\/#website\",\"url\":\"https:\\\/\\\/lasentinelle.dz\\\/\",\"name\":\"La Sentinelle\",\"description\":\"Quotidien national d&#039;information\",\"publisher\":{\"@id\":\"https:\\\/\\\/lasentinelle.dz\\\/#organization\"},\"potentialAction\":[{\"@type\":\"SearchAction\",\"target\":{\"@type\":\"EntryPoint\",\"urlTemplate\":\"https:\\\/\\\/lasentinelle.dz\\\/?s={search_term_string}\"},\"query-input\":{\"@type\":\"PropertyValueSpecification\",\"valueRequired\":true,\"valueName\":\"search_term_string\"}}],\"inLanguage\":\"fr-FR\"},{\"@type\":\"Organization\",\"@id\":\"https:\\\/\\\/lasentinelle.dz\\\/#organization\",\"name\":\"Quotidien La Sentinelle\",\"url\":\"https:\\\/\\\/lasentinelle.dz\\\/\",\"logo\":{\"@type\":\"ImageObject\",\"inLanguage\":\"fr-FR\",\"@id\":\"https:\\\/\\\/lasentinelle.dz\\\/#\\\/schema\\\/logo\\\/image\\\/\",\"url\":\"https:\\\/\\\/lasentinelle.dz\\\/wp-content\\\/uploads\\\/2021\\\/09\\\/logo-sentinelleSLOGAN-1.png\",\"contentUrl\":\"https:\\\/\\\/lasentinelle.dz\\\/wp-content\\\/uploads\\\/2021\\\/09\\\/logo-sentinelleSLOGAN-1.png\",\"width\":615,\"height\":142,\"caption\":\"Quotidien La Sentinelle\"},\"image\":{\"@id\":\"https:\\\/\\\/lasentinelle.dz\\\/#\\\/schema\\\/logo\\\/image\\\/\"},\"sameAs\":[\"https:\\\/\\\/www.facebook.com\\\/La-Sentinelle-104059864394773\"]},{\"@type\":\"Person\",\"@id\":\"https:\\\/\\\/lasentinelle.dz\\\/#\\\/schema\\\/person\\\/d865044e22e70a75174ce8bcad3acfb3\",\"name\":\"La Sentinelle\",\"image\":{\"@type\":\"ImageObject\",\"inLanguage\":\"fr-FR\",\"@id\":\"https:\\\/\\\/secure.gravatar.com\\\/avatar\\\/57de8e5d4b15d43fb361a71fbb36338450fe67865b528a43dd10ef7c51a20392?s=96&d=mm&r=g\",\"url\":\"https:\\\/\\\/secure.gravatar.com\\\/avatar\\\/57de8e5d4b15d43fb361a71fbb36338450fe67865b528a43dd10ef7c51a20392?s=96&d=mm&r=g\",\"contentUrl\":\"https:\\\/\\\/secure.gravatar.com\\\/avatar\\\/57de8e5d4b15d43fb361a71fbb36338450fe67865b528a43dd10ef7c51a20392?s=96&d=mm&r=g\",\"caption\":\"La Sentinelle\"},\"sameAs\":[\"http:\\\/\\\/www.lasentinelle.dz\"],\"url\":\"https:\\\/\\\/lasentinelle.dz\\\/author\\\/redaction\\\/\"}]}<\/script>\n<!-- \/ Yoast SEO plugin. -->","yoast_head_json":{"title":"Opep+\u00a0: Vers le maintien du statu quo - La Sentinelle","robots":{"index":"index","follow":"follow","max-snippet":"max-snippet:-1","max-image-preview":"max-image-preview:large","max-video-preview":"max-video-preview:-1"},"canonical":"https:\/\/lasentinelle.dz\/index.php\/2024\/04\/03\/opep-vers-le-maintien-du-statu-quo\/","og_locale":"fr_FR","og_type":"article","og_title":"Opep+\u00a0: Vers le maintien du statu quo - La Sentinelle","og_description":"Le comit\u00e9 minist\u00e9riel de suivi de l\u2019accord Opep+ (JMMC) doit se r\u00e9unir aujourd\u2019hui en visioconf\u00e9rence pour se pencher sur la","og_url":"https:\/\/lasentinelle.dz\/index.php\/2024\/04\/03\/opep-vers-le-maintien-du-statu-quo\/","og_site_name":"La Sentinelle","article_publisher":"https:\/\/www.facebook.com\/La-Sentinelle-104059864394773","article_published_time":"2024-04-03T07:02:00+00:00","article_modified_time":"2024-04-03T15:06:18+00:00","og_image":[{"width":1000,"height":667,"url":"https:\/\/lasentinelle.dz\/wp-content\/uploads\/2023\/09\/Opep.jpeg","type":"image\/jpeg"}],"author":"La Sentinelle","twitter_card":"summary_large_image","twitter_misc":{"\u00c9crit par":"La Sentinelle","Dur\u00e9e de lecture estim\u00e9e":"3 minutes"},"schema":{"@context":"https:\/\/schema.org","@graph":[{"@type":"Article","@id":"https:\/\/lasentinelle.dz\/index.php\/2024\/04\/03\/opep-vers-le-maintien-du-statu-quo\/#article","isPartOf":{"@id":"https:\/\/lasentinelle.dz\/index.php\/2024\/04\/03\/opep-vers-le-maintien-du-statu-quo\/"},"author":{"name":"La Sentinelle","@id":"https:\/\/lasentinelle.dz\/#\/schema\/person\/d865044e22e70a75174ce8bcad3acfb3"},"headline":"Opep+\u00a0: Vers le maintien du statu quo","datePublished":"2024-04-03T07:02:00+00:00","dateModified":"2024-04-03T15:06:18+00:00","mainEntityOfPage":{"@id":"https:\/\/lasentinelle.dz\/index.php\/2024\/04\/03\/opep-vers-le-maintien-du-statu-quo\/"},"wordCount":466,"commentCount":0,"publisher":{"@id":"https:\/\/lasentinelle.dz\/#organization"},"image":{"@id":"https:\/\/lasentinelle.dz\/index.php\/2024\/04\/03\/opep-vers-le-maintien-du-statu-quo\/#primaryimage"},"thumbnailUrl":"https:\/\/lasentinelle.dz\/wp-content\/uploads\/2023\/09\/Opep.jpeg","articleSection":["\u00c9conomie"],"inLanguage":"fr-FR","potentialAction":[{"@type":"CommentAction","name":"Comment","target":["https:\/\/lasentinelle.dz\/index.php\/2024\/04\/03\/opep-vers-le-maintien-du-statu-quo\/#respond"]}]},{"@type":"WebPage","@id":"https:\/\/lasentinelle.dz\/index.php\/2024\/04\/03\/opep-vers-le-maintien-du-statu-quo\/","url":"https:\/\/lasentinelle.dz\/index.php\/2024\/04\/03\/opep-vers-le-maintien-du-statu-quo\/","name":"Opep+\u00a0: Vers le maintien du statu quo - La Sentinelle","isPartOf":{"@id":"https:\/\/lasentinelle.dz\/#website"},"primaryImageOfPage":{"@id":"https:\/\/lasentinelle.dz\/index.php\/2024\/04\/03\/opep-vers-le-maintien-du-statu-quo\/#primaryimage"},"image":{"@id":"https:\/\/lasentinelle.dz\/index.php\/2024\/04\/03\/opep-vers-le-maintien-du-statu-quo\/#primaryimage"},"thumbnailUrl":"https:\/\/lasentinelle.dz\/wp-content\/uploads\/2023\/09\/Opep.jpeg","datePublished":"2024-04-03T07:02:00+00:00","dateModified":"2024-04-03T15:06:18+00:00","breadcrumb":{"@id":"https:\/\/lasentinelle.dz\/index.php\/2024\/04\/03\/opep-vers-le-maintien-du-statu-quo\/#breadcrumb"},"inLanguage":"fr-FR","potentialAction":[{"@type":"ReadAction","target":["https:\/\/lasentinelle.dz\/index.php\/2024\/04\/03\/opep-vers-le-maintien-du-statu-quo\/"]}]},{"@type":"ImageObject","inLanguage":"fr-FR","@id":"https:\/\/lasentinelle.dz\/index.php\/2024\/04\/03\/opep-vers-le-maintien-du-statu-quo\/#primaryimage","url":"https:\/\/lasentinelle.dz\/wp-content\/uploads\/2023\/09\/Opep.jpeg","contentUrl":"https:\/\/lasentinelle.dz\/wp-content\/uploads\/2023\/09\/Opep.jpeg","width":1000,"height":667},{"@type":"BreadcrumbList","@id":"https:\/\/lasentinelle.dz\/index.php\/2024\/04\/03\/opep-vers-le-maintien-du-statu-quo\/#breadcrumb","itemListElement":[{"@type":"ListItem","position":1,"name":"Accueil","item":"https:\/\/lasentinelle.dz\/"},{"@type":"ListItem","position":2,"name":"Opep+\u00a0: Vers le maintien du statu quo"}]},{"@type":"WebSite","@id":"https:\/\/lasentinelle.dz\/#website","url":"https:\/\/lasentinelle.dz\/","name":"La Sentinelle","description":"Quotidien national d&#039;information","publisher":{"@id":"https:\/\/lasentinelle.dz\/#organization"},"potentialAction":[{"@type":"SearchAction","target":{"@type":"EntryPoint","urlTemplate":"https:\/\/lasentinelle.dz\/?s={search_term_string}"},"query-input":{"@type":"PropertyValueSpecification","valueRequired":true,"valueName":"search_term_string"}}],"inLanguage":"fr-FR"},{"@type":"Organization","@id":"https:\/\/lasentinelle.dz\/#organization","name":"Quotidien La Sentinelle","url":"https:\/\/lasentinelle.dz\/","logo":{"@type":"ImageObject","inLanguage":"fr-FR","@id":"https:\/\/lasentinelle.dz\/#\/schema\/logo\/image\/","url":"https:\/\/lasentinelle.dz\/wp-content\/uploads\/2021\/09\/logo-sentinelleSLOGAN-1.png","contentUrl":"https:\/\/lasentinelle.dz\/wp-content\/uploads\/2021\/09\/logo-sentinelleSLOGAN-1.png","width":615,"height":142,"caption":"Quotidien La Sentinelle"},"image":{"@id":"https:\/\/lasentinelle.dz\/#\/schema\/logo\/image\/"},"sameAs":["https:\/\/www.facebook.com\/La-Sentinelle-104059864394773"]},{"@type":"Person","@id":"https:\/\/lasentinelle.dz\/#\/schema\/person\/d865044e22e70a75174ce8bcad3acfb3","name":"La Sentinelle","image":{"@type":"ImageObject","inLanguage":"fr-FR","@id":"https:\/\/secure.gravatar.com\/avatar\/57de8e5d4b15d43fb361a71fbb36338450fe67865b528a43dd10ef7c51a20392?s=96&d=mm&r=g","url":"https:\/\/secure.gravatar.com\/avatar\/57de8e5d4b15d43fb361a71fbb36338450fe67865b528a43dd10ef7c51a20392?s=96&d=mm&r=g","contentUrl":"https:\/\/secure.gravatar.com\/avatar\/57de8e5d4b15d43fb361a71fbb36338450fe67865b528a43dd10ef7c51a20392?s=96&d=mm&r=g","caption":"La Sentinelle"},"sameAs":["http:\/\/www.lasentinelle.dz"],"url":"https:\/\/lasentinelle.dz\/author\/redaction\/"}]}},"_links":{"self":[{"href":"https:\/\/lasentinelle.dz\/index.php\/wp-json\/wp\/v2\/posts\/50968","targetHints":{"allow":["GET"]}}],"collection":[{"href":"https:\/\/lasentinelle.dz\/index.php\/wp-json\/wp\/v2\/posts"}],"about":[{"href":"https:\/\/lasentinelle.dz\/index.php\/wp-json\/wp\/v2\/types\/post"}],"author":[{"embeddable":true,"href":"https:\/\/lasentinelle.dz\/index.php\/wp-json\/wp\/v2\/users\/3"}],"replies":[{"embeddable":true,"href":"https:\/\/lasentinelle.dz\/index.php\/wp-json\/wp\/v2\/comments?post=50968"}],"version-history":[{"count":1,"href":"https:\/\/lasentinelle.dz\/index.php\/wp-json\/wp\/v2\/posts\/50968\/revisions"}],"predecessor-version":[{"id":50969,"href":"https:\/\/lasentinelle.dz\/index.php\/wp-json\/wp\/v2\/posts\/50968\/revisions\/50969"}],"wp:featuredmedia":[{"embeddable":true,"href":"https:\/\/lasentinelle.dz\/index.php\/wp-json\/wp\/v2\/media\/45923"}],"wp:attachment":[{"href":"https:\/\/lasentinelle.dz\/index.php\/wp-json\/wp\/v2\/media?parent=50968"}],"wp:term":[{"taxonomy":"category","embeddable":true,"href":"https:\/\/lasentinelle.dz\/index.php\/wp-json\/wp\/v2\/categories?post=50968"},{"taxonomy":"post_tag","embeddable":true,"href":"https:\/\/lasentinelle.dz\/index.php\/wp-json\/wp\/v2\/tags?post=50968"}],"curies":[{"name":"wp","href":"https:\/\/api.w.org\/{rel}","templated":true}]}}