{"id":50972,"date":"2024-04-03T16:08:42","date_gmt":"2024-04-03T15:08:42","guid":{"rendered":"https:\/\/lasentinelle.dz\/?p=50972"},"modified":"2024-04-03T16:08:52","modified_gmt":"2024-04-03T15:08:52","slug":"fixer-un-cap-pour-la-souverainete-alimentaire","status":"publish","type":"post","link":"https:\/\/lasentinelle.dz\/index.php\/2024\/04\/03\/fixer-un-cap-pour-la-souverainete-alimentaire\/","title":{"rendered":"Fixer un cap pour la souverainet\u00e9 alimentaire"},"content":{"rendered":"\n<p>Le troisi\u00e8me recensement g\u00e9n\u00e9ral de l\u2019agriculture sera lanc\u00e9 le 19 mai prochain et se poursuivra jusqu\u2019au 17 juillet. &nbsp;L\u2019op\u00e9ration permettra d\u2019actualiser les donn\u00e9es sur le secteur de l\u2019agriculture qui a connu d\u2019importants changements depuis le dernier recensement op\u00e9r\u00e9 en 2001 et rev\u00eat une importance particuli\u00e8re dans la mesure o\u00f9 il s\u2019agira de compiler des statistiques pr\u00e9cises qui permettront d\u2019orienter les politiques agricoles et les strat\u00e9gies de consolidation de la s\u00e9curit\u00e9 alimentaire.<\/p>\n\n\n\n<p>Le march\u00e9 des produits alimentaires et des denr\u00e9es agricoles a \u00e9t\u00e9 marqu\u00e9 par des tensions et des perturbations au cours des derni\u00e8res ann\u00e9es. Des tensions qui ont pouss\u00e9 les pouvoirs publics \u00e0 recourir \u00e0 l\u2019importation pour combler le d\u00e9ficit de l\u2019offre et r\u00e9pondre aux besoins du march\u00e9. Une situation qui a \u00e9t\u00e9 longtemps imput\u00e9e \u00e0 au manque de ma\u00eetrise des circuits de distribution. Or, la probl\u00e9matique s\u2019est av\u00e9r\u00e9e plus complexe, en raison notamment de non fiabilit\u00e9 des donn\u00e9es sur l\u2019offre, la production agricole nationale, ainsi que sur la richesse animale nationale. Une probl\u00e9matique qui a d\u2019ailleurs \u00e9t\u00e9 mise en avant par le pr\u00e9sident de la R\u00e9publique Abdelmadjid Tebboune lors des assises nationales sur l\u2019agriculture tenues l\u2019ann\u00e9e derni\u00e8re et au cours desquels il a insist\u00e9 sur la n\u00e9cessit\u00e9 de disposer de statistiques fiables pour orienter les politiques dans le secteurs agricoles et les investissements dans l\u2019agriculture et l\u2019industrie agroalimentaire, arr\u00eater le potentiel, les capacit\u00e9s et les besoins afin de mettre en place une fili\u00e8re agro-industrielle int\u00e9gr\u00e9e \u00e0 m\u00eame de garantir une certaine autosuffisance et consolider la s\u00e9curit\u00e9 alimentaire. C\u2019est dans cet objectif que le lancement du Troisi\u00e8me recensement g\u00e9n\u00e9ral de l\u2019agriculture qui a \u00e9t\u00e9 maintes fois report\u00e9s a \u00e9t\u00e9 \u00e9tablie comme priorit\u00e9. Un recensement qui se tiendra du 19 mai au 17 juillet prochains, comme annonc\u00e9 lundi soir par le minist\u00e8re de l\u2019Agriculture et du D\u00e9veloppement rural. Une date fix\u00e9e lors des travaux de la 5e r\u00e9union de la Commission nationale du Recensement g\u00e9n\u00e9ral de l&rsquo;agriculture, pr\u00e9sid\u00e9s par le ministre de l&rsquo;Agriculture et du D\u00e9veloppement rural, Youcef Cherfa, et consacr\u00e9s aux derniers pr\u00e9paratifs avant le lancement du recensement agricole, un pr\u00e9cis\u00e9 un communiqu\u00e9 du minist\u00e8re. Lors de cette r\u00e9union, Cherfa a rappel\u00e9 les instructions donn\u00e9es par le pr\u00e9sident de la R\u00e9publique, M. Abdelmadjid Tebboune, lors du Conseil des ministres du 24 mars 2024, quant \u00e0 \u00ab\u00a0l&rsquo;imp\u00e9ratif d&rsquo;accorder une grande importance au recensement g\u00e9n\u00e9ral dans le secteur de l&rsquo;agriculture, en ce qu&rsquo;il repr\u00e9sente un m\u00e9canisme essentiel pour conna\u00eetre les capacit\u00e9s nationales et identifier les besoins afin de prendre les bonnes d\u00e9cisions sur la base de donn\u00e9es scientifiques exactes\u00a0\u00bb, selon le communiqu\u00e9. Il faut dire que ce recensement est le troisi\u00e8me apr\u00e8s ceux op\u00e9r\u00e9s en 1973 et en 2001. &nbsp;Il s\u2019agira donc d\u2019actualiser des donn\u00e9es qui datent de 23 ans, alors que secteur agricole a connu d\u2019importants changements au gr\u00e9 des politiques de d\u00e9veloppement agricole et changements op\u00e9r\u00e9s sur le plan juridique notamment en ce qui concerne le statut du foncier et des exploitations agricoles au cours de cette p\u00e9riode, la cr\u00e9ation de nouvelles fili\u00e8res, sans oublier le d\u00e9veloppement de l\u2019agriculture saharienne avec la perspective de d\u00e9veloppement de clusters pour les cultures strat\u00e9giques dans le Sud du pays et au niveau des anciennes fermes pilotes. Le ministre de l\u2019Agriculture a d\u2019ailleurs soulign\u00e9 hier en marge d\u2019une visite dans la wilaya d\u2019Ain Defla que le RGA est \u00ab\u00a0une opportunit\u00e9 pour conna\u00eetre les capacit\u00e9s nationales et d\u00e9terminer les besoins du secteur de mani\u00e8re \u00e0 en faire b\u00e9n\u00e9ficier l&rsquo;agriculteur et l&rsquo;\u00e9conomie nationale\u00a0\u00bb. Et d\u2019ajouter que ce recensement rev\u00eat \u00ab\u00a0une grande importance, \u00e0 travers l\u2019identification de la cartographie des capacit\u00e9s du secteur et des insuffisances en la mati\u00e8re, et la mise au point de programmes de d\u00e9veloppement bas\u00e9s sur des donn\u00e9es exactes et minutieuses\u00a0\u00bb. Une op\u00e9ration importante pour la cr\u00e9ation d\u2019une fili\u00e8re int\u00e9gr\u00e9e. Le ministre a ainsi soulign\u00e9 que la relance de plusieurs domaines li\u00e9s au secteur agricole, \u00e0 l\u2019instar de l&rsquo;industrie de transformation, \u00ab\u00a0est tributaire de la disponibilit\u00e9 de donn\u00e9es scientifiques sur les capacit\u00e9s exactes du secteur, d\u2019o\u00f9 le recensement g\u00e9n\u00e9ral de l\u2019agriculture\u00a0\u00bb, a-t-il expliqu\u00e9.<\/p>\n\n\n\n<p>De son c\u00f4t\u00e9,&nbsp; le Directeur des Syst\u00e8mes d&rsquo;Information, des Statistiques et de la Prospective au Minist\u00e8re de l&rsquo;Agriculture et du D\u00e9veloppement Rural, Mohamed Tifouri, &nbsp;a soulign\u00e9 lors d\u2019une intervention sur les ondes de la Radio alg\u00e9rienne queque toutes les dispositions ont \u00e9t\u00e9 prises pour assurer le succ\u00e8s de ce processus. Il a soulign\u00e9 que \u00ab\u00a0la premi\u00e8re \u00e9tape du processus de recensement se fera sur la base d\u2019un questionnaire papier utilis\u00e9 par les agents du recensement agricole g\u00e9n\u00e9ral, et comprendra tous les investissements agricoles sur le territoire national, suivi de la mise en place de centres de collecte des donn\u00e9es du questionnaire et de leur saisie dans une plateforme num\u00e9rique sp\u00e9cialement con\u00e7ue pour ce processus, o\u00f9 ces donn\u00e9es seront soumises \u00e0 une surveillance minutieuse.\u00a0\u00bb Des donn\u00e9es qui seront par la suite analys\u00e9es par le minist\u00e8re de l\u2019Agriculture.<\/p>\n\n\n\n<p>L\u2019op\u00e9ration rev\u00eat une importance particuli\u00e8re pour la s\u00e9curit\u00e9 alimentaire. Dans ce contexte, le pr\u00e9sident de la R\u00e9publique a soulign\u00e9 samedi lors d\u2019un entretien avec des m\u00e9dias nationaux que que l\u2019absence de donn\u00e9es exactes incite l\u2019Etat \u00e0 importer certains produits en fonction de la capacit\u00e9 financi\u00e8re du pays et non en fonction des besoins ou du niveau de la demande, d\u2019o\u00f9 le lancement du RGA. Il a \u00e9galement mis en avant l\u2019importance de donn\u00e9es fiables disponibles pour orienter les politiques d\u2019investissements agricoles. Le Pr\u00e9sident Abdelmadjid Tebboune a en ce sens estim\u00e9 que le r\u00f4le du Gouvernement \u00e0 travers le minist\u00e8re de l\u2019agriculture est l\u2019orientation et l\u2019organisation de l\u2019activit\u00e9 agricole alors que l\u2019investissement est l\u2019affaires des op\u00e9rateurs \u00e9conomiques, notamment priv\u00e9s.<\/p>\n\n\n\n<p>Sabrina Aziouez<\/p>\n","protected":false},"excerpt":{"rendered":"<p>Le troisi\u00e8me recensement g\u00e9n\u00e9ral de l\u2019agriculture sera lanc\u00e9 le 19 mai prochain et se poursuivra jusqu\u2019au 17 juillet. &nbsp;L\u2019op\u00e9ration permettra<\/p>\n","protected":false},"author":3,"featured_media":50973,"comment_status":"open","ping_status":"closed","sticky":false,"template":"","format":"standard","meta":{"colormag_page_container_layout":"default_layout","colormag_page_sidebar_layout":"default_layout","om_disable_all_campaigns":false,"_monsterinsights_skip_tracking":false,"_monsterinsights_sitenote_active":false,"_monsterinsights_sitenote_note":"","_monsterinsights_sitenote_category":0,"footnotes":"","_wpscppro_dont_share_socialmedia":false,"_wpscppro_custom_social_share_image":0,"_facebook_share_type":"","_twitter_share_type":"","_linkedin_share_type":"","_pinterest_share_type":"","_linkedin_share_type_page":"","_instagram_share_type":"","_medium_share_type":"","_threads_share_type":"","_google_business_share_type":"","_selected_social_profile":[],"_wpsp_enable_custom_social_template":false,"_wpsp_social_scheduling":{"enabled":false,"datetime":null,"platforms":[],"status":"template_only","dateOption":"today","timeOption":"now","customDays":"","customHours":"","customDate":"","customTime":"","schedulingType":"absolute"},"_wpsp_active_default_template":true},"categories":[52,29],"tags":[],"class_list":["post-50972","post","type-post","status-publish","format-standard","has-post-thumbnail","hentry","category-a-la-une","category-economie"],"aioseo_notices":[],"yoast_head":"<!-- This site is optimized with the Yoast SEO plugin v27.5 - https:\/\/yoast.com\/product\/yoast-seo-wordpress\/ -->\n<title>Fixer un cap pour la souverainet\u00e9 alimentaire - La Sentinelle<\/title>\n<meta name=\"robots\" content=\"index, follow, max-snippet:-1, max-image-preview:large, max-video-preview:-1\" \/>\n<link rel=\"canonical\" href=\"https:\/\/lasentinelle.dz\/index.php\/2024\/04\/03\/fixer-un-cap-pour-la-souverainete-alimentaire\/\" \/>\n<meta property=\"og:locale\" content=\"fr_FR\" \/>\n<meta property=\"og:type\" content=\"article\" \/>\n<meta property=\"og:title\" content=\"Fixer un cap pour la souverainet\u00e9 alimentaire - La Sentinelle\" \/>\n<meta property=\"og:description\" content=\"Le troisi\u00e8me recensement g\u00e9n\u00e9ral de l\u2019agriculture sera lanc\u00e9 le 19 mai prochain et se poursuivra jusqu\u2019au 17 juillet. &nbsp;L\u2019op\u00e9ration permettra\" \/>\n<meta property=\"og:url\" content=\"https:\/\/lasentinelle.dz\/index.php\/2024\/04\/03\/fixer-un-cap-pour-la-souverainete-alimentaire\/\" \/>\n<meta property=\"og:site_name\" content=\"La Sentinelle\" \/>\n<meta property=\"article:publisher\" content=\"https:\/\/www.facebook.com\/La-Sentinelle-104059864394773\" \/>\n<meta property=\"article:published_time\" content=\"2024-04-03T15:08:42+00:00\" \/>\n<meta property=\"article:modified_time\" content=\"2024-04-03T15:08:52+00:00\" \/>\n<meta property=\"og:image\" content=\"https:\/\/lasentinelle.dz\/wp-content\/uploads\/2024\/04\/agriculture2.webp\" \/>\n\t<meta property=\"og:image:width\" content=\"1280\" \/>\n\t<meta property=\"og:image:height\" content=\"853\" \/>\n\t<meta property=\"og:image:type\" content=\"image\/webp\" \/>\n<meta name=\"author\" content=\"La Sentinelle\" \/>\n<meta name=\"twitter:card\" content=\"summary_large_image\" \/>\n<meta name=\"twitter:label1\" content=\"\u00c9crit par\" \/>\n\t<meta name=\"twitter:data1\" content=\"La Sentinelle\" \/>\n\t<meta name=\"twitter:label2\" content=\"Dur\u00e9e de lecture estim\u00e9e\" \/>\n\t<meta name=\"twitter:data2\" content=\"5 minutes\" \/>\n<script type=\"application\/ld+json\" class=\"yoast-schema-graph\">{\"@context\":\"https:\\\/\\\/schema.org\",\"@graph\":[{\"@type\":\"Article\",\"@id\":\"https:\\\/\\\/lasentinelle.dz\\\/index.php\\\/2024\\\/04\\\/03\\\/fixer-un-cap-pour-la-souverainete-alimentaire\\\/#article\",\"isPartOf\":{\"@id\":\"https:\\\/\\\/lasentinelle.dz\\\/index.php\\\/2024\\\/04\\\/03\\\/fixer-un-cap-pour-la-souverainete-alimentaire\\\/\"},\"author\":{\"name\":\"La Sentinelle\",\"@id\":\"https:\\\/\\\/lasentinelle.dz\\\/#\\\/schema\\\/person\\\/d865044e22e70a75174ce8bcad3acfb3\"},\"headline\":\"Fixer un cap pour la souverainet\u00e9 alimentaire\",\"datePublished\":\"2024-04-03T15:08:42+00:00\",\"dateModified\":\"2024-04-03T15:08:52+00:00\",\"mainEntityOfPage\":{\"@id\":\"https:\\\/\\\/lasentinelle.dz\\\/index.php\\\/2024\\\/04\\\/03\\\/fixer-un-cap-pour-la-souverainete-alimentaire\\\/\"},\"wordCount\":1100,\"commentCount\":0,\"publisher\":{\"@id\":\"https:\\\/\\\/lasentinelle.dz\\\/#organization\"},\"image\":{\"@id\":\"https:\\\/\\\/lasentinelle.dz\\\/index.php\\\/2024\\\/04\\\/03\\\/fixer-un-cap-pour-la-souverainete-alimentaire\\\/#primaryimage\"},\"thumbnailUrl\":\"https:\\\/\\\/lasentinelle.dz\\\/wp-content\\\/uploads\\\/2024\\\/04\\\/agriculture2.webp\",\"articleSection\":[\"\u00c0 la Une\",\"\u00c9conomie\"],\"inLanguage\":\"fr-FR\",\"potentialAction\":[{\"@type\":\"CommentAction\",\"name\":\"Comment\",\"target\":[\"https:\\\/\\\/lasentinelle.dz\\\/index.php\\\/2024\\\/04\\\/03\\\/fixer-un-cap-pour-la-souverainete-alimentaire\\\/#respond\"]}]},{\"@type\":\"WebPage\",\"@id\":\"https:\\\/\\\/lasentinelle.dz\\\/index.php\\\/2024\\\/04\\\/03\\\/fixer-un-cap-pour-la-souverainete-alimentaire\\\/\",\"url\":\"https:\\\/\\\/lasentinelle.dz\\\/index.php\\\/2024\\\/04\\\/03\\\/fixer-un-cap-pour-la-souverainete-alimentaire\\\/\",\"name\":\"Fixer un cap pour la souverainet\u00e9 alimentaire - La Sentinelle\",\"isPartOf\":{\"@id\":\"https:\\\/\\\/lasentinelle.dz\\\/#website\"},\"primaryImageOfPage\":{\"@id\":\"https:\\\/\\\/lasentinelle.dz\\\/index.php\\\/2024\\\/04\\\/03\\\/fixer-un-cap-pour-la-souverainete-alimentaire\\\/#primaryimage\"},\"image\":{\"@id\":\"https:\\\/\\\/lasentinelle.dz\\\/index.php\\\/2024\\\/04\\\/03\\\/fixer-un-cap-pour-la-souverainete-alimentaire\\\/#primaryimage\"},\"thumbnailUrl\":\"https:\\\/\\\/lasentinelle.dz\\\/wp-content\\\/uploads\\\/2024\\\/04\\\/agriculture2.webp\",\"datePublished\":\"2024-04-03T15:08:42+00:00\",\"dateModified\":\"2024-04-03T15:08:52+00:00\",\"breadcrumb\":{\"@id\":\"https:\\\/\\\/lasentinelle.dz\\\/index.php\\\/2024\\\/04\\\/03\\\/fixer-un-cap-pour-la-souverainete-alimentaire\\\/#breadcrumb\"},\"inLanguage\":\"fr-FR\",\"potentialAction\":[{\"@type\":\"ReadAction\",\"target\":[\"https:\\\/\\\/lasentinelle.dz\\\/index.php\\\/2024\\\/04\\\/03\\\/fixer-un-cap-pour-la-souverainete-alimentaire\\\/\"]}]},{\"@type\":\"ImageObject\",\"inLanguage\":\"fr-FR\",\"@id\":\"https:\\\/\\\/lasentinelle.dz\\\/index.php\\\/2024\\\/04\\\/03\\\/fixer-un-cap-pour-la-souverainete-alimentaire\\\/#primaryimage\",\"url\":\"https:\\\/\\\/lasentinelle.dz\\\/wp-content\\\/uploads\\\/2024\\\/04\\\/agriculture2.webp\",\"contentUrl\":\"https:\\\/\\\/lasentinelle.dz\\\/wp-content\\\/uploads\\\/2024\\\/04\\\/agriculture2.webp\",\"width\":1280,\"height\":853},{\"@type\":\"BreadcrumbList\",\"@id\":\"https:\\\/\\\/lasentinelle.dz\\\/index.php\\\/2024\\\/04\\\/03\\\/fixer-un-cap-pour-la-souverainete-alimentaire\\\/#breadcrumb\",\"itemListElement\":[{\"@type\":\"ListItem\",\"position\":1,\"name\":\"Accueil\",\"item\":\"https:\\\/\\\/lasentinelle.dz\\\/\"},{\"@type\":\"ListItem\",\"position\":2,\"name\":\"Fixer un cap pour la souverainet\u00e9 alimentaire\"}]},{\"@type\":\"WebSite\",\"@id\":\"https:\\\/\\\/lasentinelle.dz\\\/#website\",\"url\":\"https:\\\/\\\/lasentinelle.dz\\\/\",\"name\":\"La Sentinelle\",\"description\":\"Quotidien national d&#039;information\",\"publisher\":{\"@id\":\"https:\\\/\\\/lasentinelle.dz\\\/#organization\"},\"potentialAction\":[{\"@type\":\"SearchAction\",\"target\":{\"@type\":\"EntryPoint\",\"urlTemplate\":\"https:\\\/\\\/lasentinelle.dz\\\/?s={search_term_string}\"},\"query-input\":{\"@type\":\"PropertyValueSpecification\",\"valueRequired\":true,\"valueName\":\"search_term_string\"}}],\"inLanguage\":\"fr-FR\"},{\"@type\":\"Organization\",\"@id\":\"https:\\\/\\\/lasentinelle.dz\\\/#organization\",\"name\":\"Quotidien La Sentinelle\",\"url\":\"https:\\\/\\\/lasentinelle.dz\\\/\",\"logo\":{\"@type\":\"ImageObject\",\"inLanguage\":\"fr-FR\",\"@id\":\"https:\\\/\\\/lasentinelle.dz\\\/#\\\/schema\\\/logo\\\/image\\\/\",\"url\":\"https:\\\/\\\/lasentinelle.dz\\\/wp-content\\\/uploads\\\/2021\\\/09\\\/logo-sentinelleSLOGAN-1.png\",\"contentUrl\":\"https:\\\/\\\/lasentinelle.dz\\\/wp-content\\\/uploads\\\/2021\\\/09\\\/logo-sentinelleSLOGAN-1.png\",\"width\":615,\"height\":142,\"caption\":\"Quotidien La Sentinelle\"},\"image\":{\"@id\":\"https:\\\/\\\/lasentinelle.dz\\\/#\\\/schema\\\/logo\\\/image\\\/\"},\"sameAs\":[\"https:\\\/\\\/www.facebook.com\\\/La-Sentinelle-104059864394773\"]},{\"@type\":\"Person\",\"@id\":\"https:\\\/\\\/lasentinelle.dz\\\/#\\\/schema\\\/person\\\/d865044e22e70a75174ce8bcad3acfb3\",\"name\":\"La Sentinelle\",\"image\":{\"@type\":\"ImageObject\",\"inLanguage\":\"fr-FR\",\"@id\":\"https:\\\/\\\/secure.gravatar.com\\\/avatar\\\/57de8e5d4b15d43fb361a71fbb36338450fe67865b528a43dd10ef7c51a20392?s=96&d=mm&r=g\",\"url\":\"https:\\\/\\\/secure.gravatar.com\\\/avatar\\\/57de8e5d4b15d43fb361a71fbb36338450fe67865b528a43dd10ef7c51a20392?s=96&d=mm&r=g\",\"contentUrl\":\"https:\\\/\\\/secure.gravatar.com\\\/avatar\\\/57de8e5d4b15d43fb361a71fbb36338450fe67865b528a43dd10ef7c51a20392?s=96&d=mm&r=g\",\"caption\":\"La Sentinelle\"},\"sameAs\":[\"http:\\\/\\\/www.lasentinelle.dz\"],\"url\":\"https:\\\/\\\/lasentinelle.dz\\\/author\\\/redaction\\\/\"}]}<\/script>\n<!-- \/ Yoast SEO plugin. -->","yoast_head_json":{"title":"Fixer un cap pour la souverainet\u00e9 alimentaire - La Sentinelle","robots":{"index":"index","follow":"follow","max-snippet":"max-snippet:-1","max-image-preview":"max-image-preview:large","max-video-preview":"max-video-preview:-1"},"canonical":"https:\/\/lasentinelle.dz\/index.php\/2024\/04\/03\/fixer-un-cap-pour-la-souverainete-alimentaire\/","og_locale":"fr_FR","og_type":"article","og_title":"Fixer un cap pour la souverainet\u00e9 alimentaire - La Sentinelle","og_description":"Le troisi\u00e8me recensement g\u00e9n\u00e9ral de l\u2019agriculture sera lanc\u00e9 le 19 mai prochain et se poursuivra jusqu\u2019au 17 juillet. &nbsp;L\u2019op\u00e9ration permettra","og_url":"https:\/\/lasentinelle.dz\/index.php\/2024\/04\/03\/fixer-un-cap-pour-la-souverainete-alimentaire\/","og_site_name":"La Sentinelle","article_publisher":"https:\/\/www.facebook.com\/La-Sentinelle-104059864394773","article_published_time":"2024-04-03T15:08:42+00:00","article_modified_time":"2024-04-03T15:08:52+00:00","og_image":[{"width":1280,"height":853,"url":"https:\/\/lasentinelle.dz\/wp-content\/uploads\/2024\/04\/agriculture2.webp","type":"image\/webp"}],"author":"La Sentinelle","twitter_card":"summary_large_image","twitter_misc":{"\u00c9crit par":"La Sentinelle","Dur\u00e9e de lecture estim\u00e9e":"5 minutes"},"schema":{"@context":"https:\/\/schema.org","@graph":[{"@type":"Article","@id":"https:\/\/lasentinelle.dz\/index.php\/2024\/04\/03\/fixer-un-cap-pour-la-souverainete-alimentaire\/#article","isPartOf":{"@id":"https:\/\/lasentinelle.dz\/index.php\/2024\/04\/03\/fixer-un-cap-pour-la-souverainete-alimentaire\/"},"author":{"name":"La Sentinelle","@id":"https:\/\/lasentinelle.dz\/#\/schema\/person\/d865044e22e70a75174ce8bcad3acfb3"},"headline":"Fixer un cap pour la souverainet\u00e9 alimentaire","datePublished":"2024-04-03T15:08:42+00:00","dateModified":"2024-04-03T15:08:52+00:00","mainEntityOfPage":{"@id":"https:\/\/lasentinelle.dz\/index.php\/2024\/04\/03\/fixer-un-cap-pour-la-souverainete-alimentaire\/"},"wordCount":1100,"commentCount":0,"publisher":{"@id":"https:\/\/lasentinelle.dz\/#organization"},"image":{"@id":"https:\/\/lasentinelle.dz\/index.php\/2024\/04\/03\/fixer-un-cap-pour-la-souverainete-alimentaire\/#primaryimage"},"thumbnailUrl":"https:\/\/lasentinelle.dz\/wp-content\/uploads\/2024\/04\/agriculture2.webp","articleSection":["\u00c0 la Une","\u00c9conomie"],"inLanguage":"fr-FR","potentialAction":[{"@type":"CommentAction","name":"Comment","target":["https:\/\/lasentinelle.dz\/index.php\/2024\/04\/03\/fixer-un-cap-pour-la-souverainete-alimentaire\/#respond"]}]},{"@type":"WebPage","@id":"https:\/\/lasentinelle.dz\/index.php\/2024\/04\/03\/fixer-un-cap-pour-la-souverainete-alimentaire\/","url":"https:\/\/lasentinelle.dz\/index.php\/2024\/04\/03\/fixer-un-cap-pour-la-souverainete-alimentaire\/","name":"Fixer un cap pour la souverainet\u00e9 alimentaire - La Sentinelle","isPartOf":{"@id":"https:\/\/lasentinelle.dz\/#website"},"primaryImageOfPage":{"@id":"https:\/\/lasentinelle.dz\/index.php\/2024\/04\/03\/fixer-un-cap-pour-la-souverainete-alimentaire\/#primaryimage"},"image":{"@id":"https:\/\/lasentinelle.dz\/index.php\/2024\/04\/03\/fixer-un-cap-pour-la-souverainete-alimentaire\/#primaryimage"},"thumbnailUrl":"https:\/\/lasentinelle.dz\/wp-content\/uploads\/2024\/04\/agriculture2.webp","datePublished":"2024-04-03T15:08:42+00:00","dateModified":"2024-04-03T15:08:52+00:00","breadcrumb":{"@id":"https:\/\/lasentinelle.dz\/index.php\/2024\/04\/03\/fixer-un-cap-pour-la-souverainete-alimentaire\/#breadcrumb"},"inLanguage":"fr-FR","potentialAction":[{"@type":"ReadAction","target":["https:\/\/lasentinelle.dz\/index.php\/2024\/04\/03\/fixer-un-cap-pour-la-souverainete-alimentaire\/"]}]},{"@type":"ImageObject","inLanguage":"fr-FR","@id":"https:\/\/lasentinelle.dz\/index.php\/2024\/04\/03\/fixer-un-cap-pour-la-souverainete-alimentaire\/#primaryimage","url":"https:\/\/lasentinelle.dz\/wp-content\/uploads\/2024\/04\/agriculture2.webp","contentUrl":"https:\/\/lasentinelle.dz\/wp-content\/uploads\/2024\/04\/agriculture2.webp","width":1280,"height":853},{"@type":"BreadcrumbList","@id":"https:\/\/lasentinelle.dz\/index.php\/2024\/04\/03\/fixer-un-cap-pour-la-souverainete-alimentaire\/#breadcrumb","itemListElement":[{"@type":"ListItem","position":1,"name":"Accueil","item":"https:\/\/lasentinelle.dz\/"},{"@type":"ListItem","position":2,"name":"Fixer un cap pour la souverainet\u00e9 alimentaire"}]},{"@type":"WebSite","@id":"https:\/\/lasentinelle.dz\/#website","url":"https:\/\/lasentinelle.dz\/","name":"La Sentinelle","description":"Quotidien national d&#039;information","publisher":{"@id":"https:\/\/lasentinelle.dz\/#organization"},"potentialAction":[{"@type":"SearchAction","target":{"@type":"EntryPoint","urlTemplate":"https:\/\/lasentinelle.dz\/?s={search_term_string}"},"query-input":{"@type":"PropertyValueSpecification","valueRequired":true,"valueName":"search_term_string"}}],"inLanguage":"fr-FR"},{"@type":"Organization","@id":"https:\/\/lasentinelle.dz\/#organization","name":"Quotidien La Sentinelle","url":"https:\/\/lasentinelle.dz\/","logo":{"@type":"ImageObject","inLanguage":"fr-FR","@id":"https:\/\/lasentinelle.dz\/#\/schema\/logo\/image\/","url":"https:\/\/lasentinelle.dz\/wp-content\/uploads\/2021\/09\/logo-sentinelleSLOGAN-1.png","contentUrl":"https:\/\/lasentinelle.dz\/wp-content\/uploads\/2021\/09\/logo-sentinelleSLOGAN-1.png","width":615,"height":142,"caption":"Quotidien La Sentinelle"},"image":{"@id":"https:\/\/lasentinelle.dz\/#\/schema\/logo\/image\/"},"sameAs":["https:\/\/www.facebook.com\/La-Sentinelle-104059864394773"]},{"@type":"Person","@id":"https:\/\/lasentinelle.dz\/#\/schema\/person\/d865044e22e70a75174ce8bcad3acfb3","name":"La Sentinelle","image":{"@type":"ImageObject","inLanguage":"fr-FR","@id":"https:\/\/secure.gravatar.com\/avatar\/57de8e5d4b15d43fb361a71fbb36338450fe67865b528a43dd10ef7c51a20392?s=96&d=mm&r=g","url":"https:\/\/secure.gravatar.com\/avatar\/57de8e5d4b15d43fb361a71fbb36338450fe67865b528a43dd10ef7c51a20392?s=96&d=mm&r=g","contentUrl":"https:\/\/secure.gravatar.com\/avatar\/57de8e5d4b15d43fb361a71fbb36338450fe67865b528a43dd10ef7c51a20392?s=96&d=mm&r=g","caption":"La Sentinelle"},"sameAs":["http:\/\/www.lasentinelle.dz"],"url":"https:\/\/lasentinelle.dz\/author\/redaction\/"}]}},"_links":{"self":[{"href":"https:\/\/lasentinelle.dz\/index.php\/wp-json\/wp\/v2\/posts\/50972","targetHints":{"allow":["GET"]}}],"collection":[{"href":"https:\/\/lasentinelle.dz\/index.php\/wp-json\/wp\/v2\/posts"}],"about":[{"href":"https:\/\/lasentinelle.dz\/index.php\/wp-json\/wp\/v2\/types\/post"}],"author":[{"embeddable":true,"href":"https:\/\/lasentinelle.dz\/index.php\/wp-json\/wp\/v2\/users\/3"}],"replies":[{"embeddable":true,"href":"https:\/\/lasentinelle.dz\/index.php\/wp-json\/wp\/v2\/comments?post=50972"}],"version-history":[{"count":1,"href":"https:\/\/lasentinelle.dz\/index.php\/wp-json\/wp\/v2\/posts\/50972\/revisions"}],"predecessor-version":[{"id":50974,"href":"https:\/\/lasentinelle.dz\/index.php\/wp-json\/wp\/v2\/posts\/50972\/revisions\/50974"}],"wp:featuredmedia":[{"embeddable":true,"href":"https:\/\/lasentinelle.dz\/index.php\/wp-json\/wp\/v2\/media\/50973"}],"wp:attachment":[{"href":"https:\/\/lasentinelle.dz\/index.php\/wp-json\/wp\/v2\/media?parent=50972"}],"wp:term":[{"taxonomy":"category","embeddable":true,"href":"https:\/\/lasentinelle.dz\/index.php\/wp-json\/wp\/v2\/categories?post=50972"},{"taxonomy":"post_tag","embeddable":true,"href":"https:\/\/lasentinelle.dz\/index.php\/wp-json\/wp\/v2\/tags?post=50972"}],"curies":[{"name":"wp","href":"https:\/\/api.w.org\/{rel}","templated":true}]}}