{"id":51006,"date":"2024-04-04T12:39:00","date_gmt":"2024-04-04T11:39:00","guid":{"rendered":"https:\/\/lasentinelle.dz\/?p=51006"},"modified":"2024-04-06T12:41:19","modified_gmt":"2024-04-06T11:41:19","slug":"nouveau-statut-et-regime-indemnitaire-des-hospitalo-universitaires-le-snechu-salut-des-acquis-importants","status":"publish","type":"post","link":"https:\/\/lasentinelle.dz\/index.php\/2024\/04\/04\/nouveau-statut-et-regime-indemnitaire-des-hospitalo-universitaires-le-snechu-salut-des-acquis-importants\/","title":{"rendered":"Nouveau statut et r\u00e9gime indemnitaire des hospitalo-universitaires\u00a0: Le Snechu salut des \u00ab\u00a0acquis importants\u00a0\u00bb"},"content":{"rendered":"\n<p>Le pr\u00e9sident du Syndicat national des enseignants chercheurs hospitalo-universitaires (SNECHU), Pr Rachid Belhadj, a indiqu\u00e9 hier en marge de l\u2019Assembl\u00e9e g\u00e9n\u00e9rale ordinaire du syndicat tenue au CHU Mustapha Bacha que le nouveau statut particulier des enseignants chercheurs hospitalo-universitaires comporte des \u00ab\u00a0acquis importants\u00a0\u00bb, dont la reconnaissance de la fonction p\u00e9dagogique de ces derniers. Tout en remerciant le pr\u00e9sident de la R\u00e9publique, M. Abdelmadjid Tebboune, pour avoir \u00ab\u00a0concr\u00e9tis\u00e9 son engagement\u00a0\u00bb de satisfaire les revendications des professionnels de la sant\u00e9, il a cit\u00e9, entre autres acquis, la reconnaissance de la fonction p\u00e9dagogique de l&rsquo;enseignant hospitalo-universitaire. Autre avanc\u00e9e pour cette cat\u00e9gorie de praticiens de la sant\u00e9, la cr\u00e9ation du nouveau poste de coordinateur p\u00e9dagogique relevant de l&rsquo;Enseignement sup\u00e9rieur et de la Recherche scientifique, qui s&rsquo;ajoute aux postes de chefs de service et d&rsquo;unit\u00e9 d\u00e9pendant du secteur de la Sant\u00e9, a-t-il r\u00e9v\u00e9l\u00e9. Il a fait savoir qu&rsquo;en parall\u00e8le \u00e0 la publication dudit statut particulier, le nouveau r\u00e9gime indemnitaire des enseignants universitaires a \u00e9t\u00e9 rendu public, alors que d&rsquo;habitude, cela se fait avec un intervalle de deux ans entre les 2 textes. Le Pr Belhadj s&rsquo;est, en outre, f\u00e9licit\u00e9 que l&rsquo;activit\u00e9 de jumelage pratiqu\u00e9e par les praticiens \u00e0 l&rsquo;int\u00e9rieur du pays, ainsi que celle de la t\u00e9l\u00e9-medecine soient d\u00e9sormais \u00ab\u00a0plus organis\u00e9es et ob\u00e9issant \u00e0 de nouveaux m\u00e9canismes\u00a0\u00bb. Il en est de m\u00eame pour l&rsquo;octroi des bourses et la prise en compte de la totalit\u00e9 de l&rsquo;exp\u00e9rience professionnelle du maitre-assistant qui rejoint la famille universitaire, et dont la moiti\u00e9 seulement \u00e9tait comptabilis\u00e9e dans l&rsquo;ancien statut, a-t-il poursuivi. Le pr\u00e9sident du SNECHU a indiqu\u00e9, enfin, que des Assembl\u00e9es g\u00e9n\u00e9rales similaires \u00e0 celle d&rsquo;aujourd&rsquo;hui se tiendront dans des \u00e9tablissements hospitaliers du territoire national afin d&rsquo;informer le corps hospitalo-universitaire m\u00e9dical des nouveaut\u00e9s contenues dans le statut particulier r\u00e9gissant l&rsquo;\u00e9volution de leur carri\u00e8re.<\/p>\n\n\n\n<p>R.N.<\/p>\n","protected":false},"excerpt":{"rendered":"<p>Le pr\u00e9sident du Syndicat national des enseignants chercheurs hospitalo-universitaires (SNECHU), Pr Rachid Belhadj, a indiqu\u00e9 hier en marge de l\u2019Assembl\u00e9e<\/p>\n","protected":false},"author":3,"featured_media":16747,"comment_status":"open","ping_status":"closed","sticky":false,"template":"","format":"standard","meta":{"colormag_page_container_layout":"default_layout","colormag_page_sidebar_layout":"default_layout","om_disable_all_campaigns":false,"_monsterinsights_skip_tracking":false,"_monsterinsights_sitenote_active":false,"_monsterinsights_sitenote_note":"","_monsterinsights_sitenote_category":0,"footnotes":"","_wpscppro_dont_share_socialmedia":false,"_wpscppro_custom_social_share_image":0,"_facebook_share_type":"","_twitter_share_type":"","_linkedin_share_type":"","_pinterest_share_type":"","_linkedin_share_type_page":"","_instagram_share_type":"","_medium_share_type":"","_threads_share_type":"","_google_business_share_type":"","_selected_social_profile":[],"_wpsp_enable_custom_social_template":false,"_wpsp_social_scheduling":{"enabled":false,"datetime":null,"platforms":[],"status":"template_only","dateOption":"today","timeOption":"now","customDays":"","customHours":"","customDate":"","customTime":"","schedulingType":"absolute"},"_wpsp_active_default_template":true},"categories":[27],"tags":[],"class_list":["post-51006","post","type-post","status-publish","format-standard","has-post-thumbnail","hentry","category-actualite"],"aioseo_notices":[],"yoast_head":"<!-- This site is optimized with the Yoast SEO plugin v27.5 - https:\/\/yoast.com\/product\/yoast-seo-wordpress\/ -->\n<title>Nouveau statut et r\u00e9gime indemnitaire des hospitalo-universitaires\u00a0: Le Snechu salut des \u00ab\u00a0acquis importants\u00a0\u00bb - La Sentinelle<\/title>\n<meta name=\"robots\" content=\"index, follow, max-snippet:-1, max-image-preview:large, max-video-preview:-1\" \/>\n<link rel=\"canonical\" href=\"https:\/\/lasentinelle.dz\/index.php\/2024\/04\/04\/nouveau-statut-et-regime-indemnitaire-des-hospitalo-universitaires-le-snechu-salut-des-acquis-importants\/\" \/>\n<meta property=\"og:locale\" content=\"fr_FR\" \/>\n<meta property=\"og:type\" content=\"article\" \/>\n<meta property=\"og:title\" content=\"Nouveau statut et r\u00e9gime indemnitaire des hospitalo-universitaires\u00a0: Le Snechu salut des \u00ab\u00a0acquis importants\u00a0\u00bb - La Sentinelle\" \/>\n<meta property=\"og:description\" content=\"Le pr\u00e9sident du Syndicat national des enseignants chercheurs hospitalo-universitaires (SNECHU), Pr Rachid Belhadj, a indiqu\u00e9 hier en marge de l\u2019Assembl\u00e9e\" \/>\n<meta property=\"og:url\" content=\"https:\/\/lasentinelle.dz\/index.php\/2024\/04\/04\/nouveau-statut-et-regime-indemnitaire-des-hospitalo-universitaires-le-snechu-salut-des-acquis-importants\/\" \/>\n<meta property=\"og:site_name\" content=\"La Sentinelle\" \/>\n<meta property=\"article:publisher\" content=\"https:\/\/www.facebook.com\/La-Sentinelle-104059864394773\" \/>\n<meta property=\"article:published_time\" content=\"2024-04-04T11:39:00+00:00\" \/>\n<meta property=\"article:modified_time\" content=\"2024-04-06T11:41:19+00:00\" \/>\n<meta property=\"og:image\" content=\"https:\/\/lasentinelle.dz\/wp-content\/uploads\/2022\/02\/Rachid-Belhadj.jpg\" \/>\n\t<meta property=\"og:image:width\" content=\"571\" \/>\n\t<meta property=\"og:image:height\" content=\"370\" \/>\n\t<meta property=\"og:image:type\" content=\"image\/jpeg\" \/>\n<meta name=\"author\" content=\"La Sentinelle\" \/>\n<meta name=\"twitter:card\" content=\"summary_large_image\" \/>\n<meta name=\"twitter:label1\" content=\"\u00c9crit par\" \/>\n\t<meta name=\"twitter:data1\" content=\"La Sentinelle\" \/>\n\t<meta name=\"twitter:label2\" content=\"Dur\u00e9e de lecture estim\u00e9e\" \/>\n\t<meta name=\"twitter:data2\" content=\"2 minutes\" \/>\n<script type=\"application\/ld+json\" class=\"yoast-schema-graph\">{\"@context\":\"https:\\\/\\\/schema.org\",\"@graph\":[{\"@type\":\"Article\",\"@id\":\"https:\\\/\\\/lasentinelle.dz\\\/index.php\\\/2024\\\/04\\\/04\\\/nouveau-statut-et-regime-indemnitaire-des-hospitalo-universitaires-le-snechu-salut-des-acquis-importants\\\/#article\",\"isPartOf\":{\"@id\":\"https:\\\/\\\/lasentinelle.dz\\\/index.php\\\/2024\\\/04\\\/04\\\/nouveau-statut-et-regime-indemnitaire-des-hospitalo-universitaires-le-snechu-salut-des-acquis-importants\\\/\"},\"author\":{\"name\":\"La Sentinelle\",\"@id\":\"https:\\\/\\\/lasentinelle.dz\\\/#\\\/schema\\\/person\\\/d865044e22e70a75174ce8bcad3acfb3\"},\"headline\":\"Nouveau statut et r\u00e9gime indemnitaire des hospitalo-universitaires\u00a0: Le Snechu salut des \u00ab\u00a0acquis importants\u00a0\u00bb\",\"datePublished\":\"2024-04-04T11:39:00+00:00\",\"dateModified\":\"2024-04-06T11:41:19+00:00\",\"mainEntityOfPage\":{\"@id\":\"https:\\\/\\\/lasentinelle.dz\\\/index.php\\\/2024\\\/04\\\/04\\\/nouveau-statut-et-regime-indemnitaire-des-hospitalo-universitaires-le-snechu-salut-des-acquis-importants\\\/\"},\"wordCount\":359,\"commentCount\":0,\"publisher\":{\"@id\":\"https:\\\/\\\/lasentinelle.dz\\\/#organization\"},\"image\":{\"@id\":\"https:\\\/\\\/lasentinelle.dz\\\/index.php\\\/2024\\\/04\\\/04\\\/nouveau-statut-et-regime-indemnitaire-des-hospitalo-universitaires-le-snechu-salut-des-acquis-importants\\\/#primaryimage\"},\"thumbnailUrl\":\"https:\\\/\\\/lasentinelle.dz\\\/wp-content\\\/uploads\\\/2022\\\/02\\\/Rachid-Belhadj.jpg\",\"articleSection\":[\"Actualit\u00e9\"],\"inLanguage\":\"fr-FR\",\"potentialAction\":[{\"@type\":\"CommentAction\",\"name\":\"Comment\",\"target\":[\"https:\\\/\\\/lasentinelle.dz\\\/index.php\\\/2024\\\/04\\\/04\\\/nouveau-statut-et-regime-indemnitaire-des-hospitalo-universitaires-le-snechu-salut-des-acquis-importants\\\/#respond\"]}]},{\"@type\":\"WebPage\",\"@id\":\"https:\\\/\\\/lasentinelle.dz\\\/index.php\\\/2024\\\/04\\\/04\\\/nouveau-statut-et-regime-indemnitaire-des-hospitalo-universitaires-le-snechu-salut-des-acquis-importants\\\/\",\"url\":\"https:\\\/\\\/lasentinelle.dz\\\/index.php\\\/2024\\\/04\\\/04\\\/nouveau-statut-et-regime-indemnitaire-des-hospitalo-universitaires-le-snechu-salut-des-acquis-importants\\\/\",\"name\":\"Nouveau statut et r\u00e9gime indemnitaire des hospitalo-universitaires\u00a0: Le Snechu salut des \u00ab\u00a0acquis importants\u00a0\u00bb - La Sentinelle\",\"isPartOf\":{\"@id\":\"https:\\\/\\\/lasentinelle.dz\\\/#website\"},\"primaryImageOfPage\":{\"@id\":\"https:\\\/\\\/lasentinelle.dz\\\/index.php\\\/2024\\\/04\\\/04\\\/nouveau-statut-et-regime-indemnitaire-des-hospitalo-universitaires-le-snechu-salut-des-acquis-importants\\\/#primaryimage\"},\"image\":{\"@id\":\"https:\\\/\\\/lasentinelle.dz\\\/index.php\\\/2024\\\/04\\\/04\\\/nouveau-statut-et-regime-indemnitaire-des-hospitalo-universitaires-le-snechu-salut-des-acquis-importants\\\/#primaryimage\"},\"thumbnailUrl\":\"https:\\\/\\\/lasentinelle.dz\\\/wp-content\\\/uploads\\\/2022\\\/02\\\/Rachid-Belhadj.jpg\",\"datePublished\":\"2024-04-04T11:39:00+00:00\",\"dateModified\":\"2024-04-06T11:41:19+00:00\",\"breadcrumb\":{\"@id\":\"https:\\\/\\\/lasentinelle.dz\\\/index.php\\\/2024\\\/04\\\/04\\\/nouveau-statut-et-regime-indemnitaire-des-hospitalo-universitaires-le-snechu-salut-des-acquis-importants\\\/#breadcrumb\"},\"inLanguage\":\"fr-FR\",\"potentialAction\":[{\"@type\":\"ReadAction\",\"target\":[\"https:\\\/\\\/lasentinelle.dz\\\/index.php\\\/2024\\\/04\\\/04\\\/nouveau-statut-et-regime-indemnitaire-des-hospitalo-universitaires-le-snechu-salut-des-acquis-importants\\\/\"]}]},{\"@type\":\"ImageObject\",\"inLanguage\":\"fr-FR\",\"@id\":\"https:\\\/\\\/lasentinelle.dz\\\/index.php\\\/2024\\\/04\\\/04\\\/nouveau-statut-et-regime-indemnitaire-des-hospitalo-universitaires-le-snechu-salut-des-acquis-importants\\\/#primaryimage\",\"url\":\"https:\\\/\\\/lasentinelle.dz\\\/wp-content\\\/uploads\\\/2022\\\/02\\\/Rachid-Belhadj.jpg\",\"contentUrl\":\"https:\\\/\\\/lasentinelle.dz\\\/wp-content\\\/uploads\\\/2022\\\/02\\\/Rachid-Belhadj.jpg\",\"width\":571,\"height\":370},{\"@type\":\"BreadcrumbList\",\"@id\":\"https:\\\/\\\/lasentinelle.dz\\\/index.php\\\/2024\\\/04\\\/04\\\/nouveau-statut-et-regime-indemnitaire-des-hospitalo-universitaires-le-snechu-salut-des-acquis-importants\\\/#breadcrumb\",\"itemListElement\":[{\"@type\":\"ListItem\",\"position\":1,\"name\":\"Accueil\",\"item\":\"https:\\\/\\\/lasentinelle.dz\\\/\"},{\"@type\":\"ListItem\",\"position\":2,\"name\":\"Nouveau statut et r\u00e9gime indemnitaire des hospitalo-universitaires\u00a0: Le Snechu salut des \u00ab\u00a0acquis importants\u00a0\u00bb\"}]},{\"@type\":\"WebSite\",\"@id\":\"https:\\\/\\\/lasentinelle.dz\\\/#website\",\"url\":\"https:\\\/\\\/lasentinelle.dz\\\/\",\"name\":\"La Sentinelle\",\"description\":\"Quotidien national d&#039;information\",\"publisher\":{\"@id\":\"https:\\\/\\\/lasentinelle.dz\\\/#organization\"},\"potentialAction\":[{\"@type\":\"SearchAction\",\"target\":{\"@type\":\"EntryPoint\",\"urlTemplate\":\"https:\\\/\\\/lasentinelle.dz\\\/?s={search_term_string}\"},\"query-input\":{\"@type\":\"PropertyValueSpecification\",\"valueRequired\":true,\"valueName\":\"search_term_string\"}}],\"inLanguage\":\"fr-FR\"},{\"@type\":\"Organization\",\"@id\":\"https:\\\/\\\/lasentinelle.dz\\\/#organization\",\"name\":\"Quotidien La Sentinelle\",\"url\":\"https:\\\/\\\/lasentinelle.dz\\\/\",\"logo\":{\"@type\":\"ImageObject\",\"inLanguage\":\"fr-FR\",\"@id\":\"https:\\\/\\\/lasentinelle.dz\\\/#\\\/schema\\\/logo\\\/image\\\/\",\"url\":\"https:\\\/\\\/lasentinelle.dz\\\/wp-content\\\/uploads\\\/2021\\\/09\\\/logo-sentinelleSLOGAN-1.png\",\"contentUrl\":\"https:\\\/\\\/lasentinelle.dz\\\/wp-content\\\/uploads\\\/2021\\\/09\\\/logo-sentinelleSLOGAN-1.png\",\"width\":615,\"height\":142,\"caption\":\"Quotidien La Sentinelle\"},\"image\":{\"@id\":\"https:\\\/\\\/lasentinelle.dz\\\/#\\\/schema\\\/logo\\\/image\\\/\"},\"sameAs\":[\"https:\\\/\\\/www.facebook.com\\\/La-Sentinelle-104059864394773\"]},{\"@type\":\"Person\",\"@id\":\"https:\\\/\\\/lasentinelle.dz\\\/#\\\/schema\\\/person\\\/d865044e22e70a75174ce8bcad3acfb3\",\"name\":\"La Sentinelle\",\"image\":{\"@type\":\"ImageObject\",\"inLanguage\":\"fr-FR\",\"@id\":\"https:\\\/\\\/secure.gravatar.com\\\/avatar\\\/57de8e5d4b15d43fb361a71fbb36338450fe67865b528a43dd10ef7c51a20392?s=96&d=mm&r=g\",\"url\":\"https:\\\/\\\/secure.gravatar.com\\\/avatar\\\/57de8e5d4b15d43fb361a71fbb36338450fe67865b528a43dd10ef7c51a20392?s=96&d=mm&r=g\",\"contentUrl\":\"https:\\\/\\\/secure.gravatar.com\\\/avatar\\\/57de8e5d4b15d43fb361a71fbb36338450fe67865b528a43dd10ef7c51a20392?s=96&d=mm&r=g\",\"caption\":\"La Sentinelle\"},\"sameAs\":[\"http:\\\/\\\/www.lasentinelle.dz\"],\"url\":\"https:\\\/\\\/lasentinelle.dz\\\/author\\\/redaction\\\/\"}]}<\/script>\n<!-- \/ Yoast SEO plugin. -->","yoast_head_json":{"title":"Nouveau statut et r\u00e9gime indemnitaire des hospitalo-universitaires\u00a0: Le Snechu salut des \u00ab\u00a0acquis importants\u00a0\u00bb - La Sentinelle","robots":{"index":"index","follow":"follow","max-snippet":"max-snippet:-1","max-image-preview":"max-image-preview:large","max-video-preview":"max-video-preview:-1"},"canonical":"https:\/\/lasentinelle.dz\/index.php\/2024\/04\/04\/nouveau-statut-et-regime-indemnitaire-des-hospitalo-universitaires-le-snechu-salut-des-acquis-importants\/","og_locale":"fr_FR","og_type":"article","og_title":"Nouveau statut et r\u00e9gime indemnitaire des hospitalo-universitaires\u00a0: Le Snechu salut des \u00ab\u00a0acquis importants\u00a0\u00bb - La Sentinelle","og_description":"Le pr\u00e9sident du Syndicat national des enseignants chercheurs hospitalo-universitaires (SNECHU), Pr Rachid Belhadj, a indiqu\u00e9 hier en marge de l\u2019Assembl\u00e9e","og_url":"https:\/\/lasentinelle.dz\/index.php\/2024\/04\/04\/nouveau-statut-et-regime-indemnitaire-des-hospitalo-universitaires-le-snechu-salut-des-acquis-importants\/","og_site_name":"La Sentinelle","article_publisher":"https:\/\/www.facebook.com\/La-Sentinelle-104059864394773","article_published_time":"2024-04-04T11:39:00+00:00","article_modified_time":"2024-04-06T11:41:19+00:00","og_image":[{"width":571,"height":370,"url":"https:\/\/lasentinelle.dz\/wp-content\/uploads\/2022\/02\/Rachid-Belhadj.jpg","type":"image\/jpeg"}],"author":"La Sentinelle","twitter_card":"summary_large_image","twitter_misc":{"\u00c9crit par":"La Sentinelle","Dur\u00e9e de lecture estim\u00e9e":"2 minutes"},"schema":{"@context":"https:\/\/schema.org","@graph":[{"@type":"Article","@id":"https:\/\/lasentinelle.dz\/index.php\/2024\/04\/04\/nouveau-statut-et-regime-indemnitaire-des-hospitalo-universitaires-le-snechu-salut-des-acquis-importants\/#article","isPartOf":{"@id":"https:\/\/lasentinelle.dz\/index.php\/2024\/04\/04\/nouveau-statut-et-regime-indemnitaire-des-hospitalo-universitaires-le-snechu-salut-des-acquis-importants\/"},"author":{"name":"La Sentinelle","@id":"https:\/\/lasentinelle.dz\/#\/schema\/person\/d865044e22e70a75174ce8bcad3acfb3"},"headline":"Nouveau statut et r\u00e9gime indemnitaire des hospitalo-universitaires\u00a0: Le Snechu salut des \u00ab\u00a0acquis importants\u00a0\u00bb","datePublished":"2024-04-04T11:39:00+00:00","dateModified":"2024-04-06T11:41:19+00:00","mainEntityOfPage":{"@id":"https:\/\/lasentinelle.dz\/index.php\/2024\/04\/04\/nouveau-statut-et-regime-indemnitaire-des-hospitalo-universitaires-le-snechu-salut-des-acquis-importants\/"},"wordCount":359,"commentCount":0,"publisher":{"@id":"https:\/\/lasentinelle.dz\/#organization"},"image":{"@id":"https:\/\/lasentinelle.dz\/index.php\/2024\/04\/04\/nouveau-statut-et-regime-indemnitaire-des-hospitalo-universitaires-le-snechu-salut-des-acquis-importants\/#primaryimage"},"thumbnailUrl":"https:\/\/lasentinelle.dz\/wp-content\/uploads\/2022\/02\/Rachid-Belhadj.jpg","articleSection":["Actualit\u00e9"],"inLanguage":"fr-FR","potentialAction":[{"@type":"CommentAction","name":"Comment","target":["https:\/\/lasentinelle.dz\/index.php\/2024\/04\/04\/nouveau-statut-et-regime-indemnitaire-des-hospitalo-universitaires-le-snechu-salut-des-acquis-importants\/#respond"]}]},{"@type":"WebPage","@id":"https:\/\/lasentinelle.dz\/index.php\/2024\/04\/04\/nouveau-statut-et-regime-indemnitaire-des-hospitalo-universitaires-le-snechu-salut-des-acquis-importants\/","url":"https:\/\/lasentinelle.dz\/index.php\/2024\/04\/04\/nouveau-statut-et-regime-indemnitaire-des-hospitalo-universitaires-le-snechu-salut-des-acquis-importants\/","name":"Nouveau statut et r\u00e9gime indemnitaire des hospitalo-universitaires\u00a0: Le Snechu salut des \u00ab\u00a0acquis importants\u00a0\u00bb - La Sentinelle","isPartOf":{"@id":"https:\/\/lasentinelle.dz\/#website"},"primaryImageOfPage":{"@id":"https:\/\/lasentinelle.dz\/index.php\/2024\/04\/04\/nouveau-statut-et-regime-indemnitaire-des-hospitalo-universitaires-le-snechu-salut-des-acquis-importants\/#primaryimage"},"image":{"@id":"https:\/\/lasentinelle.dz\/index.php\/2024\/04\/04\/nouveau-statut-et-regime-indemnitaire-des-hospitalo-universitaires-le-snechu-salut-des-acquis-importants\/#primaryimage"},"thumbnailUrl":"https:\/\/lasentinelle.dz\/wp-content\/uploads\/2022\/02\/Rachid-Belhadj.jpg","datePublished":"2024-04-04T11:39:00+00:00","dateModified":"2024-04-06T11:41:19+00:00","breadcrumb":{"@id":"https:\/\/lasentinelle.dz\/index.php\/2024\/04\/04\/nouveau-statut-et-regime-indemnitaire-des-hospitalo-universitaires-le-snechu-salut-des-acquis-importants\/#breadcrumb"},"inLanguage":"fr-FR","potentialAction":[{"@type":"ReadAction","target":["https:\/\/lasentinelle.dz\/index.php\/2024\/04\/04\/nouveau-statut-et-regime-indemnitaire-des-hospitalo-universitaires-le-snechu-salut-des-acquis-importants\/"]}]},{"@type":"ImageObject","inLanguage":"fr-FR","@id":"https:\/\/lasentinelle.dz\/index.php\/2024\/04\/04\/nouveau-statut-et-regime-indemnitaire-des-hospitalo-universitaires-le-snechu-salut-des-acquis-importants\/#primaryimage","url":"https:\/\/lasentinelle.dz\/wp-content\/uploads\/2022\/02\/Rachid-Belhadj.jpg","contentUrl":"https:\/\/lasentinelle.dz\/wp-content\/uploads\/2022\/02\/Rachid-Belhadj.jpg","width":571,"height":370},{"@type":"BreadcrumbList","@id":"https:\/\/lasentinelle.dz\/index.php\/2024\/04\/04\/nouveau-statut-et-regime-indemnitaire-des-hospitalo-universitaires-le-snechu-salut-des-acquis-importants\/#breadcrumb","itemListElement":[{"@type":"ListItem","position":1,"name":"Accueil","item":"https:\/\/lasentinelle.dz\/"},{"@type":"ListItem","position":2,"name":"Nouveau statut et r\u00e9gime indemnitaire des hospitalo-universitaires\u00a0: Le Snechu salut des \u00ab\u00a0acquis importants\u00a0\u00bb"}]},{"@type":"WebSite","@id":"https:\/\/lasentinelle.dz\/#website","url":"https:\/\/lasentinelle.dz\/","name":"La Sentinelle","description":"Quotidien national d&#039;information","publisher":{"@id":"https:\/\/lasentinelle.dz\/#organization"},"potentialAction":[{"@type":"SearchAction","target":{"@type":"EntryPoint","urlTemplate":"https:\/\/lasentinelle.dz\/?s={search_term_string}"},"query-input":{"@type":"PropertyValueSpecification","valueRequired":true,"valueName":"search_term_string"}}],"inLanguage":"fr-FR"},{"@type":"Organization","@id":"https:\/\/lasentinelle.dz\/#organization","name":"Quotidien La Sentinelle","url":"https:\/\/lasentinelle.dz\/","logo":{"@type":"ImageObject","inLanguage":"fr-FR","@id":"https:\/\/lasentinelle.dz\/#\/schema\/logo\/image\/","url":"https:\/\/lasentinelle.dz\/wp-content\/uploads\/2021\/09\/logo-sentinelleSLOGAN-1.png","contentUrl":"https:\/\/lasentinelle.dz\/wp-content\/uploads\/2021\/09\/logo-sentinelleSLOGAN-1.png","width":615,"height":142,"caption":"Quotidien La Sentinelle"},"image":{"@id":"https:\/\/lasentinelle.dz\/#\/schema\/logo\/image\/"},"sameAs":["https:\/\/www.facebook.com\/La-Sentinelle-104059864394773"]},{"@type":"Person","@id":"https:\/\/lasentinelle.dz\/#\/schema\/person\/d865044e22e70a75174ce8bcad3acfb3","name":"La Sentinelle","image":{"@type":"ImageObject","inLanguage":"fr-FR","@id":"https:\/\/secure.gravatar.com\/avatar\/57de8e5d4b15d43fb361a71fbb36338450fe67865b528a43dd10ef7c51a20392?s=96&d=mm&r=g","url":"https:\/\/secure.gravatar.com\/avatar\/57de8e5d4b15d43fb361a71fbb36338450fe67865b528a43dd10ef7c51a20392?s=96&d=mm&r=g","contentUrl":"https:\/\/secure.gravatar.com\/avatar\/57de8e5d4b15d43fb361a71fbb36338450fe67865b528a43dd10ef7c51a20392?s=96&d=mm&r=g","caption":"La Sentinelle"},"sameAs":["http:\/\/www.lasentinelle.dz"],"url":"https:\/\/lasentinelle.dz\/author\/redaction\/"}]}},"_links":{"self":[{"href":"https:\/\/lasentinelle.dz\/index.php\/wp-json\/wp\/v2\/posts\/51006","targetHints":{"allow":["GET"]}}],"collection":[{"href":"https:\/\/lasentinelle.dz\/index.php\/wp-json\/wp\/v2\/posts"}],"about":[{"href":"https:\/\/lasentinelle.dz\/index.php\/wp-json\/wp\/v2\/types\/post"}],"author":[{"embeddable":true,"href":"https:\/\/lasentinelle.dz\/index.php\/wp-json\/wp\/v2\/users\/3"}],"replies":[{"embeddable":true,"href":"https:\/\/lasentinelle.dz\/index.php\/wp-json\/wp\/v2\/comments?post=51006"}],"version-history":[{"count":2,"href":"https:\/\/lasentinelle.dz\/index.php\/wp-json\/wp\/v2\/posts\/51006\/revisions"}],"predecessor-version":[{"id":51008,"href":"https:\/\/lasentinelle.dz\/index.php\/wp-json\/wp\/v2\/posts\/51006\/revisions\/51008"}],"wp:featuredmedia":[{"embeddable":true,"href":"https:\/\/lasentinelle.dz\/index.php\/wp-json\/wp\/v2\/media\/16747"}],"wp:attachment":[{"href":"https:\/\/lasentinelle.dz\/index.php\/wp-json\/wp\/v2\/media?parent=51006"}],"wp:term":[{"taxonomy":"category","embeddable":true,"href":"https:\/\/lasentinelle.dz\/index.php\/wp-json\/wp\/v2\/categories?post=51006"},{"taxonomy":"post_tag","embeddable":true,"href":"https:\/\/lasentinelle.dz\/index.php\/wp-json\/wp\/v2\/tags?post=51006"}],"curies":[{"name":"wp","href":"https:\/\/api.w.org\/{rel}","templated":true}]}}