{"id":51021,"date":"2024-04-07T13:06:02","date_gmt":"2024-04-07T12:06:02","guid":{"rendered":"https:\/\/lasentinelle.dz\/?p=51021"},"modified":"2024-04-07T13:06:04","modified_gmt":"2024-04-07T12:06:04","slug":"preparation-de-la-can-2024-dames-les-vertes-a-pied-doeuvre-a-tunis","status":"publish","type":"post","link":"https:\/\/lasentinelle.dz\/index.php\/2024\/04\/07\/preparation-de-la-can-2024-dames-les-vertes-a-pied-doeuvre-a-tunis\/","title":{"rendered":"Pr\u00e9paration de la CAN-2024 (Dames)\u00a0: Les Vertes \u00e0 pied d\u2019\u0153uvre \u00e0 Tunis"},"content":{"rendered":"\n<p>Apr\u00e8s la d\u00e9faite conc\u00e9d\u00e9e jeudi face aux Tunisiennes jeudi en match amical, les joueuses de l&rsquo;\u00e9quipe nationale f\u00e9minine de football a repris l&rsquo;entra\u00eenement vendredi apr\u00e8s-midi au niveau du terrain annexe du stade de Rad\u00e8s en pr\u00e9sence de l&rsquo;ensemble de l&rsquo;effectif, au lendemain de sa d\u00e9faite en amical face \u00e0 la Tunisie (2-1).<\/p>\n\n\n\n<p>La s\u00e9ance a d\u00e9but\u00e9 par un l\u00e9ger footing suivi d\u2019un \u00e9chauffement, puis s\u2019est concentr\u00e9e sur le travail tactique. Les rempla\u00e7antes lors du match contre la Tunisie ont b\u00e9n\u00e9fici\u00e9 d\u2019une s\u00e9ance prolong\u00e9e de 20 minutes pour leur permettre de travailler davantage, indique la f\u00e9d\u00e9ration alg\u00e9rienne de football (FAF). En soir\u00e9e, une s\u00e9ance de visionnage vid\u00e9o du match de la veille \u00e9tait au programme, une occasion pour le coach national, Farid Benstiti, de mettre l\u2019accent sur les erreurs commises et tirer les enseignements de ce premier test amical. La s\u00e9lection nationale poursuivra sa pr\u00e9paration \u00e0 Tunis en pr\u00e9vision du deuxi\u00e8me match amical contre la Tunisie, pr\u00e9vu dimanche au stade Chadli Zouitene (15h00). &nbsp;Pour rappel, la s\u00e9lection nationale f\u00e9minine alg\u00e9rienne s\u2019est inclin\u00e9e jeudi apr\u00e8s-midi face \u00e0 la Tunisie sur un score de (1-2) lors d\u2019un match amical qui s\u2019est d\u00e9roul\u00e9 au stade Chadli Zouitene \u00e0 Tunis. La premi\u00e8re mi-temps s\u2019est achev\u00e9e sur un score vierge, bien que les Tunisiennes aient l\u00e9g\u00e8rement domin\u00e9 le jeu, tandis que l\u2019\u00e9quipe alg\u00e9rienne a eu du mal \u00e0 atteindre son niveau habituel. Au d\u00e9but de la seconde p\u00e9riode, Naima Bouhani, attaquante des Vertes, a r\u00e9ussi \u00e0 marquer le premier but \u00e0 la 48e minute. Cependant, les Tunisiennes ont rapidement r\u00e9agi en \u00e9galisant \u00e0 l\u2019heure de jeu, avant d\u2019aggraver le score dans les derni\u00e8res minutes du match. Notons que les changements tactiques op\u00e9r\u00e9s par l\u2019entra\u00eeneur Farid Benstiti ont apport\u00e9 le plus dans le jeu de l\u2019\u00e9quipe nationale en seconde p\u00e9riode sans pour autant \u00e9viter la d\u00e9faite au final. Cela laisse entrevoir toutefois une rencontre tr\u00e8s disput\u00e9e lors de la prochaine confrontation entre les deux \u00e9quipes.<\/p>\n\n\n\n<p>Les \u00ab\u00a0Vertes\u00a0\u00bb signent leur retour sur le plan continental, apr\u00e8s leur absence lors des deux derni\u00e8res \u00e9ditions du rendez-vous continental. Au dernier classement de la FIFA d\u00e9voil\u00e9 le 16 mars dernier, l&rsquo;\u00e9quipe alg\u00e9rienne f\u00e9minine occupe la 84e place mondiale, tandis que la Tunisie est log\u00e9e \u00e0 78e position.<\/p>\n\n\n\n<p>R.S.<\/p>\n","protected":false},"excerpt":{"rendered":"<p>Apr\u00e8s la d\u00e9faite conc\u00e9d\u00e9e jeudi face aux Tunisiennes jeudi en match amical, les joueuses de l&rsquo;\u00e9quipe nationale f\u00e9minine de football<\/p>\n","protected":false},"author":3,"featured_media":51022,"comment_status":"open","ping_status":"closed","sticky":false,"template":"","format":"standard","meta":{"colormag_page_container_layout":"default_layout","colormag_page_sidebar_layout":"default_layout","om_disable_all_campaigns":false,"_monsterinsights_skip_tracking":false,"_monsterinsights_sitenote_active":false,"_monsterinsights_sitenote_note":"","_monsterinsights_sitenote_category":0,"footnotes":"","_wpscppro_dont_share_socialmedia":false,"_wpscppro_custom_social_share_image":0,"_facebook_share_type":"","_twitter_share_type":"","_linkedin_share_type":"","_pinterest_share_type":"","_linkedin_share_type_page":"","_instagram_share_type":"","_medium_share_type":"","_threads_share_type":"","_google_business_share_type":"","_selected_social_profile":[],"_wpsp_enable_custom_social_template":false,"_wpsp_social_scheduling":{"enabled":false,"datetime":null,"platforms":[],"status":"template_only","dateOption":"today","timeOption":"now","customDays":"","customHours":"","customDate":"","customTime":"","schedulingType":"absolute"},"_wpsp_active_default_template":true},"categories":[33],"tags":[],"class_list":["post-51021","post","type-post","status-publish","format-standard","has-post-thumbnail","hentry","category-sports"],"aioseo_notices":[],"yoast_head":"<!-- This site is optimized with the Yoast SEO plugin v27.4 - https:\/\/yoast.com\/product\/yoast-seo-wordpress\/ -->\n<title>Pr\u00e9paration de la CAN-2024 (Dames)\u00a0: Les Vertes \u00e0 pied d\u2019\u0153uvre \u00e0 Tunis - La Sentinelle<\/title>\n<meta name=\"robots\" content=\"index, follow, max-snippet:-1, max-image-preview:large, max-video-preview:-1\" \/>\n<link rel=\"canonical\" href=\"https:\/\/lasentinelle.dz\/index.php\/2024\/04\/07\/preparation-de-la-can-2024-dames-les-vertes-a-pied-doeuvre-a-tunis\/\" \/>\n<meta property=\"og:locale\" content=\"fr_FR\" \/>\n<meta property=\"og:type\" content=\"article\" \/>\n<meta property=\"og:title\" content=\"Pr\u00e9paration de la CAN-2024 (Dames)\u00a0: Les Vertes \u00e0 pied d\u2019\u0153uvre \u00e0 Tunis - La Sentinelle\" \/>\n<meta property=\"og:description\" content=\"Apr\u00e8s la d\u00e9faite conc\u00e9d\u00e9e jeudi face aux Tunisiennes jeudi en match amical, les joueuses de l&rsquo;\u00e9quipe nationale f\u00e9minine de football\" \/>\n<meta property=\"og:url\" content=\"https:\/\/lasentinelle.dz\/index.php\/2024\/04\/07\/preparation-de-la-can-2024-dames-les-vertes-a-pied-doeuvre-a-tunis\/\" \/>\n<meta property=\"og:site_name\" content=\"La Sentinelle\" \/>\n<meta property=\"article:publisher\" content=\"https:\/\/www.facebook.com\/La-Sentinelle-104059864394773\" \/>\n<meta property=\"article:published_time\" content=\"2024-04-07T12:06:02+00:00\" \/>\n<meta property=\"article:modified_time\" content=\"2024-04-07T12:06:04+00:00\" \/>\n<meta property=\"og:image\" content=\"https:\/\/lasentinelle.dz\/wp-content\/uploads\/2024\/04\/dames-2.jpeg\" \/>\n\t<meta property=\"og:image:width\" content=\"750\" \/>\n\t<meta property=\"og:image:height\" content=\"430\" \/>\n\t<meta property=\"og:image:type\" content=\"image\/jpeg\" \/>\n<meta name=\"author\" content=\"La Sentinelle\" \/>\n<meta name=\"twitter:card\" content=\"summary_large_image\" \/>\n<meta name=\"twitter:label1\" content=\"\u00c9crit par\" \/>\n\t<meta name=\"twitter:data1\" content=\"La Sentinelle\" \/>\n\t<meta name=\"twitter:label2\" content=\"Dur\u00e9e de lecture estim\u00e9e\" \/>\n\t<meta name=\"twitter:data2\" content=\"3 minutes\" \/>\n<script type=\"application\/ld+json\" class=\"yoast-schema-graph\">{\"@context\":\"https:\\\/\\\/schema.org\",\"@graph\":[{\"@type\":\"Article\",\"@id\":\"https:\\\/\\\/lasentinelle.dz\\\/index.php\\\/2024\\\/04\\\/07\\\/preparation-de-la-can-2024-dames-les-vertes-a-pied-doeuvre-a-tunis\\\/#article\",\"isPartOf\":{\"@id\":\"https:\\\/\\\/lasentinelle.dz\\\/index.php\\\/2024\\\/04\\\/07\\\/preparation-de-la-can-2024-dames-les-vertes-a-pied-doeuvre-a-tunis\\\/\"},\"author\":{\"name\":\"La Sentinelle\",\"@id\":\"https:\\\/\\\/lasentinelle.dz\\\/#\\\/schema\\\/person\\\/d865044e22e70a75174ce8bcad3acfb3\"},\"headline\":\"Pr\u00e9paration de la CAN-2024 (Dames)\u00a0: Les Vertes \u00e0 pied d\u2019\u0153uvre \u00e0 Tunis\",\"datePublished\":\"2024-04-07T12:06:02+00:00\",\"dateModified\":\"2024-04-07T12:06:04+00:00\",\"mainEntityOfPage\":{\"@id\":\"https:\\\/\\\/lasentinelle.dz\\\/index.php\\\/2024\\\/04\\\/07\\\/preparation-de-la-can-2024-dames-les-vertes-a-pied-doeuvre-a-tunis\\\/\"},\"wordCount\":447,\"commentCount\":0,\"publisher\":{\"@id\":\"https:\\\/\\\/lasentinelle.dz\\\/#organization\"},\"image\":{\"@id\":\"https:\\\/\\\/lasentinelle.dz\\\/index.php\\\/2024\\\/04\\\/07\\\/preparation-de-la-can-2024-dames-les-vertes-a-pied-doeuvre-a-tunis\\\/#primaryimage\"},\"thumbnailUrl\":\"https:\\\/\\\/lasentinelle.dz\\\/wp-content\\\/uploads\\\/2024\\\/04\\\/dames-2.jpeg\",\"articleSection\":[\"Sports\"],\"inLanguage\":\"fr-FR\",\"potentialAction\":[{\"@type\":\"CommentAction\",\"name\":\"Comment\",\"target\":[\"https:\\\/\\\/lasentinelle.dz\\\/index.php\\\/2024\\\/04\\\/07\\\/preparation-de-la-can-2024-dames-les-vertes-a-pied-doeuvre-a-tunis\\\/#respond\"]}]},{\"@type\":\"WebPage\",\"@id\":\"https:\\\/\\\/lasentinelle.dz\\\/index.php\\\/2024\\\/04\\\/07\\\/preparation-de-la-can-2024-dames-les-vertes-a-pied-doeuvre-a-tunis\\\/\",\"url\":\"https:\\\/\\\/lasentinelle.dz\\\/index.php\\\/2024\\\/04\\\/07\\\/preparation-de-la-can-2024-dames-les-vertes-a-pied-doeuvre-a-tunis\\\/\",\"name\":\"Pr\u00e9paration de la CAN-2024 (Dames)\u00a0: Les Vertes \u00e0 pied d\u2019\u0153uvre \u00e0 Tunis - La Sentinelle\",\"isPartOf\":{\"@id\":\"https:\\\/\\\/lasentinelle.dz\\\/#website\"},\"primaryImageOfPage\":{\"@id\":\"https:\\\/\\\/lasentinelle.dz\\\/index.php\\\/2024\\\/04\\\/07\\\/preparation-de-la-can-2024-dames-les-vertes-a-pied-doeuvre-a-tunis\\\/#primaryimage\"},\"image\":{\"@id\":\"https:\\\/\\\/lasentinelle.dz\\\/index.php\\\/2024\\\/04\\\/07\\\/preparation-de-la-can-2024-dames-les-vertes-a-pied-doeuvre-a-tunis\\\/#primaryimage\"},\"thumbnailUrl\":\"https:\\\/\\\/lasentinelle.dz\\\/wp-content\\\/uploads\\\/2024\\\/04\\\/dames-2.jpeg\",\"datePublished\":\"2024-04-07T12:06:02+00:00\",\"dateModified\":\"2024-04-07T12:06:04+00:00\",\"breadcrumb\":{\"@id\":\"https:\\\/\\\/lasentinelle.dz\\\/index.php\\\/2024\\\/04\\\/07\\\/preparation-de-la-can-2024-dames-les-vertes-a-pied-doeuvre-a-tunis\\\/#breadcrumb\"},\"inLanguage\":\"fr-FR\",\"potentialAction\":[{\"@type\":\"ReadAction\",\"target\":[\"https:\\\/\\\/lasentinelle.dz\\\/index.php\\\/2024\\\/04\\\/07\\\/preparation-de-la-can-2024-dames-les-vertes-a-pied-doeuvre-a-tunis\\\/\"]}]},{\"@type\":\"ImageObject\",\"inLanguage\":\"fr-FR\",\"@id\":\"https:\\\/\\\/lasentinelle.dz\\\/index.php\\\/2024\\\/04\\\/07\\\/preparation-de-la-can-2024-dames-les-vertes-a-pied-doeuvre-a-tunis\\\/#primaryimage\",\"url\":\"https:\\\/\\\/lasentinelle.dz\\\/wp-content\\\/uploads\\\/2024\\\/04\\\/dames-2.jpeg\",\"contentUrl\":\"https:\\\/\\\/lasentinelle.dz\\\/wp-content\\\/uploads\\\/2024\\\/04\\\/dames-2.jpeg\",\"width\":750,\"height\":430},{\"@type\":\"BreadcrumbList\",\"@id\":\"https:\\\/\\\/lasentinelle.dz\\\/index.php\\\/2024\\\/04\\\/07\\\/preparation-de-la-can-2024-dames-les-vertes-a-pied-doeuvre-a-tunis\\\/#breadcrumb\",\"itemListElement\":[{\"@type\":\"ListItem\",\"position\":1,\"name\":\"Accueil\",\"item\":\"https:\\\/\\\/lasentinelle.dz\\\/\"},{\"@type\":\"ListItem\",\"position\":2,\"name\":\"Pr\u00e9paration de la CAN-2024 (Dames)\u00a0: Les Vertes \u00e0 pied d\u2019\u0153uvre \u00e0 Tunis\"}]},{\"@type\":\"WebSite\",\"@id\":\"https:\\\/\\\/lasentinelle.dz\\\/#website\",\"url\":\"https:\\\/\\\/lasentinelle.dz\\\/\",\"name\":\"La Sentinelle\",\"description\":\"Quotidien national d&#039;information\",\"publisher\":{\"@id\":\"https:\\\/\\\/lasentinelle.dz\\\/#organization\"},\"potentialAction\":[{\"@type\":\"SearchAction\",\"target\":{\"@type\":\"EntryPoint\",\"urlTemplate\":\"https:\\\/\\\/lasentinelle.dz\\\/?s={search_term_string}\"},\"query-input\":{\"@type\":\"PropertyValueSpecification\",\"valueRequired\":true,\"valueName\":\"search_term_string\"}}],\"inLanguage\":\"fr-FR\"},{\"@type\":\"Organization\",\"@id\":\"https:\\\/\\\/lasentinelle.dz\\\/#organization\",\"name\":\"Quotidien La Sentinelle\",\"url\":\"https:\\\/\\\/lasentinelle.dz\\\/\",\"logo\":{\"@type\":\"ImageObject\",\"inLanguage\":\"fr-FR\",\"@id\":\"https:\\\/\\\/lasentinelle.dz\\\/#\\\/schema\\\/logo\\\/image\\\/\",\"url\":\"https:\\\/\\\/lasentinelle.dz\\\/wp-content\\\/uploads\\\/2021\\\/09\\\/logo-sentinelleSLOGAN-1.png\",\"contentUrl\":\"https:\\\/\\\/lasentinelle.dz\\\/wp-content\\\/uploads\\\/2021\\\/09\\\/logo-sentinelleSLOGAN-1.png\",\"width\":615,\"height\":142,\"caption\":\"Quotidien La Sentinelle\"},\"image\":{\"@id\":\"https:\\\/\\\/lasentinelle.dz\\\/#\\\/schema\\\/logo\\\/image\\\/\"},\"sameAs\":[\"https:\\\/\\\/www.facebook.com\\\/La-Sentinelle-104059864394773\"]},{\"@type\":\"Person\",\"@id\":\"https:\\\/\\\/lasentinelle.dz\\\/#\\\/schema\\\/person\\\/d865044e22e70a75174ce8bcad3acfb3\",\"name\":\"La Sentinelle\",\"image\":{\"@type\":\"ImageObject\",\"inLanguage\":\"fr-FR\",\"@id\":\"https:\\\/\\\/secure.gravatar.com\\\/avatar\\\/57de8e5d4b15d43fb361a71fbb36338450fe67865b528a43dd10ef7c51a20392?s=96&d=mm&r=g\",\"url\":\"https:\\\/\\\/secure.gravatar.com\\\/avatar\\\/57de8e5d4b15d43fb361a71fbb36338450fe67865b528a43dd10ef7c51a20392?s=96&d=mm&r=g\",\"contentUrl\":\"https:\\\/\\\/secure.gravatar.com\\\/avatar\\\/57de8e5d4b15d43fb361a71fbb36338450fe67865b528a43dd10ef7c51a20392?s=96&d=mm&r=g\",\"caption\":\"La Sentinelle\"},\"sameAs\":[\"http:\\\/\\\/www.lasentinelle.dz\"],\"url\":\"https:\\\/\\\/lasentinelle.dz\\\/author\\\/redaction\\\/\"}]}<\/script>\n<!-- \/ Yoast SEO plugin. -->","yoast_head_json":{"title":"Pr\u00e9paration de la CAN-2024 (Dames)\u00a0: Les Vertes \u00e0 pied d\u2019\u0153uvre \u00e0 Tunis - La Sentinelle","robots":{"index":"index","follow":"follow","max-snippet":"max-snippet:-1","max-image-preview":"max-image-preview:large","max-video-preview":"max-video-preview:-1"},"canonical":"https:\/\/lasentinelle.dz\/index.php\/2024\/04\/07\/preparation-de-la-can-2024-dames-les-vertes-a-pied-doeuvre-a-tunis\/","og_locale":"fr_FR","og_type":"article","og_title":"Pr\u00e9paration de la CAN-2024 (Dames)\u00a0: Les Vertes \u00e0 pied d\u2019\u0153uvre \u00e0 Tunis - La Sentinelle","og_description":"Apr\u00e8s la d\u00e9faite conc\u00e9d\u00e9e jeudi face aux Tunisiennes jeudi en match amical, les joueuses de l&rsquo;\u00e9quipe nationale f\u00e9minine de football","og_url":"https:\/\/lasentinelle.dz\/index.php\/2024\/04\/07\/preparation-de-la-can-2024-dames-les-vertes-a-pied-doeuvre-a-tunis\/","og_site_name":"La Sentinelle","article_publisher":"https:\/\/www.facebook.com\/La-Sentinelle-104059864394773","article_published_time":"2024-04-07T12:06:02+00:00","article_modified_time":"2024-04-07T12:06:04+00:00","og_image":[{"width":750,"height":430,"url":"https:\/\/lasentinelle.dz\/wp-content\/uploads\/2024\/04\/dames-2.jpeg","type":"image\/jpeg"}],"author":"La Sentinelle","twitter_card":"summary_large_image","twitter_misc":{"\u00c9crit par":"La Sentinelle","Dur\u00e9e de lecture estim\u00e9e":"3 minutes"},"schema":{"@context":"https:\/\/schema.org","@graph":[{"@type":"Article","@id":"https:\/\/lasentinelle.dz\/index.php\/2024\/04\/07\/preparation-de-la-can-2024-dames-les-vertes-a-pied-doeuvre-a-tunis\/#article","isPartOf":{"@id":"https:\/\/lasentinelle.dz\/index.php\/2024\/04\/07\/preparation-de-la-can-2024-dames-les-vertes-a-pied-doeuvre-a-tunis\/"},"author":{"name":"La Sentinelle","@id":"https:\/\/lasentinelle.dz\/#\/schema\/person\/d865044e22e70a75174ce8bcad3acfb3"},"headline":"Pr\u00e9paration de la CAN-2024 (Dames)\u00a0: Les Vertes \u00e0 pied d\u2019\u0153uvre \u00e0 Tunis","datePublished":"2024-04-07T12:06:02+00:00","dateModified":"2024-04-07T12:06:04+00:00","mainEntityOfPage":{"@id":"https:\/\/lasentinelle.dz\/index.php\/2024\/04\/07\/preparation-de-la-can-2024-dames-les-vertes-a-pied-doeuvre-a-tunis\/"},"wordCount":447,"commentCount":0,"publisher":{"@id":"https:\/\/lasentinelle.dz\/#organization"},"image":{"@id":"https:\/\/lasentinelle.dz\/index.php\/2024\/04\/07\/preparation-de-la-can-2024-dames-les-vertes-a-pied-doeuvre-a-tunis\/#primaryimage"},"thumbnailUrl":"https:\/\/lasentinelle.dz\/wp-content\/uploads\/2024\/04\/dames-2.jpeg","articleSection":["Sports"],"inLanguage":"fr-FR","potentialAction":[{"@type":"CommentAction","name":"Comment","target":["https:\/\/lasentinelle.dz\/index.php\/2024\/04\/07\/preparation-de-la-can-2024-dames-les-vertes-a-pied-doeuvre-a-tunis\/#respond"]}]},{"@type":"WebPage","@id":"https:\/\/lasentinelle.dz\/index.php\/2024\/04\/07\/preparation-de-la-can-2024-dames-les-vertes-a-pied-doeuvre-a-tunis\/","url":"https:\/\/lasentinelle.dz\/index.php\/2024\/04\/07\/preparation-de-la-can-2024-dames-les-vertes-a-pied-doeuvre-a-tunis\/","name":"Pr\u00e9paration de la CAN-2024 (Dames)\u00a0: Les Vertes \u00e0 pied d\u2019\u0153uvre \u00e0 Tunis - La Sentinelle","isPartOf":{"@id":"https:\/\/lasentinelle.dz\/#website"},"primaryImageOfPage":{"@id":"https:\/\/lasentinelle.dz\/index.php\/2024\/04\/07\/preparation-de-la-can-2024-dames-les-vertes-a-pied-doeuvre-a-tunis\/#primaryimage"},"image":{"@id":"https:\/\/lasentinelle.dz\/index.php\/2024\/04\/07\/preparation-de-la-can-2024-dames-les-vertes-a-pied-doeuvre-a-tunis\/#primaryimage"},"thumbnailUrl":"https:\/\/lasentinelle.dz\/wp-content\/uploads\/2024\/04\/dames-2.jpeg","datePublished":"2024-04-07T12:06:02+00:00","dateModified":"2024-04-07T12:06:04+00:00","breadcrumb":{"@id":"https:\/\/lasentinelle.dz\/index.php\/2024\/04\/07\/preparation-de-la-can-2024-dames-les-vertes-a-pied-doeuvre-a-tunis\/#breadcrumb"},"inLanguage":"fr-FR","potentialAction":[{"@type":"ReadAction","target":["https:\/\/lasentinelle.dz\/index.php\/2024\/04\/07\/preparation-de-la-can-2024-dames-les-vertes-a-pied-doeuvre-a-tunis\/"]}]},{"@type":"ImageObject","inLanguage":"fr-FR","@id":"https:\/\/lasentinelle.dz\/index.php\/2024\/04\/07\/preparation-de-la-can-2024-dames-les-vertes-a-pied-doeuvre-a-tunis\/#primaryimage","url":"https:\/\/lasentinelle.dz\/wp-content\/uploads\/2024\/04\/dames-2.jpeg","contentUrl":"https:\/\/lasentinelle.dz\/wp-content\/uploads\/2024\/04\/dames-2.jpeg","width":750,"height":430},{"@type":"BreadcrumbList","@id":"https:\/\/lasentinelle.dz\/index.php\/2024\/04\/07\/preparation-de-la-can-2024-dames-les-vertes-a-pied-doeuvre-a-tunis\/#breadcrumb","itemListElement":[{"@type":"ListItem","position":1,"name":"Accueil","item":"https:\/\/lasentinelle.dz\/"},{"@type":"ListItem","position":2,"name":"Pr\u00e9paration de la CAN-2024 (Dames)\u00a0: Les Vertes \u00e0 pied d\u2019\u0153uvre \u00e0 Tunis"}]},{"@type":"WebSite","@id":"https:\/\/lasentinelle.dz\/#website","url":"https:\/\/lasentinelle.dz\/","name":"La Sentinelle","description":"Quotidien national d&#039;information","publisher":{"@id":"https:\/\/lasentinelle.dz\/#organization"},"potentialAction":[{"@type":"SearchAction","target":{"@type":"EntryPoint","urlTemplate":"https:\/\/lasentinelle.dz\/?s={search_term_string}"},"query-input":{"@type":"PropertyValueSpecification","valueRequired":true,"valueName":"search_term_string"}}],"inLanguage":"fr-FR"},{"@type":"Organization","@id":"https:\/\/lasentinelle.dz\/#organization","name":"Quotidien La Sentinelle","url":"https:\/\/lasentinelle.dz\/","logo":{"@type":"ImageObject","inLanguage":"fr-FR","@id":"https:\/\/lasentinelle.dz\/#\/schema\/logo\/image\/","url":"https:\/\/lasentinelle.dz\/wp-content\/uploads\/2021\/09\/logo-sentinelleSLOGAN-1.png","contentUrl":"https:\/\/lasentinelle.dz\/wp-content\/uploads\/2021\/09\/logo-sentinelleSLOGAN-1.png","width":615,"height":142,"caption":"Quotidien La Sentinelle"},"image":{"@id":"https:\/\/lasentinelle.dz\/#\/schema\/logo\/image\/"},"sameAs":["https:\/\/www.facebook.com\/La-Sentinelle-104059864394773"]},{"@type":"Person","@id":"https:\/\/lasentinelle.dz\/#\/schema\/person\/d865044e22e70a75174ce8bcad3acfb3","name":"La Sentinelle","image":{"@type":"ImageObject","inLanguage":"fr-FR","@id":"https:\/\/secure.gravatar.com\/avatar\/57de8e5d4b15d43fb361a71fbb36338450fe67865b528a43dd10ef7c51a20392?s=96&d=mm&r=g","url":"https:\/\/secure.gravatar.com\/avatar\/57de8e5d4b15d43fb361a71fbb36338450fe67865b528a43dd10ef7c51a20392?s=96&d=mm&r=g","contentUrl":"https:\/\/secure.gravatar.com\/avatar\/57de8e5d4b15d43fb361a71fbb36338450fe67865b528a43dd10ef7c51a20392?s=96&d=mm&r=g","caption":"La Sentinelle"},"sameAs":["http:\/\/www.lasentinelle.dz"],"url":"https:\/\/lasentinelle.dz\/author\/redaction\/"}]}},"_links":{"self":[{"href":"https:\/\/lasentinelle.dz\/index.php\/wp-json\/wp\/v2\/posts\/51021","targetHints":{"allow":["GET"]}}],"collection":[{"href":"https:\/\/lasentinelle.dz\/index.php\/wp-json\/wp\/v2\/posts"}],"about":[{"href":"https:\/\/lasentinelle.dz\/index.php\/wp-json\/wp\/v2\/types\/post"}],"author":[{"embeddable":true,"href":"https:\/\/lasentinelle.dz\/index.php\/wp-json\/wp\/v2\/users\/3"}],"replies":[{"embeddable":true,"href":"https:\/\/lasentinelle.dz\/index.php\/wp-json\/wp\/v2\/comments?post=51021"}],"version-history":[{"count":1,"href":"https:\/\/lasentinelle.dz\/index.php\/wp-json\/wp\/v2\/posts\/51021\/revisions"}],"predecessor-version":[{"id":51023,"href":"https:\/\/lasentinelle.dz\/index.php\/wp-json\/wp\/v2\/posts\/51021\/revisions\/51023"}],"wp:featuredmedia":[{"embeddable":true,"href":"https:\/\/lasentinelle.dz\/index.php\/wp-json\/wp\/v2\/media\/51022"}],"wp:attachment":[{"href":"https:\/\/lasentinelle.dz\/index.php\/wp-json\/wp\/v2\/media?parent=51021"}],"wp:term":[{"taxonomy":"category","embeddable":true,"href":"https:\/\/lasentinelle.dz\/index.php\/wp-json\/wp\/v2\/categories?post=51021"},{"taxonomy":"post_tag","embeddable":true,"href":"https:\/\/lasentinelle.dz\/index.php\/wp-json\/wp\/v2\/tags?post=51021"}],"curies":[{"name":"wp","href":"https:\/\/api.w.org\/{rel}","templated":true}]}}