{"id":51024,"date":"2024-04-07T13:07:19","date_gmt":"2024-04-07T12:07:19","guid":{"rendered":"https:\/\/lasentinelle.dz\/?p=51024"},"modified":"2024-04-07T13:07:22","modified_gmt":"2024-04-07T12:07:22","slug":"coupe-de-la-confederation-les-rouge-et-noir-a-90-minutes-du-dernier-carre","status":"publish","type":"post","link":"https:\/\/lasentinelle.dz\/index.php\/2024\/04\/07\/coupe-de-la-confederation-les-rouge-et-noir-a-90-minutes-du-dernier-carre\/","title":{"rendered":"Coupe de la Conf\u00e9d\u00e9ration\u00a0: Les Rouge et Noir \u00e0 90 minutes du dernier carr\u00e9"},"content":{"rendered":"\n<p>D\u00e9faits lors du match aller face aux Nig\u00e9rians de Rivers United, la semaine derni\u00e8re, les Rouge et Noir sont d\u00e9cid\u00e9s \u00e0 arracher leur qualification pour les demi-finales Coupe de la Conf\u00e9d\u00e9ration de la CAF et s\u2019assurer de poursuivre la bataille pour le maintien de leur titre africain.<\/p>\n\n\n\n<p>Le coach de l\u2019USMA l\u2019a clairement signifi\u00e9&nbsp;: la pr\u00e9servation de la couronne continentale reste la priorit\u00e9 du club pour la saison. Bien que la d\u00e9fense du titre africain se soit d\u00e9roul\u00e9e sans grande difficult\u00e9, les Rouge et Noir ont fait face \u00e0 leur premier couac la semaine derni\u00e8re au Nigeria. D\u00e9faite lors du match aller face au Rivers United sur le score de 1-0, l\u2019USMA conserve, cependant, toutes ses chances de qualification lors de la phase retour qui se jouera demain soir \u00e0 domicile au stade olympique du 5-juillet 1962 (22h00). L&rsquo;USMA est appel\u00e9e \u00e0 puiser dans ses ressources devant ses nombreux supporters pour passer l&rsquo;\u00e9cueil du repr\u00e9sentant nig\u00e9rian, qui aurait pu l&#8217;emporter lors de la premi\u00e8re manche avec un score plus large, n&rsquo;\u00e9tait le m\u00e9tier du portier Oussama Benbot, auteur de plusieurs arr\u00eats. Le club de Soustara, dont la belle s\u00e9rie de cinq succ\u00e8s de suite, toutes comp\u00e9titions confondues, a pris fin au stade international Godswill-Akbapio \u00e0 Uyo, doit faire face \u00e0 une \u00e9quipe de Rivers United qui va tenter de pr\u00e9server son avantage, et tenter du coup de cr\u00e9er la surprise d&rsquo;\u00e9liminer le tenant du troph\u00e9e. \u00ab\u00a0Lors du match aller, nous avons \u00e9prouv\u00e9 beaucoup de difficult\u00e9s \u00e0 imposer notre jeu, c&rsquo;est un r\u00e9sultat n\u00e9gatif. Je pense que nous avons les moyens de renverser la vapeur chez nous, d&rsquo;autant que nous connaissons tout d\u00e9sormais sur notre adversaire, c&rsquo;est tr\u00e8s important. Ce sera un match diff\u00e9rent par rapport au premier. Les joueurs se portent bien mentalement pour aller chercher la qualification et pouvoir continuer dans la comp\u00e9tition\u00a0\u00bb, a d\u00e9clar\u00e9 le coach usmiste l&rsquo;Espagnol Juan Carlos Garrido, qui avait d\u00e9j\u00e0 remport\u00e9 la Coupe de la Conf\u00e9d\u00e9ration \u00e0 deux reprises: en 2014 avec Al-Ahly du Caire, et en 2018 sur le banc du Raja. \u00ab\u00a0La premi\u00e8re manche s&rsquo;est jou\u00e9e dans des conditions extr\u00eamement difficiles \u00e0 14h00 et en plein mois du Ramadan. Le match retour sera une autre paire de manche, ce ne sera pas facile, et \u00e7a va se jouer peut-\u00eatre sur des d\u00e9tails. Nous devons rester bien concentr\u00e9s pour valider notre qualification aux demi-finales. Tous les joueurs vont se donner \u00e0 fond pour passer au prochain tour\u00a0\u00bb, a affirm\u00e9 de son c\u00f4t\u00e9 le d\u00e9fenseur Mustapha Bouchina. Sur le plan de l&rsquo;effectif, l&rsquo;USMA sera priv\u00e9e des services de son attaquant Khaled Bousseliou, bless\u00e9, et le milieu de terrain Oussama Chita, en phase de reprise. En revanche, le club alg\u00e9rois va b\u00e9n\u00e9ficier du retour de son capitaine et d\u00e9fenseur Zinedine Bela\u00efd, qui a purg\u00e9 une suspension d&rsquo;un match automatique. Une fois n&rsquo;est pas coutume, l&rsquo;USMA a choisi le Centre de regroupement et de pr\u00e9paration des \u00e9quipes sportives militaires (CREPSM) \u00e0 Ben Aknoun, pour peaufiner sa pr\u00e9paration et apporter les derni\u00e8res retouches en vue de ce rendez-vous d\u00e9cisif.<\/p>\n\n\n\n<p>\u00ab La pr\u00e9paration se poursuit dans de tr\u00e8s bonnes conditions et une bonne ambiance r\u00e8gne au sein du groupe. On s\u2019attend \u00e0 un match difficile face \u00e0 Rivers United car il sera d\u00e9cisif pour la qualification. Notre mission est claire : on doit co\u00fbte que co\u00fbte surmonter le score du match aller et composter notre billet qualificatif pour la demi-finale. On jouera \u00e0 domicile et devant nos supporters, il n\u2019est pas question de passer \u00e0 c\u00f4t\u00e9 \u00bb, dira le coach usmiste. \u00ab Comme je l\u2019ai toujours dit, la Coupe de la CAF est notre objectif cette saison. Il n\u2019est pas question de quitter la comp\u00e9tition et on veut poursuivre l\u2019aventure pour d\u00e9fendre notre titre\u00bb, promet-il. En cas de qualification, l&rsquo;USMA affrontera en demi-finale le vainqueur de la double confrontation entre Abu Salim et le RS Berkane. Le match aller se jouera \u00e0 Alger, et le retour en d\u00e9placement.<\/p>\n\n\n\n<p>Moncef Dahleb<\/p>\n","protected":false},"excerpt":{"rendered":"<p>D\u00e9faits lors du match aller face aux Nig\u00e9rians de Rivers United, la semaine derni\u00e8re, les Rouge et Noir sont d\u00e9cid\u00e9s<\/p>\n","protected":false},"author":3,"featured_media":51025,"comment_status":"open","ping_status":"closed","sticky":false,"template":"","format":"standard","meta":{"colormag_page_container_layout":"default_layout","colormag_page_sidebar_layout":"default_layout","om_disable_all_campaigns":false,"_monsterinsights_skip_tracking":false,"_monsterinsights_sitenote_active":false,"_monsterinsights_sitenote_note":"","_monsterinsights_sitenote_category":0,"footnotes":"","_wpscppro_dont_share_socialmedia":false,"_wpscppro_custom_social_share_image":0,"_facebook_share_type":"","_twitter_share_type":"","_linkedin_share_type":"","_pinterest_share_type":"","_linkedin_share_type_page":"","_instagram_share_type":"","_medium_share_type":"","_threads_share_type":"","_google_business_share_type":"","_selected_social_profile":[],"_wpsp_enable_custom_social_template":false,"_wpsp_social_scheduling":{"enabled":false,"datetime":null,"platforms":[],"status":"template_only","dateOption":"today","timeOption":"now","customDays":"","customHours":"","customDate":"","customTime":"","schedulingType":"absolute"},"_wpsp_active_default_template":true},"categories":[52,33],"tags":[],"class_list":["post-51024","post","type-post","status-publish","format-standard","has-post-thumbnail","hentry","category-a-la-une","category-sports"],"aioseo_notices":[],"yoast_head":"<!-- This site is optimized with the Yoast SEO plugin v27.4 - https:\/\/yoast.com\/product\/yoast-seo-wordpress\/ -->\n<title>Coupe de la Conf\u00e9d\u00e9ration\u00a0: Les Rouge et Noir \u00e0 90 minutes du dernier carr\u00e9 - La Sentinelle<\/title>\n<meta name=\"robots\" content=\"index, follow, max-snippet:-1, max-image-preview:large, max-video-preview:-1\" \/>\n<link rel=\"canonical\" href=\"https:\/\/lasentinelle.dz\/index.php\/2024\/04\/07\/coupe-de-la-confederation-les-rouge-et-noir-a-90-minutes-du-dernier-carre\/\" \/>\n<meta property=\"og:locale\" content=\"fr_FR\" \/>\n<meta property=\"og:type\" content=\"article\" \/>\n<meta property=\"og:title\" content=\"Coupe de la Conf\u00e9d\u00e9ration\u00a0: Les Rouge et Noir \u00e0 90 minutes du dernier carr\u00e9 - La Sentinelle\" \/>\n<meta property=\"og:description\" content=\"D\u00e9faits lors du match aller face aux Nig\u00e9rians de Rivers United, la semaine derni\u00e8re, les Rouge et Noir sont d\u00e9cid\u00e9s\" \/>\n<meta property=\"og:url\" content=\"https:\/\/lasentinelle.dz\/index.php\/2024\/04\/07\/coupe-de-la-confederation-les-rouge-et-noir-a-90-minutes-du-dernier-carre\/\" \/>\n<meta property=\"og:site_name\" content=\"La Sentinelle\" \/>\n<meta property=\"article:publisher\" content=\"https:\/\/www.facebook.com\/La-Sentinelle-104059864394773\" \/>\n<meta property=\"article:published_time\" content=\"2024-04-07T12:07:19+00:00\" \/>\n<meta property=\"article:modified_time\" content=\"2024-04-07T12:07:22+00:00\" \/>\n<meta property=\"og:image\" content=\"https:\/\/lasentinelle.dz\/wp-content\/uploads\/2024\/04\/USMA-1.jpeg\" \/>\n\t<meta property=\"og:image:width\" content=\"2048\" \/>\n\t<meta property=\"og:image:height\" content=\"1362\" \/>\n\t<meta property=\"og:image:type\" content=\"image\/jpeg\" \/>\n<meta name=\"author\" content=\"La Sentinelle\" \/>\n<meta name=\"twitter:card\" content=\"summary_large_image\" \/>\n<meta name=\"twitter:label1\" content=\"\u00c9crit par\" \/>\n\t<meta name=\"twitter:data1\" content=\"La Sentinelle\" \/>\n\t<meta name=\"twitter:label2\" content=\"Dur\u00e9e de lecture estim\u00e9e\" \/>\n\t<meta name=\"twitter:data2\" content=\"4 minutes\" \/>\n<script type=\"application\/ld+json\" class=\"yoast-schema-graph\">{\"@context\":\"https:\\\/\\\/schema.org\",\"@graph\":[{\"@type\":\"Article\",\"@id\":\"https:\\\/\\\/lasentinelle.dz\\\/index.php\\\/2024\\\/04\\\/07\\\/coupe-de-la-confederation-les-rouge-et-noir-a-90-minutes-du-dernier-carre\\\/#article\",\"isPartOf\":{\"@id\":\"https:\\\/\\\/lasentinelle.dz\\\/index.php\\\/2024\\\/04\\\/07\\\/coupe-de-la-confederation-les-rouge-et-noir-a-90-minutes-du-dernier-carre\\\/\"},\"author\":{\"name\":\"La Sentinelle\",\"@id\":\"https:\\\/\\\/lasentinelle.dz\\\/#\\\/schema\\\/person\\\/d865044e22e70a75174ce8bcad3acfb3\"},\"headline\":\"Coupe de la Conf\u00e9d\u00e9ration\u00a0: Les Rouge et Noir \u00e0 90 minutes du dernier carr\u00e9\",\"datePublished\":\"2024-04-07T12:07:19+00:00\",\"dateModified\":\"2024-04-07T12:07:22+00:00\",\"mainEntityOfPage\":{\"@id\":\"https:\\\/\\\/lasentinelle.dz\\\/index.php\\\/2024\\\/04\\\/07\\\/coupe-de-la-confederation-les-rouge-et-noir-a-90-minutes-du-dernier-carre\\\/\"},\"wordCount\":733,\"commentCount\":0,\"publisher\":{\"@id\":\"https:\\\/\\\/lasentinelle.dz\\\/#organization\"},\"image\":{\"@id\":\"https:\\\/\\\/lasentinelle.dz\\\/index.php\\\/2024\\\/04\\\/07\\\/coupe-de-la-confederation-les-rouge-et-noir-a-90-minutes-du-dernier-carre\\\/#primaryimage\"},\"thumbnailUrl\":\"https:\\\/\\\/lasentinelle.dz\\\/wp-content\\\/uploads\\\/2024\\\/04\\\/USMA-1.jpeg\",\"articleSection\":[\"\u00c0 la Une\",\"Sports\"],\"inLanguage\":\"fr-FR\",\"potentialAction\":[{\"@type\":\"CommentAction\",\"name\":\"Comment\",\"target\":[\"https:\\\/\\\/lasentinelle.dz\\\/index.php\\\/2024\\\/04\\\/07\\\/coupe-de-la-confederation-les-rouge-et-noir-a-90-minutes-du-dernier-carre\\\/#respond\"]}]},{\"@type\":\"WebPage\",\"@id\":\"https:\\\/\\\/lasentinelle.dz\\\/index.php\\\/2024\\\/04\\\/07\\\/coupe-de-la-confederation-les-rouge-et-noir-a-90-minutes-du-dernier-carre\\\/\",\"url\":\"https:\\\/\\\/lasentinelle.dz\\\/index.php\\\/2024\\\/04\\\/07\\\/coupe-de-la-confederation-les-rouge-et-noir-a-90-minutes-du-dernier-carre\\\/\",\"name\":\"Coupe de la Conf\u00e9d\u00e9ration\u00a0: Les Rouge et Noir \u00e0 90 minutes du dernier carr\u00e9 - La Sentinelle\",\"isPartOf\":{\"@id\":\"https:\\\/\\\/lasentinelle.dz\\\/#website\"},\"primaryImageOfPage\":{\"@id\":\"https:\\\/\\\/lasentinelle.dz\\\/index.php\\\/2024\\\/04\\\/07\\\/coupe-de-la-confederation-les-rouge-et-noir-a-90-minutes-du-dernier-carre\\\/#primaryimage\"},\"image\":{\"@id\":\"https:\\\/\\\/lasentinelle.dz\\\/index.php\\\/2024\\\/04\\\/07\\\/coupe-de-la-confederation-les-rouge-et-noir-a-90-minutes-du-dernier-carre\\\/#primaryimage\"},\"thumbnailUrl\":\"https:\\\/\\\/lasentinelle.dz\\\/wp-content\\\/uploads\\\/2024\\\/04\\\/USMA-1.jpeg\",\"datePublished\":\"2024-04-07T12:07:19+00:00\",\"dateModified\":\"2024-04-07T12:07:22+00:00\",\"breadcrumb\":{\"@id\":\"https:\\\/\\\/lasentinelle.dz\\\/index.php\\\/2024\\\/04\\\/07\\\/coupe-de-la-confederation-les-rouge-et-noir-a-90-minutes-du-dernier-carre\\\/#breadcrumb\"},\"inLanguage\":\"fr-FR\",\"potentialAction\":[{\"@type\":\"ReadAction\",\"target\":[\"https:\\\/\\\/lasentinelle.dz\\\/index.php\\\/2024\\\/04\\\/07\\\/coupe-de-la-confederation-les-rouge-et-noir-a-90-minutes-du-dernier-carre\\\/\"]}]},{\"@type\":\"ImageObject\",\"inLanguage\":\"fr-FR\",\"@id\":\"https:\\\/\\\/lasentinelle.dz\\\/index.php\\\/2024\\\/04\\\/07\\\/coupe-de-la-confederation-les-rouge-et-noir-a-90-minutes-du-dernier-carre\\\/#primaryimage\",\"url\":\"https:\\\/\\\/lasentinelle.dz\\\/wp-content\\\/uploads\\\/2024\\\/04\\\/USMA-1.jpeg\",\"contentUrl\":\"https:\\\/\\\/lasentinelle.dz\\\/wp-content\\\/uploads\\\/2024\\\/04\\\/USMA-1.jpeg\",\"width\":2048,\"height\":1362},{\"@type\":\"BreadcrumbList\",\"@id\":\"https:\\\/\\\/lasentinelle.dz\\\/index.php\\\/2024\\\/04\\\/07\\\/coupe-de-la-confederation-les-rouge-et-noir-a-90-minutes-du-dernier-carre\\\/#breadcrumb\",\"itemListElement\":[{\"@type\":\"ListItem\",\"position\":1,\"name\":\"Accueil\",\"item\":\"https:\\\/\\\/lasentinelle.dz\\\/\"},{\"@type\":\"ListItem\",\"position\":2,\"name\":\"Coupe de la Conf\u00e9d\u00e9ration\u00a0: Les Rouge et Noir \u00e0 90 minutes du dernier carr\u00e9\"}]},{\"@type\":\"WebSite\",\"@id\":\"https:\\\/\\\/lasentinelle.dz\\\/#website\",\"url\":\"https:\\\/\\\/lasentinelle.dz\\\/\",\"name\":\"La Sentinelle\",\"description\":\"Quotidien national d&#039;information\",\"publisher\":{\"@id\":\"https:\\\/\\\/lasentinelle.dz\\\/#organization\"},\"potentialAction\":[{\"@type\":\"SearchAction\",\"target\":{\"@type\":\"EntryPoint\",\"urlTemplate\":\"https:\\\/\\\/lasentinelle.dz\\\/?s={search_term_string}\"},\"query-input\":{\"@type\":\"PropertyValueSpecification\",\"valueRequired\":true,\"valueName\":\"search_term_string\"}}],\"inLanguage\":\"fr-FR\"},{\"@type\":\"Organization\",\"@id\":\"https:\\\/\\\/lasentinelle.dz\\\/#organization\",\"name\":\"Quotidien La Sentinelle\",\"url\":\"https:\\\/\\\/lasentinelle.dz\\\/\",\"logo\":{\"@type\":\"ImageObject\",\"inLanguage\":\"fr-FR\",\"@id\":\"https:\\\/\\\/lasentinelle.dz\\\/#\\\/schema\\\/logo\\\/image\\\/\",\"url\":\"https:\\\/\\\/lasentinelle.dz\\\/wp-content\\\/uploads\\\/2021\\\/09\\\/logo-sentinelleSLOGAN-1.png\",\"contentUrl\":\"https:\\\/\\\/lasentinelle.dz\\\/wp-content\\\/uploads\\\/2021\\\/09\\\/logo-sentinelleSLOGAN-1.png\",\"width\":615,\"height\":142,\"caption\":\"Quotidien La Sentinelle\"},\"image\":{\"@id\":\"https:\\\/\\\/lasentinelle.dz\\\/#\\\/schema\\\/logo\\\/image\\\/\"},\"sameAs\":[\"https:\\\/\\\/www.facebook.com\\\/La-Sentinelle-104059864394773\"]},{\"@type\":\"Person\",\"@id\":\"https:\\\/\\\/lasentinelle.dz\\\/#\\\/schema\\\/person\\\/d865044e22e70a75174ce8bcad3acfb3\",\"name\":\"La Sentinelle\",\"image\":{\"@type\":\"ImageObject\",\"inLanguage\":\"fr-FR\",\"@id\":\"https:\\\/\\\/secure.gravatar.com\\\/avatar\\\/57de8e5d4b15d43fb361a71fbb36338450fe67865b528a43dd10ef7c51a20392?s=96&d=mm&r=g\",\"url\":\"https:\\\/\\\/secure.gravatar.com\\\/avatar\\\/57de8e5d4b15d43fb361a71fbb36338450fe67865b528a43dd10ef7c51a20392?s=96&d=mm&r=g\",\"contentUrl\":\"https:\\\/\\\/secure.gravatar.com\\\/avatar\\\/57de8e5d4b15d43fb361a71fbb36338450fe67865b528a43dd10ef7c51a20392?s=96&d=mm&r=g\",\"caption\":\"La Sentinelle\"},\"sameAs\":[\"http:\\\/\\\/www.lasentinelle.dz\"],\"url\":\"https:\\\/\\\/lasentinelle.dz\\\/author\\\/redaction\\\/\"}]}<\/script>\n<!-- \/ Yoast SEO plugin. -->","yoast_head_json":{"title":"Coupe de la Conf\u00e9d\u00e9ration\u00a0: Les Rouge et Noir \u00e0 90 minutes du dernier carr\u00e9 - La Sentinelle","robots":{"index":"index","follow":"follow","max-snippet":"max-snippet:-1","max-image-preview":"max-image-preview:large","max-video-preview":"max-video-preview:-1"},"canonical":"https:\/\/lasentinelle.dz\/index.php\/2024\/04\/07\/coupe-de-la-confederation-les-rouge-et-noir-a-90-minutes-du-dernier-carre\/","og_locale":"fr_FR","og_type":"article","og_title":"Coupe de la Conf\u00e9d\u00e9ration\u00a0: Les Rouge et Noir \u00e0 90 minutes du dernier carr\u00e9 - La Sentinelle","og_description":"D\u00e9faits lors du match aller face aux Nig\u00e9rians de Rivers United, la semaine derni\u00e8re, les Rouge et Noir sont d\u00e9cid\u00e9s","og_url":"https:\/\/lasentinelle.dz\/index.php\/2024\/04\/07\/coupe-de-la-confederation-les-rouge-et-noir-a-90-minutes-du-dernier-carre\/","og_site_name":"La Sentinelle","article_publisher":"https:\/\/www.facebook.com\/La-Sentinelle-104059864394773","article_published_time":"2024-04-07T12:07:19+00:00","article_modified_time":"2024-04-07T12:07:22+00:00","og_image":[{"width":2048,"height":1362,"url":"https:\/\/lasentinelle.dz\/wp-content\/uploads\/2024\/04\/USMA-1.jpeg","type":"image\/jpeg"}],"author":"La Sentinelle","twitter_card":"summary_large_image","twitter_misc":{"\u00c9crit par":"La Sentinelle","Dur\u00e9e de lecture estim\u00e9e":"4 minutes"},"schema":{"@context":"https:\/\/schema.org","@graph":[{"@type":"Article","@id":"https:\/\/lasentinelle.dz\/index.php\/2024\/04\/07\/coupe-de-la-confederation-les-rouge-et-noir-a-90-minutes-du-dernier-carre\/#article","isPartOf":{"@id":"https:\/\/lasentinelle.dz\/index.php\/2024\/04\/07\/coupe-de-la-confederation-les-rouge-et-noir-a-90-minutes-du-dernier-carre\/"},"author":{"name":"La Sentinelle","@id":"https:\/\/lasentinelle.dz\/#\/schema\/person\/d865044e22e70a75174ce8bcad3acfb3"},"headline":"Coupe de la Conf\u00e9d\u00e9ration\u00a0: Les Rouge et Noir \u00e0 90 minutes du dernier carr\u00e9","datePublished":"2024-04-07T12:07:19+00:00","dateModified":"2024-04-07T12:07:22+00:00","mainEntityOfPage":{"@id":"https:\/\/lasentinelle.dz\/index.php\/2024\/04\/07\/coupe-de-la-confederation-les-rouge-et-noir-a-90-minutes-du-dernier-carre\/"},"wordCount":733,"commentCount":0,"publisher":{"@id":"https:\/\/lasentinelle.dz\/#organization"},"image":{"@id":"https:\/\/lasentinelle.dz\/index.php\/2024\/04\/07\/coupe-de-la-confederation-les-rouge-et-noir-a-90-minutes-du-dernier-carre\/#primaryimage"},"thumbnailUrl":"https:\/\/lasentinelle.dz\/wp-content\/uploads\/2024\/04\/USMA-1.jpeg","articleSection":["\u00c0 la Une","Sports"],"inLanguage":"fr-FR","potentialAction":[{"@type":"CommentAction","name":"Comment","target":["https:\/\/lasentinelle.dz\/index.php\/2024\/04\/07\/coupe-de-la-confederation-les-rouge-et-noir-a-90-minutes-du-dernier-carre\/#respond"]}]},{"@type":"WebPage","@id":"https:\/\/lasentinelle.dz\/index.php\/2024\/04\/07\/coupe-de-la-confederation-les-rouge-et-noir-a-90-minutes-du-dernier-carre\/","url":"https:\/\/lasentinelle.dz\/index.php\/2024\/04\/07\/coupe-de-la-confederation-les-rouge-et-noir-a-90-minutes-du-dernier-carre\/","name":"Coupe de la Conf\u00e9d\u00e9ration\u00a0: Les Rouge et Noir \u00e0 90 minutes du dernier carr\u00e9 - La Sentinelle","isPartOf":{"@id":"https:\/\/lasentinelle.dz\/#website"},"primaryImageOfPage":{"@id":"https:\/\/lasentinelle.dz\/index.php\/2024\/04\/07\/coupe-de-la-confederation-les-rouge-et-noir-a-90-minutes-du-dernier-carre\/#primaryimage"},"image":{"@id":"https:\/\/lasentinelle.dz\/index.php\/2024\/04\/07\/coupe-de-la-confederation-les-rouge-et-noir-a-90-minutes-du-dernier-carre\/#primaryimage"},"thumbnailUrl":"https:\/\/lasentinelle.dz\/wp-content\/uploads\/2024\/04\/USMA-1.jpeg","datePublished":"2024-04-07T12:07:19+00:00","dateModified":"2024-04-07T12:07:22+00:00","breadcrumb":{"@id":"https:\/\/lasentinelle.dz\/index.php\/2024\/04\/07\/coupe-de-la-confederation-les-rouge-et-noir-a-90-minutes-du-dernier-carre\/#breadcrumb"},"inLanguage":"fr-FR","potentialAction":[{"@type":"ReadAction","target":["https:\/\/lasentinelle.dz\/index.php\/2024\/04\/07\/coupe-de-la-confederation-les-rouge-et-noir-a-90-minutes-du-dernier-carre\/"]}]},{"@type":"ImageObject","inLanguage":"fr-FR","@id":"https:\/\/lasentinelle.dz\/index.php\/2024\/04\/07\/coupe-de-la-confederation-les-rouge-et-noir-a-90-minutes-du-dernier-carre\/#primaryimage","url":"https:\/\/lasentinelle.dz\/wp-content\/uploads\/2024\/04\/USMA-1.jpeg","contentUrl":"https:\/\/lasentinelle.dz\/wp-content\/uploads\/2024\/04\/USMA-1.jpeg","width":2048,"height":1362},{"@type":"BreadcrumbList","@id":"https:\/\/lasentinelle.dz\/index.php\/2024\/04\/07\/coupe-de-la-confederation-les-rouge-et-noir-a-90-minutes-du-dernier-carre\/#breadcrumb","itemListElement":[{"@type":"ListItem","position":1,"name":"Accueil","item":"https:\/\/lasentinelle.dz\/"},{"@type":"ListItem","position":2,"name":"Coupe de la Conf\u00e9d\u00e9ration\u00a0: Les Rouge et Noir \u00e0 90 minutes du dernier carr\u00e9"}]},{"@type":"WebSite","@id":"https:\/\/lasentinelle.dz\/#website","url":"https:\/\/lasentinelle.dz\/","name":"La Sentinelle","description":"Quotidien national d&#039;information","publisher":{"@id":"https:\/\/lasentinelle.dz\/#organization"},"potentialAction":[{"@type":"SearchAction","target":{"@type":"EntryPoint","urlTemplate":"https:\/\/lasentinelle.dz\/?s={search_term_string}"},"query-input":{"@type":"PropertyValueSpecification","valueRequired":true,"valueName":"search_term_string"}}],"inLanguage":"fr-FR"},{"@type":"Organization","@id":"https:\/\/lasentinelle.dz\/#organization","name":"Quotidien La Sentinelle","url":"https:\/\/lasentinelle.dz\/","logo":{"@type":"ImageObject","inLanguage":"fr-FR","@id":"https:\/\/lasentinelle.dz\/#\/schema\/logo\/image\/","url":"https:\/\/lasentinelle.dz\/wp-content\/uploads\/2021\/09\/logo-sentinelleSLOGAN-1.png","contentUrl":"https:\/\/lasentinelle.dz\/wp-content\/uploads\/2021\/09\/logo-sentinelleSLOGAN-1.png","width":615,"height":142,"caption":"Quotidien La Sentinelle"},"image":{"@id":"https:\/\/lasentinelle.dz\/#\/schema\/logo\/image\/"},"sameAs":["https:\/\/www.facebook.com\/La-Sentinelle-104059864394773"]},{"@type":"Person","@id":"https:\/\/lasentinelle.dz\/#\/schema\/person\/d865044e22e70a75174ce8bcad3acfb3","name":"La Sentinelle","image":{"@type":"ImageObject","inLanguage":"fr-FR","@id":"https:\/\/secure.gravatar.com\/avatar\/57de8e5d4b15d43fb361a71fbb36338450fe67865b528a43dd10ef7c51a20392?s=96&d=mm&r=g","url":"https:\/\/secure.gravatar.com\/avatar\/57de8e5d4b15d43fb361a71fbb36338450fe67865b528a43dd10ef7c51a20392?s=96&d=mm&r=g","contentUrl":"https:\/\/secure.gravatar.com\/avatar\/57de8e5d4b15d43fb361a71fbb36338450fe67865b528a43dd10ef7c51a20392?s=96&d=mm&r=g","caption":"La Sentinelle"},"sameAs":["http:\/\/www.lasentinelle.dz"],"url":"https:\/\/lasentinelle.dz\/author\/redaction\/"}]}},"_links":{"self":[{"href":"https:\/\/lasentinelle.dz\/index.php\/wp-json\/wp\/v2\/posts\/51024","targetHints":{"allow":["GET"]}}],"collection":[{"href":"https:\/\/lasentinelle.dz\/index.php\/wp-json\/wp\/v2\/posts"}],"about":[{"href":"https:\/\/lasentinelle.dz\/index.php\/wp-json\/wp\/v2\/types\/post"}],"author":[{"embeddable":true,"href":"https:\/\/lasentinelle.dz\/index.php\/wp-json\/wp\/v2\/users\/3"}],"replies":[{"embeddable":true,"href":"https:\/\/lasentinelle.dz\/index.php\/wp-json\/wp\/v2\/comments?post=51024"}],"version-history":[{"count":1,"href":"https:\/\/lasentinelle.dz\/index.php\/wp-json\/wp\/v2\/posts\/51024\/revisions"}],"predecessor-version":[{"id":51026,"href":"https:\/\/lasentinelle.dz\/index.php\/wp-json\/wp\/v2\/posts\/51024\/revisions\/51026"}],"wp:featuredmedia":[{"embeddable":true,"href":"https:\/\/lasentinelle.dz\/index.php\/wp-json\/wp\/v2\/media\/51025"}],"wp:attachment":[{"href":"https:\/\/lasentinelle.dz\/index.php\/wp-json\/wp\/v2\/media?parent=51024"}],"wp:term":[{"taxonomy":"category","embeddable":true,"href":"https:\/\/lasentinelle.dz\/index.php\/wp-json\/wp\/v2\/categories?post=51024"},{"taxonomy":"post_tag","embeddable":true,"href":"https:\/\/lasentinelle.dz\/index.php\/wp-json\/wp\/v2\/tags?post=51024"}],"curies":[{"name":"wp","href":"https:\/\/api.w.org\/{rel}","templated":true}]}}