{"id":51061,"date":"2024-04-07T13:38:25","date_gmt":"2024-04-07T12:38:25","guid":{"rendered":"https:\/\/lasentinelle.dz\/?p=51061"},"modified":"2024-04-07T13:38:28","modified_gmt":"2024-04-07T12:38:28","slug":"le-trafic-de-migrants-au-coeur-dune-nouvelle-crise-entre-lalgerie-et-le-niger-la-mise-au-point-dalger","status":"publish","type":"post","link":"https:\/\/lasentinelle.dz\/index.php\/2024\/04\/07\/le-trafic-de-migrants-au-coeur-dune-nouvelle-crise-entre-lalgerie-et-le-niger-la-mise-au-point-dalger\/","title":{"rendered":"Le trafic de migrants au c\u0153ur d\u2019une nouvelle crise entre l\u2019Alg\u00e9rie et le Niger\u00a0: La mise au point d\u2019Alger\u00a0!"},"content":{"rendered":"\n<p>Les autorit\u00e9s issues du putch au Niger ont abrog\u00e9 la loi qui criminalise le trafic de migrants. Agadez est redevenue la plaque tournante du trafic des migrants vers l\u2019Alg\u00e9rie, la Tunisie, la Libye est donc vers l\u2019Europe.<\/p>\n\n\n\n<p>Le trafic de migrants est c\u0153ur d\u2019une nouvelle brouille diplomatique entre Alger et Niamey. A l\u2019origine de cette brouille, la d\u00e9cision des autorit\u00e9s nig\u00e9riennes issues du putsch de l\u2019\u00e9t\u00e9 dernier de convoquer l\u2019ambassadeur d\u2019Alg\u00e9rie \u00e0 Niamey pour signifier leur m\u00e9contentement \u00e0 la politique de lutte contre l\u2019immigration clandestine, que l\u2019Alg\u00e9rie m\u00e8ne d\u2019ailleurs depuis plusieurs ann\u00e9es, d\u2019ailleurs le strict respect des conventions internationales et cadres e accords bilat\u00e9raux en la mati\u00e8re. Un fait que l\u2019Alg\u00e9rie a d\u00e9cid\u00e9 de rappeler aux voisins nig\u00e9riens. C\u2019est ainsi, le minist\u00e8re des Affaires \u00e9trang\u00e8res et de la Communaut\u00e9 nationale \u00e0 l\u2019\u00e9tranger a convoqu\u00e9 jeudi l&rsquo;ambassadeur de la R\u00e9publique du Niger \u00e0 Alger, Aminou Malam Manzo. Selon un communiqu\u00e9 du MAE le diplomate nig\u00e9rien a \u00e9t\u00e9 re\u00e7u au si\u00e8ge de ce d\u00e9partement minist\u00e9riel par la Directrice g\u00e9n\u00e9rale Afrique, Selma Malika Haddadi. Cette rencontre \u00ab\u00a0a port\u00e9 essentiellement sur la coop\u00e9ration entre les deux pays en mati\u00e8re de rapatriement des ressortissants nig\u00e9riens s\u00e9journant de mani\u00e8re irr\u00e9guli\u00e8re sur le territoire alg\u00e9rien\u00a0\u00bb, pr\u00e9cise la m\u00eame source, relevant que \u00ab\u00a0&lsquo;cette coop\u00e9ration a fait l\u2019objet de la part des autorit\u00e9s nig\u00e9riennes de certains jugements que la partie alg\u00e9rienne estime sans fondements\u00a0\u00bb. \u00ab\u00a0Il a \u00e9t\u00e9 rappel\u00e9 \u00e0 l&rsquo;ambassadeur de la R\u00e9publique du Niger l&rsquo;existence d&rsquo;un cadre bilat\u00e9ral d\u00e9di\u00e9 \u00e0 cette probl\u00e9matique. De m\u00eame, il lui a \u00e9t\u00e9 indiqu\u00e9 que ce cadre doit demeurer le lieu privil\u00e9gi\u00e9 de discussion et de traitement de toutes les donn\u00e9es et de tous les d\u00e9veloppements li\u00e9s \u00e0 cette probl\u00e9matique\u00a0\u00bb, note le communiqu\u00e9. Par la m\u00eame occasion, \u00ab\u00a0il a \u00e9t\u00e9 r\u00e9it\u00e9r\u00e9 \u00e0 l&rsquo;attention de l&rsquo;ambassadeur de la R\u00e9publique du Niger le ferme attachement de l&rsquo;Alg\u00e9rie aux r\u00e8gles essentielles de bon voisinage et sa volont\u00e9 de poursuivre la coordination avec le Niger sur cette question concernant les flux migratoires et sur toute autre question, dans le respect mutuel et sur la base des valeurs de coop\u00e9ration, de confiance et de solidarit\u00e9\u00a0\u00bb, conclut le communiqu\u00e9.<\/p>\n\n\n\n<p><strong>Agadez, plaque tournante du trafic de migrants<\/strong><\/p>\n\n\n\n<p>Il faut dire que la question du traitement des flux migratoires entre l\u2019Alg\u00e9rie et le Niger a toujours \u00e9t\u00e9 trait\u00e9 dans un cadre bilat\u00e9ral entre les deux pays refl\u00e9tant les rapports de bon voisinage entre les deux pays. Le Niger \u00e9tait \u00e9galement engag\u00e9 dans une politique de lutte contre la migration clandestine et s\u2019\u00e9tait dot\u00e9 en 2015 d\u2019une loi criminalisant le trafic de migrants. Cependant, les autorit\u00e9s militaires issus du putsch de l\u2019\u00e9t\u00e9 dernier et lequel a renvers\u00e9 le pr\u00e9sident \u00e9lu Mohamed Bazoum, ont abrog\u00e9 la loi criminalisant le trafic des migrants encourageant de facto la reprise l\u2019activit\u00e9 criminelle de traite des \u00eatres humains. Agadez dans le nord du Niger est redevenue ainsi une plaque tournante du trafic de migrants vers l\u2019Alg\u00e9rie, la Libye et la Tunisie, et par cons\u00e9quent vers l\u2019Europe, alors que les flux de migrants transitant par le Niger ont sensiblement augment\u00e9 ces derniers mois. Selon les chiffres de l\u2019Organisation internationale des migrations cit\u00e9s par le quotidien fran\u00e7ais le Monde, les flux ont augment\u00e9 de 34 % vers l\u2019Alg\u00e9rie. Dans ce contexte, Hassan Kacimi, ancien directeur des migrations au minist\u00e8re de l\u2019Int\u00e9rieur, a averti contre la menace migratoire en provenance du Niger. L\u2019expert en questions migratoires a indiqu\u00e9 dans un post publi\u00e9 jeudi a soulign\u00e9 que dans le cadre de la mise en \u0153uvre de la convention internationale de Palerme de 2000, l\u2019Alg\u00e9rie a promulgu\u00e9 la loi n\u00b023\/04 relative \u00e0 la pr\u00e9vention et \u00e0 la lutte contre la traite des personnes. Et de souligner que le Niger a annul\u00e9 sa loi contre le trafic de migrants en violation de la convention de Palerme et de ses deux protocoles additionnels de lutte contre le trafic de migrants et de la traite des personnes.<\/p>\n\n\n\n<p><strong>Un milliard de dollars de revenus<\/strong><\/p>\n\n\n\n<p>L\u2019expert d\u00e9nonce aussi le fait que le Niger \u00ab&nbsp;organise deux fois par semaine, \u00e0 partir d&rsquo;Agadez, moyennant le paiement d&rsquo;une taxe d&rsquo;escorte des migrants&nbsp;\u00bb, avec le concours des r\u00e9seaux de passeurs, l&rsquo;acheminement des migrants des pays du Sahel et de la CEDEAO, vers l&rsquo;Alg\u00e9rie, la Libye, la Tunisie et donc l&rsquo;Europe&nbsp;\u00bb. Plus grave encore, Hassan Kacimi affirme que les barons du trafic de migrants et de traite des personnes ont \u00e9t\u00e9 lib\u00e9r\u00e9s par les nouvelles autorit\u00e9s Nig\u00e9riennes de transition dans le cadre de l\u2019abrogation de la loi sur le trafic des migrants et et ils ont donc \u00e9t\u00e9 \u00ab&nbsp;encourag\u00e9s \u00e0 reprendre du service&nbsp;\u00bb. Il souligne \u00e9galement l\u2019enjeu financier qui sous-tend l\u2019attitude des autorit\u00e9s nig\u00e9riennes. Il indique ainsi que \u00ab&nbsp;les revenus des r\u00e9seaux de trafic de migrants et de traite des personnes en Afrique d\u00e9passent le milliard de dollars par an&nbsp;\u00bb. Un enjeu, explique-t-il qui motive aussi \u00ab&nbsp;l&rsquo;alliance tactique, entre les groupes arm\u00e9s, les groupes terroristes, les r\u00e9seaux du trafic des armes, de la drogue, des orpailleurs et des trafiquants de psychotropes&nbsp;\u00bb.<\/p>\n\n\n\n<p>Il souligne aussi que \u00ab&nbsp;refouler un migrant en situation ill\u00e9gale est une pratique l\u00e9gale, en usage, quand un migrant traverse les fronti\u00e8res d&rsquo;un pays, de mani\u00e8re ill\u00e9gale&nbsp;\u00bb. Il recommande dans ce sens \u00ab&nbsp;de renforcer nos dispositifs de lutte contre l&rsquo;immigration ill\u00e9gale au niveau de nos fronti\u00e8res avec Mali et le Niger, pour \u00e9viter le pire et r\u00e9duire les op\u00e9rations de rapatriement qui sont tr\u00e8s co\u00fbteuses&nbsp;\u00bb. Il interpelle aussi les autorit\u00e9s Nig\u00e9riennes \u00ab&nbsp;pour rapatrier les milliers d&rsquo;enfants Nig\u00e9riens transf\u00e9r\u00e9s par la force en Alg\u00e9rie pour la pratique de la mendicit\u00e9, et qui sont exploit\u00e9s par des r\u00e9seaux criminels Nig\u00e9riens de traite des personnes&nbsp;\u00bb.<\/p>\n\n\n\n<p>Notons que l\u2019Alg\u00e9rie a toujours privil\u00e9gi\u00e9e &nbsp;les approches assises sur le dialogue et la coop\u00e9ration pour le traitement des questions et d\u00e9fis r\u00e9gionaux. Rappelons dans ce contexte qu\u2019au lendemain du coup d\u2019\u00c9tat qui a \u00e9vinc\u00e9 du pouvoir le pr\u00e9sident Mohamed Bazoum, le 26 juillet 2023, l\u2019Alg\u00e9rie a grandement contribu\u00e9 \u00e0 \u00e9viter \u00e0 ce pays le spectre de la guerre en plaidant pour le retour pacifique \u00e0 l\u2019ordre constitutionnel face \u00e0 la menace d\u2019intervention militaire brandie par les pays de la CEDEAO (communaut\u00e9 \u00e9conomique des \u00c9tats d\u2019Afrique de l\u2019ouest).<\/p>\n\n\n\n<p><strong>Hocine Fadheli<\/strong><\/p>\n","protected":false},"excerpt":{"rendered":"<p>Les autorit\u00e9s issues du putch au Niger ont abrog\u00e9 la loi qui criminalise le trafic de migrants. Agadez est redevenue<\/p>\n","protected":false},"author":3,"featured_media":51062,"comment_status":"open","ping_status":"closed","sticky":false,"template":"","format":"standard","meta":{"colormag_page_container_layout":"default_layout","colormag_page_sidebar_layout":"default_layout","om_disable_all_campaigns":false,"_monsterinsights_skip_tracking":false,"_monsterinsights_sitenote_active":false,"_monsterinsights_sitenote_note":"","_monsterinsights_sitenote_category":0,"footnotes":"","_wpscppro_dont_share_socialmedia":false,"_wpscppro_custom_social_share_image":0,"_facebook_share_type":"","_twitter_share_type":"","_linkedin_share_type":"","_pinterest_share_type":"","_linkedin_share_type_page":"","_instagram_share_type":"","_medium_share_type":"","_threads_share_type":"","_google_business_share_type":"","_selected_social_profile":[],"_wpsp_enable_custom_social_template":false,"_wpsp_social_scheduling":{"enabled":false,"datetime":null,"platforms":[],"status":"template_only","dateOption":"today","timeOption":"now","customDays":"","customHours":"","customDate":"","customTime":"","schedulingType":"absolute"},"_wpsp_active_default_template":true},"categories":[52,27],"tags":[],"class_list":["post-51061","post","type-post","status-publish","format-standard","has-post-thumbnail","hentry","category-a-la-une","category-actualite"],"aioseo_notices":[],"yoast_head":"<!-- This site is optimized with the Yoast SEO plugin v27.5 - https:\/\/yoast.com\/product\/yoast-seo-wordpress\/ -->\n<title>Le trafic de migrants au c\u0153ur d\u2019une nouvelle crise entre l\u2019Alg\u00e9rie et le Niger\u00a0: La mise au point d\u2019Alger\u00a0! - La Sentinelle<\/title>\n<meta name=\"robots\" content=\"index, follow, max-snippet:-1, max-image-preview:large, max-video-preview:-1\" \/>\n<link rel=\"canonical\" href=\"https:\/\/lasentinelle.dz\/index.php\/2024\/04\/07\/le-trafic-de-migrants-au-coeur-dune-nouvelle-crise-entre-lalgerie-et-le-niger-la-mise-au-point-dalger\/\" \/>\n<meta property=\"og:locale\" content=\"fr_FR\" \/>\n<meta property=\"og:type\" content=\"article\" \/>\n<meta property=\"og:title\" content=\"Le trafic de migrants au c\u0153ur d\u2019une nouvelle crise entre l\u2019Alg\u00e9rie et le Niger\u00a0: La mise au point d\u2019Alger\u00a0! - La Sentinelle\" \/>\n<meta property=\"og:description\" content=\"Les autorit\u00e9s issues du putch au Niger ont abrog\u00e9 la loi qui criminalise le trafic de migrants. Agadez est redevenue\" \/>\n<meta property=\"og:url\" content=\"https:\/\/lasentinelle.dz\/index.php\/2024\/04\/07\/le-trafic-de-migrants-au-coeur-dune-nouvelle-crise-entre-lalgerie-et-le-niger-la-mise-au-point-dalger\/\" \/>\n<meta property=\"og:site_name\" content=\"La Sentinelle\" \/>\n<meta property=\"article:publisher\" content=\"https:\/\/www.facebook.com\/La-Sentinelle-104059864394773\" \/>\n<meta property=\"article:published_time\" content=\"2024-04-07T12:38:25+00:00\" \/>\n<meta property=\"article:modified_time\" content=\"2024-04-07T12:38:28+00:00\" \/>\n<meta property=\"og:image\" content=\"https:\/\/lasentinelle.dz\/wp-content\/uploads\/2024\/04\/migrants.jpeg\" \/>\n\t<meta property=\"og:image:width\" content=\"1486\" \/>\n\t<meta property=\"og:image:height\" content=\"991\" \/>\n\t<meta property=\"og:image:type\" content=\"image\/jpeg\" \/>\n<meta name=\"author\" content=\"La Sentinelle\" \/>\n<meta name=\"twitter:card\" content=\"summary_large_image\" \/>\n<meta name=\"twitter:label1\" content=\"\u00c9crit par\" \/>\n\t<meta name=\"twitter:data1\" content=\"La Sentinelle\" \/>\n\t<meta name=\"twitter:label2\" content=\"Dur\u00e9e de lecture estim\u00e9e\" \/>\n\t<meta name=\"twitter:data2\" content=\"6 minutes\" \/>\n<script type=\"application\/ld+json\" class=\"yoast-schema-graph\">{\"@context\":\"https:\\\/\\\/schema.org\",\"@graph\":[{\"@type\":\"Article\",\"@id\":\"https:\\\/\\\/lasentinelle.dz\\\/index.php\\\/2024\\\/04\\\/07\\\/le-trafic-de-migrants-au-coeur-dune-nouvelle-crise-entre-lalgerie-et-le-niger-la-mise-au-point-dalger\\\/#article\",\"isPartOf\":{\"@id\":\"https:\\\/\\\/lasentinelle.dz\\\/index.php\\\/2024\\\/04\\\/07\\\/le-trafic-de-migrants-au-coeur-dune-nouvelle-crise-entre-lalgerie-et-le-niger-la-mise-au-point-dalger\\\/\"},\"author\":{\"name\":\"La Sentinelle\",\"@id\":\"https:\\\/\\\/lasentinelle.dz\\\/#\\\/schema\\\/person\\\/d865044e22e70a75174ce8bcad3acfb3\"},\"headline\":\"Le trafic de migrants au c\u0153ur d\u2019une nouvelle crise entre l\u2019Alg\u00e9rie et le Niger\u00a0: La mise au point d\u2019Alger\u00a0!\",\"datePublished\":\"2024-04-07T12:38:25+00:00\",\"dateModified\":\"2024-04-07T12:38:28+00:00\",\"mainEntityOfPage\":{\"@id\":\"https:\\\/\\\/lasentinelle.dz\\\/index.php\\\/2024\\\/04\\\/07\\\/le-trafic-de-migrants-au-coeur-dune-nouvelle-crise-entre-lalgerie-et-le-niger-la-mise-au-point-dalger\\\/\"},\"wordCount\":1198,\"commentCount\":0,\"publisher\":{\"@id\":\"https:\\\/\\\/lasentinelle.dz\\\/#organization\"},\"image\":{\"@id\":\"https:\\\/\\\/lasentinelle.dz\\\/index.php\\\/2024\\\/04\\\/07\\\/le-trafic-de-migrants-au-coeur-dune-nouvelle-crise-entre-lalgerie-et-le-niger-la-mise-au-point-dalger\\\/#primaryimage\"},\"thumbnailUrl\":\"https:\\\/\\\/lasentinelle.dz\\\/wp-content\\\/uploads\\\/2024\\\/04\\\/migrants.jpeg\",\"articleSection\":[\"\u00c0 la Une\",\"Actualit\u00e9\"],\"inLanguage\":\"fr-FR\",\"potentialAction\":[{\"@type\":\"CommentAction\",\"name\":\"Comment\",\"target\":[\"https:\\\/\\\/lasentinelle.dz\\\/index.php\\\/2024\\\/04\\\/07\\\/le-trafic-de-migrants-au-coeur-dune-nouvelle-crise-entre-lalgerie-et-le-niger-la-mise-au-point-dalger\\\/#respond\"]}]},{\"@type\":\"WebPage\",\"@id\":\"https:\\\/\\\/lasentinelle.dz\\\/index.php\\\/2024\\\/04\\\/07\\\/le-trafic-de-migrants-au-coeur-dune-nouvelle-crise-entre-lalgerie-et-le-niger-la-mise-au-point-dalger\\\/\",\"url\":\"https:\\\/\\\/lasentinelle.dz\\\/index.php\\\/2024\\\/04\\\/07\\\/le-trafic-de-migrants-au-coeur-dune-nouvelle-crise-entre-lalgerie-et-le-niger-la-mise-au-point-dalger\\\/\",\"name\":\"Le trafic de migrants au c\u0153ur d\u2019une nouvelle crise entre l\u2019Alg\u00e9rie et le Niger\u00a0: La mise au point d\u2019Alger\u00a0! - La Sentinelle\",\"isPartOf\":{\"@id\":\"https:\\\/\\\/lasentinelle.dz\\\/#website\"},\"primaryImageOfPage\":{\"@id\":\"https:\\\/\\\/lasentinelle.dz\\\/index.php\\\/2024\\\/04\\\/07\\\/le-trafic-de-migrants-au-coeur-dune-nouvelle-crise-entre-lalgerie-et-le-niger-la-mise-au-point-dalger\\\/#primaryimage\"},\"image\":{\"@id\":\"https:\\\/\\\/lasentinelle.dz\\\/index.php\\\/2024\\\/04\\\/07\\\/le-trafic-de-migrants-au-coeur-dune-nouvelle-crise-entre-lalgerie-et-le-niger-la-mise-au-point-dalger\\\/#primaryimage\"},\"thumbnailUrl\":\"https:\\\/\\\/lasentinelle.dz\\\/wp-content\\\/uploads\\\/2024\\\/04\\\/migrants.jpeg\",\"datePublished\":\"2024-04-07T12:38:25+00:00\",\"dateModified\":\"2024-04-07T12:38:28+00:00\",\"breadcrumb\":{\"@id\":\"https:\\\/\\\/lasentinelle.dz\\\/index.php\\\/2024\\\/04\\\/07\\\/le-trafic-de-migrants-au-coeur-dune-nouvelle-crise-entre-lalgerie-et-le-niger-la-mise-au-point-dalger\\\/#breadcrumb\"},\"inLanguage\":\"fr-FR\",\"potentialAction\":[{\"@type\":\"ReadAction\",\"target\":[\"https:\\\/\\\/lasentinelle.dz\\\/index.php\\\/2024\\\/04\\\/07\\\/le-trafic-de-migrants-au-coeur-dune-nouvelle-crise-entre-lalgerie-et-le-niger-la-mise-au-point-dalger\\\/\"]}]},{\"@type\":\"ImageObject\",\"inLanguage\":\"fr-FR\",\"@id\":\"https:\\\/\\\/lasentinelle.dz\\\/index.php\\\/2024\\\/04\\\/07\\\/le-trafic-de-migrants-au-coeur-dune-nouvelle-crise-entre-lalgerie-et-le-niger-la-mise-au-point-dalger\\\/#primaryimage\",\"url\":\"https:\\\/\\\/lasentinelle.dz\\\/wp-content\\\/uploads\\\/2024\\\/04\\\/migrants.jpeg\",\"contentUrl\":\"https:\\\/\\\/lasentinelle.dz\\\/wp-content\\\/uploads\\\/2024\\\/04\\\/migrants.jpeg\",\"width\":1486,\"height\":991,\"caption\":\"FILE - In this Monday, June 4, 2018 file photo, Nigeriens and third-country migrants head towards Libya from Agadez, Niger. Algeria\u00e2\u20ac\u2122s deadly expulsions of migrants into the Sahara Desert have nearly ground to a halt after widespread condemnation and the abrupt firing of two of its top security officials. Officials with the UN\u00e2\u20ac\u2122s International Organization for Migration said the expulsions to the desert border Algeria shares with Niger and Mali had all but ended since The Associated Press reported more than 13,000 people had been dropped there since May 2017, including women and children. (AP Photo\\\/Jerome Delay, File)\\\/LON102\\\/18194309849263\\\/MONDAY, JUNE 4, 2018 FILE PHOTO\\\/1807131046\"},{\"@type\":\"BreadcrumbList\",\"@id\":\"https:\\\/\\\/lasentinelle.dz\\\/index.php\\\/2024\\\/04\\\/07\\\/le-trafic-de-migrants-au-coeur-dune-nouvelle-crise-entre-lalgerie-et-le-niger-la-mise-au-point-dalger\\\/#breadcrumb\",\"itemListElement\":[{\"@type\":\"ListItem\",\"position\":1,\"name\":\"Accueil\",\"item\":\"https:\\\/\\\/lasentinelle.dz\\\/\"},{\"@type\":\"ListItem\",\"position\":2,\"name\":\"Le trafic de migrants au c\u0153ur d\u2019une nouvelle crise entre l\u2019Alg\u00e9rie et le Niger\u00a0: La mise au point d\u2019Alger\u00a0!\"}]},{\"@type\":\"WebSite\",\"@id\":\"https:\\\/\\\/lasentinelle.dz\\\/#website\",\"url\":\"https:\\\/\\\/lasentinelle.dz\\\/\",\"name\":\"La Sentinelle\",\"description\":\"Quotidien national d&#039;information\",\"publisher\":{\"@id\":\"https:\\\/\\\/lasentinelle.dz\\\/#organization\"},\"potentialAction\":[{\"@type\":\"SearchAction\",\"target\":{\"@type\":\"EntryPoint\",\"urlTemplate\":\"https:\\\/\\\/lasentinelle.dz\\\/?s={search_term_string}\"},\"query-input\":{\"@type\":\"PropertyValueSpecification\",\"valueRequired\":true,\"valueName\":\"search_term_string\"}}],\"inLanguage\":\"fr-FR\"},{\"@type\":\"Organization\",\"@id\":\"https:\\\/\\\/lasentinelle.dz\\\/#organization\",\"name\":\"Quotidien La Sentinelle\",\"url\":\"https:\\\/\\\/lasentinelle.dz\\\/\",\"logo\":{\"@type\":\"ImageObject\",\"inLanguage\":\"fr-FR\",\"@id\":\"https:\\\/\\\/lasentinelle.dz\\\/#\\\/schema\\\/logo\\\/image\\\/\",\"url\":\"https:\\\/\\\/lasentinelle.dz\\\/wp-content\\\/uploads\\\/2021\\\/09\\\/logo-sentinelleSLOGAN-1.png\",\"contentUrl\":\"https:\\\/\\\/lasentinelle.dz\\\/wp-content\\\/uploads\\\/2021\\\/09\\\/logo-sentinelleSLOGAN-1.png\",\"width\":615,\"height\":142,\"caption\":\"Quotidien La Sentinelle\"},\"image\":{\"@id\":\"https:\\\/\\\/lasentinelle.dz\\\/#\\\/schema\\\/logo\\\/image\\\/\"},\"sameAs\":[\"https:\\\/\\\/www.facebook.com\\\/La-Sentinelle-104059864394773\"]},{\"@type\":\"Person\",\"@id\":\"https:\\\/\\\/lasentinelle.dz\\\/#\\\/schema\\\/person\\\/d865044e22e70a75174ce8bcad3acfb3\",\"name\":\"La Sentinelle\",\"image\":{\"@type\":\"ImageObject\",\"inLanguage\":\"fr-FR\",\"@id\":\"https:\\\/\\\/secure.gravatar.com\\\/avatar\\\/57de8e5d4b15d43fb361a71fbb36338450fe67865b528a43dd10ef7c51a20392?s=96&d=mm&r=g\",\"url\":\"https:\\\/\\\/secure.gravatar.com\\\/avatar\\\/57de8e5d4b15d43fb361a71fbb36338450fe67865b528a43dd10ef7c51a20392?s=96&d=mm&r=g\",\"contentUrl\":\"https:\\\/\\\/secure.gravatar.com\\\/avatar\\\/57de8e5d4b15d43fb361a71fbb36338450fe67865b528a43dd10ef7c51a20392?s=96&d=mm&r=g\",\"caption\":\"La Sentinelle\"},\"sameAs\":[\"http:\\\/\\\/www.lasentinelle.dz\"],\"url\":\"https:\\\/\\\/lasentinelle.dz\\\/author\\\/redaction\\\/\"}]}<\/script>\n<!-- \/ Yoast SEO plugin. -->","yoast_head_json":{"title":"Le trafic de migrants au c\u0153ur d\u2019une nouvelle crise entre l\u2019Alg\u00e9rie et le Niger\u00a0: La mise au point d\u2019Alger\u00a0! - La Sentinelle","robots":{"index":"index","follow":"follow","max-snippet":"max-snippet:-1","max-image-preview":"max-image-preview:large","max-video-preview":"max-video-preview:-1"},"canonical":"https:\/\/lasentinelle.dz\/index.php\/2024\/04\/07\/le-trafic-de-migrants-au-coeur-dune-nouvelle-crise-entre-lalgerie-et-le-niger-la-mise-au-point-dalger\/","og_locale":"fr_FR","og_type":"article","og_title":"Le trafic de migrants au c\u0153ur d\u2019une nouvelle crise entre l\u2019Alg\u00e9rie et le Niger\u00a0: La mise au point d\u2019Alger\u00a0! - La Sentinelle","og_description":"Les autorit\u00e9s issues du putch au Niger ont abrog\u00e9 la loi qui criminalise le trafic de migrants. Agadez est redevenue","og_url":"https:\/\/lasentinelle.dz\/index.php\/2024\/04\/07\/le-trafic-de-migrants-au-coeur-dune-nouvelle-crise-entre-lalgerie-et-le-niger-la-mise-au-point-dalger\/","og_site_name":"La Sentinelle","article_publisher":"https:\/\/www.facebook.com\/La-Sentinelle-104059864394773","article_published_time":"2024-04-07T12:38:25+00:00","article_modified_time":"2024-04-07T12:38:28+00:00","og_image":[{"width":1486,"height":991,"url":"https:\/\/lasentinelle.dz\/wp-content\/uploads\/2024\/04\/migrants.jpeg","type":"image\/jpeg"}],"author":"La Sentinelle","twitter_card":"summary_large_image","twitter_misc":{"\u00c9crit par":"La Sentinelle","Dur\u00e9e de lecture estim\u00e9e":"6 minutes"},"schema":{"@context":"https:\/\/schema.org","@graph":[{"@type":"Article","@id":"https:\/\/lasentinelle.dz\/index.php\/2024\/04\/07\/le-trafic-de-migrants-au-coeur-dune-nouvelle-crise-entre-lalgerie-et-le-niger-la-mise-au-point-dalger\/#article","isPartOf":{"@id":"https:\/\/lasentinelle.dz\/index.php\/2024\/04\/07\/le-trafic-de-migrants-au-coeur-dune-nouvelle-crise-entre-lalgerie-et-le-niger-la-mise-au-point-dalger\/"},"author":{"name":"La Sentinelle","@id":"https:\/\/lasentinelle.dz\/#\/schema\/person\/d865044e22e70a75174ce8bcad3acfb3"},"headline":"Le trafic de migrants au c\u0153ur d\u2019une nouvelle crise entre l\u2019Alg\u00e9rie et le Niger\u00a0: La mise au point d\u2019Alger\u00a0!","datePublished":"2024-04-07T12:38:25+00:00","dateModified":"2024-04-07T12:38:28+00:00","mainEntityOfPage":{"@id":"https:\/\/lasentinelle.dz\/index.php\/2024\/04\/07\/le-trafic-de-migrants-au-coeur-dune-nouvelle-crise-entre-lalgerie-et-le-niger-la-mise-au-point-dalger\/"},"wordCount":1198,"commentCount":0,"publisher":{"@id":"https:\/\/lasentinelle.dz\/#organization"},"image":{"@id":"https:\/\/lasentinelle.dz\/index.php\/2024\/04\/07\/le-trafic-de-migrants-au-coeur-dune-nouvelle-crise-entre-lalgerie-et-le-niger-la-mise-au-point-dalger\/#primaryimage"},"thumbnailUrl":"https:\/\/lasentinelle.dz\/wp-content\/uploads\/2024\/04\/migrants.jpeg","articleSection":["\u00c0 la Une","Actualit\u00e9"],"inLanguage":"fr-FR","potentialAction":[{"@type":"CommentAction","name":"Comment","target":["https:\/\/lasentinelle.dz\/index.php\/2024\/04\/07\/le-trafic-de-migrants-au-coeur-dune-nouvelle-crise-entre-lalgerie-et-le-niger-la-mise-au-point-dalger\/#respond"]}]},{"@type":"WebPage","@id":"https:\/\/lasentinelle.dz\/index.php\/2024\/04\/07\/le-trafic-de-migrants-au-coeur-dune-nouvelle-crise-entre-lalgerie-et-le-niger-la-mise-au-point-dalger\/","url":"https:\/\/lasentinelle.dz\/index.php\/2024\/04\/07\/le-trafic-de-migrants-au-coeur-dune-nouvelle-crise-entre-lalgerie-et-le-niger-la-mise-au-point-dalger\/","name":"Le trafic de migrants au c\u0153ur d\u2019une nouvelle crise entre l\u2019Alg\u00e9rie et le Niger\u00a0: La mise au point d\u2019Alger\u00a0! - La Sentinelle","isPartOf":{"@id":"https:\/\/lasentinelle.dz\/#website"},"primaryImageOfPage":{"@id":"https:\/\/lasentinelle.dz\/index.php\/2024\/04\/07\/le-trafic-de-migrants-au-coeur-dune-nouvelle-crise-entre-lalgerie-et-le-niger-la-mise-au-point-dalger\/#primaryimage"},"image":{"@id":"https:\/\/lasentinelle.dz\/index.php\/2024\/04\/07\/le-trafic-de-migrants-au-coeur-dune-nouvelle-crise-entre-lalgerie-et-le-niger-la-mise-au-point-dalger\/#primaryimage"},"thumbnailUrl":"https:\/\/lasentinelle.dz\/wp-content\/uploads\/2024\/04\/migrants.jpeg","datePublished":"2024-04-07T12:38:25+00:00","dateModified":"2024-04-07T12:38:28+00:00","breadcrumb":{"@id":"https:\/\/lasentinelle.dz\/index.php\/2024\/04\/07\/le-trafic-de-migrants-au-coeur-dune-nouvelle-crise-entre-lalgerie-et-le-niger-la-mise-au-point-dalger\/#breadcrumb"},"inLanguage":"fr-FR","potentialAction":[{"@type":"ReadAction","target":["https:\/\/lasentinelle.dz\/index.php\/2024\/04\/07\/le-trafic-de-migrants-au-coeur-dune-nouvelle-crise-entre-lalgerie-et-le-niger-la-mise-au-point-dalger\/"]}]},{"@type":"ImageObject","inLanguage":"fr-FR","@id":"https:\/\/lasentinelle.dz\/index.php\/2024\/04\/07\/le-trafic-de-migrants-au-coeur-dune-nouvelle-crise-entre-lalgerie-et-le-niger-la-mise-au-point-dalger\/#primaryimage","url":"https:\/\/lasentinelle.dz\/wp-content\/uploads\/2024\/04\/migrants.jpeg","contentUrl":"https:\/\/lasentinelle.dz\/wp-content\/uploads\/2024\/04\/migrants.jpeg","width":1486,"height":991,"caption":"FILE - In this Monday, June 4, 2018 file photo, Nigeriens and third-country migrants head towards Libya from Agadez, Niger. Algeria\u00e2\u20ac\u2122s deadly expulsions of migrants into the Sahara Desert have nearly ground to a halt after widespread condemnation and the abrupt firing of two of its top security officials. Officials with the UN\u00e2\u20ac\u2122s International Organization for Migration said the expulsions to the desert border Algeria shares with Niger and Mali had all but ended since The Associated Press reported more than 13,000 people had been dropped there since May 2017, including women and children. (AP Photo\/Jerome Delay, File)\/LON102\/18194309849263\/MONDAY, JUNE 4, 2018 FILE PHOTO\/1807131046"},{"@type":"BreadcrumbList","@id":"https:\/\/lasentinelle.dz\/index.php\/2024\/04\/07\/le-trafic-de-migrants-au-coeur-dune-nouvelle-crise-entre-lalgerie-et-le-niger-la-mise-au-point-dalger\/#breadcrumb","itemListElement":[{"@type":"ListItem","position":1,"name":"Accueil","item":"https:\/\/lasentinelle.dz\/"},{"@type":"ListItem","position":2,"name":"Le trafic de migrants au c\u0153ur d\u2019une nouvelle crise entre l\u2019Alg\u00e9rie et le Niger\u00a0: La mise au point d\u2019Alger\u00a0!"}]},{"@type":"WebSite","@id":"https:\/\/lasentinelle.dz\/#website","url":"https:\/\/lasentinelle.dz\/","name":"La Sentinelle","description":"Quotidien national d&#039;information","publisher":{"@id":"https:\/\/lasentinelle.dz\/#organization"},"potentialAction":[{"@type":"SearchAction","target":{"@type":"EntryPoint","urlTemplate":"https:\/\/lasentinelle.dz\/?s={search_term_string}"},"query-input":{"@type":"PropertyValueSpecification","valueRequired":true,"valueName":"search_term_string"}}],"inLanguage":"fr-FR"},{"@type":"Organization","@id":"https:\/\/lasentinelle.dz\/#organization","name":"Quotidien La Sentinelle","url":"https:\/\/lasentinelle.dz\/","logo":{"@type":"ImageObject","inLanguage":"fr-FR","@id":"https:\/\/lasentinelle.dz\/#\/schema\/logo\/image\/","url":"https:\/\/lasentinelle.dz\/wp-content\/uploads\/2021\/09\/logo-sentinelleSLOGAN-1.png","contentUrl":"https:\/\/lasentinelle.dz\/wp-content\/uploads\/2021\/09\/logo-sentinelleSLOGAN-1.png","width":615,"height":142,"caption":"Quotidien La Sentinelle"},"image":{"@id":"https:\/\/lasentinelle.dz\/#\/schema\/logo\/image\/"},"sameAs":["https:\/\/www.facebook.com\/La-Sentinelle-104059864394773"]},{"@type":"Person","@id":"https:\/\/lasentinelle.dz\/#\/schema\/person\/d865044e22e70a75174ce8bcad3acfb3","name":"La Sentinelle","image":{"@type":"ImageObject","inLanguage":"fr-FR","@id":"https:\/\/secure.gravatar.com\/avatar\/57de8e5d4b15d43fb361a71fbb36338450fe67865b528a43dd10ef7c51a20392?s=96&d=mm&r=g","url":"https:\/\/secure.gravatar.com\/avatar\/57de8e5d4b15d43fb361a71fbb36338450fe67865b528a43dd10ef7c51a20392?s=96&d=mm&r=g","contentUrl":"https:\/\/secure.gravatar.com\/avatar\/57de8e5d4b15d43fb361a71fbb36338450fe67865b528a43dd10ef7c51a20392?s=96&d=mm&r=g","caption":"La Sentinelle"},"sameAs":["http:\/\/www.lasentinelle.dz"],"url":"https:\/\/lasentinelle.dz\/author\/redaction\/"}]}},"_links":{"self":[{"href":"https:\/\/lasentinelle.dz\/index.php\/wp-json\/wp\/v2\/posts\/51061","targetHints":{"allow":["GET"]}}],"collection":[{"href":"https:\/\/lasentinelle.dz\/index.php\/wp-json\/wp\/v2\/posts"}],"about":[{"href":"https:\/\/lasentinelle.dz\/index.php\/wp-json\/wp\/v2\/types\/post"}],"author":[{"embeddable":true,"href":"https:\/\/lasentinelle.dz\/index.php\/wp-json\/wp\/v2\/users\/3"}],"replies":[{"embeddable":true,"href":"https:\/\/lasentinelle.dz\/index.php\/wp-json\/wp\/v2\/comments?post=51061"}],"version-history":[{"count":1,"href":"https:\/\/lasentinelle.dz\/index.php\/wp-json\/wp\/v2\/posts\/51061\/revisions"}],"predecessor-version":[{"id":51063,"href":"https:\/\/lasentinelle.dz\/index.php\/wp-json\/wp\/v2\/posts\/51061\/revisions\/51063"}],"wp:featuredmedia":[{"embeddable":true,"href":"https:\/\/lasentinelle.dz\/index.php\/wp-json\/wp\/v2\/media\/51062"}],"wp:attachment":[{"href":"https:\/\/lasentinelle.dz\/index.php\/wp-json\/wp\/v2\/media?parent=51061"}],"wp:term":[{"taxonomy":"category","embeddable":true,"href":"https:\/\/lasentinelle.dz\/index.php\/wp-json\/wp\/v2\/categories?post=51061"},{"taxonomy":"post_tag","embeddable":true,"href":"https:\/\/lasentinelle.dz\/index.php\/wp-json\/wp\/v2\/tags?post=51061"}],"curies":[{"name":"wp","href":"https:\/\/api.w.org\/{rel}","templated":true}]}}