{"id":51106,"date":"2024-04-08T14:27:29","date_gmt":"2024-04-08T13:27:29","guid":{"rendered":"https:\/\/lasentinelle.dz\/?p=51106"},"modified":"2024-04-08T14:27:32","modified_gmt":"2024-04-08T13:27:32","slug":"ouverture-dune-procedure-contre-lallemagne-a-la-cij-mettre-les-complices-du-genocide-face-a-leurs-responsabilites","status":"publish","type":"post","link":"https:\/\/lasentinelle.dz\/index.php\/2024\/04\/08\/ouverture-dune-procedure-contre-lallemagne-a-la-cij-mettre-les-complices-du-genocide-face-a-leurs-responsabilites\/","title":{"rendered":"Ouverture d\u2019une proc\u00e9dure contre l\u2019Allemagne \u00e0 la CIJ\u00a0: Mettre les complices du g\u00e9nocide face \u00e0 leurs responsabilit\u00e9s"},"content":{"rendered":"\n<p>Le Cour internationale de Justice entame aujourd\u2019hui les audiences publiques dans le cadre d\u2019une requ\u00eate introduite pas le Nicaragua contre l\u2019Allemagne afin faire cesser la livraison d\u2019armes \u00e0 l\u2019entit\u00e9 sioniste.<\/p>\n\n\n\n<p>La pression internationale s\u2019intensifie sur l\u2019entit\u00e9 sioniste, mais aussi sur ses alli\u00e9s occidentaux pour faire cessez le g\u00e9nocide en cours \u00e0 Ghaza. Plusieurs d\u00e9cisions et r\u00e9solutions des instances de l\u2019ONU, y compris du Conseil de s\u00e9curit\u00e9, ont \u00e9t\u00e9 rendues exigeant un cessez-le-feu imm\u00e9diat \u00e0 Ghaza et de faciliter l\u2019acheminement de l\u2019aide humanitaire aux populations. Des r\u00e9solutions que l\u2019occupation isra\u00e9lienne continue d\u2019ignorer gr\u00e2ce \u00e0 la complicit\u00e9 et \u00e0 l\u2019aide de ses alli\u00e9s. Or, l\u2019action de la communaut\u00e9 internationale est \u00e0 un tournant, dans la mesure o\u00f9 une action est engag\u00e9e aujourd\u2019hui contre l\u2019Allemagne \u00e0 Cour internationale de justice, pour l\u2019aide militaire apport\u00e9e \u00e0 l\u2019entit\u00e9 sioniste. Au-del\u00e0 de l\u2019action en elle-m\u00eame, il s\u2019agit de pointer du droit la responsabilit\u00e9 des gouvernements alli\u00e9s de l\u2019entit\u00e9 sioniste dans le g\u00e9nocide en cours \u00e0 Ghaza, en sus de mettre ses gouvernements face \u00e0 leurs obligations au regard du droit et des accords de l\u2019ONU. Ainsi la plus haute juridiction de l\u2019ONU a annonc\u00e9 hier la tenue, le 8 et le 9 avril, d\u2019audiences publiques au Palais de la Paix, \u00e0 La Haye dans une affaire qui vise \u00e0 mettre fin \u00e0 l&rsquo;aide militaire allemande et \u00e0 d&rsquo;autres aides \u00e0 l&rsquo;entit\u00e9 sioniste, sur la base d&rsquo;affirmations selon lesquelles Berlin \u00ab\u00a0facilite\u00a0\u00bb des actes de g\u00e9nocide et des violations des droits de l&rsquo;homme et le droit international dans la guerre en cours \u00e0 Ghaza. Le Nicaragua a demand\u00e9 au tribunal de rendre des ordonnances pr\u00e9liminaires dites mesures provisoires, notamment celle obligeant l&rsquo;Allemagne de \u00ab\u00a0suspende imm\u00e9diatement son aide (\u00e0 l&rsquo;entit\u00e9 sioniste), en particulier son assistance militaire, y compris l&rsquo;\u00e9quipement militaire, dans la mesure o\u00f9 cette aide peut \u00eatre utilis\u00e9e en violation de la convention sur le g\u00e9nocide et le droit international\u00a0\u00bb. Ces audiences s\u2019ouvrent alors que le Conseil des droits de l\u2019ONU a adopt\u00e9 vendredi une r\u00e9solution appelant \u00e0 la suspension des livraisons d\u2019armes \u00e0 l\u2019entit\u00e9 sioniste. En Allemagne, une \u00e9quipe d\u2019avocats a appel\u00e9 le gouvernement allemand \u00e0 cesser les exportations d\u2019armes vers l&rsquo;entit\u00e9 sioniste. L&rsquo;affaire, port\u00e9e par des organisations telles que le Centre europ\u00e9en de soutien juridique (ELSC), Law for Palestine et l&rsquo;Institut palestinien pour la diplomatie publique (PIPD), vise \u00e0 mettre un terme aux ventes d&rsquo;armes allemandes sur la base de la conviction que l&rsquo;arm\u00e9e d&rsquo;occupation sioniste les utilise pour commettre un g\u00e9nocide \u00e0 Ghaza. Par ailleurs, au moins 600 juristes britanniques, dont trois juges \u00e0 la retraite de la Cour supr\u00eame, ont appel\u00e9, le 3 avril dernier, leur gouvernement \u00e0 suspendre les ventes d&rsquo;armes \u00e0 l&rsquo;entit\u00e9 sioniste. Au Canada, le Parlement a adopt\u00e9 une r\u00e9solution qui a oblig\u00e9 le gouvernement \u00e0 suspendre les livraisons d\u2019armes aux Isra\u00e9liens, alors que d\u2019autres pays ont pris des d\u00e9cisions similaires \u00e0 l\u2019image de la Belgique, des Pays-Bas et de l\u2019Espagne. Reste la question du soutien am\u00e9ricain \u00e0 la guerre g\u00e9nocidaire men\u00e9e par son alli\u00e9e en Palestine occup\u00e9e.<\/p>\n\n\n\n<p><strong>Une guerre contre l\u2019humanit\u00e9<\/strong><\/p>\n\n\n\n<p>Une guerre d\u2019ailleurs d\u00e9nonc\u00e9e par l\u2019ensemble de la communaut\u00e9 internationale et les ONG. Ainsi, le fondateur et dirigeant de l&rsquo;ONG am\u00e9ricaine World Central Kitchen, Jos\u00e9 Andr\u00e9s a qualifi\u00e9 l\u2019agression isra\u00e9lienne contre Ghaza, dans un entretien diffus\u00e9 dsur la t\u00e9l\u00e9vision am\u00e9ricaine ABC, de une guerre contre l&rsquo;humanit\u00e9 elle-m\u00eame\u00a0\u00bb.M. Andr\u00e8s a indiqu\u00e9 \u00eatre \u00ab\u00a0\u00e9mu et indign\u00e9 par les frappes a\u00e9riennes\u00a0\u00bb sionistes qui ont tu\u00e9 sept membres de son ONG travaillant \u00e0 livrer de la nourriture \u00e0 la population de Ghaza. Un acte \u00ab\u00a0impardonnable\u00a0\u00bb, a-t-il dit. Les investigations sur cette agression doivent \u00ab\u00a0\u00eatre bien plus approfondies\u00a0\u00bb et \u00ab\u00a0men\u00e9es de fa\u00e7on ind\u00e9pendante\u00a0\u00bb, a d\u00e9clar\u00e9 Jos\u00e9 Andr\u00e9s, se confiant \u00e0 ABC \u00eatre \u00ab\u00a0attrist\u00e9 que ce soit la mort de six \u00e9trangers qui provoque ce scandale\u00a0\u00bb. Les Palestiniens de Ghaza \u00ab\u00a0ont des noms, ont des noms de famille, ces gens comptent, ils ne peuvent \u00eatre ni des sans voix, ni les fant\u00f4mes de guerres qui ne font aucun sens\u00a0\u00bb, a-t-il ajout\u00e9. Amnesty International a pour sa part renouvel\u00e9 son appel \u00e0 l&rsquo;adresse de la communaut\u00e9 internationale afin de contraindre l&rsquo;entit\u00e9 sioniste \u00e0 ouvrir davantage de routes pour faciliter l\u2019acc\u00e8s de l&rsquo;aide humanitaire dans la bande de Ghaza. Le directeur g\u00e9n\u00e9ral de la F\u00e9d\u00e9ration internationale des Soci\u00e9t\u00e9s de la Croix-Rouge et du Croissant-Rouge (IFRC), Jagan Chapagain, a de son c\u00f4t\u00e9 d\u00e9clar\u00e9 que la situation humanitaire actuelle des civils \u00e0 Ghaza, d\u00e9vast\u00e9e par l&rsquo;agression g\u00e9nocidaire sioniste, \u00e9tait \u00ab\u00a0plus que catastrophique\u00a0\u00bb. Le responsable de l&rsquo;IFRC lance cet appel, car \u00ab\u00a0la situation \u00e0 Ghaza est d\u00e9sastreuse. L\u2019humanit\u00e9 a \u00e9t\u00e9 pratiquement abandonn\u00e9e. La famine est imminente. Les soins de sant\u00e9 sont quasiment inexistants\u00a0\u00bb. \u00ab\u00a0Nous ne prenons aucun parti autre que celui de l\u2019humanit\u00e9\u00a0\u00bb, souligne Chapagain, ajoutant que cela signifie: \u00ab\u00a0Acc\u00e8s sans entrave de l\u2019aide \u00e0 l\u2019int\u00e9rieur et \u00e0 toutes les parties de la bande de Ghaza, y compris le nord. La protection des civils, des travailleurs humanitaires, du personnel soignant et de leurs installations\u00a0\u00bb.<\/p>\n\n\n\n<p>Le coordonnateur humanitaire des Nations unies pour les territoires palestiniens occup\u00e9s, Jamie McGoldrick, a, en effet, qualifi\u00e9 les conditions humanitaires \u00e0 Ghaza de \u00ab\u00a0catastrophiques\u00a0\u00bb, alors que six mois se sont \u00e9coul\u00e9s depuis que l&rsquo;entit\u00e9 sioniste a lanc\u00e9 sa guerre g\u00e9nocidaire contre l&rsquo;enclave palestinienne. Enfin, la porte-parole de l&rsquo;Organisation mondiale de la sant\u00e9 (OMS), Margaret Harris, a d\u00e9clar\u00e9 que les taux de maladies infectieuses continuaient d&rsquo;augmenter dans la bande de Ghaza, o\u00f9 le syst\u00e8me de sant\u00e9 fonctionne \u00e0 peine du fait de la guerre sioniste d\u00e9vastatrice men\u00e9e contre l&rsquo;enclave palestinienne depuis 6 mois. Elle a expliqu\u00e9 qu&rsquo;au moins 15 enfants souffrant de malnutrition arrivent chaque jour \u00e0 l&rsquo;h\u00f4pital Kamal Adwan (nord de Ghaza), alors que l&rsquo;\u00e9tablissement a des difficult\u00e9s \u00e0 fournir des services en raison du manque d&rsquo;eau, de nourriture et d&rsquo;assainissement, ainsi que d&rsquo;\u00e9quipements techniques. Harris a relev\u00e9 que 614.000 cas d&rsquo;infections des voies respiratoires sup\u00e9rieures et 330.000 cas de diarrh\u00e9e ont \u00e9t\u00e9 enregistr\u00e9s parmi les personnes d\u00e9plac\u00e9es dans les centres d&rsquo;h\u00e9bergement. Elle a \u00e9galement soulign\u00e9 que 83 500 cas de gale, 48 000 \u00e9ruptions cutan\u00e9es, 7 300 cas de varicelle et de jaunisse ont \u00e9t\u00e9 suivis chez 21 300 personnes. Elle a d\u00e9clar\u00e9 que le minist\u00e8re de la Sant\u00e9 de Ghaza a enregistr\u00e9 31 d\u00e9c\u00e8s dus \u00e0 la malnutrition, dont 27 enfants. Harris a parl\u00e9 de 9 000 patients \u00e0 Ghaza qui doivent \u00eatre \u00e9vacu\u00e9s pour recevoir des soins.<\/p>\n\n\n\n<p>Lyes Sa\u00efd<\/p>\n","protected":false},"excerpt":{"rendered":"<p>Le Cour internationale de Justice entame aujourd\u2019hui les audiences publiques dans le cadre d\u2019une requ\u00eate introduite pas le Nicaragua contre<\/p>\n","protected":false},"author":3,"featured_media":49512,"comment_status":"open","ping_status":"closed","sticky":false,"template":"","format":"standard","meta":{"colormag_page_container_layout":"default_layout","colormag_page_sidebar_layout":"default_layout","om_disable_all_campaigns":false,"_monsterinsights_skip_tracking":false,"_monsterinsights_sitenote_active":false,"_monsterinsights_sitenote_note":"","_monsterinsights_sitenote_category":0,"footnotes":"","_wpscppro_dont_share_socialmedia":false,"_wpscppro_custom_social_share_image":0,"_facebook_share_type":"","_twitter_share_type":"","_linkedin_share_type":"","_pinterest_share_type":"","_linkedin_share_type_page":"","_instagram_share_type":"","_medium_share_type":"","_threads_share_type":"","_google_business_share_type":"","_selected_social_profile":[],"_wpsp_enable_custom_social_template":false,"_wpsp_social_scheduling":{"enabled":false,"datetime":null,"platforms":[],"status":"template_only","dateOption":"today","timeOption":"now","customDays":"","customHours":"","customDate":"","customTime":"","schedulingType":"absolute"},"_wpsp_active_default_template":true},"categories":[52,27],"tags":[],"class_list":["post-51106","post","type-post","status-publish","format-standard","has-post-thumbnail","hentry","category-a-la-une","category-actualite"],"aioseo_notices":[],"yoast_head":"<!-- This site is optimized with the Yoast SEO plugin v27.5 - https:\/\/yoast.com\/product\/yoast-seo-wordpress\/ -->\n<title>Ouverture d\u2019une proc\u00e9dure contre l\u2019Allemagne \u00e0 la CIJ\u00a0: Mettre les complices du g\u00e9nocide face \u00e0 leurs responsabilit\u00e9s - La Sentinelle<\/title>\n<meta name=\"robots\" content=\"index, follow, max-snippet:-1, max-image-preview:large, max-video-preview:-1\" \/>\n<link rel=\"canonical\" href=\"https:\/\/lasentinelle.dz\/index.php\/2024\/04\/08\/ouverture-dune-procedure-contre-lallemagne-a-la-cij-mettre-les-complices-du-genocide-face-a-leurs-responsabilites\/\" \/>\n<meta property=\"og:locale\" content=\"fr_FR\" \/>\n<meta property=\"og:type\" content=\"article\" \/>\n<meta property=\"og:title\" content=\"Ouverture d\u2019une proc\u00e9dure contre l\u2019Allemagne \u00e0 la CIJ\u00a0: Mettre les complices du g\u00e9nocide face \u00e0 leurs responsabilit\u00e9s - La Sentinelle\" \/>\n<meta property=\"og:description\" content=\"Le Cour internationale de Justice entame aujourd\u2019hui les audiences publiques dans le cadre d\u2019une requ\u00eate introduite pas le Nicaragua contre\" \/>\n<meta property=\"og:url\" content=\"https:\/\/lasentinelle.dz\/index.php\/2024\/04\/08\/ouverture-dune-procedure-contre-lallemagne-a-la-cij-mettre-les-complices-du-genocide-face-a-leurs-responsabilites\/\" \/>\n<meta property=\"og:site_name\" content=\"La Sentinelle\" \/>\n<meta property=\"article:publisher\" content=\"https:\/\/www.facebook.com\/La-Sentinelle-104059864394773\" \/>\n<meta property=\"article:published_time\" content=\"2024-04-08T13:27:29+00:00\" \/>\n<meta property=\"article:modified_time\" content=\"2024-04-08T13:27:32+00:00\" \/>\n<meta property=\"og:image\" content=\"https:\/\/lasentinelle.dz\/wp-content\/uploads\/2024\/02\/CIJ.jpeg\" \/>\n\t<meta property=\"og:image:width\" content=\"1280\" \/>\n\t<meta property=\"og:image:height\" content=\"960\" \/>\n\t<meta property=\"og:image:type\" content=\"image\/jpeg\" \/>\n<meta name=\"author\" content=\"La Sentinelle\" \/>\n<meta name=\"twitter:card\" content=\"summary_large_image\" \/>\n<meta name=\"twitter:label1\" content=\"\u00c9crit par\" \/>\n\t<meta name=\"twitter:data1\" content=\"La Sentinelle\" \/>\n\t<meta name=\"twitter:label2\" content=\"Dur\u00e9e de lecture estim\u00e9e\" \/>\n\t<meta name=\"twitter:data2\" content=\"6 minutes\" \/>\n<script type=\"application\/ld+json\" class=\"yoast-schema-graph\">{\"@context\":\"https:\\\/\\\/schema.org\",\"@graph\":[{\"@type\":\"Article\",\"@id\":\"https:\\\/\\\/lasentinelle.dz\\\/index.php\\\/2024\\\/04\\\/08\\\/ouverture-dune-procedure-contre-lallemagne-a-la-cij-mettre-les-complices-du-genocide-face-a-leurs-responsabilites\\\/#article\",\"isPartOf\":{\"@id\":\"https:\\\/\\\/lasentinelle.dz\\\/index.php\\\/2024\\\/04\\\/08\\\/ouverture-dune-procedure-contre-lallemagne-a-la-cij-mettre-les-complices-du-genocide-face-a-leurs-responsabilites\\\/\"},\"author\":{\"name\":\"La Sentinelle\",\"@id\":\"https:\\\/\\\/lasentinelle.dz\\\/#\\\/schema\\\/person\\\/d865044e22e70a75174ce8bcad3acfb3\"},\"headline\":\"Ouverture d\u2019une proc\u00e9dure contre l\u2019Allemagne \u00e0 la CIJ\u00a0: Mettre les complices du g\u00e9nocide face \u00e0 leurs responsabilit\u00e9s\",\"datePublished\":\"2024-04-08T13:27:29+00:00\",\"dateModified\":\"2024-04-08T13:27:32+00:00\",\"mainEntityOfPage\":{\"@id\":\"https:\\\/\\\/lasentinelle.dz\\\/index.php\\\/2024\\\/04\\\/08\\\/ouverture-dune-procedure-contre-lallemagne-a-la-cij-mettre-les-complices-du-genocide-face-a-leurs-responsabilites\\\/\"},\"wordCount\":1173,\"commentCount\":0,\"publisher\":{\"@id\":\"https:\\\/\\\/lasentinelle.dz\\\/#organization\"},\"image\":{\"@id\":\"https:\\\/\\\/lasentinelle.dz\\\/index.php\\\/2024\\\/04\\\/08\\\/ouverture-dune-procedure-contre-lallemagne-a-la-cij-mettre-les-complices-du-genocide-face-a-leurs-responsabilites\\\/#primaryimage\"},\"thumbnailUrl\":\"https:\\\/\\\/lasentinelle.dz\\\/wp-content\\\/uploads\\\/2024\\\/02\\\/CIJ.jpeg\",\"articleSection\":[\"\u00c0 la Une\",\"Actualit\u00e9\"],\"inLanguage\":\"fr-FR\",\"potentialAction\":[{\"@type\":\"CommentAction\",\"name\":\"Comment\",\"target\":[\"https:\\\/\\\/lasentinelle.dz\\\/index.php\\\/2024\\\/04\\\/08\\\/ouverture-dune-procedure-contre-lallemagne-a-la-cij-mettre-les-complices-du-genocide-face-a-leurs-responsabilites\\\/#respond\"]}]},{\"@type\":\"WebPage\",\"@id\":\"https:\\\/\\\/lasentinelle.dz\\\/index.php\\\/2024\\\/04\\\/08\\\/ouverture-dune-procedure-contre-lallemagne-a-la-cij-mettre-les-complices-du-genocide-face-a-leurs-responsabilites\\\/\",\"url\":\"https:\\\/\\\/lasentinelle.dz\\\/index.php\\\/2024\\\/04\\\/08\\\/ouverture-dune-procedure-contre-lallemagne-a-la-cij-mettre-les-complices-du-genocide-face-a-leurs-responsabilites\\\/\",\"name\":\"Ouverture d\u2019une proc\u00e9dure contre l\u2019Allemagne \u00e0 la CIJ\u00a0: Mettre les complices du g\u00e9nocide face \u00e0 leurs responsabilit\u00e9s - La Sentinelle\",\"isPartOf\":{\"@id\":\"https:\\\/\\\/lasentinelle.dz\\\/#website\"},\"primaryImageOfPage\":{\"@id\":\"https:\\\/\\\/lasentinelle.dz\\\/index.php\\\/2024\\\/04\\\/08\\\/ouverture-dune-procedure-contre-lallemagne-a-la-cij-mettre-les-complices-du-genocide-face-a-leurs-responsabilites\\\/#primaryimage\"},\"image\":{\"@id\":\"https:\\\/\\\/lasentinelle.dz\\\/index.php\\\/2024\\\/04\\\/08\\\/ouverture-dune-procedure-contre-lallemagne-a-la-cij-mettre-les-complices-du-genocide-face-a-leurs-responsabilites\\\/#primaryimage\"},\"thumbnailUrl\":\"https:\\\/\\\/lasentinelle.dz\\\/wp-content\\\/uploads\\\/2024\\\/02\\\/CIJ.jpeg\",\"datePublished\":\"2024-04-08T13:27:29+00:00\",\"dateModified\":\"2024-04-08T13:27:32+00:00\",\"breadcrumb\":{\"@id\":\"https:\\\/\\\/lasentinelle.dz\\\/index.php\\\/2024\\\/04\\\/08\\\/ouverture-dune-procedure-contre-lallemagne-a-la-cij-mettre-les-complices-du-genocide-face-a-leurs-responsabilites\\\/#breadcrumb\"},\"inLanguage\":\"fr-FR\",\"potentialAction\":[{\"@type\":\"ReadAction\",\"target\":[\"https:\\\/\\\/lasentinelle.dz\\\/index.php\\\/2024\\\/04\\\/08\\\/ouverture-dune-procedure-contre-lallemagne-a-la-cij-mettre-les-complices-du-genocide-face-a-leurs-responsabilites\\\/\"]}]},{\"@type\":\"ImageObject\",\"inLanguage\":\"fr-FR\",\"@id\":\"https:\\\/\\\/lasentinelle.dz\\\/index.php\\\/2024\\\/04\\\/08\\\/ouverture-dune-procedure-contre-lallemagne-a-la-cij-mettre-les-complices-du-genocide-face-a-leurs-responsabilites\\\/#primaryimage\",\"url\":\"https:\\\/\\\/lasentinelle.dz\\\/wp-content\\\/uploads\\\/2024\\\/02\\\/CIJ.jpeg\",\"contentUrl\":\"https:\\\/\\\/lasentinelle.dz\\\/wp-content\\\/uploads\\\/2024\\\/02\\\/CIJ.jpeg\",\"width\":1280,\"height\":960},{\"@type\":\"BreadcrumbList\",\"@id\":\"https:\\\/\\\/lasentinelle.dz\\\/index.php\\\/2024\\\/04\\\/08\\\/ouverture-dune-procedure-contre-lallemagne-a-la-cij-mettre-les-complices-du-genocide-face-a-leurs-responsabilites\\\/#breadcrumb\",\"itemListElement\":[{\"@type\":\"ListItem\",\"position\":1,\"name\":\"Accueil\",\"item\":\"https:\\\/\\\/lasentinelle.dz\\\/\"},{\"@type\":\"ListItem\",\"position\":2,\"name\":\"Ouverture d\u2019une proc\u00e9dure contre l\u2019Allemagne \u00e0 la CIJ\u00a0: Mettre les complices du g\u00e9nocide face \u00e0 leurs responsabilit\u00e9s\"}]},{\"@type\":\"WebSite\",\"@id\":\"https:\\\/\\\/lasentinelle.dz\\\/#website\",\"url\":\"https:\\\/\\\/lasentinelle.dz\\\/\",\"name\":\"La Sentinelle\",\"description\":\"Quotidien national d&#039;information\",\"publisher\":{\"@id\":\"https:\\\/\\\/lasentinelle.dz\\\/#organization\"},\"potentialAction\":[{\"@type\":\"SearchAction\",\"target\":{\"@type\":\"EntryPoint\",\"urlTemplate\":\"https:\\\/\\\/lasentinelle.dz\\\/?s={search_term_string}\"},\"query-input\":{\"@type\":\"PropertyValueSpecification\",\"valueRequired\":true,\"valueName\":\"search_term_string\"}}],\"inLanguage\":\"fr-FR\"},{\"@type\":\"Organization\",\"@id\":\"https:\\\/\\\/lasentinelle.dz\\\/#organization\",\"name\":\"Quotidien La Sentinelle\",\"url\":\"https:\\\/\\\/lasentinelle.dz\\\/\",\"logo\":{\"@type\":\"ImageObject\",\"inLanguage\":\"fr-FR\",\"@id\":\"https:\\\/\\\/lasentinelle.dz\\\/#\\\/schema\\\/logo\\\/image\\\/\",\"url\":\"https:\\\/\\\/lasentinelle.dz\\\/wp-content\\\/uploads\\\/2021\\\/09\\\/logo-sentinelleSLOGAN-1.png\",\"contentUrl\":\"https:\\\/\\\/lasentinelle.dz\\\/wp-content\\\/uploads\\\/2021\\\/09\\\/logo-sentinelleSLOGAN-1.png\",\"width\":615,\"height\":142,\"caption\":\"Quotidien La Sentinelle\"},\"image\":{\"@id\":\"https:\\\/\\\/lasentinelle.dz\\\/#\\\/schema\\\/logo\\\/image\\\/\"},\"sameAs\":[\"https:\\\/\\\/www.facebook.com\\\/La-Sentinelle-104059864394773\"]},{\"@type\":\"Person\",\"@id\":\"https:\\\/\\\/lasentinelle.dz\\\/#\\\/schema\\\/person\\\/d865044e22e70a75174ce8bcad3acfb3\",\"name\":\"La Sentinelle\",\"image\":{\"@type\":\"ImageObject\",\"inLanguage\":\"fr-FR\",\"@id\":\"https:\\\/\\\/secure.gravatar.com\\\/avatar\\\/57de8e5d4b15d43fb361a71fbb36338450fe67865b528a43dd10ef7c51a20392?s=96&d=mm&r=g\",\"url\":\"https:\\\/\\\/secure.gravatar.com\\\/avatar\\\/57de8e5d4b15d43fb361a71fbb36338450fe67865b528a43dd10ef7c51a20392?s=96&d=mm&r=g\",\"contentUrl\":\"https:\\\/\\\/secure.gravatar.com\\\/avatar\\\/57de8e5d4b15d43fb361a71fbb36338450fe67865b528a43dd10ef7c51a20392?s=96&d=mm&r=g\",\"caption\":\"La Sentinelle\"},\"sameAs\":[\"http:\\\/\\\/www.lasentinelle.dz\"],\"url\":\"https:\\\/\\\/lasentinelle.dz\\\/author\\\/redaction\\\/\"}]}<\/script>\n<!-- \/ Yoast SEO plugin. -->","yoast_head_json":{"title":"Ouverture d\u2019une proc\u00e9dure contre l\u2019Allemagne \u00e0 la CIJ\u00a0: Mettre les complices du g\u00e9nocide face \u00e0 leurs responsabilit\u00e9s - La Sentinelle","robots":{"index":"index","follow":"follow","max-snippet":"max-snippet:-1","max-image-preview":"max-image-preview:large","max-video-preview":"max-video-preview:-1"},"canonical":"https:\/\/lasentinelle.dz\/index.php\/2024\/04\/08\/ouverture-dune-procedure-contre-lallemagne-a-la-cij-mettre-les-complices-du-genocide-face-a-leurs-responsabilites\/","og_locale":"fr_FR","og_type":"article","og_title":"Ouverture d\u2019une proc\u00e9dure contre l\u2019Allemagne \u00e0 la CIJ\u00a0: Mettre les complices du g\u00e9nocide face \u00e0 leurs responsabilit\u00e9s - La Sentinelle","og_description":"Le Cour internationale de Justice entame aujourd\u2019hui les audiences publiques dans le cadre d\u2019une requ\u00eate introduite pas le Nicaragua contre","og_url":"https:\/\/lasentinelle.dz\/index.php\/2024\/04\/08\/ouverture-dune-procedure-contre-lallemagne-a-la-cij-mettre-les-complices-du-genocide-face-a-leurs-responsabilites\/","og_site_name":"La Sentinelle","article_publisher":"https:\/\/www.facebook.com\/La-Sentinelle-104059864394773","article_published_time":"2024-04-08T13:27:29+00:00","article_modified_time":"2024-04-08T13:27:32+00:00","og_image":[{"width":1280,"height":960,"url":"https:\/\/lasentinelle.dz\/wp-content\/uploads\/2024\/02\/CIJ.jpeg","type":"image\/jpeg"}],"author":"La Sentinelle","twitter_card":"summary_large_image","twitter_misc":{"\u00c9crit par":"La Sentinelle","Dur\u00e9e de lecture estim\u00e9e":"6 minutes"},"schema":{"@context":"https:\/\/schema.org","@graph":[{"@type":"Article","@id":"https:\/\/lasentinelle.dz\/index.php\/2024\/04\/08\/ouverture-dune-procedure-contre-lallemagne-a-la-cij-mettre-les-complices-du-genocide-face-a-leurs-responsabilites\/#article","isPartOf":{"@id":"https:\/\/lasentinelle.dz\/index.php\/2024\/04\/08\/ouverture-dune-procedure-contre-lallemagne-a-la-cij-mettre-les-complices-du-genocide-face-a-leurs-responsabilites\/"},"author":{"name":"La Sentinelle","@id":"https:\/\/lasentinelle.dz\/#\/schema\/person\/d865044e22e70a75174ce8bcad3acfb3"},"headline":"Ouverture d\u2019une proc\u00e9dure contre l\u2019Allemagne \u00e0 la CIJ\u00a0: Mettre les complices du g\u00e9nocide face \u00e0 leurs responsabilit\u00e9s","datePublished":"2024-04-08T13:27:29+00:00","dateModified":"2024-04-08T13:27:32+00:00","mainEntityOfPage":{"@id":"https:\/\/lasentinelle.dz\/index.php\/2024\/04\/08\/ouverture-dune-procedure-contre-lallemagne-a-la-cij-mettre-les-complices-du-genocide-face-a-leurs-responsabilites\/"},"wordCount":1173,"commentCount":0,"publisher":{"@id":"https:\/\/lasentinelle.dz\/#organization"},"image":{"@id":"https:\/\/lasentinelle.dz\/index.php\/2024\/04\/08\/ouverture-dune-procedure-contre-lallemagne-a-la-cij-mettre-les-complices-du-genocide-face-a-leurs-responsabilites\/#primaryimage"},"thumbnailUrl":"https:\/\/lasentinelle.dz\/wp-content\/uploads\/2024\/02\/CIJ.jpeg","articleSection":["\u00c0 la Une","Actualit\u00e9"],"inLanguage":"fr-FR","potentialAction":[{"@type":"CommentAction","name":"Comment","target":["https:\/\/lasentinelle.dz\/index.php\/2024\/04\/08\/ouverture-dune-procedure-contre-lallemagne-a-la-cij-mettre-les-complices-du-genocide-face-a-leurs-responsabilites\/#respond"]}]},{"@type":"WebPage","@id":"https:\/\/lasentinelle.dz\/index.php\/2024\/04\/08\/ouverture-dune-procedure-contre-lallemagne-a-la-cij-mettre-les-complices-du-genocide-face-a-leurs-responsabilites\/","url":"https:\/\/lasentinelle.dz\/index.php\/2024\/04\/08\/ouverture-dune-procedure-contre-lallemagne-a-la-cij-mettre-les-complices-du-genocide-face-a-leurs-responsabilites\/","name":"Ouverture d\u2019une proc\u00e9dure contre l\u2019Allemagne \u00e0 la CIJ\u00a0: Mettre les complices du g\u00e9nocide face \u00e0 leurs responsabilit\u00e9s - La Sentinelle","isPartOf":{"@id":"https:\/\/lasentinelle.dz\/#website"},"primaryImageOfPage":{"@id":"https:\/\/lasentinelle.dz\/index.php\/2024\/04\/08\/ouverture-dune-procedure-contre-lallemagne-a-la-cij-mettre-les-complices-du-genocide-face-a-leurs-responsabilites\/#primaryimage"},"image":{"@id":"https:\/\/lasentinelle.dz\/index.php\/2024\/04\/08\/ouverture-dune-procedure-contre-lallemagne-a-la-cij-mettre-les-complices-du-genocide-face-a-leurs-responsabilites\/#primaryimage"},"thumbnailUrl":"https:\/\/lasentinelle.dz\/wp-content\/uploads\/2024\/02\/CIJ.jpeg","datePublished":"2024-04-08T13:27:29+00:00","dateModified":"2024-04-08T13:27:32+00:00","breadcrumb":{"@id":"https:\/\/lasentinelle.dz\/index.php\/2024\/04\/08\/ouverture-dune-procedure-contre-lallemagne-a-la-cij-mettre-les-complices-du-genocide-face-a-leurs-responsabilites\/#breadcrumb"},"inLanguage":"fr-FR","potentialAction":[{"@type":"ReadAction","target":["https:\/\/lasentinelle.dz\/index.php\/2024\/04\/08\/ouverture-dune-procedure-contre-lallemagne-a-la-cij-mettre-les-complices-du-genocide-face-a-leurs-responsabilites\/"]}]},{"@type":"ImageObject","inLanguage":"fr-FR","@id":"https:\/\/lasentinelle.dz\/index.php\/2024\/04\/08\/ouverture-dune-procedure-contre-lallemagne-a-la-cij-mettre-les-complices-du-genocide-face-a-leurs-responsabilites\/#primaryimage","url":"https:\/\/lasentinelle.dz\/wp-content\/uploads\/2024\/02\/CIJ.jpeg","contentUrl":"https:\/\/lasentinelle.dz\/wp-content\/uploads\/2024\/02\/CIJ.jpeg","width":1280,"height":960},{"@type":"BreadcrumbList","@id":"https:\/\/lasentinelle.dz\/index.php\/2024\/04\/08\/ouverture-dune-procedure-contre-lallemagne-a-la-cij-mettre-les-complices-du-genocide-face-a-leurs-responsabilites\/#breadcrumb","itemListElement":[{"@type":"ListItem","position":1,"name":"Accueil","item":"https:\/\/lasentinelle.dz\/"},{"@type":"ListItem","position":2,"name":"Ouverture d\u2019une proc\u00e9dure contre l\u2019Allemagne \u00e0 la CIJ\u00a0: Mettre les complices du g\u00e9nocide face \u00e0 leurs responsabilit\u00e9s"}]},{"@type":"WebSite","@id":"https:\/\/lasentinelle.dz\/#website","url":"https:\/\/lasentinelle.dz\/","name":"La Sentinelle","description":"Quotidien national d&#039;information","publisher":{"@id":"https:\/\/lasentinelle.dz\/#organization"},"potentialAction":[{"@type":"SearchAction","target":{"@type":"EntryPoint","urlTemplate":"https:\/\/lasentinelle.dz\/?s={search_term_string}"},"query-input":{"@type":"PropertyValueSpecification","valueRequired":true,"valueName":"search_term_string"}}],"inLanguage":"fr-FR"},{"@type":"Organization","@id":"https:\/\/lasentinelle.dz\/#organization","name":"Quotidien La Sentinelle","url":"https:\/\/lasentinelle.dz\/","logo":{"@type":"ImageObject","inLanguage":"fr-FR","@id":"https:\/\/lasentinelle.dz\/#\/schema\/logo\/image\/","url":"https:\/\/lasentinelle.dz\/wp-content\/uploads\/2021\/09\/logo-sentinelleSLOGAN-1.png","contentUrl":"https:\/\/lasentinelle.dz\/wp-content\/uploads\/2021\/09\/logo-sentinelleSLOGAN-1.png","width":615,"height":142,"caption":"Quotidien La Sentinelle"},"image":{"@id":"https:\/\/lasentinelle.dz\/#\/schema\/logo\/image\/"},"sameAs":["https:\/\/www.facebook.com\/La-Sentinelle-104059864394773"]},{"@type":"Person","@id":"https:\/\/lasentinelle.dz\/#\/schema\/person\/d865044e22e70a75174ce8bcad3acfb3","name":"La Sentinelle","image":{"@type":"ImageObject","inLanguage":"fr-FR","@id":"https:\/\/secure.gravatar.com\/avatar\/57de8e5d4b15d43fb361a71fbb36338450fe67865b528a43dd10ef7c51a20392?s=96&d=mm&r=g","url":"https:\/\/secure.gravatar.com\/avatar\/57de8e5d4b15d43fb361a71fbb36338450fe67865b528a43dd10ef7c51a20392?s=96&d=mm&r=g","contentUrl":"https:\/\/secure.gravatar.com\/avatar\/57de8e5d4b15d43fb361a71fbb36338450fe67865b528a43dd10ef7c51a20392?s=96&d=mm&r=g","caption":"La Sentinelle"},"sameAs":["http:\/\/www.lasentinelle.dz"],"url":"https:\/\/lasentinelle.dz\/author\/redaction\/"}]}},"_links":{"self":[{"href":"https:\/\/lasentinelle.dz\/index.php\/wp-json\/wp\/v2\/posts\/51106","targetHints":{"allow":["GET"]}}],"collection":[{"href":"https:\/\/lasentinelle.dz\/index.php\/wp-json\/wp\/v2\/posts"}],"about":[{"href":"https:\/\/lasentinelle.dz\/index.php\/wp-json\/wp\/v2\/types\/post"}],"author":[{"embeddable":true,"href":"https:\/\/lasentinelle.dz\/index.php\/wp-json\/wp\/v2\/users\/3"}],"replies":[{"embeddable":true,"href":"https:\/\/lasentinelle.dz\/index.php\/wp-json\/wp\/v2\/comments?post=51106"}],"version-history":[{"count":1,"href":"https:\/\/lasentinelle.dz\/index.php\/wp-json\/wp\/v2\/posts\/51106\/revisions"}],"predecessor-version":[{"id":51107,"href":"https:\/\/lasentinelle.dz\/index.php\/wp-json\/wp\/v2\/posts\/51106\/revisions\/51107"}],"wp:featuredmedia":[{"embeddable":true,"href":"https:\/\/lasentinelle.dz\/index.php\/wp-json\/wp\/v2\/media\/49512"}],"wp:attachment":[{"href":"https:\/\/lasentinelle.dz\/index.php\/wp-json\/wp\/v2\/media?parent=51106"}],"wp:term":[{"taxonomy":"category","embeddable":true,"href":"https:\/\/lasentinelle.dz\/index.php\/wp-json\/wp\/v2\/categories?post=51106"},{"taxonomy":"post_tag","embeddable":true,"href":"https:\/\/lasentinelle.dz\/index.php\/wp-json\/wp\/v2\/tags?post=51106"}],"curies":[{"name":"wp","href":"https:\/\/api.w.org\/{rel}","templated":true}]}}