{"id":51114,"date":"2024-04-09T10:13:00","date_gmt":"2024-04-09T09:13:00","guid":{"rendered":"https:\/\/lasentinelle.dz\/?p=51114"},"modified":"2024-04-10T10:16:03","modified_gmt":"2024-04-10T09:16:03","slug":"coupe-de-la-caf-les-rouge-et-noir-dans-le-dernier-carre","status":"publish","type":"post","link":"https:\/\/lasentinelle.dz\/index.php\/2024\/04\/09\/coupe-de-la-caf-les-rouge-et-noir-dans-le-dernier-carre\/","title":{"rendered":"Coupe de la CAF\u00a0: Les Rouge et Noir dans le dernier carr\u00e9"},"content":{"rendered":"\n<p>&nbsp;L&rsquo;USM Alger s&rsquo;est qualifi\u00e9e pour la demi-finale de la Coupe de la Conf\u00e9d\u00e9ration africaine de football (CAF), en battant la formation nig\u00e9riane de Rivers United sur le score de 2 \u00e0 0 (mi-temps : 1-0), dimanche en quarts de finale retour disput\u00e9e au stade du 5-juillet 1962.<\/p>\n\n\n\n<p>Les Rouges et Noirs se sont impos\u00e9 ce dimanche devant la formation de Rivers United, validant ainsi sa qualification pour les demi-finales de l\u2019\u00e9preuve continentale apr\u00e8s sa d\u00e9faite conc\u00e9d\u00e9e au match aller au Nigeria. Dans un stade du 5-Juillet des grands soirs, les Usmistes ont fait la diff\u00e9rence gr\u00e2ce au doubl\u00e9 sign\u00e9 du malien, Abdoulaye Kanou (37\u2019 et 74\u2019). &nbsp;Apr\u00e8s un match aller qui s&rsquo;est termin\u00e9 sur une d\u00e9faite de 1 \u00e0 0, les Alg\u00e9rois \u00e9taient dans l&rsquo;obligation d&rsquo;inscrire au moins deux buts, sans en encaisser, pour pouvoir valider son billet de qualification \u00e0 la demi-finale, une mission n&rsquo;est pas de tout repos pour l&rsquo;entra\u00eeneur espagnol Juan Carlos Garrido qui a mis en place un sch\u00e9ma tactique orient\u00e9 vers l&rsquo;attaque et un milieu de terrain \u00e9toff\u00e9. Apr\u00e8s un d\u00e9but de match tr\u00e8s agressif et un pressing tr\u00e8s haut sur la d\u00e9fense adverse, les Usmistes avaient la possibilit\u00e9 d&rsquo;inscrire au moins deux buts dans les dix premi\u00e8res minutes de jeu, si ce n&rsquo;est cette excellente prestation du gardien des Rivers United Akande qui a emp\u00each\u00e9 \u00e0 plusieurs reprises l&rsquo;ouverture du score pour les \u00ab\u00a0Rouge et Noir\u00a0\u00bb. La premi\u00e8re v\u00e9ritable action dangereuse intervient \u00e0 la 27e minute de jeu suite \u00e0 un tir bien bott\u00e9 par l&rsquo;ailier droit Bacha, mais toujours arr\u00eat\u00e9 une premi\u00e8re fois par le gardien adverse et puis une deuxi\u00e8me fois sur une r\u00e9cup\u00e9ration de Djahnit, une occasion tr\u00e8s nette d&rsquo;ouvrir le score pour les co\u00e9quipiers du milieu de terrain Boukhenchouche qui a \u00e9cop\u00e9 d&rsquo;un carton jaune en cette premi\u00e8re p\u00e9riode (35e). Face \u00e0 une \u00e9quipe nig\u00e9riane tr\u00e8s bien organis\u00e9e en d\u00e9fense, mais avec des contre-attaques qui ont mis la d\u00e9fense usmsite en difficult\u00e9 \u00e0 deux reprises, les co\u00e9quipiers du capitaine Belaid avaient du mal \u00e0 trouver la faille qui leur permettrait d\u2019inscrire ce premier but lib\u00e9rateur qui donnerait aux \u00ab\u00a0Rouge et Noir\u00a0\u00bb la possibilit\u00e9 de g\u00e9rer sereinement le reste de la rencontre. Les actions se succ\u00e8dent et sur une ouverture de l&rsquo;ailier gauche Nabil Lamara, l&rsquo;attaquant Malien Kanou surgit en milieu de la d\u00e9fense nig\u00e9riane et avec son pied droit met le ballon dans la cage adverse (37e), une minute tr\u00e8s symbolique pour les Usmistes puisqu&rsquo;elle co\u00efncide avec l&rsquo;ann\u00e9e de la naissance du club alg\u00e9rois. A partir de ce moment-l\u00e0, les Rouge et Noir se sont lib\u00e9r\u00e9s et ont commenc\u00e9 \u00e0 g\u00e9rer le match \u00e0 leur fa\u00e7on, mais sans pour autant cr\u00e9er de nouvelles occasions pour inscrire le deuxi\u00e8me but, synonyme d&rsquo;une qualification aux demi-finales. Au retour des vestiaires, les Usmistes se sont montr\u00e9s plus dangereux en allant presser tr\u00e8s haut la d\u00e9fense nig\u00e9riane regroup\u00e9e autour de son gardien Akande, le meilleur \u00e9l\u00e9ment dans l&rsquo;\u00e9chiquier de l&rsquo;entra\u00eeneur nig\u00e9rian Stanley Eguma. Les actions se multiplient du c\u00f4t\u00e9 des Alg\u00e9rois, mais sans pour autant arriver \u00e0 aggraver la marque, bien au contraire c&rsquo;est les Nig\u00e9rians qui ont failli \u00e9galiser par l&rsquo;interm\u00e9diaire de Okpe (73e), mais la transversale a sauv\u00e9 la cage du gardien Benbot. Dans le dernier quart d&rsquo;heure, le coach Juan Carlos Garrido a proc\u00e9d\u00e9 \u00e0 quatre changements dans l&rsquo;objectif de cr\u00e9er plus de sup\u00e9riorit\u00e9 num\u00e9rique \u00e0 l&rsquo;attaque usmsite. Suite \u00e0 ces changements gagnants, l&rsquo;attaquant Kanou a profit\u00e9 d&rsquo;une faille dans la d\u00e9fense nig\u00e9riane pour ajouter le deuxi\u00e8me but lib\u00e9rateur (74e), synonyme d&rsquo;une qualification \u00e0 la demi-finale de la Coupe de la Conf\u00e9d\u00e9ration africaine. Les Rouge et Noir affronteront en demi-finale le vainqueur de la confrontation entre les Libyens d&rsquo;Abu Salim et le RS Berkane. Le match aller se jouera le 21 avril \u00e0 Alger, alors que la manche retour se d\u00e9roulera le 28 avril.<\/p>\n\n\n\n<p>R.S.<\/p>\n","protected":false},"excerpt":{"rendered":"<p>&nbsp;L&rsquo;USM Alger s&rsquo;est qualifi\u00e9e pour la demi-finale de la Coupe de la Conf\u00e9d\u00e9ration africaine de football (CAF), en battant la<\/p>\n","protected":false},"author":3,"featured_media":51115,"comment_status":"open","ping_status":"closed","sticky":false,"template":"","format":"standard","meta":{"colormag_page_container_layout":"default_layout","colormag_page_sidebar_layout":"default_layout","om_disable_all_campaigns":false,"_monsterinsights_skip_tracking":false,"_monsterinsights_sitenote_active":false,"_monsterinsights_sitenote_note":"","_monsterinsights_sitenote_category":0,"footnotes":"","_wpscppro_dont_share_socialmedia":false,"_wpscppro_custom_social_share_image":0,"_facebook_share_type":"","_twitter_share_type":"","_linkedin_share_type":"","_pinterest_share_type":"","_linkedin_share_type_page":"","_instagram_share_type":"","_medium_share_type":"","_threads_share_type":"","_google_business_share_type":"","_selected_social_profile":[],"_wpsp_enable_custom_social_template":false,"_wpsp_social_scheduling":{"enabled":false,"datetime":null,"platforms":[],"status":"template_only","dateOption":"today","timeOption":"now","customDays":"","customHours":"","customDate":"","customTime":"","schedulingType":"absolute"},"_wpsp_active_default_template":true},"categories":[52,33],"tags":[],"class_list":["post-51114","post","type-post","status-publish","format-standard","has-post-thumbnail","hentry","category-a-la-une","category-sports"],"aioseo_notices":[],"yoast_head":"<!-- This site is optimized with the Yoast SEO plugin v27.5 - https:\/\/yoast.com\/product\/yoast-seo-wordpress\/ -->\n<title>Coupe de la CAF\u00a0: Les Rouge et Noir dans le dernier carr\u00e9 - La Sentinelle<\/title>\n<meta name=\"robots\" content=\"index, follow, max-snippet:-1, max-image-preview:large, max-video-preview:-1\" \/>\n<link rel=\"canonical\" href=\"https:\/\/lasentinelle.dz\/index.php\/2024\/04\/09\/coupe-de-la-caf-les-rouge-et-noir-dans-le-dernier-carre\/\" \/>\n<meta property=\"og:locale\" content=\"fr_FR\" \/>\n<meta property=\"og:type\" content=\"article\" \/>\n<meta property=\"og:title\" content=\"Coupe de la CAF\u00a0: Les Rouge et Noir dans le dernier carr\u00e9 - La Sentinelle\" \/>\n<meta property=\"og:description\" content=\"&nbsp;L&rsquo;USM Alger s&rsquo;est qualifi\u00e9e pour la demi-finale de la Coupe de la Conf\u00e9d\u00e9ration africaine de football (CAF), en battant la\" \/>\n<meta property=\"og:url\" content=\"https:\/\/lasentinelle.dz\/index.php\/2024\/04\/09\/coupe-de-la-caf-les-rouge-et-noir-dans-le-dernier-carre\/\" \/>\n<meta property=\"og:site_name\" content=\"La Sentinelle\" \/>\n<meta property=\"article:publisher\" content=\"https:\/\/www.facebook.com\/La-Sentinelle-104059864394773\" \/>\n<meta property=\"article:published_time\" content=\"2024-04-09T09:13:00+00:00\" \/>\n<meta property=\"article:modified_time\" content=\"2024-04-10T09:16:03+00:00\" \/>\n<meta property=\"og:image\" content=\"https:\/\/lasentinelle.dz\/wp-content\/uploads\/2024\/04\/USMA-2.jpeg\" \/>\n\t<meta property=\"og:image:width\" content=\"960\" \/>\n\t<meta property=\"og:image:height\" content=\"640\" \/>\n\t<meta property=\"og:image:type\" content=\"image\/jpeg\" \/>\n<meta name=\"author\" content=\"La Sentinelle\" \/>\n<meta name=\"twitter:card\" content=\"summary_large_image\" \/>\n<meta name=\"twitter:label1\" content=\"\u00c9crit par\" \/>\n\t<meta name=\"twitter:data1\" content=\"La Sentinelle\" \/>\n\t<meta name=\"twitter:label2\" content=\"Dur\u00e9e de lecture estim\u00e9e\" \/>\n\t<meta name=\"twitter:data2\" content=\"4 minutes\" \/>\n<script type=\"application\/ld+json\" class=\"yoast-schema-graph\">{\"@context\":\"https:\\\/\\\/schema.org\",\"@graph\":[{\"@type\":\"Article\",\"@id\":\"https:\\\/\\\/lasentinelle.dz\\\/index.php\\\/2024\\\/04\\\/09\\\/coupe-de-la-caf-les-rouge-et-noir-dans-le-dernier-carre\\\/#article\",\"isPartOf\":{\"@id\":\"https:\\\/\\\/lasentinelle.dz\\\/index.php\\\/2024\\\/04\\\/09\\\/coupe-de-la-caf-les-rouge-et-noir-dans-le-dernier-carre\\\/\"},\"author\":{\"name\":\"La Sentinelle\",\"@id\":\"https:\\\/\\\/lasentinelle.dz\\\/#\\\/schema\\\/person\\\/d865044e22e70a75174ce8bcad3acfb3\"},\"headline\":\"Coupe de la CAF\u00a0: Les Rouge et Noir dans le dernier carr\u00e9\",\"datePublished\":\"2024-04-09T09:13:00+00:00\",\"dateModified\":\"2024-04-10T09:16:03+00:00\",\"mainEntityOfPage\":{\"@id\":\"https:\\\/\\\/lasentinelle.dz\\\/index.php\\\/2024\\\/04\\\/09\\\/coupe-de-la-caf-les-rouge-et-noir-dans-le-dernier-carre\\\/\"},\"wordCount\":732,\"commentCount\":0,\"publisher\":{\"@id\":\"https:\\\/\\\/lasentinelle.dz\\\/#organization\"},\"image\":{\"@id\":\"https:\\\/\\\/lasentinelle.dz\\\/index.php\\\/2024\\\/04\\\/09\\\/coupe-de-la-caf-les-rouge-et-noir-dans-le-dernier-carre\\\/#primaryimage\"},\"thumbnailUrl\":\"https:\\\/\\\/lasentinelle.dz\\\/wp-content\\\/uploads\\\/2024\\\/04\\\/USMA-2.jpeg\",\"articleSection\":[\"\u00c0 la Une\",\"Sports\"],\"inLanguage\":\"fr-FR\",\"potentialAction\":[{\"@type\":\"CommentAction\",\"name\":\"Comment\",\"target\":[\"https:\\\/\\\/lasentinelle.dz\\\/index.php\\\/2024\\\/04\\\/09\\\/coupe-de-la-caf-les-rouge-et-noir-dans-le-dernier-carre\\\/#respond\"]}]},{\"@type\":\"WebPage\",\"@id\":\"https:\\\/\\\/lasentinelle.dz\\\/index.php\\\/2024\\\/04\\\/09\\\/coupe-de-la-caf-les-rouge-et-noir-dans-le-dernier-carre\\\/\",\"url\":\"https:\\\/\\\/lasentinelle.dz\\\/index.php\\\/2024\\\/04\\\/09\\\/coupe-de-la-caf-les-rouge-et-noir-dans-le-dernier-carre\\\/\",\"name\":\"Coupe de la CAF\u00a0: Les Rouge et Noir dans le dernier carr\u00e9 - La Sentinelle\",\"isPartOf\":{\"@id\":\"https:\\\/\\\/lasentinelle.dz\\\/#website\"},\"primaryImageOfPage\":{\"@id\":\"https:\\\/\\\/lasentinelle.dz\\\/index.php\\\/2024\\\/04\\\/09\\\/coupe-de-la-caf-les-rouge-et-noir-dans-le-dernier-carre\\\/#primaryimage\"},\"image\":{\"@id\":\"https:\\\/\\\/lasentinelle.dz\\\/index.php\\\/2024\\\/04\\\/09\\\/coupe-de-la-caf-les-rouge-et-noir-dans-le-dernier-carre\\\/#primaryimage\"},\"thumbnailUrl\":\"https:\\\/\\\/lasentinelle.dz\\\/wp-content\\\/uploads\\\/2024\\\/04\\\/USMA-2.jpeg\",\"datePublished\":\"2024-04-09T09:13:00+00:00\",\"dateModified\":\"2024-04-10T09:16:03+00:00\",\"breadcrumb\":{\"@id\":\"https:\\\/\\\/lasentinelle.dz\\\/index.php\\\/2024\\\/04\\\/09\\\/coupe-de-la-caf-les-rouge-et-noir-dans-le-dernier-carre\\\/#breadcrumb\"},\"inLanguage\":\"fr-FR\",\"potentialAction\":[{\"@type\":\"ReadAction\",\"target\":[\"https:\\\/\\\/lasentinelle.dz\\\/index.php\\\/2024\\\/04\\\/09\\\/coupe-de-la-caf-les-rouge-et-noir-dans-le-dernier-carre\\\/\"]}]},{\"@type\":\"ImageObject\",\"inLanguage\":\"fr-FR\",\"@id\":\"https:\\\/\\\/lasentinelle.dz\\\/index.php\\\/2024\\\/04\\\/09\\\/coupe-de-la-caf-les-rouge-et-noir-dans-le-dernier-carre\\\/#primaryimage\",\"url\":\"https:\\\/\\\/lasentinelle.dz\\\/wp-content\\\/uploads\\\/2024\\\/04\\\/USMA-2.jpeg\",\"contentUrl\":\"https:\\\/\\\/lasentinelle.dz\\\/wp-content\\\/uploads\\\/2024\\\/04\\\/USMA-2.jpeg\",\"width\":960,\"height\":640},{\"@type\":\"BreadcrumbList\",\"@id\":\"https:\\\/\\\/lasentinelle.dz\\\/index.php\\\/2024\\\/04\\\/09\\\/coupe-de-la-caf-les-rouge-et-noir-dans-le-dernier-carre\\\/#breadcrumb\",\"itemListElement\":[{\"@type\":\"ListItem\",\"position\":1,\"name\":\"Accueil\",\"item\":\"https:\\\/\\\/lasentinelle.dz\\\/\"},{\"@type\":\"ListItem\",\"position\":2,\"name\":\"Coupe de la CAF\u00a0: Les Rouge et Noir dans le dernier carr\u00e9\"}]},{\"@type\":\"WebSite\",\"@id\":\"https:\\\/\\\/lasentinelle.dz\\\/#website\",\"url\":\"https:\\\/\\\/lasentinelle.dz\\\/\",\"name\":\"La Sentinelle\",\"description\":\"Quotidien national d&#039;information\",\"publisher\":{\"@id\":\"https:\\\/\\\/lasentinelle.dz\\\/#organization\"},\"potentialAction\":[{\"@type\":\"SearchAction\",\"target\":{\"@type\":\"EntryPoint\",\"urlTemplate\":\"https:\\\/\\\/lasentinelle.dz\\\/?s={search_term_string}\"},\"query-input\":{\"@type\":\"PropertyValueSpecification\",\"valueRequired\":true,\"valueName\":\"search_term_string\"}}],\"inLanguage\":\"fr-FR\"},{\"@type\":\"Organization\",\"@id\":\"https:\\\/\\\/lasentinelle.dz\\\/#organization\",\"name\":\"Quotidien La Sentinelle\",\"url\":\"https:\\\/\\\/lasentinelle.dz\\\/\",\"logo\":{\"@type\":\"ImageObject\",\"inLanguage\":\"fr-FR\",\"@id\":\"https:\\\/\\\/lasentinelle.dz\\\/#\\\/schema\\\/logo\\\/image\\\/\",\"url\":\"https:\\\/\\\/lasentinelle.dz\\\/wp-content\\\/uploads\\\/2021\\\/09\\\/logo-sentinelleSLOGAN-1.png\",\"contentUrl\":\"https:\\\/\\\/lasentinelle.dz\\\/wp-content\\\/uploads\\\/2021\\\/09\\\/logo-sentinelleSLOGAN-1.png\",\"width\":615,\"height\":142,\"caption\":\"Quotidien La Sentinelle\"},\"image\":{\"@id\":\"https:\\\/\\\/lasentinelle.dz\\\/#\\\/schema\\\/logo\\\/image\\\/\"},\"sameAs\":[\"https:\\\/\\\/www.facebook.com\\\/La-Sentinelle-104059864394773\"]},{\"@type\":\"Person\",\"@id\":\"https:\\\/\\\/lasentinelle.dz\\\/#\\\/schema\\\/person\\\/d865044e22e70a75174ce8bcad3acfb3\",\"name\":\"La Sentinelle\",\"image\":{\"@type\":\"ImageObject\",\"inLanguage\":\"fr-FR\",\"@id\":\"https:\\\/\\\/secure.gravatar.com\\\/avatar\\\/57de8e5d4b15d43fb361a71fbb36338450fe67865b528a43dd10ef7c51a20392?s=96&d=mm&r=g\",\"url\":\"https:\\\/\\\/secure.gravatar.com\\\/avatar\\\/57de8e5d4b15d43fb361a71fbb36338450fe67865b528a43dd10ef7c51a20392?s=96&d=mm&r=g\",\"contentUrl\":\"https:\\\/\\\/secure.gravatar.com\\\/avatar\\\/57de8e5d4b15d43fb361a71fbb36338450fe67865b528a43dd10ef7c51a20392?s=96&d=mm&r=g\",\"caption\":\"La Sentinelle\"},\"sameAs\":[\"http:\\\/\\\/www.lasentinelle.dz\"],\"url\":\"https:\\\/\\\/lasentinelle.dz\\\/author\\\/redaction\\\/\"}]}<\/script>\n<!-- \/ Yoast SEO plugin. -->","yoast_head_json":{"title":"Coupe de la CAF\u00a0: Les Rouge et Noir dans le dernier carr\u00e9 - La Sentinelle","robots":{"index":"index","follow":"follow","max-snippet":"max-snippet:-1","max-image-preview":"max-image-preview:large","max-video-preview":"max-video-preview:-1"},"canonical":"https:\/\/lasentinelle.dz\/index.php\/2024\/04\/09\/coupe-de-la-caf-les-rouge-et-noir-dans-le-dernier-carre\/","og_locale":"fr_FR","og_type":"article","og_title":"Coupe de la CAF\u00a0: Les Rouge et Noir dans le dernier carr\u00e9 - La Sentinelle","og_description":"&nbsp;L&rsquo;USM Alger s&rsquo;est qualifi\u00e9e pour la demi-finale de la Coupe de la Conf\u00e9d\u00e9ration africaine de football (CAF), en battant la","og_url":"https:\/\/lasentinelle.dz\/index.php\/2024\/04\/09\/coupe-de-la-caf-les-rouge-et-noir-dans-le-dernier-carre\/","og_site_name":"La Sentinelle","article_publisher":"https:\/\/www.facebook.com\/La-Sentinelle-104059864394773","article_published_time":"2024-04-09T09:13:00+00:00","article_modified_time":"2024-04-10T09:16:03+00:00","og_image":[{"width":960,"height":640,"url":"https:\/\/lasentinelle.dz\/wp-content\/uploads\/2024\/04\/USMA-2.jpeg","type":"image\/jpeg"}],"author":"La Sentinelle","twitter_card":"summary_large_image","twitter_misc":{"\u00c9crit par":"La Sentinelle","Dur\u00e9e de lecture estim\u00e9e":"4 minutes"},"schema":{"@context":"https:\/\/schema.org","@graph":[{"@type":"Article","@id":"https:\/\/lasentinelle.dz\/index.php\/2024\/04\/09\/coupe-de-la-caf-les-rouge-et-noir-dans-le-dernier-carre\/#article","isPartOf":{"@id":"https:\/\/lasentinelle.dz\/index.php\/2024\/04\/09\/coupe-de-la-caf-les-rouge-et-noir-dans-le-dernier-carre\/"},"author":{"name":"La Sentinelle","@id":"https:\/\/lasentinelle.dz\/#\/schema\/person\/d865044e22e70a75174ce8bcad3acfb3"},"headline":"Coupe de la CAF\u00a0: Les Rouge et Noir dans le dernier carr\u00e9","datePublished":"2024-04-09T09:13:00+00:00","dateModified":"2024-04-10T09:16:03+00:00","mainEntityOfPage":{"@id":"https:\/\/lasentinelle.dz\/index.php\/2024\/04\/09\/coupe-de-la-caf-les-rouge-et-noir-dans-le-dernier-carre\/"},"wordCount":732,"commentCount":0,"publisher":{"@id":"https:\/\/lasentinelle.dz\/#organization"},"image":{"@id":"https:\/\/lasentinelle.dz\/index.php\/2024\/04\/09\/coupe-de-la-caf-les-rouge-et-noir-dans-le-dernier-carre\/#primaryimage"},"thumbnailUrl":"https:\/\/lasentinelle.dz\/wp-content\/uploads\/2024\/04\/USMA-2.jpeg","articleSection":["\u00c0 la Une","Sports"],"inLanguage":"fr-FR","potentialAction":[{"@type":"CommentAction","name":"Comment","target":["https:\/\/lasentinelle.dz\/index.php\/2024\/04\/09\/coupe-de-la-caf-les-rouge-et-noir-dans-le-dernier-carre\/#respond"]}]},{"@type":"WebPage","@id":"https:\/\/lasentinelle.dz\/index.php\/2024\/04\/09\/coupe-de-la-caf-les-rouge-et-noir-dans-le-dernier-carre\/","url":"https:\/\/lasentinelle.dz\/index.php\/2024\/04\/09\/coupe-de-la-caf-les-rouge-et-noir-dans-le-dernier-carre\/","name":"Coupe de la CAF\u00a0: Les Rouge et Noir dans le dernier carr\u00e9 - La Sentinelle","isPartOf":{"@id":"https:\/\/lasentinelle.dz\/#website"},"primaryImageOfPage":{"@id":"https:\/\/lasentinelle.dz\/index.php\/2024\/04\/09\/coupe-de-la-caf-les-rouge-et-noir-dans-le-dernier-carre\/#primaryimage"},"image":{"@id":"https:\/\/lasentinelle.dz\/index.php\/2024\/04\/09\/coupe-de-la-caf-les-rouge-et-noir-dans-le-dernier-carre\/#primaryimage"},"thumbnailUrl":"https:\/\/lasentinelle.dz\/wp-content\/uploads\/2024\/04\/USMA-2.jpeg","datePublished":"2024-04-09T09:13:00+00:00","dateModified":"2024-04-10T09:16:03+00:00","breadcrumb":{"@id":"https:\/\/lasentinelle.dz\/index.php\/2024\/04\/09\/coupe-de-la-caf-les-rouge-et-noir-dans-le-dernier-carre\/#breadcrumb"},"inLanguage":"fr-FR","potentialAction":[{"@type":"ReadAction","target":["https:\/\/lasentinelle.dz\/index.php\/2024\/04\/09\/coupe-de-la-caf-les-rouge-et-noir-dans-le-dernier-carre\/"]}]},{"@type":"ImageObject","inLanguage":"fr-FR","@id":"https:\/\/lasentinelle.dz\/index.php\/2024\/04\/09\/coupe-de-la-caf-les-rouge-et-noir-dans-le-dernier-carre\/#primaryimage","url":"https:\/\/lasentinelle.dz\/wp-content\/uploads\/2024\/04\/USMA-2.jpeg","contentUrl":"https:\/\/lasentinelle.dz\/wp-content\/uploads\/2024\/04\/USMA-2.jpeg","width":960,"height":640},{"@type":"BreadcrumbList","@id":"https:\/\/lasentinelle.dz\/index.php\/2024\/04\/09\/coupe-de-la-caf-les-rouge-et-noir-dans-le-dernier-carre\/#breadcrumb","itemListElement":[{"@type":"ListItem","position":1,"name":"Accueil","item":"https:\/\/lasentinelle.dz\/"},{"@type":"ListItem","position":2,"name":"Coupe de la CAF\u00a0: Les Rouge et Noir dans le dernier carr\u00e9"}]},{"@type":"WebSite","@id":"https:\/\/lasentinelle.dz\/#website","url":"https:\/\/lasentinelle.dz\/","name":"La Sentinelle","description":"Quotidien national d&#039;information","publisher":{"@id":"https:\/\/lasentinelle.dz\/#organization"},"potentialAction":[{"@type":"SearchAction","target":{"@type":"EntryPoint","urlTemplate":"https:\/\/lasentinelle.dz\/?s={search_term_string}"},"query-input":{"@type":"PropertyValueSpecification","valueRequired":true,"valueName":"search_term_string"}}],"inLanguage":"fr-FR"},{"@type":"Organization","@id":"https:\/\/lasentinelle.dz\/#organization","name":"Quotidien La Sentinelle","url":"https:\/\/lasentinelle.dz\/","logo":{"@type":"ImageObject","inLanguage":"fr-FR","@id":"https:\/\/lasentinelle.dz\/#\/schema\/logo\/image\/","url":"https:\/\/lasentinelle.dz\/wp-content\/uploads\/2021\/09\/logo-sentinelleSLOGAN-1.png","contentUrl":"https:\/\/lasentinelle.dz\/wp-content\/uploads\/2021\/09\/logo-sentinelleSLOGAN-1.png","width":615,"height":142,"caption":"Quotidien La Sentinelle"},"image":{"@id":"https:\/\/lasentinelle.dz\/#\/schema\/logo\/image\/"},"sameAs":["https:\/\/www.facebook.com\/La-Sentinelle-104059864394773"]},{"@type":"Person","@id":"https:\/\/lasentinelle.dz\/#\/schema\/person\/d865044e22e70a75174ce8bcad3acfb3","name":"La Sentinelle","image":{"@type":"ImageObject","inLanguage":"fr-FR","@id":"https:\/\/secure.gravatar.com\/avatar\/57de8e5d4b15d43fb361a71fbb36338450fe67865b528a43dd10ef7c51a20392?s=96&d=mm&r=g","url":"https:\/\/secure.gravatar.com\/avatar\/57de8e5d4b15d43fb361a71fbb36338450fe67865b528a43dd10ef7c51a20392?s=96&d=mm&r=g","contentUrl":"https:\/\/secure.gravatar.com\/avatar\/57de8e5d4b15d43fb361a71fbb36338450fe67865b528a43dd10ef7c51a20392?s=96&d=mm&r=g","caption":"La Sentinelle"},"sameAs":["http:\/\/www.lasentinelle.dz"],"url":"https:\/\/lasentinelle.dz\/author\/redaction\/"}]}},"_links":{"self":[{"href":"https:\/\/lasentinelle.dz\/index.php\/wp-json\/wp\/v2\/posts\/51114","targetHints":{"allow":["GET"]}}],"collection":[{"href":"https:\/\/lasentinelle.dz\/index.php\/wp-json\/wp\/v2\/posts"}],"about":[{"href":"https:\/\/lasentinelle.dz\/index.php\/wp-json\/wp\/v2\/types\/post"}],"author":[{"embeddable":true,"href":"https:\/\/lasentinelle.dz\/index.php\/wp-json\/wp\/v2\/users\/3"}],"replies":[{"embeddable":true,"href":"https:\/\/lasentinelle.dz\/index.php\/wp-json\/wp\/v2\/comments?post=51114"}],"version-history":[{"count":1,"href":"https:\/\/lasentinelle.dz\/index.php\/wp-json\/wp\/v2\/posts\/51114\/revisions"}],"predecessor-version":[{"id":51116,"href":"https:\/\/lasentinelle.dz\/index.php\/wp-json\/wp\/v2\/posts\/51114\/revisions\/51116"}],"wp:featuredmedia":[{"embeddable":true,"href":"https:\/\/lasentinelle.dz\/index.php\/wp-json\/wp\/v2\/media\/51115"}],"wp:attachment":[{"href":"https:\/\/lasentinelle.dz\/index.php\/wp-json\/wp\/v2\/media?parent=51114"}],"wp:term":[{"taxonomy":"category","embeddable":true,"href":"https:\/\/lasentinelle.dz\/index.php\/wp-json\/wp\/v2\/categories?post=51114"},{"taxonomy":"post_tag","embeddable":true,"href":"https:\/\/lasentinelle.dz\/index.php\/wp-json\/wp\/v2\/tags?post=51114"}],"curies":[{"name":"wp","href":"https:\/\/api.w.org\/{rel}","templated":true}]}}