{"id":51117,"date":"2024-04-09T10:16:00","date_gmt":"2024-04-09T09:16:00","guid":{"rendered":"https:\/\/lasentinelle.dz\/?p=51117"},"modified":"2024-04-10T10:17:59","modified_gmt":"2024-04-10T09:17:59","slug":"tebessa-lancement-precoce-de-la-campagne-de-moisson-battage","status":"publish","type":"post","link":"https:\/\/lasentinelle.dz\/index.php\/2024\/04\/09\/tebessa-lancement-precoce-de-la-campagne-de-moisson-battage\/","title":{"rendered":"T\u00e9bessa\u00a0: Lancement pr\u00e9coce de la campagne de moisson-battage"},"content":{"rendered":"\n<p>La campagne de moisson-battage de la saison 2023-2024 a \u00e9t\u00e9 lanc\u00e9e, dimanche dans la localit\u00e9 de Djarech dans la commune de Ferkane \u00e0 l\u2019extr\u00eame Sud de la wilaya de T\u00e9bessa.<\/p>\n\n\n\n<p>En effet, en pr\u00e9sence de dizaines d\u2019agriculteurs et les autorit\u00e9s locales, le wali de la wilaya de T\u00e9bessa a donn\u00e9 le coup d\u2019envoi de la campagne de moisson-battage pour cette saison, apprend-on des services de l\u2019agriculture (DSA) de la wilaya de T\u00e9bessa. Selon les m\u00eames services, la campagne a \u00e9t\u00e9 lanc\u00e9e plut\u00f4t que pr\u00e9vue, dans la partie Sud de la wilaya r\u00e9put\u00e9e pour sa production abondante de c\u00e9r\u00e9ales. Bien que pr\u00e9coce cette r\u00e9colte pour cette ann\u00e9e s\u2019annonce prometteuse en mati\u00e8re de production c\u00e9r\u00e9ali\u00e8re. Les services agricoles pr\u00e9voient une r\u00e9colte de diverses c\u00e9r\u00e9ales dans la wilaya pouvant d\u00e9passer les 400.000 quintaux, pour cette saison, contre une r\u00e9colte de 240.000 quintaux durant l\u2019ann\u00e9e pr\u00e9c\u00e9dente. Les m\u00eames services ont rappel\u00e9 que la superficie emblav\u00e9e a d\u00e9pass\u00e9 les 124.000 hectares, tandis que la surface \u00e0 moissonner sera de 37.000 hectares qui repr\u00e9sentent la surface irrigu\u00e9e, pr\u00e9cisant que le rendement moyen \u00e0 l\u2019hectare dans la wilaya sera de 15 quintaux alors que dans la partie Sud ce rendement sera de 50 quintaux \u00e0 l\u2019hectare. Pour sa part, la direction de la coop\u00e9rative des c\u00e9r\u00e9ales et l\u00e9gumes secs (CCLS) de T\u00e9bessa a d\u2019ores et d\u00e9j\u00e0 entam\u00e9 tous les pr\u00e9paratifs, en pr\u00e9vision de cette campagne pr\u00e9coce et surtout de l\u2019abondance de la r\u00e9colte. \u00c0 cet effet, tous les moyens mat\u00e9riels ont \u00e9t\u00e9 mobilis\u00e9s, dont 34 moissonneuses-batteuses, 18 tracteurs et plusieurs dizaines de camions de transport pour assurer le succ\u00e8s de la campagne ainsi que de multiples points de stockage \u00e0 travers les communes totalisant une capacit\u00e9 de plus de 2 millions quintaux. Par ailleurs, la pr\u00e9sence du premier responsable de la wilaya sur les lieux du lancement de la campagne a \u00e9t\u00e9 une occasion pour les agriculteurs de soulever moult pr\u00e9occupations. Mais les plus essentielles et urgentes \u00e9taient celles se rapportant aux autorisations de fon\u00e7age de puits et au transport des r\u00e9coltes. Sur place, le wali a donn\u00e9 des instructions pour accorder les autorisations de fon\u00e7age aux agriculteurs remplissant les conditions requises et mobiliser un plus grand nombre de camions pour le transport de la production vers les points de stockage. Il faut noter que cette saison, la campagne de moisson-battage intervenue avant la p\u00e9riode pr\u00e9vue, \u00e0 savoir le mois de Mai. Cela s\u2019explique, selon les services agricoles, par le changement climatique et les fortes chaleurs enregistr\u00e9es dans cette zone du sud de la wilaya de T\u00e9bessa qui ont favoris\u00e9 la maturation des c\u00e9r\u00e9ales. D\u2019o\u00f9, la n\u00e9cessit\u00e9 de passer \u00e0 la r\u00e9colte, afin d\u2019\u00e9viter toute \u00e9ventualit\u00e9 d&rsquo;intemp\u00e9ries, pouvant survenir, comme ce fut le cas l\u2019ann\u00e9e pass\u00e9e. On rappelle que l\u2019ann\u00e9e derni\u00e8re les pr\u00e9cipitations hors saison des mois de mai et juin ont fortement endommag\u00e9 les r\u00e9coltes c\u00e9r\u00e9ali\u00e8res dans plusieurs r\u00e9gions du pays.<\/p>\n\n\n\n<p><strong>S<\/strong><strong>. Chahine<\/strong><\/p>\n","protected":false},"excerpt":{"rendered":"<p>La campagne de moisson-battage de la saison 2023-2024 a \u00e9t\u00e9 lanc\u00e9e, dimanche dans la localit\u00e9 de Djarech dans la commune<\/p>\n","protected":false},"author":3,"featured_media":37092,"comment_status":"open","ping_status":"closed","sticky":false,"template":"","format":"standard","meta":{"colormag_page_container_layout":"default_layout","colormag_page_sidebar_layout":"default_layout","om_disable_all_campaigns":false,"_monsterinsights_skip_tracking":false,"_monsterinsights_sitenote_active":false,"_monsterinsights_sitenote_note":"","_monsterinsights_sitenote_category":0,"footnotes":"","_wpscppro_dont_share_socialmedia":false,"_wpscppro_custom_social_share_image":0,"_facebook_share_type":"","_twitter_share_type":"","_linkedin_share_type":"","_pinterest_share_type":"","_linkedin_share_type_page":"","_instagram_share_type":"","_medium_share_type":"","_threads_share_type":"","_google_business_share_type":"","_selected_social_profile":[],"_wpsp_enable_custom_social_template":false,"_wpsp_social_scheduling":{"enabled":false,"datetime":null,"platforms":[],"status":"template_only","dateOption":"today","timeOption":"now","customDays":"","customHours":"","customDate":"","customTime":"","schedulingType":"absolute"},"_wpsp_active_default_template":true},"categories":[31],"tags":[],"class_list":["post-51117","post","type-post","status-publish","format-standard","has-post-thumbnail","hentry","category-regions"],"aioseo_notices":[],"yoast_head":"<!-- This site is optimized with the Yoast SEO plugin v27.5 - https:\/\/yoast.com\/product\/yoast-seo-wordpress\/ -->\n<title>T\u00e9bessa\u00a0: Lancement pr\u00e9coce de la campagne de moisson-battage - La Sentinelle<\/title>\n<meta name=\"robots\" content=\"index, follow, max-snippet:-1, max-image-preview:large, max-video-preview:-1\" \/>\n<link rel=\"canonical\" href=\"https:\/\/lasentinelle.dz\/index.php\/2024\/04\/09\/tebessa-lancement-precoce-de-la-campagne-de-moisson-battage\/\" \/>\n<meta property=\"og:locale\" content=\"fr_FR\" \/>\n<meta property=\"og:type\" content=\"article\" \/>\n<meta property=\"og:title\" content=\"T\u00e9bessa\u00a0: Lancement pr\u00e9coce de la campagne de moisson-battage - La Sentinelle\" \/>\n<meta property=\"og:description\" content=\"La campagne de moisson-battage de la saison 2023-2024 a \u00e9t\u00e9 lanc\u00e9e, dimanche dans la localit\u00e9 de Djarech dans la commune\" \/>\n<meta property=\"og:url\" content=\"https:\/\/lasentinelle.dz\/index.php\/2024\/04\/09\/tebessa-lancement-precoce-de-la-campagne-de-moisson-battage\/\" \/>\n<meta property=\"og:site_name\" content=\"La Sentinelle\" \/>\n<meta property=\"article:publisher\" content=\"https:\/\/www.facebook.com\/La-Sentinelle-104059864394773\" \/>\n<meta property=\"article:published_time\" content=\"2024-04-09T09:16:00+00:00\" \/>\n<meta property=\"article:modified_time\" content=\"2024-04-10T09:17:59+00:00\" \/>\n<meta property=\"og:image\" content=\"https:\/\/lasentinelle.dz\/wp-content\/uploads\/2023\/02\/cerealiculture-1024x680.png\" \/>\n\t<meta property=\"og:image:width\" content=\"1024\" \/>\n\t<meta property=\"og:image:height\" content=\"680\" \/>\n\t<meta property=\"og:image:type\" content=\"image\/png\" \/>\n<meta name=\"author\" content=\"La Sentinelle\" \/>\n<meta name=\"twitter:card\" content=\"summary_large_image\" \/>\n<meta name=\"twitter:label1\" content=\"\u00c9crit par\" \/>\n\t<meta name=\"twitter:data1\" content=\"La Sentinelle\" \/>\n\t<meta name=\"twitter:label2\" content=\"Dur\u00e9e de lecture estim\u00e9e\" \/>\n\t<meta name=\"twitter:data2\" content=\"3 minutes\" \/>\n<script type=\"application\/ld+json\" class=\"yoast-schema-graph\">{\"@context\":\"https:\\\/\\\/schema.org\",\"@graph\":[{\"@type\":\"Article\",\"@id\":\"https:\\\/\\\/lasentinelle.dz\\\/index.php\\\/2024\\\/04\\\/09\\\/tebessa-lancement-precoce-de-la-campagne-de-moisson-battage\\\/#article\",\"isPartOf\":{\"@id\":\"https:\\\/\\\/lasentinelle.dz\\\/index.php\\\/2024\\\/04\\\/09\\\/tebessa-lancement-precoce-de-la-campagne-de-moisson-battage\\\/\"},\"author\":{\"name\":\"La Sentinelle\",\"@id\":\"https:\\\/\\\/lasentinelle.dz\\\/#\\\/schema\\\/person\\\/d865044e22e70a75174ce8bcad3acfb3\"},\"headline\":\"T\u00e9bessa\u00a0: Lancement pr\u00e9coce de la campagne de moisson-battage\",\"datePublished\":\"2024-04-09T09:16:00+00:00\",\"dateModified\":\"2024-04-10T09:17:59+00:00\",\"mainEntityOfPage\":{\"@id\":\"https:\\\/\\\/lasentinelle.dz\\\/index.php\\\/2024\\\/04\\\/09\\\/tebessa-lancement-precoce-de-la-campagne-de-moisson-battage\\\/\"},\"wordCount\":560,\"commentCount\":0,\"publisher\":{\"@id\":\"https:\\\/\\\/lasentinelle.dz\\\/#organization\"},\"image\":{\"@id\":\"https:\\\/\\\/lasentinelle.dz\\\/index.php\\\/2024\\\/04\\\/09\\\/tebessa-lancement-precoce-de-la-campagne-de-moisson-battage\\\/#primaryimage\"},\"thumbnailUrl\":\"https:\\\/\\\/lasentinelle.dz\\\/wp-content\\\/uploads\\\/2023\\\/02\\\/cerealiculture.png\",\"articleSection\":[\"R\u00e9gions\"],\"inLanguage\":\"fr-FR\",\"potentialAction\":[{\"@type\":\"CommentAction\",\"name\":\"Comment\",\"target\":[\"https:\\\/\\\/lasentinelle.dz\\\/index.php\\\/2024\\\/04\\\/09\\\/tebessa-lancement-precoce-de-la-campagne-de-moisson-battage\\\/#respond\"]}]},{\"@type\":\"WebPage\",\"@id\":\"https:\\\/\\\/lasentinelle.dz\\\/index.php\\\/2024\\\/04\\\/09\\\/tebessa-lancement-precoce-de-la-campagne-de-moisson-battage\\\/\",\"url\":\"https:\\\/\\\/lasentinelle.dz\\\/index.php\\\/2024\\\/04\\\/09\\\/tebessa-lancement-precoce-de-la-campagne-de-moisson-battage\\\/\",\"name\":\"T\u00e9bessa\u00a0: Lancement pr\u00e9coce de la campagne de moisson-battage - La Sentinelle\",\"isPartOf\":{\"@id\":\"https:\\\/\\\/lasentinelle.dz\\\/#website\"},\"primaryImageOfPage\":{\"@id\":\"https:\\\/\\\/lasentinelle.dz\\\/index.php\\\/2024\\\/04\\\/09\\\/tebessa-lancement-precoce-de-la-campagne-de-moisson-battage\\\/#primaryimage\"},\"image\":{\"@id\":\"https:\\\/\\\/lasentinelle.dz\\\/index.php\\\/2024\\\/04\\\/09\\\/tebessa-lancement-precoce-de-la-campagne-de-moisson-battage\\\/#primaryimage\"},\"thumbnailUrl\":\"https:\\\/\\\/lasentinelle.dz\\\/wp-content\\\/uploads\\\/2023\\\/02\\\/cerealiculture.png\",\"datePublished\":\"2024-04-09T09:16:00+00:00\",\"dateModified\":\"2024-04-10T09:17:59+00:00\",\"breadcrumb\":{\"@id\":\"https:\\\/\\\/lasentinelle.dz\\\/index.php\\\/2024\\\/04\\\/09\\\/tebessa-lancement-precoce-de-la-campagne-de-moisson-battage\\\/#breadcrumb\"},\"inLanguage\":\"fr-FR\",\"potentialAction\":[{\"@type\":\"ReadAction\",\"target\":[\"https:\\\/\\\/lasentinelle.dz\\\/index.php\\\/2024\\\/04\\\/09\\\/tebessa-lancement-precoce-de-la-campagne-de-moisson-battage\\\/\"]}]},{\"@type\":\"ImageObject\",\"inLanguage\":\"fr-FR\",\"@id\":\"https:\\\/\\\/lasentinelle.dz\\\/index.php\\\/2024\\\/04\\\/09\\\/tebessa-lancement-precoce-de-la-campagne-de-moisson-battage\\\/#primaryimage\",\"url\":\"https:\\\/\\\/lasentinelle.dz\\\/wp-content\\\/uploads\\\/2023\\\/02\\\/cerealiculture.png\",\"contentUrl\":\"https:\\\/\\\/lasentinelle.dz\\\/wp-content\\\/uploads\\\/2023\\\/02\\\/cerealiculture.png\",\"width\":1355,\"height\":900},{\"@type\":\"BreadcrumbList\",\"@id\":\"https:\\\/\\\/lasentinelle.dz\\\/index.php\\\/2024\\\/04\\\/09\\\/tebessa-lancement-precoce-de-la-campagne-de-moisson-battage\\\/#breadcrumb\",\"itemListElement\":[{\"@type\":\"ListItem\",\"position\":1,\"name\":\"Accueil\",\"item\":\"https:\\\/\\\/lasentinelle.dz\\\/\"},{\"@type\":\"ListItem\",\"position\":2,\"name\":\"T\u00e9bessa\u00a0: Lancement pr\u00e9coce de la campagne de moisson-battage\"}]},{\"@type\":\"WebSite\",\"@id\":\"https:\\\/\\\/lasentinelle.dz\\\/#website\",\"url\":\"https:\\\/\\\/lasentinelle.dz\\\/\",\"name\":\"La Sentinelle\",\"description\":\"Quotidien national d&#039;information\",\"publisher\":{\"@id\":\"https:\\\/\\\/lasentinelle.dz\\\/#organization\"},\"potentialAction\":[{\"@type\":\"SearchAction\",\"target\":{\"@type\":\"EntryPoint\",\"urlTemplate\":\"https:\\\/\\\/lasentinelle.dz\\\/?s={search_term_string}\"},\"query-input\":{\"@type\":\"PropertyValueSpecification\",\"valueRequired\":true,\"valueName\":\"search_term_string\"}}],\"inLanguage\":\"fr-FR\"},{\"@type\":\"Organization\",\"@id\":\"https:\\\/\\\/lasentinelle.dz\\\/#organization\",\"name\":\"Quotidien La Sentinelle\",\"url\":\"https:\\\/\\\/lasentinelle.dz\\\/\",\"logo\":{\"@type\":\"ImageObject\",\"inLanguage\":\"fr-FR\",\"@id\":\"https:\\\/\\\/lasentinelle.dz\\\/#\\\/schema\\\/logo\\\/image\\\/\",\"url\":\"https:\\\/\\\/lasentinelle.dz\\\/wp-content\\\/uploads\\\/2021\\\/09\\\/logo-sentinelleSLOGAN-1.png\",\"contentUrl\":\"https:\\\/\\\/lasentinelle.dz\\\/wp-content\\\/uploads\\\/2021\\\/09\\\/logo-sentinelleSLOGAN-1.png\",\"width\":615,\"height\":142,\"caption\":\"Quotidien La Sentinelle\"},\"image\":{\"@id\":\"https:\\\/\\\/lasentinelle.dz\\\/#\\\/schema\\\/logo\\\/image\\\/\"},\"sameAs\":[\"https:\\\/\\\/www.facebook.com\\\/La-Sentinelle-104059864394773\"]},{\"@type\":\"Person\",\"@id\":\"https:\\\/\\\/lasentinelle.dz\\\/#\\\/schema\\\/person\\\/d865044e22e70a75174ce8bcad3acfb3\",\"name\":\"La Sentinelle\",\"image\":{\"@type\":\"ImageObject\",\"inLanguage\":\"fr-FR\",\"@id\":\"https:\\\/\\\/secure.gravatar.com\\\/avatar\\\/57de8e5d4b15d43fb361a71fbb36338450fe67865b528a43dd10ef7c51a20392?s=96&d=mm&r=g\",\"url\":\"https:\\\/\\\/secure.gravatar.com\\\/avatar\\\/57de8e5d4b15d43fb361a71fbb36338450fe67865b528a43dd10ef7c51a20392?s=96&d=mm&r=g\",\"contentUrl\":\"https:\\\/\\\/secure.gravatar.com\\\/avatar\\\/57de8e5d4b15d43fb361a71fbb36338450fe67865b528a43dd10ef7c51a20392?s=96&d=mm&r=g\",\"caption\":\"La Sentinelle\"},\"sameAs\":[\"http:\\\/\\\/www.lasentinelle.dz\"],\"url\":\"https:\\\/\\\/lasentinelle.dz\\\/author\\\/redaction\\\/\"}]}<\/script>\n<!-- \/ Yoast SEO plugin. -->","yoast_head_json":{"title":"T\u00e9bessa\u00a0: Lancement pr\u00e9coce de la campagne de moisson-battage - La Sentinelle","robots":{"index":"index","follow":"follow","max-snippet":"max-snippet:-1","max-image-preview":"max-image-preview:large","max-video-preview":"max-video-preview:-1"},"canonical":"https:\/\/lasentinelle.dz\/index.php\/2024\/04\/09\/tebessa-lancement-precoce-de-la-campagne-de-moisson-battage\/","og_locale":"fr_FR","og_type":"article","og_title":"T\u00e9bessa\u00a0: Lancement pr\u00e9coce de la campagne de moisson-battage - La Sentinelle","og_description":"La campagne de moisson-battage de la saison 2023-2024 a \u00e9t\u00e9 lanc\u00e9e, dimanche dans la localit\u00e9 de Djarech dans la commune","og_url":"https:\/\/lasentinelle.dz\/index.php\/2024\/04\/09\/tebessa-lancement-precoce-de-la-campagne-de-moisson-battage\/","og_site_name":"La Sentinelle","article_publisher":"https:\/\/www.facebook.com\/La-Sentinelle-104059864394773","article_published_time":"2024-04-09T09:16:00+00:00","article_modified_time":"2024-04-10T09:17:59+00:00","og_image":[{"width":1024,"height":680,"url":"https:\/\/lasentinelle.dz\/wp-content\/uploads\/2023\/02\/cerealiculture-1024x680.png","type":"image\/png"}],"author":"La Sentinelle","twitter_card":"summary_large_image","twitter_misc":{"\u00c9crit par":"La Sentinelle","Dur\u00e9e de lecture estim\u00e9e":"3 minutes"},"schema":{"@context":"https:\/\/schema.org","@graph":[{"@type":"Article","@id":"https:\/\/lasentinelle.dz\/index.php\/2024\/04\/09\/tebessa-lancement-precoce-de-la-campagne-de-moisson-battage\/#article","isPartOf":{"@id":"https:\/\/lasentinelle.dz\/index.php\/2024\/04\/09\/tebessa-lancement-precoce-de-la-campagne-de-moisson-battage\/"},"author":{"name":"La Sentinelle","@id":"https:\/\/lasentinelle.dz\/#\/schema\/person\/d865044e22e70a75174ce8bcad3acfb3"},"headline":"T\u00e9bessa\u00a0: Lancement pr\u00e9coce de la campagne de moisson-battage","datePublished":"2024-04-09T09:16:00+00:00","dateModified":"2024-04-10T09:17:59+00:00","mainEntityOfPage":{"@id":"https:\/\/lasentinelle.dz\/index.php\/2024\/04\/09\/tebessa-lancement-precoce-de-la-campagne-de-moisson-battage\/"},"wordCount":560,"commentCount":0,"publisher":{"@id":"https:\/\/lasentinelle.dz\/#organization"},"image":{"@id":"https:\/\/lasentinelle.dz\/index.php\/2024\/04\/09\/tebessa-lancement-precoce-de-la-campagne-de-moisson-battage\/#primaryimage"},"thumbnailUrl":"https:\/\/lasentinelle.dz\/wp-content\/uploads\/2023\/02\/cerealiculture.png","articleSection":["R\u00e9gions"],"inLanguage":"fr-FR","potentialAction":[{"@type":"CommentAction","name":"Comment","target":["https:\/\/lasentinelle.dz\/index.php\/2024\/04\/09\/tebessa-lancement-precoce-de-la-campagne-de-moisson-battage\/#respond"]}]},{"@type":"WebPage","@id":"https:\/\/lasentinelle.dz\/index.php\/2024\/04\/09\/tebessa-lancement-precoce-de-la-campagne-de-moisson-battage\/","url":"https:\/\/lasentinelle.dz\/index.php\/2024\/04\/09\/tebessa-lancement-precoce-de-la-campagne-de-moisson-battage\/","name":"T\u00e9bessa\u00a0: Lancement pr\u00e9coce de la campagne de moisson-battage - La Sentinelle","isPartOf":{"@id":"https:\/\/lasentinelle.dz\/#website"},"primaryImageOfPage":{"@id":"https:\/\/lasentinelle.dz\/index.php\/2024\/04\/09\/tebessa-lancement-precoce-de-la-campagne-de-moisson-battage\/#primaryimage"},"image":{"@id":"https:\/\/lasentinelle.dz\/index.php\/2024\/04\/09\/tebessa-lancement-precoce-de-la-campagne-de-moisson-battage\/#primaryimage"},"thumbnailUrl":"https:\/\/lasentinelle.dz\/wp-content\/uploads\/2023\/02\/cerealiculture.png","datePublished":"2024-04-09T09:16:00+00:00","dateModified":"2024-04-10T09:17:59+00:00","breadcrumb":{"@id":"https:\/\/lasentinelle.dz\/index.php\/2024\/04\/09\/tebessa-lancement-precoce-de-la-campagne-de-moisson-battage\/#breadcrumb"},"inLanguage":"fr-FR","potentialAction":[{"@type":"ReadAction","target":["https:\/\/lasentinelle.dz\/index.php\/2024\/04\/09\/tebessa-lancement-precoce-de-la-campagne-de-moisson-battage\/"]}]},{"@type":"ImageObject","inLanguage":"fr-FR","@id":"https:\/\/lasentinelle.dz\/index.php\/2024\/04\/09\/tebessa-lancement-precoce-de-la-campagne-de-moisson-battage\/#primaryimage","url":"https:\/\/lasentinelle.dz\/wp-content\/uploads\/2023\/02\/cerealiculture.png","contentUrl":"https:\/\/lasentinelle.dz\/wp-content\/uploads\/2023\/02\/cerealiculture.png","width":1355,"height":900},{"@type":"BreadcrumbList","@id":"https:\/\/lasentinelle.dz\/index.php\/2024\/04\/09\/tebessa-lancement-precoce-de-la-campagne-de-moisson-battage\/#breadcrumb","itemListElement":[{"@type":"ListItem","position":1,"name":"Accueil","item":"https:\/\/lasentinelle.dz\/"},{"@type":"ListItem","position":2,"name":"T\u00e9bessa\u00a0: Lancement pr\u00e9coce de la campagne de moisson-battage"}]},{"@type":"WebSite","@id":"https:\/\/lasentinelle.dz\/#website","url":"https:\/\/lasentinelle.dz\/","name":"La Sentinelle","description":"Quotidien national d&#039;information","publisher":{"@id":"https:\/\/lasentinelle.dz\/#organization"},"potentialAction":[{"@type":"SearchAction","target":{"@type":"EntryPoint","urlTemplate":"https:\/\/lasentinelle.dz\/?s={search_term_string}"},"query-input":{"@type":"PropertyValueSpecification","valueRequired":true,"valueName":"search_term_string"}}],"inLanguage":"fr-FR"},{"@type":"Organization","@id":"https:\/\/lasentinelle.dz\/#organization","name":"Quotidien La Sentinelle","url":"https:\/\/lasentinelle.dz\/","logo":{"@type":"ImageObject","inLanguage":"fr-FR","@id":"https:\/\/lasentinelle.dz\/#\/schema\/logo\/image\/","url":"https:\/\/lasentinelle.dz\/wp-content\/uploads\/2021\/09\/logo-sentinelleSLOGAN-1.png","contentUrl":"https:\/\/lasentinelle.dz\/wp-content\/uploads\/2021\/09\/logo-sentinelleSLOGAN-1.png","width":615,"height":142,"caption":"Quotidien La Sentinelle"},"image":{"@id":"https:\/\/lasentinelle.dz\/#\/schema\/logo\/image\/"},"sameAs":["https:\/\/www.facebook.com\/La-Sentinelle-104059864394773"]},{"@type":"Person","@id":"https:\/\/lasentinelle.dz\/#\/schema\/person\/d865044e22e70a75174ce8bcad3acfb3","name":"La Sentinelle","image":{"@type":"ImageObject","inLanguage":"fr-FR","@id":"https:\/\/secure.gravatar.com\/avatar\/57de8e5d4b15d43fb361a71fbb36338450fe67865b528a43dd10ef7c51a20392?s=96&d=mm&r=g","url":"https:\/\/secure.gravatar.com\/avatar\/57de8e5d4b15d43fb361a71fbb36338450fe67865b528a43dd10ef7c51a20392?s=96&d=mm&r=g","contentUrl":"https:\/\/secure.gravatar.com\/avatar\/57de8e5d4b15d43fb361a71fbb36338450fe67865b528a43dd10ef7c51a20392?s=96&d=mm&r=g","caption":"La Sentinelle"},"sameAs":["http:\/\/www.lasentinelle.dz"],"url":"https:\/\/lasentinelle.dz\/author\/redaction\/"}]}},"_links":{"self":[{"href":"https:\/\/lasentinelle.dz\/index.php\/wp-json\/wp\/v2\/posts\/51117","targetHints":{"allow":["GET"]}}],"collection":[{"href":"https:\/\/lasentinelle.dz\/index.php\/wp-json\/wp\/v2\/posts"}],"about":[{"href":"https:\/\/lasentinelle.dz\/index.php\/wp-json\/wp\/v2\/types\/post"}],"author":[{"embeddable":true,"href":"https:\/\/lasentinelle.dz\/index.php\/wp-json\/wp\/v2\/users\/3"}],"replies":[{"embeddable":true,"href":"https:\/\/lasentinelle.dz\/index.php\/wp-json\/wp\/v2\/comments?post=51117"}],"version-history":[{"count":1,"href":"https:\/\/lasentinelle.dz\/index.php\/wp-json\/wp\/v2\/posts\/51117\/revisions"}],"predecessor-version":[{"id":51118,"href":"https:\/\/lasentinelle.dz\/index.php\/wp-json\/wp\/v2\/posts\/51117\/revisions\/51118"}],"wp:featuredmedia":[{"embeddable":true,"href":"https:\/\/lasentinelle.dz\/index.php\/wp-json\/wp\/v2\/media\/37092"}],"wp:attachment":[{"href":"https:\/\/lasentinelle.dz\/index.php\/wp-json\/wp\/v2\/media?parent=51117"}],"wp:term":[{"taxonomy":"category","embeddable":true,"href":"https:\/\/lasentinelle.dz\/index.php\/wp-json\/wp\/v2\/categories?post=51117"},{"taxonomy":"post_tag","embeddable":true,"href":"https:\/\/lasentinelle.dz\/index.php\/wp-json\/wp\/v2\/tags?post=51117"}],"curies":[{"name":"wp","href":"https:\/\/api.w.org\/{rel}","templated":true}]}}