{"id":51142,"date":"2024-04-09T10:43:00","date_gmt":"2024-04-09T09:43:00","guid":{"rendered":"https:\/\/lasentinelle.dz\/?p=51142"},"modified":"2024-04-10T10:47:13","modified_gmt":"2024-04-10T09:47:13","slug":"nouvel-accord-entre-la-sonatrach-et-totalenergies","status":"publish","type":"post","link":"https:\/\/lasentinelle.dz\/index.php\/2024\/04\/09\/nouvel-accord-entre-la-sonatrach-et-totalenergies\/","title":{"rendered":"Nouvel accord entre la Sonatrach et TotalEnergies"},"content":{"rendered":"\n<p>Le groupe Sonatrach a annonc\u00e9 hier dans un communiqu\u00e9 la signature d\u2019un un protocole d&rsquo;accord avec le Fran\u00e7ais TotalEnergies \u00a0\u00bb marquant la volont\u00e9 des parties \u00e0 consolider leur partenariat et \u00e9largir leur coop\u00e9ration\u00a0\u00bb. Le groupe p\u00e9trolier national pr\u00e9cise que ce protocole d&rsquo;accord s&rsquo;inscrit \u00ab\u00a0dans la perspective de la r\u00e9alisation d&rsquo;un programme de travaux visant \u00e0 appr\u00e9cier et d\u00e9velopper les ressources d&rsquo;hydrocarbures de la r\u00e9gion Nord-Est de Timimoun, en synergie avec les installations de traitement existantes dans la r\u00e9gion\u00a0\u00bb, a ajout\u00e9 la m\u00eame source. Et d\u2019ajouter que ce protocole d&rsquo;accord a \u00e9galement pour objet \u00ab\u00a0de d\u00e9finir le cadre de coop\u00e9ration entre les parties, dans l&rsquo;objectif de conclure un contrat d&rsquo;hydrocarbures sur la zone d&rsquo;int\u00e9r\u00eat identifi\u00e9e, sous l&rsquo;\u00e9gide de la loi n 19-13 r\u00e9gissant les activit\u00e9s hydrocarbures\u00a0\u00bb. Il est utile de rappeler que la Sonatrach et TotalEnergies exploitent, dans le cadre de contrats d&rsquo;association, les p\u00e9rim\u00e8tres contractuels de TFT II, TFT Sud, Timimoun et Berkine. Au mois de juillet dernier les deux compagnies p\u00e9troli\u00e8res ont sign\u00e9 plusieurs contrats, notamment deux contrats relatifs au d\u00e9veloppement des champs d&rsquo;exploitation op\u00e9r\u00e9s en partenariat \u00e0 Tin Fouy\u00e9 Tabankort TFT II et TFT Sud et qui doivent permettre de faire b\u00e9n\u00e9ficier les deux contractants de dispositions pr\u00e9vues dans la nouvelle loi des hydrocarbures 19-13. Les investissements de d\u00e9veloppement du second contrat, TFT Sud, sont estim\u00e9s \u00e0 407 millions de dollars, permettant la r\u00e9cup\u00e9ration de 11,5 milliards de m\u00b3 de gaz, 1,3 million de tonnes de condensat et 1,6 million de tonnes de GPL.<\/p>\n\n\n\n<p>Le contrat TFT II pr\u00e9voit des investissements de d\u00e9veloppement de 332 millions de dollars, permettant de r\u00e9cup\u00e9rer 43 milliards de m\u00b3 de gaz, 4,3 millions de tonnes de condensat et 5,7 millions de tonnes de GPL. Ainsi, la production combin\u00e9e des deux p\u00e9rim\u00e8tres TFT II et TFT Sud d\u00e9passera les 100.000 barils \u00e9quivalent p\u00e9trole par jour \u00e0 l&rsquo;\u00e9ch\u00e9ance 2026 contre une production actuelle d&rsquo;environ 60.000 de barils \u00e9quivalent p\u00e9trole par jour. Les deux partenaires ont \u00e9galement sign\u00e9 des accords concernent l&rsquo;extension des engagements contractuels liant Sonatrach et TotalEnergies pour la vente\/achat de GNL, ainsi que dans le d\u00e9veloppement des \u00e9nergies renouvelables.<\/p>\n\n\n\n<p>Samira Ghirb<\/p>\n","protected":false},"excerpt":{"rendered":"<p>Le groupe Sonatrach a annonc\u00e9 hier dans un communiqu\u00e9 la signature d\u2019un un protocole d&rsquo;accord avec le Fran\u00e7ais TotalEnergies \u00a0\u00bb<\/p>\n","protected":false},"author":3,"featured_media":51143,"comment_status":"open","ping_status":"closed","sticky":false,"template":"","format":"standard","meta":{"colormag_page_container_layout":"default_layout","colormag_page_sidebar_layout":"default_layout","om_disable_all_campaigns":false,"_monsterinsights_skip_tracking":false,"_monsterinsights_sitenote_active":false,"_monsterinsights_sitenote_note":"","_monsterinsights_sitenote_category":0,"footnotes":"","_wpscppro_dont_share_socialmedia":false,"_wpscppro_custom_social_share_image":0,"_facebook_share_type":"","_twitter_share_type":"","_linkedin_share_type":"","_pinterest_share_type":"","_linkedin_share_type_page":"","_instagram_share_type":"","_medium_share_type":"","_threads_share_type":"","_google_business_share_type":"","_selected_social_profile":[],"_wpsp_enable_custom_social_template":false,"_wpsp_social_scheduling":{"enabled":false,"datetime":null,"platforms":[],"status":"template_only","dateOption":"today","timeOption":"now","customDays":"","customHours":"","customDate":"","customTime":"","schedulingType":"absolute"},"_wpsp_active_default_template":true},"categories":[29],"tags":[],"class_list":["post-51142","post","type-post","status-publish","format-standard","has-post-thumbnail","hentry","category-economie"],"aioseo_notices":[],"yoast_head":"<!-- This site is optimized with the Yoast SEO plugin v27.5 - https:\/\/yoast.com\/product\/yoast-seo-wordpress\/ -->\n<title>Nouvel accord entre la Sonatrach et TotalEnergies - La Sentinelle<\/title>\n<meta name=\"robots\" content=\"index, follow, max-snippet:-1, max-image-preview:large, max-video-preview:-1\" \/>\n<link rel=\"canonical\" href=\"https:\/\/lasentinelle.dz\/index.php\/2024\/04\/09\/nouvel-accord-entre-la-sonatrach-et-totalenergies\/\" \/>\n<meta property=\"og:locale\" content=\"fr_FR\" \/>\n<meta property=\"og:type\" content=\"article\" \/>\n<meta property=\"og:title\" content=\"Nouvel accord entre la Sonatrach et TotalEnergies - La Sentinelle\" \/>\n<meta property=\"og:description\" content=\"Le groupe Sonatrach a annonc\u00e9 hier dans un communiqu\u00e9 la signature d\u2019un un protocole d&rsquo;accord avec le Fran\u00e7ais TotalEnergies \u00a0\u00bb\" \/>\n<meta property=\"og:url\" content=\"https:\/\/lasentinelle.dz\/index.php\/2024\/04\/09\/nouvel-accord-entre-la-sonatrach-et-totalenergies\/\" \/>\n<meta property=\"og:site_name\" content=\"La Sentinelle\" \/>\n<meta property=\"article:publisher\" content=\"https:\/\/www.facebook.com\/La-Sentinelle-104059864394773\" \/>\n<meta property=\"article:published_time\" content=\"2024-04-09T09:43:00+00:00\" \/>\n<meta property=\"article:modified_time\" content=\"2024-04-10T09:47:13+00:00\" \/>\n<meta property=\"og:image\" content=\"https:\/\/lasentinelle.dz\/wp-content\/uploads\/2024\/04\/434419418_742124721441434_3782315729260236851_n.jpg\" \/>\n\t<meta property=\"og:image:width\" content=\"2048\" \/>\n\t<meta property=\"og:image:height\" content=\"1079\" \/>\n\t<meta property=\"og:image:type\" content=\"image\/jpeg\" \/>\n<meta name=\"author\" content=\"La Sentinelle\" \/>\n<meta name=\"twitter:card\" content=\"summary_large_image\" \/>\n<meta name=\"twitter:label1\" content=\"\u00c9crit par\" \/>\n\t<meta name=\"twitter:data1\" content=\"La Sentinelle\" \/>\n\t<meta name=\"twitter:label2\" content=\"Dur\u00e9e de lecture estim\u00e9e\" \/>\n\t<meta name=\"twitter:data2\" content=\"2 minutes\" \/>\n<script type=\"application\/ld+json\" class=\"yoast-schema-graph\">{\"@context\":\"https:\\\/\\\/schema.org\",\"@graph\":[{\"@type\":\"Article\",\"@id\":\"https:\\\/\\\/lasentinelle.dz\\\/index.php\\\/2024\\\/04\\\/09\\\/nouvel-accord-entre-la-sonatrach-et-totalenergies\\\/#article\",\"isPartOf\":{\"@id\":\"https:\\\/\\\/lasentinelle.dz\\\/index.php\\\/2024\\\/04\\\/09\\\/nouvel-accord-entre-la-sonatrach-et-totalenergies\\\/\"},\"author\":{\"name\":\"La Sentinelle\",\"@id\":\"https:\\\/\\\/lasentinelle.dz\\\/#\\\/schema\\\/person\\\/d865044e22e70a75174ce8bcad3acfb3\"},\"headline\":\"Nouvel accord entre la Sonatrach et TotalEnergies\",\"datePublished\":\"2024-04-09T09:43:00+00:00\",\"dateModified\":\"2024-04-10T09:47:13+00:00\",\"mainEntityOfPage\":{\"@id\":\"https:\\\/\\\/lasentinelle.dz\\\/index.php\\\/2024\\\/04\\\/09\\\/nouvel-accord-entre-la-sonatrach-et-totalenergies\\\/\"},\"wordCount\":400,\"commentCount\":0,\"publisher\":{\"@id\":\"https:\\\/\\\/lasentinelle.dz\\\/#organization\"},\"image\":{\"@id\":\"https:\\\/\\\/lasentinelle.dz\\\/index.php\\\/2024\\\/04\\\/09\\\/nouvel-accord-entre-la-sonatrach-et-totalenergies\\\/#primaryimage\"},\"thumbnailUrl\":\"https:\\\/\\\/lasentinelle.dz\\\/wp-content\\\/uploads\\\/2024\\\/04\\\/434419418_742124721441434_3782315729260236851_n.jpg\",\"articleSection\":[\"\u00c9conomie\"],\"inLanguage\":\"fr-FR\",\"potentialAction\":[{\"@type\":\"CommentAction\",\"name\":\"Comment\",\"target\":[\"https:\\\/\\\/lasentinelle.dz\\\/index.php\\\/2024\\\/04\\\/09\\\/nouvel-accord-entre-la-sonatrach-et-totalenergies\\\/#respond\"]}]},{\"@type\":\"WebPage\",\"@id\":\"https:\\\/\\\/lasentinelle.dz\\\/index.php\\\/2024\\\/04\\\/09\\\/nouvel-accord-entre-la-sonatrach-et-totalenergies\\\/\",\"url\":\"https:\\\/\\\/lasentinelle.dz\\\/index.php\\\/2024\\\/04\\\/09\\\/nouvel-accord-entre-la-sonatrach-et-totalenergies\\\/\",\"name\":\"Nouvel accord entre la Sonatrach et TotalEnergies - La Sentinelle\",\"isPartOf\":{\"@id\":\"https:\\\/\\\/lasentinelle.dz\\\/#website\"},\"primaryImageOfPage\":{\"@id\":\"https:\\\/\\\/lasentinelle.dz\\\/index.php\\\/2024\\\/04\\\/09\\\/nouvel-accord-entre-la-sonatrach-et-totalenergies\\\/#primaryimage\"},\"image\":{\"@id\":\"https:\\\/\\\/lasentinelle.dz\\\/index.php\\\/2024\\\/04\\\/09\\\/nouvel-accord-entre-la-sonatrach-et-totalenergies\\\/#primaryimage\"},\"thumbnailUrl\":\"https:\\\/\\\/lasentinelle.dz\\\/wp-content\\\/uploads\\\/2024\\\/04\\\/434419418_742124721441434_3782315729260236851_n.jpg\",\"datePublished\":\"2024-04-09T09:43:00+00:00\",\"dateModified\":\"2024-04-10T09:47:13+00:00\",\"breadcrumb\":{\"@id\":\"https:\\\/\\\/lasentinelle.dz\\\/index.php\\\/2024\\\/04\\\/09\\\/nouvel-accord-entre-la-sonatrach-et-totalenergies\\\/#breadcrumb\"},\"inLanguage\":\"fr-FR\",\"potentialAction\":[{\"@type\":\"ReadAction\",\"target\":[\"https:\\\/\\\/lasentinelle.dz\\\/index.php\\\/2024\\\/04\\\/09\\\/nouvel-accord-entre-la-sonatrach-et-totalenergies\\\/\"]}]},{\"@type\":\"ImageObject\",\"inLanguage\":\"fr-FR\",\"@id\":\"https:\\\/\\\/lasentinelle.dz\\\/index.php\\\/2024\\\/04\\\/09\\\/nouvel-accord-entre-la-sonatrach-et-totalenergies\\\/#primaryimage\",\"url\":\"https:\\\/\\\/lasentinelle.dz\\\/wp-content\\\/uploads\\\/2024\\\/04\\\/434419418_742124721441434_3782315729260236851_n.jpg\",\"contentUrl\":\"https:\\\/\\\/lasentinelle.dz\\\/wp-content\\\/uploads\\\/2024\\\/04\\\/434419418_742124721441434_3782315729260236851_n.jpg\",\"width\":2048,\"height\":1079},{\"@type\":\"BreadcrumbList\",\"@id\":\"https:\\\/\\\/lasentinelle.dz\\\/index.php\\\/2024\\\/04\\\/09\\\/nouvel-accord-entre-la-sonatrach-et-totalenergies\\\/#breadcrumb\",\"itemListElement\":[{\"@type\":\"ListItem\",\"position\":1,\"name\":\"Accueil\",\"item\":\"https:\\\/\\\/lasentinelle.dz\\\/\"},{\"@type\":\"ListItem\",\"position\":2,\"name\":\"Nouvel accord entre la Sonatrach et TotalEnergies\"}]},{\"@type\":\"WebSite\",\"@id\":\"https:\\\/\\\/lasentinelle.dz\\\/#website\",\"url\":\"https:\\\/\\\/lasentinelle.dz\\\/\",\"name\":\"La Sentinelle\",\"description\":\"Quotidien national d&#039;information\",\"publisher\":{\"@id\":\"https:\\\/\\\/lasentinelle.dz\\\/#organization\"},\"potentialAction\":[{\"@type\":\"SearchAction\",\"target\":{\"@type\":\"EntryPoint\",\"urlTemplate\":\"https:\\\/\\\/lasentinelle.dz\\\/?s={search_term_string}\"},\"query-input\":{\"@type\":\"PropertyValueSpecification\",\"valueRequired\":true,\"valueName\":\"search_term_string\"}}],\"inLanguage\":\"fr-FR\"},{\"@type\":\"Organization\",\"@id\":\"https:\\\/\\\/lasentinelle.dz\\\/#organization\",\"name\":\"Quotidien La Sentinelle\",\"url\":\"https:\\\/\\\/lasentinelle.dz\\\/\",\"logo\":{\"@type\":\"ImageObject\",\"inLanguage\":\"fr-FR\",\"@id\":\"https:\\\/\\\/lasentinelle.dz\\\/#\\\/schema\\\/logo\\\/image\\\/\",\"url\":\"https:\\\/\\\/lasentinelle.dz\\\/wp-content\\\/uploads\\\/2021\\\/09\\\/logo-sentinelleSLOGAN-1.png\",\"contentUrl\":\"https:\\\/\\\/lasentinelle.dz\\\/wp-content\\\/uploads\\\/2021\\\/09\\\/logo-sentinelleSLOGAN-1.png\",\"width\":615,\"height\":142,\"caption\":\"Quotidien La Sentinelle\"},\"image\":{\"@id\":\"https:\\\/\\\/lasentinelle.dz\\\/#\\\/schema\\\/logo\\\/image\\\/\"},\"sameAs\":[\"https:\\\/\\\/www.facebook.com\\\/La-Sentinelle-104059864394773\"]},{\"@type\":\"Person\",\"@id\":\"https:\\\/\\\/lasentinelle.dz\\\/#\\\/schema\\\/person\\\/d865044e22e70a75174ce8bcad3acfb3\",\"name\":\"La Sentinelle\",\"image\":{\"@type\":\"ImageObject\",\"inLanguage\":\"fr-FR\",\"@id\":\"https:\\\/\\\/secure.gravatar.com\\\/avatar\\\/57de8e5d4b15d43fb361a71fbb36338450fe67865b528a43dd10ef7c51a20392?s=96&d=mm&r=g\",\"url\":\"https:\\\/\\\/secure.gravatar.com\\\/avatar\\\/57de8e5d4b15d43fb361a71fbb36338450fe67865b528a43dd10ef7c51a20392?s=96&d=mm&r=g\",\"contentUrl\":\"https:\\\/\\\/secure.gravatar.com\\\/avatar\\\/57de8e5d4b15d43fb361a71fbb36338450fe67865b528a43dd10ef7c51a20392?s=96&d=mm&r=g\",\"caption\":\"La Sentinelle\"},\"sameAs\":[\"http:\\\/\\\/www.lasentinelle.dz\"],\"url\":\"https:\\\/\\\/lasentinelle.dz\\\/author\\\/redaction\\\/\"}]}<\/script>\n<!-- \/ Yoast SEO plugin. -->","yoast_head_json":{"title":"Nouvel accord entre la Sonatrach et TotalEnergies - La Sentinelle","robots":{"index":"index","follow":"follow","max-snippet":"max-snippet:-1","max-image-preview":"max-image-preview:large","max-video-preview":"max-video-preview:-1"},"canonical":"https:\/\/lasentinelle.dz\/index.php\/2024\/04\/09\/nouvel-accord-entre-la-sonatrach-et-totalenergies\/","og_locale":"fr_FR","og_type":"article","og_title":"Nouvel accord entre la Sonatrach et TotalEnergies - La Sentinelle","og_description":"Le groupe Sonatrach a annonc\u00e9 hier dans un communiqu\u00e9 la signature d\u2019un un protocole d&rsquo;accord avec le Fran\u00e7ais TotalEnergies \u00a0\u00bb","og_url":"https:\/\/lasentinelle.dz\/index.php\/2024\/04\/09\/nouvel-accord-entre-la-sonatrach-et-totalenergies\/","og_site_name":"La Sentinelle","article_publisher":"https:\/\/www.facebook.com\/La-Sentinelle-104059864394773","article_published_time":"2024-04-09T09:43:00+00:00","article_modified_time":"2024-04-10T09:47:13+00:00","og_image":[{"width":2048,"height":1079,"url":"https:\/\/lasentinelle.dz\/wp-content\/uploads\/2024\/04\/434419418_742124721441434_3782315729260236851_n.jpg","type":"image\/jpeg"}],"author":"La Sentinelle","twitter_card":"summary_large_image","twitter_misc":{"\u00c9crit par":"La Sentinelle","Dur\u00e9e de lecture estim\u00e9e":"2 minutes"},"schema":{"@context":"https:\/\/schema.org","@graph":[{"@type":"Article","@id":"https:\/\/lasentinelle.dz\/index.php\/2024\/04\/09\/nouvel-accord-entre-la-sonatrach-et-totalenergies\/#article","isPartOf":{"@id":"https:\/\/lasentinelle.dz\/index.php\/2024\/04\/09\/nouvel-accord-entre-la-sonatrach-et-totalenergies\/"},"author":{"name":"La Sentinelle","@id":"https:\/\/lasentinelle.dz\/#\/schema\/person\/d865044e22e70a75174ce8bcad3acfb3"},"headline":"Nouvel accord entre la Sonatrach et TotalEnergies","datePublished":"2024-04-09T09:43:00+00:00","dateModified":"2024-04-10T09:47:13+00:00","mainEntityOfPage":{"@id":"https:\/\/lasentinelle.dz\/index.php\/2024\/04\/09\/nouvel-accord-entre-la-sonatrach-et-totalenergies\/"},"wordCount":400,"commentCount":0,"publisher":{"@id":"https:\/\/lasentinelle.dz\/#organization"},"image":{"@id":"https:\/\/lasentinelle.dz\/index.php\/2024\/04\/09\/nouvel-accord-entre-la-sonatrach-et-totalenergies\/#primaryimage"},"thumbnailUrl":"https:\/\/lasentinelle.dz\/wp-content\/uploads\/2024\/04\/434419418_742124721441434_3782315729260236851_n.jpg","articleSection":["\u00c9conomie"],"inLanguage":"fr-FR","potentialAction":[{"@type":"CommentAction","name":"Comment","target":["https:\/\/lasentinelle.dz\/index.php\/2024\/04\/09\/nouvel-accord-entre-la-sonatrach-et-totalenergies\/#respond"]}]},{"@type":"WebPage","@id":"https:\/\/lasentinelle.dz\/index.php\/2024\/04\/09\/nouvel-accord-entre-la-sonatrach-et-totalenergies\/","url":"https:\/\/lasentinelle.dz\/index.php\/2024\/04\/09\/nouvel-accord-entre-la-sonatrach-et-totalenergies\/","name":"Nouvel accord entre la Sonatrach et TotalEnergies - La Sentinelle","isPartOf":{"@id":"https:\/\/lasentinelle.dz\/#website"},"primaryImageOfPage":{"@id":"https:\/\/lasentinelle.dz\/index.php\/2024\/04\/09\/nouvel-accord-entre-la-sonatrach-et-totalenergies\/#primaryimage"},"image":{"@id":"https:\/\/lasentinelle.dz\/index.php\/2024\/04\/09\/nouvel-accord-entre-la-sonatrach-et-totalenergies\/#primaryimage"},"thumbnailUrl":"https:\/\/lasentinelle.dz\/wp-content\/uploads\/2024\/04\/434419418_742124721441434_3782315729260236851_n.jpg","datePublished":"2024-04-09T09:43:00+00:00","dateModified":"2024-04-10T09:47:13+00:00","breadcrumb":{"@id":"https:\/\/lasentinelle.dz\/index.php\/2024\/04\/09\/nouvel-accord-entre-la-sonatrach-et-totalenergies\/#breadcrumb"},"inLanguage":"fr-FR","potentialAction":[{"@type":"ReadAction","target":["https:\/\/lasentinelle.dz\/index.php\/2024\/04\/09\/nouvel-accord-entre-la-sonatrach-et-totalenergies\/"]}]},{"@type":"ImageObject","inLanguage":"fr-FR","@id":"https:\/\/lasentinelle.dz\/index.php\/2024\/04\/09\/nouvel-accord-entre-la-sonatrach-et-totalenergies\/#primaryimage","url":"https:\/\/lasentinelle.dz\/wp-content\/uploads\/2024\/04\/434419418_742124721441434_3782315729260236851_n.jpg","contentUrl":"https:\/\/lasentinelle.dz\/wp-content\/uploads\/2024\/04\/434419418_742124721441434_3782315729260236851_n.jpg","width":2048,"height":1079},{"@type":"BreadcrumbList","@id":"https:\/\/lasentinelle.dz\/index.php\/2024\/04\/09\/nouvel-accord-entre-la-sonatrach-et-totalenergies\/#breadcrumb","itemListElement":[{"@type":"ListItem","position":1,"name":"Accueil","item":"https:\/\/lasentinelle.dz\/"},{"@type":"ListItem","position":2,"name":"Nouvel accord entre la Sonatrach et TotalEnergies"}]},{"@type":"WebSite","@id":"https:\/\/lasentinelle.dz\/#website","url":"https:\/\/lasentinelle.dz\/","name":"La Sentinelle","description":"Quotidien national d&#039;information","publisher":{"@id":"https:\/\/lasentinelle.dz\/#organization"},"potentialAction":[{"@type":"SearchAction","target":{"@type":"EntryPoint","urlTemplate":"https:\/\/lasentinelle.dz\/?s={search_term_string}"},"query-input":{"@type":"PropertyValueSpecification","valueRequired":true,"valueName":"search_term_string"}}],"inLanguage":"fr-FR"},{"@type":"Organization","@id":"https:\/\/lasentinelle.dz\/#organization","name":"Quotidien La Sentinelle","url":"https:\/\/lasentinelle.dz\/","logo":{"@type":"ImageObject","inLanguage":"fr-FR","@id":"https:\/\/lasentinelle.dz\/#\/schema\/logo\/image\/","url":"https:\/\/lasentinelle.dz\/wp-content\/uploads\/2021\/09\/logo-sentinelleSLOGAN-1.png","contentUrl":"https:\/\/lasentinelle.dz\/wp-content\/uploads\/2021\/09\/logo-sentinelleSLOGAN-1.png","width":615,"height":142,"caption":"Quotidien La Sentinelle"},"image":{"@id":"https:\/\/lasentinelle.dz\/#\/schema\/logo\/image\/"},"sameAs":["https:\/\/www.facebook.com\/La-Sentinelle-104059864394773"]},{"@type":"Person","@id":"https:\/\/lasentinelle.dz\/#\/schema\/person\/d865044e22e70a75174ce8bcad3acfb3","name":"La Sentinelle","image":{"@type":"ImageObject","inLanguage":"fr-FR","@id":"https:\/\/secure.gravatar.com\/avatar\/57de8e5d4b15d43fb361a71fbb36338450fe67865b528a43dd10ef7c51a20392?s=96&d=mm&r=g","url":"https:\/\/secure.gravatar.com\/avatar\/57de8e5d4b15d43fb361a71fbb36338450fe67865b528a43dd10ef7c51a20392?s=96&d=mm&r=g","contentUrl":"https:\/\/secure.gravatar.com\/avatar\/57de8e5d4b15d43fb361a71fbb36338450fe67865b528a43dd10ef7c51a20392?s=96&d=mm&r=g","caption":"La Sentinelle"},"sameAs":["http:\/\/www.lasentinelle.dz"],"url":"https:\/\/lasentinelle.dz\/author\/redaction\/"}]}},"_links":{"self":[{"href":"https:\/\/lasentinelle.dz\/index.php\/wp-json\/wp\/v2\/posts\/51142","targetHints":{"allow":["GET"]}}],"collection":[{"href":"https:\/\/lasentinelle.dz\/index.php\/wp-json\/wp\/v2\/posts"}],"about":[{"href":"https:\/\/lasentinelle.dz\/index.php\/wp-json\/wp\/v2\/types\/post"}],"author":[{"embeddable":true,"href":"https:\/\/lasentinelle.dz\/index.php\/wp-json\/wp\/v2\/users\/3"}],"replies":[{"embeddable":true,"href":"https:\/\/lasentinelle.dz\/index.php\/wp-json\/wp\/v2\/comments?post=51142"}],"version-history":[{"count":1,"href":"https:\/\/lasentinelle.dz\/index.php\/wp-json\/wp\/v2\/posts\/51142\/revisions"}],"predecessor-version":[{"id":51144,"href":"https:\/\/lasentinelle.dz\/index.php\/wp-json\/wp\/v2\/posts\/51142\/revisions\/51144"}],"wp:featuredmedia":[{"embeddable":true,"href":"https:\/\/lasentinelle.dz\/index.php\/wp-json\/wp\/v2\/media\/51143"}],"wp:attachment":[{"href":"https:\/\/lasentinelle.dz\/index.php\/wp-json\/wp\/v2\/media?parent=51142"}],"wp:term":[{"taxonomy":"category","embeddable":true,"href":"https:\/\/lasentinelle.dz\/index.php\/wp-json\/wp\/v2\/categories?post=51142"},{"taxonomy":"post_tag","embeddable":true,"href":"https:\/\/lasentinelle.dz\/index.php\/wp-json\/wp\/v2\/tags?post=51142"}],"curies":[{"name":"wp","href":"https:\/\/api.w.org\/{rel}","templated":true}]}}