{"id":51148,"date":"2024-04-14T12:03:38","date_gmt":"2024-04-14T11:03:38","guid":{"rendered":"https:\/\/lasentinelle.dz\/?p=51148"},"modified":"2024-04-14T12:03:43","modified_gmt":"2024-04-14T11:03:43","slug":"accidents-de-la-route-19-deces-durant-les-trois-jours-de-laid","status":"publish","type":"post","link":"https:\/\/lasentinelle.dz\/index.php\/2024\/04\/14\/accidents-de-la-route-19-deces-durant-les-trois-jours-de-laid\/","title":{"rendered":"Accidents de la route\u00a0: 19 d\u00e9c\u00e8s durant les trois jours de l&rsquo;A\u00efd"},"content":{"rendered":"\n<p>Pas moins de 19 personnes sont d\u00e9c\u00e9d\u00e9es et 1013 autres ont \u00e9t\u00e9 bless\u00e9es dans des accidents de la route survenus \u00e0 travers plusieurs wilayas du pays, durant les trois jours de l&rsquo;A\u00efd el Fitr, a indiqu\u00e9 hier un communiqu\u00e9 de la Protection civile. Selon la m\u00eame source, les accidents de la route ont caus\u00e9 10 d\u00e9c\u00e8s et 348 bless\u00e9s le 1er jour de l\u2019A\u00efd el Fitr, 6 d\u00e9c\u00e8s et 425 bless\u00e9s le 2eme jour et 3 d\u00e9c\u00e8s et 425 bless\u00e9s le 3 \u00e9me jour de l&rsquo;a\u00efd, soulignant que le bilan final des accidents de la route durant le mois sacr\u00e9 est \u00e9tabli \u00e0 167 d\u00e9c\u00e8s et 6180 bless\u00e9s. Rappelons que les services de la Gendarmerie nationale ont indiqu\u00e9 lundi dernier avoir recens\u00e9, au niveau de leur territoire de comp\u00e9tence, 206 morts et 742 bless\u00e9s dans 508 accidents de la route survenus durant les 28 premiers jours du mois de Ramadhan. La Gendarmerie nationale avait d\u2019ailleurs not\u00e9 une hausse de 11% ainsi que de 18 % des bless\u00e9s (+18 %), par rapport \u00e0 l\u2019ann\u00e9e derni\u00e8re expliquant ce bilan par l&rsquo;implication de v\u00e9hicules de transport de voyageurs et de marchandises, ainsi que de poids lourds dans plusieurs accidents de la route. Et de souligner que le facteur humain demeure la principale cause de ces accidents, en raison du non-respect du code de la route, et la n\u00e9gligence des notamment la circulation volontaire sur la voie gauche, la non r\u00e9trogradation de la vitesse aux virages, le non-respect de la distance de s\u00e9curit\u00e9 et l&rsquo;imprudence des pi\u00e9tons.<\/p>\n\n\n\n<p><strong>Bilan des intemp\u00e9ries<\/strong><\/p>\n\n\n\n<p>Notons sur un autre registre que la Protection civile a \u00e9galement dress\u00e9 hier un bilan de ses interventions ont raison des intemp\u00e9ries durant les jours de l\u2019A\u00efd. Ses services ont ainsi proc\u00e9d\u00e9 \u00e0 des interventions dans cinq wilayas suite aux derni\u00e8res intemp\u00e9ries : Bouira, Tizi Ouzou, Ouargla, El Oued et El-Meghair, indique le communiqu\u00e9 de la DGPC. Ainsi, \u00e0 El-Mghaier, 21 personnes \u00e0 bord d\u2019un v\u00e9hicule \u00ab\u00a0Toyota Hilux\u00a0\u00bb coinc\u00e9s par la boue au village Ain Cheikh commune de Sidi Khelil, ont \u00e9t\u00e9 prises en charge sur les lieux puis \u00e9vacu\u00e9es vers l\u2019h\u00f4pital local. Par ailleurs, les services de la Protection civile ont effectu\u00e9 plusieurs op\u00e9rations de pompage des eaux pluviales au centre ville de la commune de Ouargla, \u00e0 la cit\u00e9 B\u00e9ni Thour et \u00e0 l\u2019avenue Palestine. A El Oued, plusieurs op\u00e9rations \u00e9puisements des eaux pluviales ont \u00e9t\u00e9 aussi effectu\u00e9es, \u00e0 la cit\u00e9 17 octobre et la cit\u00e9 Essahn El Aouel, commune d\u2019El Oued et au niveau de la cit\u00e9 05 juillet commune Bayadha. Le communiqu\u00e9 de la Protection civile a soulign\u00e9 que le trafic routier reste \u00ab\u00a0difficile\u00a0\u00bb \u00e0 la circulation au niveau de la wilaya de Tizi Ouzou commune de Iboudraren sur la RN N33 en allant vers Tikijda, et la RN N30 en allant vers la commune de M\u2019chedallah (wilaya de Bouira) et aussi la RN N33 difficile \u00e0 la circulation au niveau de la commune d\u2019El Asnam wilaya de Bouira suite au cumul de la neige. Par ailleurs, les secours de la Protection civile sont intervenus \u00e0 travers plusieurs wilayas pour prodiguer des soins de premi\u00e8re urgence \u00e0 6 personnes incommod\u00e9es par le monoxyde de carbone CO, \u00e9manant des dispositifs de chauffage et chauffes eau \u00e0 l\u2019int\u00e9rieur de leurs habitations. Dans le m\u00eame contexte, le monoxyde de carbone a caus\u00e9 la mort de deux personnes intoxiqu\u00e9es par ce gaz dangereux, au niveau des wilayas d\u2019Oum El Bouaghi et Ain T\u00e9mouchent.<\/p>\n\n\n\n<p>R.N.<\/p>\n","protected":false},"excerpt":{"rendered":"<p>Pas moins de 19 personnes sont d\u00e9c\u00e9d\u00e9es et 1013 autres ont \u00e9t\u00e9 bless\u00e9es dans des accidents de la route survenus<\/p>\n","protected":false},"author":3,"featured_media":25727,"comment_status":"open","ping_status":"closed","sticky":false,"template":"","format":"standard","meta":{"colormag_page_container_layout":"default_layout","colormag_page_sidebar_layout":"default_layout","om_disable_all_campaigns":false,"_monsterinsights_skip_tracking":false,"_monsterinsights_sitenote_active":false,"_monsterinsights_sitenote_note":"","_monsterinsights_sitenote_category":0,"footnotes":"","_wpscppro_dont_share_socialmedia":false,"_wpscppro_custom_social_share_image":0,"_facebook_share_type":"","_twitter_share_type":"","_linkedin_share_type":"","_pinterest_share_type":"","_linkedin_share_type_page":"","_instagram_share_type":"","_medium_share_type":"","_threads_share_type":"","_google_business_share_type":"","_selected_social_profile":[],"_wpsp_enable_custom_social_template":false,"_wpsp_social_scheduling":{"enabled":false,"datetime":null,"platforms":[],"status":"template_only","dateOption":"today","timeOption":"now","customDays":"","customHours":"","customDate":"","customTime":"","schedulingType":"absolute"},"_wpsp_active_default_template":true},"categories":[27],"tags":[],"class_list":["post-51148","post","type-post","status-publish","format-standard","has-post-thumbnail","hentry","category-actualite"],"aioseo_notices":[],"yoast_head":"<!-- This site is optimized with the Yoast SEO plugin v27.5 - https:\/\/yoast.com\/product\/yoast-seo-wordpress\/ -->\n<title>Accidents de la route\u00a0: 19 d\u00e9c\u00e8s durant les trois jours de l&rsquo;A\u00efd - La Sentinelle<\/title>\n<meta name=\"robots\" content=\"index, follow, max-snippet:-1, max-image-preview:large, max-video-preview:-1\" \/>\n<link rel=\"canonical\" href=\"https:\/\/lasentinelle.dz\/index.php\/2024\/04\/14\/accidents-de-la-route-19-deces-durant-les-trois-jours-de-laid\/\" \/>\n<meta property=\"og:locale\" content=\"fr_FR\" \/>\n<meta property=\"og:type\" content=\"article\" \/>\n<meta property=\"og:title\" content=\"Accidents de la route\u00a0: 19 d\u00e9c\u00e8s durant les trois jours de l&rsquo;A\u00efd - La Sentinelle\" \/>\n<meta property=\"og:description\" content=\"Pas moins de 19 personnes sont d\u00e9c\u00e9d\u00e9es et 1013 autres ont \u00e9t\u00e9 bless\u00e9es dans des accidents de la route survenus\" \/>\n<meta property=\"og:url\" content=\"https:\/\/lasentinelle.dz\/index.php\/2024\/04\/14\/accidents-de-la-route-19-deces-durant-les-trois-jours-de-laid\/\" \/>\n<meta property=\"og:site_name\" content=\"La Sentinelle\" \/>\n<meta property=\"article:publisher\" content=\"https:\/\/www.facebook.com\/La-Sentinelle-104059864394773\" \/>\n<meta property=\"article:published_time\" content=\"2024-04-14T11:03:38+00:00\" \/>\n<meta property=\"article:modified_time\" content=\"2024-04-14T11:03:43+00:00\" \/>\n<meta property=\"og:image\" content=\"https:\/\/lasentinelle.dz\/wp-content\/uploads\/2022\/08\/accidents-algerie-1000x600-1.jpg\" \/>\n\t<meta property=\"og:image:width\" content=\"1000\" \/>\n\t<meta property=\"og:image:height\" content=\"600\" \/>\n\t<meta property=\"og:image:type\" content=\"image\/jpeg\" \/>\n<meta name=\"author\" content=\"La Sentinelle\" \/>\n<meta name=\"twitter:card\" content=\"summary_large_image\" \/>\n<meta name=\"twitter:label1\" content=\"\u00c9crit par\" \/>\n\t<meta name=\"twitter:data1\" content=\"La Sentinelle\" \/>\n\t<meta name=\"twitter:label2\" content=\"Dur\u00e9e de lecture estim\u00e9e\" \/>\n\t<meta name=\"twitter:data2\" content=\"4 minutes\" \/>\n<script type=\"application\/ld+json\" class=\"yoast-schema-graph\">{\"@context\":\"https:\\\/\\\/schema.org\",\"@graph\":[{\"@type\":\"Article\",\"@id\":\"https:\\\/\\\/lasentinelle.dz\\\/index.php\\\/2024\\\/04\\\/14\\\/accidents-de-la-route-19-deces-durant-les-trois-jours-de-laid\\\/#article\",\"isPartOf\":{\"@id\":\"https:\\\/\\\/lasentinelle.dz\\\/index.php\\\/2024\\\/04\\\/14\\\/accidents-de-la-route-19-deces-durant-les-trois-jours-de-laid\\\/\"},\"author\":{\"name\":\"La Sentinelle\",\"@id\":\"https:\\\/\\\/lasentinelle.dz\\\/#\\\/schema\\\/person\\\/d865044e22e70a75174ce8bcad3acfb3\"},\"headline\":\"Accidents de la route\u00a0: 19 d\u00e9c\u00e8s durant les trois jours de l&rsquo;A\u00efd\",\"datePublished\":\"2024-04-14T11:03:38+00:00\",\"dateModified\":\"2024-04-14T11:03:43+00:00\",\"mainEntityOfPage\":{\"@id\":\"https:\\\/\\\/lasentinelle.dz\\\/index.php\\\/2024\\\/04\\\/14\\\/accidents-de-la-route-19-deces-durant-les-trois-jours-de-laid\\\/\"},\"wordCount\":614,\"commentCount\":0,\"publisher\":{\"@id\":\"https:\\\/\\\/lasentinelle.dz\\\/#organization\"},\"image\":{\"@id\":\"https:\\\/\\\/lasentinelle.dz\\\/index.php\\\/2024\\\/04\\\/14\\\/accidents-de-la-route-19-deces-durant-les-trois-jours-de-laid\\\/#primaryimage\"},\"thumbnailUrl\":\"https:\\\/\\\/lasentinelle.dz\\\/wp-content\\\/uploads\\\/2022\\\/08\\\/accidents-algerie-1000x600-1.jpg\",\"articleSection\":[\"Actualit\u00e9\"],\"inLanguage\":\"fr-FR\",\"potentialAction\":[{\"@type\":\"CommentAction\",\"name\":\"Comment\",\"target\":[\"https:\\\/\\\/lasentinelle.dz\\\/index.php\\\/2024\\\/04\\\/14\\\/accidents-de-la-route-19-deces-durant-les-trois-jours-de-laid\\\/#respond\"]}]},{\"@type\":\"WebPage\",\"@id\":\"https:\\\/\\\/lasentinelle.dz\\\/index.php\\\/2024\\\/04\\\/14\\\/accidents-de-la-route-19-deces-durant-les-trois-jours-de-laid\\\/\",\"url\":\"https:\\\/\\\/lasentinelle.dz\\\/index.php\\\/2024\\\/04\\\/14\\\/accidents-de-la-route-19-deces-durant-les-trois-jours-de-laid\\\/\",\"name\":\"Accidents de la route\u00a0: 19 d\u00e9c\u00e8s durant les trois jours de l&rsquo;A\u00efd - La Sentinelle\",\"isPartOf\":{\"@id\":\"https:\\\/\\\/lasentinelle.dz\\\/#website\"},\"primaryImageOfPage\":{\"@id\":\"https:\\\/\\\/lasentinelle.dz\\\/index.php\\\/2024\\\/04\\\/14\\\/accidents-de-la-route-19-deces-durant-les-trois-jours-de-laid\\\/#primaryimage\"},\"image\":{\"@id\":\"https:\\\/\\\/lasentinelle.dz\\\/index.php\\\/2024\\\/04\\\/14\\\/accidents-de-la-route-19-deces-durant-les-trois-jours-de-laid\\\/#primaryimage\"},\"thumbnailUrl\":\"https:\\\/\\\/lasentinelle.dz\\\/wp-content\\\/uploads\\\/2022\\\/08\\\/accidents-algerie-1000x600-1.jpg\",\"datePublished\":\"2024-04-14T11:03:38+00:00\",\"dateModified\":\"2024-04-14T11:03:43+00:00\",\"breadcrumb\":{\"@id\":\"https:\\\/\\\/lasentinelle.dz\\\/index.php\\\/2024\\\/04\\\/14\\\/accidents-de-la-route-19-deces-durant-les-trois-jours-de-laid\\\/#breadcrumb\"},\"inLanguage\":\"fr-FR\",\"potentialAction\":[{\"@type\":\"ReadAction\",\"target\":[\"https:\\\/\\\/lasentinelle.dz\\\/index.php\\\/2024\\\/04\\\/14\\\/accidents-de-la-route-19-deces-durant-les-trois-jours-de-laid\\\/\"]}]},{\"@type\":\"ImageObject\",\"inLanguage\":\"fr-FR\",\"@id\":\"https:\\\/\\\/lasentinelle.dz\\\/index.php\\\/2024\\\/04\\\/14\\\/accidents-de-la-route-19-deces-durant-les-trois-jours-de-laid\\\/#primaryimage\",\"url\":\"https:\\\/\\\/lasentinelle.dz\\\/wp-content\\\/uploads\\\/2022\\\/08\\\/accidents-algerie-1000x600-1.jpg\",\"contentUrl\":\"https:\\\/\\\/lasentinelle.dz\\\/wp-content\\\/uploads\\\/2022\\\/08\\\/accidents-algerie-1000x600-1.jpg\",\"width\":1000,\"height\":600},{\"@type\":\"BreadcrumbList\",\"@id\":\"https:\\\/\\\/lasentinelle.dz\\\/index.php\\\/2024\\\/04\\\/14\\\/accidents-de-la-route-19-deces-durant-les-trois-jours-de-laid\\\/#breadcrumb\",\"itemListElement\":[{\"@type\":\"ListItem\",\"position\":1,\"name\":\"Accueil\",\"item\":\"https:\\\/\\\/lasentinelle.dz\\\/\"},{\"@type\":\"ListItem\",\"position\":2,\"name\":\"Accidents de la route\u00a0: 19 d\u00e9c\u00e8s durant les trois jours de l&rsquo;A\u00efd\"}]},{\"@type\":\"WebSite\",\"@id\":\"https:\\\/\\\/lasentinelle.dz\\\/#website\",\"url\":\"https:\\\/\\\/lasentinelle.dz\\\/\",\"name\":\"La Sentinelle\",\"description\":\"Quotidien national d&#039;information\",\"publisher\":{\"@id\":\"https:\\\/\\\/lasentinelle.dz\\\/#organization\"},\"potentialAction\":[{\"@type\":\"SearchAction\",\"target\":{\"@type\":\"EntryPoint\",\"urlTemplate\":\"https:\\\/\\\/lasentinelle.dz\\\/?s={search_term_string}\"},\"query-input\":{\"@type\":\"PropertyValueSpecification\",\"valueRequired\":true,\"valueName\":\"search_term_string\"}}],\"inLanguage\":\"fr-FR\"},{\"@type\":\"Organization\",\"@id\":\"https:\\\/\\\/lasentinelle.dz\\\/#organization\",\"name\":\"Quotidien La Sentinelle\",\"url\":\"https:\\\/\\\/lasentinelle.dz\\\/\",\"logo\":{\"@type\":\"ImageObject\",\"inLanguage\":\"fr-FR\",\"@id\":\"https:\\\/\\\/lasentinelle.dz\\\/#\\\/schema\\\/logo\\\/image\\\/\",\"url\":\"https:\\\/\\\/lasentinelle.dz\\\/wp-content\\\/uploads\\\/2021\\\/09\\\/logo-sentinelleSLOGAN-1.png\",\"contentUrl\":\"https:\\\/\\\/lasentinelle.dz\\\/wp-content\\\/uploads\\\/2021\\\/09\\\/logo-sentinelleSLOGAN-1.png\",\"width\":615,\"height\":142,\"caption\":\"Quotidien La Sentinelle\"},\"image\":{\"@id\":\"https:\\\/\\\/lasentinelle.dz\\\/#\\\/schema\\\/logo\\\/image\\\/\"},\"sameAs\":[\"https:\\\/\\\/www.facebook.com\\\/La-Sentinelle-104059864394773\"]},{\"@type\":\"Person\",\"@id\":\"https:\\\/\\\/lasentinelle.dz\\\/#\\\/schema\\\/person\\\/d865044e22e70a75174ce8bcad3acfb3\",\"name\":\"La Sentinelle\",\"image\":{\"@type\":\"ImageObject\",\"inLanguage\":\"fr-FR\",\"@id\":\"https:\\\/\\\/secure.gravatar.com\\\/avatar\\\/57de8e5d4b15d43fb361a71fbb36338450fe67865b528a43dd10ef7c51a20392?s=96&d=mm&r=g\",\"url\":\"https:\\\/\\\/secure.gravatar.com\\\/avatar\\\/57de8e5d4b15d43fb361a71fbb36338450fe67865b528a43dd10ef7c51a20392?s=96&d=mm&r=g\",\"contentUrl\":\"https:\\\/\\\/secure.gravatar.com\\\/avatar\\\/57de8e5d4b15d43fb361a71fbb36338450fe67865b528a43dd10ef7c51a20392?s=96&d=mm&r=g\",\"caption\":\"La Sentinelle\"},\"sameAs\":[\"http:\\\/\\\/www.lasentinelle.dz\"],\"url\":\"https:\\\/\\\/lasentinelle.dz\\\/author\\\/redaction\\\/\"}]}<\/script>\n<!-- \/ Yoast SEO plugin. -->","yoast_head_json":{"title":"Accidents de la route\u00a0: 19 d\u00e9c\u00e8s durant les trois jours de l&rsquo;A\u00efd - La Sentinelle","robots":{"index":"index","follow":"follow","max-snippet":"max-snippet:-1","max-image-preview":"max-image-preview:large","max-video-preview":"max-video-preview:-1"},"canonical":"https:\/\/lasentinelle.dz\/index.php\/2024\/04\/14\/accidents-de-la-route-19-deces-durant-les-trois-jours-de-laid\/","og_locale":"fr_FR","og_type":"article","og_title":"Accidents de la route\u00a0: 19 d\u00e9c\u00e8s durant les trois jours de l&rsquo;A\u00efd - La Sentinelle","og_description":"Pas moins de 19 personnes sont d\u00e9c\u00e9d\u00e9es et 1013 autres ont \u00e9t\u00e9 bless\u00e9es dans des accidents de la route survenus","og_url":"https:\/\/lasentinelle.dz\/index.php\/2024\/04\/14\/accidents-de-la-route-19-deces-durant-les-trois-jours-de-laid\/","og_site_name":"La Sentinelle","article_publisher":"https:\/\/www.facebook.com\/La-Sentinelle-104059864394773","article_published_time":"2024-04-14T11:03:38+00:00","article_modified_time":"2024-04-14T11:03:43+00:00","og_image":[{"width":1000,"height":600,"url":"https:\/\/lasentinelle.dz\/wp-content\/uploads\/2022\/08\/accidents-algerie-1000x600-1.jpg","type":"image\/jpeg"}],"author":"La Sentinelle","twitter_card":"summary_large_image","twitter_misc":{"\u00c9crit par":"La Sentinelle","Dur\u00e9e de lecture estim\u00e9e":"4 minutes"},"schema":{"@context":"https:\/\/schema.org","@graph":[{"@type":"Article","@id":"https:\/\/lasentinelle.dz\/index.php\/2024\/04\/14\/accidents-de-la-route-19-deces-durant-les-trois-jours-de-laid\/#article","isPartOf":{"@id":"https:\/\/lasentinelle.dz\/index.php\/2024\/04\/14\/accidents-de-la-route-19-deces-durant-les-trois-jours-de-laid\/"},"author":{"name":"La Sentinelle","@id":"https:\/\/lasentinelle.dz\/#\/schema\/person\/d865044e22e70a75174ce8bcad3acfb3"},"headline":"Accidents de la route\u00a0: 19 d\u00e9c\u00e8s durant les trois jours de l&rsquo;A\u00efd","datePublished":"2024-04-14T11:03:38+00:00","dateModified":"2024-04-14T11:03:43+00:00","mainEntityOfPage":{"@id":"https:\/\/lasentinelle.dz\/index.php\/2024\/04\/14\/accidents-de-la-route-19-deces-durant-les-trois-jours-de-laid\/"},"wordCount":614,"commentCount":0,"publisher":{"@id":"https:\/\/lasentinelle.dz\/#organization"},"image":{"@id":"https:\/\/lasentinelle.dz\/index.php\/2024\/04\/14\/accidents-de-la-route-19-deces-durant-les-trois-jours-de-laid\/#primaryimage"},"thumbnailUrl":"https:\/\/lasentinelle.dz\/wp-content\/uploads\/2022\/08\/accidents-algerie-1000x600-1.jpg","articleSection":["Actualit\u00e9"],"inLanguage":"fr-FR","potentialAction":[{"@type":"CommentAction","name":"Comment","target":["https:\/\/lasentinelle.dz\/index.php\/2024\/04\/14\/accidents-de-la-route-19-deces-durant-les-trois-jours-de-laid\/#respond"]}]},{"@type":"WebPage","@id":"https:\/\/lasentinelle.dz\/index.php\/2024\/04\/14\/accidents-de-la-route-19-deces-durant-les-trois-jours-de-laid\/","url":"https:\/\/lasentinelle.dz\/index.php\/2024\/04\/14\/accidents-de-la-route-19-deces-durant-les-trois-jours-de-laid\/","name":"Accidents de la route\u00a0: 19 d\u00e9c\u00e8s durant les trois jours de l&rsquo;A\u00efd - La Sentinelle","isPartOf":{"@id":"https:\/\/lasentinelle.dz\/#website"},"primaryImageOfPage":{"@id":"https:\/\/lasentinelle.dz\/index.php\/2024\/04\/14\/accidents-de-la-route-19-deces-durant-les-trois-jours-de-laid\/#primaryimage"},"image":{"@id":"https:\/\/lasentinelle.dz\/index.php\/2024\/04\/14\/accidents-de-la-route-19-deces-durant-les-trois-jours-de-laid\/#primaryimage"},"thumbnailUrl":"https:\/\/lasentinelle.dz\/wp-content\/uploads\/2022\/08\/accidents-algerie-1000x600-1.jpg","datePublished":"2024-04-14T11:03:38+00:00","dateModified":"2024-04-14T11:03:43+00:00","breadcrumb":{"@id":"https:\/\/lasentinelle.dz\/index.php\/2024\/04\/14\/accidents-de-la-route-19-deces-durant-les-trois-jours-de-laid\/#breadcrumb"},"inLanguage":"fr-FR","potentialAction":[{"@type":"ReadAction","target":["https:\/\/lasentinelle.dz\/index.php\/2024\/04\/14\/accidents-de-la-route-19-deces-durant-les-trois-jours-de-laid\/"]}]},{"@type":"ImageObject","inLanguage":"fr-FR","@id":"https:\/\/lasentinelle.dz\/index.php\/2024\/04\/14\/accidents-de-la-route-19-deces-durant-les-trois-jours-de-laid\/#primaryimage","url":"https:\/\/lasentinelle.dz\/wp-content\/uploads\/2022\/08\/accidents-algerie-1000x600-1.jpg","contentUrl":"https:\/\/lasentinelle.dz\/wp-content\/uploads\/2022\/08\/accidents-algerie-1000x600-1.jpg","width":1000,"height":600},{"@type":"BreadcrumbList","@id":"https:\/\/lasentinelle.dz\/index.php\/2024\/04\/14\/accidents-de-la-route-19-deces-durant-les-trois-jours-de-laid\/#breadcrumb","itemListElement":[{"@type":"ListItem","position":1,"name":"Accueil","item":"https:\/\/lasentinelle.dz\/"},{"@type":"ListItem","position":2,"name":"Accidents de la route\u00a0: 19 d\u00e9c\u00e8s durant les trois jours de l&rsquo;A\u00efd"}]},{"@type":"WebSite","@id":"https:\/\/lasentinelle.dz\/#website","url":"https:\/\/lasentinelle.dz\/","name":"La Sentinelle","description":"Quotidien national d&#039;information","publisher":{"@id":"https:\/\/lasentinelle.dz\/#organization"},"potentialAction":[{"@type":"SearchAction","target":{"@type":"EntryPoint","urlTemplate":"https:\/\/lasentinelle.dz\/?s={search_term_string}"},"query-input":{"@type":"PropertyValueSpecification","valueRequired":true,"valueName":"search_term_string"}}],"inLanguage":"fr-FR"},{"@type":"Organization","@id":"https:\/\/lasentinelle.dz\/#organization","name":"Quotidien La Sentinelle","url":"https:\/\/lasentinelle.dz\/","logo":{"@type":"ImageObject","inLanguage":"fr-FR","@id":"https:\/\/lasentinelle.dz\/#\/schema\/logo\/image\/","url":"https:\/\/lasentinelle.dz\/wp-content\/uploads\/2021\/09\/logo-sentinelleSLOGAN-1.png","contentUrl":"https:\/\/lasentinelle.dz\/wp-content\/uploads\/2021\/09\/logo-sentinelleSLOGAN-1.png","width":615,"height":142,"caption":"Quotidien La Sentinelle"},"image":{"@id":"https:\/\/lasentinelle.dz\/#\/schema\/logo\/image\/"},"sameAs":["https:\/\/www.facebook.com\/La-Sentinelle-104059864394773"]},{"@type":"Person","@id":"https:\/\/lasentinelle.dz\/#\/schema\/person\/d865044e22e70a75174ce8bcad3acfb3","name":"La Sentinelle","image":{"@type":"ImageObject","inLanguage":"fr-FR","@id":"https:\/\/secure.gravatar.com\/avatar\/57de8e5d4b15d43fb361a71fbb36338450fe67865b528a43dd10ef7c51a20392?s=96&d=mm&r=g","url":"https:\/\/secure.gravatar.com\/avatar\/57de8e5d4b15d43fb361a71fbb36338450fe67865b528a43dd10ef7c51a20392?s=96&d=mm&r=g","contentUrl":"https:\/\/secure.gravatar.com\/avatar\/57de8e5d4b15d43fb361a71fbb36338450fe67865b528a43dd10ef7c51a20392?s=96&d=mm&r=g","caption":"La Sentinelle"},"sameAs":["http:\/\/www.lasentinelle.dz"],"url":"https:\/\/lasentinelle.dz\/author\/redaction\/"}]}},"_links":{"self":[{"href":"https:\/\/lasentinelle.dz\/index.php\/wp-json\/wp\/v2\/posts\/51148","targetHints":{"allow":["GET"]}}],"collection":[{"href":"https:\/\/lasentinelle.dz\/index.php\/wp-json\/wp\/v2\/posts"}],"about":[{"href":"https:\/\/lasentinelle.dz\/index.php\/wp-json\/wp\/v2\/types\/post"}],"author":[{"embeddable":true,"href":"https:\/\/lasentinelle.dz\/index.php\/wp-json\/wp\/v2\/users\/3"}],"replies":[{"embeddable":true,"href":"https:\/\/lasentinelle.dz\/index.php\/wp-json\/wp\/v2\/comments?post=51148"}],"version-history":[{"count":2,"href":"https:\/\/lasentinelle.dz\/index.php\/wp-json\/wp\/v2\/posts\/51148\/revisions"}],"predecessor-version":[{"id":51150,"href":"https:\/\/lasentinelle.dz\/index.php\/wp-json\/wp\/v2\/posts\/51148\/revisions\/51150"}],"wp:featuredmedia":[{"embeddable":true,"href":"https:\/\/lasentinelle.dz\/index.php\/wp-json\/wp\/v2\/media\/25727"}],"wp:attachment":[{"href":"https:\/\/lasentinelle.dz\/index.php\/wp-json\/wp\/v2\/media?parent=51148"}],"wp:term":[{"taxonomy":"category","embeddable":true,"href":"https:\/\/lasentinelle.dz\/index.php\/wp-json\/wp\/v2\/categories?post=51148"},{"taxonomy":"post_tag","embeddable":true,"href":"https:\/\/lasentinelle.dz\/index.php\/wp-json\/wp\/v2\/tags?post=51148"}],"curies":[{"name":"wp","href":"https:\/\/api.w.org\/{rel}","templated":true}]}}