{"id":51191,"date":"2024-04-14T13:57:18","date_gmt":"2024-04-14T12:57:18","guid":{"rendered":"https:\/\/lasentinelle.dz\/?p=51191"},"modified":"2024-04-14T13:57:21","modified_gmt":"2024-04-14T12:57:21","slug":"escalade-des-tensions-entre-lentite-sioniste-et-liran-bruits-de-bottes-au-moyen-orient","status":"publish","type":"post","link":"https:\/\/lasentinelle.dz\/index.php\/2024\/04\/14\/escalade-des-tensions-entre-lentite-sioniste-et-liran-bruits-de-bottes-au-moyen-orient\/","title":{"rendered":"Escalade des tensions entre l\u2019entit\u00e9 sioniste et l\u2019Iran\u00a0: Bruits de bottes au Moyen-Orient"},"content":{"rendered":"\n<p>C\u2019est l\u2019escalade au Moyen-Orient. Les tensions montent dans le sillage de l\u2019attaque isra\u00e9lienne qui a cibl\u00e9 le 1<sup>er<\/sup> avril en cours le consulat iranien \u00e0 Damas et \u00e0 laquelle T\u00e9h\u00e9ran a promis de r\u00e9pondre. Washington a annonc\u00e9 hier l\u2019envoi de troupes au Moyen-Orient pour prot\u00e9ger son alli\u00e9 isra\u00e9lien, tandis que l\u2019entit\u00e9 sioniste pr\u00e9pare des plans d\u2019attaque contre l\u2019Iran, lequel a, pour sa part, saisi un navire battant pavillon portugais mais appartenant \u00e0 des Isra\u00e9liens, dans le d\u00e9troit d\u2019Ormuz.<\/p>\n\n\n\n<p>Un responsable du minist\u00e8re am\u00e9ricain de la D\u00e9fense a annonc\u00e9 l\u2019envoi de troupes US au Moyen-Orient, officiellement pour des raisons de \u00ab&nbsp;dissuasion r\u00e9gionale&nbsp;\u00bb. \u00ab&nbsp;Nous envoyons des moyens suppl\u00e9mentaires dans la r\u00e9gion pour soutenir les efforts de dissuasion r\u00e9gionale et accro\u00eetre la protection des forces am\u00e9ricaines&nbsp;\u00bb, a d\u00e9clar\u00e9 vendredi soir un responsable du minist\u00e8re de la D\u00e9fense am\u00e9ricain \u00e0 Washington. Il semble cependant que cette annonce qui intervient dans un contexte marqu\u00e9 par une escalade des tensions entre l\u2019entit\u00e9 sioniste et l\u2019Iran depuis l\u2019attaque du Consulat iranien \u00e0 Damas soit motiv\u00e9e par la volont\u00e9 de Washington de soutenir et prot\u00e9ger son proxy isra\u00e9lien dans la r\u00e9gion du Moyen-Orient. Une volont\u00e9 qu\u2019il a affich\u00e9 d\u00e8s le d\u00e9but de l\u2019agression contre Ghaza par l\u2019envoi du porte-avion USS Ford en M\u00e9diterran\u00e9e orientale avant le retirer quelques semaines plus tard, puis par les attaques men\u00e9es contre les Houthis du Y\u00e9men.<\/p>\n\n\n\n<p>D\u2019ailleurs, un g\u00e9n\u00e9ral am\u00e9ricain charg\u00e9 du Moyen-Orient s\u2019est d\u00e9plac\u00e9 pour discuter avec des militaires isra\u00e9liens sur place pour parler des \u00ab\u00a0menaces s\u00e9curitaires dans la r\u00e9gion\u00a0\u00bb en r\u00e9f\u00e9rence \u00e0 l&rsquo;escalade avec l&rsquo;Iran. Il faut dire que l\u2019Iran et bien qu\u2019il ait promis une r\u00e9ponse ad\u00e9quate \u00e0 l\u2019attaque de son consulat \u00e0 Damas et qui a fait 13 morts dont des officiers des Gardiens de la r\u00e9volution a refus\u00e9 jusqu\u2019\u00e0 pr\u00e9sent toute confrontation directe avec l\u2019entit\u00e9 sioniste.<\/p>\n\n\n\n<p>Malgr\u00e9 cela, c\u2019est l\u2019entit\u00e9 sioniste et ses alli\u00e9s qui se pr\u00e9parent \u00e0 la guerre dans un contexte d\u2019escalade aliment\u00e9 par les Isra\u00e9liens. Ces derniers ont d\u2019ailleurs annonc\u00e9 des plans d\u2019attaque contre l\u2019Iran, alors que le pr\u00e9sident am\u00e9ricain Joe Biden a dit vendredi qu&rsquo;il s&rsquo;attendait \u00e0 ce que l&rsquo;Iran passe \u00ab\u00a0bient\u00f4t\u00a0\u00bb \u00e0 l&rsquo;action contre l\u2019entit\u00e9 sioniste.<\/p>\n\n\n\n<p>Samedi, les Pays-Bas ont annonc\u00e9 que leur ambassade en Iran ainsi que leur consulat \u00e0 Erbil, dans le Kurdistan irakien, sont ferm\u00e9s au public \u00ab\u00a0par pr\u00e9caution\u00a0\u00bb. La veille, la compagnie allemande Lufthansa et sa filiale autrichienne Austrian Airlines ont annonc\u00e9 suspendre leurs vols de et vers T\u00e9h\u00e9ran jusqu&rsquo;au jeudi 18 avril. Parall\u00e8lement, plusieurs pays dont la France, l&rsquo;Allemagne ou les Etats-Unis, ont r\u00e9it\u00e9r\u00e9 leurs appels \u00e0 leurs ressortissants \u00e0 ne pas se rendre en Iran.<\/p>\n\n\n\n<p>De son c\u00f4t\u00e9, l\u2019Iran a saisi hier un navire cargo li\u00e9 aux Isra\u00e9liens dans le d\u00e9troit d&rsquo;Ormuz. Selon l&rsquo;agence de presse officielle iranienne IRNA, les Gardiens de la r\u00e9volution iraniens ont saisi &nbsp;ce navire quelques jours apr\u00e8s l&rsquo;avertissement de T\u00e9h\u00e9ran d&rsquo;une possible fermeture de la zoneau trafic maritime. Selon Irna, un h\u00e9licopt\u00e8re des gardes a emmen\u00e9 dans les eaux iraniennes le MSC Aries, une embarcation battantpavillon portugais. Les agences de s\u00e9curit\u00e9 maritime avaient pr\u00e9c\u00e9demmentsignal\u00e9 qu&rsquo;un navire avait \u00e9t\u00e9 arraisonn\u00e9 et saisi par les\u00a0\u00bbautorit\u00e9s r\u00e9gionales\u00a0\u00bb dans le d\u00e9troit d&rsquo;Ormuz, entre les\u00c9mirats arabes unis et l&rsquo;Iran.<\/p>\n\n\n\n<p>L&rsquo;Aries est lou\u00e9 par la compagnie maritimeinternationale MSC \u00e0 Gortal Shipping, une filiale de ZodiacMaritime, a indiqu\u00e9 Zodiac dans un communiqu\u00e9, ajoutant que MSC\u00e9tait responsable de toutes les activit\u00e9s du navire. Zodiacappartient en partie \u00e0 l&rsquo;homme d&rsquo;affaires isra\u00e9lien Eyal Ofer. Mardi, le chef naval des Gardiens de la r\u00e9volution,Alireza Tangsiri, a menac\u00e9 de fermer le d\u00e9troit d&rsquo;Ormuz sin\u00e9cessaire. Il a d\u00e9clar\u00e9 que l&rsquo;Iran consid\u00e9rait comme une menace la pr\u00e9sence de l\u2019entit\u00e9 sioniste aux \u00c9mirats arabes unis, qui a normalis\u00e9 en 2020 dans le cadredes \u00ab\u00a0Accords d&rsquo;Abraham\u00a0\u00bb n\u00e9goci\u00e9s par les \u00c9tats-Unis. Rappelons que le d\u00e9troit d\u2019Ormuz est une route strat\u00e9gique pour le commerce de p\u00e9trole, par laquelle transite chaque jour 20% de la consommation mondiale de brut. La situation risque d\u2019affecter lourdement les march\u00e9s p\u00e9troliers. Notons que la guerre g\u00e9nocidaire \u00e0 Ghaza a d\u00e9j\u00e0 eu pour effet une exacerbation des tensions en mer Rouge avec l\u2019implication des Houthis du Y\u00e9men qui ont affich\u00e9 leur solidarit\u00e9 avec les Palestiniens en ciblant les navires isra\u00e9liens et li\u00e9s \u00e0 l\u2019entit\u00e9 sioniste transitant par la r\u00e9gion. Un soutien qui a \u00e9t\u00e9 contr\u00e9 par une riposte militaire am\u00e9ricano-britannique avec une perturbation du trafic maritime \u00e0 travers le canal de Suez.<\/p>\n\n\n\n<p><strong>Hocine Fadheli<\/strong><\/p>\n","protected":false},"excerpt":{"rendered":"<p>C\u2019est l\u2019escalade au Moyen-Orient. Les tensions montent dans le sillage de l\u2019attaque isra\u00e9lienne qui a cibl\u00e9 le 1er avril en<\/p>\n","protected":false},"author":3,"featured_media":51192,"comment_status":"open","ping_status":"closed","sticky":false,"template":"","format":"standard","meta":{"colormag_page_container_layout":"default_layout","colormag_page_sidebar_layout":"default_layout","om_disable_all_campaigns":false,"_monsterinsights_skip_tracking":false,"_monsterinsights_sitenote_active":false,"_monsterinsights_sitenote_note":"","_monsterinsights_sitenote_category":0,"footnotes":"","_wpscppro_dont_share_socialmedia":false,"_wpscppro_custom_social_share_image":0,"_facebook_share_type":"","_twitter_share_type":"","_linkedin_share_type":"","_pinterest_share_type":"","_linkedin_share_type_page":"","_instagram_share_type":"","_medium_share_type":"","_threads_share_type":"","_google_business_share_type":"","_selected_social_profile":[],"_wpsp_enable_custom_social_template":false,"_wpsp_social_scheduling":{"enabled":false,"datetime":null,"platforms":[],"status":"template_only","dateOption":"today","timeOption":"now","customDays":"","customHours":"","customDate":"","customTime":"","schedulingType":"absolute"},"_wpsp_active_default_template":true},"categories":[52,27],"tags":[],"class_list":["post-51191","post","type-post","status-publish","format-standard","has-post-thumbnail","hentry","category-a-la-une","category-actualite"],"aioseo_notices":[],"yoast_head":"<!-- This site is optimized with the Yoast SEO plugin v27.5 - https:\/\/yoast.com\/product\/yoast-seo-wordpress\/ -->\n<title>Escalade des tensions entre l\u2019entit\u00e9 sioniste et l\u2019Iran\u00a0: Bruits de bottes au Moyen-Orient - La Sentinelle<\/title>\n<meta name=\"robots\" content=\"index, follow, max-snippet:-1, max-image-preview:large, max-video-preview:-1\" \/>\n<link rel=\"canonical\" href=\"https:\/\/lasentinelle.dz\/index.php\/2024\/04\/14\/escalade-des-tensions-entre-lentite-sioniste-et-liran-bruits-de-bottes-au-moyen-orient\/\" \/>\n<meta property=\"og:locale\" content=\"fr_FR\" \/>\n<meta property=\"og:type\" content=\"article\" \/>\n<meta property=\"og:title\" content=\"Escalade des tensions entre l\u2019entit\u00e9 sioniste et l\u2019Iran\u00a0: Bruits de bottes au Moyen-Orient - La Sentinelle\" \/>\n<meta property=\"og:description\" content=\"C\u2019est l\u2019escalade au Moyen-Orient. Les tensions montent dans le sillage de l\u2019attaque isra\u00e9lienne qui a cibl\u00e9 le 1er avril en\" \/>\n<meta property=\"og:url\" content=\"https:\/\/lasentinelle.dz\/index.php\/2024\/04\/14\/escalade-des-tensions-entre-lentite-sioniste-et-liran-bruits-de-bottes-au-moyen-orient\/\" \/>\n<meta property=\"og:site_name\" content=\"La Sentinelle\" \/>\n<meta property=\"article:publisher\" content=\"https:\/\/www.facebook.com\/La-Sentinelle-104059864394773\" \/>\n<meta property=\"article:published_time\" content=\"2024-04-14T12:57:18+00:00\" \/>\n<meta property=\"article:modified_time\" content=\"2024-04-14T12:57:21+00:00\" \/>\n<meta property=\"og:image\" content=\"https:\/\/lasentinelle.dz\/wp-content\/uploads\/2024\/04\/armee-US.jpeg\" \/>\n\t<meta property=\"og:image:width\" content=\"2455\" \/>\n\t<meta property=\"og:image:height\" content=\"1637\" \/>\n\t<meta property=\"og:image:type\" content=\"image\/jpeg\" \/>\n<meta name=\"author\" content=\"La Sentinelle\" \/>\n<meta name=\"twitter:card\" content=\"summary_large_image\" \/>\n<meta name=\"twitter:label1\" content=\"\u00c9crit par\" \/>\n\t<meta name=\"twitter:data1\" content=\"La Sentinelle\" \/>\n\t<meta name=\"twitter:label2\" content=\"Dur\u00e9e de lecture estim\u00e9e\" \/>\n\t<meta name=\"twitter:data2\" content=\"4 minutes\" \/>\n<script type=\"application\/ld+json\" class=\"yoast-schema-graph\">{\"@context\":\"https:\\\/\\\/schema.org\",\"@graph\":[{\"@type\":\"Article\",\"@id\":\"https:\\\/\\\/lasentinelle.dz\\\/index.php\\\/2024\\\/04\\\/14\\\/escalade-des-tensions-entre-lentite-sioniste-et-liran-bruits-de-bottes-au-moyen-orient\\\/#article\",\"isPartOf\":{\"@id\":\"https:\\\/\\\/lasentinelle.dz\\\/index.php\\\/2024\\\/04\\\/14\\\/escalade-des-tensions-entre-lentite-sioniste-et-liran-bruits-de-bottes-au-moyen-orient\\\/\"},\"author\":{\"name\":\"La Sentinelle\",\"@id\":\"https:\\\/\\\/lasentinelle.dz\\\/#\\\/schema\\\/person\\\/d865044e22e70a75174ce8bcad3acfb3\"},\"headline\":\"Escalade des tensions entre l\u2019entit\u00e9 sioniste et l\u2019Iran\u00a0: Bruits de bottes au Moyen-Orient\",\"datePublished\":\"2024-04-14T12:57:18+00:00\",\"dateModified\":\"2024-04-14T12:57:21+00:00\",\"mainEntityOfPage\":{\"@id\":\"https:\\\/\\\/lasentinelle.dz\\\/index.php\\\/2024\\\/04\\\/14\\\/escalade-des-tensions-entre-lentite-sioniste-et-liran-bruits-de-bottes-au-moyen-orient\\\/\"},\"wordCount\":869,\"commentCount\":0,\"publisher\":{\"@id\":\"https:\\\/\\\/lasentinelle.dz\\\/#organization\"},\"image\":{\"@id\":\"https:\\\/\\\/lasentinelle.dz\\\/index.php\\\/2024\\\/04\\\/14\\\/escalade-des-tensions-entre-lentite-sioniste-et-liran-bruits-de-bottes-au-moyen-orient\\\/#primaryimage\"},\"thumbnailUrl\":\"https:\\\/\\\/lasentinelle.dz\\\/wp-content\\\/uploads\\\/2024\\\/04\\\/armee-US.jpeg\",\"articleSection\":[\"\u00c0 la Une\",\"Actualit\u00e9\"],\"inLanguage\":\"fr-FR\",\"potentialAction\":[{\"@type\":\"CommentAction\",\"name\":\"Comment\",\"target\":[\"https:\\\/\\\/lasentinelle.dz\\\/index.php\\\/2024\\\/04\\\/14\\\/escalade-des-tensions-entre-lentite-sioniste-et-liran-bruits-de-bottes-au-moyen-orient\\\/#respond\"]}]},{\"@type\":\"WebPage\",\"@id\":\"https:\\\/\\\/lasentinelle.dz\\\/index.php\\\/2024\\\/04\\\/14\\\/escalade-des-tensions-entre-lentite-sioniste-et-liran-bruits-de-bottes-au-moyen-orient\\\/\",\"url\":\"https:\\\/\\\/lasentinelle.dz\\\/index.php\\\/2024\\\/04\\\/14\\\/escalade-des-tensions-entre-lentite-sioniste-et-liran-bruits-de-bottes-au-moyen-orient\\\/\",\"name\":\"Escalade des tensions entre l\u2019entit\u00e9 sioniste et l\u2019Iran\u00a0: Bruits de bottes au Moyen-Orient - La Sentinelle\",\"isPartOf\":{\"@id\":\"https:\\\/\\\/lasentinelle.dz\\\/#website\"},\"primaryImageOfPage\":{\"@id\":\"https:\\\/\\\/lasentinelle.dz\\\/index.php\\\/2024\\\/04\\\/14\\\/escalade-des-tensions-entre-lentite-sioniste-et-liran-bruits-de-bottes-au-moyen-orient\\\/#primaryimage\"},\"image\":{\"@id\":\"https:\\\/\\\/lasentinelle.dz\\\/index.php\\\/2024\\\/04\\\/14\\\/escalade-des-tensions-entre-lentite-sioniste-et-liran-bruits-de-bottes-au-moyen-orient\\\/#primaryimage\"},\"thumbnailUrl\":\"https:\\\/\\\/lasentinelle.dz\\\/wp-content\\\/uploads\\\/2024\\\/04\\\/armee-US.jpeg\",\"datePublished\":\"2024-04-14T12:57:18+00:00\",\"dateModified\":\"2024-04-14T12:57:21+00:00\",\"breadcrumb\":{\"@id\":\"https:\\\/\\\/lasentinelle.dz\\\/index.php\\\/2024\\\/04\\\/14\\\/escalade-des-tensions-entre-lentite-sioniste-et-liran-bruits-de-bottes-au-moyen-orient\\\/#breadcrumb\"},\"inLanguage\":\"fr-FR\",\"potentialAction\":[{\"@type\":\"ReadAction\",\"target\":[\"https:\\\/\\\/lasentinelle.dz\\\/index.php\\\/2024\\\/04\\\/14\\\/escalade-des-tensions-entre-lentite-sioniste-et-liran-bruits-de-bottes-au-moyen-orient\\\/\"]}]},{\"@type\":\"ImageObject\",\"inLanguage\":\"fr-FR\",\"@id\":\"https:\\\/\\\/lasentinelle.dz\\\/index.php\\\/2024\\\/04\\\/14\\\/escalade-des-tensions-entre-lentite-sioniste-et-liran-bruits-de-bottes-au-moyen-orient\\\/#primaryimage\",\"url\":\"https:\\\/\\\/lasentinelle.dz\\\/wp-content\\\/uploads\\\/2024\\\/04\\\/armee-US.jpeg\",\"contentUrl\":\"https:\\\/\\\/lasentinelle.dz\\\/wp-content\\\/uploads\\\/2024\\\/04\\\/armee-US.jpeg\",\"width\":2455,\"height\":1637,\"caption\":\"In this image released by the US Department of Defense, the world's largest aircraft carrier USS Gerald R. Ford sails during a fueling-at-sea operation in the eastern Mediterranean Sea, October 11, 2023. US President Joe Biden dispatched the carrier and its fleet to the region in a show of support for Israel, also warned Hamas-backer Iran to \\\"be careful.\\\" US officials said another carrier would soon be available if needed. (Photo by Jackson ADKINS \\\/ US Department of Defense \\\/ AFP) \\\/ RESTRICTED TO EDITORIAL USE - MANDATORY CREDIT \\\"AFP PHOTO \\\/ US Department of Defense\\\/US Navy\\\/Mass Communication Specialist 2nd Class Jackson Adkins\\\" - NO MARKETING NO ADVERTISING CAMPAIGNS - DISTRIBUTED AS A SERVICE TO CLIENTS\"},{\"@type\":\"BreadcrumbList\",\"@id\":\"https:\\\/\\\/lasentinelle.dz\\\/index.php\\\/2024\\\/04\\\/14\\\/escalade-des-tensions-entre-lentite-sioniste-et-liran-bruits-de-bottes-au-moyen-orient\\\/#breadcrumb\",\"itemListElement\":[{\"@type\":\"ListItem\",\"position\":1,\"name\":\"Accueil\",\"item\":\"https:\\\/\\\/lasentinelle.dz\\\/\"},{\"@type\":\"ListItem\",\"position\":2,\"name\":\"Escalade des tensions entre l\u2019entit\u00e9 sioniste et l\u2019Iran\u00a0: Bruits de bottes au Moyen-Orient\"}]},{\"@type\":\"WebSite\",\"@id\":\"https:\\\/\\\/lasentinelle.dz\\\/#website\",\"url\":\"https:\\\/\\\/lasentinelle.dz\\\/\",\"name\":\"La Sentinelle\",\"description\":\"Quotidien national d&#039;information\",\"publisher\":{\"@id\":\"https:\\\/\\\/lasentinelle.dz\\\/#organization\"},\"potentialAction\":[{\"@type\":\"SearchAction\",\"target\":{\"@type\":\"EntryPoint\",\"urlTemplate\":\"https:\\\/\\\/lasentinelle.dz\\\/?s={search_term_string}\"},\"query-input\":{\"@type\":\"PropertyValueSpecification\",\"valueRequired\":true,\"valueName\":\"search_term_string\"}}],\"inLanguage\":\"fr-FR\"},{\"@type\":\"Organization\",\"@id\":\"https:\\\/\\\/lasentinelle.dz\\\/#organization\",\"name\":\"Quotidien La Sentinelle\",\"url\":\"https:\\\/\\\/lasentinelle.dz\\\/\",\"logo\":{\"@type\":\"ImageObject\",\"inLanguage\":\"fr-FR\",\"@id\":\"https:\\\/\\\/lasentinelle.dz\\\/#\\\/schema\\\/logo\\\/image\\\/\",\"url\":\"https:\\\/\\\/lasentinelle.dz\\\/wp-content\\\/uploads\\\/2021\\\/09\\\/logo-sentinelleSLOGAN-1.png\",\"contentUrl\":\"https:\\\/\\\/lasentinelle.dz\\\/wp-content\\\/uploads\\\/2021\\\/09\\\/logo-sentinelleSLOGAN-1.png\",\"width\":615,\"height\":142,\"caption\":\"Quotidien La Sentinelle\"},\"image\":{\"@id\":\"https:\\\/\\\/lasentinelle.dz\\\/#\\\/schema\\\/logo\\\/image\\\/\"},\"sameAs\":[\"https:\\\/\\\/www.facebook.com\\\/La-Sentinelle-104059864394773\"]},{\"@type\":\"Person\",\"@id\":\"https:\\\/\\\/lasentinelle.dz\\\/#\\\/schema\\\/person\\\/d865044e22e70a75174ce8bcad3acfb3\",\"name\":\"La Sentinelle\",\"image\":{\"@type\":\"ImageObject\",\"inLanguage\":\"fr-FR\",\"@id\":\"https:\\\/\\\/secure.gravatar.com\\\/avatar\\\/57de8e5d4b15d43fb361a71fbb36338450fe67865b528a43dd10ef7c51a20392?s=96&d=mm&r=g\",\"url\":\"https:\\\/\\\/secure.gravatar.com\\\/avatar\\\/57de8e5d4b15d43fb361a71fbb36338450fe67865b528a43dd10ef7c51a20392?s=96&d=mm&r=g\",\"contentUrl\":\"https:\\\/\\\/secure.gravatar.com\\\/avatar\\\/57de8e5d4b15d43fb361a71fbb36338450fe67865b528a43dd10ef7c51a20392?s=96&d=mm&r=g\",\"caption\":\"La Sentinelle\"},\"sameAs\":[\"http:\\\/\\\/www.lasentinelle.dz\"],\"url\":\"https:\\\/\\\/lasentinelle.dz\\\/author\\\/redaction\\\/\"}]}<\/script>\n<!-- \/ Yoast SEO plugin. -->","yoast_head_json":{"title":"Escalade des tensions entre l\u2019entit\u00e9 sioniste et l\u2019Iran\u00a0: Bruits de bottes au Moyen-Orient - La Sentinelle","robots":{"index":"index","follow":"follow","max-snippet":"max-snippet:-1","max-image-preview":"max-image-preview:large","max-video-preview":"max-video-preview:-1"},"canonical":"https:\/\/lasentinelle.dz\/index.php\/2024\/04\/14\/escalade-des-tensions-entre-lentite-sioniste-et-liran-bruits-de-bottes-au-moyen-orient\/","og_locale":"fr_FR","og_type":"article","og_title":"Escalade des tensions entre l\u2019entit\u00e9 sioniste et l\u2019Iran\u00a0: Bruits de bottes au Moyen-Orient - La Sentinelle","og_description":"C\u2019est l\u2019escalade au Moyen-Orient. Les tensions montent dans le sillage de l\u2019attaque isra\u00e9lienne qui a cibl\u00e9 le 1er avril en","og_url":"https:\/\/lasentinelle.dz\/index.php\/2024\/04\/14\/escalade-des-tensions-entre-lentite-sioniste-et-liran-bruits-de-bottes-au-moyen-orient\/","og_site_name":"La Sentinelle","article_publisher":"https:\/\/www.facebook.com\/La-Sentinelle-104059864394773","article_published_time":"2024-04-14T12:57:18+00:00","article_modified_time":"2024-04-14T12:57:21+00:00","og_image":[{"width":2455,"height":1637,"url":"https:\/\/lasentinelle.dz\/wp-content\/uploads\/2024\/04\/armee-US.jpeg","type":"image\/jpeg"}],"author":"La Sentinelle","twitter_card":"summary_large_image","twitter_misc":{"\u00c9crit par":"La Sentinelle","Dur\u00e9e de lecture estim\u00e9e":"4 minutes"},"schema":{"@context":"https:\/\/schema.org","@graph":[{"@type":"Article","@id":"https:\/\/lasentinelle.dz\/index.php\/2024\/04\/14\/escalade-des-tensions-entre-lentite-sioniste-et-liran-bruits-de-bottes-au-moyen-orient\/#article","isPartOf":{"@id":"https:\/\/lasentinelle.dz\/index.php\/2024\/04\/14\/escalade-des-tensions-entre-lentite-sioniste-et-liran-bruits-de-bottes-au-moyen-orient\/"},"author":{"name":"La Sentinelle","@id":"https:\/\/lasentinelle.dz\/#\/schema\/person\/d865044e22e70a75174ce8bcad3acfb3"},"headline":"Escalade des tensions entre l\u2019entit\u00e9 sioniste et l\u2019Iran\u00a0: Bruits de bottes au Moyen-Orient","datePublished":"2024-04-14T12:57:18+00:00","dateModified":"2024-04-14T12:57:21+00:00","mainEntityOfPage":{"@id":"https:\/\/lasentinelle.dz\/index.php\/2024\/04\/14\/escalade-des-tensions-entre-lentite-sioniste-et-liran-bruits-de-bottes-au-moyen-orient\/"},"wordCount":869,"commentCount":0,"publisher":{"@id":"https:\/\/lasentinelle.dz\/#organization"},"image":{"@id":"https:\/\/lasentinelle.dz\/index.php\/2024\/04\/14\/escalade-des-tensions-entre-lentite-sioniste-et-liran-bruits-de-bottes-au-moyen-orient\/#primaryimage"},"thumbnailUrl":"https:\/\/lasentinelle.dz\/wp-content\/uploads\/2024\/04\/armee-US.jpeg","articleSection":["\u00c0 la Une","Actualit\u00e9"],"inLanguage":"fr-FR","potentialAction":[{"@type":"CommentAction","name":"Comment","target":["https:\/\/lasentinelle.dz\/index.php\/2024\/04\/14\/escalade-des-tensions-entre-lentite-sioniste-et-liran-bruits-de-bottes-au-moyen-orient\/#respond"]}]},{"@type":"WebPage","@id":"https:\/\/lasentinelle.dz\/index.php\/2024\/04\/14\/escalade-des-tensions-entre-lentite-sioniste-et-liran-bruits-de-bottes-au-moyen-orient\/","url":"https:\/\/lasentinelle.dz\/index.php\/2024\/04\/14\/escalade-des-tensions-entre-lentite-sioniste-et-liran-bruits-de-bottes-au-moyen-orient\/","name":"Escalade des tensions entre l\u2019entit\u00e9 sioniste et l\u2019Iran\u00a0: Bruits de bottes au Moyen-Orient - La Sentinelle","isPartOf":{"@id":"https:\/\/lasentinelle.dz\/#website"},"primaryImageOfPage":{"@id":"https:\/\/lasentinelle.dz\/index.php\/2024\/04\/14\/escalade-des-tensions-entre-lentite-sioniste-et-liran-bruits-de-bottes-au-moyen-orient\/#primaryimage"},"image":{"@id":"https:\/\/lasentinelle.dz\/index.php\/2024\/04\/14\/escalade-des-tensions-entre-lentite-sioniste-et-liran-bruits-de-bottes-au-moyen-orient\/#primaryimage"},"thumbnailUrl":"https:\/\/lasentinelle.dz\/wp-content\/uploads\/2024\/04\/armee-US.jpeg","datePublished":"2024-04-14T12:57:18+00:00","dateModified":"2024-04-14T12:57:21+00:00","breadcrumb":{"@id":"https:\/\/lasentinelle.dz\/index.php\/2024\/04\/14\/escalade-des-tensions-entre-lentite-sioniste-et-liran-bruits-de-bottes-au-moyen-orient\/#breadcrumb"},"inLanguage":"fr-FR","potentialAction":[{"@type":"ReadAction","target":["https:\/\/lasentinelle.dz\/index.php\/2024\/04\/14\/escalade-des-tensions-entre-lentite-sioniste-et-liran-bruits-de-bottes-au-moyen-orient\/"]}]},{"@type":"ImageObject","inLanguage":"fr-FR","@id":"https:\/\/lasentinelle.dz\/index.php\/2024\/04\/14\/escalade-des-tensions-entre-lentite-sioniste-et-liran-bruits-de-bottes-au-moyen-orient\/#primaryimage","url":"https:\/\/lasentinelle.dz\/wp-content\/uploads\/2024\/04\/armee-US.jpeg","contentUrl":"https:\/\/lasentinelle.dz\/wp-content\/uploads\/2024\/04\/armee-US.jpeg","width":2455,"height":1637,"caption":"In this image released by the US Department of Defense, the world's largest aircraft carrier USS Gerald R. Ford sails during a fueling-at-sea operation in the eastern Mediterranean Sea, October 11, 2023. US President Joe Biden dispatched the carrier and its fleet to the region in a show of support for Israel, also warned Hamas-backer Iran to \"be careful.\" US officials said another carrier would soon be available if needed. (Photo by Jackson ADKINS \/ US Department of Defense \/ AFP) \/ RESTRICTED TO EDITORIAL USE - MANDATORY CREDIT \"AFP PHOTO \/ US Department of Defense\/US Navy\/Mass Communication Specialist 2nd Class Jackson Adkins\" - NO MARKETING NO ADVERTISING CAMPAIGNS - DISTRIBUTED AS A SERVICE TO CLIENTS"},{"@type":"BreadcrumbList","@id":"https:\/\/lasentinelle.dz\/index.php\/2024\/04\/14\/escalade-des-tensions-entre-lentite-sioniste-et-liran-bruits-de-bottes-au-moyen-orient\/#breadcrumb","itemListElement":[{"@type":"ListItem","position":1,"name":"Accueil","item":"https:\/\/lasentinelle.dz\/"},{"@type":"ListItem","position":2,"name":"Escalade des tensions entre l\u2019entit\u00e9 sioniste et l\u2019Iran\u00a0: Bruits de bottes au Moyen-Orient"}]},{"@type":"WebSite","@id":"https:\/\/lasentinelle.dz\/#website","url":"https:\/\/lasentinelle.dz\/","name":"La Sentinelle","description":"Quotidien national d&#039;information","publisher":{"@id":"https:\/\/lasentinelle.dz\/#organization"},"potentialAction":[{"@type":"SearchAction","target":{"@type":"EntryPoint","urlTemplate":"https:\/\/lasentinelle.dz\/?s={search_term_string}"},"query-input":{"@type":"PropertyValueSpecification","valueRequired":true,"valueName":"search_term_string"}}],"inLanguage":"fr-FR"},{"@type":"Organization","@id":"https:\/\/lasentinelle.dz\/#organization","name":"Quotidien La Sentinelle","url":"https:\/\/lasentinelle.dz\/","logo":{"@type":"ImageObject","inLanguage":"fr-FR","@id":"https:\/\/lasentinelle.dz\/#\/schema\/logo\/image\/","url":"https:\/\/lasentinelle.dz\/wp-content\/uploads\/2021\/09\/logo-sentinelleSLOGAN-1.png","contentUrl":"https:\/\/lasentinelle.dz\/wp-content\/uploads\/2021\/09\/logo-sentinelleSLOGAN-1.png","width":615,"height":142,"caption":"Quotidien La Sentinelle"},"image":{"@id":"https:\/\/lasentinelle.dz\/#\/schema\/logo\/image\/"},"sameAs":["https:\/\/www.facebook.com\/La-Sentinelle-104059864394773"]},{"@type":"Person","@id":"https:\/\/lasentinelle.dz\/#\/schema\/person\/d865044e22e70a75174ce8bcad3acfb3","name":"La Sentinelle","image":{"@type":"ImageObject","inLanguage":"fr-FR","@id":"https:\/\/secure.gravatar.com\/avatar\/57de8e5d4b15d43fb361a71fbb36338450fe67865b528a43dd10ef7c51a20392?s=96&d=mm&r=g","url":"https:\/\/secure.gravatar.com\/avatar\/57de8e5d4b15d43fb361a71fbb36338450fe67865b528a43dd10ef7c51a20392?s=96&d=mm&r=g","contentUrl":"https:\/\/secure.gravatar.com\/avatar\/57de8e5d4b15d43fb361a71fbb36338450fe67865b528a43dd10ef7c51a20392?s=96&d=mm&r=g","caption":"La Sentinelle"},"sameAs":["http:\/\/www.lasentinelle.dz"],"url":"https:\/\/lasentinelle.dz\/author\/redaction\/"}]}},"_links":{"self":[{"href":"https:\/\/lasentinelle.dz\/index.php\/wp-json\/wp\/v2\/posts\/51191","targetHints":{"allow":["GET"]}}],"collection":[{"href":"https:\/\/lasentinelle.dz\/index.php\/wp-json\/wp\/v2\/posts"}],"about":[{"href":"https:\/\/lasentinelle.dz\/index.php\/wp-json\/wp\/v2\/types\/post"}],"author":[{"embeddable":true,"href":"https:\/\/lasentinelle.dz\/index.php\/wp-json\/wp\/v2\/users\/3"}],"replies":[{"embeddable":true,"href":"https:\/\/lasentinelle.dz\/index.php\/wp-json\/wp\/v2\/comments?post=51191"}],"version-history":[{"count":1,"href":"https:\/\/lasentinelle.dz\/index.php\/wp-json\/wp\/v2\/posts\/51191\/revisions"}],"predecessor-version":[{"id":51193,"href":"https:\/\/lasentinelle.dz\/index.php\/wp-json\/wp\/v2\/posts\/51191\/revisions\/51193"}],"wp:featuredmedia":[{"embeddable":true,"href":"https:\/\/lasentinelle.dz\/index.php\/wp-json\/wp\/v2\/media\/51192"}],"wp:attachment":[{"href":"https:\/\/lasentinelle.dz\/index.php\/wp-json\/wp\/v2\/media?parent=51191"}],"wp:term":[{"taxonomy":"category","embeddable":true,"href":"https:\/\/lasentinelle.dz\/index.php\/wp-json\/wp\/v2\/categories?post=51191"},{"taxonomy":"post_tag","embeddable":true,"href":"https:\/\/lasentinelle.dz\/index.php\/wp-json\/wp\/v2\/tags?post=51191"}],"curies":[{"name":"wp","href":"https:\/\/api.w.org\/{rel}","templated":true}]}}