{"id":51196,"date":"2024-04-15T12:16:22","date_gmt":"2024-04-15T11:16:22","guid":{"rendered":"https:\/\/lasentinelle.dz\/?p=51196"},"modified":"2024-04-15T12:16:24","modified_gmt":"2024-04-15T11:16:24","slug":"soudan-famine-et-deplacement-des-populations-double-peril","status":"publish","type":"post","link":"https:\/\/lasentinelle.dz\/index.php\/2024\/04\/15\/soudan-famine-et-deplacement-des-populations-double-peril\/","title":{"rendered":"Soudan\u00a0: Famine et d\u00e9placement des populations, double p\u00e9ril"},"content":{"rendered":"\n<p>Le peuple soudanais entame sa deuxi\u00e8me ann\u00e9e de souffrance au milieu de l\u2019une des pires crises humanitaires au monde marqu\u00e9e par des d\u00e9placements massifs et des massacres de civils, cons\u00e9quence d\u2019un conflit arm\u00e9 qui \u00e9tait initialement limit\u00e9 \u00e0 quelques villes du pays avant d\u2019engloutir plus de 70 % du Soudan.<\/p>\n\n\n\n<p>Un an, jour pour jour, depuis le d\u00e9but des combats entre l\u2019arm\u00e9e du Soudan et les Forces de soutien rapide (FSR) qui ont caus\u00e9 la mort et la d\u00e9vastation dans le pays, et le conflit ne semble pas trouver de solution malgr\u00e9 les efforts de la communaut\u00e9 internationale pour y mettre fin. \u00ab\u00a0Un an apr\u00e8s, le (conflit) au Soudan continue de faire rage et le pays et ses voisins connaissent l&rsquo;une des crises humanitaires et de d\u00e9placement les plus importantes et les plus difficiles au monde\u00a0\u00bb, avait d\u00e9clar\u00e9 Olga Sarrado Mur, porte-parole de l&rsquo;agence des Nations unies pour les r\u00e9fugi\u00e9s (UNHCR). Alors que le peuple soudanais se pr\u00e9parait \u00e0 f\u00eater la signature d\u2019un accord qui devait mettre un terme \u00e0 une crise politique interne, les premi\u00e8res balles ont fus\u00e9 des canons au sud de la capitale Khartoum le 15 octobre 2023, d\u00e9clenchant un conflit qui allait provoquer l\u2019une des pires crises humanitaires du monde au regard de la gravit\u00e9 de l\u2019\u00e9tat de malnutrition et du nombre des populations d\u00e9plac\u00e9es. Depuis, les combats entre les deux rivaux se sont \u00e9tendus au-del\u00e0 de la capitale vers sa p\u00e9riph\u00e9rie et d\u2019autres villes au centre et \u00e0 l\u2019est du pays. Ces combats ont connu un regain de violence notamment apr\u00e8s l\u2019\u00e9chec de l\u2019appel du Conseil de s\u00e9curit\u00e9 de l\u2019ONU \u00e0 la cessation imm\u00e9diate des hostilit\u00e9s pendant le mois sacr\u00e9 du ramadhan \u00e0 travers l\u2019adoption de la r\u00e9solution 2724 du 8 mars. Ce revers est venu s\u2019ajouter aux \u00e9checs de plusieurs efforts internationaux pour mettre un terme au conflit \u00e0 l\u2019instar des n\u00e9gociations du processus de Djeddah et des sommets de l\u2019Autorit\u00e9 intergouvernementale pour le d\u00e9veloppement (IGAD), qui repr\u00e9sente l\u2019Union Africaine. A l\u2019occasion de la visite officielle de deux jours effectu\u00e9e fin janvier \u00e0 Alger, le pr\u00e9sident du Conseil de Souverainet\u00e9 de la R\u00e9publique du Soudan, le g\u00e9n\u00e9ral Fattah Al-Burhan Abderrahmane s\u2019est dit favorable \u00e0 \u00ab\u00a0la pr\u00e9sence de l\u2019Alg\u00e9rie \u00e0 toute table de dialogue ou d\u00e9bat arabe ou africaine\u00a0\u00bb apr\u00e8s avoir affirm\u00e9 que son pays faisait face \u00e0 \u00ab\u00a0une conspiration ourdie de connivence avec des parties r\u00e9gionales et internationales\u00a0\u00bb. De son cot\u00e9, son h\u00f4te, le pr\u00e9sident de la R\u00e9publique, M. Abdelmadjid Tebboune a r\u00e9affirm\u00e9 \u00ab\u00a0le soutien de l&rsquo;Alg\u00e9rie au Soudan pour surmonter la conjoncture difficile et faire face aux forces du mal qui le ciblent\u00a0\u00bb, rappelant que \u00ab\u00a0l&rsquo;Alg\u00e9rie a toujours favoris\u00e9 et privil\u00e9gi\u00e9 le r\u00e8glement des conflits par une approche purement interne, loin de toute forme d&rsquo;ing\u00e9rence \u00e9trang\u00e8re\u00a0\u00bb, et soulignant que \u00ab\u00a0le dernier mot revient au peuple soudanais avec toutes ses composantes\u00a0\u00bb. Lors de la pr\u00e9sentation de la Note Blanche, le 20 mars, par le Bureau de la coordination des affaires humanitaires des Nations unies (OCHA) \u00e0 la r\u00e9union du Conseil de s\u00e9curit\u00e9 consacr\u00e9 \u00e0 ce sujet, le repr\u00e9sentant permanent de l\u2019Alg\u00e9rie aupr\u00e8s des Nations Unies, Amar Bendjama, a soulign\u00e9 au nom des membres du groupe A3+ (Alg\u00e9rie, Mozambique, Sierra Leone et Guyane), l\u2019importance d\u2019une solution politique au conflit au Soudan. Il a fait valoir la position du groupe A3+ en faveur d\u2019un \u00ab\u00a0processus politique global, qui tienne compte de toutes les pr\u00e9occupations et de tous les points de vue\u00a0\u00bb. \u00ab\u00a0La situation au Soudan n&rsquo;est pas moins importante que n&rsquo;importe quel autre dossier \u00e0 l&rsquo;ordre du jour de ce Conseil. Nous devons rester concentr\u00e9s sur les meilleurs moyens de d\u00e9samorcer les tensions, en coordination avec les autorit\u00e9s soudanaises. Le peuple soudanais innocent m\u00e9rite dignit\u00e9, protection et un avenir meilleur\u00a0\u00bb, avait soutenu M. Bendjama. Grave crise humanitaire Malgr\u00e9 les espoirs suscit\u00e9s par l\u2019acheminement pour la premi\u00e8re fois depuis plusieurs semaines d\u2019une aide d\u2019urgence au Darfour fin mars, la situation au Soudan est qualifi\u00e9e de \u00ab\u00a0pire crise humanitaire\u00a0\u00bb que connait le monde. Le Programme alimentaire mondial (PAM) s\u2019est alarm\u00e9, d\u00e9but avril, d\u2019une aggravation de la crise faisant \u00e9tat de 18 millions de personnes confront\u00e9es \u00e0 une \u00ab\u00a0ins\u00e9curit\u00e9 alimentaire aigu\u00eb\u00a0\u00bb depuis avril 2023. Selon l\u2019ONU, quelques 25 millions de personnes, soit plus de la moiti\u00e9 de la population soudanaise, ont besoin d\u2019aide, au moment o\u00f9 le conflit a fait environ 13 900 morts et quelques 8,5 millions de d\u00e9plac\u00e9s et de r\u00e9fugi\u00e9s. La Classification int\u00e9gr\u00e9e de la s\u00e9curit\u00e9 alimentaire (IPC), une autorit\u00e9 mondiale en mati\u00e8re de s\u00e9curit\u00e9 alimentaire soutenue par les Nations Unies, d\u00e9clare qu\u2019une action imm\u00e9diate est n\u00e9cessaire pour pr\u00e9venir \u00ab\u00a0une mortalit\u00e9 g\u00e9n\u00e9ralis\u00e9e\u00a0\u00bb et \u00ab\u00a0un effondrement total des moyens de subsistance et \u00e9viter une crise alimentaire catastrophique au Soudan\u00a0\u00bb. Tout r\u00e9cemment, Mohammed Chande Othman, pr\u00e9sident de la mission des enqu\u00eateurs de l\u2019ONU, mettait en garde : \u00ab\u00a0Le peuple soudanais a assez endur\u00e9. Les parties bellig\u00e9rantes doivent trouver la voie de la paix et du respect des droits de l&rsquo;homme\u00a0\u00bb. Les enqu\u00eateurs de la mission onusienne ont insist\u00e9 pour que \u00ab\u00a0les parties bellig\u00e9rantes au Soudan\u00a0\u00bb s\u2019engagent \u00e0 \u00ab\u00a0un cessez-le-feu imm\u00e9diat\u00a0\u00bb et travaillent \u00ab\u00a0\u00e0 mettre fin aux attaques contre les civils et garantir un acc\u00e8s sans entrave \u00e0 l&rsquo;aide humanitaire\u00a0\u00bb.<\/p>\n\n\n\n<p>APS<\/p>\n","protected":false},"excerpt":{"rendered":"<p>Le peuple soudanais entame sa deuxi\u00e8me ann\u00e9e de souffrance au milieu de l\u2019une des pires crises humanitaires au monde marqu\u00e9e<\/p>\n","protected":false},"author":3,"featured_media":51197,"comment_status":"open","ping_status":"closed","sticky":false,"template":"","format":"standard","meta":{"colormag_page_container_layout":"default_layout","colormag_page_sidebar_layout":"default_layout","om_disable_all_campaigns":false,"_monsterinsights_skip_tracking":false,"_monsterinsights_sitenote_active":false,"_monsterinsights_sitenote_note":"","_monsterinsights_sitenote_category":0,"footnotes":"","_wpscppro_dont_share_socialmedia":false,"_wpscppro_custom_social_share_image":0,"_facebook_share_type":"","_twitter_share_type":"","_linkedin_share_type":"","_pinterest_share_type":"","_linkedin_share_type_page":"","_instagram_share_type":"","_medium_share_type":"","_threads_share_type":"","_google_business_share_type":"","_selected_social_profile":[],"_wpsp_enable_custom_social_template":false,"_wpsp_social_scheduling":{"enabled":false,"datetime":null,"platforms":[],"status":"template_only","dateOption":"today","timeOption":"now","customDays":"","customHours":"","customDate":"","customTime":"","schedulingType":"absolute"},"_wpsp_active_default_template":true},"categories":[37],"tags":[],"class_list":["post-51196","post","type-post","status-publish","format-standard","has-post-thumbnail","hentry","category-monde"],"aioseo_notices":[],"yoast_head":"<!-- This site is optimized with the Yoast SEO plugin v27.5 - https:\/\/yoast.com\/product\/yoast-seo-wordpress\/ -->\n<title>Soudan\u00a0: Famine et d\u00e9placement des populations, double p\u00e9ril - La Sentinelle<\/title>\n<meta name=\"robots\" content=\"index, follow, max-snippet:-1, max-image-preview:large, max-video-preview:-1\" \/>\n<link rel=\"canonical\" href=\"https:\/\/lasentinelle.dz\/index.php\/2024\/04\/15\/soudan-famine-et-deplacement-des-populations-double-peril\/\" \/>\n<meta property=\"og:locale\" content=\"fr_FR\" \/>\n<meta property=\"og:type\" content=\"article\" \/>\n<meta property=\"og:title\" content=\"Soudan\u00a0: Famine et d\u00e9placement des populations, double p\u00e9ril - La Sentinelle\" \/>\n<meta property=\"og:description\" content=\"Le peuple soudanais entame sa deuxi\u00e8me ann\u00e9e de souffrance au milieu de l\u2019une des pires crises humanitaires au monde marqu\u00e9e\" \/>\n<meta property=\"og:url\" content=\"https:\/\/lasentinelle.dz\/index.php\/2024\/04\/15\/soudan-famine-et-deplacement-des-populations-double-peril\/\" \/>\n<meta property=\"og:site_name\" content=\"La Sentinelle\" \/>\n<meta property=\"article:publisher\" content=\"https:\/\/www.facebook.com\/La-Sentinelle-104059864394773\" \/>\n<meta property=\"article:published_time\" content=\"2024-04-15T11:16:22+00:00\" \/>\n<meta property=\"article:modified_time\" content=\"2024-04-15T11:16:24+00:00\" \/>\n<meta property=\"og:image\" content=\"https:\/\/lasentinelle.dz\/wp-content\/uploads\/2024\/04\/Soudan-refugies.jpeg\" \/>\n\t<meta property=\"og:image:width\" content=\"638\" \/>\n\t<meta property=\"og:image:height\" content=\"425\" \/>\n\t<meta property=\"og:image:type\" content=\"image\/jpeg\" \/>\n<meta name=\"author\" content=\"La Sentinelle\" \/>\n<meta name=\"twitter:card\" content=\"summary_large_image\" \/>\n<meta name=\"twitter:label1\" content=\"\u00c9crit par\" \/>\n\t<meta name=\"twitter:data1\" content=\"La Sentinelle\" \/>\n\t<meta name=\"twitter:label2\" content=\"Dur\u00e9e de lecture estim\u00e9e\" \/>\n\t<meta name=\"twitter:data2\" content=\"5 minutes\" \/>\n<script type=\"application\/ld+json\" class=\"yoast-schema-graph\">{\"@context\":\"https:\\\/\\\/schema.org\",\"@graph\":[{\"@type\":\"Article\",\"@id\":\"https:\\\/\\\/lasentinelle.dz\\\/index.php\\\/2024\\\/04\\\/15\\\/soudan-famine-et-deplacement-des-populations-double-peril\\\/#article\",\"isPartOf\":{\"@id\":\"https:\\\/\\\/lasentinelle.dz\\\/index.php\\\/2024\\\/04\\\/15\\\/soudan-famine-et-deplacement-des-populations-double-peril\\\/\"},\"author\":{\"name\":\"La Sentinelle\",\"@id\":\"https:\\\/\\\/lasentinelle.dz\\\/#\\\/schema\\\/person\\\/d865044e22e70a75174ce8bcad3acfb3\"},\"headline\":\"Soudan\u00a0: Famine et d\u00e9placement des populations, double p\u00e9ril\",\"datePublished\":\"2024-04-15T11:16:22+00:00\",\"dateModified\":\"2024-04-15T11:16:24+00:00\",\"mainEntityOfPage\":{\"@id\":\"https:\\\/\\\/lasentinelle.dz\\\/index.php\\\/2024\\\/04\\\/15\\\/soudan-famine-et-deplacement-des-populations-double-peril\\\/\"},\"wordCount\":965,\"commentCount\":0,\"publisher\":{\"@id\":\"https:\\\/\\\/lasentinelle.dz\\\/#organization\"},\"image\":{\"@id\":\"https:\\\/\\\/lasentinelle.dz\\\/index.php\\\/2024\\\/04\\\/15\\\/soudan-famine-et-deplacement-des-populations-double-peril\\\/#primaryimage\"},\"thumbnailUrl\":\"https:\\\/\\\/lasentinelle.dz\\\/wp-content\\\/uploads\\\/2024\\\/04\\\/Soudan-refugies.jpeg\",\"articleSection\":[\"Monde\"],\"inLanguage\":\"fr-FR\",\"potentialAction\":[{\"@type\":\"CommentAction\",\"name\":\"Comment\",\"target\":[\"https:\\\/\\\/lasentinelle.dz\\\/index.php\\\/2024\\\/04\\\/15\\\/soudan-famine-et-deplacement-des-populations-double-peril\\\/#respond\"]}]},{\"@type\":\"WebPage\",\"@id\":\"https:\\\/\\\/lasentinelle.dz\\\/index.php\\\/2024\\\/04\\\/15\\\/soudan-famine-et-deplacement-des-populations-double-peril\\\/\",\"url\":\"https:\\\/\\\/lasentinelle.dz\\\/index.php\\\/2024\\\/04\\\/15\\\/soudan-famine-et-deplacement-des-populations-double-peril\\\/\",\"name\":\"Soudan\u00a0: Famine et d\u00e9placement des populations, double p\u00e9ril - La Sentinelle\",\"isPartOf\":{\"@id\":\"https:\\\/\\\/lasentinelle.dz\\\/#website\"},\"primaryImageOfPage\":{\"@id\":\"https:\\\/\\\/lasentinelle.dz\\\/index.php\\\/2024\\\/04\\\/15\\\/soudan-famine-et-deplacement-des-populations-double-peril\\\/#primaryimage\"},\"image\":{\"@id\":\"https:\\\/\\\/lasentinelle.dz\\\/index.php\\\/2024\\\/04\\\/15\\\/soudan-famine-et-deplacement-des-populations-double-peril\\\/#primaryimage\"},\"thumbnailUrl\":\"https:\\\/\\\/lasentinelle.dz\\\/wp-content\\\/uploads\\\/2024\\\/04\\\/Soudan-refugies.jpeg\",\"datePublished\":\"2024-04-15T11:16:22+00:00\",\"dateModified\":\"2024-04-15T11:16:24+00:00\",\"breadcrumb\":{\"@id\":\"https:\\\/\\\/lasentinelle.dz\\\/index.php\\\/2024\\\/04\\\/15\\\/soudan-famine-et-deplacement-des-populations-double-peril\\\/#breadcrumb\"},\"inLanguage\":\"fr-FR\",\"potentialAction\":[{\"@type\":\"ReadAction\",\"target\":[\"https:\\\/\\\/lasentinelle.dz\\\/index.php\\\/2024\\\/04\\\/15\\\/soudan-famine-et-deplacement-des-populations-double-peril\\\/\"]}]},{\"@type\":\"ImageObject\",\"inLanguage\":\"fr-FR\",\"@id\":\"https:\\\/\\\/lasentinelle.dz\\\/index.php\\\/2024\\\/04\\\/15\\\/soudan-famine-et-deplacement-des-populations-double-peril\\\/#primaryimage\",\"url\":\"https:\\\/\\\/lasentinelle.dz\\\/wp-content\\\/uploads\\\/2024\\\/04\\\/Soudan-refugies.jpeg\",\"contentUrl\":\"https:\\\/\\\/lasentinelle.dz\\\/wp-content\\\/uploads\\\/2024\\\/04\\\/Soudan-refugies.jpeg\",\"width\":638,\"height\":425},{\"@type\":\"BreadcrumbList\",\"@id\":\"https:\\\/\\\/lasentinelle.dz\\\/index.php\\\/2024\\\/04\\\/15\\\/soudan-famine-et-deplacement-des-populations-double-peril\\\/#breadcrumb\",\"itemListElement\":[{\"@type\":\"ListItem\",\"position\":1,\"name\":\"Accueil\",\"item\":\"https:\\\/\\\/lasentinelle.dz\\\/\"},{\"@type\":\"ListItem\",\"position\":2,\"name\":\"Soudan\u00a0: Famine et d\u00e9placement des populations, double p\u00e9ril\"}]},{\"@type\":\"WebSite\",\"@id\":\"https:\\\/\\\/lasentinelle.dz\\\/#website\",\"url\":\"https:\\\/\\\/lasentinelle.dz\\\/\",\"name\":\"La Sentinelle\",\"description\":\"Quotidien national d&#039;information\",\"publisher\":{\"@id\":\"https:\\\/\\\/lasentinelle.dz\\\/#organization\"},\"potentialAction\":[{\"@type\":\"SearchAction\",\"target\":{\"@type\":\"EntryPoint\",\"urlTemplate\":\"https:\\\/\\\/lasentinelle.dz\\\/?s={search_term_string}\"},\"query-input\":{\"@type\":\"PropertyValueSpecification\",\"valueRequired\":true,\"valueName\":\"search_term_string\"}}],\"inLanguage\":\"fr-FR\"},{\"@type\":\"Organization\",\"@id\":\"https:\\\/\\\/lasentinelle.dz\\\/#organization\",\"name\":\"Quotidien La Sentinelle\",\"url\":\"https:\\\/\\\/lasentinelle.dz\\\/\",\"logo\":{\"@type\":\"ImageObject\",\"inLanguage\":\"fr-FR\",\"@id\":\"https:\\\/\\\/lasentinelle.dz\\\/#\\\/schema\\\/logo\\\/image\\\/\",\"url\":\"https:\\\/\\\/lasentinelle.dz\\\/wp-content\\\/uploads\\\/2021\\\/09\\\/logo-sentinelleSLOGAN-1.png\",\"contentUrl\":\"https:\\\/\\\/lasentinelle.dz\\\/wp-content\\\/uploads\\\/2021\\\/09\\\/logo-sentinelleSLOGAN-1.png\",\"width\":615,\"height\":142,\"caption\":\"Quotidien La Sentinelle\"},\"image\":{\"@id\":\"https:\\\/\\\/lasentinelle.dz\\\/#\\\/schema\\\/logo\\\/image\\\/\"},\"sameAs\":[\"https:\\\/\\\/www.facebook.com\\\/La-Sentinelle-104059864394773\"]},{\"@type\":\"Person\",\"@id\":\"https:\\\/\\\/lasentinelle.dz\\\/#\\\/schema\\\/person\\\/d865044e22e70a75174ce8bcad3acfb3\",\"name\":\"La Sentinelle\",\"image\":{\"@type\":\"ImageObject\",\"inLanguage\":\"fr-FR\",\"@id\":\"https:\\\/\\\/secure.gravatar.com\\\/avatar\\\/57de8e5d4b15d43fb361a71fbb36338450fe67865b528a43dd10ef7c51a20392?s=96&d=mm&r=g\",\"url\":\"https:\\\/\\\/secure.gravatar.com\\\/avatar\\\/57de8e5d4b15d43fb361a71fbb36338450fe67865b528a43dd10ef7c51a20392?s=96&d=mm&r=g\",\"contentUrl\":\"https:\\\/\\\/secure.gravatar.com\\\/avatar\\\/57de8e5d4b15d43fb361a71fbb36338450fe67865b528a43dd10ef7c51a20392?s=96&d=mm&r=g\",\"caption\":\"La Sentinelle\"},\"sameAs\":[\"http:\\\/\\\/www.lasentinelle.dz\"],\"url\":\"https:\\\/\\\/lasentinelle.dz\\\/author\\\/redaction\\\/\"}]}<\/script>\n<!-- \/ Yoast SEO plugin. -->","yoast_head_json":{"title":"Soudan\u00a0: Famine et d\u00e9placement des populations, double p\u00e9ril - La Sentinelle","robots":{"index":"index","follow":"follow","max-snippet":"max-snippet:-1","max-image-preview":"max-image-preview:large","max-video-preview":"max-video-preview:-1"},"canonical":"https:\/\/lasentinelle.dz\/index.php\/2024\/04\/15\/soudan-famine-et-deplacement-des-populations-double-peril\/","og_locale":"fr_FR","og_type":"article","og_title":"Soudan\u00a0: Famine et d\u00e9placement des populations, double p\u00e9ril - La Sentinelle","og_description":"Le peuple soudanais entame sa deuxi\u00e8me ann\u00e9e de souffrance au milieu de l\u2019une des pires crises humanitaires au monde marqu\u00e9e","og_url":"https:\/\/lasentinelle.dz\/index.php\/2024\/04\/15\/soudan-famine-et-deplacement-des-populations-double-peril\/","og_site_name":"La Sentinelle","article_publisher":"https:\/\/www.facebook.com\/La-Sentinelle-104059864394773","article_published_time":"2024-04-15T11:16:22+00:00","article_modified_time":"2024-04-15T11:16:24+00:00","og_image":[{"width":638,"height":425,"url":"https:\/\/lasentinelle.dz\/wp-content\/uploads\/2024\/04\/Soudan-refugies.jpeg","type":"image\/jpeg"}],"author":"La Sentinelle","twitter_card":"summary_large_image","twitter_misc":{"\u00c9crit par":"La Sentinelle","Dur\u00e9e de lecture estim\u00e9e":"5 minutes"},"schema":{"@context":"https:\/\/schema.org","@graph":[{"@type":"Article","@id":"https:\/\/lasentinelle.dz\/index.php\/2024\/04\/15\/soudan-famine-et-deplacement-des-populations-double-peril\/#article","isPartOf":{"@id":"https:\/\/lasentinelle.dz\/index.php\/2024\/04\/15\/soudan-famine-et-deplacement-des-populations-double-peril\/"},"author":{"name":"La Sentinelle","@id":"https:\/\/lasentinelle.dz\/#\/schema\/person\/d865044e22e70a75174ce8bcad3acfb3"},"headline":"Soudan\u00a0: Famine et d\u00e9placement des populations, double p\u00e9ril","datePublished":"2024-04-15T11:16:22+00:00","dateModified":"2024-04-15T11:16:24+00:00","mainEntityOfPage":{"@id":"https:\/\/lasentinelle.dz\/index.php\/2024\/04\/15\/soudan-famine-et-deplacement-des-populations-double-peril\/"},"wordCount":965,"commentCount":0,"publisher":{"@id":"https:\/\/lasentinelle.dz\/#organization"},"image":{"@id":"https:\/\/lasentinelle.dz\/index.php\/2024\/04\/15\/soudan-famine-et-deplacement-des-populations-double-peril\/#primaryimage"},"thumbnailUrl":"https:\/\/lasentinelle.dz\/wp-content\/uploads\/2024\/04\/Soudan-refugies.jpeg","articleSection":["Monde"],"inLanguage":"fr-FR","potentialAction":[{"@type":"CommentAction","name":"Comment","target":["https:\/\/lasentinelle.dz\/index.php\/2024\/04\/15\/soudan-famine-et-deplacement-des-populations-double-peril\/#respond"]}]},{"@type":"WebPage","@id":"https:\/\/lasentinelle.dz\/index.php\/2024\/04\/15\/soudan-famine-et-deplacement-des-populations-double-peril\/","url":"https:\/\/lasentinelle.dz\/index.php\/2024\/04\/15\/soudan-famine-et-deplacement-des-populations-double-peril\/","name":"Soudan\u00a0: Famine et d\u00e9placement des populations, double p\u00e9ril - La Sentinelle","isPartOf":{"@id":"https:\/\/lasentinelle.dz\/#website"},"primaryImageOfPage":{"@id":"https:\/\/lasentinelle.dz\/index.php\/2024\/04\/15\/soudan-famine-et-deplacement-des-populations-double-peril\/#primaryimage"},"image":{"@id":"https:\/\/lasentinelle.dz\/index.php\/2024\/04\/15\/soudan-famine-et-deplacement-des-populations-double-peril\/#primaryimage"},"thumbnailUrl":"https:\/\/lasentinelle.dz\/wp-content\/uploads\/2024\/04\/Soudan-refugies.jpeg","datePublished":"2024-04-15T11:16:22+00:00","dateModified":"2024-04-15T11:16:24+00:00","breadcrumb":{"@id":"https:\/\/lasentinelle.dz\/index.php\/2024\/04\/15\/soudan-famine-et-deplacement-des-populations-double-peril\/#breadcrumb"},"inLanguage":"fr-FR","potentialAction":[{"@type":"ReadAction","target":["https:\/\/lasentinelle.dz\/index.php\/2024\/04\/15\/soudan-famine-et-deplacement-des-populations-double-peril\/"]}]},{"@type":"ImageObject","inLanguage":"fr-FR","@id":"https:\/\/lasentinelle.dz\/index.php\/2024\/04\/15\/soudan-famine-et-deplacement-des-populations-double-peril\/#primaryimage","url":"https:\/\/lasentinelle.dz\/wp-content\/uploads\/2024\/04\/Soudan-refugies.jpeg","contentUrl":"https:\/\/lasentinelle.dz\/wp-content\/uploads\/2024\/04\/Soudan-refugies.jpeg","width":638,"height":425},{"@type":"BreadcrumbList","@id":"https:\/\/lasentinelle.dz\/index.php\/2024\/04\/15\/soudan-famine-et-deplacement-des-populations-double-peril\/#breadcrumb","itemListElement":[{"@type":"ListItem","position":1,"name":"Accueil","item":"https:\/\/lasentinelle.dz\/"},{"@type":"ListItem","position":2,"name":"Soudan\u00a0: Famine et d\u00e9placement des populations, double p\u00e9ril"}]},{"@type":"WebSite","@id":"https:\/\/lasentinelle.dz\/#website","url":"https:\/\/lasentinelle.dz\/","name":"La Sentinelle","description":"Quotidien national d&#039;information","publisher":{"@id":"https:\/\/lasentinelle.dz\/#organization"},"potentialAction":[{"@type":"SearchAction","target":{"@type":"EntryPoint","urlTemplate":"https:\/\/lasentinelle.dz\/?s={search_term_string}"},"query-input":{"@type":"PropertyValueSpecification","valueRequired":true,"valueName":"search_term_string"}}],"inLanguage":"fr-FR"},{"@type":"Organization","@id":"https:\/\/lasentinelle.dz\/#organization","name":"Quotidien La Sentinelle","url":"https:\/\/lasentinelle.dz\/","logo":{"@type":"ImageObject","inLanguage":"fr-FR","@id":"https:\/\/lasentinelle.dz\/#\/schema\/logo\/image\/","url":"https:\/\/lasentinelle.dz\/wp-content\/uploads\/2021\/09\/logo-sentinelleSLOGAN-1.png","contentUrl":"https:\/\/lasentinelle.dz\/wp-content\/uploads\/2021\/09\/logo-sentinelleSLOGAN-1.png","width":615,"height":142,"caption":"Quotidien La Sentinelle"},"image":{"@id":"https:\/\/lasentinelle.dz\/#\/schema\/logo\/image\/"},"sameAs":["https:\/\/www.facebook.com\/La-Sentinelle-104059864394773"]},{"@type":"Person","@id":"https:\/\/lasentinelle.dz\/#\/schema\/person\/d865044e22e70a75174ce8bcad3acfb3","name":"La Sentinelle","image":{"@type":"ImageObject","inLanguage":"fr-FR","@id":"https:\/\/secure.gravatar.com\/avatar\/57de8e5d4b15d43fb361a71fbb36338450fe67865b528a43dd10ef7c51a20392?s=96&d=mm&r=g","url":"https:\/\/secure.gravatar.com\/avatar\/57de8e5d4b15d43fb361a71fbb36338450fe67865b528a43dd10ef7c51a20392?s=96&d=mm&r=g","contentUrl":"https:\/\/secure.gravatar.com\/avatar\/57de8e5d4b15d43fb361a71fbb36338450fe67865b528a43dd10ef7c51a20392?s=96&d=mm&r=g","caption":"La Sentinelle"},"sameAs":["http:\/\/www.lasentinelle.dz"],"url":"https:\/\/lasentinelle.dz\/author\/redaction\/"}]}},"_links":{"self":[{"href":"https:\/\/lasentinelle.dz\/index.php\/wp-json\/wp\/v2\/posts\/51196","targetHints":{"allow":["GET"]}}],"collection":[{"href":"https:\/\/lasentinelle.dz\/index.php\/wp-json\/wp\/v2\/posts"}],"about":[{"href":"https:\/\/lasentinelle.dz\/index.php\/wp-json\/wp\/v2\/types\/post"}],"author":[{"embeddable":true,"href":"https:\/\/lasentinelle.dz\/index.php\/wp-json\/wp\/v2\/users\/3"}],"replies":[{"embeddable":true,"href":"https:\/\/lasentinelle.dz\/index.php\/wp-json\/wp\/v2\/comments?post=51196"}],"version-history":[{"count":1,"href":"https:\/\/lasentinelle.dz\/index.php\/wp-json\/wp\/v2\/posts\/51196\/revisions"}],"predecessor-version":[{"id":51198,"href":"https:\/\/lasentinelle.dz\/index.php\/wp-json\/wp\/v2\/posts\/51196\/revisions\/51198"}],"wp:featuredmedia":[{"embeddable":true,"href":"https:\/\/lasentinelle.dz\/index.php\/wp-json\/wp\/v2\/media\/51197"}],"wp:attachment":[{"href":"https:\/\/lasentinelle.dz\/index.php\/wp-json\/wp\/v2\/media?parent=51196"}],"wp:term":[{"taxonomy":"category","embeddable":true,"href":"https:\/\/lasentinelle.dz\/index.php\/wp-json\/wp\/v2\/categories?post=51196"},{"taxonomy":"post_tag","embeddable":true,"href":"https:\/\/lasentinelle.dz\/index.php\/wp-json\/wp\/v2\/tags?post=51196"}],"curies":[{"name":"wp","href":"https:\/\/api.w.org\/{rel}","templated":true}]}}