{"id":51209,"date":"2024-04-15T12:40:12","date_gmt":"2024-04-15T11:40:12","guid":{"rendered":"https:\/\/lasentinelle.dz\/?p=51209"},"modified":"2024-04-15T12:40:20","modified_gmt":"2024-04-15T11:40:20","slug":"championnat-dafrique-itf-cat-u16-badache-compte-aller-le-plus-loin-dans-la-competition","status":"publish","type":"post","link":"https:\/\/lasentinelle.dz\/index.php\/2024\/04\/15\/championnat-dafrique-itf-cat-u16-badache-compte-aller-le-plus-loin-dans-la-competition\/","title":{"rendered":"Championnat d&rsquo;Afrique ITF\/CAT U16\u00a0: Badache compte aller le plus loin dans la comp\u00e9tition"},"content":{"rendered":"\n<p>&nbsp;La joueuse de tennis alg\u00e9rienne Maria Badache tentera d&rsquo;aller le plus loin possible au Championnat d&rsquo;Afrique ITF\/CAT de la cat\u00e9gorie U16, que l&rsquo;Alg\u00e9rie s&rsquo;appr\u00eate \u00e0 organiser \u00e0 partir d\u2019aujourd\u2019hui et pendant cinq jours de suite, au Tennis Club de Bachdjarah (Alger) et ce pour la deuxi\u00e8me ann\u00e9e de suite.<\/p>\n\n\n\n<p>T\u00eate de s\u00e9rie N1, Badache (15 ans) ambitionne de confirmer son statut de \u00a0\u00bbgrande favorite\u00a0\u00bb et d\u00e9crocher le vermeil \u00e0 domicile. \u00a0\u00bbJe vais participer \u00e0 cette \u00e9ch\u00e9ance continentale avec l&rsquo;intention de faire bonne figure et se donner \u00e0 fond, d&rsquo;autant qu&rsquo;il s&rsquo;agit d&rsquo;un rendez-vous qui sera disput\u00e9 en Alg\u00e9rie. Je prendrai les matchs, un par un, pour r\u00e9aliser un r\u00e9sultat positif afin de hisser haut le drapeau national dans un tournoi qui sera relev\u00e9\u00a0\u00bb, a d\u00e9clar\u00e9 \u00e0 l&rsquo;APS, Maria Badache. En vue de sa participation au Championnat d&rsquo;Afrique, Maria Badache (168e ITF juniors) a \u00e9t\u00e9 engag\u00e9e dans deux tournois internationaux ITF junior J100 en Turquie, en pr\u00e9sence de plusieurs joueuses mieux class\u00e9es dans le ranking ITF Juniors. \u00ab\u00a0J&rsquo;ai pris part \u00e0 deux tournois ITF\/juniors en Turquie qui m&rsquo;ont servi de pr\u00e9paration pour le Championnat d&rsquo;Afrique. Par la suite, je vais continuer \u00e0 travail pour pouvoir acc\u00e9der au top 100 ITF juniors et composter mes billets pour les tournois du Grand Chelem juniors notamment Wimbledon et l&rsquo;US Open, cette ann\u00e9e\u00a0\u00bb, a-t-elle pr\u00e9cis\u00e9. 64 &nbsp;athl\u00e8tes dont 32 issus de 16 pays sont inscrits dans la liste initiale, \u00e0 savoir: l&rsquo;Alg\u00e9rie (pays h\u00f4te), la Tunisie, le Maroc, l&rsquo;Egypte, le Cameroun, Madagascar, le Nig\u00e9ria, le Mozambique, le Botswana, le Ghana, l&rsquo;Ile Maurice, le Zimbabwe, le Togo, l&rsquo;Angola, le Lesotho et l&rsquo;Ouganda. L&rsquo;Alg\u00e9rie participera avec douze athl\u00e8tes dont six filles. L&rsquo;\u00e9quipe des gar\u00e7ons sera encadr\u00e9e par l&rsquo;entra\u00eeneur Sid Ali Akili, alors que celle des filles sera dirig\u00e9e par Ahmed Ouadane. Les tableaux de la comp\u00e9tition seront dirig\u00e9s par le juge arbitre alg\u00e9rien Amine Mohatet, titulaire d&rsquo;un White Badge. Ce rendez-vous continental est organis\u00e9 par la F\u00e9d\u00e9ration alg\u00e9rienne de tennis (FAT), en collaboration avec la Conf\u00e9d\u00e9ration africaine de tennis (CAT) et la F\u00e9d\u00e9ration internationale de tennis (ITF). &nbsp;Cette \u00e9dition s&rsquo;annonce difficile pour les repr\u00e9sentants alg\u00e9riens, surtout en gar\u00e7ons, \u00e9tant donn\u00e9 que les meilleurs du continent ont confirm\u00e9 leur pr\u00e9sence au Tennis club de Bachdjarah. Conscients de la difficult\u00e9 de la mission, les Alg\u00e9riens ne devront pas pour autant baisser les bras, mais essayeront tout de m\u00eame de lutter jusqu&rsquo;au bout afin de \u00ab\u00a0tirer leur \u00e9pingle du jeu\u00a0\u00bb face aux leaders africains. \u00a0\u00bbNous allons jouer le titre qui nous a \u00e9chapp\u00e9 l&rsquo;an dernier notamment chez la cat\u00e9gorie des filles. Nos chances sont intactes avec notre meilleure athl\u00e8te, en l&rsquo;occurrence Maria Badache. Cette derni\u00e8re, t\u00eate de s\u00e9rie N1 et grande favorite pour le sacre final, aura son mot \u00e0 dire \u00e0 domicile\u00a0\u00bb, a d\u00e9clar\u00e9 \u00e0 l\u2019APS, Nabil Cheriak, pr\u00e9sident de la F\u00e9d\u00e9ration alg\u00e9rienne de tennis (FAT). Et d&rsquo;encha\u00eener: \u00a0\u00bbPour les gar\u00e7ons, le niveau technique sera plus \u00e9lev\u00e9 mais je suis persuad\u00e9 que les n\u00f4tres vont se surpasser et cr\u00e9er quelques surprises. Je m&rsquo;attend \u00e0 une pr\u00e9sence importante du public pour soutenir ces jeunes qui tacheront de repr\u00e9senter dignement l&rsquo;Alg\u00e9rie\u00a0\u00bb. Concernant l&rsquo;organisation de cet \u00e9v\u00e8nement majeur, le pr\u00e9sident de la FAT a soulign\u00e9 que l&rsquo;instance f\u00e9d\u00e9rale fournira tous les moyens n\u00e9cessaires pour la r\u00e9ussite de cette nouvelle \u00e9dition. \u00a0\u00bbNous sommes tr\u00e8s heureux d&rsquo;annoncer l&rsquo;organisation de ce rendez-vous continental pour la deuxi\u00e8me ann\u00e9e de suite. Je pense que le choix de l\u2019Alg\u00e9rie a \u00e9t\u00e9 dict\u00e9 par la r\u00e9ussite de l&rsquo;\u00e9dition de 2023 et de la s\u00e9rie de comp\u00e9titions internationales que nous avons organis\u00e9e l&rsquo;ann\u00e9e derni\u00e8re\u00a0\u00bb, a d\u00e9clar\u00e9 \u00e0 l&rsquo;APS, Nabil Cheriak. L\u2019infrastructure de Bachdjarah d\u00e9tient toutes les commodit\u00e9s demand\u00e9es et nous allons assurer une bonne organisation pour faire de cet \u00e9v\u00e8nement une grande f\u00eate sur tous les plans\u00a0\u00bb, a conclu le pr\u00e9sident.<\/p>\n\n\n\n<p>R.S.<\/p>\n","protected":false},"excerpt":{"rendered":"<p>&nbsp;La joueuse de tennis alg\u00e9rienne Maria Badache tentera d&rsquo;aller le plus loin possible au Championnat d&rsquo;Afrique ITF\/CAT de la cat\u00e9gorie<\/p>\n","protected":false},"author":3,"featured_media":36425,"comment_status":"open","ping_status":"closed","sticky":false,"template":"","format":"standard","meta":{"colormag_page_container_layout":"default_layout","colormag_page_sidebar_layout":"default_layout","om_disable_all_campaigns":false,"_monsterinsights_skip_tracking":false,"_monsterinsights_sitenote_active":false,"_monsterinsights_sitenote_note":"","_monsterinsights_sitenote_category":0,"footnotes":"","_wpscppro_dont_share_socialmedia":false,"_wpscppro_custom_social_share_image":0,"_facebook_share_type":"","_twitter_share_type":"","_linkedin_share_type":"","_pinterest_share_type":"","_linkedin_share_type_page":"","_instagram_share_type":"","_medium_share_type":"","_threads_share_type":"","_google_business_share_type":"","_selected_social_profile":[],"_wpsp_enable_custom_social_template":false,"_wpsp_social_scheduling":{"enabled":false,"datetime":null,"platforms":[],"status":"template_only","dateOption":"today","timeOption":"now","customDays":"","customHours":"","customDate":"","customTime":"","schedulingType":"absolute"},"_wpsp_active_default_template":true},"categories":[33],"tags":[],"class_list":["post-51209","post","type-post","status-publish","format-standard","has-post-thumbnail","hentry","category-sports"],"aioseo_notices":[],"yoast_head":"<!-- This site is optimized with the Yoast SEO plugin v27.4 - https:\/\/yoast.com\/product\/yoast-seo-wordpress\/ -->\n<title>Championnat d&rsquo;Afrique ITF\/CAT U16\u00a0: Badache compte aller le plus loin dans la comp\u00e9tition - La Sentinelle<\/title>\n<meta name=\"robots\" content=\"index, follow, max-snippet:-1, max-image-preview:large, max-video-preview:-1\" \/>\n<link rel=\"canonical\" href=\"https:\/\/lasentinelle.dz\/index.php\/2024\/04\/15\/championnat-dafrique-itf-cat-u16-badache-compte-aller-le-plus-loin-dans-la-competition\/\" \/>\n<meta property=\"og:locale\" content=\"fr_FR\" \/>\n<meta property=\"og:type\" content=\"article\" \/>\n<meta property=\"og:title\" content=\"Championnat d&rsquo;Afrique ITF\/CAT U16\u00a0: Badache compte aller le plus loin dans la comp\u00e9tition - La Sentinelle\" \/>\n<meta property=\"og:description\" content=\"&nbsp;La joueuse de tennis alg\u00e9rienne Maria Badache tentera d&rsquo;aller le plus loin possible au Championnat d&rsquo;Afrique ITF\/CAT de la cat\u00e9gorie\" \/>\n<meta property=\"og:url\" content=\"https:\/\/lasentinelle.dz\/index.php\/2024\/04\/15\/championnat-dafrique-itf-cat-u16-badache-compte-aller-le-plus-loin-dans-la-competition\/\" \/>\n<meta property=\"og:site_name\" content=\"La Sentinelle\" \/>\n<meta property=\"article:publisher\" content=\"https:\/\/www.facebook.com\/La-Sentinelle-104059864394773\" \/>\n<meta property=\"article:published_time\" content=\"2024-04-15T11:40:12+00:00\" \/>\n<meta property=\"article:modified_time\" content=\"2024-04-15T11:40:20+00:00\" \/>\n<meta property=\"og:image\" content=\"https:\/\/lasentinelle.dz\/wp-content\/uploads\/2023\/02\/badache.jpeg\" \/>\n\t<meta property=\"og:image:width\" content=\"800\" \/>\n\t<meta property=\"og:image:height\" content=\"497\" \/>\n\t<meta property=\"og:image:type\" content=\"image\/jpeg\" \/>\n<meta name=\"author\" content=\"La Sentinelle\" \/>\n<meta name=\"twitter:card\" content=\"summary_large_image\" \/>\n<meta name=\"twitter:label1\" content=\"\u00c9crit par\" \/>\n\t<meta name=\"twitter:data1\" content=\"La Sentinelle\" \/>\n\t<meta name=\"twitter:label2\" content=\"Dur\u00e9e de lecture estim\u00e9e\" \/>\n\t<meta name=\"twitter:data2\" content=\"4 minutes\" \/>\n<script type=\"application\/ld+json\" class=\"yoast-schema-graph\">{\"@context\":\"https:\\\/\\\/schema.org\",\"@graph\":[{\"@type\":\"Article\",\"@id\":\"https:\\\/\\\/lasentinelle.dz\\\/index.php\\\/2024\\\/04\\\/15\\\/championnat-dafrique-itf-cat-u16-badache-compte-aller-le-plus-loin-dans-la-competition\\\/#article\",\"isPartOf\":{\"@id\":\"https:\\\/\\\/lasentinelle.dz\\\/index.php\\\/2024\\\/04\\\/15\\\/championnat-dafrique-itf-cat-u16-badache-compte-aller-le-plus-loin-dans-la-competition\\\/\"},\"author\":{\"name\":\"La Sentinelle\",\"@id\":\"https:\\\/\\\/lasentinelle.dz\\\/#\\\/schema\\\/person\\\/d865044e22e70a75174ce8bcad3acfb3\"},\"headline\":\"Championnat d&rsquo;Afrique ITF\\\/CAT U16\u00a0: Badache compte aller le plus loin dans la comp\u00e9tition\",\"datePublished\":\"2024-04-15T11:40:12+00:00\",\"dateModified\":\"2024-04-15T11:40:20+00:00\",\"mainEntityOfPage\":{\"@id\":\"https:\\\/\\\/lasentinelle.dz\\\/index.php\\\/2024\\\/04\\\/15\\\/championnat-dafrique-itf-cat-u16-badache-compte-aller-le-plus-loin-dans-la-competition\\\/\"},\"wordCount\":755,\"commentCount\":0,\"publisher\":{\"@id\":\"https:\\\/\\\/lasentinelle.dz\\\/#organization\"},\"image\":{\"@id\":\"https:\\\/\\\/lasentinelle.dz\\\/index.php\\\/2024\\\/04\\\/15\\\/championnat-dafrique-itf-cat-u16-badache-compte-aller-le-plus-loin-dans-la-competition\\\/#primaryimage\"},\"thumbnailUrl\":\"https:\\\/\\\/lasentinelle.dz\\\/wp-content\\\/uploads\\\/2023\\\/02\\\/badache.jpeg\",\"articleSection\":[\"Sports\"],\"inLanguage\":\"fr-FR\",\"potentialAction\":[{\"@type\":\"CommentAction\",\"name\":\"Comment\",\"target\":[\"https:\\\/\\\/lasentinelle.dz\\\/index.php\\\/2024\\\/04\\\/15\\\/championnat-dafrique-itf-cat-u16-badache-compte-aller-le-plus-loin-dans-la-competition\\\/#respond\"]}]},{\"@type\":\"WebPage\",\"@id\":\"https:\\\/\\\/lasentinelle.dz\\\/index.php\\\/2024\\\/04\\\/15\\\/championnat-dafrique-itf-cat-u16-badache-compte-aller-le-plus-loin-dans-la-competition\\\/\",\"url\":\"https:\\\/\\\/lasentinelle.dz\\\/index.php\\\/2024\\\/04\\\/15\\\/championnat-dafrique-itf-cat-u16-badache-compte-aller-le-plus-loin-dans-la-competition\\\/\",\"name\":\"Championnat d&rsquo;Afrique ITF\\\/CAT U16\u00a0: Badache compte aller le plus loin dans la comp\u00e9tition - La Sentinelle\",\"isPartOf\":{\"@id\":\"https:\\\/\\\/lasentinelle.dz\\\/#website\"},\"primaryImageOfPage\":{\"@id\":\"https:\\\/\\\/lasentinelle.dz\\\/index.php\\\/2024\\\/04\\\/15\\\/championnat-dafrique-itf-cat-u16-badache-compte-aller-le-plus-loin-dans-la-competition\\\/#primaryimage\"},\"image\":{\"@id\":\"https:\\\/\\\/lasentinelle.dz\\\/index.php\\\/2024\\\/04\\\/15\\\/championnat-dafrique-itf-cat-u16-badache-compte-aller-le-plus-loin-dans-la-competition\\\/#primaryimage\"},\"thumbnailUrl\":\"https:\\\/\\\/lasentinelle.dz\\\/wp-content\\\/uploads\\\/2023\\\/02\\\/badache.jpeg\",\"datePublished\":\"2024-04-15T11:40:12+00:00\",\"dateModified\":\"2024-04-15T11:40:20+00:00\",\"breadcrumb\":{\"@id\":\"https:\\\/\\\/lasentinelle.dz\\\/index.php\\\/2024\\\/04\\\/15\\\/championnat-dafrique-itf-cat-u16-badache-compte-aller-le-plus-loin-dans-la-competition\\\/#breadcrumb\"},\"inLanguage\":\"fr-FR\",\"potentialAction\":[{\"@type\":\"ReadAction\",\"target\":[\"https:\\\/\\\/lasentinelle.dz\\\/index.php\\\/2024\\\/04\\\/15\\\/championnat-dafrique-itf-cat-u16-badache-compte-aller-le-plus-loin-dans-la-competition\\\/\"]}]},{\"@type\":\"ImageObject\",\"inLanguage\":\"fr-FR\",\"@id\":\"https:\\\/\\\/lasentinelle.dz\\\/index.php\\\/2024\\\/04\\\/15\\\/championnat-dafrique-itf-cat-u16-badache-compte-aller-le-plus-loin-dans-la-competition\\\/#primaryimage\",\"url\":\"https:\\\/\\\/lasentinelle.dz\\\/wp-content\\\/uploads\\\/2023\\\/02\\\/badache.jpeg\",\"contentUrl\":\"https:\\\/\\\/lasentinelle.dz\\\/wp-content\\\/uploads\\\/2023\\\/02\\\/badache.jpeg\",\"width\":800,\"height\":497},{\"@type\":\"BreadcrumbList\",\"@id\":\"https:\\\/\\\/lasentinelle.dz\\\/index.php\\\/2024\\\/04\\\/15\\\/championnat-dafrique-itf-cat-u16-badache-compte-aller-le-plus-loin-dans-la-competition\\\/#breadcrumb\",\"itemListElement\":[{\"@type\":\"ListItem\",\"position\":1,\"name\":\"Accueil\",\"item\":\"https:\\\/\\\/lasentinelle.dz\\\/\"},{\"@type\":\"ListItem\",\"position\":2,\"name\":\"Championnat d&rsquo;Afrique ITF\\\/CAT U16\u00a0: Badache compte aller le plus loin dans la comp\u00e9tition\"}]},{\"@type\":\"WebSite\",\"@id\":\"https:\\\/\\\/lasentinelle.dz\\\/#website\",\"url\":\"https:\\\/\\\/lasentinelle.dz\\\/\",\"name\":\"La Sentinelle\",\"description\":\"Quotidien national d&#039;information\",\"publisher\":{\"@id\":\"https:\\\/\\\/lasentinelle.dz\\\/#organization\"},\"potentialAction\":[{\"@type\":\"SearchAction\",\"target\":{\"@type\":\"EntryPoint\",\"urlTemplate\":\"https:\\\/\\\/lasentinelle.dz\\\/?s={search_term_string}\"},\"query-input\":{\"@type\":\"PropertyValueSpecification\",\"valueRequired\":true,\"valueName\":\"search_term_string\"}}],\"inLanguage\":\"fr-FR\"},{\"@type\":\"Organization\",\"@id\":\"https:\\\/\\\/lasentinelle.dz\\\/#organization\",\"name\":\"Quotidien La Sentinelle\",\"url\":\"https:\\\/\\\/lasentinelle.dz\\\/\",\"logo\":{\"@type\":\"ImageObject\",\"inLanguage\":\"fr-FR\",\"@id\":\"https:\\\/\\\/lasentinelle.dz\\\/#\\\/schema\\\/logo\\\/image\\\/\",\"url\":\"https:\\\/\\\/lasentinelle.dz\\\/wp-content\\\/uploads\\\/2021\\\/09\\\/logo-sentinelleSLOGAN-1.png\",\"contentUrl\":\"https:\\\/\\\/lasentinelle.dz\\\/wp-content\\\/uploads\\\/2021\\\/09\\\/logo-sentinelleSLOGAN-1.png\",\"width\":615,\"height\":142,\"caption\":\"Quotidien La Sentinelle\"},\"image\":{\"@id\":\"https:\\\/\\\/lasentinelle.dz\\\/#\\\/schema\\\/logo\\\/image\\\/\"},\"sameAs\":[\"https:\\\/\\\/www.facebook.com\\\/La-Sentinelle-104059864394773\"]},{\"@type\":\"Person\",\"@id\":\"https:\\\/\\\/lasentinelle.dz\\\/#\\\/schema\\\/person\\\/d865044e22e70a75174ce8bcad3acfb3\",\"name\":\"La Sentinelle\",\"image\":{\"@type\":\"ImageObject\",\"inLanguage\":\"fr-FR\",\"@id\":\"https:\\\/\\\/secure.gravatar.com\\\/avatar\\\/57de8e5d4b15d43fb361a71fbb36338450fe67865b528a43dd10ef7c51a20392?s=96&d=mm&r=g\",\"url\":\"https:\\\/\\\/secure.gravatar.com\\\/avatar\\\/57de8e5d4b15d43fb361a71fbb36338450fe67865b528a43dd10ef7c51a20392?s=96&d=mm&r=g\",\"contentUrl\":\"https:\\\/\\\/secure.gravatar.com\\\/avatar\\\/57de8e5d4b15d43fb361a71fbb36338450fe67865b528a43dd10ef7c51a20392?s=96&d=mm&r=g\",\"caption\":\"La Sentinelle\"},\"sameAs\":[\"http:\\\/\\\/www.lasentinelle.dz\"],\"url\":\"https:\\\/\\\/lasentinelle.dz\\\/author\\\/redaction\\\/\"}]}<\/script>\n<!-- \/ Yoast SEO plugin. -->","yoast_head_json":{"title":"Championnat d&rsquo;Afrique ITF\/CAT U16\u00a0: Badache compte aller le plus loin dans la comp\u00e9tition - La Sentinelle","robots":{"index":"index","follow":"follow","max-snippet":"max-snippet:-1","max-image-preview":"max-image-preview:large","max-video-preview":"max-video-preview:-1"},"canonical":"https:\/\/lasentinelle.dz\/index.php\/2024\/04\/15\/championnat-dafrique-itf-cat-u16-badache-compte-aller-le-plus-loin-dans-la-competition\/","og_locale":"fr_FR","og_type":"article","og_title":"Championnat d&rsquo;Afrique ITF\/CAT U16\u00a0: Badache compte aller le plus loin dans la comp\u00e9tition - La Sentinelle","og_description":"&nbsp;La joueuse de tennis alg\u00e9rienne Maria Badache tentera d&rsquo;aller le plus loin possible au Championnat d&rsquo;Afrique ITF\/CAT de la cat\u00e9gorie","og_url":"https:\/\/lasentinelle.dz\/index.php\/2024\/04\/15\/championnat-dafrique-itf-cat-u16-badache-compte-aller-le-plus-loin-dans-la-competition\/","og_site_name":"La Sentinelle","article_publisher":"https:\/\/www.facebook.com\/La-Sentinelle-104059864394773","article_published_time":"2024-04-15T11:40:12+00:00","article_modified_time":"2024-04-15T11:40:20+00:00","og_image":[{"width":800,"height":497,"url":"https:\/\/lasentinelle.dz\/wp-content\/uploads\/2023\/02\/badache.jpeg","type":"image\/jpeg"}],"author":"La Sentinelle","twitter_card":"summary_large_image","twitter_misc":{"\u00c9crit par":"La Sentinelle","Dur\u00e9e de lecture estim\u00e9e":"4 minutes"},"schema":{"@context":"https:\/\/schema.org","@graph":[{"@type":"Article","@id":"https:\/\/lasentinelle.dz\/index.php\/2024\/04\/15\/championnat-dafrique-itf-cat-u16-badache-compte-aller-le-plus-loin-dans-la-competition\/#article","isPartOf":{"@id":"https:\/\/lasentinelle.dz\/index.php\/2024\/04\/15\/championnat-dafrique-itf-cat-u16-badache-compte-aller-le-plus-loin-dans-la-competition\/"},"author":{"name":"La Sentinelle","@id":"https:\/\/lasentinelle.dz\/#\/schema\/person\/d865044e22e70a75174ce8bcad3acfb3"},"headline":"Championnat d&rsquo;Afrique ITF\/CAT U16\u00a0: Badache compte aller le plus loin dans la comp\u00e9tition","datePublished":"2024-04-15T11:40:12+00:00","dateModified":"2024-04-15T11:40:20+00:00","mainEntityOfPage":{"@id":"https:\/\/lasentinelle.dz\/index.php\/2024\/04\/15\/championnat-dafrique-itf-cat-u16-badache-compte-aller-le-plus-loin-dans-la-competition\/"},"wordCount":755,"commentCount":0,"publisher":{"@id":"https:\/\/lasentinelle.dz\/#organization"},"image":{"@id":"https:\/\/lasentinelle.dz\/index.php\/2024\/04\/15\/championnat-dafrique-itf-cat-u16-badache-compte-aller-le-plus-loin-dans-la-competition\/#primaryimage"},"thumbnailUrl":"https:\/\/lasentinelle.dz\/wp-content\/uploads\/2023\/02\/badache.jpeg","articleSection":["Sports"],"inLanguage":"fr-FR","potentialAction":[{"@type":"CommentAction","name":"Comment","target":["https:\/\/lasentinelle.dz\/index.php\/2024\/04\/15\/championnat-dafrique-itf-cat-u16-badache-compte-aller-le-plus-loin-dans-la-competition\/#respond"]}]},{"@type":"WebPage","@id":"https:\/\/lasentinelle.dz\/index.php\/2024\/04\/15\/championnat-dafrique-itf-cat-u16-badache-compte-aller-le-plus-loin-dans-la-competition\/","url":"https:\/\/lasentinelle.dz\/index.php\/2024\/04\/15\/championnat-dafrique-itf-cat-u16-badache-compte-aller-le-plus-loin-dans-la-competition\/","name":"Championnat d&rsquo;Afrique ITF\/CAT U16\u00a0: Badache compte aller le plus loin dans la comp\u00e9tition - La Sentinelle","isPartOf":{"@id":"https:\/\/lasentinelle.dz\/#website"},"primaryImageOfPage":{"@id":"https:\/\/lasentinelle.dz\/index.php\/2024\/04\/15\/championnat-dafrique-itf-cat-u16-badache-compte-aller-le-plus-loin-dans-la-competition\/#primaryimage"},"image":{"@id":"https:\/\/lasentinelle.dz\/index.php\/2024\/04\/15\/championnat-dafrique-itf-cat-u16-badache-compte-aller-le-plus-loin-dans-la-competition\/#primaryimage"},"thumbnailUrl":"https:\/\/lasentinelle.dz\/wp-content\/uploads\/2023\/02\/badache.jpeg","datePublished":"2024-04-15T11:40:12+00:00","dateModified":"2024-04-15T11:40:20+00:00","breadcrumb":{"@id":"https:\/\/lasentinelle.dz\/index.php\/2024\/04\/15\/championnat-dafrique-itf-cat-u16-badache-compte-aller-le-plus-loin-dans-la-competition\/#breadcrumb"},"inLanguage":"fr-FR","potentialAction":[{"@type":"ReadAction","target":["https:\/\/lasentinelle.dz\/index.php\/2024\/04\/15\/championnat-dafrique-itf-cat-u16-badache-compte-aller-le-plus-loin-dans-la-competition\/"]}]},{"@type":"ImageObject","inLanguage":"fr-FR","@id":"https:\/\/lasentinelle.dz\/index.php\/2024\/04\/15\/championnat-dafrique-itf-cat-u16-badache-compte-aller-le-plus-loin-dans-la-competition\/#primaryimage","url":"https:\/\/lasentinelle.dz\/wp-content\/uploads\/2023\/02\/badache.jpeg","contentUrl":"https:\/\/lasentinelle.dz\/wp-content\/uploads\/2023\/02\/badache.jpeg","width":800,"height":497},{"@type":"BreadcrumbList","@id":"https:\/\/lasentinelle.dz\/index.php\/2024\/04\/15\/championnat-dafrique-itf-cat-u16-badache-compte-aller-le-plus-loin-dans-la-competition\/#breadcrumb","itemListElement":[{"@type":"ListItem","position":1,"name":"Accueil","item":"https:\/\/lasentinelle.dz\/"},{"@type":"ListItem","position":2,"name":"Championnat d&rsquo;Afrique ITF\/CAT U16\u00a0: Badache compte aller le plus loin dans la comp\u00e9tition"}]},{"@type":"WebSite","@id":"https:\/\/lasentinelle.dz\/#website","url":"https:\/\/lasentinelle.dz\/","name":"La Sentinelle","description":"Quotidien national d&#039;information","publisher":{"@id":"https:\/\/lasentinelle.dz\/#organization"},"potentialAction":[{"@type":"SearchAction","target":{"@type":"EntryPoint","urlTemplate":"https:\/\/lasentinelle.dz\/?s={search_term_string}"},"query-input":{"@type":"PropertyValueSpecification","valueRequired":true,"valueName":"search_term_string"}}],"inLanguage":"fr-FR"},{"@type":"Organization","@id":"https:\/\/lasentinelle.dz\/#organization","name":"Quotidien La Sentinelle","url":"https:\/\/lasentinelle.dz\/","logo":{"@type":"ImageObject","inLanguage":"fr-FR","@id":"https:\/\/lasentinelle.dz\/#\/schema\/logo\/image\/","url":"https:\/\/lasentinelle.dz\/wp-content\/uploads\/2021\/09\/logo-sentinelleSLOGAN-1.png","contentUrl":"https:\/\/lasentinelle.dz\/wp-content\/uploads\/2021\/09\/logo-sentinelleSLOGAN-1.png","width":615,"height":142,"caption":"Quotidien La Sentinelle"},"image":{"@id":"https:\/\/lasentinelle.dz\/#\/schema\/logo\/image\/"},"sameAs":["https:\/\/www.facebook.com\/La-Sentinelle-104059864394773"]},{"@type":"Person","@id":"https:\/\/lasentinelle.dz\/#\/schema\/person\/d865044e22e70a75174ce8bcad3acfb3","name":"La Sentinelle","image":{"@type":"ImageObject","inLanguage":"fr-FR","@id":"https:\/\/secure.gravatar.com\/avatar\/57de8e5d4b15d43fb361a71fbb36338450fe67865b528a43dd10ef7c51a20392?s=96&d=mm&r=g","url":"https:\/\/secure.gravatar.com\/avatar\/57de8e5d4b15d43fb361a71fbb36338450fe67865b528a43dd10ef7c51a20392?s=96&d=mm&r=g","contentUrl":"https:\/\/secure.gravatar.com\/avatar\/57de8e5d4b15d43fb361a71fbb36338450fe67865b528a43dd10ef7c51a20392?s=96&d=mm&r=g","caption":"La Sentinelle"},"sameAs":["http:\/\/www.lasentinelle.dz"],"url":"https:\/\/lasentinelle.dz\/author\/redaction\/"}]}},"_links":{"self":[{"href":"https:\/\/lasentinelle.dz\/index.php\/wp-json\/wp\/v2\/posts\/51209","targetHints":{"allow":["GET"]}}],"collection":[{"href":"https:\/\/lasentinelle.dz\/index.php\/wp-json\/wp\/v2\/posts"}],"about":[{"href":"https:\/\/lasentinelle.dz\/index.php\/wp-json\/wp\/v2\/types\/post"}],"author":[{"embeddable":true,"href":"https:\/\/lasentinelle.dz\/index.php\/wp-json\/wp\/v2\/users\/3"}],"replies":[{"embeddable":true,"href":"https:\/\/lasentinelle.dz\/index.php\/wp-json\/wp\/v2\/comments?post=51209"}],"version-history":[{"count":2,"href":"https:\/\/lasentinelle.dz\/index.php\/wp-json\/wp\/v2\/posts\/51209\/revisions"}],"predecessor-version":[{"id":51211,"href":"https:\/\/lasentinelle.dz\/index.php\/wp-json\/wp\/v2\/posts\/51209\/revisions\/51211"}],"wp:featuredmedia":[{"embeddable":true,"href":"https:\/\/lasentinelle.dz\/index.php\/wp-json\/wp\/v2\/media\/36425"}],"wp:attachment":[{"href":"https:\/\/lasentinelle.dz\/index.php\/wp-json\/wp\/v2\/media?parent=51209"}],"wp:term":[{"taxonomy":"category","embeddable":true,"href":"https:\/\/lasentinelle.dz\/index.php\/wp-json\/wp\/v2\/categories?post=51209"},{"taxonomy":"post_tag","embeddable":true,"href":"https:\/\/lasentinelle.dz\/index.php\/wp-json\/wp\/v2\/tags?post=51209"}],"curies":[{"name":"wp","href":"https:\/\/api.w.org\/{rel}","templated":true}]}}