{"id":51227,"date":"2024-04-15T12:52:39","date_gmt":"2024-04-15T11:52:39","guid":{"rendered":"https:\/\/lasentinelle.dz\/?p=51227"},"modified":"2024-04-15T12:52:45","modified_gmt":"2024-04-15T11:52:45","slug":"education-nationale-les-instructions-de-belaabed-pour-le-troisieme-trimestre","status":"publish","type":"post","link":"https:\/\/lasentinelle.dz\/index.php\/2024\/04\/15\/education-nationale-les-instructions-de-belaabed-pour-le-troisieme-trimestre\/","title":{"rendered":"\u00c9ducation nationale\u00a0: Les instructions de Belaabed pour le troisi\u00e8me trimestre"},"content":{"rendered":"\n<p>Le ministre de l&rsquo;Education nationale, Abdelhakim Belaabed, insiste sur la finalisation des programmes p\u00e9dagogiques durant le troisi\u00e8me trimestre et \u00e0 poursuivre le travail en pr\u00e9vision des examens nationaux. Il aussi exhort\u00e9 les directeurs de l&rsquo;Education \u00e0 multiplier les visites sur le terrain pour suivre le bon d\u00e9roulement des cours et assurer le bon fonctionnement des services de restauration et de transport scolaires. Selon un communiqu\u00e9 du minist\u00e8re de l\u2019\u00c9ducation nationale, le premier responsable du secteur a tenu samedi une r\u00e9union, avec les cadres de l&rsquo;administration centrale \u00e0 l&rsquo;occasion de l\u2019A\u00efd el-Fitr, puis pr\u00e9sid\u00e9 une conf\u00e9rence nationale via visioconf\u00e9rence, en pr\u00e9sence de cadres de l&rsquo;administration centrale, des directeurs de l&rsquo;\u00e9ducation et du directeur de l&rsquo;Office national des examens et concours (ONEC), et au cours desquels il a donn\u00e9 plusieurs instructions pour le troisi\u00e8me trimestre de l\u2019ann\u00e9e scolaire, ainsi que la pr\u00e9paration des examens nationaux. Belaabed a ainsi &nbsp;exhort\u00e9 tout un chacun \u00e0 \u00ab\u00a0poursuivre le travail durant le troisi\u00e8me trimestre de l&rsquo;ann\u00e9e scolaire en cours et \u00e0 pr\u00e9parer les examens nationaux et les autres op\u00e9rations avec la m\u00eame d\u00e9termination\u00a0\u00bb relev\u00e9e lors des deux premiers trimestres Abdelhakim Belaabed, a aussi appel\u00e9 les directeurs de l&rsquo;Education des diff\u00e9rentes r\u00e9gions du pays \u00e0 intensifier les visites sur le terrain dans les \u00e9tablissements scolaires et \u00e0 s&rsquo;enqu\u00e9rir de leur bon fonctionnement au cours du 3e et dernier trimestre de l&rsquo;ann\u00e9e scolaire. Il a insist\u00e9 sur la n\u00e9cessit\u00e9 d'\u00a0\u00bbintensifier les visites sur le terrain dans les \u00e9tablissements scolaires, de s&rsquo;enqu\u00e9rir de leur bon fonctionnement et des prestations de restauration scolaire\u00a0\u00bb, pr\u00e9cise le communiqu\u00e9. Le ministre a \u00e9galement appel\u00e9 \u00e0 \u00ab\u00a0redoubler de vigilance et \u00e0 s&rsquo;enqu\u00e9rir de l&rsquo;\u00e9tat des \u00e9tablissements scolaires dans les r\u00e9gions ayant connu des perturbations m\u00e9t\u00e9orologiques r\u00e9cemment en coordonnant avec les autorit\u00e9s locales dans les cas n\u00e9cessitant leur intervention\u00a0\u00bb. Concernant les op\u00e9rations programm\u00e9es dans le calendrier administratif du 3e trimestre de l&rsquo;ann\u00e9e scolaire en cours, le ministre a soulign\u00e9 la n\u00e9cessit\u00e9 de \u00ab\u00a0finaliser toutes les dispositions li\u00e9es \u00e0 la pr\u00e9paration des examens scolaires nationaux, en commen\u00e7ant par les centres de d\u00e9roulement de l&rsquo;\u00e9preuve d&rsquo;\u00e9ducation physique et sportive pour les candidats libres, en veillant \u00e0 assurer le bon d\u00e9roulement de l&rsquo;examen de validation de niveau pour les apprenants inscrits \u00e0 l&rsquo;Office national d&rsquo;enseignement et de formation \u00e0 distance (ONEFD), outre la pr\u00e9paration de l&rsquo;examen d&rsquo;\u00e9valuation des acquis du cycle primaire pr\u00e9vu les 12, 13 et 14 mai prochains\u00a0\u00bb. M. Belaabed a \u00e9galement ordonn\u00e9 l&rsquo;organisation d&rsquo;un \u00ab\u00a0programme riche selon les th\u00e8mes pr\u00e9vus dans la circulaire concernant la c\u00e9l\u00e9bration de la Journ\u00e9e du savoir, c\u00e9l\u00e9br\u00e9e le 16 avril de chaque ann\u00e9e, en assurant une large couverture m\u00e9diatique de cet \u00e9v\u00e9nement important\u00a0\u00bb. Le ministre a soulign\u00e9, par ailleurs, \u00ab\u00a0la n\u00e9cessit\u00e9 d&rsquo;assurer un suivi r\u00e9el de la mise en \u0153uvre des \u00e9tapes du mouvement annuel des fonctionnaires selon le calendrier annonc\u00e9 et une large m\u00e9diatisation des dates et des d\u00e9lais\u00a0\u00bb, conclut le communiqu\u00e9.<\/p>\n\n\n\n<p><strong>Chokri Hafed<\/strong><\/p>\n","protected":false},"excerpt":{"rendered":"<p>Le ministre de l&rsquo;Education nationale, Abdelhakim Belaabed, insiste sur la finalisation des programmes p\u00e9dagogiques durant le troisi\u00e8me trimestre et \u00e0<\/p>\n","protected":false},"author":3,"featured_media":30213,"comment_status":"open","ping_status":"closed","sticky":false,"template":"","format":"standard","meta":{"colormag_page_container_layout":"default_layout","colormag_page_sidebar_layout":"default_layout","om_disable_all_campaigns":false,"_monsterinsights_skip_tracking":false,"_monsterinsights_sitenote_active":false,"_monsterinsights_sitenote_note":"","_monsterinsights_sitenote_category":0,"footnotes":"","_wpscppro_dont_share_socialmedia":false,"_wpscppro_custom_social_share_image":0,"_facebook_share_type":"","_twitter_share_type":"","_linkedin_share_type":"","_pinterest_share_type":"","_linkedin_share_type_page":"","_instagram_share_type":"","_medium_share_type":"","_threads_share_type":"","_google_business_share_type":"","_selected_social_profile":[],"_wpsp_enable_custom_social_template":false,"_wpsp_social_scheduling":{"enabled":false,"datetime":null,"platforms":[],"status":"template_only","dateOption":"today","timeOption":"now","customDays":"","customHours":"","customDate":"","customTime":"","schedulingType":"absolute"},"_wpsp_active_default_template":true},"categories":[27],"tags":[],"class_list":["post-51227","post","type-post","status-publish","format-standard","has-post-thumbnail","hentry","category-actualite"],"aioseo_notices":[],"yoast_head":"<!-- This site is optimized with the Yoast SEO plugin v27.4 - https:\/\/yoast.com\/product\/yoast-seo-wordpress\/ -->\n<title>\u00c9ducation nationale\u00a0: Les instructions de Belaabed pour le troisi\u00e8me trimestre - La Sentinelle<\/title>\n<meta name=\"robots\" content=\"index, follow, max-snippet:-1, max-image-preview:large, max-video-preview:-1\" \/>\n<link rel=\"canonical\" href=\"https:\/\/lasentinelle.dz\/index.php\/2024\/04\/15\/education-nationale-les-instructions-de-belaabed-pour-le-troisieme-trimestre\/\" \/>\n<meta property=\"og:locale\" content=\"fr_FR\" \/>\n<meta property=\"og:type\" content=\"article\" \/>\n<meta property=\"og:title\" content=\"\u00c9ducation nationale\u00a0: Les instructions de Belaabed pour le troisi\u00e8me trimestre - La Sentinelle\" \/>\n<meta property=\"og:description\" content=\"Le ministre de l&rsquo;Education nationale, Abdelhakim Belaabed, insiste sur la finalisation des programmes p\u00e9dagogiques durant le troisi\u00e8me trimestre et \u00e0\" \/>\n<meta property=\"og:url\" content=\"https:\/\/lasentinelle.dz\/index.php\/2024\/04\/15\/education-nationale-les-instructions-de-belaabed-pour-le-troisieme-trimestre\/\" \/>\n<meta property=\"og:site_name\" content=\"La Sentinelle\" \/>\n<meta property=\"article:publisher\" content=\"https:\/\/www.facebook.com\/La-Sentinelle-104059864394773\" \/>\n<meta property=\"article:published_time\" content=\"2024-04-15T11:52:39+00:00\" \/>\n<meta property=\"article:modified_time\" content=\"2024-04-15T11:52:45+00:00\" \/>\n<meta property=\"og:image\" content=\"https:\/\/lasentinelle.dz\/wp-content\/uploads\/2022\/11\/Belabed.png\" \/>\n\t<meta property=\"og:image:width\" content=\"1427\" \/>\n\t<meta property=\"og:image:height\" content=\"900\" \/>\n\t<meta property=\"og:image:type\" content=\"image\/png\" \/>\n<meta name=\"author\" content=\"La Sentinelle\" \/>\n<meta name=\"twitter:card\" content=\"summary_large_image\" \/>\n<meta name=\"twitter:label1\" content=\"\u00c9crit par\" \/>\n\t<meta name=\"twitter:data1\" content=\"La Sentinelle\" \/>\n\t<meta name=\"twitter:label2\" content=\"Dur\u00e9e de lecture estim\u00e9e\" \/>\n\t<meta name=\"twitter:data2\" content=\"3 minutes\" \/>\n<script type=\"application\/ld+json\" class=\"yoast-schema-graph\">{\"@context\":\"https:\\\/\\\/schema.org\",\"@graph\":[{\"@type\":\"Article\",\"@id\":\"https:\\\/\\\/lasentinelle.dz\\\/index.php\\\/2024\\\/04\\\/15\\\/education-nationale-les-instructions-de-belaabed-pour-le-troisieme-trimestre\\\/#article\",\"isPartOf\":{\"@id\":\"https:\\\/\\\/lasentinelle.dz\\\/index.php\\\/2024\\\/04\\\/15\\\/education-nationale-les-instructions-de-belaabed-pour-le-troisieme-trimestre\\\/\"},\"author\":{\"name\":\"La Sentinelle\",\"@id\":\"https:\\\/\\\/lasentinelle.dz\\\/#\\\/schema\\\/person\\\/d865044e22e70a75174ce8bcad3acfb3\"},\"headline\":\"\u00c9ducation nationale\u00a0: Les instructions de Belaabed pour le troisi\u00e8me trimestre\",\"datePublished\":\"2024-04-15T11:52:39+00:00\",\"dateModified\":\"2024-04-15T11:52:45+00:00\",\"mainEntityOfPage\":{\"@id\":\"https:\\\/\\\/lasentinelle.dz\\\/index.php\\\/2024\\\/04\\\/15\\\/education-nationale-les-instructions-de-belaabed-pour-le-troisieme-trimestre\\\/\"},\"wordCount\":560,\"commentCount\":0,\"publisher\":{\"@id\":\"https:\\\/\\\/lasentinelle.dz\\\/#organization\"},\"image\":{\"@id\":\"https:\\\/\\\/lasentinelle.dz\\\/index.php\\\/2024\\\/04\\\/15\\\/education-nationale-les-instructions-de-belaabed-pour-le-troisieme-trimestre\\\/#primaryimage\"},\"thumbnailUrl\":\"https:\\\/\\\/lasentinelle.dz\\\/wp-content\\\/uploads\\\/2022\\\/11\\\/Belabed.png\",\"articleSection\":[\"Actualit\u00e9\"],\"inLanguage\":\"fr-FR\",\"potentialAction\":[{\"@type\":\"CommentAction\",\"name\":\"Comment\",\"target\":[\"https:\\\/\\\/lasentinelle.dz\\\/index.php\\\/2024\\\/04\\\/15\\\/education-nationale-les-instructions-de-belaabed-pour-le-troisieme-trimestre\\\/#respond\"]}]},{\"@type\":\"WebPage\",\"@id\":\"https:\\\/\\\/lasentinelle.dz\\\/index.php\\\/2024\\\/04\\\/15\\\/education-nationale-les-instructions-de-belaabed-pour-le-troisieme-trimestre\\\/\",\"url\":\"https:\\\/\\\/lasentinelle.dz\\\/index.php\\\/2024\\\/04\\\/15\\\/education-nationale-les-instructions-de-belaabed-pour-le-troisieme-trimestre\\\/\",\"name\":\"\u00c9ducation nationale\u00a0: Les instructions de Belaabed pour le troisi\u00e8me trimestre - La Sentinelle\",\"isPartOf\":{\"@id\":\"https:\\\/\\\/lasentinelle.dz\\\/#website\"},\"primaryImageOfPage\":{\"@id\":\"https:\\\/\\\/lasentinelle.dz\\\/index.php\\\/2024\\\/04\\\/15\\\/education-nationale-les-instructions-de-belaabed-pour-le-troisieme-trimestre\\\/#primaryimage\"},\"image\":{\"@id\":\"https:\\\/\\\/lasentinelle.dz\\\/index.php\\\/2024\\\/04\\\/15\\\/education-nationale-les-instructions-de-belaabed-pour-le-troisieme-trimestre\\\/#primaryimage\"},\"thumbnailUrl\":\"https:\\\/\\\/lasentinelle.dz\\\/wp-content\\\/uploads\\\/2022\\\/11\\\/Belabed.png\",\"datePublished\":\"2024-04-15T11:52:39+00:00\",\"dateModified\":\"2024-04-15T11:52:45+00:00\",\"breadcrumb\":{\"@id\":\"https:\\\/\\\/lasentinelle.dz\\\/index.php\\\/2024\\\/04\\\/15\\\/education-nationale-les-instructions-de-belaabed-pour-le-troisieme-trimestre\\\/#breadcrumb\"},\"inLanguage\":\"fr-FR\",\"potentialAction\":[{\"@type\":\"ReadAction\",\"target\":[\"https:\\\/\\\/lasentinelle.dz\\\/index.php\\\/2024\\\/04\\\/15\\\/education-nationale-les-instructions-de-belaabed-pour-le-troisieme-trimestre\\\/\"]}]},{\"@type\":\"ImageObject\",\"inLanguage\":\"fr-FR\",\"@id\":\"https:\\\/\\\/lasentinelle.dz\\\/index.php\\\/2024\\\/04\\\/15\\\/education-nationale-les-instructions-de-belaabed-pour-le-troisieme-trimestre\\\/#primaryimage\",\"url\":\"https:\\\/\\\/lasentinelle.dz\\\/wp-content\\\/uploads\\\/2022\\\/11\\\/Belabed.png\",\"contentUrl\":\"https:\\\/\\\/lasentinelle.dz\\\/wp-content\\\/uploads\\\/2022\\\/11\\\/Belabed.png\",\"width\":1427,\"height\":900},{\"@type\":\"BreadcrumbList\",\"@id\":\"https:\\\/\\\/lasentinelle.dz\\\/index.php\\\/2024\\\/04\\\/15\\\/education-nationale-les-instructions-de-belaabed-pour-le-troisieme-trimestre\\\/#breadcrumb\",\"itemListElement\":[{\"@type\":\"ListItem\",\"position\":1,\"name\":\"Accueil\",\"item\":\"https:\\\/\\\/lasentinelle.dz\\\/\"},{\"@type\":\"ListItem\",\"position\":2,\"name\":\"\u00c9ducation nationale\u00a0: Les instructions de Belaabed pour le troisi\u00e8me trimestre\"}]},{\"@type\":\"WebSite\",\"@id\":\"https:\\\/\\\/lasentinelle.dz\\\/#website\",\"url\":\"https:\\\/\\\/lasentinelle.dz\\\/\",\"name\":\"La Sentinelle\",\"description\":\"Quotidien national d&#039;information\",\"publisher\":{\"@id\":\"https:\\\/\\\/lasentinelle.dz\\\/#organization\"},\"potentialAction\":[{\"@type\":\"SearchAction\",\"target\":{\"@type\":\"EntryPoint\",\"urlTemplate\":\"https:\\\/\\\/lasentinelle.dz\\\/?s={search_term_string}\"},\"query-input\":{\"@type\":\"PropertyValueSpecification\",\"valueRequired\":true,\"valueName\":\"search_term_string\"}}],\"inLanguage\":\"fr-FR\"},{\"@type\":\"Organization\",\"@id\":\"https:\\\/\\\/lasentinelle.dz\\\/#organization\",\"name\":\"Quotidien La Sentinelle\",\"url\":\"https:\\\/\\\/lasentinelle.dz\\\/\",\"logo\":{\"@type\":\"ImageObject\",\"inLanguage\":\"fr-FR\",\"@id\":\"https:\\\/\\\/lasentinelle.dz\\\/#\\\/schema\\\/logo\\\/image\\\/\",\"url\":\"https:\\\/\\\/lasentinelle.dz\\\/wp-content\\\/uploads\\\/2021\\\/09\\\/logo-sentinelleSLOGAN-1.png\",\"contentUrl\":\"https:\\\/\\\/lasentinelle.dz\\\/wp-content\\\/uploads\\\/2021\\\/09\\\/logo-sentinelleSLOGAN-1.png\",\"width\":615,\"height\":142,\"caption\":\"Quotidien La Sentinelle\"},\"image\":{\"@id\":\"https:\\\/\\\/lasentinelle.dz\\\/#\\\/schema\\\/logo\\\/image\\\/\"},\"sameAs\":[\"https:\\\/\\\/www.facebook.com\\\/La-Sentinelle-104059864394773\"]},{\"@type\":\"Person\",\"@id\":\"https:\\\/\\\/lasentinelle.dz\\\/#\\\/schema\\\/person\\\/d865044e22e70a75174ce8bcad3acfb3\",\"name\":\"La Sentinelle\",\"image\":{\"@type\":\"ImageObject\",\"inLanguage\":\"fr-FR\",\"@id\":\"https:\\\/\\\/secure.gravatar.com\\\/avatar\\\/57de8e5d4b15d43fb361a71fbb36338450fe67865b528a43dd10ef7c51a20392?s=96&d=mm&r=g\",\"url\":\"https:\\\/\\\/secure.gravatar.com\\\/avatar\\\/57de8e5d4b15d43fb361a71fbb36338450fe67865b528a43dd10ef7c51a20392?s=96&d=mm&r=g\",\"contentUrl\":\"https:\\\/\\\/secure.gravatar.com\\\/avatar\\\/57de8e5d4b15d43fb361a71fbb36338450fe67865b528a43dd10ef7c51a20392?s=96&d=mm&r=g\",\"caption\":\"La Sentinelle\"},\"sameAs\":[\"http:\\\/\\\/www.lasentinelle.dz\"],\"url\":\"https:\\\/\\\/lasentinelle.dz\\\/author\\\/redaction\\\/\"}]}<\/script>\n<!-- \/ Yoast SEO plugin. -->","yoast_head_json":{"title":"\u00c9ducation nationale\u00a0: Les instructions de Belaabed pour le troisi\u00e8me trimestre - La Sentinelle","robots":{"index":"index","follow":"follow","max-snippet":"max-snippet:-1","max-image-preview":"max-image-preview:large","max-video-preview":"max-video-preview:-1"},"canonical":"https:\/\/lasentinelle.dz\/index.php\/2024\/04\/15\/education-nationale-les-instructions-de-belaabed-pour-le-troisieme-trimestre\/","og_locale":"fr_FR","og_type":"article","og_title":"\u00c9ducation nationale\u00a0: Les instructions de Belaabed pour le troisi\u00e8me trimestre - La Sentinelle","og_description":"Le ministre de l&rsquo;Education nationale, Abdelhakim Belaabed, insiste sur la finalisation des programmes p\u00e9dagogiques durant le troisi\u00e8me trimestre et \u00e0","og_url":"https:\/\/lasentinelle.dz\/index.php\/2024\/04\/15\/education-nationale-les-instructions-de-belaabed-pour-le-troisieme-trimestre\/","og_site_name":"La Sentinelle","article_publisher":"https:\/\/www.facebook.com\/La-Sentinelle-104059864394773","article_published_time":"2024-04-15T11:52:39+00:00","article_modified_time":"2024-04-15T11:52:45+00:00","og_image":[{"width":1427,"height":900,"url":"https:\/\/lasentinelle.dz\/wp-content\/uploads\/2022\/11\/Belabed.png","type":"image\/png"}],"author":"La Sentinelle","twitter_card":"summary_large_image","twitter_misc":{"\u00c9crit par":"La Sentinelle","Dur\u00e9e de lecture estim\u00e9e":"3 minutes"},"schema":{"@context":"https:\/\/schema.org","@graph":[{"@type":"Article","@id":"https:\/\/lasentinelle.dz\/index.php\/2024\/04\/15\/education-nationale-les-instructions-de-belaabed-pour-le-troisieme-trimestre\/#article","isPartOf":{"@id":"https:\/\/lasentinelle.dz\/index.php\/2024\/04\/15\/education-nationale-les-instructions-de-belaabed-pour-le-troisieme-trimestre\/"},"author":{"name":"La Sentinelle","@id":"https:\/\/lasentinelle.dz\/#\/schema\/person\/d865044e22e70a75174ce8bcad3acfb3"},"headline":"\u00c9ducation nationale\u00a0: Les instructions de Belaabed pour le troisi\u00e8me trimestre","datePublished":"2024-04-15T11:52:39+00:00","dateModified":"2024-04-15T11:52:45+00:00","mainEntityOfPage":{"@id":"https:\/\/lasentinelle.dz\/index.php\/2024\/04\/15\/education-nationale-les-instructions-de-belaabed-pour-le-troisieme-trimestre\/"},"wordCount":560,"commentCount":0,"publisher":{"@id":"https:\/\/lasentinelle.dz\/#organization"},"image":{"@id":"https:\/\/lasentinelle.dz\/index.php\/2024\/04\/15\/education-nationale-les-instructions-de-belaabed-pour-le-troisieme-trimestre\/#primaryimage"},"thumbnailUrl":"https:\/\/lasentinelle.dz\/wp-content\/uploads\/2022\/11\/Belabed.png","articleSection":["Actualit\u00e9"],"inLanguage":"fr-FR","potentialAction":[{"@type":"CommentAction","name":"Comment","target":["https:\/\/lasentinelle.dz\/index.php\/2024\/04\/15\/education-nationale-les-instructions-de-belaabed-pour-le-troisieme-trimestre\/#respond"]}]},{"@type":"WebPage","@id":"https:\/\/lasentinelle.dz\/index.php\/2024\/04\/15\/education-nationale-les-instructions-de-belaabed-pour-le-troisieme-trimestre\/","url":"https:\/\/lasentinelle.dz\/index.php\/2024\/04\/15\/education-nationale-les-instructions-de-belaabed-pour-le-troisieme-trimestre\/","name":"\u00c9ducation nationale\u00a0: Les instructions de Belaabed pour le troisi\u00e8me trimestre - La Sentinelle","isPartOf":{"@id":"https:\/\/lasentinelle.dz\/#website"},"primaryImageOfPage":{"@id":"https:\/\/lasentinelle.dz\/index.php\/2024\/04\/15\/education-nationale-les-instructions-de-belaabed-pour-le-troisieme-trimestre\/#primaryimage"},"image":{"@id":"https:\/\/lasentinelle.dz\/index.php\/2024\/04\/15\/education-nationale-les-instructions-de-belaabed-pour-le-troisieme-trimestre\/#primaryimage"},"thumbnailUrl":"https:\/\/lasentinelle.dz\/wp-content\/uploads\/2022\/11\/Belabed.png","datePublished":"2024-04-15T11:52:39+00:00","dateModified":"2024-04-15T11:52:45+00:00","breadcrumb":{"@id":"https:\/\/lasentinelle.dz\/index.php\/2024\/04\/15\/education-nationale-les-instructions-de-belaabed-pour-le-troisieme-trimestre\/#breadcrumb"},"inLanguage":"fr-FR","potentialAction":[{"@type":"ReadAction","target":["https:\/\/lasentinelle.dz\/index.php\/2024\/04\/15\/education-nationale-les-instructions-de-belaabed-pour-le-troisieme-trimestre\/"]}]},{"@type":"ImageObject","inLanguage":"fr-FR","@id":"https:\/\/lasentinelle.dz\/index.php\/2024\/04\/15\/education-nationale-les-instructions-de-belaabed-pour-le-troisieme-trimestre\/#primaryimage","url":"https:\/\/lasentinelle.dz\/wp-content\/uploads\/2022\/11\/Belabed.png","contentUrl":"https:\/\/lasentinelle.dz\/wp-content\/uploads\/2022\/11\/Belabed.png","width":1427,"height":900},{"@type":"BreadcrumbList","@id":"https:\/\/lasentinelle.dz\/index.php\/2024\/04\/15\/education-nationale-les-instructions-de-belaabed-pour-le-troisieme-trimestre\/#breadcrumb","itemListElement":[{"@type":"ListItem","position":1,"name":"Accueil","item":"https:\/\/lasentinelle.dz\/"},{"@type":"ListItem","position":2,"name":"\u00c9ducation nationale\u00a0: Les instructions de Belaabed pour le troisi\u00e8me trimestre"}]},{"@type":"WebSite","@id":"https:\/\/lasentinelle.dz\/#website","url":"https:\/\/lasentinelle.dz\/","name":"La Sentinelle","description":"Quotidien national d&#039;information","publisher":{"@id":"https:\/\/lasentinelle.dz\/#organization"},"potentialAction":[{"@type":"SearchAction","target":{"@type":"EntryPoint","urlTemplate":"https:\/\/lasentinelle.dz\/?s={search_term_string}"},"query-input":{"@type":"PropertyValueSpecification","valueRequired":true,"valueName":"search_term_string"}}],"inLanguage":"fr-FR"},{"@type":"Organization","@id":"https:\/\/lasentinelle.dz\/#organization","name":"Quotidien La Sentinelle","url":"https:\/\/lasentinelle.dz\/","logo":{"@type":"ImageObject","inLanguage":"fr-FR","@id":"https:\/\/lasentinelle.dz\/#\/schema\/logo\/image\/","url":"https:\/\/lasentinelle.dz\/wp-content\/uploads\/2021\/09\/logo-sentinelleSLOGAN-1.png","contentUrl":"https:\/\/lasentinelle.dz\/wp-content\/uploads\/2021\/09\/logo-sentinelleSLOGAN-1.png","width":615,"height":142,"caption":"Quotidien La Sentinelle"},"image":{"@id":"https:\/\/lasentinelle.dz\/#\/schema\/logo\/image\/"},"sameAs":["https:\/\/www.facebook.com\/La-Sentinelle-104059864394773"]},{"@type":"Person","@id":"https:\/\/lasentinelle.dz\/#\/schema\/person\/d865044e22e70a75174ce8bcad3acfb3","name":"La Sentinelle","image":{"@type":"ImageObject","inLanguage":"fr-FR","@id":"https:\/\/secure.gravatar.com\/avatar\/57de8e5d4b15d43fb361a71fbb36338450fe67865b528a43dd10ef7c51a20392?s=96&d=mm&r=g","url":"https:\/\/secure.gravatar.com\/avatar\/57de8e5d4b15d43fb361a71fbb36338450fe67865b528a43dd10ef7c51a20392?s=96&d=mm&r=g","contentUrl":"https:\/\/secure.gravatar.com\/avatar\/57de8e5d4b15d43fb361a71fbb36338450fe67865b528a43dd10ef7c51a20392?s=96&d=mm&r=g","caption":"La Sentinelle"},"sameAs":["http:\/\/www.lasentinelle.dz"],"url":"https:\/\/lasentinelle.dz\/author\/redaction\/"}]}},"_links":{"self":[{"href":"https:\/\/lasentinelle.dz\/index.php\/wp-json\/wp\/v2\/posts\/51227","targetHints":{"allow":["GET"]}}],"collection":[{"href":"https:\/\/lasentinelle.dz\/index.php\/wp-json\/wp\/v2\/posts"}],"about":[{"href":"https:\/\/lasentinelle.dz\/index.php\/wp-json\/wp\/v2\/types\/post"}],"author":[{"embeddable":true,"href":"https:\/\/lasentinelle.dz\/index.php\/wp-json\/wp\/v2\/users\/3"}],"replies":[{"embeddable":true,"href":"https:\/\/lasentinelle.dz\/index.php\/wp-json\/wp\/v2\/comments?post=51227"}],"version-history":[{"count":1,"href":"https:\/\/lasentinelle.dz\/index.php\/wp-json\/wp\/v2\/posts\/51227\/revisions"}],"predecessor-version":[{"id":51228,"href":"https:\/\/lasentinelle.dz\/index.php\/wp-json\/wp\/v2\/posts\/51227\/revisions\/51228"}],"wp:featuredmedia":[{"embeddable":true,"href":"https:\/\/lasentinelle.dz\/index.php\/wp-json\/wp\/v2\/media\/30213"}],"wp:attachment":[{"href":"https:\/\/lasentinelle.dz\/index.php\/wp-json\/wp\/v2\/media?parent=51227"}],"wp:term":[{"taxonomy":"category","embeddable":true,"href":"https:\/\/lasentinelle.dz\/index.php\/wp-json\/wp\/v2\/categories?post=51227"},{"taxonomy":"post_tag","embeddable":true,"href":"https:\/\/lasentinelle.dz\/index.php\/wp-json\/wp\/v2\/tags?post=51227"}],"curies":[{"name":"wp","href":"https:\/\/api.w.org\/{rel}","templated":true}]}}