{"id":51235,"date":"2024-04-15T13:05:05","date_gmt":"2024-04-15T12:05:05","guid":{"rendered":"https:\/\/lasentinelle.dz\/?p=51235"},"modified":"2024-04-15T13:05:17","modified_gmt":"2024-04-15T12:05:17","slug":"palestine-occupee-les-violences-sintensifient-a-ghaza-et-en-cisjordanie","status":"publish","type":"post","link":"https:\/\/lasentinelle.dz\/index.php\/2024\/04\/15\/palestine-occupee-les-violences-sintensifient-a-ghaza-et-en-cisjordanie\/","title":{"rendered":"Palestine occup\u00e9e\u00a0: Les violences s\u2019intensifient \u00e0 Ghaza et en Cisjordanie"},"content":{"rendered":"\n<p>La violence de l\u2019occupation sioniste s\u2019est d\u00e9multipli\u00e9e depuis le 7 octobre aussi bien \u00e0 Ghaza qu\u2019en Cisjordanie occup\u00e9e. A Ghaza, les bombardements de l\u2019occupations se poursuivent depuis plus de six mois. Hier, cinq Palestiniens, dont une femme, sont tomb\u00e9s en martyrs dans un bombardement de l&rsquo;artillerie sioniste qui a vis\u00e9 des centaines de personnes d\u00e9plac\u00e9es alors qu&rsquo;ils tentaient de regagner leurs foyers dans le nord de la bande de Ghaza. Des sources m\u00e9dicales cit\u00e9es par des m\u00e9dias ont d\u00e9clar\u00e9 que \u00ab\u00a0cinq martyrs, dont une femme, et un certain nombre de bless\u00e9s ont \u00e9t\u00e9 achemin\u00e9s vers \u00e0 l&rsquo;h\u00f4pital Al-Awda, dans le camp de Nuseirat, au centre de la bande de Ghaza, parmi les d\u00e9plac\u00e9s qui tentaient de regagner la bande du nord via la Rue Rashid Al-Sahel\u00a0\u00bb. Selon des m\u00e9dias, \u00ab\u00a0des centaines de Palestiniens tentaient de retourner au nord via le pont Wadi Ghaza, dans la rue Al-Rashid, et que tr\u00e8s peu d&rsquo;entre eux, tous des femmes et des enfants, ont r\u00e9ussi \u00e0 atteindre le nord de la bande de Ghaza\u00a0\u00bb. Globalement, l&rsquo;agression de l&rsquo;occupation sioniste se poursuit depuis le 7 octobre dernier, le bilan s&rsquo;est alourdi dimanche \u00e0 33.729 martyrs et 76.371 bless\u00e9s. En Cisjordanie occup\u00e9e, et selon les chiffres minist\u00e8re palestinien de la Sant\u00e9, cit\u00e9 par l\u2019agence de presse palestinienne Wafa, 464 personnes sont tomb\u00e9es en martyrs et 4.800 autres ont \u00e9t\u00e9 bless\u00e9es par les forces d&rsquo;occupation sionistes occup\u00e9e depuis le 7 octobre 2023. Le minist\u00e8re a pr\u00e9cis\u00e9 dans un communiqu\u00e9 que depuis vendredi, quatre Palestiniens sont tomb\u00e9s en martyrs et environ 60 autres ont \u00e9t\u00e9 bless\u00e9s en Cisjordanie occup\u00e9e, la plupart par des balles des forces d&rsquo;occupation et des colons, dont 10 gri\u00e8vement.<\/p>\n\n\n\n<p>Notons que les m\u00e9dias ont indiqu\u00e9 hier qu\u2019une cinquantaine de Palestiniens ont \u00e9t\u00e9 bless\u00e9s et au moins deux autres sont tomb\u00e9s en martyrs depuis vendredi dans des attaques de colons en Cisjordanie occup\u00e9e, tandis que les forces sionistes ont tu\u00e9 au moins deux personnes lors de raids \u00e0 travers le territoire palestinien occup\u00e9.<\/p>\n\n\n\n<p>Dans ce contexte, l&rsquo;Organisation de la coop\u00e9ration islamique (OCI) a condamn\u00e9 dans un communiqu\u00e9 publi\u00e9 hier \u00a0\u00bb l&rsquo;escalade des crimes quotidiens et du terrorisme organis\u00e9 perp\u00e9tr\u00e9s par des colons sionistes sous la protection des forces d&rsquo;occupation sionistes, en tirant sur les palestiniens, en d\u00e9truisant des biens et en incendiant des maisons, des v\u00e9hicules et des terres agricoles dans plusieurs villages en Cisjordanie occup\u00e9e\u00a0\u00bb. \u00ab\u00a0Il s&rsquo;agit d&rsquo;une extension de l&rsquo;agression sioniste ouverte contre le peuple palestinien, en violation flagrante du droit international humanitaire\u00a0\u00bb, souligne l&rsquo;OCI. \u00ab\u00a0L&rsquo;occupation sioniste est pleinement responsable des cons\u00e9quences de la poursuite de ces crimes et attaques quotidiennes\u00a0\u00bb, a affirm\u00e9 l&rsquo;OCI. Elle a appel\u00e9 \u00ab\u00a0la communaut\u00e9 internationale, en particulier le Conseil de s\u00e9curit\u00e9 de l&rsquo;ONU, \u00e0 assumer ses responsabilit\u00e9s quant \u00e0 la n\u00e9cessit\u00e9 d&rsquo;assurer une protection internationale au peuple palestinien\u00a0\u00bb. &nbsp;Sur un autre registre, une large campagne m\u00e9diatique a \u00e9t\u00e9 lanc\u00e9e hier par des militants et partisans de la cause palestinienne aux Etats-Unis pour d\u00e9noncer les crimes perp\u00e9tr\u00e9s contre les Palestiniens en Cisjordanie occup\u00e9e par les colons extr\u00e9mistes sionistes, sous la protection de l&rsquo;arm\u00e9e d&rsquo;occupation. Les militants ont publi\u00e9 des vid\u00e9os et des photos sur les r\u00e9seaux sociaux montrant des agressions men\u00e9es par des gangs sionistes contre les Palestiniens et leurs biens, avec le soutien et la protection des forces d\u2019occupation. Ils ont, en outre, appel\u00e9 les membres du Congr\u00e8s \u00e0 intervenir pour mettre fin \u00e0 ces attaques terroristes et forcer l&rsquo;occupation sioniste \u00e0 arr\u00eater ces groupes arm\u00e9s. Au cours des six derniers mois, plus de 700 attaques de colons sionistes contre des Palestiniens ont \u00e9t\u00e9 enregistr\u00e9es en Cisjordanie occup\u00e9e, y compris \u00e0 Al Qods-Est, selon le Bureau des Nations Unies pour la coordination des affaires humanitaires (OCHA), tandis qu&rsquo;au moins 1.244 Palestiniens, dont 600 enfants, ont \u00e9t\u00e9 d\u00e9plac\u00e9s en raison de la violence des colons sionistes et des restrictions d\u2019acc\u00e8s.<\/p>\n\n\n\n<p>Chokri Hafed<\/p>\n","protected":false},"excerpt":{"rendered":"<p>La violence de l\u2019occupation sioniste s\u2019est d\u00e9multipli\u00e9e depuis le 7 octobre aussi bien \u00e0 Ghaza qu\u2019en Cisjordanie occup\u00e9e. A Ghaza,<\/p>\n","protected":false},"author":3,"featured_media":50516,"comment_status":"open","ping_status":"closed","sticky":false,"template":"","format":"standard","meta":{"colormag_page_container_layout":"default_layout","colormag_page_sidebar_layout":"default_layout","om_disable_all_campaigns":false,"_monsterinsights_skip_tracking":false,"_monsterinsights_sitenote_active":false,"_monsterinsights_sitenote_note":"","_monsterinsights_sitenote_category":0,"footnotes":"","_wpscppro_dont_share_socialmedia":false,"_wpscppro_custom_social_share_image":0,"_facebook_share_type":"","_twitter_share_type":"","_linkedin_share_type":"","_pinterest_share_type":"","_linkedin_share_type_page":"","_instagram_share_type":"","_medium_share_type":"","_threads_share_type":"","_google_business_share_type":"","_selected_social_profile":[],"_wpsp_enable_custom_social_template":false,"_wpsp_social_scheduling":{"enabled":false,"datetime":null,"platforms":[],"status":"template_only","dateOption":"today","timeOption":"now","customDays":"","customHours":"","customDate":"","customTime":"","schedulingType":"absolute"},"_wpsp_active_default_template":true},"categories":[27],"tags":[],"class_list":["post-51235","post","type-post","status-publish","format-standard","has-post-thumbnail","hentry","category-actualite"],"aioseo_notices":[],"yoast_head":"<!-- This site is optimized with the Yoast SEO plugin v27.5 - https:\/\/yoast.com\/product\/yoast-seo-wordpress\/ -->\n<title>Palestine occup\u00e9e\u00a0: Les violences s\u2019intensifient \u00e0 Ghaza et en Cisjordanie - La Sentinelle<\/title>\n<meta name=\"robots\" content=\"index, follow, max-snippet:-1, max-image-preview:large, max-video-preview:-1\" \/>\n<link rel=\"canonical\" href=\"https:\/\/lasentinelle.dz\/index.php\/2024\/04\/15\/palestine-occupee-les-violences-sintensifient-a-ghaza-et-en-cisjordanie\/\" \/>\n<meta property=\"og:locale\" content=\"fr_FR\" \/>\n<meta property=\"og:type\" content=\"article\" \/>\n<meta property=\"og:title\" content=\"Palestine occup\u00e9e\u00a0: Les violences s\u2019intensifient \u00e0 Ghaza et en Cisjordanie - La Sentinelle\" \/>\n<meta property=\"og:description\" content=\"La violence de l\u2019occupation sioniste s\u2019est d\u00e9multipli\u00e9e depuis le 7 octobre aussi bien \u00e0 Ghaza qu\u2019en Cisjordanie occup\u00e9e. A Ghaza,\" \/>\n<meta property=\"og:url\" content=\"https:\/\/lasentinelle.dz\/index.php\/2024\/04\/15\/palestine-occupee-les-violences-sintensifient-a-ghaza-et-en-cisjordanie\/\" \/>\n<meta property=\"og:site_name\" content=\"La Sentinelle\" \/>\n<meta property=\"article:publisher\" content=\"https:\/\/www.facebook.com\/La-Sentinelle-104059864394773\" \/>\n<meta property=\"article:published_time\" content=\"2024-04-15T12:05:05+00:00\" \/>\n<meta property=\"article:modified_time\" content=\"2024-04-15T12:05:17+00:00\" \/>\n<meta property=\"og:image\" content=\"https:\/\/lasentinelle.dz\/wp-content\/uploads\/2024\/03\/enfants-Ghaza-1.jpeg\" \/>\n\t<meta property=\"og:image:width\" content=\"1000\" \/>\n\t<meta property=\"og:image:height\" content=\"560\" \/>\n\t<meta property=\"og:image:type\" content=\"image\/jpeg\" \/>\n<meta name=\"author\" content=\"La Sentinelle\" \/>\n<meta name=\"twitter:card\" content=\"summary_large_image\" \/>\n<meta name=\"twitter:label1\" content=\"\u00c9crit par\" \/>\n\t<meta name=\"twitter:data1\" content=\"La Sentinelle\" \/>\n\t<meta name=\"twitter:label2\" content=\"Dur\u00e9e de lecture estim\u00e9e\" \/>\n\t<meta name=\"twitter:data2\" content=\"4 minutes\" \/>\n<script type=\"application\/ld+json\" class=\"yoast-schema-graph\">{\"@context\":\"https:\\\/\\\/schema.org\",\"@graph\":[{\"@type\":\"Article\",\"@id\":\"https:\\\/\\\/lasentinelle.dz\\\/index.php\\\/2024\\\/04\\\/15\\\/palestine-occupee-les-violences-sintensifient-a-ghaza-et-en-cisjordanie\\\/#article\",\"isPartOf\":{\"@id\":\"https:\\\/\\\/lasentinelle.dz\\\/index.php\\\/2024\\\/04\\\/15\\\/palestine-occupee-les-violences-sintensifient-a-ghaza-et-en-cisjordanie\\\/\"},\"author\":{\"name\":\"La Sentinelle\",\"@id\":\"https:\\\/\\\/lasentinelle.dz\\\/#\\\/schema\\\/person\\\/d865044e22e70a75174ce8bcad3acfb3\"},\"headline\":\"Palestine occup\u00e9e\u00a0: Les violences s\u2019intensifient \u00e0 Ghaza et en Cisjordanie\",\"datePublished\":\"2024-04-15T12:05:05+00:00\",\"dateModified\":\"2024-04-15T12:05:17+00:00\",\"mainEntityOfPage\":{\"@id\":\"https:\\\/\\\/lasentinelle.dz\\\/index.php\\\/2024\\\/04\\\/15\\\/palestine-occupee-les-violences-sintensifient-a-ghaza-et-en-cisjordanie\\\/\"},\"wordCount\":715,\"commentCount\":0,\"publisher\":{\"@id\":\"https:\\\/\\\/lasentinelle.dz\\\/#organization\"},\"image\":{\"@id\":\"https:\\\/\\\/lasentinelle.dz\\\/index.php\\\/2024\\\/04\\\/15\\\/palestine-occupee-les-violences-sintensifient-a-ghaza-et-en-cisjordanie\\\/#primaryimage\"},\"thumbnailUrl\":\"https:\\\/\\\/lasentinelle.dz\\\/wp-content\\\/uploads\\\/2024\\\/03\\\/enfants-Ghaza-1.jpeg\",\"articleSection\":[\"Actualit\u00e9\"],\"inLanguage\":\"fr-FR\",\"potentialAction\":[{\"@type\":\"CommentAction\",\"name\":\"Comment\",\"target\":[\"https:\\\/\\\/lasentinelle.dz\\\/index.php\\\/2024\\\/04\\\/15\\\/palestine-occupee-les-violences-sintensifient-a-ghaza-et-en-cisjordanie\\\/#respond\"]}]},{\"@type\":\"WebPage\",\"@id\":\"https:\\\/\\\/lasentinelle.dz\\\/index.php\\\/2024\\\/04\\\/15\\\/palestine-occupee-les-violences-sintensifient-a-ghaza-et-en-cisjordanie\\\/\",\"url\":\"https:\\\/\\\/lasentinelle.dz\\\/index.php\\\/2024\\\/04\\\/15\\\/palestine-occupee-les-violences-sintensifient-a-ghaza-et-en-cisjordanie\\\/\",\"name\":\"Palestine occup\u00e9e\u00a0: Les violences s\u2019intensifient \u00e0 Ghaza et en Cisjordanie - La Sentinelle\",\"isPartOf\":{\"@id\":\"https:\\\/\\\/lasentinelle.dz\\\/#website\"},\"primaryImageOfPage\":{\"@id\":\"https:\\\/\\\/lasentinelle.dz\\\/index.php\\\/2024\\\/04\\\/15\\\/palestine-occupee-les-violences-sintensifient-a-ghaza-et-en-cisjordanie\\\/#primaryimage\"},\"image\":{\"@id\":\"https:\\\/\\\/lasentinelle.dz\\\/index.php\\\/2024\\\/04\\\/15\\\/palestine-occupee-les-violences-sintensifient-a-ghaza-et-en-cisjordanie\\\/#primaryimage\"},\"thumbnailUrl\":\"https:\\\/\\\/lasentinelle.dz\\\/wp-content\\\/uploads\\\/2024\\\/03\\\/enfants-Ghaza-1.jpeg\",\"datePublished\":\"2024-04-15T12:05:05+00:00\",\"dateModified\":\"2024-04-15T12:05:17+00:00\",\"breadcrumb\":{\"@id\":\"https:\\\/\\\/lasentinelle.dz\\\/index.php\\\/2024\\\/04\\\/15\\\/palestine-occupee-les-violences-sintensifient-a-ghaza-et-en-cisjordanie\\\/#breadcrumb\"},\"inLanguage\":\"fr-FR\",\"potentialAction\":[{\"@type\":\"ReadAction\",\"target\":[\"https:\\\/\\\/lasentinelle.dz\\\/index.php\\\/2024\\\/04\\\/15\\\/palestine-occupee-les-violences-sintensifient-a-ghaza-et-en-cisjordanie\\\/\"]}]},{\"@type\":\"ImageObject\",\"inLanguage\":\"fr-FR\",\"@id\":\"https:\\\/\\\/lasentinelle.dz\\\/index.php\\\/2024\\\/04\\\/15\\\/palestine-occupee-les-violences-sintensifient-a-ghaza-et-en-cisjordanie\\\/#primaryimage\",\"url\":\"https:\\\/\\\/lasentinelle.dz\\\/wp-content\\\/uploads\\\/2024\\\/03\\\/enfants-Ghaza-1.jpeg\",\"contentUrl\":\"https:\\\/\\\/lasentinelle.dz\\\/wp-content\\\/uploads\\\/2024\\\/03\\\/enfants-Ghaza-1.jpeg\",\"width\":1000,\"height\":560},{\"@type\":\"BreadcrumbList\",\"@id\":\"https:\\\/\\\/lasentinelle.dz\\\/index.php\\\/2024\\\/04\\\/15\\\/palestine-occupee-les-violences-sintensifient-a-ghaza-et-en-cisjordanie\\\/#breadcrumb\",\"itemListElement\":[{\"@type\":\"ListItem\",\"position\":1,\"name\":\"Accueil\",\"item\":\"https:\\\/\\\/lasentinelle.dz\\\/\"},{\"@type\":\"ListItem\",\"position\":2,\"name\":\"Palestine occup\u00e9e\u00a0: Les violences s\u2019intensifient \u00e0 Ghaza et en Cisjordanie\"}]},{\"@type\":\"WebSite\",\"@id\":\"https:\\\/\\\/lasentinelle.dz\\\/#website\",\"url\":\"https:\\\/\\\/lasentinelle.dz\\\/\",\"name\":\"La Sentinelle\",\"description\":\"Quotidien national d&#039;information\",\"publisher\":{\"@id\":\"https:\\\/\\\/lasentinelle.dz\\\/#organization\"},\"potentialAction\":[{\"@type\":\"SearchAction\",\"target\":{\"@type\":\"EntryPoint\",\"urlTemplate\":\"https:\\\/\\\/lasentinelle.dz\\\/?s={search_term_string}\"},\"query-input\":{\"@type\":\"PropertyValueSpecification\",\"valueRequired\":true,\"valueName\":\"search_term_string\"}}],\"inLanguage\":\"fr-FR\"},{\"@type\":\"Organization\",\"@id\":\"https:\\\/\\\/lasentinelle.dz\\\/#organization\",\"name\":\"Quotidien La Sentinelle\",\"url\":\"https:\\\/\\\/lasentinelle.dz\\\/\",\"logo\":{\"@type\":\"ImageObject\",\"inLanguage\":\"fr-FR\",\"@id\":\"https:\\\/\\\/lasentinelle.dz\\\/#\\\/schema\\\/logo\\\/image\\\/\",\"url\":\"https:\\\/\\\/lasentinelle.dz\\\/wp-content\\\/uploads\\\/2021\\\/09\\\/logo-sentinelleSLOGAN-1.png\",\"contentUrl\":\"https:\\\/\\\/lasentinelle.dz\\\/wp-content\\\/uploads\\\/2021\\\/09\\\/logo-sentinelleSLOGAN-1.png\",\"width\":615,\"height\":142,\"caption\":\"Quotidien La Sentinelle\"},\"image\":{\"@id\":\"https:\\\/\\\/lasentinelle.dz\\\/#\\\/schema\\\/logo\\\/image\\\/\"},\"sameAs\":[\"https:\\\/\\\/www.facebook.com\\\/La-Sentinelle-104059864394773\"]},{\"@type\":\"Person\",\"@id\":\"https:\\\/\\\/lasentinelle.dz\\\/#\\\/schema\\\/person\\\/d865044e22e70a75174ce8bcad3acfb3\",\"name\":\"La Sentinelle\",\"image\":{\"@type\":\"ImageObject\",\"inLanguage\":\"fr-FR\",\"@id\":\"https:\\\/\\\/secure.gravatar.com\\\/avatar\\\/57de8e5d4b15d43fb361a71fbb36338450fe67865b528a43dd10ef7c51a20392?s=96&d=mm&r=g\",\"url\":\"https:\\\/\\\/secure.gravatar.com\\\/avatar\\\/57de8e5d4b15d43fb361a71fbb36338450fe67865b528a43dd10ef7c51a20392?s=96&d=mm&r=g\",\"contentUrl\":\"https:\\\/\\\/secure.gravatar.com\\\/avatar\\\/57de8e5d4b15d43fb361a71fbb36338450fe67865b528a43dd10ef7c51a20392?s=96&d=mm&r=g\",\"caption\":\"La Sentinelle\"},\"sameAs\":[\"http:\\\/\\\/www.lasentinelle.dz\"],\"url\":\"https:\\\/\\\/lasentinelle.dz\\\/author\\\/redaction\\\/\"}]}<\/script>\n<!-- \/ Yoast SEO plugin. -->","yoast_head_json":{"title":"Palestine occup\u00e9e\u00a0: Les violences s\u2019intensifient \u00e0 Ghaza et en Cisjordanie - La Sentinelle","robots":{"index":"index","follow":"follow","max-snippet":"max-snippet:-1","max-image-preview":"max-image-preview:large","max-video-preview":"max-video-preview:-1"},"canonical":"https:\/\/lasentinelle.dz\/index.php\/2024\/04\/15\/palestine-occupee-les-violences-sintensifient-a-ghaza-et-en-cisjordanie\/","og_locale":"fr_FR","og_type":"article","og_title":"Palestine occup\u00e9e\u00a0: Les violences s\u2019intensifient \u00e0 Ghaza et en Cisjordanie - La Sentinelle","og_description":"La violence de l\u2019occupation sioniste s\u2019est d\u00e9multipli\u00e9e depuis le 7 octobre aussi bien \u00e0 Ghaza qu\u2019en Cisjordanie occup\u00e9e. A Ghaza,","og_url":"https:\/\/lasentinelle.dz\/index.php\/2024\/04\/15\/palestine-occupee-les-violences-sintensifient-a-ghaza-et-en-cisjordanie\/","og_site_name":"La Sentinelle","article_publisher":"https:\/\/www.facebook.com\/La-Sentinelle-104059864394773","article_published_time":"2024-04-15T12:05:05+00:00","article_modified_time":"2024-04-15T12:05:17+00:00","og_image":[{"width":1000,"height":560,"url":"https:\/\/lasentinelle.dz\/wp-content\/uploads\/2024\/03\/enfants-Ghaza-1.jpeg","type":"image\/jpeg"}],"author":"La Sentinelle","twitter_card":"summary_large_image","twitter_misc":{"\u00c9crit par":"La Sentinelle","Dur\u00e9e de lecture estim\u00e9e":"4 minutes"},"schema":{"@context":"https:\/\/schema.org","@graph":[{"@type":"Article","@id":"https:\/\/lasentinelle.dz\/index.php\/2024\/04\/15\/palestine-occupee-les-violences-sintensifient-a-ghaza-et-en-cisjordanie\/#article","isPartOf":{"@id":"https:\/\/lasentinelle.dz\/index.php\/2024\/04\/15\/palestine-occupee-les-violences-sintensifient-a-ghaza-et-en-cisjordanie\/"},"author":{"name":"La Sentinelle","@id":"https:\/\/lasentinelle.dz\/#\/schema\/person\/d865044e22e70a75174ce8bcad3acfb3"},"headline":"Palestine occup\u00e9e\u00a0: Les violences s\u2019intensifient \u00e0 Ghaza et en Cisjordanie","datePublished":"2024-04-15T12:05:05+00:00","dateModified":"2024-04-15T12:05:17+00:00","mainEntityOfPage":{"@id":"https:\/\/lasentinelle.dz\/index.php\/2024\/04\/15\/palestine-occupee-les-violences-sintensifient-a-ghaza-et-en-cisjordanie\/"},"wordCount":715,"commentCount":0,"publisher":{"@id":"https:\/\/lasentinelle.dz\/#organization"},"image":{"@id":"https:\/\/lasentinelle.dz\/index.php\/2024\/04\/15\/palestine-occupee-les-violences-sintensifient-a-ghaza-et-en-cisjordanie\/#primaryimage"},"thumbnailUrl":"https:\/\/lasentinelle.dz\/wp-content\/uploads\/2024\/03\/enfants-Ghaza-1.jpeg","articleSection":["Actualit\u00e9"],"inLanguage":"fr-FR","potentialAction":[{"@type":"CommentAction","name":"Comment","target":["https:\/\/lasentinelle.dz\/index.php\/2024\/04\/15\/palestine-occupee-les-violences-sintensifient-a-ghaza-et-en-cisjordanie\/#respond"]}]},{"@type":"WebPage","@id":"https:\/\/lasentinelle.dz\/index.php\/2024\/04\/15\/palestine-occupee-les-violences-sintensifient-a-ghaza-et-en-cisjordanie\/","url":"https:\/\/lasentinelle.dz\/index.php\/2024\/04\/15\/palestine-occupee-les-violences-sintensifient-a-ghaza-et-en-cisjordanie\/","name":"Palestine occup\u00e9e\u00a0: Les violences s\u2019intensifient \u00e0 Ghaza et en Cisjordanie - La Sentinelle","isPartOf":{"@id":"https:\/\/lasentinelle.dz\/#website"},"primaryImageOfPage":{"@id":"https:\/\/lasentinelle.dz\/index.php\/2024\/04\/15\/palestine-occupee-les-violences-sintensifient-a-ghaza-et-en-cisjordanie\/#primaryimage"},"image":{"@id":"https:\/\/lasentinelle.dz\/index.php\/2024\/04\/15\/palestine-occupee-les-violences-sintensifient-a-ghaza-et-en-cisjordanie\/#primaryimage"},"thumbnailUrl":"https:\/\/lasentinelle.dz\/wp-content\/uploads\/2024\/03\/enfants-Ghaza-1.jpeg","datePublished":"2024-04-15T12:05:05+00:00","dateModified":"2024-04-15T12:05:17+00:00","breadcrumb":{"@id":"https:\/\/lasentinelle.dz\/index.php\/2024\/04\/15\/palestine-occupee-les-violences-sintensifient-a-ghaza-et-en-cisjordanie\/#breadcrumb"},"inLanguage":"fr-FR","potentialAction":[{"@type":"ReadAction","target":["https:\/\/lasentinelle.dz\/index.php\/2024\/04\/15\/palestine-occupee-les-violences-sintensifient-a-ghaza-et-en-cisjordanie\/"]}]},{"@type":"ImageObject","inLanguage":"fr-FR","@id":"https:\/\/lasentinelle.dz\/index.php\/2024\/04\/15\/palestine-occupee-les-violences-sintensifient-a-ghaza-et-en-cisjordanie\/#primaryimage","url":"https:\/\/lasentinelle.dz\/wp-content\/uploads\/2024\/03\/enfants-Ghaza-1.jpeg","contentUrl":"https:\/\/lasentinelle.dz\/wp-content\/uploads\/2024\/03\/enfants-Ghaza-1.jpeg","width":1000,"height":560},{"@type":"BreadcrumbList","@id":"https:\/\/lasentinelle.dz\/index.php\/2024\/04\/15\/palestine-occupee-les-violences-sintensifient-a-ghaza-et-en-cisjordanie\/#breadcrumb","itemListElement":[{"@type":"ListItem","position":1,"name":"Accueil","item":"https:\/\/lasentinelle.dz\/"},{"@type":"ListItem","position":2,"name":"Palestine occup\u00e9e\u00a0: Les violences s\u2019intensifient \u00e0 Ghaza et en Cisjordanie"}]},{"@type":"WebSite","@id":"https:\/\/lasentinelle.dz\/#website","url":"https:\/\/lasentinelle.dz\/","name":"La Sentinelle","description":"Quotidien national d&#039;information","publisher":{"@id":"https:\/\/lasentinelle.dz\/#organization"},"potentialAction":[{"@type":"SearchAction","target":{"@type":"EntryPoint","urlTemplate":"https:\/\/lasentinelle.dz\/?s={search_term_string}"},"query-input":{"@type":"PropertyValueSpecification","valueRequired":true,"valueName":"search_term_string"}}],"inLanguage":"fr-FR"},{"@type":"Organization","@id":"https:\/\/lasentinelle.dz\/#organization","name":"Quotidien La Sentinelle","url":"https:\/\/lasentinelle.dz\/","logo":{"@type":"ImageObject","inLanguage":"fr-FR","@id":"https:\/\/lasentinelle.dz\/#\/schema\/logo\/image\/","url":"https:\/\/lasentinelle.dz\/wp-content\/uploads\/2021\/09\/logo-sentinelleSLOGAN-1.png","contentUrl":"https:\/\/lasentinelle.dz\/wp-content\/uploads\/2021\/09\/logo-sentinelleSLOGAN-1.png","width":615,"height":142,"caption":"Quotidien La Sentinelle"},"image":{"@id":"https:\/\/lasentinelle.dz\/#\/schema\/logo\/image\/"},"sameAs":["https:\/\/www.facebook.com\/La-Sentinelle-104059864394773"]},{"@type":"Person","@id":"https:\/\/lasentinelle.dz\/#\/schema\/person\/d865044e22e70a75174ce8bcad3acfb3","name":"La Sentinelle","image":{"@type":"ImageObject","inLanguage":"fr-FR","@id":"https:\/\/secure.gravatar.com\/avatar\/57de8e5d4b15d43fb361a71fbb36338450fe67865b528a43dd10ef7c51a20392?s=96&d=mm&r=g","url":"https:\/\/secure.gravatar.com\/avatar\/57de8e5d4b15d43fb361a71fbb36338450fe67865b528a43dd10ef7c51a20392?s=96&d=mm&r=g","contentUrl":"https:\/\/secure.gravatar.com\/avatar\/57de8e5d4b15d43fb361a71fbb36338450fe67865b528a43dd10ef7c51a20392?s=96&d=mm&r=g","caption":"La Sentinelle"},"sameAs":["http:\/\/www.lasentinelle.dz"],"url":"https:\/\/lasentinelle.dz\/author\/redaction\/"}]}},"_links":{"self":[{"href":"https:\/\/lasentinelle.dz\/index.php\/wp-json\/wp\/v2\/posts\/51235","targetHints":{"allow":["GET"]}}],"collection":[{"href":"https:\/\/lasentinelle.dz\/index.php\/wp-json\/wp\/v2\/posts"}],"about":[{"href":"https:\/\/lasentinelle.dz\/index.php\/wp-json\/wp\/v2\/types\/post"}],"author":[{"embeddable":true,"href":"https:\/\/lasentinelle.dz\/index.php\/wp-json\/wp\/v2\/users\/3"}],"replies":[{"embeddable":true,"href":"https:\/\/lasentinelle.dz\/index.php\/wp-json\/wp\/v2\/comments?post=51235"}],"version-history":[{"count":1,"href":"https:\/\/lasentinelle.dz\/index.php\/wp-json\/wp\/v2\/posts\/51235\/revisions"}],"predecessor-version":[{"id":51236,"href":"https:\/\/lasentinelle.dz\/index.php\/wp-json\/wp\/v2\/posts\/51235\/revisions\/51236"}],"wp:featuredmedia":[{"embeddable":true,"href":"https:\/\/lasentinelle.dz\/index.php\/wp-json\/wp\/v2\/media\/50516"}],"wp:attachment":[{"href":"https:\/\/lasentinelle.dz\/index.php\/wp-json\/wp\/v2\/media?parent=51235"}],"wp:term":[{"taxonomy":"category","embeddable":true,"href":"https:\/\/lasentinelle.dz\/index.php\/wp-json\/wp\/v2\/categories?post=51235"},{"taxonomy":"post_tag","embeddable":true,"href":"https:\/\/lasentinelle.dz\/index.php\/wp-json\/wp\/v2\/tags?post=51235"}],"curies":[{"name":"wp","href":"https:\/\/api.w.org\/{rel}","templated":true}]}}