{"id":51257,"date":"2024-04-16T14:22:52","date_gmt":"2024-04-16T13:22:52","guid":{"rendered":"https:\/\/lasentinelle.dz\/?p=51257"},"modified":"2024-04-16T14:22:59","modified_gmt":"2024-04-16T13:22:59","slug":"equipe-nationale-petkovic-a-la-recherche-de-nouveaux-talents","status":"publish","type":"post","link":"https:\/\/lasentinelle.dz\/index.php\/2024\/04\/16\/equipe-nationale-petkovic-a-la-recherche-de-nouveaux-talents\/","title":{"rendered":"\u00c9quipe nationale\u00a0: Petkovic \u00e0 la recherche de nouveaux talents"},"content":{"rendered":"\n<p>Le S\u00e9lectionneur national a entam\u00e9 une tourn\u00e9e de prospection \u00e0 la recherche de nouveaux talents pour renforcer sa formation. Il a commenc\u00e9 ce week-end par faire le tour de quelques clubs de la Ligue 1. Sa tourn\u00e9e pourrait \u00e9galement le conduire \u00e0 prospecter des clubs en Europe.<\/p>\n\n\n\n<p>Le S\u00e9lectionneur national Vladimir Petkovic fait le tour des clubs de la Ligue 1. Il a entam\u00e9 sa tourn\u00e9e de prospection au stade du 5 juillet l\u2019occasion du dernier huiti\u00e8me de finale de la coupe d\u2019Alg\u00e9rie vendredi lors duquel l\u2019USM Alger a lamin\u00e9 le RC Bougaa et s\u2019est impos\u00e9 sur le score de 7 \u00e0 0, avant de se rendre le lendemain \u00e0 Oran pour le quart de final opposant le CS Constantine \u00e0 l\u2019ES Ben Aknoun. Le technicien helv\u00e9tico-bosnien a \u00e9galement assist\u00e9 en compagnie de ses adjoints aux entrainements du MC Oran, ainsi que de l\u2019ASO Chlef. Lors du match de vendredi Petkovic a eu l\u2019occasion de mieux observer plusieurs joueurs usmistes \u00e0 l\u2019image du gardien Oussama Benbot et du capitaine Zineddine Belaid, convoqu\u00e9s sans jouer en mars, mais aussi Brahim Benzaza et le jeune d\u00e9fenseur central Abdessamed Bounacer (19 ans) jamais appel\u00e9s en s\u00e9lection.<\/p>\n\n\n\n<p>Samedi , le sexag\u00e9naire a poursuivi ses rep\u00e9rages \u00e0 Oran pour la deuxi\u00e8me \u00e9tape de sa tourn\u00e9e au stade Miloud Hadefi, lequel a vu le CS Constantine et l\u2019ES Ben Aknoun s\u2019affronter dans le cadre des quarts de finale de la Coupe (0-0). Dimanche matin, le s\u00e9lectionneur national s\u2019est d\u00e9plac\u00e9 au stade Miloud Hadefi pour suivre de pr\u00e9s la s\u00e9ance d\u2019entrainement effectu\u00e9e par la formation du MC Oran. L\u2019occasion pour le coach national de saluer les joueurs Oranais et d\u2019\u00e9changer durant quelques minutes avec l\u2019entraineur de l\u2019\u00e9quipe, en l\u2019occurrence, Youcef Bouzidi.<\/p>\n\n\n\n<p>Avec ses assistants, Davide Morandi, Nabil Neghiz et Paolo Rongoni, Petkovic a suivi une grande partie de cette s\u00e9ance d\u2019entrainement avant de quitter les lieux, indique la FAF<\/p>\n\n\n\n<p>Apr\u00e8s 24h pass\u00e9es \u00e0 Oran, le staff s\u2019est sont d\u00e9plac\u00e9 vers la ville de Chlef pour suivre de pr\u00e8s, cette fois-ci la s\u00e9ance d\u2019entrainement de l\u2019ASO Chlef, qui s\u2019est d\u00e9roul\u00e9e durant l\u2019apr\u00e8s-midi de dimanche au niveau du terrain principal du stade Mohamed Boumezrag. Tout comme avec le MC Oran, le coach national, a eu \u00e0 s\u2019entretenir avec les joueurs de l\u2019ASO et par la suite, plus longuement avec le coach Ch\u00e9lifien, Cherif Hadjar.<\/p>\n\n\n\n<p>Ces rep\u00e9rages entrent, clairement, dans le cadre d\u2019une d\u00e9marche de refonte de la s\u00e9lection nationale, de son rajeunissement et de son renforcement d\u2019autant plus que le technicien doit rem\u00e9dier \u00e0 certaines probl\u00e9matiques et lacunes, r\u00e9v\u00e9l\u00e9es lors de la derni\u00e8re date FIFA notamment en ce qui concerne l\u2019axe de la d\u00e9fense. Alors que ces rep\u00e9rages sont entam\u00e9es \u00e0 deux mois es prochaines \u00e9ch\u00e9ances li\u00e9es aux \u00c9liminatoires du Mondial 2026 pr\u00e9vues en juin, la d\u00e9marche du coach se place dans une optique de moyen-long terme. En effet, le tacticien avait signifi\u00e9 le mois dernier qu&rsquo;il ne s\u00e9lectionnera pas de nouveaux joueurs en juin, en perspective des matchs contre la Guin\u00e9e et l\u2019Ouganda, comptant pour les \u00e9liminatoires de la Coupe du monde 2026. Mais tout reste possible.<\/p>\n\n\n\n<p>Moncef Dahleb<\/p>\n","protected":false},"excerpt":{"rendered":"<p>Le S\u00e9lectionneur national a entam\u00e9 une tourn\u00e9e de prospection \u00e0 la recherche de nouveaux talents pour renforcer sa formation. Il<\/p>\n","protected":false},"author":3,"featured_media":51258,"comment_status":"open","ping_status":"closed","sticky":false,"template":"","format":"standard","meta":{"colormag_page_container_layout":"default_layout","colormag_page_sidebar_layout":"default_layout","om_disable_all_campaigns":false,"_monsterinsights_skip_tracking":false,"_monsterinsights_sitenote_active":false,"_monsterinsights_sitenote_note":"","_monsterinsights_sitenote_category":0,"footnotes":"","_wpscppro_dont_share_socialmedia":false,"_wpscppro_custom_social_share_image":0,"_facebook_share_type":"","_twitter_share_type":"","_linkedin_share_type":"","_pinterest_share_type":"","_linkedin_share_type_page":"","_instagram_share_type":"","_medium_share_type":"","_threads_share_type":"","_google_business_share_type":"","_selected_social_profile":[],"_wpsp_enable_custom_social_template":false,"_wpsp_social_scheduling":{"enabled":false,"datetime":null,"platforms":[],"status":"template_only","dateOption":"today","timeOption":"now","customDays":"","customHours":"","customDate":"","customTime":"","schedulingType":"absolute"},"_wpsp_active_default_template":true},"categories":[52,33],"tags":[],"class_list":["post-51257","post","type-post","status-publish","format-standard","has-post-thumbnail","hentry","category-a-la-une","category-sports"],"aioseo_notices":[],"yoast_head":"<!-- This site is optimized with the Yoast SEO plugin v27.5 - https:\/\/yoast.com\/product\/yoast-seo-wordpress\/ -->\n<title>\u00c9quipe nationale\u00a0: Petkovic \u00e0 la recherche de nouveaux talents - La Sentinelle<\/title>\n<meta name=\"robots\" content=\"index, follow, max-snippet:-1, max-image-preview:large, max-video-preview:-1\" \/>\n<link rel=\"canonical\" href=\"https:\/\/lasentinelle.dz\/index.php\/2024\/04\/16\/equipe-nationale-petkovic-a-la-recherche-de-nouveaux-talents\/\" \/>\n<meta property=\"og:locale\" content=\"fr_FR\" \/>\n<meta property=\"og:type\" content=\"article\" \/>\n<meta property=\"og:title\" content=\"\u00c9quipe nationale\u00a0: Petkovic \u00e0 la recherche de nouveaux talents - La Sentinelle\" \/>\n<meta property=\"og:description\" content=\"Le S\u00e9lectionneur national a entam\u00e9 une tourn\u00e9e de prospection \u00e0 la recherche de nouveaux talents pour renforcer sa formation. Il\" \/>\n<meta property=\"og:url\" content=\"https:\/\/lasentinelle.dz\/index.php\/2024\/04\/16\/equipe-nationale-petkovic-a-la-recherche-de-nouveaux-talents\/\" \/>\n<meta property=\"og:site_name\" content=\"La Sentinelle\" \/>\n<meta property=\"article:publisher\" content=\"https:\/\/www.facebook.com\/La-Sentinelle-104059864394773\" \/>\n<meta property=\"article:published_time\" content=\"2024-04-16T13:22:52+00:00\" \/>\n<meta property=\"article:modified_time\" content=\"2024-04-16T13:22:59+00:00\" \/>\n<meta property=\"og:image\" content=\"https:\/\/lasentinelle.dz\/wp-content\/uploads\/2024\/04\/petkovic.jpeg\" \/>\n\t<meta property=\"og:image:width\" content=\"2400\" \/>\n\t<meta property=\"og:image:height\" content=\"1600\" \/>\n\t<meta property=\"og:image:type\" content=\"image\/jpeg\" \/>\n<meta name=\"author\" content=\"La Sentinelle\" \/>\n<meta name=\"twitter:card\" content=\"summary_large_image\" \/>\n<meta name=\"twitter:label1\" content=\"\u00c9crit par\" \/>\n\t<meta name=\"twitter:data1\" content=\"La Sentinelle\" \/>\n\t<meta name=\"twitter:label2\" content=\"Dur\u00e9e de lecture estim\u00e9e\" \/>\n\t<meta name=\"twitter:data2\" content=\"3 minutes\" \/>\n<script type=\"application\/ld+json\" class=\"yoast-schema-graph\">{\"@context\":\"https:\\\/\\\/schema.org\",\"@graph\":[{\"@type\":\"Article\",\"@id\":\"https:\\\/\\\/lasentinelle.dz\\\/index.php\\\/2024\\\/04\\\/16\\\/equipe-nationale-petkovic-a-la-recherche-de-nouveaux-talents\\\/#article\",\"isPartOf\":{\"@id\":\"https:\\\/\\\/lasentinelle.dz\\\/index.php\\\/2024\\\/04\\\/16\\\/equipe-nationale-petkovic-a-la-recherche-de-nouveaux-talents\\\/\"},\"author\":{\"name\":\"La Sentinelle\",\"@id\":\"https:\\\/\\\/lasentinelle.dz\\\/#\\\/schema\\\/person\\\/d865044e22e70a75174ce8bcad3acfb3\"},\"headline\":\"\u00c9quipe nationale\u00a0: Petkovic \u00e0 la recherche de nouveaux talents\",\"datePublished\":\"2024-04-16T13:22:52+00:00\",\"dateModified\":\"2024-04-16T13:22:59+00:00\",\"mainEntityOfPage\":{\"@id\":\"https:\\\/\\\/lasentinelle.dz\\\/index.php\\\/2024\\\/04\\\/16\\\/equipe-nationale-petkovic-a-la-recherche-de-nouveaux-talents\\\/\"},\"wordCount\":578,\"commentCount\":0,\"publisher\":{\"@id\":\"https:\\\/\\\/lasentinelle.dz\\\/#organization\"},\"image\":{\"@id\":\"https:\\\/\\\/lasentinelle.dz\\\/index.php\\\/2024\\\/04\\\/16\\\/equipe-nationale-petkovic-a-la-recherche-de-nouveaux-talents\\\/#primaryimage\"},\"thumbnailUrl\":\"https:\\\/\\\/lasentinelle.dz\\\/wp-content\\\/uploads\\\/2024\\\/04\\\/petkovic.jpeg\",\"articleSection\":[\"\u00c0 la Une\",\"Sports\"],\"inLanguage\":\"fr-FR\",\"potentialAction\":[{\"@type\":\"CommentAction\",\"name\":\"Comment\",\"target\":[\"https:\\\/\\\/lasentinelle.dz\\\/index.php\\\/2024\\\/04\\\/16\\\/equipe-nationale-petkovic-a-la-recherche-de-nouveaux-talents\\\/#respond\"]}]},{\"@type\":\"WebPage\",\"@id\":\"https:\\\/\\\/lasentinelle.dz\\\/index.php\\\/2024\\\/04\\\/16\\\/equipe-nationale-petkovic-a-la-recherche-de-nouveaux-talents\\\/\",\"url\":\"https:\\\/\\\/lasentinelle.dz\\\/index.php\\\/2024\\\/04\\\/16\\\/equipe-nationale-petkovic-a-la-recherche-de-nouveaux-talents\\\/\",\"name\":\"\u00c9quipe nationale\u00a0: Petkovic \u00e0 la recherche de nouveaux talents - La Sentinelle\",\"isPartOf\":{\"@id\":\"https:\\\/\\\/lasentinelle.dz\\\/#website\"},\"primaryImageOfPage\":{\"@id\":\"https:\\\/\\\/lasentinelle.dz\\\/index.php\\\/2024\\\/04\\\/16\\\/equipe-nationale-petkovic-a-la-recherche-de-nouveaux-talents\\\/#primaryimage\"},\"image\":{\"@id\":\"https:\\\/\\\/lasentinelle.dz\\\/index.php\\\/2024\\\/04\\\/16\\\/equipe-nationale-petkovic-a-la-recherche-de-nouveaux-talents\\\/#primaryimage\"},\"thumbnailUrl\":\"https:\\\/\\\/lasentinelle.dz\\\/wp-content\\\/uploads\\\/2024\\\/04\\\/petkovic.jpeg\",\"datePublished\":\"2024-04-16T13:22:52+00:00\",\"dateModified\":\"2024-04-16T13:22:59+00:00\",\"breadcrumb\":{\"@id\":\"https:\\\/\\\/lasentinelle.dz\\\/index.php\\\/2024\\\/04\\\/16\\\/equipe-nationale-petkovic-a-la-recherche-de-nouveaux-talents\\\/#breadcrumb\"},\"inLanguage\":\"fr-FR\",\"potentialAction\":[{\"@type\":\"ReadAction\",\"target\":[\"https:\\\/\\\/lasentinelle.dz\\\/index.php\\\/2024\\\/04\\\/16\\\/equipe-nationale-petkovic-a-la-recherche-de-nouveaux-talents\\\/\"]}]},{\"@type\":\"ImageObject\",\"inLanguage\":\"fr-FR\",\"@id\":\"https:\\\/\\\/lasentinelle.dz\\\/index.php\\\/2024\\\/04\\\/16\\\/equipe-nationale-petkovic-a-la-recherche-de-nouveaux-talents\\\/#primaryimage\",\"url\":\"https:\\\/\\\/lasentinelle.dz\\\/wp-content\\\/uploads\\\/2024\\\/04\\\/petkovic.jpeg\",\"contentUrl\":\"https:\\\/\\\/lasentinelle.dz\\\/wp-content\\\/uploads\\\/2024\\\/04\\\/petkovic.jpeg\",\"width\":2400,\"height\":1600},{\"@type\":\"BreadcrumbList\",\"@id\":\"https:\\\/\\\/lasentinelle.dz\\\/index.php\\\/2024\\\/04\\\/16\\\/equipe-nationale-petkovic-a-la-recherche-de-nouveaux-talents\\\/#breadcrumb\",\"itemListElement\":[{\"@type\":\"ListItem\",\"position\":1,\"name\":\"Accueil\",\"item\":\"https:\\\/\\\/lasentinelle.dz\\\/\"},{\"@type\":\"ListItem\",\"position\":2,\"name\":\"\u00c9quipe nationale\u00a0: Petkovic \u00e0 la recherche de nouveaux talents\"}]},{\"@type\":\"WebSite\",\"@id\":\"https:\\\/\\\/lasentinelle.dz\\\/#website\",\"url\":\"https:\\\/\\\/lasentinelle.dz\\\/\",\"name\":\"La Sentinelle\",\"description\":\"Quotidien national d&#039;information\",\"publisher\":{\"@id\":\"https:\\\/\\\/lasentinelle.dz\\\/#organization\"},\"potentialAction\":[{\"@type\":\"SearchAction\",\"target\":{\"@type\":\"EntryPoint\",\"urlTemplate\":\"https:\\\/\\\/lasentinelle.dz\\\/?s={search_term_string}\"},\"query-input\":{\"@type\":\"PropertyValueSpecification\",\"valueRequired\":true,\"valueName\":\"search_term_string\"}}],\"inLanguage\":\"fr-FR\"},{\"@type\":\"Organization\",\"@id\":\"https:\\\/\\\/lasentinelle.dz\\\/#organization\",\"name\":\"Quotidien La Sentinelle\",\"url\":\"https:\\\/\\\/lasentinelle.dz\\\/\",\"logo\":{\"@type\":\"ImageObject\",\"inLanguage\":\"fr-FR\",\"@id\":\"https:\\\/\\\/lasentinelle.dz\\\/#\\\/schema\\\/logo\\\/image\\\/\",\"url\":\"https:\\\/\\\/lasentinelle.dz\\\/wp-content\\\/uploads\\\/2021\\\/09\\\/logo-sentinelleSLOGAN-1.png\",\"contentUrl\":\"https:\\\/\\\/lasentinelle.dz\\\/wp-content\\\/uploads\\\/2021\\\/09\\\/logo-sentinelleSLOGAN-1.png\",\"width\":615,\"height\":142,\"caption\":\"Quotidien La Sentinelle\"},\"image\":{\"@id\":\"https:\\\/\\\/lasentinelle.dz\\\/#\\\/schema\\\/logo\\\/image\\\/\"},\"sameAs\":[\"https:\\\/\\\/www.facebook.com\\\/La-Sentinelle-104059864394773\"]},{\"@type\":\"Person\",\"@id\":\"https:\\\/\\\/lasentinelle.dz\\\/#\\\/schema\\\/person\\\/d865044e22e70a75174ce8bcad3acfb3\",\"name\":\"La Sentinelle\",\"image\":{\"@type\":\"ImageObject\",\"inLanguage\":\"fr-FR\",\"@id\":\"https:\\\/\\\/secure.gravatar.com\\\/avatar\\\/57de8e5d4b15d43fb361a71fbb36338450fe67865b528a43dd10ef7c51a20392?s=96&d=mm&r=g\",\"url\":\"https:\\\/\\\/secure.gravatar.com\\\/avatar\\\/57de8e5d4b15d43fb361a71fbb36338450fe67865b528a43dd10ef7c51a20392?s=96&d=mm&r=g\",\"contentUrl\":\"https:\\\/\\\/secure.gravatar.com\\\/avatar\\\/57de8e5d4b15d43fb361a71fbb36338450fe67865b528a43dd10ef7c51a20392?s=96&d=mm&r=g\",\"caption\":\"La Sentinelle\"},\"sameAs\":[\"http:\\\/\\\/www.lasentinelle.dz\"],\"url\":\"https:\\\/\\\/lasentinelle.dz\\\/author\\\/redaction\\\/\"}]}<\/script>\n<!-- \/ Yoast SEO plugin. -->","yoast_head_json":{"title":"\u00c9quipe nationale\u00a0: Petkovic \u00e0 la recherche de nouveaux talents - La Sentinelle","robots":{"index":"index","follow":"follow","max-snippet":"max-snippet:-1","max-image-preview":"max-image-preview:large","max-video-preview":"max-video-preview:-1"},"canonical":"https:\/\/lasentinelle.dz\/index.php\/2024\/04\/16\/equipe-nationale-petkovic-a-la-recherche-de-nouveaux-talents\/","og_locale":"fr_FR","og_type":"article","og_title":"\u00c9quipe nationale\u00a0: Petkovic \u00e0 la recherche de nouveaux talents - La Sentinelle","og_description":"Le S\u00e9lectionneur national a entam\u00e9 une tourn\u00e9e de prospection \u00e0 la recherche de nouveaux talents pour renforcer sa formation. Il","og_url":"https:\/\/lasentinelle.dz\/index.php\/2024\/04\/16\/equipe-nationale-petkovic-a-la-recherche-de-nouveaux-talents\/","og_site_name":"La Sentinelle","article_publisher":"https:\/\/www.facebook.com\/La-Sentinelle-104059864394773","article_published_time":"2024-04-16T13:22:52+00:00","article_modified_time":"2024-04-16T13:22:59+00:00","og_image":[{"width":2400,"height":1600,"url":"https:\/\/lasentinelle.dz\/wp-content\/uploads\/2024\/04\/petkovic.jpeg","type":"image\/jpeg"}],"author":"La Sentinelle","twitter_card":"summary_large_image","twitter_misc":{"\u00c9crit par":"La Sentinelle","Dur\u00e9e de lecture estim\u00e9e":"3 minutes"},"schema":{"@context":"https:\/\/schema.org","@graph":[{"@type":"Article","@id":"https:\/\/lasentinelle.dz\/index.php\/2024\/04\/16\/equipe-nationale-petkovic-a-la-recherche-de-nouveaux-talents\/#article","isPartOf":{"@id":"https:\/\/lasentinelle.dz\/index.php\/2024\/04\/16\/equipe-nationale-petkovic-a-la-recherche-de-nouveaux-talents\/"},"author":{"name":"La Sentinelle","@id":"https:\/\/lasentinelle.dz\/#\/schema\/person\/d865044e22e70a75174ce8bcad3acfb3"},"headline":"\u00c9quipe nationale\u00a0: Petkovic \u00e0 la recherche de nouveaux talents","datePublished":"2024-04-16T13:22:52+00:00","dateModified":"2024-04-16T13:22:59+00:00","mainEntityOfPage":{"@id":"https:\/\/lasentinelle.dz\/index.php\/2024\/04\/16\/equipe-nationale-petkovic-a-la-recherche-de-nouveaux-talents\/"},"wordCount":578,"commentCount":0,"publisher":{"@id":"https:\/\/lasentinelle.dz\/#organization"},"image":{"@id":"https:\/\/lasentinelle.dz\/index.php\/2024\/04\/16\/equipe-nationale-petkovic-a-la-recherche-de-nouveaux-talents\/#primaryimage"},"thumbnailUrl":"https:\/\/lasentinelle.dz\/wp-content\/uploads\/2024\/04\/petkovic.jpeg","articleSection":["\u00c0 la Une","Sports"],"inLanguage":"fr-FR","potentialAction":[{"@type":"CommentAction","name":"Comment","target":["https:\/\/lasentinelle.dz\/index.php\/2024\/04\/16\/equipe-nationale-petkovic-a-la-recherche-de-nouveaux-talents\/#respond"]}]},{"@type":"WebPage","@id":"https:\/\/lasentinelle.dz\/index.php\/2024\/04\/16\/equipe-nationale-petkovic-a-la-recherche-de-nouveaux-talents\/","url":"https:\/\/lasentinelle.dz\/index.php\/2024\/04\/16\/equipe-nationale-petkovic-a-la-recherche-de-nouveaux-talents\/","name":"\u00c9quipe nationale\u00a0: Petkovic \u00e0 la recherche de nouveaux talents - La Sentinelle","isPartOf":{"@id":"https:\/\/lasentinelle.dz\/#website"},"primaryImageOfPage":{"@id":"https:\/\/lasentinelle.dz\/index.php\/2024\/04\/16\/equipe-nationale-petkovic-a-la-recherche-de-nouveaux-talents\/#primaryimage"},"image":{"@id":"https:\/\/lasentinelle.dz\/index.php\/2024\/04\/16\/equipe-nationale-petkovic-a-la-recherche-de-nouveaux-talents\/#primaryimage"},"thumbnailUrl":"https:\/\/lasentinelle.dz\/wp-content\/uploads\/2024\/04\/petkovic.jpeg","datePublished":"2024-04-16T13:22:52+00:00","dateModified":"2024-04-16T13:22:59+00:00","breadcrumb":{"@id":"https:\/\/lasentinelle.dz\/index.php\/2024\/04\/16\/equipe-nationale-petkovic-a-la-recherche-de-nouveaux-talents\/#breadcrumb"},"inLanguage":"fr-FR","potentialAction":[{"@type":"ReadAction","target":["https:\/\/lasentinelle.dz\/index.php\/2024\/04\/16\/equipe-nationale-petkovic-a-la-recherche-de-nouveaux-talents\/"]}]},{"@type":"ImageObject","inLanguage":"fr-FR","@id":"https:\/\/lasentinelle.dz\/index.php\/2024\/04\/16\/equipe-nationale-petkovic-a-la-recherche-de-nouveaux-talents\/#primaryimage","url":"https:\/\/lasentinelle.dz\/wp-content\/uploads\/2024\/04\/petkovic.jpeg","contentUrl":"https:\/\/lasentinelle.dz\/wp-content\/uploads\/2024\/04\/petkovic.jpeg","width":2400,"height":1600},{"@type":"BreadcrumbList","@id":"https:\/\/lasentinelle.dz\/index.php\/2024\/04\/16\/equipe-nationale-petkovic-a-la-recherche-de-nouveaux-talents\/#breadcrumb","itemListElement":[{"@type":"ListItem","position":1,"name":"Accueil","item":"https:\/\/lasentinelle.dz\/"},{"@type":"ListItem","position":2,"name":"\u00c9quipe nationale\u00a0: Petkovic \u00e0 la recherche de nouveaux talents"}]},{"@type":"WebSite","@id":"https:\/\/lasentinelle.dz\/#website","url":"https:\/\/lasentinelle.dz\/","name":"La Sentinelle","description":"Quotidien national d&#039;information","publisher":{"@id":"https:\/\/lasentinelle.dz\/#organization"},"potentialAction":[{"@type":"SearchAction","target":{"@type":"EntryPoint","urlTemplate":"https:\/\/lasentinelle.dz\/?s={search_term_string}"},"query-input":{"@type":"PropertyValueSpecification","valueRequired":true,"valueName":"search_term_string"}}],"inLanguage":"fr-FR"},{"@type":"Organization","@id":"https:\/\/lasentinelle.dz\/#organization","name":"Quotidien La Sentinelle","url":"https:\/\/lasentinelle.dz\/","logo":{"@type":"ImageObject","inLanguage":"fr-FR","@id":"https:\/\/lasentinelle.dz\/#\/schema\/logo\/image\/","url":"https:\/\/lasentinelle.dz\/wp-content\/uploads\/2021\/09\/logo-sentinelleSLOGAN-1.png","contentUrl":"https:\/\/lasentinelle.dz\/wp-content\/uploads\/2021\/09\/logo-sentinelleSLOGAN-1.png","width":615,"height":142,"caption":"Quotidien La Sentinelle"},"image":{"@id":"https:\/\/lasentinelle.dz\/#\/schema\/logo\/image\/"},"sameAs":["https:\/\/www.facebook.com\/La-Sentinelle-104059864394773"]},{"@type":"Person","@id":"https:\/\/lasentinelle.dz\/#\/schema\/person\/d865044e22e70a75174ce8bcad3acfb3","name":"La Sentinelle","image":{"@type":"ImageObject","inLanguage":"fr-FR","@id":"https:\/\/secure.gravatar.com\/avatar\/57de8e5d4b15d43fb361a71fbb36338450fe67865b528a43dd10ef7c51a20392?s=96&d=mm&r=g","url":"https:\/\/secure.gravatar.com\/avatar\/57de8e5d4b15d43fb361a71fbb36338450fe67865b528a43dd10ef7c51a20392?s=96&d=mm&r=g","contentUrl":"https:\/\/secure.gravatar.com\/avatar\/57de8e5d4b15d43fb361a71fbb36338450fe67865b528a43dd10ef7c51a20392?s=96&d=mm&r=g","caption":"La Sentinelle"},"sameAs":["http:\/\/www.lasentinelle.dz"],"url":"https:\/\/lasentinelle.dz\/author\/redaction\/"}]}},"_links":{"self":[{"href":"https:\/\/lasentinelle.dz\/index.php\/wp-json\/wp\/v2\/posts\/51257","targetHints":{"allow":["GET"]}}],"collection":[{"href":"https:\/\/lasentinelle.dz\/index.php\/wp-json\/wp\/v2\/posts"}],"about":[{"href":"https:\/\/lasentinelle.dz\/index.php\/wp-json\/wp\/v2\/types\/post"}],"author":[{"embeddable":true,"href":"https:\/\/lasentinelle.dz\/index.php\/wp-json\/wp\/v2\/users\/3"}],"replies":[{"embeddable":true,"href":"https:\/\/lasentinelle.dz\/index.php\/wp-json\/wp\/v2\/comments?post=51257"}],"version-history":[{"count":1,"href":"https:\/\/lasentinelle.dz\/index.php\/wp-json\/wp\/v2\/posts\/51257\/revisions"}],"predecessor-version":[{"id":51259,"href":"https:\/\/lasentinelle.dz\/index.php\/wp-json\/wp\/v2\/posts\/51257\/revisions\/51259"}],"wp:featuredmedia":[{"embeddable":true,"href":"https:\/\/lasentinelle.dz\/index.php\/wp-json\/wp\/v2\/media\/51258"}],"wp:attachment":[{"href":"https:\/\/lasentinelle.dz\/index.php\/wp-json\/wp\/v2\/media?parent=51257"}],"wp:term":[{"taxonomy":"category","embeddable":true,"href":"https:\/\/lasentinelle.dz\/index.php\/wp-json\/wp\/v2\/categories?post=51257"},{"taxonomy":"post_tag","embeddable":true,"href":"https:\/\/lasentinelle.dz\/index.php\/wp-json\/wp\/v2\/tags?post=51257"}],"curies":[{"name":"wp","href":"https:\/\/api.w.org\/{rel}","templated":true}]}}