{"id":51321,"date":"2024-04-16T22:57:48","date_gmt":"2024-04-16T21:57:48","guid":{"rendered":"https:\/\/lasentinelle.dz\/?p=51321"},"modified":"2024-04-16T22:57:51","modified_gmt":"2024-04-16T21:57:51","slug":"education-nationale-des-programmes-alleges-pour-le-premier-pallier-du-primaire","status":"publish","type":"post","link":"https:\/\/lasentinelle.dz\/index.php\/2024\/04\/16\/education-nationale-des-programmes-alleges-pour-le-premier-pallier-du-primaire\/","title":{"rendered":"\u00c9ducation nationale\u00a0: Des programmes all\u00e9g\u00e9s pour le premier pallier du primaire"},"content":{"rendered":"\n<p>Le ministre de l&rsquo;\u00c9ducation nationale, Abdelhakim Belaabed, a annonc\u00e9 hier un all\u00e8gement des programmes p\u00e9dagogiques pour le premier pallier du primaire d\u00e8s la prochaine rentr\u00e9e scolaire. Lors d&rsquo;une visite au Lyc\u00e9e math\u00e9matique \u00ab&nbsp;Mohand Mokhabi&nbsp;\u00bb \u00e0 Kouba \u00e0 Alger qu\u2019il a men\u00e9e \u00e0 l\u2019occasion de la Journ\u00e9e du Savoir, le ministre a indiqu\u00e9 que la prochaine ann\u00e9e scolaire verra le lancement du \u00ab&nbsp;projet d&rsquo;all\u00e8gement des m\u00e9thodologies et des programmes p\u00e9dagogiques, en commen\u00e7ant par le premier pallier du cycle primaire en r\u00e9duisant certaines mati\u00e8res, lesquelles seront report\u00e9es \u00e0 d&rsquo;autres niveaux sans toucher aux mati\u00e8res li\u00e9es \u00e0 l&rsquo;identit\u00e9 nationale, y compris l&rsquo;\u00e9ducation islamique et la langue arabe, qui resteront dans tous les cycles et \u00e0 tous les niveaux&nbsp;\u00bb. Le ministre a aussi mis en avant les efforts de son secteur dans la promotion des mati\u00e8res scientifiques, en particulier les math\u00e9matiques, ainsi que l&rsquo;introduction de l&rsquo;anglais et de l&rsquo;\u00e9ducation physique et sportive au niveau de l&rsquo;enseignement primaire et la num\u00e9risation du secteur, dans le cadre de la mise en \u0153uvre -comme il l&rsquo;a soulign\u00e9- des instructions du Pr\u00e9sident de la R\u00e9publique, Abdelmadjid Tebboune, soulignant que les efforts de l&rsquo;\u00c9tat dans le domaine de l&rsquo;\u00e9ducation nationaleont donn\u00e9 de \u00ab\u00a0bons r\u00e9sultats\u00a0\u00bb, avec un taux de scolarisation des enfants \u00e2g\u00e9s de 6 ans d\u00e9passant 98,90%, tandis que le taux de scolarisation dans les cycles d\u2019enseignement obligatoire (de 6 \u00e0 16 ans) a atteint 96,97%.<\/p>\n\n\n\n<p>Le ministre de l\u2019\u00c9ducation nationale a \u00e9galement mis en avant l\u2019importance de la Journ\u00e9e du Savoir dans la consolidation des valeurs spirituelles et culturelles chez les \u00e9l\u00e8ves de l&rsquo;\u00e9cole alg\u00e9rienne. Belaabed a soulign\u00e9 que son d\u00e9partement minist\u00e9riel s&rsquo;est engag\u00e9 \u00e0 comm\u00e9morer cette journ\u00e9e soulignant que cette celle-cia \u00ab\u00a0une signification particuli\u00e8re pour l&rsquo;\u00e9cole alg\u00e9rienne qui cherche \u00e0 pr\u00e9server les valeurs spirituelles, morales et culturelles chez les jeunes, dans le cadre de la pr\u00e9servation de la m\u00e9moire et des composantes de l&rsquo;identit\u00e9 nationale\u00a0\u00bb.<\/p>\n\n\n\n<p>Pour concr\u00e9tiser cet objectif, ajoute-il, le minist\u00e8re de l&rsquo;\u00c9ducation nationale&nbsp; a mis en place un \u00ab\u00a0programme riche\u00a0\u00bb pour c\u00e9l\u00e9brer cet \u00e9v\u00e8nement \u00e0 travers toutes les institutions \u00e9ducatives \u00e0 tous les niveaux, soulignant que cette Journ\u00e9e est une opportunit\u00e9 de rendre hommage aux \u00e9l\u00e8ves talentueux dans le but de les encourager dans le domaine du savoir, de la litt\u00e9rature et de l&rsquo;innovation.<\/p>\n\n\n\n<p>Chokri Hafed<\/p>\n","protected":false},"excerpt":{"rendered":"<p>Le ministre de l&rsquo;\u00c9ducation nationale, Abdelhakim Belaabed, a annonc\u00e9 hier un all\u00e8gement des programmes p\u00e9dagogiques pour le premier pallier du<\/p>\n","protected":false},"author":3,"featured_media":20038,"comment_status":"open","ping_status":"closed","sticky":false,"template":"","format":"standard","meta":{"colormag_page_container_layout":"default_layout","colormag_page_sidebar_layout":"default_layout","om_disable_all_campaigns":false,"_monsterinsights_skip_tracking":false,"_monsterinsights_sitenote_active":false,"_monsterinsights_sitenote_note":"","_monsterinsights_sitenote_category":0,"footnotes":"","_wpscppro_dont_share_socialmedia":false,"_wpscppro_custom_social_share_image":0,"_facebook_share_type":"","_twitter_share_type":"","_linkedin_share_type":"","_pinterest_share_type":"","_linkedin_share_type_page":"","_instagram_share_type":"","_medium_share_type":"","_threads_share_type":"","_google_business_share_type":"","_selected_social_profile":[],"_wpsp_enable_custom_social_template":false,"_wpsp_social_scheduling":{"enabled":false,"datetime":null,"platforms":[],"status":"template_only","dateOption":"today","timeOption":"now","customDays":"","customHours":"","customDate":"","customTime":"","schedulingType":"absolute"},"_wpsp_active_default_template":true},"categories":[27],"tags":[],"class_list":["post-51321","post","type-post","status-publish","format-standard","has-post-thumbnail","hentry","category-actualite"],"aioseo_notices":[],"yoast_head":"<!-- This site is optimized with the Yoast SEO plugin v27.5 - https:\/\/yoast.com\/product\/yoast-seo-wordpress\/ -->\n<title>\u00c9ducation nationale\u00a0: Des programmes all\u00e9g\u00e9s pour le premier pallier du primaire - La Sentinelle<\/title>\n<meta name=\"robots\" content=\"index, follow, max-snippet:-1, max-image-preview:large, max-video-preview:-1\" \/>\n<link rel=\"canonical\" href=\"https:\/\/lasentinelle.dz\/index.php\/2024\/04\/16\/education-nationale-des-programmes-alleges-pour-le-premier-pallier-du-primaire\/\" \/>\n<meta property=\"og:locale\" content=\"fr_FR\" \/>\n<meta property=\"og:type\" content=\"article\" \/>\n<meta property=\"og:title\" content=\"\u00c9ducation nationale\u00a0: Des programmes all\u00e9g\u00e9s pour le premier pallier du primaire - La Sentinelle\" \/>\n<meta property=\"og:description\" content=\"Le ministre de l&rsquo;\u00c9ducation nationale, Abdelhakim Belaabed, a annonc\u00e9 hier un all\u00e8gement des programmes p\u00e9dagogiques pour le premier pallier du\" \/>\n<meta property=\"og:url\" content=\"https:\/\/lasentinelle.dz\/index.php\/2024\/04\/16\/education-nationale-des-programmes-alleges-pour-le-premier-pallier-du-primaire\/\" \/>\n<meta property=\"og:site_name\" content=\"La Sentinelle\" \/>\n<meta property=\"article:publisher\" content=\"https:\/\/www.facebook.com\/La-Sentinelle-104059864394773\" \/>\n<meta property=\"article:published_time\" content=\"2024-04-16T21:57:48+00:00\" \/>\n<meta property=\"article:modified_time\" content=\"2024-04-16T21:57:51+00:00\" \/>\n<meta property=\"og:image\" content=\"https:\/\/lasentinelle.dz\/wp-content\/uploads\/2022\/04\/ecole.png\" \/>\n\t<meta property=\"og:image:width\" content=\"1594\" \/>\n\t<meta property=\"og:image:height\" content=\"900\" \/>\n\t<meta property=\"og:image:type\" content=\"image\/png\" \/>\n<meta name=\"author\" content=\"La Sentinelle\" \/>\n<meta name=\"twitter:card\" content=\"summary_large_image\" \/>\n<meta name=\"twitter:label1\" content=\"\u00c9crit par\" \/>\n\t<meta name=\"twitter:data1\" content=\"La Sentinelle\" \/>\n\t<meta name=\"twitter:label2\" content=\"Dur\u00e9e de lecture estim\u00e9e\" \/>\n\t<meta name=\"twitter:data2\" content=\"3 minutes\" \/>\n<script type=\"application\/ld+json\" class=\"yoast-schema-graph\">{\"@context\":\"https:\\\/\\\/schema.org\",\"@graph\":[{\"@type\":\"Article\",\"@id\":\"https:\\\/\\\/lasentinelle.dz\\\/index.php\\\/2024\\\/04\\\/16\\\/education-nationale-des-programmes-alleges-pour-le-premier-pallier-du-primaire\\\/#article\",\"isPartOf\":{\"@id\":\"https:\\\/\\\/lasentinelle.dz\\\/index.php\\\/2024\\\/04\\\/16\\\/education-nationale-des-programmes-alleges-pour-le-premier-pallier-du-primaire\\\/\"},\"author\":{\"name\":\"La Sentinelle\",\"@id\":\"https:\\\/\\\/lasentinelle.dz\\\/#\\\/schema\\\/person\\\/d865044e22e70a75174ce8bcad3acfb3\"},\"headline\":\"\u00c9ducation nationale\u00a0: Des programmes all\u00e9g\u00e9s pour le premier pallier du primaire\",\"datePublished\":\"2024-04-16T21:57:48+00:00\",\"dateModified\":\"2024-04-16T21:57:51+00:00\",\"mainEntityOfPage\":{\"@id\":\"https:\\\/\\\/lasentinelle.dz\\\/index.php\\\/2024\\\/04\\\/16\\\/education-nationale-des-programmes-alleges-pour-le-premier-pallier-du-primaire\\\/\"},\"wordCount\":444,\"commentCount\":0,\"publisher\":{\"@id\":\"https:\\\/\\\/lasentinelle.dz\\\/#organization\"},\"image\":{\"@id\":\"https:\\\/\\\/lasentinelle.dz\\\/index.php\\\/2024\\\/04\\\/16\\\/education-nationale-des-programmes-alleges-pour-le-premier-pallier-du-primaire\\\/#primaryimage\"},\"thumbnailUrl\":\"https:\\\/\\\/lasentinelle.dz\\\/wp-content\\\/uploads\\\/2022\\\/04\\\/ecole.png\",\"articleSection\":[\"Actualit\u00e9\"],\"inLanguage\":\"fr-FR\",\"potentialAction\":[{\"@type\":\"CommentAction\",\"name\":\"Comment\",\"target\":[\"https:\\\/\\\/lasentinelle.dz\\\/index.php\\\/2024\\\/04\\\/16\\\/education-nationale-des-programmes-alleges-pour-le-premier-pallier-du-primaire\\\/#respond\"]}]},{\"@type\":\"WebPage\",\"@id\":\"https:\\\/\\\/lasentinelle.dz\\\/index.php\\\/2024\\\/04\\\/16\\\/education-nationale-des-programmes-alleges-pour-le-premier-pallier-du-primaire\\\/\",\"url\":\"https:\\\/\\\/lasentinelle.dz\\\/index.php\\\/2024\\\/04\\\/16\\\/education-nationale-des-programmes-alleges-pour-le-premier-pallier-du-primaire\\\/\",\"name\":\"\u00c9ducation nationale\u00a0: Des programmes all\u00e9g\u00e9s pour le premier pallier du primaire - La Sentinelle\",\"isPartOf\":{\"@id\":\"https:\\\/\\\/lasentinelle.dz\\\/#website\"},\"primaryImageOfPage\":{\"@id\":\"https:\\\/\\\/lasentinelle.dz\\\/index.php\\\/2024\\\/04\\\/16\\\/education-nationale-des-programmes-alleges-pour-le-premier-pallier-du-primaire\\\/#primaryimage\"},\"image\":{\"@id\":\"https:\\\/\\\/lasentinelle.dz\\\/index.php\\\/2024\\\/04\\\/16\\\/education-nationale-des-programmes-alleges-pour-le-premier-pallier-du-primaire\\\/#primaryimage\"},\"thumbnailUrl\":\"https:\\\/\\\/lasentinelle.dz\\\/wp-content\\\/uploads\\\/2022\\\/04\\\/ecole.png\",\"datePublished\":\"2024-04-16T21:57:48+00:00\",\"dateModified\":\"2024-04-16T21:57:51+00:00\",\"breadcrumb\":{\"@id\":\"https:\\\/\\\/lasentinelle.dz\\\/index.php\\\/2024\\\/04\\\/16\\\/education-nationale-des-programmes-alleges-pour-le-premier-pallier-du-primaire\\\/#breadcrumb\"},\"inLanguage\":\"fr-FR\",\"potentialAction\":[{\"@type\":\"ReadAction\",\"target\":[\"https:\\\/\\\/lasentinelle.dz\\\/index.php\\\/2024\\\/04\\\/16\\\/education-nationale-des-programmes-alleges-pour-le-premier-pallier-du-primaire\\\/\"]}]},{\"@type\":\"ImageObject\",\"inLanguage\":\"fr-FR\",\"@id\":\"https:\\\/\\\/lasentinelle.dz\\\/index.php\\\/2024\\\/04\\\/16\\\/education-nationale-des-programmes-alleges-pour-le-premier-pallier-du-primaire\\\/#primaryimage\",\"url\":\"https:\\\/\\\/lasentinelle.dz\\\/wp-content\\\/uploads\\\/2022\\\/04\\\/ecole.png\",\"contentUrl\":\"https:\\\/\\\/lasentinelle.dz\\\/wp-content\\\/uploads\\\/2022\\\/04\\\/ecole.png\",\"width\":1594,\"height\":900},{\"@type\":\"BreadcrumbList\",\"@id\":\"https:\\\/\\\/lasentinelle.dz\\\/index.php\\\/2024\\\/04\\\/16\\\/education-nationale-des-programmes-alleges-pour-le-premier-pallier-du-primaire\\\/#breadcrumb\",\"itemListElement\":[{\"@type\":\"ListItem\",\"position\":1,\"name\":\"Accueil\",\"item\":\"https:\\\/\\\/lasentinelle.dz\\\/\"},{\"@type\":\"ListItem\",\"position\":2,\"name\":\"\u00c9ducation nationale\u00a0: Des programmes all\u00e9g\u00e9s pour le premier pallier du primaire\"}]},{\"@type\":\"WebSite\",\"@id\":\"https:\\\/\\\/lasentinelle.dz\\\/#website\",\"url\":\"https:\\\/\\\/lasentinelle.dz\\\/\",\"name\":\"La Sentinelle\",\"description\":\"Quotidien national d&#039;information\",\"publisher\":{\"@id\":\"https:\\\/\\\/lasentinelle.dz\\\/#organization\"},\"potentialAction\":[{\"@type\":\"SearchAction\",\"target\":{\"@type\":\"EntryPoint\",\"urlTemplate\":\"https:\\\/\\\/lasentinelle.dz\\\/?s={search_term_string}\"},\"query-input\":{\"@type\":\"PropertyValueSpecification\",\"valueRequired\":true,\"valueName\":\"search_term_string\"}}],\"inLanguage\":\"fr-FR\"},{\"@type\":\"Organization\",\"@id\":\"https:\\\/\\\/lasentinelle.dz\\\/#organization\",\"name\":\"Quotidien La Sentinelle\",\"url\":\"https:\\\/\\\/lasentinelle.dz\\\/\",\"logo\":{\"@type\":\"ImageObject\",\"inLanguage\":\"fr-FR\",\"@id\":\"https:\\\/\\\/lasentinelle.dz\\\/#\\\/schema\\\/logo\\\/image\\\/\",\"url\":\"https:\\\/\\\/lasentinelle.dz\\\/wp-content\\\/uploads\\\/2021\\\/09\\\/logo-sentinelleSLOGAN-1.png\",\"contentUrl\":\"https:\\\/\\\/lasentinelle.dz\\\/wp-content\\\/uploads\\\/2021\\\/09\\\/logo-sentinelleSLOGAN-1.png\",\"width\":615,\"height\":142,\"caption\":\"Quotidien La Sentinelle\"},\"image\":{\"@id\":\"https:\\\/\\\/lasentinelle.dz\\\/#\\\/schema\\\/logo\\\/image\\\/\"},\"sameAs\":[\"https:\\\/\\\/www.facebook.com\\\/La-Sentinelle-104059864394773\"]},{\"@type\":\"Person\",\"@id\":\"https:\\\/\\\/lasentinelle.dz\\\/#\\\/schema\\\/person\\\/d865044e22e70a75174ce8bcad3acfb3\",\"name\":\"La Sentinelle\",\"image\":{\"@type\":\"ImageObject\",\"inLanguage\":\"fr-FR\",\"@id\":\"https:\\\/\\\/secure.gravatar.com\\\/avatar\\\/57de8e5d4b15d43fb361a71fbb36338450fe67865b528a43dd10ef7c51a20392?s=96&d=mm&r=g\",\"url\":\"https:\\\/\\\/secure.gravatar.com\\\/avatar\\\/57de8e5d4b15d43fb361a71fbb36338450fe67865b528a43dd10ef7c51a20392?s=96&d=mm&r=g\",\"contentUrl\":\"https:\\\/\\\/secure.gravatar.com\\\/avatar\\\/57de8e5d4b15d43fb361a71fbb36338450fe67865b528a43dd10ef7c51a20392?s=96&d=mm&r=g\",\"caption\":\"La Sentinelle\"},\"sameAs\":[\"http:\\\/\\\/www.lasentinelle.dz\"],\"url\":\"https:\\\/\\\/lasentinelle.dz\\\/author\\\/redaction\\\/\"}]}<\/script>\n<!-- \/ Yoast SEO plugin. -->","yoast_head_json":{"title":"\u00c9ducation nationale\u00a0: Des programmes all\u00e9g\u00e9s pour le premier pallier du primaire - La Sentinelle","robots":{"index":"index","follow":"follow","max-snippet":"max-snippet:-1","max-image-preview":"max-image-preview:large","max-video-preview":"max-video-preview:-1"},"canonical":"https:\/\/lasentinelle.dz\/index.php\/2024\/04\/16\/education-nationale-des-programmes-alleges-pour-le-premier-pallier-du-primaire\/","og_locale":"fr_FR","og_type":"article","og_title":"\u00c9ducation nationale\u00a0: Des programmes all\u00e9g\u00e9s pour le premier pallier du primaire - La Sentinelle","og_description":"Le ministre de l&rsquo;\u00c9ducation nationale, Abdelhakim Belaabed, a annonc\u00e9 hier un all\u00e8gement des programmes p\u00e9dagogiques pour le premier pallier du","og_url":"https:\/\/lasentinelle.dz\/index.php\/2024\/04\/16\/education-nationale-des-programmes-alleges-pour-le-premier-pallier-du-primaire\/","og_site_name":"La Sentinelle","article_publisher":"https:\/\/www.facebook.com\/La-Sentinelle-104059864394773","article_published_time":"2024-04-16T21:57:48+00:00","article_modified_time":"2024-04-16T21:57:51+00:00","og_image":[{"width":1594,"height":900,"url":"https:\/\/lasentinelle.dz\/wp-content\/uploads\/2022\/04\/ecole.png","type":"image\/png"}],"author":"La Sentinelle","twitter_card":"summary_large_image","twitter_misc":{"\u00c9crit par":"La Sentinelle","Dur\u00e9e de lecture estim\u00e9e":"3 minutes"},"schema":{"@context":"https:\/\/schema.org","@graph":[{"@type":"Article","@id":"https:\/\/lasentinelle.dz\/index.php\/2024\/04\/16\/education-nationale-des-programmes-alleges-pour-le-premier-pallier-du-primaire\/#article","isPartOf":{"@id":"https:\/\/lasentinelle.dz\/index.php\/2024\/04\/16\/education-nationale-des-programmes-alleges-pour-le-premier-pallier-du-primaire\/"},"author":{"name":"La Sentinelle","@id":"https:\/\/lasentinelle.dz\/#\/schema\/person\/d865044e22e70a75174ce8bcad3acfb3"},"headline":"\u00c9ducation nationale\u00a0: Des programmes all\u00e9g\u00e9s pour le premier pallier du primaire","datePublished":"2024-04-16T21:57:48+00:00","dateModified":"2024-04-16T21:57:51+00:00","mainEntityOfPage":{"@id":"https:\/\/lasentinelle.dz\/index.php\/2024\/04\/16\/education-nationale-des-programmes-alleges-pour-le-premier-pallier-du-primaire\/"},"wordCount":444,"commentCount":0,"publisher":{"@id":"https:\/\/lasentinelle.dz\/#organization"},"image":{"@id":"https:\/\/lasentinelle.dz\/index.php\/2024\/04\/16\/education-nationale-des-programmes-alleges-pour-le-premier-pallier-du-primaire\/#primaryimage"},"thumbnailUrl":"https:\/\/lasentinelle.dz\/wp-content\/uploads\/2022\/04\/ecole.png","articleSection":["Actualit\u00e9"],"inLanguage":"fr-FR","potentialAction":[{"@type":"CommentAction","name":"Comment","target":["https:\/\/lasentinelle.dz\/index.php\/2024\/04\/16\/education-nationale-des-programmes-alleges-pour-le-premier-pallier-du-primaire\/#respond"]}]},{"@type":"WebPage","@id":"https:\/\/lasentinelle.dz\/index.php\/2024\/04\/16\/education-nationale-des-programmes-alleges-pour-le-premier-pallier-du-primaire\/","url":"https:\/\/lasentinelle.dz\/index.php\/2024\/04\/16\/education-nationale-des-programmes-alleges-pour-le-premier-pallier-du-primaire\/","name":"\u00c9ducation nationale\u00a0: Des programmes all\u00e9g\u00e9s pour le premier pallier du primaire - La Sentinelle","isPartOf":{"@id":"https:\/\/lasentinelle.dz\/#website"},"primaryImageOfPage":{"@id":"https:\/\/lasentinelle.dz\/index.php\/2024\/04\/16\/education-nationale-des-programmes-alleges-pour-le-premier-pallier-du-primaire\/#primaryimage"},"image":{"@id":"https:\/\/lasentinelle.dz\/index.php\/2024\/04\/16\/education-nationale-des-programmes-alleges-pour-le-premier-pallier-du-primaire\/#primaryimage"},"thumbnailUrl":"https:\/\/lasentinelle.dz\/wp-content\/uploads\/2022\/04\/ecole.png","datePublished":"2024-04-16T21:57:48+00:00","dateModified":"2024-04-16T21:57:51+00:00","breadcrumb":{"@id":"https:\/\/lasentinelle.dz\/index.php\/2024\/04\/16\/education-nationale-des-programmes-alleges-pour-le-premier-pallier-du-primaire\/#breadcrumb"},"inLanguage":"fr-FR","potentialAction":[{"@type":"ReadAction","target":["https:\/\/lasentinelle.dz\/index.php\/2024\/04\/16\/education-nationale-des-programmes-alleges-pour-le-premier-pallier-du-primaire\/"]}]},{"@type":"ImageObject","inLanguage":"fr-FR","@id":"https:\/\/lasentinelle.dz\/index.php\/2024\/04\/16\/education-nationale-des-programmes-alleges-pour-le-premier-pallier-du-primaire\/#primaryimage","url":"https:\/\/lasentinelle.dz\/wp-content\/uploads\/2022\/04\/ecole.png","contentUrl":"https:\/\/lasentinelle.dz\/wp-content\/uploads\/2022\/04\/ecole.png","width":1594,"height":900},{"@type":"BreadcrumbList","@id":"https:\/\/lasentinelle.dz\/index.php\/2024\/04\/16\/education-nationale-des-programmes-alleges-pour-le-premier-pallier-du-primaire\/#breadcrumb","itemListElement":[{"@type":"ListItem","position":1,"name":"Accueil","item":"https:\/\/lasentinelle.dz\/"},{"@type":"ListItem","position":2,"name":"\u00c9ducation nationale\u00a0: Des programmes all\u00e9g\u00e9s pour le premier pallier du primaire"}]},{"@type":"WebSite","@id":"https:\/\/lasentinelle.dz\/#website","url":"https:\/\/lasentinelle.dz\/","name":"La Sentinelle","description":"Quotidien national d&#039;information","publisher":{"@id":"https:\/\/lasentinelle.dz\/#organization"},"potentialAction":[{"@type":"SearchAction","target":{"@type":"EntryPoint","urlTemplate":"https:\/\/lasentinelle.dz\/?s={search_term_string}"},"query-input":{"@type":"PropertyValueSpecification","valueRequired":true,"valueName":"search_term_string"}}],"inLanguage":"fr-FR"},{"@type":"Organization","@id":"https:\/\/lasentinelle.dz\/#organization","name":"Quotidien La Sentinelle","url":"https:\/\/lasentinelle.dz\/","logo":{"@type":"ImageObject","inLanguage":"fr-FR","@id":"https:\/\/lasentinelle.dz\/#\/schema\/logo\/image\/","url":"https:\/\/lasentinelle.dz\/wp-content\/uploads\/2021\/09\/logo-sentinelleSLOGAN-1.png","contentUrl":"https:\/\/lasentinelle.dz\/wp-content\/uploads\/2021\/09\/logo-sentinelleSLOGAN-1.png","width":615,"height":142,"caption":"Quotidien La Sentinelle"},"image":{"@id":"https:\/\/lasentinelle.dz\/#\/schema\/logo\/image\/"},"sameAs":["https:\/\/www.facebook.com\/La-Sentinelle-104059864394773"]},{"@type":"Person","@id":"https:\/\/lasentinelle.dz\/#\/schema\/person\/d865044e22e70a75174ce8bcad3acfb3","name":"La Sentinelle","image":{"@type":"ImageObject","inLanguage":"fr-FR","@id":"https:\/\/secure.gravatar.com\/avatar\/57de8e5d4b15d43fb361a71fbb36338450fe67865b528a43dd10ef7c51a20392?s=96&d=mm&r=g","url":"https:\/\/secure.gravatar.com\/avatar\/57de8e5d4b15d43fb361a71fbb36338450fe67865b528a43dd10ef7c51a20392?s=96&d=mm&r=g","contentUrl":"https:\/\/secure.gravatar.com\/avatar\/57de8e5d4b15d43fb361a71fbb36338450fe67865b528a43dd10ef7c51a20392?s=96&d=mm&r=g","caption":"La Sentinelle"},"sameAs":["http:\/\/www.lasentinelle.dz"],"url":"https:\/\/lasentinelle.dz\/author\/redaction\/"}]}},"_links":{"self":[{"href":"https:\/\/lasentinelle.dz\/index.php\/wp-json\/wp\/v2\/posts\/51321","targetHints":{"allow":["GET"]}}],"collection":[{"href":"https:\/\/lasentinelle.dz\/index.php\/wp-json\/wp\/v2\/posts"}],"about":[{"href":"https:\/\/lasentinelle.dz\/index.php\/wp-json\/wp\/v2\/types\/post"}],"author":[{"embeddable":true,"href":"https:\/\/lasentinelle.dz\/index.php\/wp-json\/wp\/v2\/users\/3"}],"replies":[{"embeddable":true,"href":"https:\/\/lasentinelle.dz\/index.php\/wp-json\/wp\/v2\/comments?post=51321"}],"version-history":[{"count":1,"href":"https:\/\/lasentinelle.dz\/index.php\/wp-json\/wp\/v2\/posts\/51321\/revisions"}],"predecessor-version":[{"id":51322,"href":"https:\/\/lasentinelle.dz\/index.php\/wp-json\/wp\/v2\/posts\/51321\/revisions\/51322"}],"wp:featuredmedia":[{"embeddable":true,"href":"https:\/\/lasentinelle.dz\/index.php\/wp-json\/wp\/v2\/media\/20038"}],"wp:attachment":[{"href":"https:\/\/lasentinelle.dz\/index.php\/wp-json\/wp\/v2\/media?parent=51321"}],"wp:term":[{"taxonomy":"category","embeddable":true,"href":"https:\/\/lasentinelle.dz\/index.php\/wp-json\/wp\/v2\/categories?post=51321"},{"taxonomy":"post_tag","embeddable":true,"href":"https:\/\/lasentinelle.dz\/index.php\/wp-json\/wp\/v2\/tags?post=51321"}],"curies":[{"name":"wp","href":"https:\/\/api.w.org\/{rel}","templated":true}]}}