{"id":51326,"date":"2024-04-16T23:01:37","date_gmt":"2024-04-16T22:01:37","guid":{"rendered":"https:\/\/lasentinelle.dz\/?p=51326"},"modified":"2024-04-16T23:01:42","modified_gmt":"2024-04-16T22:01:42","slug":"cour-dalger-ouverture-dune-enquete-preliminaire-chez-atm-mobilis","status":"publish","type":"post","link":"https:\/\/lasentinelle.dz\/index.php\/2024\/04\/16\/cour-dalger-ouverture-dune-enquete-preliminaire-chez-atm-mobilis\/","title":{"rendered":"Cour d\u2019Alger\u00a0: Ouverture d\u2019une enqu\u00eate pr\u00e9liminaire chez ATM Mobilis"},"content":{"rendered":"\n<p>La Cour d\u2019Algera indiqu\u00e9 que les faits concernent des irr\u00e9gularit\u00e9s qui ont entach\u00e9 les proc\u00e9dures de passation de march\u00e9 et sa mise en \u0153uvre, notamment en raison de conflits d&rsquo;int\u00e9r\u00eats et de l&rsquo;octroi d&rsquo;avantages indus ayant entra\u00een\u00e9 le d\u00e9tournement de fonds publics consid\u00e9rables de mani\u00e8re illicite, avec la complicit\u00e9 de certains responsables de l&rsquo;entreprise ATM Mobilis.<\/p>\n\n\n\n<p><br>La Cour d&rsquo;Alger a annonc\u00e9 hier dans un communiqu\u00e9 l\u2019ouverture d&rsquo;une enqu\u00eate pr\u00e9liminaire, \u00ab&nbsp;suite \u00e0 des informations sur la conclusion d&rsquo;un accord suspect entre l&rsquo;entreprise \u00e9conomique publique ATM Mobilis et un groupe de soci\u00e9t\u00e9s alg\u00e9ro-\u00e9trang\u00e8res&nbsp;\u00bb. Les faits concernent des irr\u00e9gularit\u00e9s qui ont entach\u00e9 les proc\u00e9dures de passation de march\u00e9 et sa mise en \u0153uvre, notamment en raison de conflits d&rsquo;int\u00e9r\u00eats et de l&rsquo;octroi d&rsquo;avantages indus ayant entra\u00een\u00e9 le d\u00e9tournement de fonds publics consid\u00e9rables de mani\u00e8re illicite, avec la complicit\u00e9 de certains responsables de l&rsquo;entreprise ATM Mobilis, souligne la m\u00eame source. La Cour d\u2019Alger \u00e9voque l\u2019implication dans cette affaire d\u2019anciens responsables de l\u2019entreprise, notamment l&rsquo;ancien chef du d\u00e9partement r\u00e9seau et services de l\u2019op\u00e9rateur public, un ancien employ\u00e9 d\u2019 ATM Mobilis, ainsi que le pr\u00e9sident de la commission des march\u00e9s de la m\u00eame entreprise et le directeur de l&rsquo;entreprise \u00e0 responsabilit\u00e9 limit\u00e9e SARL Data Mena.<\/p>\n\n\n\n<p>Les accus\u00e9s sont poursuivis pour incitation de fonctionnaires \u00e0 abuser de leur pouvoir r\u00e9el ou pr\u00e9sum\u00e9 afin d&rsquo;obtenir des avantages indus pour autrui, participation \u00e0 la dilapidation intentionnelle de fonds publics, trafic d\u2019influence pour obtenir des privil\u00e8ges injustifi\u00e9s, modification de services et d\u00e9lais de livraison, conflit d&rsquo;int\u00e9r\u00eats, blanchiment des revenus criminels provenant de crimes de corruption et dissimulation de leur origine illicite, ainsi que le recel des biens issus de revenus criminels dans le cadre d&rsquo;une organisation criminelle en utilisant les facilit\u00e9s offertes par l&rsquo;activit\u00e9 professionnelle.<\/p>\n\n\n\n<p>\u00ab&nbsp;Le juge d&rsquo;instruction a ordonn\u00e9 la d\u00e9tention de trois accus\u00e9s, tandis que quatre autres ont \u00e9t\u00e9 plac\u00e9s sous contr\u00f4le judiciaire pendant l&rsquo;enqu\u00eate&nbsp;\u00bb, conclut le communiqu\u00e9.<\/p>\n\n\n\n<p>R.N.<\/p>\n","protected":false},"excerpt":{"rendered":"<p>La Cour d\u2019Algera indiqu\u00e9 que les faits concernent des irr\u00e9gularit\u00e9s qui ont entach\u00e9 les proc\u00e9dures de passation de march\u00e9 et<\/p>\n","protected":false},"author":3,"featured_media":51327,"comment_status":"open","ping_status":"closed","sticky":false,"template":"","format":"standard","meta":{"colormag_page_container_layout":"default_layout","colormag_page_sidebar_layout":"default_layout","om_disable_all_campaigns":false,"_monsterinsights_skip_tracking":false,"_monsterinsights_sitenote_active":false,"_monsterinsights_sitenote_note":"","_monsterinsights_sitenote_category":0,"footnotes":"","_wpscppro_dont_share_socialmedia":false,"_wpscppro_custom_social_share_image":0,"_facebook_share_type":"","_twitter_share_type":"","_linkedin_share_type":"","_pinterest_share_type":"","_linkedin_share_type_page":"","_instagram_share_type":"","_medium_share_type":"","_threads_share_type":"","_google_business_share_type":"","_selected_social_profile":[],"_wpsp_enable_custom_social_template":false,"_wpsp_social_scheduling":{"enabled":false,"datetime":null,"platforms":[],"status":"template_only","dateOption":"today","timeOption":"now","customDays":"","customHours":"","customDate":"","customTime":"","schedulingType":"absolute"},"_wpsp_active_default_template":true},"categories":[52,27],"tags":[],"class_list":["post-51326","post","type-post","status-publish","format-standard","has-post-thumbnail","hentry","category-a-la-une","category-actualite"],"aioseo_notices":[],"yoast_head":"<!-- This site is optimized with the Yoast SEO plugin v27.5 - https:\/\/yoast.com\/product\/yoast-seo-wordpress\/ -->\n<title>Cour d\u2019Alger\u00a0: Ouverture d\u2019une enqu\u00eate pr\u00e9liminaire chez ATM Mobilis - La Sentinelle<\/title>\n<meta name=\"robots\" content=\"index, follow, max-snippet:-1, max-image-preview:large, max-video-preview:-1\" \/>\n<link rel=\"canonical\" href=\"https:\/\/lasentinelle.dz\/index.php\/2024\/04\/16\/cour-dalger-ouverture-dune-enquete-preliminaire-chez-atm-mobilis\/\" \/>\n<meta property=\"og:locale\" content=\"fr_FR\" \/>\n<meta property=\"og:type\" content=\"article\" \/>\n<meta property=\"og:title\" content=\"Cour d\u2019Alger\u00a0: Ouverture d\u2019une enqu\u00eate pr\u00e9liminaire chez ATM Mobilis - La Sentinelle\" \/>\n<meta property=\"og:description\" content=\"La Cour d\u2019Algera indiqu\u00e9 que les faits concernent des irr\u00e9gularit\u00e9s qui ont entach\u00e9 les proc\u00e9dures de passation de march\u00e9 et\" \/>\n<meta property=\"og:url\" content=\"https:\/\/lasentinelle.dz\/index.php\/2024\/04\/16\/cour-dalger-ouverture-dune-enquete-preliminaire-chez-atm-mobilis\/\" \/>\n<meta property=\"og:site_name\" content=\"La Sentinelle\" \/>\n<meta property=\"article:publisher\" content=\"https:\/\/www.facebook.com\/La-Sentinelle-104059864394773\" \/>\n<meta property=\"article:published_time\" content=\"2024-04-16T22:01:37+00:00\" \/>\n<meta property=\"article:modified_time\" content=\"2024-04-16T22:01:42+00:00\" \/>\n<meta property=\"og:image\" content=\"https:\/\/lasentinelle.dz\/wp-content\/uploads\/2024\/04\/cour-dalger.jpeg\" \/>\n\t<meta property=\"og:image:width\" content=\"600\" \/>\n\t<meta property=\"og:image:height\" content=\"328\" \/>\n\t<meta property=\"og:image:type\" content=\"image\/jpeg\" \/>\n<meta name=\"author\" content=\"La Sentinelle\" \/>\n<meta name=\"twitter:card\" content=\"summary_large_image\" \/>\n<meta name=\"twitter:label1\" content=\"\u00c9crit par\" \/>\n\t<meta name=\"twitter:data1\" content=\"La Sentinelle\" \/>\n\t<meta name=\"twitter:label2\" content=\"Dur\u00e9e de lecture estim\u00e9e\" \/>\n\t<meta name=\"twitter:data2\" content=\"2 minutes\" \/>\n<script type=\"application\/ld+json\" class=\"yoast-schema-graph\">{\"@context\":\"https:\\\/\\\/schema.org\",\"@graph\":[{\"@type\":\"Article\",\"@id\":\"https:\\\/\\\/lasentinelle.dz\\\/index.php\\\/2024\\\/04\\\/16\\\/cour-dalger-ouverture-dune-enquete-preliminaire-chez-atm-mobilis\\\/#article\",\"isPartOf\":{\"@id\":\"https:\\\/\\\/lasentinelle.dz\\\/index.php\\\/2024\\\/04\\\/16\\\/cour-dalger-ouverture-dune-enquete-preliminaire-chez-atm-mobilis\\\/\"},\"author\":{\"name\":\"La Sentinelle\",\"@id\":\"https:\\\/\\\/lasentinelle.dz\\\/#\\\/schema\\\/person\\\/d865044e22e70a75174ce8bcad3acfb3\"},\"headline\":\"Cour d\u2019Alger\u00a0: Ouverture d\u2019une enqu\u00eate pr\u00e9liminaire chez ATM Mobilis\",\"datePublished\":\"2024-04-16T22:01:37+00:00\",\"dateModified\":\"2024-04-16T22:01:42+00:00\",\"mainEntityOfPage\":{\"@id\":\"https:\\\/\\\/lasentinelle.dz\\\/index.php\\\/2024\\\/04\\\/16\\\/cour-dalger-ouverture-dune-enquete-preliminaire-chez-atm-mobilis\\\/\"},\"wordCount\":400,\"commentCount\":0,\"publisher\":{\"@id\":\"https:\\\/\\\/lasentinelle.dz\\\/#organization\"},\"image\":{\"@id\":\"https:\\\/\\\/lasentinelle.dz\\\/index.php\\\/2024\\\/04\\\/16\\\/cour-dalger-ouverture-dune-enquete-preliminaire-chez-atm-mobilis\\\/#primaryimage\"},\"thumbnailUrl\":\"https:\\\/\\\/lasentinelle.dz\\\/wp-content\\\/uploads\\\/2024\\\/04\\\/cour-dalger.jpeg\",\"articleSection\":[\"\u00c0 la Une\",\"Actualit\u00e9\"],\"inLanguage\":\"fr-FR\",\"potentialAction\":[{\"@type\":\"CommentAction\",\"name\":\"Comment\",\"target\":[\"https:\\\/\\\/lasentinelle.dz\\\/index.php\\\/2024\\\/04\\\/16\\\/cour-dalger-ouverture-dune-enquete-preliminaire-chez-atm-mobilis\\\/#respond\"]}]},{\"@type\":\"WebPage\",\"@id\":\"https:\\\/\\\/lasentinelle.dz\\\/index.php\\\/2024\\\/04\\\/16\\\/cour-dalger-ouverture-dune-enquete-preliminaire-chez-atm-mobilis\\\/\",\"url\":\"https:\\\/\\\/lasentinelle.dz\\\/index.php\\\/2024\\\/04\\\/16\\\/cour-dalger-ouverture-dune-enquete-preliminaire-chez-atm-mobilis\\\/\",\"name\":\"Cour d\u2019Alger\u00a0: Ouverture d\u2019une enqu\u00eate pr\u00e9liminaire chez ATM Mobilis - La Sentinelle\",\"isPartOf\":{\"@id\":\"https:\\\/\\\/lasentinelle.dz\\\/#website\"},\"primaryImageOfPage\":{\"@id\":\"https:\\\/\\\/lasentinelle.dz\\\/index.php\\\/2024\\\/04\\\/16\\\/cour-dalger-ouverture-dune-enquete-preliminaire-chez-atm-mobilis\\\/#primaryimage\"},\"image\":{\"@id\":\"https:\\\/\\\/lasentinelle.dz\\\/index.php\\\/2024\\\/04\\\/16\\\/cour-dalger-ouverture-dune-enquete-preliminaire-chez-atm-mobilis\\\/#primaryimage\"},\"thumbnailUrl\":\"https:\\\/\\\/lasentinelle.dz\\\/wp-content\\\/uploads\\\/2024\\\/04\\\/cour-dalger.jpeg\",\"datePublished\":\"2024-04-16T22:01:37+00:00\",\"dateModified\":\"2024-04-16T22:01:42+00:00\",\"breadcrumb\":{\"@id\":\"https:\\\/\\\/lasentinelle.dz\\\/index.php\\\/2024\\\/04\\\/16\\\/cour-dalger-ouverture-dune-enquete-preliminaire-chez-atm-mobilis\\\/#breadcrumb\"},\"inLanguage\":\"fr-FR\",\"potentialAction\":[{\"@type\":\"ReadAction\",\"target\":[\"https:\\\/\\\/lasentinelle.dz\\\/index.php\\\/2024\\\/04\\\/16\\\/cour-dalger-ouverture-dune-enquete-preliminaire-chez-atm-mobilis\\\/\"]}]},{\"@type\":\"ImageObject\",\"inLanguage\":\"fr-FR\",\"@id\":\"https:\\\/\\\/lasentinelle.dz\\\/index.php\\\/2024\\\/04\\\/16\\\/cour-dalger-ouverture-dune-enquete-preliminaire-chez-atm-mobilis\\\/#primaryimage\",\"url\":\"https:\\\/\\\/lasentinelle.dz\\\/wp-content\\\/uploads\\\/2024\\\/04\\\/cour-dalger.jpeg\",\"contentUrl\":\"https:\\\/\\\/lasentinelle.dz\\\/wp-content\\\/uploads\\\/2024\\\/04\\\/cour-dalger.jpeg\",\"width\":600,\"height\":328},{\"@type\":\"BreadcrumbList\",\"@id\":\"https:\\\/\\\/lasentinelle.dz\\\/index.php\\\/2024\\\/04\\\/16\\\/cour-dalger-ouverture-dune-enquete-preliminaire-chez-atm-mobilis\\\/#breadcrumb\",\"itemListElement\":[{\"@type\":\"ListItem\",\"position\":1,\"name\":\"Accueil\",\"item\":\"https:\\\/\\\/lasentinelle.dz\\\/\"},{\"@type\":\"ListItem\",\"position\":2,\"name\":\"Cour d\u2019Alger\u00a0: Ouverture d\u2019une enqu\u00eate pr\u00e9liminaire chez ATM Mobilis\"}]},{\"@type\":\"WebSite\",\"@id\":\"https:\\\/\\\/lasentinelle.dz\\\/#website\",\"url\":\"https:\\\/\\\/lasentinelle.dz\\\/\",\"name\":\"La Sentinelle\",\"description\":\"Quotidien national d&#039;information\",\"publisher\":{\"@id\":\"https:\\\/\\\/lasentinelle.dz\\\/#organization\"},\"potentialAction\":[{\"@type\":\"SearchAction\",\"target\":{\"@type\":\"EntryPoint\",\"urlTemplate\":\"https:\\\/\\\/lasentinelle.dz\\\/?s={search_term_string}\"},\"query-input\":{\"@type\":\"PropertyValueSpecification\",\"valueRequired\":true,\"valueName\":\"search_term_string\"}}],\"inLanguage\":\"fr-FR\"},{\"@type\":\"Organization\",\"@id\":\"https:\\\/\\\/lasentinelle.dz\\\/#organization\",\"name\":\"Quotidien La Sentinelle\",\"url\":\"https:\\\/\\\/lasentinelle.dz\\\/\",\"logo\":{\"@type\":\"ImageObject\",\"inLanguage\":\"fr-FR\",\"@id\":\"https:\\\/\\\/lasentinelle.dz\\\/#\\\/schema\\\/logo\\\/image\\\/\",\"url\":\"https:\\\/\\\/lasentinelle.dz\\\/wp-content\\\/uploads\\\/2021\\\/09\\\/logo-sentinelleSLOGAN-1.png\",\"contentUrl\":\"https:\\\/\\\/lasentinelle.dz\\\/wp-content\\\/uploads\\\/2021\\\/09\\\/logo-sentinelleSLOGAN-1.png\",\"width\":615,\"height\":142,\"caption\":\"Quotidien La Sentinelle\"},\"image\":{\"@id\":\"https:\\\/\\\/lasentinelle.dz\\\/#\\\/schema\\\/logo\\\/image\\\/\"},\"sameAs\":[\"https:\\\/\\\/www.facebook.com\\\/La-Sentinelle-104059864394773\"]},{\"@type\":\"Person\",\"@id\":\"https:\\\/\\\/lasentinelle.dz\\\/#\\\/schema\\\/person\\\/d865044e22e70a75174ce8bcad3acfb3\",\"name\":\"La Sentinelle\",\"image\":{\"@type\":\"ImageObject\",\"inLanguage\":\"fr-FR\",\"@id\":\"https:\\\/\\\/secure.gravatar.com\\\/avatar\\\/57de8e5d4b15d43fb361a71fbb36338450fe67865b528a43dd10ef7c51a20392?s=96&d=mm&r=g\",\"url\":\"https:\\\/\\\/secure.gravatar.com\\\/avatar\\\/57de8e5d4b15d43fb361a71fbb36338450fe67865b528a43dd10ef7c51a20392?s=96&d=mm&r=g\",\"contentUrl\":\"https:\\\/\\\/secure.gravatar.com\\\/avatar\\\/57de8e5d4b15d43fb361a71fbb36338450fe67865b528a43dd10ef7c51a20392?s=96&d=mm&r=g\",\"caption\":\"La Sentinelle\"},\"sameAs\":[\"http:\\\/\\\/www.lasentinelle.dz\"],\"url\":\"https:\\\/\\\/lasentinelle.dz\\\/author\\\/redaction\\\/\"}]}<\/script>\n<!-- \/ Yoast SEO plugin. -->","yoast_head_json":{"title":"Cour d\u2019Alger\u00a0: Ouverture d\u2019une enqu\u00eate pr\u00e9liminaire chez ATM Mobilis - La Sentinelle","robots":{"index":"index","follow":"follow","max-snippet":"max-snippet:-1","max-image-preview":"max-image-preview:large","max-video-preview":"max-video-preview:-1"},"canonical":"https:\/\/lasentinelle.dz\/index.php\/2024\/04\/16\/cour-dalger-ouverture-dune-enquete-preliminaire-chez-atm-mobilis\/","og_locale":"fr_FR","og_type":"article","og_title":"Cour d\u2019Alger\u00a0: Ouverture d\u2019une enqu\u00eate pr\u00e9liminaire chez ATM Mobilis - La Sentinelle","og_description":"La Cour d\u2019Algera indiqu\u00e9 que les faits concernent des irr\u00e9gularit\u00e9s qui ont entach\u00e9 les proc\u00e9dures de passation de march\u00e9 et","og_url":"https:\/\/lasentinelle.dz\/index.php\/2024\/04\/16\/cour-dalger-ouverture-dune-enquete-preliminaire-chez-atm-mobilis\/","og_site_name":"La Sentinelle","article_publisher":"https:\/\/www.facebook.com\/La-Sentinelle-104059864394773","article_published_time":"2024-04-16T22:01:37+00:00","article_modified_time":"2024-04-16T22:01:42+00:00","og_image":[{"width":600,"height":328,"url":"https:\/\/lasentinelle.dz\/wp-content\/uploads\/2024\/04\/cour-dalger.jpeg","type":"image\/jpeg"}],"author":"La Sentinelle","twitter_card":"summary_large_image","twitter_misc":{"\u00c9crit par":"La Sentinelle","Dur\u00e9e de lecture estim\u00e9e":"2 minutes"},"schema":{"@context":"https:\/\/schema.org","@graph":[{"@type":"Article","@id":"https:\/\/lasentinelle.dz\/index.php\/2024\/04\/16\/cour-dalger-ouverture-dune-enquete-preliminaire-chez-atm-mobilis\/#article","isPartOf":{"@id":"https:\/\/lasentinelle.dz\/index.php\/2024\/04\/16\/cour-dalger-ouverture-dune-enquete-preliminaire-chez-atm-mobilis\/"},"author":{"name":"La Sentinelle","@id":"https:\/\/lasentinelle.dz\/#\/schema\/person\/d865044e22e70a75174ce8bcad3acfb3"},"headline":"Cour d\u2019Alger\u00a0: Ouverture d\u2019une enqu\u00eate pr\u00e9liminaire chez ATM Mobilis","datePublished":"2024-04-16T22:01:37+00:00","dateModified":"2024-04-16T22:01:42+00:00","mainEntityOfPage":{"@id":"https:\/\/lasentinelle.dz\/index.php\/2024\/04\/16\/cour-dalger-ouverture-dune-enquete-preliminaire-chez-atm-mobilis\/"},"wordCount":400,"commentCount":0,"publisher":{"@id":"https:\/\/lasentinelle.dz\/#organization"},"image":{"@id":"https:\/\/lasentinelle.dz\/index.php\/2024\/04\/16\/cour-dalger-ouverture-dune-enquete-preliminaire-chez-atm-mobilis\/#primaryimage"},"thumbnailUrl":"https:\/\/lasentinelle.dz\/wp-content\/uploads\/2024\/04\/cour-dalger.jpeg","articleSection":["\u00c0 la Une","Actualit\u00e9"],"inLanguage":"fr-FR","potentialAction":[{"@type":"CommentAction","name":"Comment","target":["https:\/\/lasentinelle.dz\/index.php\/2024\/04\/16\/cour-dalger-ouverture-dune-enquete-preliminaire-chez-atm-mobilis\/#respond"]}]},{"@type":"WebPage","@id":"https:\/\/lasentinelle.dz\/index.php\/2024\/04\/16\/cour-dalger-ouverture-dune-enquete-preliminaire-chez-atm-mobilis\/","url":"https:\/\/lasentinelle.dz\/index.php\/2024\/04\/16\/cour-dalger-ouverture-dune-enquete-preliminaire-chez-atm-mobilis\/","name":"Cour d\u2019Alger\u00a0: Ouverture d\u2019une enqu\u00eate pr\u00e9liminaire chez ATM Mobilis - La Sentinelle","isPartOf":{"@id":"https:\/\/lasentinelle.dz\/#website"},"primaryImageOfPage":{"@id":"https:\/\/lasentinelle.dz\/index.php\/2024\/04\/16\/cour-dalger-ouverture-dune-enquete-preliminaire-chez-atm-mobilis\/#primaryimage"},"image":{"@id":"https:\/\/lasentinelle.dz\/index.php\/2024\/04\/16\/cour-dalger-ouverture-dune-enquete-preliminaire-chez-atm-mobilis\/#primaryimage"},"thumbnailUrl":"https:\/\/lasentinelle.dz\/wp-content\/uploads\/2024\/04\/cour-dalger.jpeg","datePublished":"2024-04-16T22:01:37+00:00","dateModified":"2024-04-16T22:01:42+00:00","breadcrumb":{"@id":"https:\/\/lasentinelle.dz\/index.php\/2024\/04\/16\/cour-dalger-ouverture-dune-enquete-preliminaire-chez-atm-mobilis\/#breadcrumb"},"inLanguage":"fr-FR","potentialAction":[{"@type":"ReadAction","target":["https:\/\/lasentinelle.dz\/index.php\/2024\/04\/16\/cour-dalger-ouverture-dune-enquete-preliminaire-chez-atm-mobilis\/"]}]},{"@type":"ImageObject","inLanguage":"fr-FR","@id":"https:\/\/lasentinelle.dz\/index.php\/2024\/04\/16\/cour-dalger-ouverture-dune-enquete-preliminaire-chez-atm-mobilis\/#primaryimage","url":"https:\/\/lasentinelle.dz\/wp-content\/uploads\/2024\/04\/cour-dalger.jpeg","contentUrl":"https:\/\/lasentinelle.dz\/wp-content\/uploads\/2024\/04\/cour-dalger.jpeg","width":600,"height":328},{"@type":"BreadcrumbList","@id":"https:\/\/lasentinelle.dz\/index.php\/2024\/04\/16\/cour-dalger-ouverture-dune-enquete-preliminaire-chez-atm-mobilis\/#breadcrumb","itemListElement":[{"@type":"ListItem","position":1,"name":"Accueil","item":"https:\/\/lasentinelle.dz\/"},{"@type":"ListItem","position":2,"name":"Cour d\u2019Alger\u00a0: Ouverture d\u2019une enqu\u00eate pr\u00e9liminaire chez ATM Mobilis"}]},{"@type":"WebSite","@id":"https:\/\/lasentinelle.dz\/#website","url":"https:\/\/lasentinelle.dz\/","name":"La Sentinelle","description":"Quotidien national d&#039;information","publisher":{"@id":"https:\/\/lasentinelle.dz\/#organization"},"potentialAction":[{"@type":"SearchAction","target":{"@type":"EntryPoint","urlTemplate":"https:\/\/lasentinelle.dz\/?s={search_term_string}"},"query-input":{"@type":"PropertyValueSpecification","valueRequired":true,"valueName":"search_term_string"}}],"inLanguage":"fr-FR"},{"@type":"Organization","@id":"https:\/\/lasentinelle.dz\/#organization","name":"Quotidien La Sentinelle","url":"https:\/\/lasentinelle.dz\/","logo":{"@type":"ImageObject","inLanguage":"fr-FR","@id":"https:\/\/lasentinelle.dz\/#\/schema\/logo\/image\/","url":"https:\/\/lasentinelle.dz\/wp-content\/uploads\/2021\/09\/logo-sentinelleSLOGAN-1.png","contentUrl":"https:\/\/lasentinelle.dz\/wp-content\/uploads\/2021\/09\/logo-sentinelleSLOGAN-1.png","width":615,"height":142,"caption":"Quotidien La Sentinelle"},"image":{"@id":"https:\/\/lasentinelle.dz\/#\/schema\/logo\/image\/"},"sameAs":["https:\/\/www.facebook.com\/La-Sentinelle-104059864394773"]},{"@type":"Person","@id":"https:\/\/lasentinelle.dz\/#\/schema\/person\/d865044e22e70a75174ce8bcad3acfb3","name":"La Sentinelle","image":{"@type":"ImageObject","inLanguage":"fr-FR","@id":"https:\/\/secure.gravatar.com\/avatar\/57de8e5d4b15d43fb361a71fbb36338450fe67865b528a43dd10ef7c51a20392?s=96&d=mm&r=g","url":"https:\/\/secure.gravatar.com\/avatar\/57de8e5d4b15d43fb361a71fbb36338450fe67865b528a43dd10ef7c51a20392?s=96&d=mm&r=g","contentUrl":"https:\/\/secure.gravatar.com\/avatar\/57de8e5d4b15d43fb361a71fbb36338450fe67865b528a43dd10ef7c51a20392?s=96&d=mm&r=g","caption":"La Sentinelle"},"sameAs":["http:\/\/www.lasentinelle.dz"],"url":"https:\/\/lasentinelle.dz\/author\/redaction\/"}]}},"_links":{"self":[{"href":"https:\/\/lasentinelle.dz\/index.php\/wp-json\/wp\/v2\/posts\/51326","targetHints":{"allow":["GET"]}}],"collection":[{"href":"https:\/\/lasentinelle.dz\/index.php\/wp-json\/wp\/v2\/posts"}],"about":[{"href":"https:\/\/lasentinelle.dz\/index.php\/wp-json\/wp\/v2\/types\/post"}],"author":[{"embeddable":true,"href":"https:\/\/lasentinelle.dz\/index.php\/wp-json\/wp\/v2\/users\/3"}],"replies":[{"embeddable":true,"href":"https:\/\/lasentinelle.dz\/index.php\/wp-json\/wp\/v2\/comments?post=51326"}],"version-history":[{"count":1,"href":"https:\/\/lasentinelle.dz\/index.php\/wp-json\/wp\/v2\/posts\/51326\/revisions"}],"predecessor-version":[{"id":51328,"href":"https:\/\/lasentinelle.dz\/index.php\/wp-json\/wp\/v2\/posts\/51326\/revisions\/51328"}],"wp:featuredmedia":[{"embeddable":true,"href":"https:\/\/lasentinelle.dz\/index.php\/wp-json\/wp\/v2\/media\/51327"}],"wp:attachment":[{"href":"https:\/\/lasentinelle.dz\/index.php\/wp-json\/wp\/v2\/media?parent=51326"}],"wp:term":[{"taxonomy":"category","embeddable":true,"href":"https:\/\/lasentinelle.dz\/index.php\/wp-json\/wp\/v2\/categories?post=51326"},{"taxonomy":"post_tag","embeddable":true,"href":"https:\/\/lasentinelle.dz\/index.php\/wp-json\/wp\/v2\/tags?post=51326"}],"curies":[{"name":"wp","href":"https:\/\/api.w.org\/{rel}","templated":true}]}}