{"id":51329,"date":"2024-04-16T23:04:15","date_gmt":"2024-04-16T22:04:15","guid":{"rendered":"https:\/\/lasentinelle.dz\/?p=51329"},"modified":"2024-04-16T23:04:19","modified_gmt":"2024-04-16T22:04:19","slug":"reincarceration-des-prisonniers-palestiniens-liberes-une-violation-flagrante-des-accords-dechange","status":"publish","type":"post","link":"https:\/\/lasentinelle.dz\/index.php\/2024\/04\/16\/reincarceration-des-prisonniers-palestiniens-liberes-une-violation-flagrante-des-accords-dechange\/","title":{"rendered":"R\u00e9incarc\u00e9ration des prisonniers palestiniens lib\u00e9r\u00e9s\u00a0: Une violation flagrante des accords d&rsquo;\u00e9change"},"content":{"rendered":"\n<p>Les forces de l&rsquo;occupation sionistes ont intensifi\u00e9 les campagnes d&rsquo;arrestations arbitraires depuis le&nbsp; 7 octobre dernier, proc\u00e9dant derni\u00e8rement \u00e0 la r\u00e9incarc\u00e9ration de prisonniers lib\u00e9r\u00e9s individuellement ou dans le cadre d&rsquo;\u00e9change de prisonniers, au m\u00e9pris de tous les accords conclus interdisant l&rsquo;intimidation ou le harc\u00e8lement d&rsquo;un d\u00e9tenu lib\u00e9r\u00e9. L&rsquo;entit\u00e9 sioniste continue de violer toutes les clauses des accords relatifs \u00e0 la lib\u00e9ration des prisonniers, en les arr\u00eatant de nouveau et en les retenant, parfois, en d\u00e9tention administrative. Dans une d\u00e9claration \u00e0 l&rsquo;APS, le porte-parole du Comit\u00e9 charg\u00e9 des prisonniers et ex-d\u00e9tenus palestiniens, Thaer Shriteh, a fait savoir que \u00ab\u00a0l&rsquo;occupant a arr\u00eat\u00e9 plus de 10 prisonniers lib\u00e9r\u00e9s dans le cadre de l&rsquo;accord d&rsquo;\u00e9change de prisonniers\u00a0\u00bb, conclu avec la r\u00e9sistance palestinienne fin novembre dernier, dans le cadre de l&rsquo;accord de cessez-le-feu. Il a ajout\u00e9 qu&rsquo;en 2014, l&rsquo;occupant sioniste avait \u00e9galement arr\u00eat\u00e9 quelque 80 prisonniers lib\u00e9r\u00e9s dans le cadre de l&rsquo;accord de Shalit (conclu le 11 octobre 2011 et en vertu duquel 1.027 prisonniers palestiniens ont \u00e9t\u00e9 lib\u00e9r\u00e9s en \u00e9change du soldat Gilad Shalit), soulignant que \u00ab\u00a0certains d&rsquo;entre eux se trouvent en d\u00e9tention, \u00e0 ce jour\u00a0\u00bb. &nbsp;\u00ab\u00a0L&rsquo;occupation a ex\u00e9cut\u00e9 des milliers d&rsquo;arrestations depuis le 7 octobre, et plus de 70 \u00e0 75 % des personnes arr\u00eat\u00e9es sont d&rsquo;anciens prisonniers ayant purg\u00e9 des peines dans des prisons et des centres de d\u00e9tention\u00a0\u00bb, a-t-il fait savoir, soulignant que \u00ab\u00a0l&rsquo;offensive visait principalement les anciens prisonniers et que toutes les arrestations survenues ces derniers mois sont une r\u00e9action vindicative ciblant les prisonniers, leurs familles et tout peuple palestinien\u00a0\u00bb. Le m\u00eame responsable a affirm\u00e9 que \u00ab\u00a0le nombre de prisonniers en d\u00e9tention administrative avant le 7 octobre \u00e9tait de pr\u00e8s de 1.200, mais ce nombre a doubl\u00e9 r\u00e9cemment pour atteindre pr\u00e8s de 4.000 prisonniers, dont 3.000 d\u00e9tenus depuis le d\u00e9but de l&rsquo;op\u00e9ration du +d\u00e9luge d&rsquo;al-Aqsa+, la majorit\u00e9 \u00e9tant d&rsquo;anciens prisonniers transf\u00e9r\u00e9s en d\u00e9tention administrative\u00a0\u00bb. \u00ab\u00a0La r\u00e9incarc\u00e9ration de prisonniers lib\u00e9r\u00e9s dans le cadre d&rsquo;\u00e9changes constitue une violation flagrante de ces accords, et cela n&rsquo;est pas nouveau pour l&rsquo;occupation\u00a0\u00bb qui revient \u00e0 la charge apr\u00e8s chaque \u00e9change de prisonniers.<\/p>\n\n\n\n<p>Le pr\u00e9sident du Club des prisonniers palestiniens, Abdallah Al-Zaghari, a pr\u00e9cis\u00e9 de son c\u00f4t\u00e9 que \u00ab\u00a0depuis le 7 octobre, l&rsquo;occupant a transform\u00e9 les prisons en lieux d\u00e9pourvus de toute humanit\u00e9\u00a0\u00bb. \u00ab\u00a0Aveugl\u00e9s par la haine et la vengeance, les ge\u00f4liers sionistes brutalisent et torturent les d\u00e9tenus et leur infligent des s\u00e9vices et des traitements inhumains, cruels et d\u00e9gradants, \u00e0 l&rsquo;origine de blessures, de fractures et de contusions, laiss\u00e9es, qui plus est, sans soins\u00a0\u00bb, a-t-il racont\u00e9. Et de pr\u00e9ciser que \u00ab\u00a014 prisonniers sont tomb\u00e9s en martyrs dans les centres de d\u00e9tention en raison de passages \u00e0 tabac et de crimes m\u00e9dicaux commis dans les prisons au cours des six derniers mois, le dernier en date \u00e9tant Walid Daqqa, tomb\u00e9 en martyr r\u00e9cemment apr\u00e8s avoir \u00e9t\u00e9 priv\u00e9 de soins m\u00e9dicaux en prison, o\u00f9 il fut enferm\u00e9 37 ans, portant ainsi \u00e0 251 le nombre de prisonniers tomb\u00e9s en martyrs dans les ge\u00f4les sionistes depuis le d\u00e9but de l&rsquo;occupation\u00a0\u00bb. L&rsquo;occupation \u00ab\u00a0d\u00e9tient encore les d\u00e9pouilles de 20 martyrs tomb\u00e9s dans les prisons qu&rsquo;elle refuse de remettre \u00e0 leurs familles\u00a0\u00bb, a-t-il d\u00e9nonc\u00e9. Abdallah Al-Zaghari a en outre r\u00e9v\u00e9l\u00e9 que l&rsquo;occupation sioniste avait arr\u00eat\u00e9 plus de 8.200 Palestiniens en Cisjordanie depuis le d\u00e9but de l&rsquo;agression barbare contre la bande de Ghaza, pr\u00e9cisant que \u00ab\u00a0ces d\u00e9tenus, arr\u00eat\u00e9s chez eux apr\u00e8s minuit ou au niveau des points de contr\u00f4le militaires, ont \u00e9t\u00e9 tortur\u00e9s et brutalis\u00e9s\u00a0\u00bb, soulignant que \u00ab\u00a0les arrestations n&rsquo;ont \u00e9pargn\u00e9 aucune cat\u00e9gorie de la soci\u00e9t\u00e9 palestinienne : m\u00e9decins, journalistes, hommes politiques, voire d&rsquo;anciens prisonniers lib\u00e9r\u00e9s, ont tous \u00e9t\u00e9 cibl\u00e9s\u00a0\u00bb. Les prisons de l&rsquo;occupation comptent actuellement \u00ab\u00a0pr\u00e8s de 9.400 d\u00e9tenus palestiniens, dont 500 enfants et 272 femmes\u00a0\u00bb, selon le pr\u00e9sident du Club des prisonniers palestiniens. De plus, \u00ab\u00a0l&rsquo;occupation recourt \u00e0 la politique punitive de la d\u00e9tention administrative inique et abusive contre les citoyens palestiniens<\/p>\n\n\n\n<p>R.N.<\/p>\n","protected":false},"excerpt":{"rendered":"<p>Les forces de l&rsquo;occupation sionistes ont intensifi\u00e9 les campagnes d&rsquo;arrestations arbitraires depuis le&nbsp; 7 octobre dernier, proc\u00e9dant derni\u00e8rement \u00e0 la<\/p>\n","protected":false},"author":3,"featured_media":51330,"comment_status":"open","ping_status":"closed","sticky":false,"template":"","format":"standard","meta":{"colormag_page_container_layout":"default_layout","colormag_page_sidebar_layout":"default_layout","om_disable_all_campaigns":false,"_monsterinsights_skip_tracking":false,"_monsterinsights_sitenote_active":false,"_monsterinsights_sitenote_note":"","_monsterinsights_sitenote_category":0,"footnotes":"","_wpscppro_dont_share_socialmedia":false,"_wpscppro_custom_social_share_image":0,"_facebook_share_type":"","_twitter_share_type":"","_linkedin_share_type":"","_pinterest_share_type":"","_linkedin_share_type_page":"","_instagram_share_type":"","_medium_share_type":"","_threads_share_type":"","_google_business_share_type":"","_selected_social_profile":[],"_wpsp_enable_custom_social_template":false,"_wpsp_social_scheduling":{"enabled":false,"datetime":null,"platforms":[],"status":"template_only","dateOption":"today","timeOption":"now","customDays":"","customHours":"","customDate":"","customTime":"","schedulingType":"absolute"},"_wpsp_active_default_template":true},"categories":[27],"tags":[],"class_list":["post-51329","post","type-post","status-publish","format-standard","has-post-thumbnail","hentry","category-actualite"],"aioseo_notices":[],"yoast_head":"<!-- This site is optimized with the Yoast SEO plugin v27.5 - https:\/\/yoast.com\/product\/yoast-seo-wordpress\/ -->\n<title>R\u00e9incarc\u00e9ration des prisonniers palestiniens lib\u00e9r\u00e9s\u00a0: Une violation flagrante des accords d&rsquo;\u00e9change - La Sentinelle<\/title>\n<meta name=\"robots\" content=\"index, follow, max-snippet:-1, max-image-preview:large, max-video-preview:-1\" \/>\n<link rel=\"canonical\" href=\"https:\/\/lasentinelle.dz\/index.php\/2024\/04\/16\/reincarceration-des-prisonniers-palestiniens-liberes-une-violation-flagrante-des-accords-dechange\/\" \/>\n<meta property=\"og:locale\" content=\"fr_FR\" \/>\n<meta property=\"og:type\" content=\"article\" \/>\n<meta property=\"og:title\" content=\"R\u00e9incarc\u00e9ration des prisonniers palestiniens lib\u00e9r\u00e9s\u00a0: Une violation flagrante des accords d&rsquo;\u00e9change - La Sentinelle\" \/>\n<meta property=\"og:description\" content=\"Les forces de l&rsquo;occupation sionistes ont intensifi\u00e9 les campagnes d&rsquo;arrestations arbitraires depuis le&nbsp; 7 octobre dernier, proc\u00e9dant derni\u00e8rement \u00e0 la\" \/>\n<meta property=\"og:url\" content=\"https:\/\/lasentinelle.dz\/index.php\/2024\/04\/16\/reincarceration-des-prisonniers-palestiniens-liberes-une-violation-flagrante-des-accords-dechange\/\" \/>\n<meta property=\"og:site_name\" content=\"La Sentinelle\" \/>\n<meta property=\"article:publisher\" content=\"https:\/\/www.facebook.com\/La-Sentinelle-104059864394773\" \/>\n<meta property=\"article:published_time\" content=\"2024-04-16T22:04:15+00:00\" \/>\n<meta property=\"article:modified_time\" content=\"2024-04-16T22:04:19+00:00\" \/>\n<meta property=\"og:image\" content=\"https:\/\/lasentinelle.dz\/wp-content\/uploads\/2024\/04\/arrestation-palestinien.jpeg\" \/>\n\t<meta property=\"og:image:width\" content=\"898\" \/>\n\t<meta property=\"og:image:height\" content=\"675\" \/>\n\t<meta property=\"og:image:type\" content=\"image\/jpeg\" \/>\n<meta name=\"author\" content=\"La Sentinelle\" \/>\n<meta name=\"twitter:card\" content=\"summary_large_image\" \/>\n<meta name=\"twitter:label1\" content=\"\u00c9crit par\" \/>\n\t<meta name=\"twitter:data1\" content=\"La Sentinelle\" \/>\n\t<meta name=\"twitter:label2\" content=\"Dur\u00e9e de lecture estim\u00e9e\" \/>\n\t<meta name=\"twitter:data2\" content=\"4 minutes\" \/>\n<script type=\"application\/ld+json\" class=\"yoast-schema-graph\">{\"@context\":\"https:\\\/\\\/schema.org\",\"@graph\":[{\"@type\":\"Article\",\"@id\":\"https:\\\/\\\/lasentinelle.dz\\\/index.php\\\/2024\\\/04\\\/16\\\/reincarceration-des-prisonniers-palestiniens-liberes-une-violation-flagrante-des-accords-dechange\\\/#article\",\"isPartOf\":{\"@id\":\"https:\\\/\\\/lasentinelle.dz\\\/index.php\\\/2024\\\/04\\\/16\\\/reincarceration-des-prisonniers-palestiniens-liberes-une-violation-flagrante-des-accords-dechange\\\/\"},\"author\":{\"name\":\"La Sentinelle\",\"@id\":\"https:\\\/\\\/lasentinelle.dz\\\/#\\\/schema\\\/person\\\/d865044e22e70a75174ce8bcad3acfb3\"},\"headline\":\"R\u00e9incarc\u00e9ration des prisonniers palestiniens lib\u00e9r\u00e9s\u00a0: Une violation flagrante des accords d&rsquo;\u00e9change\",\"datePublished\":\"2024-04-16T22:04:15+00:00\",\"dateModified\":\"2024-04-16T22:04:19+00:00\",\"mainEntityOfPage\":{\"@id\":\"https:\\\/\\\/lasentinelle.dz\\\/index.php\\\/2024\\\/04\\\/16\\\/reincarceration-des-prisonniers-palestiniens-liberes-une-violation-flagrante-des-accords-dechange\\\/\"},\"wordCount\":746,\"commentCount\":0,\"publisher\":{\"@id\":\"https:\\\/\\\/lasentinelle.dz\\\/#organization\"},\"image\":{\"@id\":\"https:\\\/\\\/lasentinelle.dz\\\/index.php\\\/2024\\\/04\\\/16\\\/reincarceration-des-prisonniers-palestiniens-liberes-une-violation-flagrante-des-accords-dechange\\\/#primaryimage\"},\"thumbnailUrl\":\"https:\\\/\\\/lasentinelle.dz\\\/wp-content\\\/uploads\\\/2024\\\/04\\\/arrestation-palestinien.jpeg\",\"articleSection\":[\"Actualit\u00e9\"],\"inLanguage\":\"fr-FR\",\"potentialAction\":[{\"@type\":\"CommentAction\",\"name\":\"Comment\",\"target\":[\"https:\\\/\\\/lasentinelle.dz\\\/index.php\\\/2024\\\/04\\\/16\\\/reincarceration-des-prisonniers-palestiniens-liberes-une-violation-flagrante-des-accords-dechange\\\/#respond\"]}]},{\"@type\":\"WebPage\",\"@id\":\"https:\\\/\\\/lasentinelle.dz\\\/index.php\\\/2024\\\/04\\\/16\\\/reincarceration-des-prisonniers-palestiniens-liberes-une-violation-flagrante-des-accords-dechange\\\/\",\"url\":\"https:\\\/\\\/lasentinelle.dz\\\/index.php\\\/2024\\\/04\\\/16\\\/reincarceration-des-prisonniers-palestiniens-liberes-une-violation-flagrante-des-accords-dechange\\\/\",\"name\":\"R\u00e9incarc\u00e9ration des prisonniers palestiniens lib\u00e9r\u00e9s\u00a0: Une violation flagrante des accords d&rsquo;\u00e9change - La Sentinelle\",\"isPartOf\":{\"@id\":\"https:\\\/\\\/lasentinelle.dz\\\/#website\"},\"primaryImageOfPage\":{\"@id\":\"https:\\\/\\\/lasentinelle.dz\\\/index.php\\\/2024\\\/04\\\/16\\\/reincarceration-des-prisonniers-palestiniens-liberes-une-violation-flagrante-des-accords-dechange\\\/#primaryimage\"},\"image\":{\"@id\":\"https:\\\/\\\/lasentinelle.dz\\\/index.php\\\/2024\\\/04\\\/16\\\/reincarceration-des-prisonniers-palestiniens-liberes-une-violation-flagrante-des-accords-dechange\\\/#primaryimage\"},\"thumbnailUrl\":\"https:\\\/\\\/lasentinelle.dz\\\/wp-content\\\/uploads\\\/2024\\\/04\\\/arrestation-palestinien.jpeg\",\"datePublished\":\"2024-04-16T22:04:15+00:00\",\"dateModified\":\"2024-04-16T22:04:19+00:00\",\"breadcrumb\":{\"@id\":\"https:\\\/\\\/lasentinelle.dz\\\/index.php\\\/2024\\\/04\\\/16\\\/reincarceration-des-prisonniers-palestiniens-liberes-une-violation-flagrante-des-accords-dechange\\\/#breadcrumb\"},\"inLanguage\":\"fr-FR\",\"potentialAction\":[{\"@type\":\"ReadAction\",\"target\":[\"https:\\\/\\\/lasentinelle.dz\\\/index.php\\\/2024\\\/04\\\/16\\\/reincarceration-des-prisonniers-palestiniens-liberes-une-violation-flagrante-des-accords-dechange\\\/\"]}]},{\"@type\":\"ImageObject\",\"inLanguage\":\"fr-FR\",\"@id\":\"https:\\\/\\\/lasentinelle.dz\\\/index.php\\\/2024\\\/04\\\/16\\\/reincarceration-des-prisonniers-palestiniens-liberes-une-violation-flagrante-des-accords-dechange\\\/#primaryimage\",\"url\":\"https:\\\/\\\/lasentinelle.dz\\\/wp-content\\\/uploads\\\/2024\\\/04\\\/arrestation-palestinien.jpeg\",\"contentUrl\":\"https:\\\/\\\/lasentinelle.dz\\\/wp-content\\\/uploads\\\/2024\\\/04\\\/arrestation-palestinien.jpeg\",\"width\":898,\"height\":675},{\"@type\":\"BreadcrumbList\",\"@id\":\"https:\\\/\\\/lasentinelle.dz\\\/index.php\\\/2024\\\/04\\\/16\\\/reincarceration-des-prisonniers-palestiniens-liberes-une-violation-flagrante-des-accords-dechange\\\/#breadcrumb\",\"itemListElement\":[{\"@type\":\"ListItem\",\"position\":1,\"name\":\"Accueil\",\"item\":\"https:\\\/\\\/lasentinelle.dz\\\/\"},{\"@type\":\"ListItem\",\"position\":2,\"name\":\"R\u00e9incarc\u00e9ration des prisonniers palestiniens lib\u00e9r\u00e9s\u00a0: Une violation flagrante des accords d&rsquo;\u00e9change\"}]},{\"@type\":\"WebSite\",\"@id\":\"https:\\\/\\\/lasentinelle.dz\\\/#website\",\"url\":\"https:\\\/\\\/lasentinelle.dz\\\/\",\"name\":\"La Sentinelle\",\"description\":\"Quotidien national d&#039;information\",\"publisher\":{\"@id\":\"https:\\\/\\\/lasentinelle.dz\\\/#organization\"},\"potentialAction\":[{\"@type\":\"SearchAction\",\"target\":{\"@type\":\"EntryPoint\",\"urlTemplate\":\"https:\\\/\\\/lasentinelle.dz\\\/?s={search_term_string}\"},\"query-input\":{\"@type\":\"PropertyValueSpecification\",\"valueRequired\":true,\"valueName\":\"search_term_string\"}}],\"inLanguage\":\"fr-FR\"},{\"@type\":\"Organization\",\"@id\":\"https:\\\/\\\/lasentinelle.dz\\\/#organization\",\"name\":\"Quotidien La Sentinelle\",\"url\":\"https:\\\/\\\/lasentinelle.dz\\\/\",\"logo\":{\"@type\":\"ImageObject\",\"inLanguage\":\"fr-FR\",\"@id\":\"https:\\\/\\\/lasentinelle.dz\\\/#\\\/schema\\\/logo\\\/image\\\/\",\"url\":\"https:\\\/\\\/lasentinelle.dz\\\/wp-content\\\/uploads\\\/2021\\\/09\\\/logo-sentinelleSLOGAN-1.png\",\"contentUrl\":\"https:\\\/\\\/lasentinelle.dz\\\/wp-content\\\/uploads\\\/2021\\\/09\\\/logo-sentinelleSLOGAN-1.png\",\"width\":615,\"height\":142,\"caption\":\"Quotidien La Sentinelle\"},\"image\":{\"@id\":\"https:\\\/\\\/lasentinelle.dz\\\/#\\\/schema\\\/logo\\\/image\\\/\"},\"sameAs\":[\"https:\\\/\\\/www.facebook.com\\\/La-Sentinelle-104059864394773\"]},{\"@type\":\"Person\",\"@id\":\"https:\\\/\\\/lasentinelle.dz\\\/#\\\/schema\\\/person\\\/d865044e22e70a75174ce8bcad3acfb3\",\"name\":\"La Sentinelle\",\"image\":{\"@type\":\"ImageObject\",\"inLanguage\":\"fr-FR\",\"@id\":\"https:\\\/\\\/secure.gravatar.com\\\/avatar\\\/57de8e5d4b15d43fb361a71fbb36338450fe67865b528a43dd10ef7c51a20392?s=96&d=mm&r=g\",\"url\":\"https:\\\/\\\/secure.gravatar.com\\\/avatar\\\/57de8e5d4b15d43fb361a71fbb36338450fe67865b528a43dd10ef7c51a20392?s=96&d=mm&r=g\",\"contentUrl\":\"https:\\\/\\\/secure.gravatar.com\\\/avatar\\\/57de8e5d4b15d43fb361a71fbb36338450fe67865b528a43dd10ef7c51a20392?s=96&d=mm&r=g\",\"caption\":\"La Sentinelle\"},\"sameAs\":[\"http:\\\/\\\/www.lasentinelle.dz\"],\"url\":\"https:\\\/\\\/lasentinelle.dz\\\/author\\\/redaction\\\/\"}]}<\/script>\n<!-- \/ Yoast SEO plugin. -->","yoast_head_json":{"title":"R\u00e9incarc\u00e9ration des prisonniers palestiniens lib\u00e9r\u00e9s\u00a0: Une violation flagrante des accords d&rsquo;\u00e9change - La Sentinelle","robots":{"index":"index","follow":"follow","max-snippet":"max-snippet:-1","max-image-preview":"max-image-preview:large","max-video-preview":"max-video-preview:-1"},"canonical":"https:\/\/lasentinelle.dz\/index.php\/2024\/04\/16\/reincarceration-des-prisonniers-palestiniens-liberes-une-violation-flagrante-des-accords-dechange\/","og_locale":"fr_FR","og_type":"article","og_title":"R\u00e9incarc\u00e9ration des prisonniers palestiniens lib\u00e9r\u00e9s\u00a0: Une violation flagrante des accords d&rsquo;\u00e9change - La Sentinelle","og_description":"Les forces de l&rsquo;occupation sionistes ont intensifi\u00e9 les campagnes d&rsquo;arrestations arbitraires depuis le&nbsp; 7 octobre dernier, proc\u00e9dant derni\u00e8rement \u00e0 la","og_url":"https:\/\/lasentinelle.dz\/index.php\/2024\/04\/16\/reincarceration-des-prisonniers-palestiniens-liberes-une-violation-flagrante-des-accords-dechange\/","og_site_name":"La Sentinelle","article_publisher":"https:\/\/www.facebook.com\/La-Sentinelle-104059864394773","article_published_time":"2024-04-16T22:04:15+00:00","article_modified_time":"2024-04-16T22:04:19+00:00","og_image":[{"width":898,"height":675,"url":"https:\/\/lasentinelle.dz\/wp-content\/uploads\/2024\/04\/arrestation-palestinien.jpeg","type":"image\/jpeg"}],"author":"La Sentinelle","twitter_card":"summary_large_image","twitter_misc":{"\u00c9crit par":"La Sentinelle","Dur\u00e9e de lecture estim\u00e9e":"4 minutes"},"schema":{"@context":"https:\/\/schema.org","@graph":[{"@type":"Article","@id":"https:\/\/lasentinelle.dz\/index.php\/2024\/04\/16\/reincarceration-des-prisonniers-palestiniens-liberes-une-violation-flagrante-des-accords-dechange\/#article","isPartOf":{"@id":"https:\/\/lasentinelle.dz\/index.php\/2024\/04\/16\/reincarceration-des-prisonniers-palestiniens-liberes-une-violation-flagrante-des-accords-dechange\/"},"author":{"name":"La Sentinelle","@id":"https:\/\/lasentinelle.dz\/#\/schema\/person\/d865044e22e70a75174ce8bcad3acfb3"},"headline":"R\u00e9incarc\u00e9ration des prisonniers palestiniens lib\u00e9r\u00e9s\u00a0: Une violation flagrante des accords d&rsquo;\u00e9change","datePublished":"2024-04-16T22:04:15+00:00","dateModified":"2024-04-16T22:04:19+00:00","mainEntityOfPage":{"@id":"https:\/\/lasentinelle.dz\/index.php\/2024\/04\/16\/reincarceration-des-prisonniers-palestiniens-liberes-une-violation-flagrante-des-accords-dechange\/"},"wordCount":746,"commentCount":0,"publisher":{"@id":"https:\/\/lasentinelle.dz\/#organization"},"image":{"@id":"https:\/\/lasentinelle.dz\/index.php\/2024\/04\/16\/reincarceration-des-prisonniers-palestiniens-liberes-une-violation-flagrante-des-accords-dechange\/#primaryimage"},"thumbnailUrl":"https:\/\/lasentinelle.dz\/wp-content\/uploads\/2024\/04\/arrestation-palestinien.jpeg","articleSection":["Actualit\u00e9"],"inLanguage":"fr-FR","potentialAction":[{"@type":"CommentAction","name":"Comment","target":["https:\/\/lasentinelle.dz\/index.php\/2024\/04\/16\/reincarceration-des-prisonniers-palestiniens-liberes-une-violation-flagrante-des-accords-dechange\/#respond"]}]},{"@type":"WebPage","@id":"https:\/\/lasentinelle.dz\/index.php\/2024\/04\/16\/reincarceration-des-prisonniers-palestiniens-liberes-une-violation-flagrante-des-accords-dechange\/","url":"https:\/\/lasentinelle.dz\/index.php\/2024\/04\/16\/reincarceration-des-prisonniers-palestiniens-liberes-une-violation-flagrante-des-accords-dechange\/","name":"R\u00e9incarc\u00e9ration des prisonniers palestiniens lib\u00e9r\u00e9s\u00a0: Une violation flagrante des accords d&rsquo;\u00e9change - La Sentinelle","isPartOf":{"@id":"https:\/\/lasentinelle.dz\/#website"},"primaryImageOfPage":{"@id":"https:\/\/lasentinelle.dz\/index.php\/2024\/04\/16\/reincarceration-des-prisonniers-palestiniens-liberes-une-violation-flagrante-des-accords-dechange\/#primaryimage"},"image":{"@id":"https:\/\/lasentinelle.dz\/index.php\/2024\/04\/16\/reincarceration-des-prisonniers-palestiniens-liberes-une-violation-flagrante-des-accords-dechange\/#primaryimage"},"thumbnailUrl":"https:\/\/lasentinelle.dz\/wp-content\/uploads\/2024\/04\/arrestation-palestinien.jpeg","datePublished":"2024-04-16T22:04:15+00:00","dateModified":"2024-04-16T22:04:19+00:00","breadcrumb":{"@id":"https:\/\/lasentinelle.dz\/index.php\/2024\/04\/16\/reincarceration-des-prisonniers-palestiniens-liberes-une-violation-flagrante-des-accords-dechange\/#breadcrumb"},"inLanguage":"fr-FR","potentialAction":[{"@type":"ReadAction","target":["https:\/\/lasentinelle.dz\/index.php\/2024\/04\/16\/reincarceration-des-prisonniers-palestiniens-liberes-une-violation-flagrante-des-accords-dechange\/"]}]},{"@type":"ImageObject","inLanguage":"fr-FR","@id":"https:\/\/lasentinelle.dz\/index.php\/2024\/04\/16\/reincarceration-des-prisonniers-palestiniens-liberes-une-violation-flagrante-des-accords-dechange\/#primaryimage","url":"https:\/\/lasentinelle.dz\/wp-content\/uploads\/2024\/04\/arrestation-palestinien.jpeg","contentUrl":"https:\/\/lasentinelle.dz\/wp-content\/uploads\/2024\/04\/arrestation-palestinien.jpeg","width":898,"height":675},{"@type":"BreadcrumbList","@id":"https:\/\/lasentinelle.dz\/index.php\/2024\/04\/16\/reincarceration-des-prisonniers-palestiniens-liberes-une-violation-flagrante-des-accords-dechange\/#breadcrumb","itemListElement":[{"@type":"ListItem","position":1,"name":"Accueil","item":"https:\/\/lasentinelle.dz\/"},{"@type":"ListItem","position":2,"name":"R\u00e9incarc\u00e9ration des prisonniers palestiniens lib\u00e9r\u00e9s\u00a0: Une violation flagrante des accords d&rsquo;\u00e9change"}]},{"@type":"WebSite","@id":"https:\/\/lasentinelle.dz\/#website","url":"https:\/\/lasentinelle.dz\/","name":"La Sentinelle","description":"Quotidien national d&#039;information","publisher":{"@id":"https:\/\/lasentinelle.dz\/#organization"},"potentialAction":[{"@type":"SearchAction","target":{"@type":"EntryPoint","urlTemplate":"https:\/\/lasentinelle.dz\/?s={search_term_string}"},"query-input":{"@type":"PropertyValueSpecification","valueRequired":true,"valueName":"search_term_string"}}],"inLanguage":"fr-FR"},{"@type":"Organization","@id":"https:\/\/lasentinelle.dz\/#organization","name":"Quotidien La Sentinelle","url":"https:\/\/lasentinelle.dz\/","logo":{"@type":"ImageObject","inLanguage":"fr-FR","@id":"https:\/\/lasentinelle.dz\/#\/schema\/logo\/image\/","url":"https:\/\/lasentinelle.dz\/wp-content\/uploads\/2021\/09\/logo-sentinelleSLOGAN-1.png","contentUrl":"https:\/\/lasentinelle.dz\/wp-content\/uploads\/2021\/09\/logo-sentinelleSLOGAN-1.png","width":615,"height":142,"caption":"Quotidien La Sentinelle"},"image":{"@id":"https:\/\/lasentinelle.dz\/#\/schema\/logo\/image\/"},"sameAs":["https:\/\/www.facebook.com\/La-Sentinelle-104059864394773"]},{"@type":"Person","@id":"https:\/\/lasentinelle.dz\/#\/schema\/person\/d865044e22e70a75174ce8bcad3acfb3","name":"La Sentinelle","image":{"@type":"ImageObject","inLanguage":"fr-FR","@id":"https:\/\/secure.gravatar.com\/avatar\/57de8e5d4b15d43fb361a71fbb36338450fe67865b528a43dd10ef7c51a20392?s=96&d=mm&r=g","url":"https:\/\/secure.gravatar.com\/avatar\/57de8e5d4b15d43fb361a71fbb36338450fe67865b528a43dd10ef7c51a20392?s=96&d=mm&r=g","contentUrl":"https:\/\/secure.gravatar.com\/avatar\/57de8e5d4b15d43fb361a71fbb36338450fe67865b528a43dd10ef7c51a20392?s=96&d=mm&r=g","caption":"La Sentinelle"},"sameAs":["http:\/\/www.lasentinelle.dz"],"url":"https:\/\/lasentinelle.dz\/author\/redaction\/"}]}},"_links":{"self":[{"href":"https:\/\/lasentinelle.dz\/index.php\/wp-json\/wp\/v2\/posts\/51329","targetHints":{"allow":["GET"]}}],"collection":[{"href":"https:\/\/lasentinelle.dz\/index.php\/wp-json\/wp\/v2\/posts"}],"about":[{"href":"https:\/\/lasentinelle.dz\/index.php\/wp-json\/wp\/v2\/types\/post"}],"author":[{"embeddable":true,"href":"https:\/\/lasentinelle.dz\/index.php\/wp-json\/wp\/v2\/users\/3"}],"replies":[{"embeddable":true,"href":"https:\/\/lasentinelle.dz\/index.php\/wp-json\/wp\/v2\/comments?post=51329"}],"version-history":[{"count":2,"href":"https:\/\/lasentinelle.dz\/index.php\/wp-json\/wp\/v2\/posts\/51329\/revisions"}],"predecessor-version":[{"id":51332,"href":"https:\/\/lasentinelle.dz\/index.php\/wp-json\/wp\/v2\/posts\/51329\/revisions\/51332"}],"wp:featuredmedia":[{"embeddable":true,"href":"https:\/\/lasentinelle.dz\/index.php\/wp-json\/wp\/v2\/media\/51330"}],"wp:attachment":[{"href":"https:\/\/lasentinelle.dz\/index.php\/wp-json\/wp\/v2\/media?parent=51329"}],"wp:term":[{"taxonomy":"category","embeddable":true,"href":"https:\/\/lasentinelle.dz\/index.php\/wp-json\/wp\/v2\/categories?post=51329"},{"taxonomy":"post_tag","embeddable":true,"href":"https:\/\/lasentinelle.dz\/index.php\/wp-json\/wp\/v2\/tags?post=51329"}],"curies":[{"name":"wp","href":"https:\/\/api.w.org\/{rel}","templated":true}]}}