{"id":51333,"date":"2024-04-16T23:05:53","date_gmt":"2024-04-16T22:05:53","guid":{"rendered":"https:\/\/lasentinelle.dz\/?p=51333"},"modified":"2024-04-16T23:06:00","modified_gmt":"2024-04-16T22:06:00","slug":"les-ong-denoncent-le-deplacement-force-de-la-population-a-ghaza","status":"publish","type":"post","link":"https:\/\/lasentinelle.dz\/index.php\/2024\/04\/16\/les-ong-denoncent-le-deplacement-force-de-la-population-a-ghaza\/","title":{"rendered":"Les ONG d\u00e9noncent le d\u00e9placement forc\u00e9 de la population \u00e0 Ghaza"},"content":{"rendered":"\n<p>Les forces d\u2019occupation isra\u00e9liennes intensifient leurs crimes de d\u00e9placement forc\u00e9 des Palestiniens, en for\u00e7ant les Palestiniens \u00e0 quitter leurs foyers, puis en s\u2019attaquant aux civils qui tentent de retourner chez eux y compris les femmes et les enfants. Dans ce contexte, l&rsquo;Observatoire euro-m\u00e9diterran\u00e9en pour les droits de l&rsquo;Homme (Euro-Med Monitor) a indiqu\u00e9 hier dans un communiqu\u00e9 que l&rsquo;arm\u00e9e d\u2019occupation a \u00ab\u00a0d\u00e9lib\u00e9r\u00e9ment attaqu\u00e9 dimanche dernier des milliers de civils palestiniens, tuant et blessant des dizaines d&rsquo;entre eux, et poursuivant son crime de d\u00e9placement forc\u00e9 en emp\u00eachant les civils qu&rsquo;elle avait auparavant forc\u00e9s \u00e0 \u00e9vacuer (&#8230;), de regagner les r\u00e9gions du nord. Ces actions peuvent \u00eatre consid\u00e9r\u00e9es comme des crimes contre l&rsquo;humanit\u00e9 et des crimes de guerre\u00a0\u00bb. &nbsp;L&rsquo;ONG rappelle que depuis le 12 octobre 2023, soit cinq jours apr\u00e8s le d\u00e9but du g\u00e9nocide en cours contre la population de la bande de Ghaza, l&rsquo;arm\u00e9e sioniste \u00ab\u00a0a tent\u00e9 de mener sa plus grande campagne de d\u00e9placement forc\u00e9 contre environ 1,1 million d&rsquo;habitants du nord de la bande de Ghaza en les for\u00e7ant \u00e0 \u00e9vacuer vers le sud et le centre de la bande\u00a0\u00bb. L&rsquo;entit\u00e9 sioniste \u00ab\u00a0doit mettre fin \u00e0 son crime de d\u00e9placement forc\u00e9 contre les civils palestiniens et autoriser leur retour dans leurs foyers conform\u00e9ment au droit international\u00a0\u00bb, souligne l&rsquo;Observatoire, ajoutant que la communaut\u00e9 internationale doit faire pression sur l&rsquo;entit\u00e9 sioniste pour qu'\u00a0\u00bbelle mette fin \u00e0 tous ses crimes et respecte les r\u00e8gles de la guerre, qui interdisent de prendre d\u00e9lib\u00e9r\u00e9ment pour cible des civils en toutes circonstances et consid\u00e8rent le d\u00e9placement forc\u00e9 de civils comme une violation grave \u00e9quivalant \u00e0 des crimes contre l&rsquo;humanit\u00e9 et crimes de guerre\u00a0\u00bb. De son c\u00f4t\u00e9, la porte-parole du Haut-Commissariat, Ravina Shamdasani, a d\u00e9clar\u00e9 hier lors d&rsquo;une conf\u00e9rence de presse \u00e0 Gen\u00e8ve qu'\u00a0\u00bbil y a environ 1,7 million de personnes d\u00e9plac\u00e9es de force \u00e0 Ghaza. Ces personnes vivent dans des conditions terrifiantes et sous une menace constante\u00a0\u00bb. Pour Shamdasani, \u00ab\u00a0r\u00e9soudre la situation catastrophique v\u00e9cue par les civils \u00e0 Ghaza doit rester une priorit\u00e9\u00a0\u00bb.<\/p>\n\n\n\n<p>Le d\u00e9placement forc\u00e9 de la population \u00e0 Ghaza a \u00e9t\u00e9 plusieurs fois d\u00e9nonc\u00e9 par les ONG et les instances de l\u2019ONU au cours des derniers mois. Dans ce contexte, l\u2019ONG M\u00e9decins sans fronti\u00e8res avait r\u00e9cemment rappel\u00e9 que \u00ab&nbsp;les d\u00e9placements forc\u00e9s, tels qu\u2019\u00e0 Ghaza, constituent&nbsp;<strong>une violation du droit international humanitaire<\/strong>, en particulier l\u2019article 49 de la quatri\u00e8me convention de Gen\u00e8ve qui interdit le transfert forc\u00e9 de personnes prot\u00e9g\u00e9es par une puissance occupante&nbsp;\u00bb.&nbsp;<\/p>\n\n\n\n<p>Notons, dans le m\u00eame sens, que la Rapporteuse sp\u00e9ciale des Nations Unies sur les territoires palestiniens occup\u00e9s, Francesca Albanese, a une nouvelle fois accus\u00e9 l\u2019entit\u00e9 sioniste de g\u00e9nocide, soulignant que l\u2019occupation a commis au moins 3 actes g\u00e9nocidaires \u00e0 Ghaza. De son c\u00f4t\u00e9, l&rsquo;Office de secours et de travaux des Nations unies pour les r\u00e9fugi\u00e9s de Palestine (UNRWA) a d\u00e9nonc\u00e9 les actions de l\u2019occupation isra\u00e9lienne qui a min\u00e9 ses structures, notamment ses \u00e9coles par le biais de bombes non-explos\u00e9es qui emp\u00eache la reprise des op\u00e9rations en toute s\u00e9curit\u00e9. Les agences de l&rsquo;ONU ont men\u00e9 une \u00ab\u00a0mission d&rsquo;\u00e9valuation\u00a0\u00bb \u00e0 Khan Younes apr\u00e8s le retrait des forces sionistes de la ville assi\u00e9g\u00e9e la semaine derni\u00e8re, a indiqu\u00e9 l&rsquo;UNRWA. La mission a r\u00e9v\u00e9l\u00e9 \u00ab\u00a0des difficult\u00e9s importantes pour op\u00e9rer en toute s\u00e9curit\u00e9 en raison de la pr\u00e9sence de munitions non explos\u00e9es, notamment de bombes de 1 000 livres \u00e0 l&rsquo;int\u00e9rieur des \u00e9coles et sur les routes\u00a0\u00bb. D\u00e9but avril, le Service de lutte antimines des Nations Unies (UNMAS) en Palestine avait d\u00e9clar\u00e9 que des millions de dollars seront n\u00e9cessaires pour nettoyer Ghaza des bombes non explos\u00e9es, largu\u00e9es par l&rsquo;arm\u00e9e sioniste sur l&rsquo;enclave palestinienne au cours des six derniers mois.<\/p>\n\n\n\n<p>Le bilan de l\u2019agression isra\u00e9lienne contre Ghaza est extr\u00eamement pour les civils, notamment pour les femmes et les enfants. Fonds des Nations Unies pour l&rsquo;enfance (UNICEF) a soulign\u00e9 hier que \u00ab\u00a0le nombre total d\u2019enfants bless\u00e9s \u00e0 Ghaza est assez difficile \u00e0 \u00e9valuer, mais les donn\u00e9es les plus r\u00e9centes font \u00e9tat de plus de 12.000 enfants \u2013 soit pr\u00e8s de 70 enfants chaque jour \u2013 bless\u00e9s \u00e0 Ghaza depuis le d\u00e9but de la guerre actuelle\u00a0\u00bb, a d\u00e9clar\u00e9 mardi Tess Ingram, responsable de la communication de l&rsquo;UNICEF,&nbsp; lors d&rsquo;une conf\u00e9rence de presse \u00e0 Gen\u00e8ve. &nbsp;La responsable a fait savoir que \u00ab\u00a0des milliers de bless\u00e9s \u00e0 Ghaza luttent<\/p>\n\n\n\n<p>pour recevoir les soins m\u00e9dicaux dont ils ont besoin. \u00ab\u00a0Et avec un enfant tu\u00e9 ou bless\u00e9 toutes les dix minutes, nous avons avant tout besoin d\u2019un cessez-le-feu. C\u2019est le seul moyen de mettre un terme aux meurtres et aux mutilations d\u2019enfants\u00a0\u00bb, a soulign\u00e9 Ingram. ONU Femmes a de son c\u00f4t\u00e9 soulign\u00e9 dans un nouveau rapport que \u00ab&nbsp;Six mois apr\u00e8s le d\u00e9but de la guerre, 10.000 femmes palestiniennes \u00e0 Ghaza ont \u00e9t\u00e9 tu\u00e9es, parmi lesquelles environ 6.000 m\u00e8res, laissant 19.000 &nbsp;enfants orphelins\u00a0\u00bb.<\/p>\n\n\n\n<p>Chokri Hafed<\/p>\n","protected":false},"excerpt":{"rendered":"<p>Les forces d\u2019occupation isra\u00e9liennes intensifient leurs crimes de d\u00e9placement forc\u00e9 des Palestiniens, en for\u00e7ant les Palestiniens \u00e0 quitter leurs foyers,<\/p>\n","protected":false},"author":3,"featured_media":48654,"comment_status":"open","ping_status":"closed","sticky":false,"template":"","format":"standard","meta":{"colormag_page_container_layout":"default_layout","colormag_page_sidebar_layout":"default_layout","om_disable_all_campaigns":false,"_monsterinsights_skip_tracking":false,"_monsterinsights_sitenote_active":false,"_monsterinsights_sitenote_note":"","_monsterinsights_sitenote_category":0,"footnotes":"","_wpscppro_dont_share_socialmedia":false,"_wpscppro_custom_social_share_image":0,"_facebook_share_type":"","_twitter_share_type":"","_linkedin_share_type":"","_pinterest_share_type":"","_linkedin_share_type_page":"","_instagram_share_type":"","_medium_share_type":"","_threads_share_type":"","_google_business_share_type":"","_selected_social_profile":[],"_wpsp_enable_custom_social_template":false,"_wpsp_social_scheduling":{"enabled":false,"datetime":null,"platforms":[],"status":"template_only","dateOption":"today","timeOption":"now","customDays":"","customHours":"","customDate":"","customTime":"","schedulingType":"absolute"},"_wpsp_active_default_template":true},"categories":[27],"tags":[],"class_list":["post-51333","post","type-post","status-publish","format-standard","has-post-thumbnail","hentry","category-actualite"],"aioseo_notices":[],"yoast_head":"<!-- This site is optimized with the Yoast SEO plugin v27.5 - https:\/\/yoast.com\/product\/yoast-seo-wordpress\/ -->\n<title>Les ONG d\u00e9noncent le d\u00e9placement forc\u00e9 de la population \u00e0 Ghaza - La Sentinelle<\/title>\n<meta name=\"robots\" content=\"index, follow, max-snippet:-1, max-image-preview:large, max-video-preview:-1\" \/>\n<link rel=\"canonical\" href=\"https:\/\/lasentinelle.dz\/index.php\/2024\/04\/16\/les-ong-denoncent-le-deplacement-force-de-la-population-a-ghaza\/\" \/>\n<meta property=\"og:locale\" content=\"fr_FR\" \/>\n<meta property=\"og:type\" content=\"article\" \/>\n<meta property=\"og:title\" content=\"Les ONG d\u00e9noncent le d\u00e9placement forc\u00e9 de la population \u00e0 Ghaza - La Sentinelle\" \/>\n<meta property=\"og:description\" content=\"Les forces d\u2019occupation isra\u00e9liennes intensifient leurs crimes de d\u00e9placement forc\u00e9 des Palestiniens, en for\u00e7ant les Palestiniens \u00e0 quitter leurs foyers,\" \/>\n<meta property=\"og:url\" content=\"https:\/\/lasentinelle.dz\/index.php\/2024\/04\/16\/les-ong-denoncent-le-deplacement-force-de-la-population-a-ghaza\/\" \/>\n<meta property=\"og:site_name\" content=\"La Sentinelle\" \/>\n<meta property=\"article:publisher\" content=\"https:\/\/www.facebook.com\/La-Sentinelle-104059864394773\" \/>\n<meta property=\"article:published_time\" content=\"2024-04-16T22:05:53+00:00\" \/>\n<meta property=\"article:modified_time\" content=\"2024-04-16T22:06:00+00:00\" \/>\n<meta property=\"og:image\" content=\"https:\/\/lasentinelle.dz\/wp-content\/uploads\/2024\/01\/deportation.jpeg\" \/>\n\t<meta property=\"og:image:width\" content=\"1024\" \/>\n\t<meta property=\"og:image:height\" content=\"683\" \/>\n\t<meta property=\"og:image:type\" content=\"image\/jpeg\" \/>\n<meta name=\"author\" content=\"La Sentinelle\" \/>\n<meta name=\"twitter:card\" content=\"summary_large_image\" \/>\n<meta name=\"twitter:label1\" content=\"\u00c9crit par\" \/>\n\t<meta name=\"twitter:data1\" content=\"La Sentinelle\" \/>\n\t<meta name=\"twitter:label2\" content=\"Dur\u00e9e de lecture estim\u00e9e\" \/>\n\t<meta name=\"twitter:data2\" content=\"5 minutes\" \/>\n<script type=\"application\/ld+json\" class=\"yoast-schema-graph\">{\"@context\":\"https:\\\/\\\/schema.org\",\"@graph\":[{\"@type\":\"Article\",\"@id\":\"https:\\\/\\\/lasentinelle.dz\\\/index.php\\\/2024\\\/04\\\/16\\\/les-ong-denoncent-le-deplacement-force-de-la-population-a-ghaza\\\/#article\",\"isPartOf\":{\"@id\":\"https:\\\/\\\/lasentinelle.dz\\\/index.php\\\/2024\\\/04\\\/16\\\/les-ong-denoncent-le-deplacement-force-de-la-population-a-ghaza\\\/\"},\"author\":{\"name\":\"La Sentinelle\",\"@id\":\"https:\\\/\\\/lasentinelle.dz\\\/#\\\/schema\\\/person\\\/d865044e22e70a75174ce8bcad3acfb3\"},\"headline\":\"Les ONG d\u00e9noncent le d\u00e9placement forc\u00e9 de la population \u00e0 Ghaza\",\"datePublished\":\"2024-04-16T22:05:53+00:00\",\"dateModified\":\"2024-04-16T22:06:00+00:00\",\"mainEntityOfPage\":{\"@id\":\"https:\\\/\\\/lasentinelle.dz\\\/index.php\\\/2024\\\/04\\\/16\\\/les-ong-denoncent-le-deplacement-force-de-la-population-a-ghaza\\\/\"},\"wordCount\":905,\"commentCount\":0,\"publisher\":{\"@id\":\"https:\\\/\\\/lasentinelle.dz\\\/#organization\"},\"image\":{\"@id\":\"https:\\\/\\\/lasentinelle.dz\\\/index.php\\\/2024\\\/04\\\/16\\\/les-ong-denoncent-le-deplacement-force-de-la-population-a-ghaza\\\/#primaryimage\"},\"thumbnailUrl\":\"https:\\\/\\\/lasentinelle.dz\\\/wp-content\\\/uploads\\\/2024\\\/01\\\/deportation.jpeg\",\"articleSection\":[\"Actualit\u00e9\"],\"inLanguage\":\"fr-FR\",\"potentialAction\":[{\"@type\":\"CommentAction\",\"name\":\"Comment\",\"target\":[\"https:\\\/\\\/lasentinelle.dz\\\/index.php\\\/2024\\\/04\\\/16\\\/les-ong-denoncent-le-deplacement-force-de-la-population-a-ghaza\\\/#respond\"]}]},{\"@type\":\"WebPage\",\"@id\":\"https:\\\/\\\/lasentinelle.dz\\\/index.php\\\/2024\\\/04\\\/16\\\/les-ong-denoncent-le-deplacement-force-de-la-population-a-ghaza\\\/\",\"url\":\"https:\\\/\\\/lasentinelle.dz\\\/index.php\\\/2024\\\/04\\\/16\\\/les-ong-denoncent-le-deplacement-force-de-la-population-a-ghaza\\\/\",\"name\":\"Les ONG d\u00e9noncent le d\u00e9placement forc\u00e9 de la population \u00e0 Ghaza - La Sentinelle\",\"isPartOf\":{\"@id\":\"https:\\\/\\\/lasentinelle.dz\\\/#website\"},\"primaryImageOfPage\":{\"@id\":\"https:\\\/\\\/lasentinelle.dz\\\/index.php\\\/2024\\\/04\\\/16\\\/les-ong-denoncent-le-deplacement-force-de-la-population-a-ghaza\\\/#primaryimage\"},\"image\":{\"@id\":\"https:\\\/\\\/lasentinelle.dz\\\/index.php\\\/2024\\\/04\\\/16\\\/les-ong-denoncent-le-deplacement-force-de-la-population-a-ghaza\\\/#primaryimage\"},\"thumbnailUrl\":\"https:\\\/\\\/lasentinelle.dz\\\/wp-content\\\/uploads\\\/2024\\\/01\\\/deportation.jpeg\",\"datePublished\":\"2024-04-16T22:05:53+00:00\",\"dateModified\":\"2024-04-16T22:06:00+00:00\",\"breadcrumb\":{\"@id\":\"https:\\\/\\\/lasentinelle.dz\\\/index.php\\\/2024\\\/04\\\/16\\\/les-ong-denoncent-le-deplacement-force-de-la-population-a-ghaza\\\/#breadcrumb\"},\"inLanguage\":\"fr-FR\",\"potentialAction\":[{\"@type\":\"ReadAction\",\"target\":[\"https:\\\/\\\/lasentinelle.dz\\\/index.php\\\/2024\\\/04\\\/16\\\/les-ong-denoncent-le-deplacement-force-de-la-population-a-ghaza\\\/\"]}]},{\"@type\":\"ImageObject\",\"inLanguage\":\"fr-FR\",\"@id\":\"https:\\\/\\\/lasentinelle.dz\\\/index.php\\\/2024\\\/04\\\/16\\\/les-ong-denoncent-le-deplacement-force-de-la-population-a-ghaza\\\/#primaryimage\",\"url\":\"https:\\\/\\\/lasentinelle.dz\\\/wp-content\\\/uploads\\\/2024\\\/01\\\/deportation.jpeg\",\"contentUrl\":\"https:\\\/\\\/lasentinelle.dz\\\/wp-content\\\/uploads\\\/2024\\\/01\\\/deportation.jpeg\",\"width\":1024,\"height\":683},{\"@type\":\"BreadcrumbList\",\"@id\":\"https:\\\/\\\/lasentinelle.dz\\\/index.php\\\/2024\\\/04\\\/16\\\/les-ong-denoncent-le-deplacement-force-de-la-population-a-ghaza\\\/#breadcrumb\",\"itemListElement\":[{\"@type\":\"ListItem\",\"position\":1,\"name\":\"Accueil\",\"item\":\"https:\\\/\\\/lasentinelle.dz\\\/\"},{\"@type\":\"ListItem\",\"position\":2,\"name\":\"Les ONG d\u00e9noncent le d\u00e9placement forc\u00e9 de la population \u00e0 Ghaza\"}]},{\"@type\":\"WebSite\",\"@id\":\"https:\\\/\\\/lasentinelle.dz\\\/#website\",\"url\":\"https:\\\/\\\/lasentinelle.dz\\\/\",\"name\":\"La Sentinelle\",\"description\":\"Quotidien national d&#039;information\",\"publisher\":{\"@id\":\"https:\\\/\\\/lasentinelle.dz\\\/#organization\"},\"potentialAction\":[{\"@type\":\"SearchAction\",\"target\":{\"@type\":\"EntryPoint\",\"urlTemplate\":\"https:\\\/\\\/lasentinelle.dz\\\/?s={search_term_string}\"},\"query-input\":{\"@type\":\"PropertyValueSpecification\",\"valueRequired\":true,\"valueName\":\"search_term_string\"}}],\"inLanguage\":\"fr-FR\"},{\"@type\":\"Organization\",\"@id\":\"https:\\\/\\\/lasentinelle.dz\\\/#organization\",\"name\":\"Quotidien La Sentinelle\",\"url\":\"https:\\\/\\\/lasentinelle.dz\\\/\",\"logo\":{\"@type\":\"ImageObject\",\"inLanguage\":\"fr-FR\",\"@id\":\"https:\\\/\\\/lasentinelle.dz\\\/#\\\/schema\\\/logo\\\/image\\\/\",\"url\":\"https:\\\/\\\/lasentinelle.dz\\\/wp-content\\\/uploads\\\/2021\\\/09\\\/logo-sentinelleSLOGAN-1.png\",\"contentUrl\":\"https:\\\/\\\/lasentinelle.dz\\\/wp-content\\\/uploads\\\/2021\\\/09\\\/logo-sentinelleSLOGAN-1.png\",\"width\":615,\"height\":142,\"caption\":\"Quotidien La Sentinelle\"},\"image\":{\"@id\":\"https:\\\/\\\/lasentinelle.dz\\\/#\\\/schema\\\/logo\\\/image\\\/\"},\"sameAs\":[\"https:\\\/\\\/www.facebook.com\\\/La-Sentinelle-104059864394773\"]},{\"@type\":\"Person\",\"@id\":\"https:\\\/\\\/lasentinelle.dz\\\/#\\\/schema\\\/person\\\/d865044e22e70a75174ce8bcad3acfb3\",\"name\":\"La Sentinelle\",\"image\":{\"@type\":\"ImageObject\",\"inLanguage\":\"fr-FR\",\"@id\":\"https:\\\/\\\/secure.gravatar.com\\\/avatar\\\/57de8e5d4b15d43fb361a71fbb36338450fe67865b528a43dd10ef7c51a20392?s=96&d=mm&r=g\",\"url\":\"https:\\\/\\\/secure.gravatar.com\\\/avatar\\\/57de8e5d4b15d43fb361a71fbb36338450fe67865b528a43dd10ef7c51a20392?s=96&d=mm&r=g\",\"contentUrl\":\"https:\\\/\\\/secure.gravatar.com\\\/avatar\\\/57de8e5d4b15d43fb361a71fbb36338450fe67865b528a43dd10ef7c51a20392?s=96&d=mm&r=g\",\"caption\":\"La Sentinelle\"},\"sameAs\":[\"http:\\\/\\\/www.lasentinelle.dz\"],\"url\":\"https:\\\/\\\/lasentinelle.dz\\\/author\\\/redaction\\\/\"}]}<\/script>\n<!-- \/ Yoast SEO plugin. -->","yoast_head_json":{"title":"Les ONG d\u00e9noncent le d\u00e9placement forc\u00e9 de la population \u00e0 Ghaza - La Sentinelle","robots":{"index":"index","follow":"follow","max-snippet":"max-snippet:-1","max-image-preview":"max-image-preview:large","max-video-preview":"max-video-preview:-1"},"canonical":"https:\/\/lasentinelle.dz\/index.php\/2024\/04\/16\/les-ong-denoncent-le-deplacement-force-de-la-population-a-ghaza\/","og_locale":"fr_FR","og_type":"article","og_title":"Les ONG d\u00e9noncent le d\u00e9placement forc\u00e9 de la population \u00e0 Ghaza - La Sentinelle","og_description":"Les forces d\u2019occupation isra\u00e9liennes intensifient leurs crimes de d\u00e9placement forc\u00e9 des Palestiniens, en for\u00e7ant les Palestiniens \u00e0 quitter leurs foyers,","og_url":"https:\/\/lasentinelle.dz\/index.php\/2024\/04\/16\/les-ong-denoncent-le-deplacement-force-de-la-population-a-ghaza\/","og_site_name":"La Sentinelle","article_publisher":"https:\/\/www.facebook.com\/La-Sentinelle-104059864394773","article_published_time":"2024-04-16T22:05:53+00:00","article_modified_time":"2024-04-16T22:06:00+00:00","og_image":[{"width":1024,"height":683,"url":"https:\/\/lasentinelle.dz\/wp-content\/uploads\/2024\/01\/deportation.jpeg","type":"image\/jpeg"}],"author":"La Sentinelle","twitter_card":"summary_large_image","twitter_misc":{"\u00c9crit par":"La Sentinelle","Dur\u00e9e de lecture estim\u00e9e":"5 minutes"},"schema":{"@context":"https:\/\/schema.org","@graph":[{"@type":"Article","@id":"https:\/\/lasentinelle.dz\/index.php\/2024\/04\/16\/les-ong-denoncent-le-deplacement-force-de-la-population-a-ghaza\/#article","isPartOf":{"@id":"https:\/\/lasentinelle.dz\/index.php\/2024\/04\/16\/les-ong-denoncent-le-deplacement-force-de-la-population-a-ghaza\/"},"author":{"name":"La Sentinelle","@id":"https:\/\/lasentinelle.dz\/#\/schema\/person\/d865044e22e70a75174ce8bcad3acfb3"},"headline":"Les ONG d\u00e9noncent le d\u00e9placement forc\u00e9 de la population \u00e0 Ghaza","datePublished":"2024-04-16T22:05:53+00:00","dateModified":"2024-04-16T22:06:00+00:00","mainEntityOfPage":{"@id":"https:\/\/lasentinelle.dz\/index.php\/2024\/04\/16\/les-ong-denoncent-le-deplacement-force-de-la-population-a-ghaza\/"},"wordCount":905,"commentCount":0,"publisher":{"@id":"https:\/\/lasentinelle.dz\/#organization"},"image":{"@id":"https:\/\/lasentinelle.dz\/index.php\/2024\/04\/16\/les-ong-denoncent-le-deplacement-force-de-la-population-a-ghaza\/#primaryimage"},"thumbnailUrl":"https:\/\/lasentinelle.dz\/wp-content\/uploads\/2024\/01\/deportation.jpeg","articleSection":["Actualit\u00e9"],"inLanguage":"fr-FR","potentialAction":[{"@type":"CommentAction","name":"Comment","target":["https:\/\/lasentinelle.dz\/index.php\/2024\/04\/16\/les-ong-denoncent-le-deplacement-force-de-la-population-a-ghaza\/#respond"]}]},{"@type":"WebPage","@id":"https:\/\/lasentinelle.dz\/index.php\/2024\/04\/16\/les-ong-denoncent-le-deplacement-force-de-la-population-a-ghaza\/","url":"https:\/\/lasentinelle.dz\/index.php\/2024\/04\/16\/les-ong-denoncent-le-deplacement-force-de-la-population-a-ghaza\/","name":"Les ONG d\u00e9noncent le d\u00e9placement forc\u00e9 de la population \u00e0 Ghaza - La Sentinelle","isPartOf":{"@id":"https:\/\/lasentinelle.dz\/#website"},"primaryImageOfPage":{"@id":"https:\/\/lasentinelle.dz\/index.php\/2024\/04\/16\/les-ong-denoncent-le-deplacement-force-de-la-population-a-ghaza\/#primaryimage"},"image":{"@id":"https:\/\/lasentinelle.dz\/index.php\/2024\/04\/16\/les-ong-denoncent-le-deplacement-force-de-la-population-a-ghaza\/#primaryimage"},"thumbnailUrl":"https:\/\/lasentinelle.dz\/wp-content\/uploads\/2024\/01\/deportation.jpeg","datePublished":"2024-04-16T22:05:53+00:00","dateModified":"2024-04-16T22:06:00+00:00","breadcrumb":{"@id":"https:\/\/lasentinelle.dz\/index.php\/2024\/04\/16\/les-ong-denoncent-le-deplacement-force-de-la-population-a-ghaza\/#breadcrumb"},"inLanguage":"fr-FR","potentialAction":[{"@type":"ReadAction","target":["https:\/\/lasentinelle.dz\/index.php\/2024\/04\/16\/les-ong-denoncent-le-deplacement-force-de-la-population-a-ghaza\/"]}]},{"@type":"ImageObject","inLanguage":"fr-FR","@id":"https:\/\/lasentinelle.dz\/index.php\/2024\/04\/16\/les-ong-denoncent-le-deplacement-force-de-la-population-a-ghaza\/#primaryimage","url":"https:\/\/lasentinelle.dz\/wp-content\/uploads\/2024\/01\/deportation.jpeg","contentUrl":"https:\/\/lasentinelle.dz\/wp-content\/uploads\/2024\/01\/deportation.jpeg","width":1024,"height":683},{"@type":"BreadcrumbList","@id":"https:\/\/lasentinelle.dz\/index.php\/2024\/04\/16\/les-ong-denoncent-le-deplacement-force-de-la-population-a-ghaza\/#breadcrumb","itemListElement":[{"@type":"ListItem","position":1,"name":"Accueil","item":"https:\/\/lasentinelle.dz\/"},{"@type":"ListItem","position":2,"name":"Les ONG d\u00e9noncent le d\u00e9placement forc\u00e9 de la population \u00e0 Ghaza"}]},{"@type":"WebSite","@id":"https:\/\/lasentinelle.dz\/#website","url":"https:\/\/lasentinelle.dz\/","name":"La Sentinelle","description":"Quotidien national d&#039;information","publisher":{"@id":"https:\/\/lasentinelle.dz\/#organization"},"potentialAction":[{"@type":"SearchAction","target":{"@type":"EntryPoint","urlTemplate":"https:\/\/lasentinelle.dz\/?s={search_term_string}"},"query-input":{"@type":"PropertyValueSpecification","valueRequired":true,"valueName":"search_term_string"}}],"inLanguage":"fr-FR"},{"@type":"Organization","@id":"https:\/\/lasentinelle.dz\/#organization","name":"Quotidien La Sentinelle","url":"https:\/\/lasentinelle.dz\/","logo":{"@type":"ImageObject","inLanguage":"fr-FR","@id":"https:\/\/lasentinelle.dz\/#\/schema\/logo\/image\/","url":"https:\/\/lasentinelle.dz\/wp-content\/uploads\/2021\/09\/logo-sentinelleSLOGAN-1.png","contentUrl":"https:\/\/lasentinelle.dz\/wp-content\/uploads\/2021\/09\/logo-sentinelleSLOGAN-1.png","width":615,"height":142,"caption":"Quotidien La Sentinelle"},"image":{"@id":"https:\/\/lasentinelle.dz\/#\/schema\/logo\/image\/"},"sameAs":["https:\/\/www.facebook.com\/La-Sentinelle-104059864394773"]},{"@type":"Person","@id":"https:\/\/lasentinelle.dz\/#\/schema\/person\/d865044e22e70a75174ce8bcad3acfb3","name":"La Sentinelle","image":{"@type":"ImageObject","inLanguage":"fr-FR","@id":"https:\/\/secure.gravatar.com\/avatar\/57de8e5d4b15d43fb361a71fbb36338450fe67865b528a43dd10ef7c51a20392?s=96&d=mm&r=g","url":"https:\/\/secure.gravatar.com\/avatar\/57de8e5d4b15d43fb361a71fbb36338450fe67865b528a43dd10ef7c51a20392?s=96&d=mm&r=g","contentUrl":"https:\/\/secure.gravatar.com\/avatar\/57de8e5d4b15d43fb361a71fbb36338450fe67865b528a43dd10ef7c51a20392?s=96&d=mm&r=g","caption":"La Sentinelle"},"sameAs":["http:\/\/www.lasentinelle.dz"],"url":"https:\/\/lasentinelle.dz\/author\/redaction\/"}]}},"_links":{"self":[{"href":"https:\/\/lasentinelle.dz\/index.php\/wp-json\/wp\/v2\/posts\/51333","targetHints":{"allow":["GET"]}}],"collection":[{"href":"https:\/\/lasentinelle.dz\/index.php\/wp-json\/wp\/v2\/posts"}],"about":[{"href":"https:\/\/lasentinelle.dz\/index.php\/wp-json\/wp\/v2\/types\/post"}],"author":[{"embeddable":true,"href":"https:\/\/lasentinelle.dz\/index.php\/wp-json\/wp\/v2\/users\/3"}],"replies":[{"embeddable":true,"href":"https:\/\/lasentinelle.dz\/index.php\/wp-json\/wp\/v2\/comments?post=51333"}],"version-history":[{"count":1,"href":"https:\/\/lasentinelle.dz\/index.php\/wp-json\/wp\/v2\/posts\/51333\/revisions"}],"predecessor-version":[{"id":51334,"href":"https:\/\/lasentinelle.dz\/index.php\/wp-json\/wp\/v2\/posts\/51333\/revisions\/51334"}],"wp:featuredmedia":[{"embeddable":true,"href":"https:\/\/lasentinelle.dz\/index.php\/wp-json\/wp\/v2\/media\/48654"}],"wp:attachment":[{"href":"https:\/\/lasentinelle.dz\/index.php\/wp-json\/wp\/v2\/media?parent=51333"}],"wp:term":[{"taxonomy":"category","embeddable":true,"href":"https:\/\/lasentinelle.dz\/index.php\/wp-json\/wp\/v2\/categories?post=51333"},{"taxonomy":"post_tag","embeddable":true,"href":"https:\/\/lasentinelle.dz\/index.php\/wp-json\/wp\/v2\/tags?post=51333"}],"curies":[{"name":"wp","href":"https:\/\/api.w.org\/{rel}","templated":true}]}}