{"id":51345,"date":"2024-04-19T11:05:46","date_gmt":"2024-04-19T10:05:46","guid":{"rendered":"https:\/\/lasentinelle.dz\/?p=51345"},"modified":"2024-04-19T11:05:48","modified_gmt":"2024-04-19T10:05:48","slug":"elle-supplante-la-ram-air-algerie-deploie-ses-ailes-en-afrique","status":"publish","type":"post","link":"https:\/\/lasentinelle.dz\/index.php\/2024\/04\/19\/elle-supplante-la-ram-air-algerie-deploie-ses-ailes-en-afrique\/","title":{"rendered":"Elle supplante la RAM\u00a0: Air Alg\u00e9rie d\u00e9ploie ses ailes en Afrique"},"content":{"rendered":"\n<p>Le plan de d\u00e9veloppement et de d\u00e9ploiement de la compagnie a\u00e9rienne nationale Air Alg\u00e9rie commence \u00e0 payer. Gr\u00e2ce au travail acharn\u00e9 men\u00e9 depuis et aux strat\u00e9gies audacieuses mises en \u0153uvre, Air Alg\u00e9rie est mont\u00e9e sur le Podium des plus grandes compagnies a\u00e9riennes africaines. Selon le classement de plus grandes compagnies africaines publi\u00e9 par Africa Facts Zone, Air Alg\u00e9rie s\u2019est class\u00e9e troisi\u00e8me plus grande compagnie africaine derri\u00e8re Ethiopian Airlines et EgyptAir. Elle ravit cette troisi\u00e8me place \u00e0 la Royal Air Maroc qu\u2019elle supplante gr\u00e2ce \u00e0 son plan de d\u00e9veloppement dont les r\u00e9sultats ont d\u00e9pass\u00e9 les attentes les plus optimistes. &nbsp;Un plan lanc\u00e9 en 2022 avec l\u2019annonce de la compagnie de se d\u00e9ployer notamment sur le continent, en plus de l\u2019ouverture de nouvelles lignes long courrier adoss\u00e9 \u00e0 un programme de modernisation et de consolidation de sa flotte avec l\u2019acquisition de nouveaux avions. Avec un total de 56 avions, Air Alg\u00e9rie se hisse d\u00e9sormais parmi les poids lourds du secteur, offrant ainsi une connectivit\u00e9 accrue \u00e0 travers le continent. Air Alg\u00e9rie n\u2019entend pas s\u2019arr\u00eater en si bon chemin et compte ouvrir de nouvelles lignes cette ann\u00e9es avec pour objectif de faire d\u2019Alger un hub a\u00e9rien entre l\u2019Afrique et les diff\u00e9rents a\u00e9roports internationaux. Les responsables de la compagnie a\u00e9rienne ont annonc\u00e9 au mois de janvier lors d\u2019un expos\u00e9 \u00e0 l\u2019Assembl\u00e9e populaire nationale qu\u2019Air Alg\u00e9rie compte ouvrir sept nouvelles lignes a\u00e9riennes \u00e0 l\u2019international avant la fin de 2024, qui s\u2019ajouteront aux quatre nouvelles lignes ouvertes l\u2019ann\u00e9e derni\u00e8re. Air Alg\u00e9rie projette ainsi de lancer sept nouvelles lignes d\u2019ici le quatri\u00e8me trimestre de 2024, notamment vers l\u2019Afrique avec les a\u00e9roports de Libreville (Gabon), Abuja (Nigeria), et N\u2019Djamena (Tchad).En plus des lignes vers l\u2019a\u00e9roport de Gatewik (Londres) et celle vers New York, dont l\u2019ouverture \u00ab est \u00e0 l\u2019\u00e9tude \u00bb. L\u2019ann\u00e9e 2023 a vu l\u2019ouverture de quatre nouvelles lignes, \u00e0 savoir Johannesburg (Afrique du Sud), Abidjan (Cote d\u2019Ivoire), Douala (Cameroun) et Addis-Abeba (Ethiopie), en plus de l\u2019ouverture d\u2019une nouvelle ligne vers Sant P\u00e9tersbourg en Russie. Elle a \u00e9galement augment\u00e9 le nombre de vols vers des destinations comme Nouakchott (Mauritanie), le Caire (Egypte), Dakar (S\u00e9n\u00e9gal) et Bamako (Mali).<\/p>\n\n\n\n<p>Notons sur un autre volet que le classement \u00e9tabli par Africa Facts Zone a r\u00e9v\u00e9l\u00e9 que l\u2019ensemble des compagnies africaines b\u00e9n\u00e9ficie d\u2019une conjoncture favorable, comme en t\u00e9moigne la hausse significative du trafic a\u00e9rien enregistr\u00e9e au cours des premiers mois de 2024. Une croissance estim\u00e9e \u00e0 20,7% par l\u2019Association Internationale du Transport A\u00e9rien (IATA), pla\u00e7ant ainsi le continent parmi les leaders mondiaux en la mati\u00e8re.<\/p>\n\n\n\n<p>Samir Benisid<\/p>\n","protected":false},"excerpt":{"rendered":"<p>Le plan de d\u00e9veloppement et de d\u00e9ploiement de la compagnie a\u00e9rienne nationale Air Alg\u00e9rie commence \u00e0 payer. Gr\u00e2ce au travail<\/p>\n","protected":false},"author":3,"featured_media":22696,"comment_status":"open","ping_status":"closed","sticky":false,"template":"","format":"standard","meta":{"colormag_page_container_layout":"default_layout","colormag_page_sidebar_layout":"default_layout","om_disable_all_campaigns":false,"_monsterinsights_skip_tracking":false,"_monsterinsights_sitenote_active":false,"_monsterinsights_sitenote_note":"","_monsterinsights_sitenote_category":0,"footnotes":"","_wpscppro_dont_share_socialmedia":false,"_wpscppro_custom_social_share_image":0,"_facebook_share_type":"","_twitter_share_type":"","_linkedin_share_type":"","_pinterest_share_type":"","_linkedin_share_type_page":"","_instagram_share_type":"","_medium_share_type":"","_threads_share_type":"","_google_business_share_type":"","_selected_social_profile":[],"_wpsp_enable_custom_social_template":false,"_wpsp_social_scheduling":{"enabled":false,"datetime":null,"platforms":[],"status":"template_only","dateOption":"today","timeOption":"now","customDays":"","customHours":"","customDate":"","customTime":"","schedulingType":"absolute"},"_wpsp_active_default_template":true},"categories":[52,29],"tags":[],"class_list":["post-51345","post","type-post","status-publish","format-standard","has-post-thumbnail","hentry","category-a-la-une","category-economie"],"aioseo_notices":[],"yoast_head":"<!-- This site is optimized with the Yoast SEO plugin v27.5 - https:\/\/yoast.com\/product\/yoast-seo-wordpress\/ -->\n<title>Elle supplante la RAM\u00a0: Air Alg\u00e9rie d\u00e9ploie ses ailes en Afrique - La Sentinelle<\/title>\n<meta name=\"robots\" content=\"index, follow, max-snippet:-1, max-image-preview:large, max-video-preview:-1\" \/>\n<link rel=\"canonical\" href=\"https:\/\/lasentinelle.dz\/index.php\/2024\/04\/19\/elle-supplante-la-ram-air-algerie-deploie-ses-ailes-en-afrique\/\" \/>\n<meta property=\"og:locale\" content=\"fr_FR\" \/>\n<meta property=\"og:type\" content=\"article\" \/>\n<meta property=\"og:title\" content=\"Elle supplante la RAM\u00a0: Air Alg\u00e9rie d\u00e9ploie ses ailes en Afrique - La Sentinelle\" \/>\n<meta property=\"og:description\" content=\"Le plan de d\u00e9veloppement et de d\u00e9ploiement de la compagnie a\u00e9rienne nationale Air Alg\u00e9rie commence \u00e0 payer. Gr\u00e2ce au travail\" \/>\n<meta property=\"og:url\" content=\"https:\/\/lasentinelle.dz\/index.php\/2024\/04\/19\/elle-supplante-la-ram-air-algerie-deploie-ses-ailes-en-afrique\/\" \/>\n<meta property=\"og:site_name\" content=\"La Sentinelle\" \/>\n<meta property=\"article:publisher\" content=\"https:\/\/www.facebook.com\/La-Sentinelle-104059864394773\" \/>\n<meta property=\"article:published_time\" content=\"2024-04-19T10:05:46+00:00\" \/>\n<meta property=\"article:modified_time\" content=\"2024-04-19T10:05:48+00:00\" \/>\n<meta property=\"og:image\" content=\"https:\/\/lasentinelle.dz\/wp-content\/uploads\/2022\/06\/Air-Algerie-1.png\" \/>\n\t<meta property=\"og:image:width\" content=\"1600\" \/>\n\t<meta property=\"og:image:height\" content=\"900\" \/>\n\t<meta property=\"og:image:type\" content=\"image\/png\" \/>\n<meta name=\"author\" content=\"La Sentinelle\" \/>\n<meta name=\"twitter:card\" content=\"summary_large_image\" \/>\n<meta name=\"twitter:label1\" content=\"\u00c9crit par\" \/>\n\t<meta name=\"twitter:data1\" content=\"La Sentinelle\" \/>\n\t<meta name=\"twitter:label2\" content=\"Dur\u00e9e de lecture estim\u00e9e\" \/>\n\t<meta name=\"twitter:data2\" content=\"3 minutes\" \/>\n<script type=\"application\/ld+json\" class=\"yoast-schema-graph\">{\"@context\":\"https:\\\/\\\/schema.org\",\"@graph\":[{\"@type\":\"Article\",\"@id\":\"https:\\\/\\\/lasentinelle.dz\\\/index.php\\\/2024\\\/04\\\/19\\\/elle-supplante-la-ram-air-algerie-deploie-ses-ailes-en-afrique\\\/#article\",\"isPartOf\":{\"@id\":\"https:\\\/\\\/lasentinelle.dz\\\/index.php\\\/2024\\\/04\\\/19\\\/elle-supplante-la-ram-air-algerie-deploie-ses-ailes-en-afrique\\\/\"},\"author\":{\"name\":\"La Sentinelle\",\"@id\":\"https:\\\/\\\/lasentinelle.dz\\\/#\\\/schema\\\/person\\\/d865044e22e70a75174ce8bcad3acfb3\"},\"headline\":\"Elle supplante la RAM\u00a0: Air Alg\u00e9rie d\u00e9ploie ses ailes en Afrique\",\"datePublished\":\"2024-04-19T10:05:46+00:00\",\"dateModified\":\"2024-04-19T10:05:48+00:00\",\"mainEntityOfPage\":{\"@id\":\"https:\\\/\\\/lasentinelle.dz\\\/index.php\\\/2024\\\/04\\\/19\\\/elle-supplante-la-ram-air-algerie-deploie-ses-ailes-en-afrique\\\/\"},\"wordCount\":492,\"commentCount\":0,\"publisher\":{\"@id\":\"https:\\\/\\\/lasentinelle.dz\\\/#organization\"},\"image\":{\"@id\":\"https:\\\/\\\/lasentinelle.dz\\\/index.php\\\/2024\\\/04\\\/19\\\/elle-supplante-la-ram-air-algerie-deploie-ses-ailes-en-afrique\\\/#primaryimage\"},\"thumbnailUrl\":\"https:\\\/\\\/lasentinelle.dz\\\/wp-content\\\/uploads\\\/2022\\\/06\\\/Air-Algerie-1.png\",\"articleSection\":[\"\u00c0 la Une\",\"\u00c9conomie\"],\"inLanguage\":\"fr-FR\",\"potentialAction\":[{\"@type\":\"CommentAction\",\"name\":\"Comment\",\"target\":[\"https:\\\/\\\/lasentinelle.dz\\\/index.php\\\/2024\\\/04\\\/19\\\/elle-supplante-la-ram-air-algerie-deploie-ses-ailes-en-afrique\\\/#respond\"]}]},{\"@type\":\"WebPage\",\"@id\":\"https:\\\/\\\/lasentinelle.dz\\\/index.php\\\/2024\\\/04\\\/19\\\/elle-supplante-la-ram-air-algerie-deploie-ses-ailes-en-afrique\\\/\",\"url\":\"https:\\\/\\\/lasentinelle.dz\\\/index.php\\\/2024\\\/04\\\/19\\\/elle-supplante-la-ram-air-algerie-deploie-ses-ailes-en-afrique\\\/\",\"name\":\"Elle supplante la RAM\u00a0: Air Alg\u00e9rie d\u00e9ploie ses ailes en Afrique - La Sentinelle\",\"isPartOf\":{\"@id\":\"https:\\\/\\\/lasentinelle.dz\\\/#website\"},\"primaryImageOfPage\":{\"@id\":\"https:\\\/\\\/lasentinelle.dz\\\/index.php\\\/2024\\\/04\\\/19\\\/elle-supplante-la-ram-air-algerie-deploie-ses-ailes-en-afrique\\\/#primaryimage\"},\"image\":{\"@id\":\"https:\\\/\\\/lasentinelle.dz\\\/index.php\\\/2024\\\/04\\\/19\\\/elle-supplante-la-ram-air-algerie-deploie-ses-ailes-en-afrique\\\/#primaryimage\"},\"thumbnailUrl\":\"https:\\\/\\\/lasentinelle.dz\\\/wp-content\\\/uploads\\\/2022\\\/06\\\/Air-Algerie-1.png\",\"datePublished\":\"2024-04-19T10:05:46+00:00\",\"dateModified\":\"2024-04-19T10:05:48+00:00\",\"breadcrumb\":{\"@id\":\"https:\\\/\\\/lasentinelle.dz\\\/index.php\\\/2024\\\/04\\\/19\\\/elle-supplante-la-ram-air-algerie-deploie-ses-ailes-en-afrique\\\/#breadcrumb\"},\"inLanguage\":\"fr-FR\",\"potentialAction\":[{\"@type\":\"ReadAction\",\"target\":[\"https:\\\/\\\/lasentinelle.dz\\\/index.php\\\/2024\\\/04\\\/19\\\/elle-supplante-la-ram-air-algerie-deploie-ses-ailes-en-afrique\\\/\"]}]},{\"@type\":\"ImageObject\",\"inLanguage\":\"fr-FR\",\"@id\":\"https:\\\/\\\/lasentinelle.dz\\\/index.php\\\/2024\\\/04\\\/19\\\/elle-supplante-la-ram-air-algerie-deploie-ses-ailes-en-afrique\\\/#primaryimage\",\"url\":\"https:\\\/\\\/lasentinelle.dz\\\/wp-content\\\/uploads\\\/2022\\\/06\\\/Air-Algerie-1.png\",\"contentUrl\":\"https:\\\/\\\/lasentinelle.dz\\\/wp-content\\\/uploads\\\/2022\\\/06\\\/Air-Algerie-1.png\",\"width\":1600,\"height\":900},{\"@type\":\"BreadcrumbList\",\"@id\":\"https:\\\/\\\/lasentinelle.dz\\\/index.php\\\/2024\\\/04\\\/19\\\/elle-supplante-la-ram-air-algerie-deploie-ses-ailes-en-afrique\\\/#breadcrumb\",\"itemListElement\":[{\"@type\":\"ListItem\",\"position\":1,\"name\":\"Accueil\",\"item\":\"https:\\\/\\\/lasentinelle.dz\\\/\"},{\"@type\":\"ListItem\",\"position\":2,\"name\":\"Elle supplante la RAM\u00a0: Air Alg\u00e9rie d\u00e9ploie ses ailes en Afrique\"}]},{\"@type\":\"WebSite\",\"@id\":\"https:\\\/\\\/lasentinelle.dz\\\/#website\",\"url\":\"https:\\\/\\\/lasentinelle.dz\\\/\",\"name\":\"La Sentinelle\",\"description\":\"Quotidien national d&#039;information\",\"publisher\":{\"@id\":\"https:\\\/\\\/lasentinelle.dz\\\/#organization\"},\"potentialAction\":[{\"@type\":\"SearchAction\",\"target\":{\"@type\":\"EntryPoint\",\"urlTemplate\":\"https:\\\/\\\/lasentinelle.dz\\\/?s={search_term_string}\"},\"query-input\":{\"@type\":\"PropertyValueSpecification\",\"valueRequired\":true,\"valueName\":\"search_term_string\"}}],\"inLanguage\":\"fr-FR\"},{\"@type\":\"Organization\",\"@id\":\"https:\\\/\\\/lasentinelle.dz\\\/#organization\",\"name\":\"Quotidien La Sentinelle\",\"url\":\"https:\\\/\\\/lasentinelle.dz\\\/\",\"logo\":{\"@type\":\"ImageObject\",\"inLanguage\":\"fr-FR\",\"@id\":\"https:\\\/\\\/lasentinelle.dz\\\/#\\\/schema\\\/logo\\\/image\\\/\",\"url\":\"https:\\\/\\\/lasentinelle.dz\\\/wp-content\\\/uploads\\\/2021\\\/09\\\/logo-sentinelleSLOGAN-1.png\",\"contentUrl\":\"https:\\\/\\\/lasentinelle.dz\\\/wp-content\\\/uploads\\\/2021\\\/09\\\/logo-sentinelleSLOGAN-1.png\",\"width\":615,\"height\":142,\"caption\":\"Quotidien La Sentinelle\"},\"image\":{\"@id\":\"https:\\\/\\\/lasentinelle.dz\\\/#\\\/schema\\\/logo\\\/image\\\/\"},\"sameAs\":[\"https:\\\/\\\/www.facebook.com\\\/La-Sentinelle-104059864394773\"]},{\"@type\":\"Person\",\"@id\":\"https:\\\/\\\/lasentinelle.dz\\\/#\\\/schema\\\/person\\\/d865044e22e70a75174ce8bcad3acfb3\",\"name\":\"La Sentinelle\",\"image\":{\"@type\":\"ImageObject\",\"inLanguage\":\"fr-FR\",\"@id\":\"https:\\\/\\\/secure.gravatar.com\\\/avatar\\\/57de8e5d4b15d43fb361a71fbb36338450fe67865b528a43dd10ef7c51a20392?s=96&d=mm&r=g\",\"url\":\"https:\\\/\\\/secure.gravatar.com\\\/avatar\\\/57de8e5d4b15d43fb361a71fbb36338450fe67865b528a43dd10ef7c51a20392?s=96&d=mm&r=g\",\"contentUrl\":\"https:\\\/\\\/secure.gravatar.com\\\/avatar\\\/57de8e5d4b15d43fb361a71fbb36338450fe67865b528a43dd10ef7c51a20392?s=96&d=mm&r=g\",\"caption\":\"La Sentinelle\"},\"sameAs\":[\"http:\\\/\\\/www.lasentinelle.dz\"],\"url\":\"https:\\\/\\\/lasentinelle.dz\\\/author\\\/redaction\\\/\"}]}<\/script>\n<!-- \/ Yoast SEO plugin. -->","yoast_head_json":{"title":"Elle supplante la RAM\u00a0: Air Alg\u00e9rie d\u00e9ploie ses ailes en Afrique - La Sentinelle","robots":{"index":"index","follow":"follow","max-snippet":"max-snippet:-1","max-image-preview":"max-image-preview:large","max-video-preview":"max-video-preview:-1"},"canonical":"https:\/\/lasentinelle.dz\/index.php\/2024\/04\/19\/elle-supplante-la-ram-air-algerie-deploie-ses-ailes-en-afrique\/","og_locale":"fr_FR","og_type":"article","og_title":"Elle supplante la RAM\u00a0: Air Alg\u00e9rie d\u00e9ploie ses ailes en Afrique - La Sentinelle","og_description":"Le plan de d\u00e9veloppement et de d\u00e9ploiement de la compagnie a\u00e9rienne nationale Air Alg\u00e9rie commence \u00e0 payer. Gr\u00e2ce au travail","og_url":"https:\/\/lasentinelle.dz\/index.php\/2024\/04\/19\/elle-supplante-la-ram-air-algerie-deploie-ses-ailes-en-afrique\/","og_site_name":"La Sentinelle","article_publisher":"https:\/\/www.facebook.com\/La-Sentinelle-104059864394773","article_published_time":"2024-04-19T10:05:46+00:00","article_modified_time":"2024-04-19T10:05:48+00:00","og_image":[{"width":1600,"height":900,"url":"https:\/\/lasentinelle.dz\/wp-content\/uploads\/2022\/06\/Air-Algerie-1.png","type":"image\/png"}],"author":"La Sentinelle","twitter_card":"summary_large_image","twitter_misc":{"\u00c9crit par":"La Sentinelle","Dur\u00e9e de lecture estim\u00e9e":"3 minutes"},"schema":{"@context":"https:\/\/schema.org","@graph":[{"@type":"Article","@id":"https:\/\/lasentinelle.dz\/index.php\/2024\/04\/19\/elle-supplante-la-ram-air-algerie-deploie-ses-ailes-en-afrique\/#article","isPartOf":{"@id":"https:\/\/lasentinelle.dz\/index.php\/2024\/04\/19\/elle-supplante-la-ram-air-algerie-deploie-ses-ailes-en-afrique\/"},"author":{"name":"La Sentinelle","@id":"https:\/\/lasentinelle.dz\/#\/schema\/person\/d865044e22e70a75174ce8bcad3acfb3"},"headline":"Elle supplante la RAM\u00a0: Air Alg\u00e9rie d\u00e9ploie ses ailes en Afrique","datePublished":"2024-04-19T10:05:46+00:00","dateModified":"2024-04-19T10:05:48+00:00","mainEntityOfPage":{"@id":"https:\/\/lasentinelle.dz\/index.php\/2024\/04\/19\/elle-supplante-la-ram-air-algerie-deploie-ses-ailes-en-afrique\/"},"wordCount":492,"commentCount":0,"publisher":{"@id":"https:\/\/lasentinelle.dz\/#organization"},"image":{"@id":"https:\/\/lasentinelle.dz\/index.php\/2024\/04\/19\/elle-supplante-la-ram-air-algerie-deploie-ses-ailes-en-afrique\/#primaryimage"},"thumbnailUrl":"https:\/\/lasentinelle.dz\/wp-content\/uploads\/2022\/06\/Air-Algerie-1.png","articleSection":["\u00c0 la Une","\u00c9conomie"],"inLanguage":"fr-FR","potentialAction":[{"@type":"CommentAction","name":"Comment","target":["https:\/\/lasentinelle.dz\/index.php\/2024\/04\/19\/elle-supplante-la-ram-air-algerie-deploie-ses-ailes-en-afrique\/#respond"]}]},{"@type":"WebPage","@id":"https:\/\/lasentinelle.dz\/index.php\/2024\/04\/19\/elle-supplante-la-ram-air-algerie-deploie-ses-ailes-en-afrique\/","url":"https:\/\/lasentinelle.dz\/index.php\/2024\/04\/19\/elle-supplante-la-ram-air-algerie-deploie-ses-ailes-en-afrique\/","name":"Elle supplante la RAM\u00a0: Air Alg\u00e9rie d\u00e9ploie ses ailes en Afrique - La Sentinelle","isPartOf":{"@id":"https:\/\/lasentinelle.dz\/#website"},"primaryImageOfPage":{"@id":"https:\/\/lasentinelle.dz\/index.php\/2024\/04\/19\/elle-supplante-la-ram-air-algerie-deploie-ses-ailes-en-afrique\/#primaryimage"},"image":{"@id":"https:\/\/lasentinelle.dz\/index.php\/2024\/04\/19\/elle-supplante-la-ram-air-algerie-deploie-ses-ailes-en-afrique\/#primaryimage"},"thumbnailUrl":"https:\/\/lasentinelle.dz\/wp-content\/uploads\/2022\/06\/Air-Algerie-1.png","datePublished":"2024-04-19T10:05:46+00:00","dateModified":"2024-04-19T10:05:48+00:00","breadcrumb":{"@id":"https:\/\/lasentinelle.dz\/index.php\/2024\/04\/19\/elle-supplante-la-ram-air-algerie-deploie-ses-ailes-en-afrique\/#breadcrumb"},"inLanguage":"fr-FR","potentialAction":[{"@type":"ReadAction","target":["https:\/\/lasentinelle.dz\/index.php\/2024\/04\/19\/elle-supplante-la-ram-air-algerie-deploie-ses-ailes-en-afrique\/"]}]},{"@type":"ImageObject","inLanguage":"fr-FR","@id":"https:\/\/lasentinelle.dz\/index.php\/2024\/04\/19\/elle-supplante-la-ram-air-algerie-deploie-ses-ailes-en-afrique\/#primaryimage","url":"https:\/\/lasentinelle.dz\/wp-content\/uploads\/2022\/06\/Air-Algerie-1.png","contentUrl":"https:\/\/lasentinelle.dz\/wp-content\/uploads\/2022\/06\/Air-Algerie-1.png","width":1600,"height":900},{"@type":"BreadcrumbList","@id":"https:\/\/lasentinelle.dz\/index.php\/2024\/04\/19\/elle-supplante-la-ram-air-algerie-deploie-ses-ailes-en-afrique\/#breadcrumb","itemListElement":[{"@type":"ListItem","position":1,"name":"Accueil","item":"https:\/\/lasentinelle.dz\/"},{"@type":"ListItem","position":2,"name":"Elle supplante la RAM\u00a0: Air Alg\u00e9rie d\u00e9ploie ses ailes en Afrique"}]},{"@type":"WebSite","@id":"https:\/\/lasentinelle.dz\/#website","url":"https:\/\/lasentinelle.dz\/","name":"La Sentinelle","description":"Quotidien national d&#039;information","publisher":{"@id":"https:\/\/lasentinelle.dz\/#organization"},"potentialAction":[{"@type":"SearchAction","target":{"@type":"EntryPoint","urlTemplate":"https:\/\/lasentinelle.dz\/?s={search_term_string}"},"query-input":{"@type":"PropertyValueSpecification","valueRequired":true,"valueName":"search_term_string"}}],"inLanguage":"fr-FR"},{"@type":"Organization","@id":"https:\/\/lasentinelle.dz\/#organization","name":"Quotidien La Sentinelle","url":"https:\/\/lasentinelle.dz\/","logo":{"@type":"ImageObject","inLanguage":"fr-FR","@id":"https:\/\/lasentinelle.dz\/#\/schema\/logo\/image\/","url":"https:\/\/lasentinelle.dz\/wp-content\/uploads\/2021\/09\/logo-sentinelleSLOGAN-1.png","contentUrl":"https:\/\/lasentinelle.dz\/wp-content\/uploads\/2021\/09\/logo-sentinelleSLOGAN-1.png","width":615,"height":142,"caption":"Quotidien La Sentinelle"},"image":{"@id":"https:\/\/lasentinelle.dz\/#\/schema\/logo\/image\/"},"sameAs":["https:\/\/www.facebook.com\/La-Sentinelle-104059864394773"]},{"@type":"Person","@id":"https:\/\/lasentinelle.dz\/#\/schema\/person\/d865044e22e70a75174ce8bcad3acfb3","name":"La Sentinelle","image":{"@type":"ImageObject","inLanguage":"fr-FR","@id":"https:\/\/secure.gravatar.com\/avatar\/57de8e5d4b15d43fb361a71fbb36338450fe67865b528a43dd10ef7c51a20392?s=96&d=mm&r=g","url":"https:\/\/secure.gravatar.com\/avatar\/57de8e5d4b15d43fb361a71fbb36338450fe67865b528a43dd10ef7c51a20392?s=96&d=mm&r=g","contentUrl":"https:\/\/secure.gravatar.com\/avatar\/57de8e5d4b15d43fb361a71fbb36338450fe67865b528a43dd10ef7c51a20392?s=96&d=mm&r=g","caption":"La Sentinelle"},"sameAs":["http:\/\/www.lasentinelle.dz"],"url":"https:\/\/lasentinelle.dz\/author\/redaction\/"}]}},"_links":{"self":[{"href":"https:\/\/lasentinelle.dz\/index.php\/wp-json\/wp\/v2\/posts\/51345","targetHints":{"allow":["GET"]}}],"collection":[{"href":"https:\/\/lasentinelle.dz\/index.php\/wp-json\/wp\/v2\/posts"}],"about":[{"href":"https:\/\/lasentinelle.dz\/index.php\/wp-json\/wp\/v2\/types\/post"}],"author":[{"embeddable":true,"href":"https:\/\/lasentinelle.dz\/index.php\/wp-json\/wp\/v2\/users\/3"}],"replies":[{"embeddable":true,"href":"https:\/\/lasentinelle.dz\/index.php\/wp-json\/wp\/v2\/comments?post=51345"}],"version-history":[{"count":1,"href":"https:\/\/lasentinelle.dz\/index.php\/wp-json\/wp\/v2\/posts\/51345\/revisions"}],"predecessor-version":[{"id":51346,"href":"https:\/\/lasentinelle.dz\/index.php\/wp-json\/wp\/v2\/posts\/51345\/revisions\/51346"}],"wp:featuredmedia":[{"embeddable":true,"href":"https:\/\/lasentinelle.dz\/index.php\/wp-json\/wp\/v2\/media\/22696"}],"wp:attachment":[{"href":"https:\/\/lasentinelle.dz\/index.php\/wp-json\/wp\/v2\/media?parent=51345"}],"wp:term":[{"taxonomy":"category","embeddable":true,"href":"https:\/\/lasentinelle.dz\/index.php\/wp-json\/wp\/v2\/categories?post=51345"},{"taxonomy":"post_tag","embeddable":true,"href":"https:\/\/lasentinelle.dz\/index.php\/wp-json\/wp\/v2\/tags?post=51345"}],"curies":[{"name":"wp","href":"https:\/\/api.w.org\/{rel}","templated":true}]}}