{"id":51364,"date":"2024-04-19T11:48:59","date_gmt":"2024-04-19T10:48:59","guid":{"rendered":"https:\/\/lasentinelle.dz\/?p=51364"},"modified":"2024-04-19T11:49:04","modified_gmt":"2024-04-19T10:49:04","slug":"dialogue-mediterraneen-de-lotan-lounes-magramane-recoit-lamiral-rob-bauer","status":"publish","type":"post","link":"https:\/\/lasentinelle.dz\/index.php\/2024\/04\/19\/dialogue-mediterraneen-de-lotan-lounes-magramane-recoit-lamiral-rob-bauer\/","title":{"rendered":"Dialogue M\u00e9diterran\u00e9en de l\u2019Otan\u00a0: Loun\u00e8s Magramane re\u00e7oit l&rsquo;Amiral Rob Bauer"},"content":{"rendered":"\n<p>Le Secr\u00e9taire g\u00e9n\u00e9ral du minist\u00e8re des Affaires \u00e9trang\u00e8res et de la communaut\u00e9 nationale \u00e0 l&rsquo;\u00e9tranger, M. Loun\u00e8s Magramane, a re\u00e7u hier \u00e0 Alger le Pr\u00e9sident du Comit\u00e9 militaire de l&rsquo;Organisation du Trait\u00e9 de l&rsquo;Atlantique Nord (OTAN), l&rsquo;Amiral Rob Bauer, en visite en Alg\u00e9rie du 17 au 19 avril 2024, indique un communiqu\u00e9 du minist\u00e8re. Cette visite s&rsquo;inscrit dans le cadre d&rsquo;un p\u00e9riple qu&rsquo;effectue le repr\u00e9sentant ottonien dans des pays partenaires du Dialogue M\u00e9diterran\u00e9en de l&rsquo;OTAN. Les discussions ont permis de passer en revue les relations de partenariat entre l&rsquo;Alg\u00e9rie et l&rsquo;OTAN ainsi que les moyens de les renforcer davantage afin de r\u00e9pondre aux aspirations des deux parties, notamment dans le cadre de l&rsquo;ex\u00e9cution du prochain programme de coop\u00e9ration bilat\u00e9rale, intitul\u00e9 \u00ab\u00a0Programme de partenariat individualis\u00e9\u00a0\u00bb, \u00e0 arr\u00eater par les deux parties, pr\u00e9cise le communiqu\u00e9. Les deux parties ont \u00e9galement proc\u00e9d\u00e9 \u00e0 un \u00e9change de vues sur les questions internationales et r\u00e9gionales d&rsquo;int\u00e9r\u00eat commun, notamment les d\u00e9fis auxquels est confront\u00e9e la r\u00e9gion m\u00e9diterran\u00e9enne ainsi que les d\u00e9veloppements de la situation dans la r\u00e9gion sah\u00e9lo-saharienne et sur la question palestinienne. Sur ces derniers points, M. Magramane a rappel\u00e9 les efforts men\u00e9s par l&rsquo;Alg\u00e9rie en vue du d\u00e9veloppement et de la stabilisation de la r\u00e9gion du Sahel, ainsi que ceux entrepris, en particulier, au sein du Conseil de S\u00e9curit\u00e9 de l&rsquo;ONU, en vue d&rsquo;arr\u00eater les actions g\u00e9nocidaires \u00e0 Ghaza, a conclu le communiqu\u00e9.<\/p>\n\n\n\n<p>APS<\/p>\n","protected":false},"excerpt":{"rendered":"<p>Le Secr\u00e9taire g\u00e9n\u00e9ral du minist\u00e8re des Affaires \u00e9trang\u00e8res et de la communaut\u00e9 nationale \u00e0 l&rsquo;\u00e9tranger, M. Loun\u00e8s Magramane, a re\u00e7u<\/p>\n","protected":false},"author":3,"featured_media":51365,"comment_status":"open","ping_status":"closed","sticky":false,"template":"","format":"standard","meta":{"colormag_page_container_layout":"default_layout","colormag_page_sidebar_layout":"default_layout","om_disable_all_campaigns":false,"_monsterinsights_skip_tracking":false,"_monsterinsights_sitenote_active":false,"_monsterinsights_sitenote_note":"","_monsterinsights_sitenote_category":0,"footnotes":"","_wpscppro_dont_share_socialmedia":false,"_wpscppro_custom_social_share_image":0,"_facebook_share_type":"","_twitter_share_type":"","_linkedin_share_type":"","_pinterest_share_type":"","_linkedin_share_type_page":"","_instagram_share_type":"","_medium_share_type":"","_threads_share_type":"","_google_business_share_type":"","_selected_social_profile":[],"_wpsp_enable_custom_social_template":false,"_wpsp_social_scheduling":{"enabled":false,"datetime":null,"platforms":[],"status":"template_only","dateOption":"today","timeOption":"now","customDays":"","customHours":"","customDate":"","customTime":"","schedulingType":"absolute"},"_wpsp_active_default_template":true},"categories":[27],"tags":[],"class_list":["post-51364","post","type-post","status-publish","format-standard","has-post-thumbnail","hentry","category-actualite"],"aioseo_notices":[],"yoast_head":"<!-- This site is optimized with the Yoast SEO plugin v27.5 - https:\/\/yoast.com\/product\/yoast-seo-wordpress\/ -->\n<title>Dialogue M\u00e9diterran\u00e9en de l\u2019Otan\u00a0: Loun\u00e8s Magramane re\u00e7oit l&rsquo;Amiral Rob Bauer - La Sentinelle<\/title>\n<meta name=\"robots\" content=\"index, follow, max-snippet:-1, max-image-preview:large, max-video-preview:-1\" \/>\n<link rel=\"canonical\" href=\"https:\/\/lasentinelle.dz\/index.php\/2024\/04\/19\/dialogue-mediterraneen-de-lotan-lounes-magramane-recoit-lamiral-rob-bauer\/\" \/>\n<meta property=\"og:locale\" content=\"fr_FR\" \/>\n<meta property=\"og:type\" content=\"article\" \/>\n<meta property=\"og:title\" content=\"Dialogue M\u00e9diterran\u00e9en de l\u2019Otan\u00a0: Loun\u00e8s Magramane re\u00e7oit l&rsquo;Amiral Rob Bauer - La Sentinelle\" \/>\n<meta property=\"og:description\" content=\"Le Secr\u00e9taire g\u00e9n\u00e9ral du minist\u00e8re des Affaires \u00e9trang\u00e8res et de la communaut\u00e9 nationale \u00e0 l&rsquo;\u00e9tranger, M. Loun\u00e8s Magramane, a re\u00e7u\" \/>\n<meta property=\"og:url\" content=\"https:\/\/lasentinelle.dz\/index.php\/2024\/04\/19\/dialogue-mediterraneen-de-lotan-lounes-magramane-recoit-lamiral-rob-bauer\/\" \/>\n<meta property=\"og:site_name\" content=\"La Sentinelle\" \/>\n<meta property=\"article:publisher\" content=\"https:\/\/www.facebook.com\/La-Sentinelle-104059864394773\" \/>\n<meta property=\"article:published_time\" content=\"2024-04-19T10:48:59+00:00\" \/>\n<meta property=\"article:modified_time\" content=\"2024-04-19T10:49:04+00:00\" \/>\n<meta property=\"og:image\" content=\"https:\/\/lasentinelle.dz\/wp-content\/uploads\/2024\/04\/magramane.jpeg\" \/>\n\t<meta property=\"og:image:width\" content=\"1250\" \/>\n\t<meta property=\"og:image:height\" content=\"877\" \/>\n\t<meta property=\"og:image:type\" content=\"image\/jpeg\" \/>\n<meta name=\"author\" content=\"La Sentinelle\" \/>\n<meta name=\"twitter:card\" content=\"summary_large_image\" \/>\n<meta name=\"twitter:label1\" content=\"\u00c9crit par\" \/>\n\t<meta name=\"twitter:data1\" content=\"La Sentinelle\" \/>\n\t<meta name=\"twitter:label2\" content=\"Dur\u00e9e de lecture estim\u00e9e\" \/>\n\t<meta name=\"twitter:data2\" content=\"2 minutes\" \/>\n<script type=\"application\/ld+json\" class=\"yoast-schema-graph\">{\"@context\":\"https:\\\/\\\/schema.org\",\"@graph\":[{\"@type\":\"Article\",\"@id\":\"https:\\\/\\\/lasentinelle.dz\\\/index.php\\\/2024\\\/04\\\/19\\\/dialogue-mediterraneen-de-lotan-lounes-magramane-recoit-lamiral-rob-bauer\\\/#article\",\"isPartOf\":{\"@id\":\"https:\\\/\\\/lasentinelle.dz\\\/index.php\\\/2024\\\/04\\\/19\\\/dialogue-mediterraneen-de-lotan-lounes-magramane-recoit-lamiral-rob-bauer\\\/\"},\"author\":{\"name\":\"La Sentinelle\",\"@id\":\"https:\\\/\\\/lasentinelle.dz\\\/#\\\/schema\\\/person\\\/d865044e22e70a75174ce8bcad3acfb3\"},\"headline\":\"Dialogue M\u00e9diterran\u00e9en de l\u2019Otan\u00a0: Loun\u00e8s Magramane re\u00e7oit l&rsquo;Amiral Rob Bauer\",\"datePublished\":\"2024-04-19T10:48:59+00:00\",\"dateModified\":\"2024-04-19T10:49:04+00:00\",\"mainEntityOfPage\":{\"@id\":\"https:\\\/\\\/lasentinelle.dz\\\/index.php\\\/2024\\\/04\\\/19\\\/dialogue-mediterraneen-de-lotan-lounes-magramane-recoit-lamiral-rob-bauer\\\/\"},\"wordCount\":294,\"commentCount\":0,\"publisher\":{\"@id\":\"https:\\\/\\\/lasentinelle.dz\\\/#organization\"},\"image\":{\"@id\":\"https:\\\/\\\/lasentinelle.dz\\\/index.php\\\/2024\\\/04\\\/19\\\/dialogue-mediterraneen-de-lotan-lounes-magramane-recoit-lamiral-rob-bauer\\\/#primaryimage\"},\"thumbnailUrl\":\"https:\\\/\\\/lasentinelle.dz\\\/wp-content\\\/uploads\\\/2024\\\/04\\\/magramane.jpeg\",\"articleSection\":[\"Actualit\u00e9\"],\"inLanguage\":\"fr-FR\",\"potentialAction\":[{\"@type\":\"CommentAction\",\"name\":\"Comment\",\"target\":[\"https:\\\/\\\/lasentinelle.dz\\\/index.php\\\/2024\\\/04\\\/19\\\/dialogue-mediterraneen-de-lotan-lounes-magramane-recoit-lamiral-rob-bauer\\\/#respond\"]}]},{\"@type\":\"WebPage\",\"@id\":\"https:\\\/\\\/lasentinelle.dz\\\/index.php\\\/2024\\\/04\\\/19\\\/dialogue-mediterraneen-de-lotan-lounes-magramane-recoit-lamiral-rob-bauer\\\/\",\"url\":\"https:\\\/\\\/lasentinelle.dz\\\/index.php\\\/2024\\\/04\\\/19\\\/dialogue-mediterraneen-de-lotan-lounes-magramane-recoit-lamiral-rob-bauer\\\/\",\"name\":\"Dialogue M\u00e9diterran\u00e9en de l\u2019Otan\u00a0: Loun\u00e8s Magramane re\u00e7oit l&rsquo;Amiral Rob Bauer - La Sentinelle\",\"isPartOf\":{\"@id\":\"https:\\\/\\\/lasentinelle.dz\\\/#website\"},\"primaryImageOfPage\":{\"@id\":\"https:\\\/\\\/lasentinelle.dz\\\/index.php\\\/2024\\\/04\\\/19\\\/dialogue-mediterraneen-de-lotan-lounes-magramane-recoit-lamiral-rob-bauer\\\/#primaryimage\"},\"image\":{\"@id\":\"https:\\\/\\\/lasentinelle.dz\\\/index.php\\\/2024\\\/04\\\/19\\\/dialogue-mediterraneen-de-lotan-lounes-magramane-recoit-lamiral-rob-bauer\\\/#primaryimage\"},\"thumbnailUrl\":\"https:\\\/\\\/lasentinelle.dz\\\/wp-content\\\/uploads\\\/2024\\\/04\\\/magramane.jpeg\",\"datePublished\":\"2024-04-19T10:48:59+00:00\",\"dateModified\":\"2024-04-19T10:49:04+00:00\",\"breadcrumb\":{\"@id\":\"https:\\\/\\\/lasentinelle.dz\\\/index.php\\\/2024\\\/04\\\/19\\\/dialogue-mediterraneen-de-lotan-lounes-magramane-recoit-lamiral-rob-bauer\\\/#breadcrumb\"},\"inLanguage\":\"fr-FR\",\"potentialAction\":[{\"@type\":\"ReadAction\",\"target\":[\"https:\\\/\\\/lasentinelle.dz\\\/index.php\\\/2024\\\/04\\\/19\\\/dialogue-mediterraneen-de-lotan-lounes-magramane-recoit-lamiral-rob-bauer\\\/\"]}]},{\"@type\":\"ImageObject\",\"inLanguage\":\"fr-FR\",\"@id\":\"https:\\\/\\\/lasentinelle.dz\\\/index.php\\\/2024\\\/04\\\/19\\\/dialogue-mediterraneen-de-lotan-lounes-magramane-recoit-lamiral-rob-bauer\\\/#primaryimage\",\"url\":\"https:\\\/\\\/lasentinelle.dz\\\/wp-content\\\/uploads\\\/2024\\\/04\\\/magramane.jpeg\",\"contentUrl\":\"https:\\\/\\\/lasentinelle.dz\\\/wp-content\\\/uploads\\\/2024\\\/04\\\/magramane.jpeg\",\"width\":1250,\"height\":877},{\"@type\":\"BreadcrumbList\",\"@id\":\"https:\\\/\\\/lasentinelle.dz\\\/index.php\\\/2024\\\/04\\\/19\\\/dialogue-mediterraneen-de-lotan-lounes-magramane-recoit-lamiral-rob-bauer\\\/#breadcrumb\",\"itemListElement\":[{\"@type\":\"ListItem\",\"position\":1,\"name\":\"Accueil\",\"item\":\"https:\\\/\\\/lasentinelle.dz\\\/\"},{\"@type\":\"ListItem\",\"position\":2,\"name\":\"Dialogue M\u00e9diterran\u00e9en de l\u2019Otan\u00a0: Loun\u00e8s Magramane re\u00e7oit l&rsquo;Amiral Rob Bauer\"}]},{\"@type\":\"WebSite\",\"@id\":\"https:\\\/\\\/lasentinelle.dz\\\/#website\",\"url\":\"https:\\\/\\\/lasentinelle.dz\\\/\",\"name\":\"La Sentinelle\",\"description\":\"Quotidien national d&#039;information\",\"publisher\":{\"@id\":\"https:\\\/\\\/lasentinelle.dz\\\/#organization\"},\"potentialAction\":[{\"@type\":\"SearchAction\",\"target\":{\"@type\":\"EntryPoint\",\"urlTemplate\":\"https:\\\/\\\/lasentinelle.dz\\\/?s={search_term_string}\"},\"query-input\":{\"@type\":\"PropertyValueSpecification\",\"valueRequired\":true,\"valueName\":\"search_term_string\"}}],\"inLanguage\":\"fr-FR\"},{\"@type\":\"Organization\",\"@id\":\"https:\\\/\\\/lasentinelle.dz\\\/#organization\",\"name\":\"Quotidien La Sentinelle\",\"url\":\"https:\\\/\\\/lasentinelle.dz\\\/\",\"logo\":{\"@type\":\"ImageObject\",\"inLanguage\":\"fr-FR\",\"@id\":\"https:\\\/\\\/lasentinelle.dz\\\/#\\\/schema\\\/logo\\\/image\\\/\",\"url\":\"https:\\\/\\\/lasentinelle.dz\\\/wp-content\\\/uploads\\\/2021\\\/09\\\/logo-sentinelleSLOGAN-1.png\",\"contentUrl\":\"https:\\\/\\\/lasentinelle.dz\\\/wp-content\\\/uploads\\\/2021\\\/09\\\/logo-sentinelleSLOGAN-1.png\",\"width\":615,\"height\":142,\"caption\":\"Quotidien La Sentinelle\"},\"image\":{\"@id\":\"https:\\\/\\\/lasentinelle.dz\\\/#\\\/schema\\\/logo\\\/image\\\/\"},\"sameAs\":[\"https:\\\/\\\/www.facebook.com\\\/La-Sentinelle-104059864394773\"]},{\"@type\":\"Person\",\"@id\":\"https:\\\/\\\/lasentinelle.dz\\\/#\\\/schema\\\/person\\\/d865044e22e70a75174ce8bcad3acfb3\",\"name\":\"La Sentinelle\",\"image\":{\"@type\":\"ImageObject\",\"inLanguage\":\"fr-FR\",\"@id\":\"https:\\\/\\\/secure.gravatar.com\\\/avatar\\\/57de8e5d4b15d43fb361a71fbb36338450fe67865b528a43dd10ef7c51a20392?s=96&d=mm&r=g\",\"url\":\"https:\\\/\\\/secure.gravatar.com\\\/avatar\\\/57de8e5d4b15d43fb361a71fbb36338450fe67865b528a43dd10ef7c51a20392?s=96&d=mm&r=g\",\"contentUrl\":\"https:\\\/\\\/secure.gravatar.com\\\/avatar\\\/57de8e5d4b15d43fb361a71fbb36338450fe67865b528a43dd10ef7c51a20392?s=96&d=mm&r=g\",\"caption\":\"La Sentinelle\"},\"sameAs\":[\"http:\\\/\\\/www.lasentinelle.dz\"],\"url\":\"https:\\\/\\\/lasentinelle.dz\\\/author\\\/redaction\\\/\"}]}<\/script>\n<!-- \/ Yoast SEO plugin. -->","yoast_head_json":{"title":"Dialogue M\u00e9diterran\u00e9en de l\u2019Otan\u00a0: Loun\u00e8s Magramane re\u00e7oit l&rsquo;Amiral Rob Bauer - La Sentinelle","robots":{"index":"index","follow":"follow","max-snippet":"max-snippet:-1","max-image-preview":"max-image-preview:large","max-video-preview":"max-video-preview:-1"},"canonical":"https:\/\/lasentinelle.dz\/index.php\/2024\/04\/19\/dialogue-mediterraneen-de-lotan-lounes-magramane-recoit-lamiral-rob-bauer\/","og_locale":"fr_FR","og_type":"article","og_title":"Dialogue M\u00e9diterran\u00e9en de l\u2019Otan\u00a0: Loun\u00e8s Magramane re\u00e7oit l&rsquo;Amiral Rob Bauer - La Sentinelle","og_description":"Le Secr\u00e9taire g\u00e9n\u00e9ral du minist\u00e8re des Affaires \u00e9trang\u00e8res et de la communaut\u00e9 nationale \u00e0 l&rsquo;\u00e9tranger, M. Loun\u00e8s Magramane, a re\u00e7u","og_url":"https:\/\/lasentinelle.dz\/index.php\/2024\/04\/19\/dialogue-mediterraneen-de-lotan-lounes-magramane-recoit-lamiral-rob-bauer\/","og_site_name":"La Sentinelle","article_publisher":"https:\/\/www.facebook.com\/La-Sentinelle-104059864394773","article_published_time":"2024-04-19T10:48:59+00:00","article_modified_time":"2024-04-19T10:49:04+00:00","og_image":[{"width":1250,"height":877,"url":"https:\/\/lasentinelle.dz\/wp-content\/uploads\/2024\/04\/magramane.jpeg","type":"image\/jpeg"}],"author":"La Sentinelle","twitter_card":"summary_large_image","twitter_misc":{"\u00c9crit par":"La Sentinelle","Dur\u00e9e de lecture estim\u00e9e":"2 minutes"},"schema":{"@context":"https:\/\/schema.org","@graph":[{"@type":"Article","@id":"https:\/\/lasentinelle.dz\/index.php\/2024\/04\/19\/dialogue-mediterraneen-de-lotan-lounes-magramane-recoit-lamiral-rob-bauer\/#article","isPartOf":{"@id":"https:\/\/lasentinelle.dz\/index.php\/2024\/04\/19\/dialogue-mediterraneen-de-lotan-lounes-magramane-recoit-lamiral-rob-bauer\/"},"author":{"name":"La Sentinelle","@id":"https:\/\/lasentinelle.dz\/#\/schema\/person\/d865044e22e70a75174ce8bcad3acfb3"},"headline":"Dialogue M\u00e9diterran\u00e9en de l\u2019Otan\u00a0: Loun\u00e8s Magramane re\u00e7oit l&rsquo;Amiral Rob Bauer","datePublished":"2024-04-19T10:48:59+00:00","dateModified":"2024-04-19T10:49:04+00:00","mainEntityOfPage":{"@id":"https:\/\/lasentinelle.dz\/index.php\/2024\/04\/19\/dialogue-mediterraneen-de-lotan-lounes-magramane-recoit-lamiral-rob-bauer\/"},"wordCount":294,"commentCount":0,"publisher":{"@id":"https:\/\/lasentinelle.dz\/#organization"},"image":{"@id":"https:\/\/lasentinelle.dz\/index.php\/2024\/04\/19\/dialogue-mediterraneen-de-lotan-lounes-magramane-recoit-lamiral-rob-bauer\/#primaryimage"},"thumbnailUrl":"https:\/\/lasentinelle.dz\/wp-content\/uploads\/2024\/04\/magramane.jpeg","articleSection":["Actualit\u00e9"],"inLanguage":"fr-FR","potentialAction":[{"@type":"CommentAction","name":"Comment","target":["https:\/\/lasentinelle.dz\/index.php\/2024\/04\/19\/dialogue-mediterraneen-de-lotan-lounes-magramane-recoit-lamiral-rob-bauer\/#respond"]}]},{"@type":"WebPage","@id":"https:\/\/lasentinelle.dz\/index.php\/2024\/04\/19\/dialogue-mediterraneen-de-lotan-lounes-magramane-recoit-lamiral-rob-bauer\/","url":"https:\/\/lasentinelle.dz\/index.php\/2024\/04\/19\/dialogue-mediterraneen-de-lotan-lounes-magramane-recoit-lamiral-rob-bauer\/","name":"Dialogue M\u00e9diterran\u00e9en de l\u2019Otan\u00a0: Loun\u00e8s Magramane re\u00e7oit l&rsquo;Amiral Rob Bauer - La Sentinelle","isPartOf":{"@id":"https:\/\/lasentinelle.dz\/#website"},"primaryImageOfPage":{"@id":"https:\/\/lasentinelle.dz\/index.php\/2024\/04\/19\/dialogue-mediterraneen-de-lotan-lounes-magramane-recoit-lamiral-rob-bauer\/#primaryimage"},"image":{"@id":"https:\/\/lasentinelle.dz\/index.php\/2024\/04\/19\/dialogue-mediterraneen-de-lotan-lounes-magramane-recoit-lamiral-rob-bauer\/#primaryimage"},"thumbnailUrl":"https:\/\/lasentinelle.dz\/wp-content\/uploads\/2024\/04\/magramane.jpeg","datePublished":"2024-04-19T10:48:59+00:00","dateModified":"2024-04-19T10:49:04+00:00","breadcrumb":{"@id":"https:\/\/lasentinelle.dz\/index.php\/2024\/04\/19\/dialogue-mediterraneen-de-lotan-lounes-magramane-recoit-lamiral-rob-bauer\/#breadcrumb"},"inLanguage":"fr-FR","potentialAction":[{"@type":"ReadAction","target":["https:\/\/lasentinelle.dz\/index.php\/2024\/04\/19\/dialogue-mediterraneen-de-lotan-lounes-magramane-recoit-lamiral-rob-bauer\/"]}]},{"@type":"ImageObject","inLanguage":"fr-FR","@id":"https:\/\/lasentinelle.dz\/index.php\/2024\/04\/19\/dialogue-mediterraneen-de-lotan-lounes-magramane-recoit-lamiral-rob-bauer\/#primaryimage","url":"https:\/\/lasentinelle.dz\/wp-content\/uploads\/2024\/04\/magramane.jpeg","contentUrl":"https:\/\/lasentinelle.dz\/wp-content\/uploads\/2024\/04\/magramane.jpeg","width":1250,"height":877},{"@type":"BreadcrumbList","@id":"https:\/\/lasentinelle.dz\/index.php\/2024\/04\/19\/dialogue-mediterraneen-de-lotan-lounes-magramane-recoit-lamiral-rob-bauer\/#breadcrumb","itemListElement":[{"@type":"ListItem","position":1,"name":"Accueil","item":"https:\/\/lasentinelle.dz\/"},{"@type":"ListItem","position":2,"name":"Dialogue M\u00e9diterran\u00e9en de l\u2019Otan\u00a0: Loun\u00e8s Magramane re\u00e7oit l&rsquo;Amiral Rob Bauer"}]},{"@type":"WebSite","@id":"https:\/\/lasentinelle.dz\/#website","url":"https:\/\/lasentinelle.dz\/","name":"La Sentinelle","description":"Quotidien national d&#039;information","publisher":{"@id":"https:\/\/lasentinelle.dz\/#organization"},"potentialAction":[{"@type":"SearchAction","target":{"@type":"EntryPoint","urlTemplate":"https:\/\/lasentinelle.dz\/?s={search_term_string}"},"query-input":{"@type":"PropertyValueSpecification","valueRequired":true,"valueName":"search_term_string"}}],"inLanguage":"fr-FR"},{"@type":"Organization","@id":"https:\/\/lasentinelle.dz\/#organization","name":"Quotidien La Sentinelle","url":"https:\/\/lasentinelle.dz\/","logo":{"@type":"ImageObject","inLanguage":"fr-FR","@id":"https:\/\/lasentinelle.dz\/#\/schema\/logo\/image\/","url":"https:\/\/lasentinelle.dz\/wp-content\/uploads\/2021\/09\/logo-sentinelleSLOGAN-1.png","contentUrl":"https:\/\/lasentinelle.dz\/wp-content\/uploads\/2021\/09\/logo-sentinelleSLOGAN-1.png","width":615,"height":142,"caption":"Quotidien La Sentinelle"},"image":{"@id":"https:\/\/lasentinelle.dz\/#\/schema\/logo\/image\/"},"sameAs":["https:\/\/www.facebook.com\/La-Sentinelle-104059864394773"]},{"@type":"Person","@id":"https:\/\/lasentinelle.dz\/#\/schema\/person\/d865044e22e70a75174ce8bcad3acfb3","name":"La Sentinelle","image":{"@type":"ImageObject","inLanguage":"fr-FR","@id":"https:\/\/secure.gravatar.com\/avatar\/57de8e5d4b15d43fb361a71fbb36338450fe67865b528a43dd10ef7c51a20392?s=96&d=mm&r=g","url":"https:\/\/secure.gravatar.com\/avatar\/57de8e5d4b15d43fb361a71fbb36338450fe67865b528a43dd10ef7c51a20392?s=96&d=mm&r=g","contentUrl":"https:\/\/secure.gravatar.com\/avatar\/57de8e5d4b15d43fb361a71fbb36338450fe67865b528a43dd10ef7c51a20392?s=96&d=mm&r=g","caption":"La Sentinelle"},"sameAs":["http:\/\/www.lasentinelle.dz"],"url":"https:\/\/lasentinelle.dz\/author\/redaction\/"}]}},"_links":{"self":[{"href":"https:\/\/lasentinelle.dz\/index.php\/wp-json\/wp\/v2\/posts\/51364","targetHints":{"allow":["GET"]}}],"collection":[{"href":"https:\/\/lasentinelle.dz\/index.php\/wp-json\/wp\/v2\/posts"}],"about":[{"href":"https:\/\/lasentinelle.dz\/index.php\/wp-json\/wp\/v2\/types\/post"}],"author":[{"embeddable":true,"href":"https:\/\/lasentinelle.dz\/index.php\/wp-json\/wp\/v2\/users\/3"}],"replies":[{"embeddable":true,"href":"https:\/\/lasentinelle.dz\/index.php\/wp-json\/wp\/v2\/comments?post=51364"}],"version-history":[{"count":2,"href":"https:\/\/lasentinelle.dz\/index.php\/wp-json\/wp\/v2\/posts\/51364\/revisions"}],"predecessor-version":[{"id":51367,"href":"https:\/\/lasentinelle.dz\/index.php\/wp-json\/wp\/v2\/posts\/51364\/revisions\/51367"}],"wp:featuredmedia":[{"embeddable":true,"href":"https:\/\/lasentinelle.dz\/index.php\/wp-json\/wp\/v2\/media\/51365"}],"wp:attachment":[{"href":"https:\/\/lasentinelle.dz\/index.php\/wp-json\/wp\/v2\/media?parent=51364"}],"wp:term":[{"taxonomy":"category","embeddable":true,"href":"https:\/\/lasentinelle.dz\/index.php\/wp-json\/wp\/v2\/categories?post=51364"},{"taxonomy":"post_tag","embeddable":true,"href":"https:\/\/lasentinelle.dz\/index.php\/wp-json\/wp\/v2\/tags?post=51364"}],"curies":[{"name":"wp","href":"https:\/\/api.w.org\/{rel}","templated":true}]}}