{"id":51383,"date":"2024-04-19T12:07:43","date_gmt":"2024-04-19T11:07:43","guid":{"rendered":"https:\/\/lasentinelle.dz\/?p=51383"},"modified":"2024-04-19T12:07:46","modified_gmt":"2024-04-19T11:07:46","slug":"nouvel-incident-au-complexe-siderurgique-sider-le-parquet-del-hadjar-ouvre-une-enquete","status":"publish","type":"post","link":"https:\/\/lasentinelle.dz\/index.php\/2024\/04\/19\/nouvel-incident-au-complexe-siderurgique-sider-le-parquet-del-hadjar-ouvre-une-enquete\/","title":{"rendered":"Nouvel incident au Complexe sid\u00e9rurgique Sider\u00a0: Le parquet d\u2019El Hadjar ouvre une enqu\u00eate"},"content":{"rendered":"\n<p>Un nouvel incident a affect\u00e9 la production au niveau du complexe sid\u00e9rurgique d\u2019El-Hadjar. Apr\u00e8s l\u2019incident qui s\u2019est d\u00e9clar\u00e9 il y quelques semaines au niveau de l\u2019Unit\u00e9 Tubes sans soudure, l\u2019effondrement de l\u2019extracteur de poussi\u00e8re de l\u2019AG2 dimanche au sein de la PMA a affect\u00e9 le fonctionnement des lignes de production. Des dysfonctionnements dans la multiplicit\u00e9 ne laissent pas indiff\u00e9rents. Dans ce contexte, le procureur g\u00e9n\u00e9ral pr\u00e8s le tribunal d\u2019El Hadjar relevant de la Cour de justice d\u2019Annaba a ordonn\u00e9 mardi l\u2019ouverture d\u2019une enqu\u00eate afin de d\u00e9terminer les v\u00e9ritables causes de cet incident et situer les responsabilit\u00e9s dans&nbsp; l\u2019effondrement&nbsp; de l\u2019extracteur de poussi\u00e8re de l\u2019AG2 , survenu dans la zone de pr\u00e9paration des mati\u00e8res et agglom\u00e9r\u00e9 (PMA) du complexe d\u2019El Hadjar, et ce en application de l\u2019article 11 du code p\u00e9nal, a rapport\u00e9 un communiqu\u00e9 de la m\u00eame instance de justice. Le parquet d\u2019El Hadjar &nbsp;rappelle, dans son communiqu\u00e9, que \u00ab&nbsp;cet \u00e9ni\u00e8me incident, enregistr\u00e9 en date du 14 avril courant, a \u00e9t\u00e9 \u00e0 l\u2019origine de l\u2019arr\u00eat total de la production&nbsp;\u00bb.&nbsp; Selon le communiqu\u00e9, c\u2019est la Gendarmerie nationale qui a \u00e9t\u00e9 charg\u00e9e de l\u2019enqu\u00eate pour d\u00e9terminer les raisons exactes qui ont engendr\u00e9 cet incident, le 3<sup>\u00e8me<\/sup>&nbsp;du genre en l\u2019espace de moins de deux mois au complexe sid\u00e9rurgique d\u2019El-Hadjar. Par ailleurs, il est imp\u00e9ratif de noter que dans son communiqu\u00e9 publi\u00e9 sur son compte Facebook, annon\u00e7ant l\u2019effondrement de l\u2019extracteur e poussi\u00e8res de l\u2019AG2, la direction du complexe Sider El Hadjar a assur\u00e9 que l\u2019incident \u00ab&nbsp;n\u2019a pas influ\u00e9 sur le bon fonctionnement des autres unit\u00e9s de production&nbsp;\u00bb&nbsp;! Or, voil\u00e0 que l\u2019effondrement de l\u2019extracteur de poussi\u00e8re de l\u2019unit\u00e9 AG2 a entra\u00een\u00e9 l\u2019arr\u00eat de la production, comme pr\u00e9cis\u00e9 dans le communiqu\u00e9 du parquet d\u2019El Hadjar. En attendant que l\u2019enqu\u00eate judiciaire ordonn\u00e9e par le parquet d\u2019El Hadjar, r\u00e9v\u00e8le les raisons de cet effondrement et situer surtout les responsabilit\u00e9s, on rappelle que le magistrat instructeur de la m\u00eame instance de justice, le tribunal d\u2019El Hadjar en l\u2019occurrence, a plac\u00e9 il y\u2019a une semaine sept cadres de l\u2019unit\u00e9 de tubes sans soudures (TSS), sous contr\u00f4le judiciaire.&nbsp; La mesure a \u00e9t\u00e9 retenue \u00e0 l\u2019encontre du chef de service charg\u00e9 de la production, du chef de services charg\u00e9 de l\u2019entretien, du chef de service charg\u00e9 de la maintenance \u00e9lectrique, du chef du secteur de l\u2019entretien \u00e9lectrique, ainsi que du chef d\u2019\u00e9quipe de l\u2019entretien en plus du responsable de la s\u00e9curit\u00e9 industrielle, \u00e0 l\u2019issue d\u2019une enqu\u00eate engag\u00e9e par les services de s\u00e9curit\u00e9, r\u00e9v\u00e9lant le caract\u00e8re de n\u00e9gligence dans l\u2019incendies qui a d\u00e9truit huit armoires \u00e9lectriques dans cette unit\u00e9, rappelle-on encore. L\u2019incendie&nbsp; est survenu le 4 mars derniers \u00e0 cause d\u2019un court-circuit dans le c\u00e2ble provoquant une \u00e9tincelle \u00e9lectrique dans le sous-sol qui alimentait l\u2019unit\u00e9 de la TSS. &nbsp;Et par mesure pr\u00e9ventive, il a \u00e9t\u00e9 d\u00e9cid\u00e9 de la coupure de toutes les sources d\u2019\u00e9nergie \u00e9lectrique, hydrique et m\u00e9canique, et de facto l\u2019arr\u00eat de la production de l\u2019unit\u00e9, rappelle-on encore. Cette s\u00e9rie d\u2019incidents suscite moult interrogations et leur impact sur le complexe. Il faut reconna\u00eetre qu\u2019apr\u00e8s une disqualification de plus de 13 ans, le complexe &nbsp;Sider El Hadjar s\u2019est engag\u00e9, depuis 2022, dans un long processus de pr\u00e9 qualification qui a n\u00e9cessit\u00e9 beaucoup de volont\u00e9, de disponibilit\u00e9, d\u2019\u00e9nergie et de d\u00e9termination.&nbsp; Un forcing qui a permis \u00e0 la TSS, pierre angulaire de la production sid\u00e9rurgique, &nbsp;d\u2019\u00eatre &nbsp;pr\u00e9-qualifi\u00e9e par le groupe Sonatrach pour la production de tubes CASING et la participation aux appels d\u2019offres pour les cinq prochaines ann\u00e9es.&nbsp; L\u2019usine El Hadjar Annaba a un plan de charge estim\u00e9e \u00e0 30,8 milliards de DA dont 26,5 milliards DA avec le groupe Sonatrach et 4,3 milliards DA avec le groupe Sonelgaz, en plus de contrats de l\u2019ordre de 18,3 milliards DA, en attente de confirmation. Ces contrats qui placent El Hadjar sur la \u00ab&nbsp;short-list \u00bb &nbsp;du groupe Sonatrach entre autres, &nbsp;sont une aubaine pour le complexe El Hadjar.<\/p>\n\n\n\n<p><strong>Sofia Chahine<\/strong><\/p>\n","protected":false},"excerpt":{"rendered":"<p>Un nouvel incident a affect\u00e9 la production au niveau du complexe sid\u00e9rurgique d\u2019El-Hadjar. Apr\u00e8s l\u2019incident qui s\u2019est d\u00e9clar\u00e9 il y<\/p>\n","protected":false},"author":3,"featured_media":44607,"comment_status":"open","ping_status":"closed","sticky":false,"template":"","format":"standard","meta":{"colormag_page_container_layout":"default_layout","colormag_page_sidebar_layout":"default_layout","om_disable_all_campaigns":false,"_monsterinsights_skip_tracking":false,"_monsterinsights_sitenote_active":false,"_monsterinsights_sitenote_note":"","_monsterinsights_sitenote_category":0,"footnotes":"","_wpscppro_dont_share_socialmedia":false,"_wpscppro_custom_social_share_image":0,"_facebook_share_type":"","_twitter_share_type":"","_linkedin_share_type":"","_pinterest_share_type":"","_linkedin_share_type_page":"","_instagram_share_type":"","_medium_share_type":"","_threads_share_type":"","_google_business_share_type":"","_selected_social_profile":[],"_wpsp_enable_custom_social_template":false,"_wpsp_social_scheduling":{"enabled":false,"datetime":null,"platforms":[],"status":"template_only","dateOption":"today","timeOption":"now","customDays":"","customHours":"","customDate":"","customTime":"","schedulingType":"absolute"},"_wpsp_active_default_template":true},"categories":[27],"tags":[],"class_list":["post-51383","post","type-post","status-publish","format-standard","has-post-thumbnail","hentry","category-actualite"],"aioseo_notices":[],"yoast_head":"<!-- This site is optimized with the Yoast SEO plugin v27.5 - https:\/\/yoast.com\/product\/yoast-seo-wordpress\/ -->\n<title>Nouvel incident au Complexe sid\u00e9rurgique Sider\u00a0: Le parquet d\u2019El Hadjar ouvre une enqu\u00eate - La Sentinelle<\/title>\n<meta name=\"robots\" content=\"index, follow, max-snippet:-1, max-image-preview:large, max-video-preview:-1\" \/>\n<link rel=\"canonical\" href=\"https:\/\/lasentinelle.dz\/index.php\/2024\/04\/19\/nouvel-incident-au-complexe-siderurgique-sider-le-parquet-del-hadjar-ouvre-une-enquete\/\" \/>\n<meta property=\"og:locale\" content=\"fr_FR\" \/>\n<meta property=\"og:type\" content=\"article\" \/>\n<meta property=\"og:title\" content=\"Nouvel incident au Complexe sid\u00e9rurgique Sider\u00a0: Le parquet d\u2019El Hadjar ouvre une enqu\u00eate - La Sentinelle\" \/>\n<meta property=\"og:description\" content=\"Un nouvel incident a affect\u00e9 la production au niveau du complexe sid\u00e9rurgique d\u2019El-Hadjar. Apr\u00e8s l\u2019incident qui s\u2019est d\u00e9clar\u00e9 il y\" \/>\n<meta property=\"og:url\" content=\"https:\/\/lasentinelle.dz\/index.php\/2024\/04\/19\/nouvel-incident-au-complexe-siderurgique-sider-le-parquet-del-hadjar-ouvre-une-enquete\/\" \/>\n<meta property=\"og:site_name\" content=\"La Sentinelle\" \/>\n<meta property=\"article:publisher\" content=\"https:\/\/www.facebook.com\/La-Sentinelle-104059864394773\" \/>\n<meta property=\"article:published_time\" content=\"2024-04-19T11:07:43+00:00\" \/>\n<meta property=\"article:modified_time\" content=\"2024-04-19T11:07:46+00:00\" \/>\n<meta property=\"og:image\" content=\"https:\/\/lasentinelle.dz\/wp-content\/uploads\/2023\/08\/El-Hadjar.jpeg\" \/>\n\t<meta property=\"og:image:width\" content=\"650\" \/>\n\t<meta property=\"og:image:height\" content=\"421\" \/>\n\t<meta property=\"og:image:type\" content=\"image\/jpeg\" \/>\n<meta name=\"author\" content=\"La Sentinelle\" \/>\n<meta name=\"twitter:card\" content=\"summary_large_image\" \/>\n<meta name=\"twitter:label1\" content=\"\u00c9crit par\" \/>\n\t<meta name=\"twitter:data1\" content=\"La Sentinelle\" \/>\n\t<meta name=\"twitter:label2\" content=\"Dur\u00e9e de lecture estim\u00e9e\" \/>\n\t<meta name=\"twitter:data2\" content=\"4 minutes\" \/>\n<script type=\"application\/ld+json\" class=\"yoast-schema-graph\">{\"@context\":\"https:\\\/\\\/schema.org\",\"@graph\":[{\"@type\":\"Article\",\"@id\":\"https:\\\/\\\/lasentinelle.dz\\\/index.php\\\/2024\\\/04\\\/19\\\/nouvel-incident-au-complexe-siderurgique-sider-le-parquet-del-hadjar-ouvre-une-enquete\\\/#article\",\"isPartOf\":{\"@id\":\"https:\\\/\\\/lasentinelle.dz\\\/index.php\\\/2024\\\/04\\\/19\\\/nouvel-incident-au-complexe-siderurgique-sider-le-parquet-del-hadjar-ouvre-une-enquete\\\/\"},\"author\":{\"name\":\"La Sentinelle\",\"@id\":\"https:\\\/\\\/lasentinelle.dz\\\/#\\\/schema\\\/person\\\/d865044e22e70a75174ce8bcad3acfb3\"},\"headline\":\"Nouvel incident au Complexe sid\u00e9rurgique Sider\u00a0: Le parquet d\u2019El Hadjar ouvre une enqu\u00eate\",\"datePublished\":\"2024-04-19T11:07:43+00:00\",\"dateModified\":\"2024-04-19T11:07:46+00:00\",\"mainEntityOfPage\":{\"@id\":\"https:\\\/\\\/lasentinelle.dz\\\/index.php\\\/2024\\\/04\\\/19\\\/nouvel-incident-au-complexe-siderurgique-sider-le-parquet-del-hadjar-ouvre-une-enquete\\\/\"},\"wordCount\":779,\"commentCount\":0,\"publisher\":{\"@id\":\"https:\\\/\\\/lasentinelle.dz\\\/#organization\"},\"image\":{\"@id\":\"https:\\\/\\\/lasentinelle.dz\\\/index.php\\\/2024\\\/04\\\/19\\\/nouvel-incident-au-complexe-siderurgique-sider-le-parquet-del-hadjar-ouvre-une-enquete\\\/#primaryimage\"},\"thumbnailUrl\":\"https:\\\/\\\/lasentinelle.dz\\\/wp-content\\\/uploads\\\/2023\\\/08\\\/El-Hadjar.jpeg\",\"articleSection\":[\"Actualit\u00e9\"],\"inLanguage\":\"fr-FR\",\"potentialAction\":[{\"@type\":\"CommentAction\",\"name\":\"Comment\",\"target\":[\"https:\\\/\\\/lasentinelle.dz\\\/index.php\\\/2024\\\/04\\\/19\\\/nouvel-incident-au-complexe-siderurgique-sider-le-parquet-del-hadjar-ouvre-une-enquete\\\/#respond\"]}]},{\"@type\":\"WebPage\",\"@id\":\"https:\\\/\\\/lasentinelle.dz\\\/index.php\\\/2024\\\/04\\\/19\\\/nouvel-incident-au-complexe-siderurgique-sider-le-parquet-del-hadjar-ouvre-une-enquete\\\/\",\"url\":\"https:\\\/\\\/lasentinelle.dz\\\/index.php\\\/2024\\\/04\\\/19\\\/nouvel-incident-au-complexe-siderurgique-sider-le-parquet-del-hadjar-ouvre-une-enquete\\\/\",\"name\":\"Nouvel incident au Complexe sid\u00e9rurgique Sider\u00a0: Le parquet d\u2019El Hadjar ouvre une enqu\u00eate - La Sentinelle\",\"isPartOf\":{\"@id\":\"https:\\\/\\\/lasentinelle.dz\\\/#website\"},\"primaryImageOfPage\":{\"@id\":\"https:\\\/\\\/lasentinelle.dz\\\/index.php\\\/2024\\\/04\\\/19\\\/nouvel-incident-au-complexe-siderurgique-sider-le-parquet-del-hadjar-ouvre-une-enquete\\\/#primaryimage\"},\"image\":{\"@id\":\"https:\\\/\\\/lasentinelle.dz\\\/index.php\\\/2024\\\/04\\\/19\\\/nouvel-incident-au-complexe-siderurgique-sider-le-parquet-del-hadjar-ouvre-une-enquete\\\/#primaryimage\"},\"thumbnailUrl\":\"https:\\\/\\\/lasentinelle.dz\\\/wp-content\\\/uploads\\\/2023\\\/08\\\/El-Hadjar.jpeg\",\"datePublished\":\"2024-04-19T11:07:43+00:00\",\"dateModified\":\"2024-04-19T11:07:46+00:00\",\"breadcrumb\":{\"@id\":\"https:\\\/\\\/lasentinelle.dz\\\/index.php\\\/2024\\\/04\\\/19\\\/nouvel-incident-au-complexe-siderurgique-sider-le-parquet-del-hadjar-ouvre-une-enquete\\\/#breadcrumb\"},\"inLanguage\":\"fr-FR\",\"potentialAction\":[{\"@type\":\"ReadAction\",\"target\":[\"https:\\\/\\\/lasentinelle.dz\\\/index.php\\\/2024\\\/04\\\/19\\\/nouvel-incident-au-complexe-siderurgique-sider-le-parquet-del-hadjar-ouvre-une-enquete\\\/\"]}]},{\"@type\":\"ImageObject\",\"inLanguage\":\"fr-FR\",\"@id\":\"https:\\\/\\\/lasentinelle.dz\\\/index.php\\\/2024\\\/04\\\/19\\\/nouvel-incident-au-complexe-siderurgique-sider-le-parquet-del-hadjar-ouvre-une-enquete\\\/#primaryimage\",\"url\":\"https:\\\/\\\/lasentinelle.dz\\\/wp-content\\\/uploads\\\/2023\\\/08\\\/El-Hadjar.jpeg\",\"contentUrl\":\"https:\\\/\\\/lasentinelle.dz\\\/wp-content\\\/uploads\\\/2023\\\/08\\\/El-Hadjar.jpeg\",\"width\":650,\"height\":421},{\"@type\":\"BreadcrumbList\",\"@id\":\"https:\\\/\\\/lasentinelle.dz\\\/index.php\\\/2024\\\/04\\\/19\\\/nouvel-incident-au-complexe-siderurgique-sider-le-parquet-del-hadjar-ouvre-une-enquete\\\/#breadcrumb\",\"itemListElement\":[{\"@type\":\"ListItem\",\"position\":1,\"name\":\"Accueil\",\"item\":\"https:\\\/\\\/lasentinelle.dz\\\/\"},{\"@type\":\"ListItem\",\"position\":2,\"name\":\"Nouvel incident au Complexe sid\u00e9rurgique Sider\u00a0: Le parquet d\u2019El Hadjar ouvre une enqu\u00eate\"}]},{\"@type\":\"WebSite\",\"@id\":\"https:\\\/\\\/lasentinelle.dz\\\/#website\",\"url\":\"https:\\\/\\\/lasentinelle.dz\\\/\",\"name\":\"La Sentinelle\",\"description\":\"Quotidien national d&#039;information\",\"publisher\":{\"@id\":\"https:\\\/\\\/lasentinelle.dz\\\/#organization\"},\"potentialAction\":[{\"@type\":\"SearchAction\",\"target\":{\"@type\":\"EntryPoint\",\"urlTemplate\":\"https:\\\/\\\/lasentinelle.dz\\\/?s={search_term_string}\"},\"query-input\":{\"@type\":\"PropertyValueSpecification\",\"valueRequired\":true,\"valueName\":\"search_term_string\"}}],\"inLanguage\":\"fr-FR\"},{\"@type\":\"Organization\",\"@id\":\"https:\\\/\\\/lasentinelle.dz\\\/#organization\",\"name\":\"Quotidien La Sentinelle\",\"url\":\"https:\\\/\\\/lasentinelle.dz\\\/\",\"logo\":{\"@type\":\"ImageObject\",\"inLanguage\":\"fr-FR\",\"@id\":\"https:\\\/\\\/lasentinelle.dz\\\/#\\\/schema\\\/logo\\\/image\\\/\",\"url\":\"https:\\\/\\\/lasentinelle.dz\\\/wp-content\\\/uploads\\\/2021\\\/09\\\/logo-sentinelleSLOGAN-1.png\",\"contentUrl\":\"https:\\\/\\\/lasentinelle.dz\\\/wp-content\\\/uploads\\\/2021\\\/09\\\/logo-sentinelleSLOGAN-1.png\",\"width\":615,\"height\":142,\"caption\":\"Quotidien La Sentinelle\"},\"image\":{\"@id\":\"https:\\\/\\\/lasentinelle.dz\\\/#\\\/schema\\\/logo\\\/image\\\/\"},\"sameAs\":[\"https:\\\/\\\/www.facebook.com\\\/La-Sentinelle-104059864394773\"]},{\"@type\":\"Person\",\"@id\":\"https:\\\/\\\/lasentinelle.dz\\\/#\\\/schema\\\/person\\\/d865044e22e70a75174ce8bcad3acfb3\",\"name\":\"La Sentinelle\",\"image\":{\"@type\":\"ImageObject\",\"inLanguage\":\"fr-FR\",\"@id\":\"https:\\\/\\\/secure.gravatar.com\\\/avatar\\\/57de8e5d4b15d43fb361a71fbb36338450fe67865b528a43dd10ef7c51a20392?s=96&d=mm&r=g\",\"url\":\"https:\\\/\\\/secure.gravatar.com\\\/avatar\\\/57de8e5d4b15d43fb361a71fbb36338450fe67865b528a43dd10ef7c51a20392?s=96&d=mm&r=g\",\"contentUrl\":\"https:\\\/\\\/secure.gravatar.com\\\/avatar\\\/57de8e5d4b15d43fb361a71fbb36338450fe67865b528a43dd10ef7c51a20392?s=96&d=mm&r=g\",\"caption\":\"La Sentinelle\"},\"sameAs\":[\"http:\\\/\\\/www.lasentinelle.dz\"],\"url\":\"https:\\\/\\\/lasentinelle.dz\\\/author\\\/redaction\\\/\"}]}<\/script>\n<!-- \/ Yoast SEO plugin. -->","yoast_head_json":{"title":"Nouvel incident au Complexe sid\u00e9rurgique Sider\u00a0: Le parquet d\u2019El Hadjar ouvre une enqu\u00eate - La Sentinelle","robots":{"index":"index","follow":"follow","max-snippet":"max-snippet:-1","max-image-preview":"max-image-preview:large","max-video-preview":"max-video-preview:-1"},"canonical":"https:\/\/lasentinelle.dz\/index.php\/2024\/04\/19\/nouvel-incident-au-complexe-siderurgique-sider-le-parquet-del-hadjar-ouvre-une-enquete\/","og_locale":"fr_FR","og_type":"article","og_title":"Nouvel incident au Complexe sid\u00e9rurgique Sider\u00a0: Le parquet d\u2019El Hadjar ouvre une enqu\u00eate - La Sentinelle","og_description":"Un nouvel incident a affect\u00e9 la production au niveau du complexe sid\u00e9rurgique d\u2019El-Hadjar. Apr\u00e8s l\u2019incident qui s\u2019est d\u00e9clar\u00e9 il y","og_url":"https:\/\/lasentinelle.dz\/index.php\/2024\/04\/19\/nouvel-incident-au-complexe-siderurgique-sider-le-parquet-del-hadjar-ouvre-une-enquete\/","og_site_name":"La Sentinelle","article_publisher":"https:\/\/www.facebook.com\/La-Sentinelle-104059864394773","article_published_time":"2024-04-19T11:07:43+00:00","article_modified_time":"2024-04-19T11:07:46+00:00","og_image":[{"width":650,"height":421,"url":"https:\/\/lasentinelle.dz\/wp-content\/uploads\/2023\/08\/El-Hadjar.jpeg","type":"image\/jpeg"}],"author":"La Sentinelle","twitter_card":"summary_large_image","twitter_misc":{"\u00c9crit par":"La Sentinelle","Dur\u00e9e de lecture estim\u00e9e":"4 minutes"},"schema":{"@context":"https:\/\/schema.org","@graph":[{"@type":"Article","@id":"https:\/\/lasentinelle.dz\/index.php\/2024\/04\/19\/nouvel-incident-au-complexe-siderurgique-sider-le-parquet-del-hadjar-ouvre-une-enquete\/#article","isPartOf":{"@id":"https:\/\/lasentinelle.dz\/index.php\/2024\/04\/19\/nouvel-incident-au-complexe-siderurgique-sider-le-parquet-del-hadjar-ouvre-une-enquete\/"},"author":{"name":"La Sentinelle","@id":"https:\/\/lasentinelle.dz\/#\/schema\/person\/d865044e22e70a75174ce8bcad3acfb3"},"headline":"Nouvel incident au Complexe sid\u00e9rurgique Sider\u00a0: Le parquet d\u2019El Hadjar ouvre une enqu\u00eate","datePublished":"2024-04-19T11:07:43+00:00","dateModified":"2024-04-19T11:07:46+00:00","mainEntityOfPage":{"@id":"https:\/\/lasentinelle.dz\/index.php\/2024\/04\/19\/nouvel-incident-au-complexe-siderurgique-sider-le-parquet-del-hadjar-ouvre-une-enquete\/"},"wordCount":779,"commentCount":0,"publisher":{"@id":"https:\/\/lasentinelle.dz\/#organization"},"image":{"@id":"https:\/\/lasentinelle.dz\/index.php\/2024\/04\/19\/nouvel-incident-au-complexe-siderurgique-sider-le-parquet-del-hadjar-ouvre-une-enquete\/#primaryimage"},"thumbnailUrl":"https:\/\/lasentinelle.dz\/wp-content\/uploads\/2023\/08\/El-Hadjar.jpeg","articleSection":["Actualit\u00e9"],"inLanguage":"fr-FR","potentialAction":[{"@type":"CommentAction","name":"Comment","target":["https:\/\/lasentinelle.dz\/index.php\/2024\/04\/19\/nouvel-incident-au-complexe-siderurgique-sider-le-parquet-del-hadjar-ouvre-une-enquete\/#respond"]}]},{"@type":"WebPage","@id":"https:\/\/lasentinelle.dz\/index.php\/2024\/04\/19\/nouvel-incident-au-complexe-siderurgique-sider-le-parquet-del-hadjar-ouvre-une-enquete\/","url":"https:\/\/lasentinelle.dz\/index.php\/2024\/04\/19\/nouvel-incident-au-complexe-siderurgique-sider-le-parquet-del-hadjar-ouvre-une-enquete\/","name":"Nouvel incident au Complexe sid\u00e9rurgique Sider\u00a0: Le parquet d\u2019El Hadjar ouvre une enqu\u00eate - La Sentinelle","isPartOf":{"@id":"https:\/\/lasentinelle.dz\/#website"},"primaryImageOfPage":{"@id":"https:\/\/lasentinelle.dz\/index.php\/2024\/04\/19\/nouvel-incident-au-complexe-siderurgique-sider-le-parquet-del-hadjar-ouvre-une-enquete\/#primaryimage"},"image":{"@id":"https:\/\/lasentinelle.dz\/index.php\/2024\/04\/19\/nouvel-incident-au-complexe-siderurgique-sider-le-parquet-del-hadjar-ouvre-une-enquete\/#primaryimage"},"thumbnailUrl":"https:\/\/lasentinelle.dz\/wp-content\/uploads\/2023\/08\/El-Hadjar.jpeg","datePublished":"2024-04-19T11:07:43+00:00","dateModified":"2024-04-19T11:07:46+00:00","breadcrumb":{"@id":"https:\/\/lasentinelle.dz\/index.php\/2024\/04\/19\/nouvel-incident-au-complexe-siderurgique-sider-le-parquet-del-hadjar-ouvre-une-enquete\/#breadcrumb"},"inLanguage":"fr-FR","potentialAction":[{"@type":"ReadAction","target":["https:\/\/lasentinelle.dz\/index.php\/2024\/04\/19\/nouvel-incident-au-complexe-siderurgique-sider-le-parquet-del-hadjar-ouvre-une-enquete\/"]}]},{"@type":"ImageObject","inLanguage":"fr-FR","@id":"https:\/\/lasentinelle.dz\/index.php\/2024\/04\/19\/nouvel-incident-au-complexe-siderurgique-sider-le-parquet-del-hadjar-ouvre-une-enquete\/#primaryimage","url":"https:\/\/lasentinelle.dz\/wp-content\/uploads\/2023\/08\/El-Hadjar.jpeg","contentUrl":"https:\/\/lasentinelle.dz\/wp-content\/uploads\/2023\/08\/El-Hadjar.jpeg","width":650,"height":421},{"@type":"BreadcrumbList","@id":"https:\/\/lasentinelle.dz\/index.php\/2024\/04\/19\/nouvel-incident-au-complexe-siderurgique-sider-le-parquet-del-hadjar-ouvre-une-enquete\/#breadcrumb","itemListElement":[{"@type":"ListItem","position":1,"name":"Accueil","item":"https:\/\/lasentinelle.dz\/"},{"@type":"ListItem","position":2,"name":"Nouvel incident au Complexe sid\u00e9rurgique Sider\u00a0: Le parquet d\u2019El Hadjar ouvre une enqu\u00eate"}]},{"@type":"WebSite","@id":"https:\/\/lasentinelle.dz\/#website","url":"https:\/\/lasentinelle.dz\/","name":"La Sentinelle","description":"Quotidien national d&#039;information","publisher":{"@id":"https:\/\/lasentinelle.dz\/#organization"},"potentialAction":[{"@type":"SearchAction","target":{"@type":"EntryPoint","urlTemplate":"https:\/\/lasentinelle.dz\/?s={search_term_string}"},"query-input":{"@type":"PropertyValueSpecification","valueRequired":true,"valueName":"search_term_string"}}],"inLanguage":"fr-FR"},{"@type":"Organization","@id":"https:\/\/lasentinelle.dz\/#organization","name":"Quotidien La Sentinelle","url":"https:\/\/lasentinelle.dz\/","logo":{"@type":"ImageObject","inLanguage":"fr-FR","@id":"https:\/\/lasentinelle.dz\/#\/schema\/logo\/image\/","url":"https:\/\/lasentinelle.dz\/wp-content\/uploads\/2021\/09\/logo-sentinelleSLOGAN-1.png","contentUrl":"https:\/\/lasentinelle.dz\/wp-content\/uploads\/2021\/09\/logo-sentinelleSLOGAN-1.png","width":615,"height":142,"caption":"Quotidien La Sentinelle"},"image":{"@id":"https:\/\/lasentinelle.dz\/#\/schema\/logo\/image\/"},"sameAs":["https:\/\/www.facebook.com\/La-Sentinelle-104059864394773"]},{"@type":"Person","@id":"https:\/\/lasentinelle.dz\/#\/schema\/person\/d865044e22e70a75174ce8bcad3acfb3","name":"La Sentinelle","image":{"@type":"ImageObject","inLanguage":"fr-FR","@id":"https:\/\/secure.gravatar.com\/avatar\/57de8e5d4b15d43fb361a71fbb36338450fe67865b528a43dd10ef7c51a20392?s=96&d=mm&r=g","url":"https:\/\/secure.gravatar.com\/avatar\/57de8e5d4b15d43fb361a71fbb36338450fe67865b528a43dd10ef7c51a20392?s=96&d=mm&r=g","contentUrl":"https:\/\/secure.gravatar.com\/avatar\/57de8e5d4b15d43fb361a71fbb36338450fe67865b528a43dd10ef7c51a20392?s=96&d=mm&r=g","caption":"La Sentinelle"},"sameAs":["http:\/\/www.lasentinelle.dz"],"url":"https:\/\/lasentinelle.dz\/author\/redaction\/"}]}},"_links":{"self":[{"href":"https:\/\/lasentinelle.dz\/index.php\/wp-json\/wp\/v2\/posts\/51383","targetHints":{"allow":["GET"]}}],"collection":[{"href":"https:\/\/lasentinelle.dz\/index.php\/wp-json\/wp\/v2\/posts"}],"about":[{"href":"https:\/\/lasentinelle.dz\/index.php\/wp-json\/wp\/v2\/types\/post"}],"author":[{"embeddable":true,"href":"https:\/\/lasentinelle.dz\/index.php\/wp-json\/wp\/v2\/users\/3"}],"replies":[{"embeddable":true,"href":"https:\/\/lasentinelle.dz\/index.php\/wp-json\/wp\/v2\/comments?post=51383"}],"version-history":[{"count":1,"href":"https:\/\/lasentinelle.dz\/index.php\/wp-json\/wp\/v2\/posts\/51383\/revisions"}],"predecessor-version":[{"id":51384,"href":"https:\/\/lasentinelle.dz\/index.php\/wp-json\/wp\/v2\/posts\/51383\/revisions\/51384"}],"wp:featuredmedia":[{"embeddable":true,"href":"https:\/\/lasentinelle.dz\/index.php\/wp-json\/wp\/v2\/media\/44607"}],"wp:attachment":[{"href":"https:\/\/lasentinelle.dz\/index.php\/wp-json\/wp\/v2\/media?parent=51383"}],"wp:term":[{"taxonomy":"category","embeddable":true,"href":"https:\/\/lasentinelle.dz\/index.php\/wp-json\/wp\/v2\/categories?post=51383"},{"taxonomy":"post_tag","embeddable":true,"href":"https:\/\/lasentinelle.dz\/index.php\/wp-json\/wp\/v2\/tags?post=51383"}],"curies":[{"name":"wp","href":"https:\/\/api.w.org\/{rel}","templated":true}]}}