{"id":51398,"date":"2024-04-19T21:30:21","date_gmt":"2024-04-19T20:30:21","guid":{"rendered":"https:\/\/lasentinelle.dz\/?p=51398"},"modified":"2024-04-19T21:30:23","modified_gmt":"2024-04-19T20:30:23","slug":"jeux-olympiques-paris-2024-32-athletes-algeriens-qualifies","status":"publish","type":"post","link":"https:\/\/lasentinelle.dz\/index.php\/2024\/04\/19\/jeux-olympiques-paris-2024-32-athletes-algeriens-qualifies\/","title":{"rendered":"Jeux olympiques Paris 2024\u00a0: 32 athl\u00e8tes alg\u00e9riens qualifi\u00e9s"},"content":{"rendered":"\n<p>Le ministre de la Jeunesse et des Sports, Abderrahmane Hammad, a indiqu\u00e9 jeudi \u00e0 Tipasa, en marge de l\u2019inauguration du &nbsp;Centre national de regroupement et de pr\u00e9paration des talents et des \u00e9lites sportifs de Fouka \u00ab\u00a0Fr\u00e8res Soukane\u00a0\u00bb, que 32 athl\u00e8tes alg\u00e9riens sont d\u00e9j\u00e0 qualifi\u00e9s pour Jeux olympiques Paris 2024. Le ministre a indiqu\u00e9 que le nombre d&rsquo;athl\u00e8tes qualifi\u00e9s pour cet \u00e9v\u00e9nement est de 32, tandis que d&rsquo;autres sont encore en lice pour se qualifier, soulignant que \u00ab\u00a0l&rsquo;Etat est d\u00e9termin\u00e9 \u00e0 leur apporter tout le soutien et l&rsquo;assistance n\u00e9cessaires pour assurer une bonne pr\u00e9paration qui leur permet de r\u00e9aliser de bons r\u00e9sultats lors de ce rendez-vous sportif mondial\u00a0\u00bb. Et cela commence par les structures mobilis\u00e9es pour la pr\u00e9paration \u00e0 commencer par le Centre national de regroupement et de pr\u00e9paration,&nbsp; un grand \u00e9difice sportif r\u00e9alis\u00e9 aux normes internationales. Le MJSa qualifi\u00e9 cette structure de \u00ab\u00a0grand \u00e9difice sportif r\u00e9alis\u00e9 aux normes internationales et d&rsquo;acquis pour le sport alg\u00e9rien, notamment pour les \u00e9lites, qui est \u00e0 m\u00eame de contribuer \u00e0 la promotion et au d\u00e9veloppement du sport\u00a0\u00bb. Il a salu\u00e9 le r\u00f4le des autorit\u00e9s locales qui ont consenti \u00ab\u00a0d&rsquo;\u00e9normes efforts\u00a0\u00bb ces derni\u00e8res ann\u00e9es pour parachever ce projet, qui a accus\u00e9 \u00ab\u00a0un grand retard\u00a0\u00bb dans sa r\u00e9alisation. Inscrit en 2009, ce projet a \u00e9t\u00e9 lanc\u00e9 en 2011, selon l&rsquo;expos\u00e9 pr\u00e9sent\u00e9 au ministre. Apr\u00e8s avoir visit\u00e9 avec des pr\u00e9sidents de f\u00e9d\u00e9rations les diff\u00e9rents pavillons et structures de cet \u00e9difice, M. Hammad a pr\u00e9cis\u00e9 que cette structure sera mise \u00e0 la disposition de l&rsquo;\u00e9lite nationale pour pr\u00e9parer leurs comp\u00e9titions continentales, r\u00e9gionales et internationales dans des conditions \u00ab\u00a0optimales\u00a0\u00bb, notamment gr\u00e2ce \u00e0 l&rsquo;ensemble des structures et commodit\u00e9s qui \u00ab\u00a0permettront au sport alg\u00e9rien de r\u00e9aliser de bons r\u00e9sultats\u00a0\u00bb. De son c\u00f4t\u00e9, le wali de Tipasa a soulign\u00e9 que ce projet \u00ab\u00a0rev\u00eat une grande importance\u00a0\u00bb, ce qui a incit\u00e9 les autorit\u00e9s locales \u00e0 l&rsquo;inscrire \u00ab\u00a0parmi leurs priorit\u00e9s, b\u00e9n\u00e9ficiant ainsi d&rsquo;un suivi quotidien et minutieux pour surmonter tous les obstacles rencontr\u00e9s\u00a0\u00bb. Par ailleurs, il a fait \u00e9tat de l&rsquo;inscription du projet d&rsquo;un pont reliant le centre au stade semi-olympique de Kol\u00e9a, qui permettra aux \u00e9quipes en stages au niveau du centre d&rsquo;utiliser le stade pour leurs pr\u00e9parations. Le stade de Kol\u00e9a connait actuellement des travaux d&rsquo;am\u00e9nagement pour l&rsquo;extension de ses gradins de 9.000 \u00e0 20.000 places et la r\u00e9alisation d&rsquo;une piste \u00e0 huit (8) couloirs et des terrains de d\u00e9tente. Ce stade sera r\u00e9ceptionn\u00e9 au cours des deux prochains mois, en m\u00eame temps que le projet du stade semi-olympique de Cherchell, d&rsquo;une capacit\u00e9 de 10.000 spectateurs. Inaugur\u00e9 ce jeudi par le ministre, le centre de Fouka dispose d&rsquo;infrastructures couvrant 17 disciplines sportives collectives et individuelles, d&rsquo;une piscine olympique et de six salles f\u00e9d\u00e9rales. Il s&rsquo;inscrit dans le cadre d&rsquo;un projet national qui pr\u00e9voit la r\u00e9alisation de 11 centres de ce type. Situ\u00e9 \u00e0 c\u00f4t\u00e9 du complexe multisports, le centre a b\u00e9n\u00e9fici\u00e9 d&rsquo;une enveloppe financi\u00e8re d&rsquo;un milliard et 635 millions de DA, s&rsquo;\u00e9tendant sur une superficie de six hectares et disposant d&rsquo;un h\u00f4tel de haut standing d&rsquo;une capacit\u00e9 de 200 lits.<\/p>\n\n\n\n<p>R.S.<\/p>\n","protected":false},"excerpt":{"rendered":"<p>Le ministre de la Jeunesse et des Sports, Abderrahmane Hammad, a indiqu\u00e9 jeudi \u00e0 Tipasa, en marge de l\u2019inauguration du<\/p>\n","protected":false},"author":3,"featured_media":51399,"comment_status":"open","ping_status":"closed","sticky":false,"template":"","format":"standard","meta":{"colormag_page_container_layout":"default_layout","colormag_page_sidebar_layout":"default_layout","om_disable_all_campaigns":false,"_monsterinsights_skip_tracking":false,"_monsterinsights_sitenote_active":false,"_monsterinsights_sitenote_note":"","_monsterinsights_sitenote_category":0,"footnotes":"","_wpscppro_dont_share_socialmedia":false,"_wpscppro_custom_social_share_image":0,"_facebook_share_type":"","_twitter_share_type":"","_linkedin_share_type":"","_pinterest_share_type":"","_linkedin_share_type_page":"","_instagram_share_type":"","_medium_share_type":"","_threads_share_type":"","_google_business_share_type":"","_selected_social_profile":[],"_wpsp_enable_custom_social_template":false,"_wpsp_social_scheduling":{"enabled":false,"datetime":null,"platforms":[],"status":"template_only","dateOption":"today","timeOption":"now","customDays":"","customHours":"","customDate":"","customTime":"","schedulingType":"absolute"},"_wpsp_active_default_template":true},"categories":[33],"tags":[],"class_list":["post-51398","post","type-post","status-publish","format-standard","has-post-thumbnail","hentry","category-sports"],"aioseo_notices":[],"yoast_head":"<!-- This site is optimized with the Yoast SEO plugin v27.5 - https:\/\/yoast.com\/product\/yoast-seo-wordpress\/ -->\n<title>Jeux olympiques Paris 2024\u00a0: 32 athl\u00e8tes alg\u00e9riens qualifi\u00e9s - La Sentinelle<\/title>\n<meta name=\"robots\" content=\"index, follow, max-snippet:-1, max-image-preview:large, max-video-preview:-1\" \/>\n<link rel=\"canonical\" href=\"https:\/\/lasentinelle.dz\/index.php\/2024\/04\/19\/jeux-olympiques-paris-2024-32-athletes-algeriens-qualifies\/\" \/>\n<meta property=\"og:locale\" content=\"fr_FR\" \/>\n<meta property=\"og:type\" content=\"article\" \/>\n<meta property=\"og:title\" content=\"Jeux olympiques Paris 2024\u00a0: 32 athl\u00e8tes alg\u00e9riens qualifi\u00e9s - La Sentinelle\" \/>\n<meta property=\"og:description\" content=\"Le ministre de la Jeunesse et des Sports, Abderrahmane Hammad, a indiqu\u00e9 jeudi \u00e0 Tipasa, en marge de l\u2019inauguration du\" \/>\n<meta property=\"og:url\" content=\"https:\/\/lasentinelle.dz\/index.php\/2024\/04\/19\/jeux-olympiques-paris-2024-32-athletes-algeriens-qualifies\/\" \/>\n<meta property=\"og:site_name\" content=\"La Sentinelle\" \/>\n<meta property=\"article:publisher\" content=\"https:\/\/www.facebook.com\/La-Sentinelle-104059864394773\" \/>\n<meta property=\"article:published_time\" content=\"2024-04-19T20:30:21+00:00\" \/>\n<meta property=\"article:modified_time\" content=\"2024-04-19T20:30:23+00:00\" \/>\n<meta property=\"og:image\" content=\"https:\/\/lasentinelle.dz\/wp-content\/uploads\/2024\/04\/hammad.jpeg\" \/>\n\t<meta property=\"og:image:width\" content=\"1280\" \/>\n\t<meta property=\"og:image:height\" content=\"853\" \/>\n\t<meta property=\"og:image:type\" content=\"image\/jpeg\" \/>\n<meta name=\"author\" content=\"La Sentinelle\" \/>\n<meta name=\"twitter:card\" content=\"summary_large_image\" \/>\n<meta name=\"twitter:label1\" content=\"\u00c9crit par\" \/>\n\t<meta name=\"twitter:data1\" content=\"La Sentinelle\" \/>\n\t<meta name=\"twitter:label2\" content=\"Dur\u00e9e de lecture estim\u00e9e\" \/>\n\t<meta name=\"twitter:data2\" content=\"3 minutes\" \/>\n<script type=\"application\/ld+json\" class=\"yoast-schema-graph\">{\"@context\":\"https:\\\/\\\/schema.org\",\"@graph\":[{\"@type\":\"Article\",\"@id\":\"https:\\\/\\\/lasentinelle.dz\\\/index.php\\\/2024\\\/04\\\/19\\\/jeux-olympiques-paris-2024-32-athletes-algeriens-qualifies\\\/#article\",\"isPartOf\":{\"@id\":\"https:\\\/\\\/lasentinelle.dz\\\/index.php\\\/2024\\\/04\\\/19\\\/jeux-olympiques-paris-2024-32-athletes-algeriens-qualifies\\\/\"},\"author\":{\"name\":\"La Sentinelle\",\"@id\":\"https:\\\/\\\/lasentinelle.dz\\\/#\\\/schema\\\/person\\\/d865044e22e70a75174ce8bcad3acfb3\"},\"headline\":\"Jeux olympiques Paris 2024\u00a0: 32 athl\u00e8tes alg\u00e9riens qualifi\u00e9s\",\"datePublished\":\"2024-04-19T20:30:21+00:00\",\"dateModified\":\"2024-04-19T20:30:23+00:00\",\"mainEntityOfPage\":{\"@id\":\"https:\\\/\\\/lasentinelle.dz\\\/index.php\\\/2024\\\/04\\\/19\\\/jeux-olympiques-paris-2024-32-athletes-algeriens-qualifies\\\/\"},\"wordCount\":581,\"commentCount\":0,\"publisher\":{\"@id\":\"https:\\\/\\\/lasentinelle.dz\\\/#organization\"},\"image\":{\"@id\":\"https:\\\/\\\/lasentinelle.dz\\\/index.php\\\/2024\\\/04\\\/19\\\/jeux-olympiques-paris-2024-32-athletes-algeriens-qualifies\\\/#primaryimage\"},\"thumbnailUrl\":\"https:\\\/\\\/lasentinelle.dz\\\/wp-content\\\/uploads\\\/2024\\\/04\\\/hammad.jpeg\",\"articleSection\":[\"Sports\"],\"inLanguage\":\"fr-FR\",\"potentialAction\":[{\"@type\":\"CommentAction\",\"name\":\"Comment\",\"target\":[\"https:\\\/\\\/lasentinelle.dz\\\/index.php\\\/2024\\\/04\\\/19\\\/jeux-olympiques-paris-2024-32-athletes-algeriens-qualifies\\\/#respond\"]}]},{\"@type\":\"WebPage\",\"@id\":\"https:\\\/\\\/lasentinelle.dz\\\/index.php\\\/2024\\\/04\\\/19\\\/jeux-olympiques-paris-2024-32-athletes-algeriens-qualifies\\\/\",\"url\":\"https:\\\/\\\/lasentinelle.dz\\\/index.php\\\/2024\\\/04\\\/19\\\/jeux-olympiques-paris-2024-32-athletes-algeriens-qualifies\\\/\",\"name\":\"Jeux olympiques Paris 2024\u00a0: 32 athl\u00e8tes alg\u00e9riens qualifi\u00e9s - La Sentinelle\",\"isPartOf\":{\"@id\":\"https:\\\/\\\/lasentinelle.dz\\\/#website\"},\"primaryImageOfPage\":{\"@id\":\"https:\\\/\\\/lasentinelle.dz\\\/index.php\\\/2024\\\/04\\\/19\\\/jeux-olympiques-paris-2024-32-athletes-algeriens-qualifies\\\/#primaryimage\"},\"image\":{\"@id\":\"https:\\\/\\\/lasentinelle.dz\\\/index.php\\\/2024\\\/04\\\/19\\\/jeux-olympiques-paris-2024-32-athletes-algeriens-qualifies\\\/#primaryimage\"},\"thumbnailUrl\":\"https:\\\/\\\/lasentinelle.dz\\\/wp-content\\\/uploads\\\/2024\\\/04\\\/hammad.jpeg\",\"datePublished\":\"2024-04-19T20:30:21+00:00\",\"dateModified\":\"2024-04-19T20:30:23+00:00\",\"breadcrumb\":{\"@id\":\"https:\\\/\\\/lasentinelle.dz\\\/index.php\\\/2024\\\/04\\\/19\\\/jeux-olympiques-paris-2024-32-athletes-algeriens-qualifies\\\/#breadcrumb\"},\"inLanguage\":\"fr-FR\",\"potentialAction\":[{\"@type\":\"ReadAction\",\"target\":[\"https:\\\/\\\/lasentinelle.dz\\\/index.php\\\/2024\\\/04\\\/19\\\/jeux-olympiques-paris-2024-32-athletes-algeriens-qualifies\\\/\"]}]},{\"@type\":\"ImageObject\",\"inLanguage\":\"fr-FR\",\"@id\":\"https:\\\/\\\/lasentinelle.dz\\\/index.php\\\/2024\\\/04\\\/19\\\/jeux-olympiques-paris-2024-32-athletes-algeriens-qualifies\\\/#primaryimage\",\"url\":\"https:\\\/\\\/lasentinelle.dz\\\/wp-content\\\/uploads\\\/2024\\\/04\\\/hammad.jpeg\",\"contentUrl\":\"https:\\\/\\\/lasentinelle.dz\\\/wp-content\\\/uploads\\\/2024\\\/04\\\/hammad.jpeg\",\"width\":1280,\"height\":853},{\"@type\":\"BreadcrumbList\",\"@id\":\"https:\\\/\\\/lasentinelle.dz\\\/index.php\\\/2024\\\/04\\\/19\\\/jeux-olympiques-paris-2024-32-athletes-algeriens-qualifies\\\/#breadcrumb\",\"itemListElement\":[{\"@type\":\"ListItem\",\"position\":1,\"name\":\"Accueil\",\"item\":\"https:\\\/\\\/lasentinelle.dz\\\/\"},{\"@type\":\"ListItem\",\"position\":2,\"name\":\"Jeux olympiques Paris 2024\u00a0: 32 athl\u00e8tes alg\u00e9riens qualifi\u00e9s\"}]},{\"@type\":\"WebSite\",\"@id\":\"https:\\\/\\\/lasentinelle.dz\\\/#website\",\"url\":\"https:\\\/\\\/lasentinelle.dz\\\/\",\"name\":\"La Sentinelle\",\"description\":\"Quotidien national d&#039;information\",\"publisher\":{\"@id\":\"https:\\\/\\\/lasentinelle.dz\\\/#organization\"},\"potentialAction\":[{\"@type\":\"SearchAction\",\"target\":{\"@type\":\"EntryPoint\",\"urlTemplate\":\"https:\\\/\\\/lasentinelle.dz\\\/?s={search_term_string}\"},\"query-input\":{\"@type\":\"PropertyValueSpecification\",\"valueRequired\":true,\"valueName\":\"search_term_string\"}}],\"inLanguage\":\"fr-FR\"},{\"@type\":\"Organization\",\"@id\":\"https:\\\/\\\/lasentinelle.dz\\\/#organization\",\"name\":\"Quotidien La Sentinelle\",\"url\":\"https:\\\/\\\/lasentinelle.dz\\\/\",\"logo\":{\"@type\":\"ImageObject\",\"inLanguage\":\"fr-FR\",\"@id\":\"https:\\\/\\\/lasentinelle.dz\\\/#\\\/schema\\\/logo\\\/image\\\/\",\"url\":\"https:\\\/\\\/lasentinelle.dz\\\/wp-content\\\/uploads\\\/2021\\\/09\\\/logo-sentinelleSLOGAN-1.png\",\"contentUrl\":\"https:\\\/\\\/lasentinelle.dz\\\/wp-content\\\/uploads\\\/2021\\\/09\\\/logo-sentinelleSLOGAN-1.png\",\"width\":615,\"height\":142,\"caption\":\"Quotidien La Sentinelle\"},\"image\":{\"@id\":\"https:\\\/\\\/lasentinelle.dz\\\/#\\\/schema\\\/logo\\\/image\\\/\"},\"sameAs\":[\"https:\\\/\\\/www.facebook.com\\\/La-Sentinelle-104059864394773\"]},{\"@type\":\"Person\",\"@id\":\"https:\\\/\\\/lasentinelle.dz\\\/#\\\/schema\\\/person\\\/d865044e22e70a75174ce8bcad3acfb3\",\"name\":\"La Sentinelle\",\"image\":{\"@type\":\"ImageObject\",\"inLanguage\":\"fr-FR\",\"@id\":\"https:\\\/\\\/secure.gravatar.com\\\/avatar\\\/57de8e5d4b15d43fb361a71fbb36338450fe67865b528a43dd10ef7c51a20392?s=96&d=mm&r=g\",\"url\":\"https:\\\/\\\/secure.gravatar.com\\\/avatar\\\/57de8e5d4b15d43fb361a71fbb36338450fe67865b528a43dd10ef7c51a20392?s=96&d=mm&r=g\",\"contentUrl\":\"https:\\\/\\\/secure.gravatar.com\\\/avatar\\\/57de8e5d4b15d43fb361a71fbb36338450fe67865b528a43dd10ef7c51a20392?s=96&d=mm&r=g\",\"caption\":\"La Sentinelle\"},\"sameAs\":[\"http:\\\/\\\/www.lasentinelle.dz\"],\"url\":\"https:\\\/\\\/lasentinelle.dz\\\/author\\\/redaction\\\/\"}]}<\/script>\n<!-- \/ Yoast SEO plugin. -->","yoast_head_json":{"title":"Jeux olympiques Paris 2024\u00a0: 32 athl\u00e8tes alg\u00e9riens qualifi\u00e9s - La Sentinelle","robots":{"index":"index","follow":"follow","max-snippet":"max-snippet:-1","max-image-preview":"max-image-preview:large","max-video-preview":"max-video-preview:-1"},"canonical":"https:\/\/lasentinelle.dz\/index.php\/2024\/04\/19\/jeux-olympiques-paris-2024-32-athletes-algeriens-qualifies\/","og_locale":"fr_FR","og_type":"article","og_title":"Jeux olympiques Paris 2024\u00a0: 32 athl\u00e8tes alg\u00e9riens qualifi\u00e9s - La Sentinelle","og_description":"Le ministre de la Jeunesse et des Sports, Abderrahmane Hammad, a indiqu\u00e9 jeudi \u00e0 Tipasa, en marge de l\u2019inauguration du","og_url":"https:\/\/lasentinelle.dz\/index.php\/2024\/04\/19\/jeux-olympiques-paris-2024-32-athletes-algeriens-qualifies\/","og_site_name":"La Sentinelle","article_publisher":"https:\/\/www.facebook.com\/La-Sentinelle-104059864394773","article_published_time":"2024-04-19T20:30:21+00:00","article_modified_time":"2024-04-19T20:30:23+00:00","og_image":[{"width":1280,"height":853,"url":"https:\/\/lasentinelle.dz\/wp-content\/uploads\/2024\/04\/hammad.jpeg","type":"image\/jpeg"}],"author":"La Sentinelle","twitter_card":"summary_large_image","twitter_misc":{"\u00c9crit par":"La Sentinelle","Dur\u00e9e de lecture estim\u00e9e":"3 minutes"},"schema":{"@context":"https:\/\/schema.org","@graph":[{"@type":"Article","@id":"https:\/\/lasentinelle.dz\/index.php\/2024\/04\/19\/jeux-olympiques-paris-2024-32-athletes-algeriens-qualifies\/#article","isPartOf":{"@id":"https:\/\/lasentinelle.dz\/index.php\/2024\/04\/19\/jeux-olympiques-paris-2024-32-athletes-algeriens-qualifies\/"},"author":{"name":"La Sentinelle","@id":"https:\/\/lasentinelle.dz\/#\/schema\/person\/d865044e22e70a75174ce8bcad3acfb3"},"headline":"Jeux olympiques Paris 2024\u00a0: 32 athl\u00e8tes alg\u00e9riens qualifi\u00e9s","datePublished":"2024-04-19T20:30:21+00:00","dateModified":"2024-04-19T20:30:23+00:00","mainEntityOfPage":{"@id":"https:\/\/lasentinelle.dz\/index.php\/2024\/04\/19\/jeux-olympiques-paris-2024-32-athletes-algeriens-qualifies\/"},"wordCount":581,"commentCount":0,"publisher":{"@id":"https:\/\/lasentinelle.dz\/#organization"},"image":{"@id":"https:\/\/lasentinelle.dz\/index.php\/2024\/04\/19\/jeux-olympiques-paris-2024-32-athletes-algeriens-qualifies\/#primaryimage"},"thumbnailUrl":"https:\/\/lasentinelle.dz\/wp-content\/uploads\/2024\/04\/hammad.jpeg","articleSection":["Sports"],"inLanguage":"fr-FR","potentialAction":[{"@type":"CommentAction","name":"Comment","target":["https:\/\/lasentinelle.dz\/index.php\/2024\/04\/19\/jeux-olympiques-paris-2024-32-athletes-algeriens-qualifies\/#respond"]}]},{"@type":"WebPage","@id":"https:\/\/lasentinelle.dz\/index.php\/2024\/04\/19\/jeux-olympiques-paris-2024-32-athletes-algeriens-qualifies\/","url":"https:\/\/lasentinelle.dz\/index.php\/2024\/04\/19\/jeux-olympiques-paris-2024-32-athletes-algeriens-qualifies\/","name":"Jeux olympiques Paris 2024\u00a0: 32 athl\u00e8tes alg\u00e9riens qualifi\u00e9s - La Sentinelle","isPartOf":{"@id":"https:\/\/lasentinelle.dz\/#website"},"primaryImageOfPage":{"@id":"https:\/\/lasentinelle.dz\/index.php\/2024\/04\/19\/jeux-olympiques-paris-2024-32-athletes-algeriens-qualifies\/#primaryimage"},"image":{"@id":"https:\/\/lasentinelle.dz\/index.php\/2024\/04\/19\/jeux-olympiques-paris-2024-32-athletes-algeriens-qualifies\/#primaryimage"},"thumbnailUrl":"https:\/\/lasentinelle.dz\/wp-content\/uploads\/2024\/04\/hammad.jpeg","datePublished":"2024-04-19T20:30:21+00:00","dateModified":"2024-04-19T20:30:23+00:00","breadcrumb":{"@id":"https:\/\/lasentinelle.dz\/index.php\/2024\/04\/19\/jeux-olympiques-paris-2024-32-athletes-algeriens-qualifies\/#breadcrumb"},"inLanguage":"fr-FR","potentialAction":[{"@type":"ReadAction","target":["https:\/\/lasentinelle.dz\/index.php\/2024\/04\/19\/jeux-olympiques-paris-2024-32-athletes-algeriens-qualifies\/"]}]},{"@type":"ImageObject","inLanguage":"fr-FR","@id":"https:\/\/lasentinelle.dz\/index.php\/2024\/04\/19\/jeux-olympiques-paris-2024-32-athletes-algeriens-qualifies\/#primaryimage","url":"https:\/\/lasentinelle.dz\/wp-content\/uploads\/2024\/04\/hammad.jpeg","contentUrl":"https:\/\/lasentinelle.dz\/wp-content\/uploads\/2024\/04\/hammad.jpeg","width":1280,"height":853},{"@type":"BreadcrumbList","@id":"https:\/\/lasentinelle.dz\/index.php\/2024\/04\/19\/jeux-olympiques-paris-2024-32-athletes-algeriens-qualifies\/#breadcrumb","itemListElement":[{"@type":"ListItem","position":1,"name":"Accueil","item":"https:\/\/lasentinelle.dz\/"},{"@type":"ListItem","position":2,"name":"Jeux olympiques Paris 2024\u00a0: 32 athl\u00e8tes alg\u00e9riens qualifi\u00e9s"}]},{"@type":"WebSite","@id":"https:\/\/lasentinelle.dz\/#website","url":"https:\/\/lasentinelle.dz\/","name":"La Sentinelle","description":"Quotidien national d&#039;information","publisher":{"@id":"https:\/\/lasentinelle.dz\/#organization"},"potentialAction":[{"@type":"SearchAction","target":{"@type":"EntryPoint","urlTemplate":"https:\/\/lasentinelle.dz\/?s={search_term_string}"},"query-input":{"@type":"PropertyValueSpecification","valueRequired":true,"valueName":"search_term_string"}}],"inLanguage":"fr-FR"},{"@type":"Organization","@id":"https:\/\/lasentinelle.dz\/#organization","name":"Quotidien La Sentinelle","url":"https:\/\/lasentinelle.dz\/","logo":{"@type":"ImageObject","inLanguage":"fr-FR","@id":"https:\/\/lasentinelle.dz\/#\/schema\/logo\/image\/","url":"https:\/\/lasentinelle.dz\/wp-content\/uploads\/2021\/09\/logo-sentinelleSLOGAN-1.png","contentUrl":"https:\/\/lasentinelle.dz\/wp-content\/uploads\/2021\/09\/logo-sentinelleSLOGAN-1.png","width":615,"height":142,"caption":"Quotidien La Sentinelle"},"image":{"@id":"https:\/\/lasentinelle.dz\/#\/schema\/logo\/image\/"},"sameAs":["https:\/\/www.facebook.com\/La-Sentinelle-104059864394773"]},{"@type":"Person","@id":"https:\/\/lasentinelle.dz\/#\/schema\/person\/d865044e22e70a75174ce8bcad3acfb3","name":"La Sentinelle","image":{"@type":"ImageObject","inLanguage":"fr-FR","@id":"https:\/\/secure.gravatar.com\/avatar\/57de8e5d4b15d43fb361a71fbb36338450fe67865b528a43dd10ef7c51a20392?s=96&d=mm&r=g","url":"https:\/\/secure.gravatar.com\/avatar\/57de8e5d4b15d43fb361a71fbb36338450fe67865b528a43dd10ef7c51a20392?s=96&d=mm&r=g","contentUrl":"https:\/\/secure.gravatar.com\/avatar\/57de8e5d4b15d43fb361a71fbb36338450fe67865b528a43dd10ef7c51a20392?s=96&d=mm&r=g","caption":"La Sentinelle"},"sameAs":["http:\/\/www.lasentinelle.dz"],"url":"https:\/\/lasentinelle.dz\/author\/redaction\/"}]}},"_links":{"self":[{"href":"https:\/\/lasentinelle.dz\/index.php\/wp-json\/wp\/v2\/posts\/51398","targetHints":{"allow":["GET"]}}],"collection":[{"href":"https:\/\/lasentinelle.dz\/index.php\/wp-json\/wp\/v2\/posts"}],"about":[{"href":"https:\/\/lasentinelle.dz\/index.php\/wp-json\/wp\/v2\/types\/post"}],"author":[{"embeddable":true,"href":"https:\/\/lasentinelle.dz\/index.php\/wp-json\/wp\/v2\/users\/3"}],"replies":[{"embeddable":true,"href":"https:\/\/lasentinelle.dz\/index.php\/wp-json\/wp\/v2\/comments?post=51398"}],"version-history":[{"count":1,"href":"https:\/\/lasentinelle.dz\/index.php\/wp-json\/wp\/v2\/posts\/51398\/revisions"}],"predecessor-version":[{"id":51400,"href":"https:\/\/lasentinelle.dz\/index.php\/wp-json\/wp\/v2\/posts\/51398\/revisions\/51400"}],"wp:featuredmedia":[{"embeddable":true,"href":"https:\/\/lasentinelle.dz\/index.php\/wp-json\/wp\/v2\/media\/51399"}],"wp:attachment":[{"href":"https:\/\/lasentinelle.dz\/index.php\/wp-json\/wp\/v2\/media?parent=51398"}],"wp:term":[{"taxonomy":"category","embeddable":true,"href":"https:\/\/lasentinelle.dz\/index.php\/wp-json\/wp\/v2\/categories?post=51398"},{"taxonomy":"post_tag","embeddable":true,"href":"https:\/\/lasentinelle.dz\/index.php\/wp-json\/wp\/v2\/tags?post=51398"}],"curies":[{"name":"wp","href":"https:\/\/api.w.org\/{rel}","templated":true}]}}