{"id":51401,"date":"2024-04-19T21:31:40","date_gmt":"2024-04-19T20:31:40","guid":{"rendered":"https:\/\/lasentinelle.dz\/?p=51401"},"modified":"2024-04-19T21:31:43","modified_gmt":"2024-04-19T20:31:43","slug":"tournoi-de-lunaf-u17-les-verts-contraints-au-partage-des-points","status":"publish","type":"post","link":"https:\/\/lasentinelle.dz\/index.php\/2024\/04\/19\/tournoi-de-lunaf-u17-les-verts-contraints-au-partage-des-points\/","title":{"rendered":"Tournoi de l\u2019Unaf U17\u00a0: Les Verts contraints au partage des points"},"content":{"rendered":"\n<p>Le match de la premi\u00e8re journ\u00e9e du Tournoi UNAF des U17 entre la s\u00e9lection nationale et son homologue marocaine s\u2019est sold\u00e9 par un match nul (1-1). Le match qui s\u2019est disput\u00e9 au stade Salem Mebrouki de Rouiba, pour le compte de la 1re journ\u00e9e &nbsp;du Tournoi de l&rsquo;Union nord-africaine (UNAF) de la cat\u00e9gorie qui se d\u00e9roule \u00e0 Alger (18-26 avril). Un match qui fut dans l\u2019ensemble \u00e9quilibr\u00e9, avec une certaine prudence dans le jeu de part et d\u2019autre.<\/p>\n\n\n\n<p>Malgr\u00e9 le potentiel d\u00e9montr\u00e9 par la s\u00e9lection alg\u00e9rienne, des probl\u00e8mes d\u2019homog\u00e9n\u00e9it\u00e9 ont \u00e9t\u00e9 \u00e9vidents dans certaines situations. Les Verts ont eu une franche opportunit\u00e9 de scorer gr\u00e2ce \u00e0 un coup franc sur le flanc gauche qui aurait pu \u00eatre d\u00e9cisif, mais la premi\u00e8re mi-temps se terminera sur un score vierge. En seconde mi-temps, les Verts ont affich\u00e9 un jeu plus s\u00e9duisant, notamment apr\u00e8s le changement tactique op\u00e9r\u00e9 par le s\u00e9lectionneur, Aziz Lahoussine, qui a vu l\u2019incorporation d\u2019un attaquant \u00e0 la place d\u2019un milieu de terrain donnant plus de mordant \u00e0 l\u2019\u00e9quipe nationale. Mais l\u00e0 aussi, l\u2019efficacit\u00e9 a manqu\u00e9 \u00e0 nos jeunes joueurs ou parfois, la malchance, comme ce but refus\u00e9 pour un hors-jeu pas tout \u00e0 fait \u00e9vident. Et contre le cours du jeu, c\u2019est Billel Ouazari qui a trouv\u00e9 la faille et ouvert la marque pour l\u2019\u00e9quipe marocaine \u00e0 la 69e minute. Une ouverture du score qui n\u2019a pas d\u00e9courag\u00e9 la s\u00e9lection nationale, qui a maintenu la pression sur l\u2019adversaire jusqu\u2019\u00e0 \u00e9galiser fort logiquement dans le temps additionnel par Adem Mekhalfia. Plus t\u00f4t dans la journ\u00e9e, la Tunisie et l\u2019Egypte se sont neutralis\u00e9s eux aussi sur le m\u00eame score (1-1). Les Tunisiens ont ouvert le score d\u00e8s la 4e minute de jeu gr\u00e2ce \u00e0 un jolie coup franc direct bott\u00e9 par Kousay Ben Ma\u00e2cha. En seconde p\u00e9riode, les Egyptiens ont remis les pendules \u00e0 l&rsquo;heure par l&rsquo;entremise de Hamza Abdelkarim (63e). La deuxi\u00e8me journ\u00e9e du tournoi se tiendra ce samedi au stade Omar Hamadi, offrant deux belles affiches : Tunisie-Maroc et \u00c9gypte-Libye. La s\u00e9lection nationale alg\u00e9rienne sera quant \u00e0 elle exempte de cette journ\u00e9e. La derni\u00e8re comp\u00e9tition \u00e0 laquelle a pris part la s\u00e9lection des U17 \u00e9tait la CAN-2023, marqu\u00e9e par une \u00e9limination en quarts de finale du tournoi, ratant ainsi l&rsquo;occasion de se qualifier au Mondial de la cat\u00e9gorie disput\u00e9 du 10 novembre au 2 d\u00e9cembre 2023 en Indon\u00e9sie. &nbsp;Le premier \u00e0 l&rsquo;issue de ce mini-championnat sera d\u00e9clar\u00e9 champion.<\/p>\n\n\n\n<p>R.S.<\/p>\n","protected":false},"excerpt":{"rendered":"<p>Le match de la premi\u00e8re journ\u00e9e du Tournoi UNAF des U17 entre la s\u00e9lection nationale et son homologue marocaine s\u2019est<\/p>\n","protected":false},"author":3,"featured_media":51402,"comment_status":"open","ping_status":"closed","sticky":false,"template":"","format":"standard","meta":{"colormag_page_container_layout":"default_layout","colormag_page_sidebar_layout":"default_layout","om_disable_all_campaigns":false,"_monsterinsights_skip_tracking":false,"_monsterinsights_sitenote_active":false,"_monsterinsights_sitenote_note":"","_monsterinsights_sitenote_category":0,"footnotes":"","_wpscppro_dont_share_socialmedia":false,"_wpscppro_custom_social_share_image":0,"_facebook_share_type":"","_twitter_share_type":"","_linkedin_share_type":"","_pinterest_share_type":"","_linkedin_share_type_page":"","_instagram_share_type":"","_medium_share_type":"","_threads_share_type":"","_google_business_share_type":"","_selected_social_profile":[],"_wpsp_enable_custom_social_template":false,"_wpsp_social_scheduling":{"enabled":false,"datetime":null,"platforms":[],"status":"template_only","dateOption":"today","timeOption":"now","customDays":"","customHours":"","customDate":"","customTime":"","schedulingType":"absolute"},"_wpsp_active_default_template":true},"categories":[33],"tags":[],"class_list":["post-51401","post","type-post","status-publish","format-standard","has-post-thumbnail","hentry","category-sports"],"aioseo_notices":[],"yoast_head":"<!-- This site is optimized with the Yoast SEO plugin v27.5 - https:\/\/yoast.com\/product\/yoast-seo-wordpress\/ -->\n<title>Tournoi de l\u2019Unaf U17\u00a0: Les Verts contraints au partage des points - La Sentinelle<\/title>\n<meta name=\"robots\" content=\"index, follow, max-snippet:-1, max-image-preview:large, max-video-preview:-1\" \/>\n<link rel=\"canonical\" href=\"https:\/\/lasentinelle.dz\/index.php\/2024\/04\/19\/tournoi-de-lunaf-u17-les-verts-contraints-au-partage-des-points\/\" \/>\n<meta property=\"og:locale\" content=\"fr_FR\" \/>\n<meta property=\"og:type\" content=\"article\" \/>\n<meta property=\"og:title\" content=\"Tournoi de l\u2019Unaf U17\u00a0: Les Verts contraints au partage des points - La Sentinelle\" \/>\n<meta property=\"og:description\" content=\"Le match de la premi\u00e8re journ\u00e9e du Tournoi UNAF des U17 entre la s\u00e9lection nationale et son homologue marocaine s\u2019est\" \/>\n<meta property=\"og:url\" content=\"https:\/\/lasentinelle.dz\/index.php\/2024\/04\/19\/tournoi-de-lunaf-u17-les-verts-contraints-au-partage-des-points\/\" \/>\n<meta property=\"og:site_name\" content=\"La Sentinelle\" \/>\n<meta property=\"article:publisher\" content=\"https:\/\/www.facebook.com\/La-Sentinelle-104059864394773\" \/>\n<meta property=\"article:published_time\" content=\"2024-04-19T20:31:40+00:00\" \/>\n<meta property=\"article:modified_time\" content=\"2024-04-19T20:31:43+00:00\" \/>\n<meta property=\"og:image\" content=\"https:\/\/lasentinelle.dz\/wp-content\/uploads\/2024\/04\/U17-3.jpeg\" \/>\n\t<meta property=\"og:image:width\" content=\"2400\" \/>\n\t<meta property=\"og:image:height\" content=\"1600\" \/>\n\t<meta property=\"og:image:type\" content=\"image\/jpeg\" \/>\n<meta name=\"author\" content=\"La Sentinelle\" \/>\n<meta name=\"twitter:card\" content=\"summary_large_image\" \/>\n<meta name=\"twitter:label1\" content=\"\u00c9crit par\" \/>\n\t<meta name=\"twitter:data1\" content=\"La Sentinelle\" \/>\n\t<meta name=\"twitter:label2\" content=\"Dur\u00e9e de lecture estim\u00e9e\" \/>\n\t<meta name=\"twitter:data2\" content=\"3 minutes\" \/>\n<script type=\"application\/ld+json\" class=\"yoast-schema-graph\">{\"@context\":\"https:\\\/\\\/schema.org\",\"@graph\":[{\"@type\":\"Article\",\"@id\":\"https:\\\/\\\/lasentinelle.dz\\\/index.php\\\/2024\\\/04\\\/19\\\/tournoi-de-lunaf-u17-les-verts-contraints-au-partage-des-points\\\/#article\",\"isPartOf\":{\"@id\":\"https:\\\/\\\/lasentinelle.dz\\\/index.php\\\/2024\\\/04\\\/19\\\/tournoi-de-lunaf-u17-les-verts-contraints-au-partage-des-points\\\/\"},\"author\":{\"name\":\"La Sentinelle\",\"@id\":\"https:\\\/\\\/lasentinelle.dz\\\/#\\\/schema\\\/person\\\/d865044e22e70a75174ce8bcad3acfb3\"},\"headline\":\"Tournoi de l\u2019Unaf U17\u00a0: Les Verts contraints au partage des points\",\"datePublished\":\"2024-04-19T20:31:40+00:00\",\"dateModified\":\"2024-04-19T20:31:43+00:00\",\"mainEntityOfPage\":{\"@id\":\"https:\\\/\\\/lasentinelle.dz\\\/index.php\\\/2024\\\/04\\\/19\\\/tournoi-de-lunaf-u17-les-verts-contraints-au-partage-des-points\\\/\"},\"wordCount\":461,\"commentCount\":0,\"publisher\":{\"@id\":\"https:\\\/\\\/lasentinelle.dz\\\/#organization\"},\"image\":{\"@id\":\"https:\\\/\\\/lasentinelle.dz\\\/index.php\\\/2024\\\/04\\\/19\\\/tournoi-de-lunaf-u17-les-verts-contraints-au-partage-des-points\\\/#primaryimage\"},\"thumbnailUrl\":\"https:\\\/\\\/lasentinelle.dz\\\/wp-content\\\/uploads\\\/2024\\\/04\\\/U17-3.jpeg\",\"articleSection\":[\"Sports\"],\"inLanguage\":\"fr-FR\",\"potentialAction\":[{\"@type\":\"CommentAction\",\"name\":\"Comment\",\"target\":[\"https:\\\/\\\/lasentinelle.dz\\\/index.php\\\/2024\\\/04\\\/19\\\/tournoi-de-lunaf-u17-les-verts-contraints-au-partage-des-points\\\/#respond\"]}]},{\"@type\":\"WebPage\",\"@id\":\"https:\\\/\\\/lasentinelle.dz\\\/index.php\\\/2024\\\/04\\\/19\\\/tournoi-de-lunaf-u17-les-verts-contraints-au-partage-des-points\\\/\",\"url\":\"https:\\\/\\\/lasentinelle.dz\\\/index.php\\\/2024\\\/04\\\/19\\\/tournoi-de-lunaf-u17-les-verts-contraints-au-partage-des-points\\\/\",\"name\":\"Tournoi de l\u2019Unaf U17\u00a0: Les Verts contraints au partage des points - La Sentinelle\",\"isPartOf\":{\"@id\":\"https:\\\/\\\/lasentinelle.dz\\\/#website\"},\"primaryImageOfPage\":{\"@id\":\"https:\\\/\\\/lasentinelle.dz\\\/index.php\\\/2024\\\/04\\\/19\\\/tournoi-de-lunaf-u17-les-verts-contraints-au-partage-des-points\\\/#primaryimage\"},\"image\":{\"@id\":\"https:\\\/\\\/lasentinelle.dz\\\/index.php\\\/2024\\\/04\\\/19\\\/tournoi-de-lunaf-u17-les-verts-contraints-au-partage-des-points\\\/#primaryimage\"},\"thumbnailUrl\":\"https:\\\/\\\/lasentinelle.dz\\\/wp-content\\\/uploads\\\/2024\\\/04\\\/U17-3.jpeg\",\"datePublished\":\"2024-04-19T20:31:40+00:00\",\"dateModified\":\"2024-04-19T20:31:43+00:00\",\"breadcrumb\":{\"@id\":\"https:\\\/\\\/lasentinelle.dz\\\/index.php\\\/2024\\\/04\\\/19\\\/tournoi-de-lunaf-u17-les-verts-contraints-au-partage-des-points\\\/#breadcrumb\"},\"inLanguage\":\"fr-FR\",\"potentialAction\":[{\"@type\":\"ReadAction\",\"target\":[\"https:\\\/\\\/lasentinelle.dz\\\/index.php\\\/2024\\\/04\\\/19\\\/tournoi-de-lunaf-u17-les-verts-contraints-au-partage-des-points\\\/\"]}]},{\"@type\":\"ImageObject\",\"inLanguage\":\"fr-FR\",\"@id\":\"https:\\\/\\\/lasentinelle.dz\\\/index.php\\\/2024\\\/04\\\/19\\\/tournoi-de-lunaf-u17-les-verts-contraints-au-partage-des-points\\\/#primaryimage\",\"url\":\"https:\\\/\\\/lasentinelle.dz\\\/wp-content\\\/uploads\\\/2024\\\/04\\\/U17-3.jpeg\",\"contentUrl\":\"https:\\\/\\\/lasentinelle.dz\\\/wp-content\\\/uploads\\\/2024\\\/04\\\/U17-3.jpeg\",\"width\":2400,\"height\":1600},{\"@type\":\"BreadcrumbList\",\"@id\":\"https:\\\/\\\/lasentinelle.dz\\\/index.php\\\/2024\\\/04\\\/19\\\/tournoi-de-lunaf-u17-les-verts-contraints-au-partage-des-points\\\/#breadcrumb\",\"itemListElement\":[{\"@type\":\"ListItem\",\"position\":1,\"name\":\"Accueil\",\"item\":\"https:\\\/\\\/lasentinelle.dz\\\/\"},{\"@type\":\"ListItem\",\"position\":2,\"name\":\"Tournoi de l\u2019Unaf U17\u00a0: Les Verts contraints au partage des points\"}]},{\"@type\":\"WebSite\",\"@id\":\"https:\\\/\\\/lasentinelle.dz\\\/#website\",\"url\":\"https:\\\/\\\/lasentinelle.dz\\\/\",\"name\":\"La Sentinelle\",\"description\":\"Quotidien national d&#039;information\",\"publisher\":{\"@id\":\"https:\\\/\\\/lasentinelle.dz\\\/#organization\"},\"potentialAction\":[{\"@type\":\"SearchAction\",\"target\":{\"@type\":\"EntryPoint\",\"urlTemplate\":\"https:\\\/\\\/lasentinelle.dz\\\/?s={search_term_string}\"},\"query-input\":{\"@type\":\"PropertyValueSpecification\",\"valueRequired\":true,\"valueName\":\"search_term_string\"}}],\"inLanguage\":\"fr-FR\"},{\"@type\":\"Organization\",\"@id\":\"https:\\\/\\\/lasentinelle.dz\\\/#organization\",\"name\":\"Quotidien La Sentinelle\",\"url\":\"https:\\\/\\\/lasentinelle.dz\\\/\",\"logo\":{\"@type\":\"ImageObject\",\"inLanguage\":\"fr-FR\",\"@id\":\"https:\\\/\\\/lasentinelle.dz\\\/#\\\/schema\\\/logo\\\/image\\\/\",\"url\":\"https:\\\/\\\/lasentinelle.dz\\\/wp-content\\\/uploads\\\/2021\\\/09\\\/logo-sentinelleSLOGAN-1.png\",\"contentUrl\":\"https:\\\/\\\/lasentinelle.dz\\\/wp-content\\\/uploads\\\/2021\\\/09\\\/logo-sentinelleSLOGAN-1.png\",\"width\":615,\"height\":142,\"caption\":\"Quotidien La Sentinelle\"},\"image\":{\"@id\":\"https:\\\/\\\/lasentinelle.dz\\\/#\\\/schema\\\/logo\\\/image\\\/\"},\"sameAs\":[\"https:\\\/\\\/www.facebook.com\\\/La-Sentinelle-104059864394773\"]},{\"@type\":\"Person\",\"@id\":\"https:\\\/\\\/lasentinelle.dz\\\/#\\\/schema\\\/person\\\/d865044e22e70a75174ce8bcad3acfb3\",\"name\":\"La Sentinelle\",\"image\":{\"@type\":\"ImageObject\",\"inLanguage\":\"fr-FR\",\"@id\":\"https:\\\/\\\/secure.gravatar.com\\\/avatar\\\/57de8e5d4b15d43fb361a71fbb36338450fe67865b528a43dd10ef7c51a20392?s=96&d=mm&r=g\",\"url\":\"https:\\\/\\\/secure.gravatar.com\\\/avatar\\\/57de8e5d4b15d43fb361a71fbb36338450fe67865b528a43dd10ef7c51a20392?s=96&d=mm&r=g\",\"contentUrl\":\"https:\\\/\\\/secure.gravatar.com\\\/avatar\\\/57de8e5d4b15d43fb361a71fbb36338450fe67865b528a43dd10ef7c51a20392?s=96&d=mm&r=g\",\"caption\":\"La Sentinelle\"},\"sameAs\":[\"http:\\\/\\\/www.lasentinelle.dz\"],\"url\":\"https:\\\/\\\/lasentinelle.dz\\\/author\\\/redaction\\\/\"}]}<\/script>\n<!-- \/ Yoast SEO plugin. -->","yoast_head_json":{"title":"Tournoi de l\u2019Unaf U17\u00a0: Les Verts contraints au partage des points - La Sentinelle","robots":{"index":"index","follow":"follow","max-snippet":"max-snippet:-1","max-image-preview":"max-image-preview:large","max-video-preview":"max-video-preview:-1"},"canonical":"https:\/\/lasentinelle.dz\/index.php\/2024\/04\/19\/tournoi-de-lunaf-u17-les-verts-contraints-au-partage-des-points\/","og_locale":"fr_FR","og_type":"article","og_title":"Tournoi de l\u2019Unaf U17\u00a0: Les Verts contraints au partage des points - La Sentinelle","og_description":"Le match de la premi\u00e8re journ\u00e9e du Tournoi UNAF des U17 entre la s\u00e9lection nationale et son homologue marocaine s\u2019est","og_url":"https:\/\/lasentinelle.dz\/index.php\/2024\/04\/19\/tournoi-de-lunaf-u17-les-verts-contraints-au-partage-des-points\/","og_site_name":"La Sentinelle","article_publisher":"https:\/\/www.facebook.com\/La-Sentinelle-104059864394773","article_published_time":"2024-04-19T20:31:40+00:00","article_modified_time":"2024-04-19T20:31:43+00:00","og_image":[{"width":2400,"height":1600,"url":"https:\/\/lasentinelle.dz\/wp-content\/uploads\/2024\/04\/U17-3.jpeg","type":"image\/jpeg"}],"author":"La Sentinelle","twitter_card":"summary_large_image","twitter_misc":{"\u00c9crit par":"La Sentinelle","Dur\u00e9e de lecture estim\u00e9e":"3 minutes"},"schema":{"@context":"https:\/\/schema.org","@graph":[{"@type":"Article","@id":"https:\/\/lasentinelle.dz\/index.php\/2024\/04\/19\/tournoi-de-lunaf-u17-les-verts-contraints-au-partage-des-points\/#article","isPartOf":{"@id":"https:\/\/lasentinelle.dz\/index.php\/2024\/04\/19\/tournoi-de-lunaf-u17-les-verts-contraints-au-partage-des-points\/"},"author":{"name":"La Sentinelle","@id":"https:\/\/lasentinelle.dz\/#\/schema\/person\/d865044e22e70a75174ce8bcad3acfb3"},"headline":"Tournoi de l\u2019Unaf U17\u00a0: Les Verts contraints au partage des points","datePublished":"2024-04-19T20:31:40+00:00","dateModified":"2024-04-19T20:31:43+00:00","mainEntityOfPage":{"@id":"https:\/\/lasentinelle.dz\/index.php\/2024\/04\/19\/tournoi-de-lunaf-u17-les-verts-contraints-au-partage-des-points\/"},"wordCount":461,"commentCount":0,"publisher":{"@id":"https:\/\/lasentinelle.dz\/#organization"},"image":{"@id":"https:\/\/lasentinelle.dz\/index.php\/2024\/04\/19\/tournoi-de-lunaf-u17-les-verts-contraints-au-partage-des-points\/#primaryimage"},"thumbnailUrl":"https:\/\/lasentinelle.dz\/wp-content\/uploads\/2024\/04\/U17-3.jpeg","articleSection":["Sports"],"inLanguage":"fr-FR","potentialAction":[{"@type":"CommentAction","name":"Comment","target":["https:\/\/lasentinelle.dz\/index.php\/2024\/04\/19\/tournoi-de-lunaf-u17-les-verts-contraints-au-partage-des-points\/#respond"]}]},{"@type":"WebPage","@id":"https:\/\/lasentinelle.dz\/index.php\/2024\/04\/19\/tournoi-de-lunaf-u17-les-verts-contraints-au-partage-des-points\/","url":"https:\/\/lasentinelle.dz\/index.php\/2024\/04\/19\/tournoi-de-lunaf-u17-les-verts-contraints-au-partage-des-points\/","name":"Tournoi de l\u2019Unaf U17\u00a0: Les Verts contraints au partage des points - La Sentinelle","isPartOf":{"@id":"https:\/\/lasentinelle.dz\/#website"},"primaryImageOfPage":{"@id":"https:\/\/lasentinelle.dz\/index.php\/2024\/04\/19\/tournoi-de-lunaf-u17-les-verts-contraints-au-partage-des-points\/#primaryimage"},"image":{"@id":"https:\/\/lasentinelle.dz\/index.php\/2024\/04\/19\/tournoi-de-lunaf-u17-les-verts-contraints-au-partage-des-points\/#primaryimage"},"thumbnailUrl":"https:\/\/lasentinelle.dz\/wp-content\/uploads\/2024\/04\/U17-3.jpeg","datePublished":"2024-04-19T20:31:40+00:00","dateModified":"2024-04-19T20:31:43+00:00","breadcrumb":{"@id":"https:\/\/lasentinelle.dz\/index.php\/2024\/04\/19\/tournoi-de-lunaf-u17-les-verts-contraints-au-partage-des-points\/#breadcrumb"},"inLanguage":"fr-FR","potentialAction":[{"@type":"ReadAction","target":["https:\/\/lasentinelle.dz\/index.php\/2024\/04\/19\/tournoi-de-lunaf-u17-les-verts-contraints-au-partage-des-points\/"]}]},{"@type":"ImageObject","inLanguage":"fr-FR","@id":"https:\/\/lasentinelle.dz\/index.php\/2024\/04\/19\/tournoi-de-lunaf-u17-les-verts-contraints-au-partage-des-points\/#primaryimage","url":"https:\/\/lasentinelle.dz\/wp-content\/uploads\/2024\/04\/U17-3.jpeg","contentUrl":"https:\/\/lasentinelle.dz\/wp-content\/uploads\/2024\/04\/U17-3.jpeg","width":2400,"height":1600},{"@type":"BreadcrumbList","@id":"https:\/\/lasentinelle.dz\/index.php\/2024\/04\/19\/tournoi-de-lunaf-u17-les-verts-contraints-au-partage-des-points\/#breadcrumb","itemListElement":[{"@type":"ListItem","position":1,"name":"Accueil","item":"https:\/\/lasentinelle.dz\/"},{"@type":"ListItem","position":2,"name":"Tournoi de l\u2019Unaf U17\u00a0: Les Verts contraints au partage des points"}]},{"@type":"WebSite","@id":"https:\/\/lasentinelle.dz\/#website","url":"https:\/\/lasentinelle.dz\/","name":"La Sentinelle","description":"Quotidien national d&#039;information","publisher":{"@id":"https:\/\/lasentinelle.dz\/#organization"},"potentialAction":[{"@type":"SearchAction","target":{"@type":"EntryPoint","urlTemplate":"https:\/\/lasentinelle.dz\/?s={search_term_string}"},"query-input":{"@type":"PropertyValueSpecification","valueRequired":true,"valueName":"search_term_string"}}],"inLanguage":"fr-FR"},{"@type":"Organization","@id":"https:\/\/lasentinelle.dz\/#organization","name":"Quotidien La Sentinelle","url":"https:\/\/lasentinelle.dz\/","logo":{"@type":"ImageObject","inLanguage":"fr-FR","@id":"https:\/\/lasentinelle.dz\/#\/schema\/logo\/image\/","url":"https:\/\/lasentinelle.dz\/wp-content\/uploads\/2021\/09\/logo-sentinelleSLOGAN-1.png","contentUrl":"https:\/\/lasentinelle.dz\/wp-content\/uploads\/2021\/09\/logo-sentinelleSLOGAN-1.png","width":615,"height":142,"caption":"Quotidien La Sentinelle"},"image":{"@id":"https:\/\/lasentinelle.dz\/#\/schema\/logo\/image\/"},"sameAs":["https:\/\/www.facebook.com\/La-Sentinelle-104059864394773"]},{"@type":"Person","@id":"https:\/\/lasentinelle.dz\/#\/schema\/person\/d865044e22e70a75174ce8bcad3acfb3","name":"La Sentinelle","image":{"@type":"ImageObject","inLanguage":"fr-FR","@id":"https:\/\/secure.gravatar.com\/avatar\/57de8e5d4b15d43fb361a71fbb36338450fe67865b528a43dd10ef7c51a20392?s=96&d=mm&r=g","url":"https:\/\/secure.gravatar.com\/avatar\/57de8e5d4b15d43fb361a71fbb36338450fe67865b528a43dd10ef7c51a20392?s=96&d=mm&r=g","contentUrl":"https:\/\/secure.gravatar.com\/avatar\/57de8e5d4b15d43fb361a71fbb36338450fe67865b528a43dd10ef7c51a20392?s=96&d=mm&r=g","caption":"La Sentinelle"},"sameAs":["http:\/\/www.lasentinelle.dz"],"url":"https:\/\/lasentinelle.dz\/author\/redaction\/"}]}},"_links":{"self":[{"href":"https:\/\/lasentinelle.dz\/index.php\/wp-json\/wp\/v2\/posts\/51401","targetHints":{"allow":["GET"]}}],"collection":[{"href":"https:\/\/lasentinelle.dz\/index.php\/wp-json\/wp\/v2\/posts"}],"about":[{"href":"https:\/\/lasentinelle.dz\/index.php\/wp-json\/wp\/v2\/types\/post"}],"author":[{"embeddable":true,"href":"https:\/\/lasentinelle.dz\/index.php\/wp-json\/wp\/v2\/users\/3"}],"replies":[{"embeddable":true,"href":"https:\/\/lasentinelle.dz\/index.php\/wp-json\/wp\/v2\/comments?post=51401"}],"version-history":[{"count":1,"href":"https:\/\/lasentinelle.dz\/index.php\/wp-json\/wp\/v2\/posts\/51401\/revisions"}],"predecessor-version":[{"id":51403,"href":"https:\/\/lasentinelle.dz\/index.php\/wp-json\/wp\/v2\/posts\/51401\/revisions\/51403"}],"wp:featuredmedia":[{"embeddable":true,"href":"https:\/\/lasentinelle.dz\/index.php\/wp-json\/wp\/v2\/media\/51402"}],"wp:attachment":[{"href":"https:\/\/lasentinelle.dz\/index.php\/wp-json\/wp\/v2\/media?parent=51401"}],"wp:term":[{"taxonomy":"category","embeddable":true,"href":"https:\/\/lasentinelle.dz\/index.php\/wp-json\/wp\/v2\/categories?post=51401"},{"taxonomy":"post_tag","embeddable":true,"href":"https:\/\/lasentinelle.dz\/index.php\/wp-json\/wp\/v2\/tags?post=51401"}],"curies":[{"name":"wp","href":"https:\/\/api.w.org\/{rel}","templated":true}]}}