{"id":51421,"date":"2024-04-19T22:20:38","date_gmt":"2024-04-19T21:20:38","guid":{"rendered":"https:\/\/lasentinelle.dz\/?p=51421"},"modified":"2024-04-19T22:20:40","modified_gmt":"2024-04-19T21:20:40","slug":"logement-rural-vers-une-revision-des-aides","status":"publish","type":"post","link":"https:\/\/lasentinelle.dz\/index.php\/2024\/04\/19\/logement-rural-vers-une-revision-des-aides\/","title":{"rendered":"Logement rural\u00a0: Vers une r\u00e9vision des aides"},"content":{"rendered":"\n<p>Le ministre de l&rsquo;Habitat, de l&rsquo;Urbanisme et de la Ville, Mohamed Tarek Belaribi a indiqu\u00e9 jeudi que son d\u00e9partement examine actuellement le dossier des aides au logement rural.<\/p>\n\n\n\n<p>Lors d\u2019une s\u00e9ance pl\u00e9ni\u00e8re de l\u2019Assembl\u00e9e populaire nationale consacr\u00e9e aux questions orales, le ministre de l&rsquo;Habitat, de l&rsquo;Urbanisme et de la Ville a indiqu\u00e9 que secteur \u00e9tudie actuellement le dossier de la valeur des aides destin\u00e9es au logement rural, lequel donnera lieu \u00e0 plusieurs d\u00e9cisions, notamment en ce qui concerne les zones montagneuses et les terrains qui n\u00e9cessitent d&rsquo;importants travaux lors de la phase de pr\u00e9-construction. Le ministre a soulign\u00e9 que cette d\u00e9marche entre dans le cadre des engagements du pr\u00e9sident de la R\u00e9publique de pr\u00e9servation du caract\u00e8re social de l\u2019\u00c9tat.<\/p>\n\n\n\n<p>Rappelons dans ce contexte que conform\u00e9ment aux directives du Pr\u00e9sident de la R\u00e9publique, le minist\u00e8re du Travail, de l\u2019Emploi et de la S\u00e9curit\u00e9 sociale a annonc\u00e9 au d\u00e9but de l\u2019ann\u00e9e la reprise du programme du Fonds National de P\u00e9r\u00e9quation des \u0152uvres Sociales, d\u2019aides au logement rural. &nbsp;Cette relance vise ainsi \u00e0 soutenir les travailleurs salari\u00e9s et les retrait\u00e9s \u00e0 travers une allocation financi\u00e8re non remboursable, inscrite dans le cadre du programme de logement rural en 2024.<\/p>\n\n\n\n<p>Jeudi, Tareb Belaribi a \u00e9galement mis en avant de ce cadre le vaste programme de r\u00e9alisation de 460.000 unit\u00e9s de logement, et du programme AADL 3, qui sera lanc\u00e9 prochainement, lequel contribuera \u00e0 augmenter le nombre de ces logements. Le ministre a aussi soulign\u00e9 que son secteur se dirige vers la num\u00e9risation de la formule du logement social et des listes d&rsquo;attente, pour \u00e9viter le probl\u00e8me inh\u00e9rent au choix des listes de b\u00e9n\u00e9ficiaires, pr\u00e9cisant que la num\u00e9risation est actuellement \u00e0 l&rsquo;\u00e9tude au niveau du minist\u00e8re. Il a pr\u00e9cis\u00e9 le secteur \u0153uvre \u00e0 la num\u00e9risation des dossiers de demandes de logement social pour \u00e9viter le probl\u00e8me inh\u00e9rent aux recours, aux commissions de wilayas et aux r\u00e9clamations.<\/p>\n\n\n\n<p>Rappelons que les pr\u00e9paratifs du programme AADL 3 ont \u00e9t\u00e9 lanc\u00e9s et une r\u00e9union technique en ce sens a \u00e9t\u00e9 tenue au mois de mars dernier notamment pour d\u00e9gager les assiettes fonci\u00e8res qui doivent accueillir les nouveaux logements. Le minist\u00e8re de l\u2019Habitat a s\u2019ailleurs annonc\u00e9 qu\u2019une deuxi\u00e8me rencontre est pr\u00e9vue et sera consacr\u00e9e \u00e0 la pr\u00e9sentation de la plateforme num\u00e9rique nouvellement cr\u00e9\u00e9e, et \u00e0 un expos\u00e9 sur le caract\u00e8re architectural et urbain du projet \u00ab AADL 3 \u00bb et ses caract\u00e9ristiques techniques, ainsi que l\u2019organisation d\u2019une autre rencontre d\u00e9di\u00e9e aux textes juridiques et r\u00e9glementaires r\u00e9gissant ce programme. Aussi dans cette perspective a donn\u00e9 des instructions pour acc\u00e9l\u00e9rer l\u2019ach\u00e8vement du programme AADL 2 ainsi que l\u2019attribution des attestations d\u2019attributions aux souscripteurs pour lancer le programme AADL 3 d\u2019ici \u00e0 la fin du premier semestre de l\u2019ann\u00e9e en cours.<\/p>\n\n\n\n<p>Sabrina Aziouez<\/p>\n","protected":false},"excerpt":{"rendered":"<p>Le ministre de l&rsquo;Habitat, de l&rsquo;Urbanisme et de la Ville, Mohamed Tarek Belaribi a indiqu\u00e9 jeudi que son d\u00e9partement examine<\/p>\n","protected":false},"author":3,"featured_media":51422,"comment_status":"open","ping_status":"closed","sticky":false,"template":"","format":"standard","meta":{"colormag_page_container_layout":"default_layout","colormag_page_sidebar_layout":"default_layout","om_disable_all_campaigns":false,"_monsterinsights_skip_tracking":false,"_monsterinsights_sitenote_active":false,"_monsterinsights_sitenote_note":"","_monsterinsights_sitenote_category":0,"footnotes":"","_wpscppro_dont_share_socialmedia":false,"_wpscppro_custom_social_share_image":0,"_facebook_share_type":"","_twitter_share_type":"","_linkedin_share_type":"","_pinterest_share_type":"","_linkedin_share_type_page":"","_instagram_share_type":"","_medium_share_type":"","_threads_share_type":"","_google_business_share_type":"","_selected_social_profile":[],"_wpsp_enable_custom_social_template":false,"_wpsp_social_scheduling":{"enabled":false,"datetime":null,"platforms":[],"status":"template_only","dateOption":"today","timeOption":"now","customDays":"","customHours":"","customDate":"","customTime":"","schedulingType":"absolute"},"_wpsp_active_default_template":true},"categories":[52,27],"tags":[],"class_list":["post-51421","post","type-post","status-publish","format-standard","has-post-thumbnail","hentry","category-a-la-une","category-actualite"],"aioseo_notices":[],"yoast_head":"<!-- This site is optimized with the Yoast SEO plugin v27.5 - https:\/\/yoast.com\/product\/yoast-seo-wordpress\/ -->\n<title>Logement rural\u00a0: Vers une r\u00e9vision des aides - La Sentinelle<\/title>\n<meta name=\"robots\" content=\"index, follow, max-snippet:-1, max-image-preview:large, max-video-preview:-1\" \/>\n<link rel=\"canonical\" href=\"https:\/\/lasentinelle.dz\/index.php\/2024\/04\/19\/logement-rural-vers-une-revision-des-aides\/\" \/>\n<meta property=\"og:locale\" content=\"fr_FR\" \/>\n<meta property=\"og:type\" content=\"article\" \/>\n<meta property=\"og:title\" content=\"Logement rural\u00a0: Vers une r\u00e9vision des aides - La Sentinelle\" \/>\n<meta property=\"og:description\" content=\"Le ministre de l&rsquo;Habitat, de l&rsquo;Urbanisme et de la Ville, Mohamed Tarek Belaribi a indiqu\u00e9 jeudi que son d\u00e9partement examine\" \/>\n<meta property=\"og:url\" content=\"https:\/\/lasentinelle.dz\/index.php\/2024\/04\/19\/logement-rural-vers-une-revision-des-aides\/\" \/>\n<meta property=\"og:site_name\" content=\"La Sentinelle\" \/>\n<meta property=\"article:publisher\" content=\"https:\/\/www.facebook.com\/La-Sentinelle-104059864394773\" \/>\n<meta property=\"article:published_time\" content=\"2024-04-19T21:20:38+00:00\" \/>\n<meta property=\"article:modified_time\" content=\"2024-04-19T21:20:40+00:00\" \/>\n<meta property=\"og:image\" content=\"https:\/\/lasentinelle.dz\/wp-content\/uploads\/2024\/04\/belaribi.jpeg\" \/>\n\t<meta property=\"og:image:width\" content=\"2048\" \/>\n\t<meta property=\"og:image:height\" content=\"1367\" \/>\n\t<meta property=\"og:image:type\" content=\"image\/jpeg\" \/>\n<meta name=\"author\" content=\"La Sentinelle\" \/>\n<meta name=\"twitter:card\" content=\"summary_large_image\" \/>\n<meta name=\"twitter:label1\" content=\"\u00c9crit par\" \/>\n\t<meta name=\"twitter:data1\" content=\"La Sentinelle\" \/>\n\t<meta name=\"twitter:label2\" content=\"Dur\u00e9e de lecture estim\u00e9e\" \/>\n\t<meta name=\"twitter:data2\" content=\"3 minutes\" \/>\n<script type=\"application\/ld+json\" class=\"yoast-schema-graph\">{\"@context\":\"https:\\\/\\\/schema.org\",\"@graph\":[{\"@type\":\"Article\",\"@id\":\"https:\\\/\\\/lasentinelle.dz\\\/index.php\\\/2024\\\/04\\\/19\\\/logement-rural-vers-une-revision-des-aides\\\/#article\",\"isPartOf\":{\"@id\":\"https:\\\/\\\/lasentinelle.dz\\\/index.php\\\/2024\\\/04\\\/19\\\/logement-rural-vers-une-revision-des-aides\\\/\"},\"author\":{\"name\":\"La Sentinelle\",\"@id\":\"https:\\\/\\\/lasentinelle.dz\\\/#\\\/schema\\\/person\\\/d865044e22e70a75174ce8bcad3acfb3\"},\"headline\":\"Logement rural\u00a0: Vers une r\u00e9vision des aides\",\"datePublished\":\"2024-04-19T21:20:38+00:00\",\"dateModified\":\"2024-04-19T21:20:40+00:00\",\"mainEntityOfPage\":{\"@id\":\"https:\\\/\\\/lasentinelle.dz\\\/index.php\\\/2024\\\/04\\\/19\\\/logement-rural-vers-une-revision-des-aides\\\/\"},\"wordCount\":527,\"commentCount\":0,\"publisher\":{\"@id\":\"https:\\\/\\\/lasentinelle.dz\\\/#organization\"},\"image\":{\"@id\":\"https:\\\/\\\/lasentinelle.dz\\\/index.php\\\/2024\\\/04\\\/19\\\/logement-rural-vers-une-revision-des-aides\\\/#primaryimage\"},\"thumbnailUrl\":\"https:\\\/\\\/lasentinelle.dz\\\/wp-content\\\/uploads\\\/2024\\\/04\\\/belaribi.jpeg\",\"articleSection\":[\"\u00c0 la Une\",\"Actualit\u00e9\"],\"inLanguage\":\"fr-FR\",\"potentialAction\":[{\"@type\":\"CommentAction\",\"name\":\"Comment\",\"target\":[\"https:\\\/\\\/lasentinelle.dz\\\/index.php\\\/2024\\\/04\\\/19\\\/logement-rural-vers-une-revision-des-aides\\\/#respond\"]}]},{\"@type\":\"WebPage\",\"@id\":\"https:\\\/\\\/lasentinelle.dz\\\/index.php\\\/2024\\\/04\\\/19\\\/logement-rural-vers-une-revision-des-aides\\\/\",\"url\":\"https:\\\/\\\/lasentinelle.dz\\\/index.php\\\/2024\\\/04\\\/19\\\/logement-rural-vers-une-revision-des-aides\\\/\",\"name\":\"Logement rural\u00a0: Vers une r\u00e9vision des aides - La Sentinelle\",\"isPartOf\":{\"@id\":\"https:\\\/\\\/lasentinelle.dz\\\/#website\"},\"primaryImageOfPage\":{\"@id\":\"https:\\\/\\\/lasentinelle.dz\\\/index.php\\\/2024\\\/04\\\/19\\\/logement-rural-vers-une-revision-des-aides\\\/#primaryimage\"},\"image\":{\"@id\":\"https:\\\/\\\/lasentinelle.dz\\\/index.php\\\/2024\\\/04\\\/19\\\/logement-rural-vers-une-revision-des-aides\\\/#primaryimage\"},\"thumbnailUrl\":\"https:\\\/\\\/lasentinelle.dz\\\/wp-content\\\/uploads\\\/2024\\\/04\\\/belaribi.jpeg\",\"datePublished\":\"2024-04-19T21:20:38+00:00\",\"dateModified\":\"2024-04-19T21:20:40+00:00\",\"breadcrumb\":{\"@id\":\"https:\\\/\\\/lasentinelle.dz\\\/index.php\\\/2024\\\/04\\\/19\\\/logement-rural-vers-une-revision-des-aides\\\/#breadcrumb\"},\"inLanguage\":\"fr-FR\",\"potentialAction\":[{\"@type\":\"ReadAction\",\"target\":[\"https:\\\/\\\/lasentinelle.dz\\\/index.php\\\/2024\\\/04\\\/19\\\/logement-rural-vers-une-revision-des-aides\\\/\"]}]},{\"@type\":\"ImageObject\",\"inLanguage\":\"fr-FR\",\"@id\":\"https:\\\/\\\/lasentinelle.dz\\\/index.php\\\/2024\\\/04\\\/19\\\/logement-rural-vers-une-revision-des-aides\\\/#primaryimage\",\"url\":\"https:\\\/\\\/lasentinelle.dz\\\/wp-content\\\/uploads\\\/2024\\\/04\\\/belaribi.jpeg\",\"contentUrl\":\"https:\\\/\\\/lasentinelle.dz\\\/wp-content\\\/uploads\\\/2024\\\/04\\\/belaribi.jpeg\",\"width\":2048,\"height\":1367},{\"@type\":\"BreadcrumbList\",\"@id\":\"https:\\\/\\\/lasentinelle.dz\\\/index.php\\\/2024\\\/04\\\/19\\\/logement-rural-vers-une-revision-des-aides\\\/#breadcrumb\",\"itemListElement\":[{\"@type\":\"ListItem\",\"position\":1,\"name\":\"Accueil\",\"item\":\"https:\\\/\\\/lasentinelle.dz\\\/\"},{\"@type\":\"ListItem\",\"position\":2,\"name\":\"Logement rural\u00a0: Vers une r\u00e9vision des aides\"}]},{\"@type\":\"WebSite\",\"@id\":\"https:\\\/\\\/lasentinelle.dz\\\/#website\",\"url\":\"https:\\\/\\\/lasentinelle.dz\\\/\",\"name\":\"La Sentinelle\",\"description\":\"Quotidien national d&#039;information\",\"publisher\":{\"@id\":\"https:\\\/\\\/lasentinelle.dz\\\/#organization\"},\"potentialAction\":[{\"@type\":\"SearchAction\",\"target\":{\"@type\":\"EntryPoint\",\"urlTemplate\":\"https:\\\/\\\/lasentinelle.dz\\\/?s={search_term_string}\"},\"query-input\":{\"@type\":\"PropertyValueSpecification\",\"valueRequired\":true,\"valueName\":\"search_term_string\"}}],\"inLanguage\":\"fr-FR\"},{\"@type\":\"Organization\",\"@id\":\"https:\\\/\\\/lasentinelle.dz\\\/#organization\",\"name\":\"Quotidien La Sentinelle\",\"url\":\"https:\\\/\\\/lasentinelle.dz\\\/\",\"logo\":{\"@type\":\"ImageObject\",\"inLanguage\":\"fr-FR\",\"@id\":\"https:\\\/\\\/lasentinelle.dz\\\/#\\\/schema\\\/logo\\\/image\\\/\",\"url\":\"https:\\\/\\\/lasentinelle.dz\\\/wp-content\\\/uploads\\\/2021\\\/09\\\/logo-sentinelleSLOGAN-1.png\",\"contentUrl\":\"https:\\\/\\\/lasentinelle.dz\\\/wp-content\\\/uploads\\\/2021\\\/09\\\/logo-sentinelleSLOGAN-1.png\",\"width\":615,\"height\":142,\"caption\":\"Quotidien La Sentinelle\"},\"image\":{\"@id\":\"https:\\\/\\\/lasentinelle.dz\\\/#\\\/schema\\\/logo\\\/image\\\/\"},\"sameAs\":[\"https:\\\/\\\/www.facebook.com\\\/La-Sentinelle-104059864394773\"]},{\"@type\":\"Person\",\"@id\":\"https:\\\/\\\/lasentinelle.dz\\\/#\\\/schema\\\/person\\\/d865044e22e70a75174ce8bcad3acfb3\",\"name\":\"La Sentinelle\",\"image\":{\"@type\":\"ImageObject\",\"inLanguage\":\"fr-FR\",\"@id\":\"https:\\\/\\\/secure.gravatar.com\\\/avatar\\\/57de8e5d4b15d43fb361a71fbb36338450fe67865b528a43dd10ef7c51a20392?s=96&d=mm&r=g\",\"url\":\"https:\\\/\\\/secure.gravatar.com\\\/avatar\\\/57de8e5d4b15d43fb361a71fbb36338450fe67865b528a43dd10ef7c51a20392?s=96&d=mm&r=g\",\"contentUrl\":\"https:\\\/\\\/secure.gravatar.com\\\/avatar\\\/57de8e5d4b15d43fb361a71fbb36338450fe67865b528a43dd10ef7c51a20392?s=96&d=mm&r=g\",\"caption\":\"La Sentinelle\"},\"sameAs\":[\"http:\\\/\\\/www.lasentinelle.dz\"],\"url\":\"https:\\\/\\\/lasentinelle.dz\\\/author\\\/redaction\\\/\"}]}<\/script>\n<!-- \/ Yoast SEO plugin. -->","yoast_head_json":{"title":"Logement rural\u00a0: Vers une r\u00e9vision des aides - La Sentinelle","robots":{"index":"index","follow":"follow","max-snippet":"max-snippet:-1","max-image-preview":"max-image-preview:large","max-video-preview":"max-video-preview:-1"},"canonical":"https:\/\/lasentinelle.dz\/index.php\/2024\/04\/19\/logement-rural-vers-une-revision-des-aides\/","og_locale":"fr_FR","og_type":"article","og_title":"Logement rural\u00a0: Vers une r\u00e9vision des aides - La Sentinelle","og_description":"Le ministre de l&rsquo;Habitat, de l&rsquo;Urbanisme et de la Ville, Mohamed Tarek Belaribi a indiqu\u00e9 jeudi que son d\u00e9partement examine","og_url":"https:\/\/lasentinelle.dz\/index.php\/2024\/04\/19\/logement-rural-vers-une-revision-des-aides\/","og_site_name":"La Sentinelle","article_publisher":"https:\/\/www.facebook.com\/La-Sentinelle-104059864394773","article_published_time":"2024-04-19T21:20:38+00:00","article_modified_time":"2024-04-19T21:20:40+00:00","og_image":[{"width":2048,"height":1367,"url":"https:\/\/lasentinelle.dz\/wp-content\/uploads\/2024\/04\/belaribi.jpeg","type":"image\/jpeg"}],"author":"La Sentinelle","twitter_card":"summary_large_image","twitter_misc":{"\u00c9crit par":"La Sentinelle","Dur\u00e9e de lecture estim\u00e9e":"3 minutes"},"schema":{"@context":"https:\/\/schema.org","@graph":[{"@type":"Article","@id":"https:\/\/lasentinelle.dz\/index.php\/2024\/04\/19\/logement-rural-vers-une-revision-des-aides\/#article","isPartOf":{"@id":"https:\/\/lasentinelle.dz\/index.php\/2024\/04\/19\/logement-rural-vers-une-revision-des-aides\/"},"author":{"name":"La Sentinelle","@id":"https:\/\/lasentinelle.dz\/#\/schema\/person\/d865044e22e70a75174ce8bcad3acfb3"},"headline":"Logement rural\u00a0: Vers une r\u00e9vision des aides","datePublished":"2024-04-19T21:20:38+00:00","dateModified":"2024-04-19T21:20:40+00:00","mainEntityOfPage":{"@id":"https:\/\/lasentinelle.dz\/index.php\/2024\/04\/19\/logement-rural-vers-une-revision-des-aides\/"},"wordCount":527,"commentCount":0,"publisher":{"@id":"https:\/\/lasentinelle.dz\/#organization"},"image":{"@id":"https:\/\/lasentinelle.dz\/index.php\/2024\/04\/19\/logement-rural-vers-une-revision-des-aides\/#primaryimage"},"thumbnailUrl":"https:\/\/lasentinelle.dz\/wp-content\/uploads\/2024\/04\/belaribi.jpeg","articleSection":["\u00c0 la Une","Actualit\u00e9"],"inLanguage":"fr-FR","potentialAction":[{"@type":"CommentAction","name":"Comment","target":["https:\/\/lasentinelle.dz\/index.php\/2024\/04\/19\/logement-rural-vers-une-revision-des-aides\/#respond"]}]},{"@type":"WebPage","@id":"https:\/\/lasentinelle.dz\/index.php\/2024\/04\/19\/logement-rural-vers-une-revision-des-aides\/","url":"https:\/\/lasentinelle.dz\/index.php\/2024\/04\/19\/logement-rural-vers-une-revision-des-aides\/","name":"Logement rural\u00a0: Vers une r\u00e9vision des aides - La Sentinelle","isPartOf":{"@id":"https:\/\/lasentinelle.dz\/#website"},"primaryImageOfPage":{"@id":"https:\/\/lasentinelle.dz\/index.php\/2024\/04\/19\/logement-rural-vers-une-revision-des-aides\/#primaryimage"},"image":{"@id":"https:\/\/lasentinelle.dz\/index.php\/2024\/04\/19\/logement-rural-vers-une-revision-des-aides\/#primaryimage"},"thumbnailUrl":"https:\/\/lasentinelle.dz\/wp-content\/uploads\/2024\/04\/belaribi.jpeg","datePublished":"2024-04-19T21:20:38+00:00","dateModified":"2024-04-19T21:20:40+00:00","breadcrumb":{"@id":"https:\/\/lasentinelle.dz\/index.php\/2024\/04\/19\/logement-rural-vers-une-revision-des-aides\/#breadcrumb"},"inLanguage":"fr-FR","potentialAction":[{"@type":"ReadAction","target":["https:\/\/lasentinelle.dz\/index.php\/2024\/04\/19\/logement-rural-vers-une-revision-des-aides\/"]}]},{"@type":"ImageObject","inLanguage":"fr-FR","@id":"https:\/\/lasentinelle.dz\/index.php\/2024\/04\/19\/logement-rural-vers-une-revision-des-aides\/#primaryimage","url":"https:\/\/lasentinelle.dz\/wp-content\/uploads\/2024\/04\/belaribi.jpeg","contentUrl":"https:\/\/lasentinelle.dz\/wp-content\/uploads\/2024\/04\/belaribi.jpeg","width":2048,"height":1367},{"@type":"BreadcrumbList","@id":"https:\/\/lasentinelle.dz\/index.php\/2024\/04\/19\/logement-rural-vers-une-revision-des-aides\/#breadcrumb","itemListElement":[{"@type":"ListItem","position":1,"name":"Accueil","item":"https:\/\/lasentinelle.dz\/"},{"@type":"ListItem","position":2,"name":"Logement rural\u00a0: Vers une r\u00e9vision des aides"}]},{"@type":"WebSite","@id":"https:\/\/lasentinelle.dz\/#website","url":"https:\/\/lasentinelle.dz\/","name":"La Sentinelle","description":"Quotidien national d&#039;information","publisher":{"@id":"https:\/\/lasentinelle.dz\/#organization"},"potentialAction":[{"@type":"SearchAction","target":{"@type":"EntryPoint","urlTemplate":"https:\/\/lasentinelle.dz\/?s={search_term_string}"},"query-input":{"@type":"PropertyValueSpecification","valueRequired":true,"valueName":"search_term_string"}}],"inLanguage":"fr-FR"},{"@type":"Organization","@id":"https:\/\/lasentinelle.dz\/#organization","name":"Quotidien La Sentinelle","url":"https:\/\/lasentinelle.dz\/","logo":{"@type":"ImageObject","inLanguage":"fr-FR","@id":"https:\/\/lasentinelle.dz\/#\/schema\/logo\/image\/","url":"https:\/\/lasentinelle.dz\/wp-content\/uploads\/2021\/09\/logo-sentinelleSLOGAN-1.png","contentUrl":"https:\/\/lasentinelle.dz\/wp-content\/uploads\/2021\/09\/logo-sentinelleSLOGAN-1.png","width":615,"height":142,"caption":"Quotidien La Sentinelle"},"image":{"@id":"https:\/\/lasentinelle.dz\/#\/schema\/logo\/image\/"},"sameAs":["https:\/\/www.facebook.com\/La-Sentinelle-104059864394773"]},{"@type":"Person","@id":"https:\/\/lasentinelle.dz\/#\/schema\/person\/d865044e22e70a75174ce8bcad3acfb3","name":"La Sentinelle","image":{"@type":"ImageObject","inLanguage":"fr-FR","@id":"https:\/\/secure.gravatar.com\/avatar\/57de8e5d4b15d43fb361a71fbb36338450fe67865b528a43dd10ef7c51a20392?s=96&d=mm&r=g","url":"https:\/\/secure.gravatar.com\/avatar\/57de8e5d4b15d43fb361a71fbb36338450fe67865b528a43dd10ef7c51a20392?s=96&d=mm&r=g","contentUrl":"https:\/\/secure.gravatar.com\/avatar\/57de8e5d4b15d43fb361a71fbb36338450fe67865b528a43dd10ef7c51a20392?s=96&d=mm&r=g","caption":"La Sentinelle"},"sameAs":["http:\/\/www.lasentinelle.dz"],"url":"https:\/\/lasentinelle.dz\/author\/redaction\/"}]}},"_links":{"self":[{"href":"https:\/\/lasentinelle.dz\/index.php\/wp-json\/wp\/v2\/posts\/51421","targetHints":{"allow":["GET"]}}],"collection":[{"href":"https:\/\/lasentinelle.dz\/index.php\/wp-json\/wp\/v2\/posts"}],"about":[{"href":"https:\/\/lasentinelle.dz\/index.php\/wp-json\/wp\/v2\/types\/post"}],"author":[{"embeddable":true,"href":"https:\/\/lasentinelle.dz\/index.php\/wp-json\/wp\/v2\/users\/3"}],"replies":[{"embeddable":true,"href":"https:\/\/lasentinelle.dz\/index.php\/wp-json\/wp\/v2\/comments?post=51421"}],"version-history":[{"count":1,"href":"https:\/\/lasentinelle.dz\/index.php\/wp-json\/wp\/v2\/posts\/51421\/revisions"}],"predecessor-version":[{"id":51423,"href":"https:\/\/lasentinelle.dz\/index.php\/wp-json\/wp\/v2\/posts\/51421\/revisions\/51423"}],"wp:featuredmedia":[{"embeddable":true,"href":"https:\/\/lasentinelle.dz\/index.php\/wp-json\/wp\/v2\/media\/51422"}],"wp:attachment":[{"href":"https:\/\/lasentinelle.dz\/index.php\/wp-json\/wp\/v2\/media?parent=51421"}],"wp:term":[{"taxonomy":"category","embeddable":true,"href":"https:\/\/lasentinelle.dz\/index.php\/wp-json\/wp\/v2\/categories?post=51421"},{"taxonomy":"post_tag","embeddable":true,"href":"https:\/\/lasentinelle.dz\/index.php\/wp-json\/wp\/v2\/tags?post=51421"}],"curies":[{"name":"wp","href":"https:\/\/api.w.org\/{rel}","templated":true}]}}