{"id":51438,"date":"2024-04-19T22:36:08","date_gmt":"2024-04-19T21:36:08","guid":{"rendered":"https:\/\/lasentinelle.dz\/?p=51438"},"modified":"2024-04-19T22:36:10","modified_gmt":"2024-04-19T21:36:10","slug":"lentite-sioniste-lance-une-attaque-contre-liran-lappel-a-la-retenue-et-a-la-desescalade","status":"publish","type":"post","link":"https:\/\/lasentinelle.dz\/index.php\/2024\/04\/19\/lentite-sioniste-lance-une-attaque-contre-liran-lappel-a-la-retenue-et-a-la-desescalade\/","title":{"rendered":"L\u2019entit\u00e9 sioniste lance une attaque contre l\u2019Iran\u00a0: L\u2019appel \u00e0 la retenue et \u00e0 la d\u00e9sescalade"},"content":{"rendered":"\n<p>La communaut\u00e9 internationale &nbsp;a multipli\u00e9 hier les appels \u00e0 la retenue, alors que l\u2019entit\u00e9 sioniste a lanc\u00e9 hier une attaque limit\u00e9e contre l\u2019Iran et vis\u00e9 des installations militaires \u00e0 Ispahan. Une attaque que Tel Aviv n\u2019a pas revendiqu\u00e9e, tandis que T\u00e9h\u00e9ran a soulign\u00e9 que celle-ci n\u2019a pas entrain\u00e9 de d\u00e9g\u00e2ts importants, ce qui suscite des espoirs de d\u00e9sescalade.<\/p>\n\n\n\n<p>Des explosions ont retenti hier avant l\u2019aube pr\u00e8s d&rsquo;une base militaire dans la r\u00e9gion d&rsquo;Ispahan dans le centre de l&rsquo;Iran. L&rsquo;agence de presse iranienne Fars a rapport\u00e9 que trois explosions avaient \u00e9t\u00e9 entendues pr\u00e8s d&rsquo;une base militaire de la ville d&rsquo;Ispahan, dans le centre de l&rsquo;Iran. Un responsable iranien a dit \u00e0 Reuters qu&rsquo;aucune attaque de missile n&rsquo;avait \u00e9t\u00e9 men\u00e9e et que les explosions \u00e9taient dues \u00e0 l&rsquo;activation des syst\u00e8mes de d\u00e9fense a\u00e9rienne. \u00ab\u00a0Trois drones ont \u00e9t\u00e9 observ\u00e9s au-dessus d&rsquo;Ispahan. Les syst\u00e8mes de d\u00e9fense a\u00e9rienne ont \u00e9t\u00e9 activ\u00e9s et ont d\u00e9truit ces drones dans le ciel\u00a0\u00bb peu apr\u00e8s minuit, a indiqu\u00e9 la t\u00e9l\u00e9vision d&rsquo;Etat iranienne, ajoutant plus tard que la situation \u00e0 Ispahan \u00e9tait normale et qu&rsquo;aucune explosion ne s&rsquo;\u00e9tait produite au sol. &nbsp;Une attaque qui avait au d\u00e9part aliment\u00e9 les craintes d\u2019escalade du conflit dans la r\u00e9gion. Il est utile de rappeler dans ce contexte que l\u2019Iran a ripost\u00e9 \u00e0 l\u2019attaque isra\u00e9lienne ayant vis\u00e9 le 1<sup>er<\/sup> avril en cours son consulat \u00e0 Damas en la\u00e7ant samedi soir une nu\u00e9e de drones et de missiles sur les positions militaires de l\u2019entit\u00e9 sioniste. Cette derni\u00e8re avait promis de riposter. Or, cette riposte semble limit\u00e9e, alors que Tel Aviv a d\u00e9cid\u00e9 de ne pas revendiquer l\u2019attaque, tandis que T\u00e9h\u00e9ran a soulign\u00e9 que celle-ci n\u2019a pas fait de d\u00e9g\u00e2ts importants, et n\u2019a pas directement incrimin\u00e9 les Isra\u00e9liens. L&rsquo;agence officielle iranienne Irna a annonc\u00e9 hierqu'\u00a0\u00bbaucun d\u00e9g\u00e2t majeur\u00a0\u00bb n&rsquo;avait \u00e9t\u00e9 rapport\u00e9 apr\u00e8s les explosions entendues \u00e0 l&rsquo;aube. \u00ab\u00a0Suite \u00e0 l&rsquo;activation de la d\u00e9fense a\u00e9rienne dans certaines r\u00e9gions du pays\u00a0\u00bb, \u00ab\u00a0aucun d\u00e9g\u00e2t ou explosion \u00e0 grande \u00e9chelle n&rsquo;a \u00e9t\u00e9 signal\u00e9\u00a0\u00bb, a indiqu\u00e9 l&rsquo;agence. Elle a pr\u00e9cis\u00e9 qu'\u00a0\u00bbaucune information faisant \u00e9tat de tirs de syst\u00e8mes de d\u00e9fense antimissile\u00a0\u00bb n&rsquo;avait \u00e9t\u00e9 re\u00e7ue. Des drones ont \u00e9t\u00e9 abattus mais il n&rsquo;y a pas eu d&rsquo;attaque par missiles \u00ab\u00a0jusqu&rsquo;\u00e0 pr\u00e9sent\u00a0\u00bb, ont indiqu\u00e9 les autorit\u00e9s iraniennes. Et les installations nucl\u00e9aires bas\u00e9es dans la r\u00e9gion d&rsquo;Ispahan (centre), sont \u00ab\u00a0totalement en s\u00e9curit\u00e9\u00a0\u00bb, a pr\u00e9cis\u00e9 l&rsquo;agence Tasnim. L&rsquo;Iran a activ\u00e9 t\u00f4t sa d\u00e9fense a\u00e9rienne dans plusieurs provinces apr\u00e8s des informations d&rsquo;explosions dans le centre du pays, a indiqu\u00e9 l&rsquo;agence officielle Irna.<\/p>\n\n\n\n<p>Selon la t\u00e9l\u00e9vision d&rsquo;Etat iranienne, les sites nucl\u00e9aires de la province d&rsquo;Ispahan, o\u00f9 se trouve notamment le site de Natanz, sont indemnes.&nbsp; Une affirmation confirm\u00e9e par l\u2019Agence internationale de l\u2019\u00e9nergie atomique. Il n&rsquo;y a \u00ab\u00a0aucun d\u00e9g\u00e2t\u00a0\u00bb sur les sites nucl\u00e9aires apr\u00e8s les explosions rapport\u00e9es vendredi dans le centre de l&rsquo;Iran, a d\u00e9clar\u00e9 l&rsquo;AIEA,. L&rsquo;agence bas\u00e9e \u00e0 Vienne, en Autriche, \u00ab\u00a0continue d&rsquo;appeler\u00a0\u00bb, sur le r\u00e9seau social X, \u00ab\u00a0chacun \u00e0 une extr\u00eame retenue et r\u00e9p\u00e8te que jamais aucune installation nucl\u00e9aire ne devrait \u00eatre cibl\u00e9e lors de conflits militaires\u00a0\u00bb.<\/p>\n\n\n\n<p>Des m\u00e9dias am\u00e9ricains, citant des responsables am\u00e9ricains, ont affirm\u00e9 qu&rsquo;il s&rsquo;agissait d&rsquo;une op\u00e9ration isra\u00e9lienne. Selon le New York Times, qui cite des responsables iraniens, l&rsquo;attaque a \u00e9t\u00e9 men\u00e9e par de petits drones, probablement lanc\u00e9s depuis le territoire iranien. Le Secr\u00e9taire d\u2019\u00c9tat am\u00e9ricain a assur\u00e9 que les Etats-Unis \u00ab\u00a0n&rsquo;ont pas \u00e9t\u00e9 impliqu\u00e9s dans une op\u00e9ration offensive\u00a0\u00bb que \u00ab\u00a0l&rsquo;objectif\u00a0\u00bb de son pays et des autres membres du G7 \u00e9tait \u00ab\u00a0la d\u00e9sescalade\u00a0\u00bb. Dans ce sens les appels \u00e0 la retenue et \u00e0 la d\u00e9sescalade se sont multipli\u00e9s hier.&nbsp; \u00ab\u00a0Il est grand temps d&rsquo;arr\u00eater le cycle dangereux de repr\u00e9sailles au Moyen-Orient\u00a0\u00bb, a dit le secr\u00e9taire g\u00e9n\u00e9ral de l&rsquo;ONU Antonio Guterres cit\u00e9 par son porte-parole.<\/p>\n\n\n\n<p>Le chef de la diplomatie russe Sergue\u00ef Lavrov a fait \u00e9tat de contacts avec l&rsquo;Iran et Isra\u00ebl. Les chefs de la diplomatie des pays du G7 ont appel\u00e9 \u00ab\u00a0toutes les parties\u00a0\u00bb \u00e0 \u00ab\u00a0emp\u00eacher une nouvelle escalade\u00a0\u00bb au Moyen-Orient apr\u00e8s les informations faisant \u00e9tat d&rsquo;explosions<\/p>\n\n\n\n<p>en Iran.\u00a0\u00bbNous avons dit aux Isra\u00e9liens que l&rsquo;Iran ne veut pas d&rsquo;escalade\u00a0\u00bb, a-t-il pr\u00e9cis\u00e9. Plusieurs pays ont \u00e9galement appel\u00e9 la retenue. La Turquie a, pour sa part, mis en garde contre le risque d&rsquo;un \u00ab\u00a0conflit permanent\u00a0\u00bb apr\u00e8s les explosions entendues t\u00f4t vendredi dans le centre de Iran. &nbsp;\u00ab\u00a0Il devient de plus en plus \u00e9vident que les tensions initialement provoqu\u00e9es par l&rsquo;attaque ill\u00e9gale de l&rsquo;entit\u00e9 sioniste contre l&rsquo;ambassade iranienne \u00e0 Damas risquent de se transformer en un conflit permanent\u00a0\u00bb, a d\u00e9nonc\u00e9 le minist\u00e8re turc des Affaires \u00e9trang\u00e8res dans un communiqu\u00e9. \u00ab\u00a0Nous appelons toutes les parties \u00e0 s&rsquo;abstenir de toute mesure susceptible de conduire \u00e0 un conflit plus large\u00a0\u00bb, a-t-il ajout\u00e9. La Chine s&rsquo;est dite \u00ab\u00a0oppos\u00e9e\u00a0\u00bb \u00e0 toute action susceptible d&rsquo;entra\u00eener \u00ab\u00a0une escalade\u00a0\u00bb. L&rsquo;Iran a d\u00e9clar\u00e9 jeudi au Conseil de s\u00e9curit\u00e9 des Nations unies que l\u2019entit\u00e9 sioniste \u00ab\u00a0doit \u00eatre contraint de cesser tout nouvel aventurisme militaire contre nos int\u00e9r\u00eats\u00a0\u00bb, alors que le secr\u00e9taire g\u00e9n\u00e9ral de l&rsquo;Onu a averti que le Moyen-Orient se trouvait dans un \u00ab\u00a0moment de p\u00e9ril maximal\u00a0\u00bb.<\/p>\n\n\n\n<p><strong>Le p\u00e9trole monte<\/strong><\/p>\n\n\n\n<p>Notons que les nouveaux d\u00e9veloppements dans la r\u00e9gion ont pouss\u00e9 les cours du p\u00e9trole vers le haut hier avant qu\u2019il ne se stabilisent. Les cours ont inscrit en fin de matin\u00e9e un bond de plus de 4%, apr\u00e8s l\u2019attaque isra\u00e9lienne contre Ispahan.&nbsp; Mais les cours se sont stabilis\u00e9s par la suite les march\u00e9s misant sur une d\u00e9sescalade. Globalement, le prix du baril de Brent de la mer du Nord, pour livraison en juin prenait quelques 0,06% \u00e0 87,16 dollars. Son \u00e9quivalent am\u00e9ricain, le baril de West Texas Intermediate (WTI), pour livraison en mai, gagnait 0,22%, \u00e0 82,91 dollars.<\/p>\n\n\n\n<p>Lyes Sa\u00efdi<\/p>\n","protected":false},"excerpt":{"rendered":"<p>La communaut\u00e9 internationale &nbsp;a multipli\u00e9 hier les appels \u00e0 la retenue, alors que l\u2019entit\u00e9 sioniste a lanc\u00e9 hier une attaque<\/p>\n","protected":false},"author":3,"featured_media":51439,"comment_status":"open","ping_status":"closed","sticky":false,"template":"","format":"standard","meta":{"colormag_page_container_layout":"default_layout","colormag_page_sidebar_layout":"default_layout","om_disable_all_campaigns":false,"_monsterinsights_skip_tracking":false,"_monsterinsights_sitenote_active":false,"_monsterinsights_sitenote_note":"","_monsterinsights_sitenote_category":0,"footnotes":"","_wpscppro_dont_share_socialmedia":false,"_wpscppro_custom_social_share_image":0,"_facebook_share_type":"","_twitter_share_type":"","_linkedin_share_type":"","_pinterest_share_type":"","_linkedin_share_type_page":"","_instagram_share_type":"","_medium_share_type":"","_threads_share_type":"","_google_business_share_type":"","_selected_social_profile":[],"_wpsp_enable_custom_social_template":false,"_wpsp_social_scheduling":{"enabled":false,"datetime":null,"platforms":[],"status":"template_only","dateOption":"today","timeOption":"now","customDays":"","customHours":"","customDate":"","customTime":"","schedulingType":"absolute"},"_wpsp_active_default_template":true},"categories":[52,27],"tags":[],"class_list":["post-51438","post","type-post","status-publish","format-standard","has-post-thumbnail","hentry","category-a-la-une","category-actualite"],"aioseo_notices":[],"yoast_head":"<!-- This site is optimized with the Yoast SEO plugin v27.5 - https:\/\/yoast.com\/product\/yoast-seo-wordpress\/ -->\n<title>L\u2019entit\u00e9 sioniste lance une attaque contre l\u2019Iran\u00a0: L\u2019appel \u00e0 la retenue et \u00e0 la d\u00e9sescalade - La Sentinelle<\/title>\n<meta name=\"robots\" content=\"index, follow, max-snippet:-1, max-image-preview:large, max-video-preview:-1\" \/>\n<link rel=\"canonical\" href=\"https:\/\/lasentinelle.dz\/index.php\/2024\/04\/19\/lentite-sioniste-lance-une-attaque-contre-liran-lappel-a-la-retenue-et-a-la-desescalade\/\" \/>\n<meta property=\"og:locale\" content=\"fr_FR\" \/>\n<meta property=\"og:type\" content=\"article\" \/>\n<meta property=\"og:title\" content=\"L\u2019entit\u00e9 sioniste lance une attaque contre l\u2019Iran\u00a0: L\u2019appel \u00e0 la retenue et \u00e0 la d\u00e9sescalade - La Sentinelle\" \/>\n<meta property=\"og:description\" content=\"La communaut\u00e9 internationale &nbsp;a multipli\u00e9 hier les appels \u00e0 la retenue, alors que l\u2019entit\u00e9 sioniste a lanc\u00e9 hier une attaque\" \/>\n<meta property=\"og:url\" content=\"https:\/\/lasentinelle.dz\/index.php\/2024\/04\/19\/lentite-sioniste-lance-une-attaque-contre-liran-lappel-a-la-retenue-et-a-la-desescalade\/\" \/>\n<meta property=\"og:site_name\" content=\"La Sentinelle\" \/>\n<meta property=\"article:publisher\" content=\"https:\/\/www.facebook.com\/La-Sentinelle-104059864394773\" \/>\n<meta property=\"article:published_time\" content=\"2024-04-19T21:36:08+00:00\" \/>\n<meta property=\"article:modified_time\" content=\"2024-04-19T21:36:10+00:00\" \/>\n<meta property=\"og:image\" content=\"https:\/\/lasentinelle.dz\/wp-content\/uploads\/2024\/04\/bouclier.jpeg\" \/>\n\t<meta property=\"og:image:width\" content=\"794\" \/>\n\t<meta property=\"og:image:height\" content=\"444\" \/>\n\t<meta property=\"og:image:type\" content=\"image\/jpeg\" \/>\n<meta name=\"author\" content=\"La Sentinelle\" \/>\n<meta name=\"twitter:card\" content=\"summary_large_image\" \/>\n<meta name=\"twitter:label1\" content=\"\u00c9crit par\" \/>\n\t<meta name=\"twitter:data1\" content=\"La Sentinelle\" \/>\n\t<meta name=\"twitter:label2\" content=\"Dur\u00e9e de lecture estim\u00e9e\" \/>\n\t<meta name=\"twitter:data2\" content=\"5 minutes\" \/>\n<script type=\"application\/ld+json\" class=\"yoast-schema-graph\">{\"@context\":\"https:\\\/\\\/schema.org\",\"@graph\":[{\"@type\":\"Article\",\"@id\":\"https:\\\/\\\/lasentinelle.dz\\\/index.php\\\/2024\\\/04\\\/19\\\/lentite-sioniste-lance-une-attaque-contre-liran-lappel-a-la-retenue-et-a-la-desescalade\\\/#article\",\"isPartOf\":{\"@id\":\"https:\\\/\\\/lasentinelle.dz\\\/index.php\\\/2024\\\/04\\\/19\\\/lentite-sioniste-lance-une-attaque-contre-liran-lappel-a-la-retenue-et-a-la-desescalade\\\/\"},\"author\":{\"name\":\"La Sentinelle\",\"@id\":\"https:\\\/\\\/lasentinelle.dz\\\/#\\\/schema\\\/person\\\/d865044e22e70a75174ce8bcad3acfb3\"},\"headline\":\"L\u2019entit\u00e9 sioniste lance une attaque contre l\u2019Iran\u00a0: L\u2019appel \u00e0 la retenue et \u00e0 la d\u00e9sescalade\",\"datePublished\":\"2024-04-19T21:36:08+00:00\",\"dateModified\":\"2024-04-19T21:36:10+00:00\",\"mainEntityOfPage\":{\"@id\":\"https:\\\/\\\/lasentinelle.dz\\\/index.php\\\/2024\\\/04\\\/19\\\/lentite-sioniste-lance-une-attaque-contre-liran-lappel-a-la-retenue-et-a-la-desescalade\\\/\"},\"wordCount\":1118,\"commentCount\":0,\"publisher\":{\"@id\":\"https:\\\/\\\/lasentinelle.dz\\\/#organization\"},\"image\":{\"@id\":\"https:\\\/\\\/lasentinelle.dz\\\/index.php\\\/2024\\\/04\\\/19\\\/lentite-sioniste-lance-une-attaque-contre-liran-lappel-a-la-retenue-et-a-la-desescalade\\\/#primaryimage\"},\"thumbnailUrl\":\"https:\\\/\\\/lasentinelle.dz\\\/wp-content\\\/uploads\\\/2024\\\/04\\\/bouclier.jpeg\",\"articleSection\":[\"\u00c0 la Une\",\"Actualit\u00e9\"],\"inLanguage\":\"fr-FR\",\"potentialAction\":[{\"@type\":\"CommentAction\",\"name\":\"Comment\",\"target\":[\"https:\\\/\\\/lasentinelle.dz\\\/index.php\\\/2024\\\/04\\\/19\\\/lentite-sioniste-lance-une-attaque-contre-liran-lappel-a-la-retenue-et-a-la-desescalade\\\/#respond\"]}]},{\"@type\":\"WebPage\",\"@id\":\"https:\\\/\\\/lasentinelle.dz\\\/index.php\\\/2024\\\/04\\\/19\\\/lentite-sioniste-lance-une-attaque-contre-liran-lappel-a-la-retenue-et-a-la-desescalade\\\/\",\"url\":\"https:\\\/\\\/lasentinelle.dz\\\/index.php\\\/2024\\\/04\\\/19\\\/lentite-sioniste-lance-une-attaque-contre-liran-lappel-a-la-retenue-et-a-la-desescalade\\\/\",\"name\":\"L\u2019entit\u00e9 sioniste lance une attaque contre l\u2019Iran\u00a0: L\u2019appel \u00e0 la retenue et \u00e0 la d\u00e9sescalade - La Sentinelle\",\"isPartOf\":{\"@id\":\"https:\\\/\\\/lasentinelle.dz\\\/#website\"},\"primaryImageOfPage\":{\"@id\":\"https:\\\/\\\/lasentinelle.dz\\\/index.php\\\/2024\\\/04\\\/19\\\/lentite-sioniste-lance-une-attaque-contre-liran-lappel-a-la-retenue-et-a-la-desescalade\\\/#primaryimage\"},\"image\":{\"@id\":\"https:\\\/\\\/lasentinelle.dz\\\/index.php\\\/2024\\\/04\\\/19\\\/lentite-sioniste-lance-une-attaque-contre-liran-lappel-a-la-retenue-et-a-la-desescalade\\\/#primaryimage\"},\"thumbnailUrl\":\"https:\\\/\\\/lasentinelle.dz\\\/wp-content\\\/uploads\\\/2024\\\/04\\\/bouclier.jpeg\",\"datePublished\":\"2024-04-19T21:36:08+00:00\",\"dateModified\":\"2024-04-19T21:36:10+00:00\",\"breadcrumb\":{\"@id\":\"https:\\\/\\\/lasentinelle.dz\\\/index.php\\\/2024\\\/04\\\/19\\\/lentite-sioniste-lance-une-attaque-contre-liran-lappel-a-la-retenue-et-a-la-desescalade\\\/#breadcrumb\"},\"inLanguage\":\"fr-FR\",\"potentialAction\":[{\"@type\":\"ReadAction\",\"target\":[\"https:\\\/\\\/lasentinelle.dz\\\/index.php\\\/2024\\\/04\\\/19\\\/lentite-sioniste-lance-une-attaque-contre-liran-lappel-a-la-retenue-et-a-la-desescalade\\\/\"]}]},{\"@type\":\"ImageObject\",\"inLanguage\":\"fr-FR\",\"@id\":\"https:\\\/\\\/lasentinelle.dz\\\/index.php\\\/2024\\\/04\\\/19\\\/lentite-sioniste-lance-une-attaque-contre-liran-lappel-a-la-retenue-et-a-la-desescalade\\\/#primaryimage\",\"url\":\"https:\\\/\\\/lasentinelle.dz\\\/wp-content\\\/uploads\\\/2024\\\/04\\\/bouclier.jpeg\",\"contentUrl\":\"https:\\\/\\\/lasentinelle.dz\\\/wp-content\\\/uploads\\\/2024\\\/04\\\/bouclier.jpeg\",\"width\":794,\"height\":444},{\"@type\":\"BreadcrumbList\",\"@id\":\"https:\\\/\\\/lasentinelle.dz\\\/index.php\\\/2024\\\/04\\\/19\\\/lentite-sioniste-lance-une-attaque-contre-liran-lappel-a-la-retenue-et-a-la-desescalade\\\/#breadcrumb\",\"itemListElement\":[{\"@type\":\"ListItem\",\"position\":1,\"name\":\"Accueil\",\"item\":\"https:\\\/\\\/lasentinelle.dz\\\/\"},{\"@type\":\"ListItem\",\"position\":2,\"name\":\"L\u2019entit\u00e9 sioniste lance une attaque contre l\u2019Iran\u00a0: L\u2019appel \u00e0 la retenue et \u00e0 la d\u00e9sescalade\"}]},{\"@type\":\"WebSite\",\"@id\":\"https:\\\/\\\/lasentinelle.dz\\\/#website\",\"url\":\"https:\\\/\\\/lasentinelle.dz\\\/\",\"name\":\"La Sentinelle\",\"description\":\"Quotidien national d&#039;information\",\"publisher\":{\"@id\":\"https:\\\/\\\/lasentinelle.dz\\\/#organization\"},\"potentialAction\":[{\"@type\":\"SearchAction\",\"target\":{\"@type\":\"EntryPoint\",\"urlTemplate\":\"https:\\\/\\\/lasentinelle.dz\\\/?s={search_term_string}\"},\"query-input\":{\"@type\":\"PropertyValueSpecification\",\"valueRequired\":true,\"valueName\":\"search_term_string\"}}],\"inLanguage\":\"fr-FR\"},{\"@type\":\"Organization\",\"@id\":\"https:\\\/\\\/lasentinelle.dz\\\/#organization\",\"name\":\"Quotidien La Sentinelle\",\"url\":\"https:\\\/\\\/lasentinelle.dz\\\/\",\"logo\":{\"@type\":\"ImageObject\",\"inLanguage\":\"fr-FR\",\"@id\":\"https:\\\/\\\/lasentinelle.dz\\\/#\\\/schema\\\/logo\\\/image\\\/\",\"url\":\"https:\\\/\\\/lasentinelle.dz\\\/wp-content\\\/uploads\\\/2021\\\/09\\\/logo-sentinelleSLOGAN-1.png\",\"contentUrl\":\"https:\\\/\\\/lasentinelle.dz\\\/wp-content\\\/uploads\\\/2021\\\/09\\\/logo-sentinelleSLOGAN-1.png\",\"width\":615,\"height\":142,\"caption\":\"Quotidien La Sentinelle\"},\"image\":{\"@id\":\"https:\\\/\\\/lasentinelle.dz\\\/#\\\/schema\\\/logo\\\/image\\\/\"},\"sameAs\":[\"https:\\\/\\\/www.facebook.com\\\/La-Sentinelle-104059864394773\"]},{\"@type\":\"Person\",\"@id\":\"https:\\\/\\\/lasentinelle.dz\\\/#\\\/schema\\\/person\\\/d865044e22e70a75174ce8bcad3acfb3\",\"name\":\"La Sentinelle\",\"image\":{\"@type\":\"ImageObject\",\"inLanguage\":\"fr-FR\",\"@id\":\"https:\\\/\\\/secure.gravatar.com\\\/avatar\\\/57de8e5d4b15d43fb361a71fbb36338450fe67865b528a43dd10ef7c51a20392?s=96&d=mm&r=g\",\"url\":\"https:\\\/\\\/secure.gravatar.com\\\/avatar\\\/57de8e5d4b15d43fb361a71fbb36338450fe67865b528a43dd10ef7c51a20392?s=96&d=mm&r=g\",\"contentUrl\":\"https:\\\/\\\/secure.gravatar.com\\\/avatar\\\/57de8e5d4b15d43fb361a71fbb36338450fe67865b528a43dd10ef7c51a20392?s=96&d=mm&r=g\",\"caption\":\"La Sentinelle\"},\"sameAs\":[\"http:\\\/\\\/www.lasentinelle.dz\"],\"url\":\"https:\\\/\\\/lasentinelle.dz\\\/author\\\/redaction\\\/\"}]}<\/script>\n<!-- \/ Yoast SEO plugin. -->","yoast_head_json":{"title":"L\u2019entit\u00e9 sioniste lance une attaque contre l\u2019Iran\u00a0: L\u2019appel \u00e0 la retenue et \u00e0 la d\u00e9sescalade - La Sentinelle","robots":{"index":"index","follow":"follow","max-snippet":"max-snippet:-1","max-image-preview":"max-image-preview:large","max-video-preview":"max-video-preview:-1"},"canonical":"https:\/\/lasentinelle.dz\/index.php\/2024\/04\/19\/lentite-sioniste-lance-une-attaque-contre-liran-lappel-a-la-retenue-et-a-la-desescalade\/","og_locale":"fr_FR","og_type":"article","og_title":"L\u2019entit\u00e9 sioniste lance une attaque contre l\u2019Iran\u00a0: L\u2019appel \u00e0 la retenue et \u00e0 la d\u00e9sescalade - La Sentinelle","og_description":"La communaut\u00e9 internationale &nbsp;a multipli\u00e9 hier les appels \u00e0 la retenue, alors que l\u2019entit\u00e9 sioniste a lanc\u00e9 hier une attaque","og_url":"https:\/\/lasentinelle.dz\/index.php\/2024\/04\/19\/lentite-sioniste-lance-une-attaque-contre-liran-lappel-a-la-retenue-et-a-la-desescalade\/","og_site_name":"La Sentinelle","article_publisher":"https:\/\/www.facebook.com\/La-Sentinelle-104059864394773","article_published_time":"2024-04-19T21:36:08+00:00","article_modified_time":"2024-04-19T21:36:10+00:00","og_image":[{"width":794,"height":444,"url":"https:\/\/lasentinelle.dz\/wp-content\/uploads\/2024\/04\/bouclier.jpeg","type":"image\/jpeg"}],"author":"La Sentinelle","twitter_card":"summary_large_image","twitter_misc":{"\u00c9crit par":"La Sentinelle","Dur\u00e9e de lecture estim\u00e9e":"5 minutes"},"schema":{"@context":"https:\/\/schema.org","@graph":[{"@type":"Article","@id":"https:\/\/lasentinelle.dz\/index.php\/2024\/04\/19\/lentite-sioniste-lance-une-attaque-contre-liran-lappel-a-la-retenue-et-a-la-desescalade\/#article","isPartOf":{"@id":"https:\/\/lasentinelle.dz\/index.php\/2024\/04\/19\/lentite-sioniste-lance-une-attaque-contre-liran-lappel-a-la-retenue-et-a-la-desescalade\/"},"author":{"name":"La Sentinelle","@id":"https:\/\/lasentinelle.dz\/#\/schema\/person\/d865044e22e70a75174ce8bcad3acfb3"},"headline":"L\u2019entit\u00e9 sioniste lance une attaque contre l\u2019Iran\u00a0: L\u2019appel \u00e0 la retenue et \u00e0 la d\u00e9sescalade","datePublished":"2024-04-19T21:36:08+00:00","dateModified":"2024-04-19T21:36:10+00:00","mainEntityOfPage":{"@id":"https:\/\/lasentinelle.dz\/index.php\/2024\/04\/19\/lentite-sioniste-lance-une-attaque-contre-liran-lappel-a-la-retenue-et-a-la-desescalade\/"},"wordCount":1118,"commentCount":0,"publisher":{"@id":"https:\/\/lasentinelle.dz\/#organization"},"image":{"@id":"https:\/\/lasentinelle.dz\/index.php\/2024\/04\/19\/lentite-sioniste-lance-une-attaque-contre-liran-lappel-a-la-retenue-et-a-la-desescalade\/#primaryimage"},"thumbnailUrl":"https:\/\/lasentinelle.dz\/wp-content\/uploads\/2024\/04\/bouclier.jpeg","articleSection":["\u00c0 la Une","Actualit\u00e9"],"inLanguage":"fr-FR","potentialAction":[{"@type":"CommentAction","name":"Comment","target":["https:\/\/lasentinelle.dz\/index.php\/2024\/04\/19\/lentite-sioniste-lance-une-attaque-contre-liran-lappel-a-la-retenue-et-a-la-desescalade\/#respond"]}]},{"@type":"WebPage","@id":"https:\/\/lasentinelle.dz\/index.php\/2024\/04\/19\/lentite-sioniste-lance-une-attaque-contre-liran-lappel-a-la-retenue-et-a-la-desescalade\/","url":"https:\/\/lasentinelle.dz\/index.php\/2024\/04\/19\/lentite-sioniste-lance-une-attaque-contre-liran-lappel-a-la-retenue-et-a-la-desescalade\/","name":"L\u2019entit\u00e9 sioniste lance une attaque contre l\u2019Iran\u00a0: L\u2019appel \u00e0 la retenue et \u00e0 la d\u00e9sescalade - La Sentinelle","isPartOf":{"@id":"https:\/\/lasentinelle.dz\/#website"},"primaryImageOfPage":{"@id":"https:\/\/lasentinelle.dz\/index.php\/2024\/04\/19\/lentite-sioniste-lance-une-attaque-contre-liran-lappel-a-la-retenue-et-a-la-desescalade\/#primaryimage"},"image":{"@id":"https:\/\/lasentinelle.dz\/index.php\/2024\/04\/19\/lentite-sioniste-lance-une-attaque-contre-liran-lappel-a-la-retenue-et-a-la-desescalade\/#primaryimage"},"thumbnailUrl":"https:\/\/lasentinelle.dz\/wp-content\/uploads\/2024\/04\/bouclier.jpeg","datePublished":"2024-04-19T21:36:08+00:00","dateModified":"2024-04-19T21:36:10+00:00","breadcrumb":{"@id":"https:\/\/lasentinelle.dz\/index.php\/2024\/04\/19\/lentite-sioniste-lance-une-attaque-contre-liran-lappel-a-la-retenue-et-a-la-desescalade\/#breadcrumb"},"inLanguage":"fr-FR","potentialAction":[{"@type":"ReadAction","target":["https:\/\/lasentinelle.dz\/index.php\/2024\/04\/19\/lentite-sioniste-lance-une-attaque-contre-liran-lappel-a-la-retenue-et-a-la-desescalade\/"]}]},{"@type":"ImageObject","inLanguage":"fr-FR","@id":"https:\/\/lasentinelle.dz\/index.php\/2024\/04\/19\/lentite-sioniste-lance-une-attaque-contre-liran-lappel-a-la-retenue-et-a-la-desescalade\/#primaryimage","url":"https:\/\/lasentinelle.dz\/wp-content\/uploads\/2024\/04\/bouclier.jpeg","contentUrl":"https:\/\/lasentinelle.dz\/wp-content\/uploads\/2024\/04\/bouclier.jpeg","width":794,"height":444},{"@type":"BreadcrumbList","@id":"https:\/\/lasentinelle.dz\/index.php\/2024\/04\/19\/lentite-sioniste-lance-une-attaque-contre-liran-lappel-a-la-retenue-et-a-la-desescalade\/#breadcrumb","itemListElement":[{"@type":"ListItem","position":1,"name":"Accueil","item":"https:\/\/lasentinelle.dz\/"},{"@type":"ListItem","position":2,"name":"L\u2019entit\u00e9 sioniste lance une attaque contre l\u2019Iran\u00a0: L\u2019appel \u00e0 la retenue et \u00e0 la d\u00e9sescalade"}]},{"@type":"WebSite","@id":"https:\/\/lasentinelle.dz\/#website","url":"https:\/\/lasentinelle.dz\/","name":"La Sentinelle","description":"Quotidien national d&#039;information","publisher":{"@id":"https:\/\/lasentinelle.dz\/#organization"},"potentialAction":[{"@type":"SearchAction","target":{"@type":"EntryPoint","urlTemplate":"https:\/\/lasentinelle.dz\/?s={search_term_string}"},"query-input":{"@type":"PropertyValueSpecification","valueRequired":true,"valueName":"search_term_string"}}],"inLanguage":"fr-FR"},{"@type":"Organization","@id":"https:\/\/lasentinelle.dz\/#organization","name":"Quotidien La Sentinelle","url":"https:\/\/lasentinelle.dz\/","logo":{"@type":"ImageObject","inLanguage":"fr-FR","@id":"https:\/\/lasentinelle.dz\/#\/schema\/logo\/image\/","url":"https:\/\/lasentinelle.dz\/wp-content\/uploads\/2021\/09\/logo-sentinelleSLOGAN-1.png","contentUrl":"https:\/\/lasentinelle.dz\/wp-content\/uploads\/2021\/09\/logo-sentinelleSLOGAN-1.png","width":615,"height":142,"caption":"Quotidien La Sentinelle"},"image":{"@id":"https:\/\/lasentinelle.dz\/#\/schema\/logo\/image\/"},"sameAs":["https:\/\/www.facebook.com\/La-Sentinelle-104059864394773"]},{"@type":"Person","@id":"https:\/\/lasentinelle.dz\/#\/schema\/person\/d865044e22e70a75174ce8bcad3acfb3","name":"La Sentinelle","image":{"@type":"ImageObject","inLanguage":"fr-FR","@id":"https:\/\/secure.gravatar.com\/avatar\/57de8e5d4b15d43fb361a71fbb36338450fe67865b528a43dd10ef7c51a20392?s=96&d=mm&r=g","url":"https:\/\/secure.gravatar.com\/avatar\/57de8e5d4b15d43fb361a71fbb36338450fe67865b528a43dd10ef7c51a20392?s=96&d=mm&r=g","contentUrl":"https:\/\/secure.gravatar.com\/avatar\/57de8e5d4b15d43fb361a71fbb36338450fe67865b528a43dd10ef7c51a20392?s=96&d=mm&r=g","caption":"La Sentinelle"},"sameAs":["http:\/\/www.lasentinelle.dz"],"url":"https:\/\/lasentinelle.dz\/author\/redaction\/"}]}},"_links":{"self":[{"href":"https:\/\/lasentinelle.dz\/index.php\/wp-json\/wp\/v2\/posts\/51438","targetHints":{"allow":["GET"]}}],"collection":[{"href":"https:\/\/lasentinelle.dz\/index.php\/wp-json\/wp\/v2\/posts"}],"about":[{"href":"https:\/\/lasentinelle.dz\/index.php\/wp-json\/wp\/v2\/types\/post"}],"author":[{"embeddable":true,"href":"https:\/\/lasentinelle.dz\/index.php\/wp-json\/wp\/v2\/users\/3"}],"replies":[{"embeddable":true,"href":"https:\/\/lasentinelle.dz\/index.php\/wp-json\/wp\/v2\/comments?post=51438"}],"version-history":[{"count":1,"href":"https:\/\/lasentinelle.dz\/index.php\/wp-json\/wp\/v2\/posts\/51438\/revisions"}],"predecessor-version":[{"id":51440,"href":"https:\/\/lasentinelle.dz\/index.php\/wp-json\/wp\/v2\/posts\/51438\/revisions\/51440"}],"wp:featuredmedia":[{"embeddable":true,"href":"https:\/\/lasentinelle.dz\/index.php\/wp-json\/wp\/v2\/media\/51439"}],"wp:attachment":[{"href":"https:\/\/lasentinelle.dz\/index.php\/wp-json\/wp\/v2\/media?parent=51438"}],"wp:term":[{"taxonomy":"category","embeddable":true,"href":"https:\/\/lasentinelle.dz\/index.php\/wp-json\/wp\/v2\/categories?post=51438"},{"taxonomy":"post_tag","embeddable":true,"href":"https:\/\/lasentinelle.dz\/index.php\/wp-json\/wp\/v2\/tags?post=51438"}],"curies":[{"name":"wp","href":"https:\/\/api.w.org\/{rel}","templated":true}]}}