{"id":51444,"date":"2024-04-20T21:49:40","date_gmt":"2024-04-20T20:49:40","guid":{"rendered":"https:\/\/lasentinelle.dz\/?p=51444"},"modified":"2024-04-20T21:49:48","modified_gmt":"2024-04-20T20:49:48","slug":"soudan-lonu-alerte-sur-un-nouveau-front-au-darfour","status":"publish","type":"post","link":"https:\/\/lasentinelle.dz\/index.php\/2024\/04\/20\/soudan-lonu-alerte-sur-un-nouveau-front-au-darfour\/","title":{"rendered":"Soudan\u00a0: L&rsquo;ONU alerte sur un \u00ab\u00a0nouveau front\u00a0\u00bb au Darfour"},"content":{"rendered":"\n<p>De hauts responsables de l&rsquo;ONU ont alert\u00e9 vendredi devant le Conseil de s\u00e9curit\u00e9 sur les risques d&rsquo;un nouveau front au Soudan, autour du contr\u00f4le de la ville d&rsquo;el-Facher, au Darfour, o\u00f9 la population est d\u00e9j\u00e0 au bord de la famine. Apr\u00e8s un an de conflit meurtrier entre les forces arm\u00e9es (FAS) et les Forces de soutien rapide (FSR), le pays vit \u00ab\u00a0une crise gigantesque, enti\u00e8rement cr\u00e9\u00e9e par l&rsquo;Homme\u00a0\u00bb, a d\u00e9nonc\u00e9 la sous-secr\u00e9taire g\u00e9n\u00e9rale de l&rsquo;ONU pour les Affaires politiques Rosemary DiCarlo. \u00ab\u00a0Les parties en conflit ont ignor\u00e9 de fa\u00e7on r\u00e9p\u00e9t\u00e9e les appels \u00e0 cesser les hostilit\u00e9s, y compris de ce Conseil. A la place, ils ont acc\u00e9l\u00e9r\u00e9 leurs pr\u00e9paratifs pour plus de combats\u00a0\u00bb, a-t-elle d\u00e9plor\u00e9. Elle s&rsquo;est en particulier inqui\u00e9t\u00e9e des informations sur une possible attaque \u00ab\u00a0imminente\u00a0\u00bb des FSR contre el-Facher, seule capitale des cinq Etats du Darfour qu&rsquo;elles ne contr\u00f4lent pas, \u00ab\u00a0soulevant le spectre d&rsquo;un nouveau front dans le conflit\u00a0\u00bb. El-Facher fait office de hub humanitaire pour le Darfour, r\u00e9gion o\u00f9 vivent environ un quart des 48 millions d&rsquo;habitants du Soudan. La ville avait jusque l\u00e0 \u00e9t\u00e9 relativement \u00e9pargn\u00e9e par les combats, accueillant de nombreux r\u00e9fugi\u00e9s. Mais depuis mi-avril, des bombardements et des affrontements ont \u00e9t\u00e9 rapport\u00e9s dans les villages environnants. \u00ab\u00a0Depuis, il y a des informations continues sur des combats dans les parties Est et Nord de la ville, provoquant le d\u00e9placement de plus de 36.000 personnes\u00a0\u00bb, a indiqu\u00e9 Edem Wosornu, directrice des op\u00e9rations pour le Bureau des affaires humanitaires de l&rsquo;ONU (Ocha), notant que M\u00e9decins sans fronti\u00e8res a trait\u00e9 plus de 100 victimes \u00e0 el-Facher ces derniers jours. \u00ab\u00a0Le nombre total de victimes civiles est probablement beaucoup plus \u00e9lev\u00e9\u00a0\u00bb. \u00ab\u00a0Ces violences posent un danger extr\u00eame et imm\u00e9diat pour les 800.000 civils vivant \u00e0 el-Facher. Cela risque de d\u00e9clencher plus de violences dans d&rsquo;autres parties du Darfour\u00a0\u00bb, a-t-elle mis en garde. \u00ab\u00a0Des combats \u00e0 el-Facher pourraient entra\u00eener un conflit intercommunautaire sanglant \u00e0 travers le Darfour\u00a0\u00bb et freiner encore plus la distribution de l&rsquo;aide humanitaire dans une r\u00e9gion \u00ab\u00a0d\u00e9j\u00e0 au bord de la famine\u00a0\u00bb, a rench\u00e9ri Rosemary DiCarlo. De son c\u00f4t\u00e9, le Bureau de la coordination des affaires humanitaires (OCHA) des Nations unies a indiqu\u00e9 vendredi qu\u2019un total de 629.546 Soudanais se sont r\u00e9fugi\u00e9s au Soudan du Sud. Selon l&rsquo;OCHA, pr\u00e8s de 43.933 personnes sont arriv\u00e9es au Soudan du Sud en provenance du Soudan voisin au cours du seul mois de mars. Les organisations ont d\u00fb limiter leur r\u00e9ponse humanitaire au strict minimum, se concentrant uniquement sur les personnes les plus d\u00e9munies, soit quelque 4,5 millions de personnes dans 32 des 78 comt\u00e9s du Soudan du Sud, a fait savoir l&rsquo;OCHA dans sa derni\u00e8re mise \u00e0 jour humanitaire, publi\u00e9e \u00e0 Juba, la capitale du Soudan du Sud. Le conflit au Soudan, qui a d\u00e9but\u00e9 le 15 avril 2023 a d\u00e9j\u00e0 fait des milliers morts et provoqu\u00e9 le d\u00e9placement de plus de 8,5 millions de personnes, selon l&rsquo;ONU.<\/p>\n\n\n\n<p>R.I.<\/p>\n","protected":false},"excerpt":{"rendered":"<p>De hauts responsables de l&rsquo;ONU ont alert\u00e9 vendredi devant le Conseil de s\u00e9curit\u00e9 sur les risques d&rsquo;un nouveau front au<\/p>\n","protected":false},"author":3,"featured_media":41724,"comment_status":"open","ping_status":"closed","sticky":false,"template":"","format":"standard","meta":{"colormag_page_container_layout":"default_layout","colormag_page_sidebar_layout":"default_layout","om_disable_all_campaigns":false,"_monsterinsights_skip_tracking":false,"_monsterinsights_sitenote_active":false,"_monsterinsights_sitenote_note":"","_monsterinsights_sitenote_category":0,"footnotes":"","_wpscppro_dont_share_socialmedia":false,"_wpscppro_custom_social_share_image":0,"_facebook_share_type":"","_twitter_share_type":"","_linkedin_share_type":"","_pinterest_share_type":"","_linkedin_share_type_page":"","_instagram_share_type":"","_medium_share_type":"","_threads_share_type":"","_google_business_share_type":"","_selected_social_profile":[],"_wpsp_enable_custom_social_template":false,"_wpsp_social_scheduling":{"enabled":false,"datetime":null,"platforms":[],"status":"template_only","dateOption":"today","timeOption":"now","customDays":"","customHours":"","customDate":"","customTime":"","schedulingType":"absolute"},"_wpsp_active_default_template":true},"categories":[37],"tags":[],"class_list":["post-51444","post","type-post","status-publish","format-standard","has-post-thumbnail","hentry","category-monde"],"aioseo_notices":[],"yoast_head":"<!-- This site is optimized with the Yoast SEO plugin v27.5 - https:\/\/yoast.com\/product\/yoast-seo-wordpress\/ -->\n<title>Soudan\u00a0: L&rsquo;ONU alerte sur un \u00ab\u00a0nouveau front\u00a0\u00bb au Darfour - La Sentinelle<\/title>\n<meta name=\"robots\" content=\"index, follow, max-snippet:-1, max-image-preview:large, max-video-preview:-1\" \/>\n<link rel=\"canonical\" href=\"https:\/\/lasentinelle.dz\/index.php\/2024\/04\/20\/soudan-lonu-alerte-sur-un-nouveau-front-au-darfour\/\" \/>\n<meta property=\"og:locale\" content=\"fr_FR\" \/>\n<meta property=\"og:type\" content=\"article\" \/>\n<meta property=\"og:title\" content=\"Soudan\u00a0: L&rsquo;ONU alerte sur un \u00ab\u00a0nouveau front\u00a0\u00bb au Darfour - La Sentinelle\" \/>\n<meta property=\"og:description\" content=\"De hauts responsables de l&rsquo;ONU ont alert\u00e9 vendredi devant le Conseil de s\u00e9curit\u00e9 sur les risques d&rsquo;un nouveau front au\" \/>\n<meta property=\"og:url\" content=\"https:\/\/lasentinelle.dz\/index.php\/2024\/04\/20\/soudan-lonu-alerte-sur-un-nouveau-front-au-darfour\/\" \/>\n<meta property=\"og:site_name\" content=\"La Sentinelle\" \/>\n<meta property=\"article:publisher\" content=\"https:\/\/www.facebook.com\/La-Sentinelle-104059864394773\" \/>\n<meta property=\"article:published_time\" content=\"2024-04-20T20:49:40+00:00\" \/>\n<meta property=\"article:modified_time\" content=\"2024-04-20T20:49:48+00:00\" \/>\n<meta property=\"og:image\" content=\"https:\/\/lasentinelle.dz\/wp-content\/uploads\/2023\/05\/soudan-2.png\" \/>\n\t<meta property=\"og:image:width\" content=\"1351\" \/>\n\t<meta property=\"og:image:height\" content=\"900\" \/>\n\t<meta property=\"og:image:type\" content=\"image\/png\" \/>\n<meta name=\"author\" content=\"La Sentinelle\" \/>\n<meta name=\"twitter:card\" content=\"summary_large_image\" \/>\n<meta name=\"twitter:label1\" content=\"\u00c9crit par\" \/>\n\t<meta name=\"twitter:data1\" content=\"La Sentinelle\" \/>\n\t<meta name=\"twitter:label2\" content=\"Dur\u00e9e de lecture estim\u00e9e\" \/>\n\t<meta name=\"twitter:data2\" content=\"3 minutes\" \/>\n<script type=\"application\/ld+json\" class=\"yoast-schema-graph\">{\"@context\":\"https:\\\/\\\/schema.org\",\"@graph\":[{\"@type\":\"Article\",\"@id\":\"https:\\\/\\\/lasentinelle.dz\\\/index.php\\\/2024\\\/04\\\/20\\\/soudan-lonu-alerte-sur-un-nouveau-front-au-darfour\\\/#article\",\"isPartOf\":{\"@id\":\"https:\\\/\\\/lasentinelle.dz\\\/index.php\\\/2024\\\/04\\\/20\\\/soudan-lonu-alerte-sur-un-nouveau-front-au-darfour\\\/\"},\"author\":{\"name\":\"La Sentinelle\",\"@id\":\"https:\\\/\\\/lasentinelle.dz\\\/#\\\/schema\\\/person\\\/d865044e22e70a75174ce8bcad3acfb3\"},\"headline\":\"Soudan\u00a0: L&rsquo;ONU alerte sur un \u00ab\u00a0nouveau front\u00a0\u00bb au Darfour\",\"datePublished\":\"2024-04-20T20:49:40+00:00\",\"dateModified\":\"2024-04-20T20:49:48+00:00\",\"mainEntityOfPage\":{\"@id\":\"https:\\\/\\\/lasentinelle.dz\\\/index.php\\\/2024\\\/04\\\/20\\\/soudan-lonu-alerte-sur-un-nouveau-front-au-darfour\\\/\"},\"wordCount\":540,\"commentCount\":0,\"publisher\":{\"@id\":\"https:\\\/\\\/lasentinelle.dz\\\/#organization\"},\"image\":{\"@id\":\"https:\\\/\\\/lasentinelle.dz\\\/index.php\\\/2024\\\/04\\\/20\\\/soudan-lonu-alerte-sur-un-nouveau-front-au-darfour\\\/#primaryimage\"},\"thumbnailUrl\":\"https:\\\/\\\/lasentinelle.dz\\\/wp-content\\\/uploads\\\/2023\\\/05\\\/soudan-2.png\",\"articleSection\":[\"Monde\"],\"inLanguage\":\"fr-FR\",\"potentialAction\":[{\"@type\":\"CommentAction\",\"name\":\"Comment\",\"target\":[\"https:\\\/\\\/lasentinelle.dz\\\/index.php\\\/2024\\\/04\\\/20\\\/soudan-lonu-alerte-sur-un-nouveau-front-au-darfour\\\/#respond\"]}]},{\"@type\":\"WebPage\",\"@id\":\"https:\\\/\\\/lasentinelle.dz\\\/index.php\\\/2024\\\/04\\\/20\\\/soudan-lonu-alerte-sur-un-nouveau-front-au-darfour\\\/\",\"url\":\"https:\\\/\\\/lasentinelle.dz\\\/index.php\\\/2024\\\/04\\\/20\\\/soudan-lonu-alerte-sur-un-nouveau-front-au-darfour\\\/\",\"name\":\"Soudan\u00a0: L&rsquo;ONU alerte sur un \u00ab\u00a0nouveau front\u00a0\u00bb au Darfour - La Sentinelle\",\"isPartOf\":{\"@id\":\"https:\\\/\\\/lasentinelle.dz\\\/#website\"},\"primaryImageOfPage\":{\"@id\":\"https:\\\/\\\/lasentinelle.dz\\\/index.php\\\/2024\\\/04\\\/20\\\/soudan-lonu-alerte-sur-un-nouveau-front-au-darfour\\\/#primaryimage\"},\"image\":{\"@id\":\"https:\\\/\\\/lasentinelle.dz\\\/index.php\\\/2024\\\/04\\\/20\\\/soudan-lonu-alerte-sur-un-nouveau-front-au-darfour\\\/#primaryimage\"},\"thumbnailUrl\":\"https:\\\/\\\/lasentinelle.dz\\\/wp-content\\\/uploads\\\/2023\\\/05\\\/soudan-2.png\",\"datePublished\":\"2024-04-20T20:49:40+00:00\",\"dateModified\":\"2024-04-20T20:49:48+00:00\",\"breadcrumb\":{\"@id\":\"https:\\\/\\\/lasentinelle.dz\\\/index.php\\\/2024\\\/04\\\/20\\\/soudan-lonu-alerte-sur-un-nouveau-front-au-darfour\\\/#breadcrumb\"},\"inLanguage\":\"fr-FR\",\"potentialAction\":[{\"@type\":\"ReadAction\",\"target\":[\"https:\\\/\\\/lasentinelle.dz\\\/index.php\\\/2024\\\/04\\\/20\\\/soudan-lonu-alerte-sur-un-nouveau-front-au-darfour\\\/\"]}]},{\"@type\":\"ImageObject\",\"inLanguage\":\"fr-FR\",\"@id\":\"https:\\\/\\\/lasentinelle.dz\\\/index.php\\\/2024\\\/04\\\/20\\\/soudan-lonu-alerte-sur-un-nouveau-front-au-darfour\\\/#primaryimage\",\"url\":\"https:\\\/\\\/lasentinelle.dz\\\/wp-content\\\/uploads\\\/2023\\\/05\\\/soudan-2.png\",\"contentUrl\":\"https:\\\/\\\/lasentinelle.dz\\\/wp-content\\\/uploads\\\/2023\\\/05\\\/soudan-2.png\",\"width\":1351,\"height\":900},{\"@type\":\"BreadcrumbList\",\"@id\":\"https:\\\/\\\/lasentinelle.dz\\\/index.php\\\/2024\\\/04\\\/20\\\/soudan-lonu-alerte-sur-un-nouveau-front-au-darfour\\\/#breadcrumb\",\"itemListElement\":[{\"@type\":\"ListItem\",\"position\":1,\"name\":\"Accueil\",\"item\":\"https:\\\/\\\/lasentinelle.dz\\\/\"},{\"@type\":\"ListItem\",\"position\":2,\"name\":\"Soudan\u00a0: L&rsquo;ONU alerte sur un \u00ab\u00a0nouveau front\u00a0\u00bb au Darfour\"}]},{\"@type\":\"WebSite\",\"@id\":\"https:\\\/\\\/lasentinelle.dz\\\/#website\",\"url\":\"https:\\\/\\\/lasentinelle.dz\\\/\",\"name\":\"La Sentinelle\",\"description\":\"Quotidien national d&#039;information\",\"publisher\":{\"@id\":\"https:\\\/\\\/lasentinelle.dz\\\/#organization\"},\"potentialAction\":[{\"@type\":\"SearchAction\",\"target\":{\"@type\":\"EntryPoint\",\"urlTemplate\":\"https:\\\/\\\/lasentinelle.dz\\\/?s={search_term_string}\"},\"query-input\":{\"@type\":\"PropertyValueSpecification\",\"valueRequired\":true,\"valueName\":\"search_term_string\"}}],\"inLanguage\":\"fr-FR\"},{\"@type\":\"Organization\",\"@id\":\"https:\\\/\\\/lasentinelle.dz\\\/#organization\",\"name\":\"Quotidien La Sentinelle\",\"url\":\"https:\\\/\\\/lasentinelle.dz\\\/\",\"logo\":{\"@type\":\"ImageObject\",\"inLanguage\":\"fr-FR\",\"@id\":\"https:\\\/\\\/lasentinelle.dz\\\/#\\\/schema\\\/logo\\\/image\\\/\",\"url\":\"https:\\\/\\\/lasentinelle.dz\\\/wp-content\\\/uploads\\\/2021\\\/09\\\/logo-sentinelleSLOGAN-1.png\",\"contentUrl\":\"https:\\\/\\\/lasentinelle.dz\\\/wp-content\\\/uploads\\\/2021\\\/09\\\/logo-sentinelleSLOGAN-1.png\",\"width\":615,\"height\":142,\"caption\":\"Quotidien La Sentinelle\"},\"image\":{\"@id\":\"https:\\\/\\\/lasentinelle.dz\\\/#\\\/schema\\\/logo\\\/image\\\/\"},\"sameAs\":[\"https:\\\/\\\/www.facebook.com\\\/La-Sentinelle-104059864394773\"]},{\"@type\":\"Person\",\"@id\":\"https:\\\/\\\/lasentinelle.dz\\\/#\\\/schema\\\/person\\\/d865044e22e70a75174ce8bcad3acfb3\",\"name\":\"La Sentinelle\",\"image\":{\"@type\":\"ImageObject\",\"inLanguage\":\"fr-FR\",\"@id\":\"https:\\\/\\\/secure.gravatar.com\\\/avatar\\\/57de8e5d4b15d43fb361a71fbb36338450fe67865b528a43dd10ef7c51a20392?s=96&d=mm&r=g\",\"url\":\"https:\\\/\\\/secure.gravatar.com\\\/avatar\\\/57de8e5d4b15d43fb361a71fbb36338450fe67865b528a43dd10ef7c51a20392?s=96&d=mm&r=g\",\"contentUrl\":\"https:\\\/\\\/secure.gravatar.com\\\/avatar\\\/57de8e5d4b15d43fb361a71fbb36338450fe67865b528a43dd10ef7c51a20392?s=96&d=mm&r=g\",\"caption\":\"La Sentinelle\"},\"sameAs\":[\"http:\\\/\\\/www.lasentinelle.dz\"],\"url\":\"https:\\\/\\\/lasentinelle.dz\\\/author\\\/redaction\\\/\"}]}<\/script>\n<!-- \/ Yoast SEO plugin. -->","yoast_head_json":{"title":"Soudan\u00a0: L&rsquo;ONU alerte sur un \u00ab\u00a0nouveau front\u00a0\u00bb au Darfour - La Sentinelle","robots":{"index":"index","follow":"follow","max-snippet":"max-snippet:-1","max-image-preview":"max-image-preview:large","max-video-preview":"max-video-preview:-1"},"canonical":"https:\/\/lasentinelle.dz\/index.php\/2024\/04\/20\/soudan-lonu-alerte-sur-un-nouveau-front-au-darfour\/","og_locale":"fr_FR","og_type":"article","og_title":"Soudan\u00a0: L&rsquo;ONU alerte sur un \u00ab\u00a0nouveau front\u00a0\u00bb au Darfour - La Sentinelle","og_description":"De hauts responsables de l&rsquo;ONU ont alert\u00e9 vendredi devant le Conseil de s\u00e9curit\u00e9 sur les risques d&rsquo;un nouveau front au","og_url":"https:\/\/lasentinelle.dz\/index.php\/2024\/04\/20\/soudan-lonu-alerte-sur-un-nouveau-front-au-darfour\/","og_site_name":"La Sentinelle","article_publisher":"https:\/\/www.facebook.com\/La-Sentinelle-104059864394773","article_published_time":"2024-04-20T20:49:40+00:00","article_modified_time":"2024-04-20T20:49:48+00:00","og_image":[{"width":1351,"height":900,"url":"https:\/\/lasentinelle.dz\/wp-content\/uploads\/2023\/05\/soudan-2.png","type":"image\/png"}],"author":"La Sentinelle","twitter_card":"summary_large_image","twitter_misc":{"\u00c9crit par":"La Sentinelle","Dur\u00e9e de lecture estim\u00e9e":"3 minutes"},"schema":{"@context":"https:\/\/schema.org","@graph":[{"@type":"Article","@id":"https:\/\/lasentinelle.dz\/index.php\/2024\/04\/20\/soudan-lonu-alerte-sur-un-nouveau-front-au-darfour\/#article","isPartOf":{"@id":"https:\/\/lasentinelle.dz\/index.php\/2024\/04\/20\/soudan-lonu-alerte-sur-un-nouveau-front-au-darfour\/"},"author":{"name":"La Sentinelle","@id":"https:\/\/lasentinelle.dz\/#\/schema\/person\/d865044e22e70a75174ce8bcad3acfb3"},"headline":"Soudan\u00a0: L&rsquo;ONU alerte sur un \u00ab\u00a0nouveau front\u00a0\u00bb au Darfour","datePublished":"2024-04-20T20:49:40+00:00","dateModified":"2024-04-20T20:49:48+00:00","mainEntityOfPage":{"@id":"https:\/\/lasentinelle.dz\/index.php\/2024\/04\/20\/soudan-lonu-alerte-sur-un-nouveau-front-au-darfour\/"},"wordCount":540,"commentCount":0,"publisher":{"@id":"https:\/\/lasentinelle.dz\/#organization"},"image":{"@id":"https:\/\/lasentinelle.dz\/index.php\/2024\/04\/20\/soudan-lonu-alerte-sur-un-nouveau-front-au-darfour\/#primaryimage"},"thumbnailUrl":"https:\/\/lasentinelle.dz\/wp-content\/uploads\/2023\/05\/soudan-2.png","articleSection":["Monde"],"inLanguage":"fr-FR","potentialAction":[{"@type":"CommentAction","name":"Comment","target":["https:\/\/lasentinelle.dz\/index.php\/2024\/04\/20\/soudan-lonu-alerte-sur-un-nouveau-front-au-darfour\/#respond"]}]},{"@type":"WebPage","@id":"https:\/\/lasentinelle.dz\/index.php\/2024\/04\/20\/soudan-lonu-alerte-sur-un-nouveau-front-au-darfour\/","url":"https:\/\/lasentinelle.dz\/index.php\/2024\/04\/20\/soudan-lonu-alerte-sur-un-nouveau-front-au-darfour\/","name":"Soudan\u00a0: L&rsquo;ONU alerte sur un \u00ab\u00a0nouveau front\u00a0\u00bb au Darfour - La Sentinelle","isPartOf":{"@id":"https:\/\/lasentinelle.dz\/#website"},"primaryImageOfPage":{"@id":"https:\/\/lasentinelle.dz\/index.php\/2024\/04\/20\/soudan-lonu-alerte-sur-un-nouveau-front-au-darfour\/#primaryimage"},"image":{"@id":"https:\/\/lasentinelle.dz\/index.php\/2024\/04\/20\/soudan-lonu-alerte-sur-un-nouveau-front-au-darfour\/#primaryimage"},"thumbnailUrl":"https:\/\/lasentinelle.dz\/wp-content\/uploads\/2023\/05\/soudan-2.png","datePublished":"2024-04-20T20:49:40+00:00","dateModified":"2024-04-20T20:49:48+00:00","breadcrumb":{"@id":"https:\/\/lasentinelle.dz\/index.php\/2024\/04\/20\/soudan-lonu-alerte-sur-un-nouveau-front-au-darfour\/#breadcrumb"},"inLanguage":"fr-FR","potentialAction":[{"@type":"ReadAction","target":["https:\/\/lasentinelle.dz\/index.php\/2024\/04\/20\/soudan-lonu-alerte-sur-un-nouveau-front-au-darfour\/"]}]},{"@type":"ImageObject","inLanguage":"fr-FR","@id":"https:\/\/lasentinelle.dz\/index.php\/2024\/04\/20\/soudan-lonu-alerte-sur-un-nouveau-front-au-darfour\/#primaryimage","url":"https:\/\/lasentinelle.dz\/wp-content\/uploads\/2023\/05\/soudan-2.png","contentUrl":"https:\/\/lasentinelle.dz\/wp-content\/uploads\/2023\/05\/soudan-2.png","width":1351,"height":900},{"@type":"BreadcrumbList","@id":"https:\/\/lasentinelle.dz\/index.php\/2024\/04\/20\/soudan-lonu-alerte-sur-un-nouveau-front-au-darfour\/#breadcrumb","itemListElement":[{"@type":"ListItem","position":1,"name":"Accueil","item":"https:\/\/lasentinelle.dz\/"},{"@type":"ListItem","position":2,"name":"Soudan\u00a0: L&rsquo;ONU alerte sur un \u00ab\u00a0nouveau front\u00a0\u00bb au Darfour"}]},{"@type":"WebSite","@id":"https:\/\/lasentinelle.dz\/#website","url":"https:\/\/lasentinelle.dz\/","name":"La Sentinelle","description":"Quotidien national d&#039;information","publisher":{"@id":"https:\/\/lasentinelle.dz\/#organization"},"potentialAction":[{"@type":"SearchAction","target":{"@type":"EntryPoint","urlTemplate":"https:\/\/lasentinelle.dz\/?s={search_term_string}"},"query-input":{"@type":"PropertyValueSpecification","valueRequired":true,"valueName":"search_term_string"}}],"inLanguage":"fr-FR"},{"@type":"Organization","@id":"https:\/\/lasentinelle.dz\/#organization","name":"Quotidien La Sentinelle","url":"https:\/\/lasentinelle.dz\/","logo":{"@type":"ImageObject","inLanguage":"fr-FR","@id":"https:\/\/lasentinelle.dz\/#\/schema\/logo\/image\/","url":"https:\/\/lasentinelle.dz\/wp-content\/uploads\/2021\/09\/logo-sentinelleSLOGAN-1.png","contentUrl":"https:\/\/lasentinelle.dz\/wp-content\/uploads\/2021\/09\/logo-sentinelleSLOGAN-1.png","width":615,"height":142,"caption":"Quotidien La Sentinelle"},"image":{"@id":"https:\/\/lasentinelle.dz\/#\/schema\/logo\/image\/"},"sameAs":["https:\/\/www.facebook.com\/La-Sentinelle-104059864394773"]},{"@type":"Person","@id":"https:\/\/lasentinelle.dz\/#\/schema\/person\/d865044e22e70a75174ce8bcad3acfb3","name":"La Sentinelle","image":{"@type":"ImageObject","inLanguage":"fr-FR","@id":"https:\/\/secure.gravatar.com\/avatar\/57de8e5d4b15d43fb361a71fbb36338450fe67865b528a43dd10ef7c51a20392?s=96&d=mm&r=g","url":"https:\/\/secure.gravatar.com\/avatar\/57de8e5d4b15d43fb361a71fbb36338450fe67865b528a43dd10ef7c51a20392?s=96&d=mm&r=g","contentUrl":"https:\/\/secure.gravatar.com\/avatar\/57de8e5d4b15d43fb361a71fbb36338450fe67865b528a43dd10ef7c51a20392?s=96&d=mm&r=g","caption":"La Sentinelle"},"sameAs":["http:\/\/www.lasentinelle.dz"],"url":"https:\/\/lasentinelle.dz\/author\/redaction\/"}]}},"_links":{"self":[{"href":"https:\/\/lasentinelle.dz\/index.php\/wp-json\/wp\/v2\/posts\/51444","targetHints":{"allow":["GET"]}}],"collection":[{"href":"https:\/\/lasentinelle.dz\/index.php\/wp-json\/wp\/v2\/posts"}],"about":[{"href":"https:\/\/lasentinelle.dz\/index.php\/wp-json\/wp\/v2\/types\/post"}],"author":[{"embeddable":true,"href":"https:\/\/lasentinelle.dz\/index.php\/wp-json\/wp\/v2\/users\/3"}],"replies":[{"embeddable":true,"href":"https:\/\/lasentinelle.dz\/index.php\/wp-json\/wp\/v2\/comments?post=51444"}],"version-history":[{"count":2,"href":"https:\/\/lasentinelle.dz\/index.php\/wp-json\/wp\/v2\/posts\/51444\/revisions"}],"predecessor-version":[{"id":51446,"href":"https:\/\/lasentinelle.dz\/index.php\/wp-json\/wp\/v2\/posts\/51444\/revisions\/51446"}],"wp:featuredmedia":[{"embeddable":true,"href":"https:\/\/lasentinelle.dz\/index.php\/wp-json\/wp\/v2\/media\/41724"}],"wp:attachment":[{"href":"https:\/\/lasentinelle.dz\/index.php\/wp-json\/wp\/v2\/media?parent=51444"}],"wp:term":[{"taxonomy":"category","embeddable":true,"href":"https:\/\/lasentinelle.dz\/index.php\/wp-json\/wp\/v2\/categories?post=51444"},{"taxonomy":"post_tag","embeddable":true,"href":"https:\/\/lasentinelle.dz\/index.php\/wp-json\/wp\/v2\/tags?post=51444"}],"curies":[{"name":"wp","href":"https:\/\/api.w.org\/{rel}","templated":true}]}}