{"id":5146,"date":"2021-08-24T00:01:00","date_gmt":"2021-08-23T23:01:00","guid":{"rendered":"https:\/\/lasentinelle.dz\/?p=5146"},"modified":"2021-08-23T18:53:10","modified_gmt":"2021-08-23T17:53:10","slug":"entretien-telephonique-entre-le-president-de-la-republique-et-son-homologue-tunisien-consolider-la-cooperation-algero-tunisienne","status":"publish","type":"post","link":"https:\/\/lasentinelle.dz\/index.php\/2021\/08\/24\/entretien-telephonique-entre-le-president-de-la-republique-et-son-homologue-tunisien-consolider-la-cooperation-algero-tunisienne\/","title":{"rendered":"Entretien t\u00e9l\u00e9phonique entre le pr\u00e9sident de la R\u00e9publique et son homologue tunisien : Consolider la coop\u00e9ration alg\u00e9ro-tunisienne"},"content":{"rendered":"\n<p>Le pr\u00e9sident de la R\u00e9publique, M. Abdelmadjid aun entretien t\u00e9l\u00e9phonique avec son homologue tunisien, KaisSaied. Selon un communiqu\u00e9 de la pr\u00e9sidence de la R\u00e9publique, Le pr\u00e9sident de la R\u00e9publique a r\u00e9affirm\u00e9, au cours de cette entretien, \u00ab&nbsp;la solidarit\u00e9 du peuple et du gouvernement alg\u00e9riens avec la Tunisie en cette \u00e9tape sensible&nbsp;\u00bb. Le m\u00eame communiqu\u00e9 pr\u00e9cise &nbsp;que&nbsp; \u00ab\u00a0les deux Pr\u00e9sidents ont \u00e9voqu\u00e9 \u00ab\u00a0la consolidation des relations alg\u00e9ro-tunisiennes dans divers domaines\u00a0\u00bb.<\/p>\n\n\n\n<p>Notons que le ministre des Affaires \u00e9trang\u00e8res et de la Communaut\u00e9 nationale \u00e0 l&rsquo;\u00e9tranger, Ramtane Lamamra, qui effectue une visite en Tunisie, &nbsp;a remis, le m\u00eame jour, un message du pr\u00e9sident de la R\u00e9publique, Abdelmadjid Tebboune au pr\u00e9sident tunisien.<\/p>\n\n\n\n<p>\u00ab&nbsp;J&rsquo;ai eu l&rsquo;honneur de rencontrer le Pr\u00e9sident Ka\u00efs Sa\u00efed, auquel j&rsquo;ai remis un message \u00e9crit de son fr\u00e8re le Pr\u00e9sident Abdelmadjid Tebboune&nbsp;\u00bb, a \u00e9crit M. Lamamra sur son compte Twitter.L&rsquo;occasion \u00e9tait pour les deux parties de \u00ab&nbsp;passer en revue les relations fraternelles distingu\u00e9es unissant l&rsquo;Alg\u00e9rie et la Tunisie, saluer l&rsquo;\u00e9lan de solidarit\u00e9 enregistr\u00e9s r\u00e9cemment et \u00e9voquer les derniers d\u00e9veloppements sur la sc\u00e8ne maghr\u00e9bine&nbsp;\u00bb.<\/p>\n\n\n\n<p>Lors de cet entretien, le ministre alg\u00e9rien des Affaires \u00e9trang\u00e8res et de la Communaut\u00e9 alg\u00e9rienne \u00e0 l&rsquo;\u00e9tranger, a remis un message du pr\u00e9sident de la R\u00e9publique, Abdelmadjid Tebboune, \u00e0 son homologue tunisien, selon la radio Mosa\u00efque qui affirme que pour sa part, le pr\u00e9sident Sa\u00efed a affirm\u00e9 la profondeur des relations entre l\u2019Alg\u00e9rie et la Tunisie, rappelant les sacrifices des leaders des mouvements de lib\u00e9ration dans les deux pays. Lesquels ont inculqu\u00e9 \u00ab les valeurs de solidarit\u00e9, de soutien et de destin commun aux deux peuples.Par ailleurs, M. Lamamra s&rsquo;est entretenu avec son homologue tunisien M. Othman Jerandi. Selon un communiqu\u00e9 du minist\u00e8re des Affaires \u00e9trang\u00e8res et de la Communaut\u00e9 nationale \u00e0 l\u2019\u00e9tranger, les deux ministres ont, \u00e0 cette occasion \u00ab\u00a0renouvel\u00e9 leur volont\u00e9 commune de poursuivre les efforts en vue de consolider et de raffermir davantage les liens strat\u00e9giques qu&rsquo;entretiennent les deux pays et leurs peuples fr\u00e8res\u00a0\u00bb.<\/p>\n\n\n\n<p>Enfin, en marge de sa visite, le ministre des Affaires \u00e9trang\u00e8res et de la Communaut\u00e9 nationale \u00e0 l\u2019\u00e9tranger a re\u00e7u, au si\u00e8ge de l&rsquo;ambassade d&rsquo;Alg\u00e9rie \u00e0 Tunis, l&rsquo;envoy\u00e9 des Etats-Unis pour la Libye, l&rsquo;ambassadeur Richard Norland, selon la m\u00eame source.\u00a0\u00bbLes discussions ont port\u00e9 sur l&rsquo;\u00e9volution du processus politique men\u00e9 sous l&rsquo;\u00e9gide des Nations unies pour la r\u00e9solution de la crise libyenne et l&rsquo;apport potentiellement important des pays de la r\u00e9gion, notamment \u00e0 l&rsquo;occasion de la prochaine r\u00e9union minist\u00e9rielle des Pays voisins de la Libye \u00e0 Alger\u00a0\u00bb, conclut le communiqu\u00e9.<\/p>\n\n\n\n<p>Akli Amor<\/p>\n","protected":false},"excerpt":{"rendered":"<p>Le pr\u00e9sident de la R\u00e9publique, M. Abdelmadjid aun entretien t\u00e9l\u00e9phonique avec son homologue tunisien, KaisSaied. Selon un communiqu\u00e9 de la<\/p>\n","protected":false},"author":3,"featured_media":5148,"comment_status":"open","ping_status":"closed","sticky":false,"template":"","format":"standard","meta":{"colormag_page_container_layout":"default_layout","colormag_page_sidebar_layout":"default_layout","om_disable_all_campaigns":false,"_monsterinsights_skip_tracking":false,"_monsterinsights_sitenote_active":false,"_monsterinsights_sitenote_note":"","_monsterinsights_sitenote_category":0,"footnotes":"","_wpscppro_dont_share_socialmedia":false,"_wpscppro_custom_social_share_image":0,"_facebook_share_type":"","_twitter_share_type":"","_linkedin_share_type":"","_pinterest_share_type":"","_linkedin_share_type_page":"","_instagram_share_type":"","_medium_share_type":"","_threads_share_type":"","_google_business_share_type":"","_selected_social_profile":[],"_wpsp_enable_custom_social_template":false,"_wpsp_social_scheduling":{"enabled":false,"datetime":null,"platforms":[],"status":"template_only","dateOption":"today","timeOption":"now","customDays":"","customHours":"","customDate":"","customTime":"","schedulingType":"absolute"},"_wpsp_active_default_template":true},"categories":[27],"tags":[],"class_list":["post-5146","post","type-post","status-publish","format-standard","has-post-thumbnail","hentry","category-actualite"],"aioseo_notices":[],"yoast_head":"<!-- This site is optimized with the Yoast SEO plugin v27.5 - https:\/\/yoast.com\/product\/yoast-seo-wordpress\/ -->\n<title>Entretien t\u00e9l\u00e9phonique entre le pr\u00e9sident de la R\u00e9publique et son homologue tunisien : Consolider la coop\u00e9ration alg\u00e9ro-tunisienne - La Sentinelle<\/title>\n<meta name=\"robots\" content=\"index, follow, max-snippet:-1, max-image-preview:large, max-video-preview:-1\" \/>\n<link rel=\"canonical\" href=\"https:\/\/lasentinelle.dz\/index.php\/2021\/08\/24\/entretien-telephonique-entre-le-president-de-la-republique-et-son-homologue-tunisien-consolider-la-cooperation-algero-tunisienne\/\" \/>\n<meta property=\"og:locale\" content=\"fr_FR\" \/>\n<meta property=\"og:type\" content=\"article\" \/>\n<meta property=\"og:title\" content=\"Entretien t\u00e9l\u00e9phonique entre le pr\u00e9sident de la R\u00e9publique et son homologue tunisien : Consolider la coop\u00e9ration alg\u00e9ro-tunisienne - La Sentinelle\" \/>\n<meta property=\"og:description\" content=\"Le pr\u00e9sident de la R\u00e9publique, M. Abdelmadjid aun entretien t\u00e9l\u00e9phonique avec son homologue tunisien, KaisSaied. Selon un communiqu\u00e9 de la\" \/>\n<meta property=\"og:url\" content=\"https:\/\/lasentinelle.dz\/index.php\/2021\/08\/24\/entretien-telephonique-entre-le-president-de-la-republique-et-son-homologue-tunisien-consolider-la-cooperation-algero-tunisienne\/\" \/>\n<meta property=\"og:site_name\" content=\"La Sentinelle\" \/>\n<meta property=\"article:publisher\" content=\"https:\/\/www.facebook.com\/La-Sentinelle-104059864394773\" \/>\n<meta property=\"article:published_time\" content=\"2021-08-23T23:01:00+00:00\" \/>\n<meta property=\"og:image\" content=\"https:\/\/lasentinelle.dz\/wp-content\/uploads\/2021\/08\/image_2021-08-23_185300.png\" \/>\n\t<meta property=\"og:image:width\" content=\"835\" \/>\n\t<meta property=\"og:image:height\" content=\"430\" \/>\n\t<meta property=\"og:image:type\" content=\"image\/png\" \/>\n<meta name=\"author\" content=\"La Sentinelle\" \/>\n<meta name=\"twitter:card\" content=\"summary_large_image\" \/>\n<meta name=\"twitter:label1\" content=\"\u00c9crit par\" \/>\n\t<meta name=\"twitter:data1\" content=\"La Sentinelle\" \/>\n\t<meta name=\"twitter:label2\" content=\"Dur\u00e9e de lecture estim\u00e9e\" \/>\n\t<meta name=\"twitter:data2\" content=\"2 minutes\" \/>\n<script type=\"application\/ld+json\" class=\"yoast-schema-graph\">{\"@context\":\"https:\\\/\\\/schema.org\",\"@graph\":[{\"@type\":\"Article\",\"@id\":\"https:\\\/\\\/lasentinelle.dz\\\/index.php\\\/2021\\\/08\\\/24\\\/entretien-telephonique-entre-le-president-de-la-republique-et-son-homologue-tunisien-consolider-la-cooperation-algero-tunisienne\\\/#article\",\"isPartOf\":{\"@id\":\"https:\\\/\\\/lasentinelle.dz\\\/index.php\\\/2021\\\/08\\\/24\\\/entretien-telephonique-entre-le-president-de-la-republique-et-son-homologue-tunisien-consolider-la-cooperation-algero-tunisienne\\\/\"},\"author\":{\"name\":\"La Sentinelle\",\"@id\":\"https:\\\/\\\/lasentinelle.dz\\\/#\\\/schema\\\/person\\\/d865044e22e70a75174ce8bcad3acfb3\"},\"headline\":\"Entretien t\u00e9l\u00e9phonique entre le pr\u00e9sident de la R\u00e9publique et son homologue tunisien : Consolider la coop\u00e9ration alg\u00e9ro-tunisienne\",\"datePublished\":\"2021-08-23T23:01:00+00:00\",\"mainEntityOfPage\":{\"@id\":\"https:\\\/\\\/lasentinelle.dz\\\/index.php\\\/2021\\\/08\\\/24\\\/entretien-telephonique-entre-le-president-de-la-republique-et-son-homologue-tunisien-consolider-la-cooperation-algero-tunisienne\\\/\"},\"wordCount\":508,\"commentCount\":0,\"publisher\":{\"@id\":\"https:\\\/\\\/lasentinelle.dz\\\/#organization\"},\"image\":{\"@id\":\"https:\\\/\\\/lasentinelle.dz\\\/index.php\\\/2021\\\/08\\\/24\\\/entretien-telephonique-entre-le-president-de-la-republique-et-son-homologue-tunisien-consolider-la-cooperation-algero-tunisienne\\\/#primaryimage\"},\"thumbnailUrl\":\"https:\\\/\\\/lasentinelle.dz\\\/wp-content\\\/uploads\\\/2021\\\/08\\\/image_2021-08-23_185300.png\",\"articleSection\":[\"Actualit\u00e9\"],\"inLanguage\":\"fr-FR\",\"potentialAction\":[{\"@type\":\"CommentAction\",\"name\":\"Comment\",\"target\":[\"https:\\\/\\\/lasentinelle.dz\\\/index.php\\\/2021\\\/08\\\/24\\\/entretien-telephonique-entre-le-president-de-la-republique-et-son-homologue-tunisien-consolider-la-cooperation-algero-tunisienne\\\/#respond\"]}]},{\"@type\":\"WebPage\",\"@id\":\"https:\\\/\\\/lasentinelle.dz\\\/index.php\\\/2021\\\/08\\\/24\\\/entretien-telephonique-entre-le-president-de-la-republique-et-son-homologue-tunisien-consolider-la-cooperation-algero-tunisienne\\\/\",\"url\":\"https:\\\/\\\/lasentinelle.dz\\\/index.php\\\/2021\\\/08\\\/24\\\/entretien-telephonique-entre-le-president-de-la-republique-et-son-homologue-tunisien-consolider-la-cooperation-algero-tunisienne\\\/\",\"name\":\"Entretien t\u00e9l\u00e9phonique entre le pr\u00e9sident de la R\u00e9publique et son homologue tunisien : Consolider la coop\u00e9ration alg\u00e9ro-tunisienne - La Sentinelle\",\"isPartOf\":{\"@id\":\"https:\\\/\\\/lasentinelle.dz\\\/#website\"},\"primaryImageOfPage\":{\"@id\":\"https:\\\/\\\/lasentinelle.dz\\\/index.php\\\/2021\\\/08\\\/24\\\/entretien-telephonique-entre-le-president-de-la-republique-et-son-homologue-tunisien-consolider-la-cooperation-algero-tunisienne\\\/#primaryimage\"},\"image\":{\"@id\":\"https:\\\/\\\/lasentinelle.dz\\\/index.php\\\/2021\\\/08\\\/24\\\/entretien-telephonique-entre-le-president-de-la-republique-et-son-homologue-tunisien-consolider-la-cooperation-algero-tunisienne\\\/#primaryimage\"},\"thumbnailUrl\":\"https:\\\/\\\/lasentinelle.dz\\\/wp-content\\\/uploads\\\/2021\\\/08\\\/image_2021-08-23_185300.png\",\"datePublished\":\"2021-08-23T23:01:00+00:00\",\"breadcrumb\":{\"@id\":\"https:\\\/\\\/lasentinelle.dz\\\/index.php\\\/2021\\\/08\\\/24\\\/entretien-telephonique-entre-le-president-de-la-republique-et-son-homologue-tunisien-consolider-la-cooperation-algero-tunisienne\\\/#breadcrumb\"},\"inLanguage\":\"fr-FR\",\"potentialAction\":[{\"@type\":\"ReadAction\",\"target\":[\"https:\\\/\\\/lasentinelle.dz\\\/index.php\\\/2021\\\/08\\\/24\\\/entretien-telephonique-entre-le-president-de-la-republique-et-son-homologue-tunisien-consolider-la-cooperation-algero-tunisienne\\\/\"]}]},{\"@type\":\"ImageObject\",\"inLanguage\":\"fr-FR\",\"@id\":\"https:\\\/\\\/lasentinelle.dz\\\/index.php\\\/2021\\\/08\\\/24\\\/entretien-telephonique-entre-le-president-de-la-republique-et-son-homologue-tunisien-consolider-la-cooperation-algero-tunisienne\\\/#primaryimage\",\"url\":\"https:\\\/\\\/lasentinelle.dz\\\/wp-content\\\/uploads\\\/2021\\\/08\\\/image_2021-08-23_185300.png\",\"contentUrl\":\"https:\\\/\\\/lasentinelle.dz\\\/wp-content\\\/uploads\\\/2021\\\/08\\\/image_2021-08-23_185300.png\",\"width\":835,\"height\":430},{\"@type\":\"BreadcrumbList\",\"@id\":\"https:\\\/\\\/lasentinelle.dz\\\/index.php\\\/2021\\\/08\\\/24\\\/entretien-telephonique-entre-le-president-de-la-republique-et-son-homologue-tunisien-consolider-la-cooperation-algero-tunisienne\\\/#breadcrumb\",\"itemListElement\":[{\"@type\":\"ListItem\",\"position\":1,\"name\":\"Accueil\",\"item\":\"https:\\\/\\\/lasentinelle.dz\\\/\"},{\"@type\":\"ListItem\",\"position\":2,\"name\":\"Entretien t\u00e9l\u00e9phonique entre le pr\u00e9sident de la R\u00e9publique et son homologue tunisien : Consolider la coop\u00e9ration alg\u00e9ro-tunisienne\"}]},{\"@type\":\"WebSite\",\"@id\":\"https:\\\/\\\/lasentinelle.dz\\\/#website\",\"url\":\"https:\\\/\\\/lasentinelle.dz\\\/\",\"name\":\"La Sentinelle\",\"description\":\"Quotidien national d&#039;information\",\"publisher\":{\"@id\":\"https:\\\/\\\/lasentinelle.dz\\\/#organization\"},\"potentialAction\":[{\"@type\":\"SearchAction\",\"target\":{\"@type\":\"EntryPoint\",\"urlTemplate\":\"https:\\\/\\\/lasentinelle.dz\\\/?s={search_term_string}\"},\"query-input\":{\"@type\":\"PropertyValueSpecification\",\"valueRequired\":true,\"valueName\":\"search_term_string\"}}],\"inLanguage\":\"fr-FR\"},{\"@type\":\"Organization\",\"@id\":\"https:\\\/\\\/lasentinelle.dz\\\/#organization\",\"name\":\"Quotidien La Sentinelle\",\"url\":\"https:\\\/\\\/lasentinelle.dz\\\/\",\"logo\":{\"@type\":\"ImageObject\",\"inLanguage\":\"fr-FR\",\"@id\":\"https:\\\/\\\/lasentinelle.dz\\\/#\\\/schema\\\/logo\\\/image\\\/\",\"url\":\"https:\\\/\\\/lasentinelle.dz\\\/wp-content\\\/uploads\\\/2021\\\/09\\\/logo-sentinelleSLOGAN-1.png\",\"contentUrl\":\"https:\\\/\\\/lasentinelle.dz\\\/wp-content\\\/uploads\\\/2021\\\/09\\\/logo-sentinelleSLOGAN-1.png\",\"width\":615,\"height\":142,\"caption\":\"Quotidien La Sentinelle\"},\"image\":{\"@id\":\"https:\\\/\\\/lasentinelle.dz\\\/#\\\/schema\\\/logo\\\/image\\\/\"},\"sameAs\":[\"https:\\\/\\\/www.facebook.com\\\/La-Sentinelle-104059864394773\"]},{\"@type\":\"Person\",\"@id\":\"https:\\\/\\\/lasentinelle.dz\\\/#\\\/schema\\\/person\\\/d865044e22e70a75174ce8bcad3acfb3\",\"name\":\"La Sentinelle\",\"image\":{\"@type\":\"ImageObject\",\"inLanguage\":\"fr-FR\",\"@id\":\"https:\\\/\\\/secure.gravatar.com\\\/avatar\\\/57de8e5d4b15d43fb361a71fbb36338450fe67865b528a43dd10ef7c51a20392?s=96&d=mm&r=g\",\"url\":\"https:\\\/\\\/secure.gravatar.com\\\/avatar\\\/57de8e5d4b15d43fb361a71fbb36338450fe67865b528a43dd10ef7c51a20392?s=96&d=mm&r=g\",\"contentUrl\":\"https:\\\/\\\/secure.gravatar.com\\\/avatar\\\/57de8e5d4b15d43fb361a71fbb36338450fe67865b528a43dd10ef7c51a20392?s=96&d=mm&r=g\",\"caption\":\"La Sentinelle\"},\"sameAs\":[\"http:\\\/\\\/www.lasentinelle.dz\"],\"url\":\"https:\\\/\\\/lasentinelle.dz\\\/author\\\/redaction\\\/\"}]}<\/script>\n<!-- \/ Yoast SEO plugin. -->","yoast_head_json":{"title":"Entretien t\u00e9l\u00e9phonique entre le pr\u00e9sident de la R\u00e9publique et son homologue tunisien : Consolider la coop\u00e9ration alg\u00e9ro-tunisienne - La Sentinelle","robots":{"index":"index","follow":"follow","max-snippet":"max-snippet:-1","max-image-preview":"max-image-preview:large","max-video-preview":"max-video-preview:-1"},"canonical":"https:\/\/lasentinelle.dz\/index.php\/2021\/08\/24\/entretien-telephonique-entre-le-president-de-la-republique-et-son-homologue-tunisien-consolider-la-cooperation-algero-tunisienne\/","og_locale":"fr_FR","og_type":"article","og_title":"Entretien t\u00e9l\u00e9phonique entre le pr\u00e9sident de la R\u00e9publique et son homologue tunisien : Consolider la coop\u00e9ration alg\u00e9ro-tunisienne - La Sentinelle","og_description":"Le pr\u00e9sident de la R\u00e9publique, M. Abdelmadjid aun entretien t\u00e9l\u00e9phonique avec son homologue tunisien, KaisSaied. Selon un communiqu\u00e9 de la","og_url":"https:\/\/lasentinelle.dz\/index.php\/2021\/08\/24\/entretien-telephonique-entre-le-president-de-la-republique-et-son-homologue-tunisien-consolider-la-cooperation-algero-tunisienne\/","og_site_name":"La Sentinelle","article_publisher":"https:\/\/www.facebook.com\/La-Sentinelle-104059864394773","article_published_time":"2021-08-23T23:01:00+00:00","og_image":[{"width":835,"height":430,"url":"https:\/\/lasentinelle.dz\/wp-content\/uploads\/2021\/08\/image_2021-08-23_185300.png","type":"image\/png"}],"author":"La Sentinelle","twitter_card":"summary_large_image","twitter_misc":{"\u00c9crit par":"La Sentinelle","Dur\u00e9e de lecture estim\u00e9e":"2 minutes"},"schema":{"@context":"https:\/\/schema.org","@graph":[{"@type":"Article","@id":"https:\/\/lasentinelle.dz\/index.php\/2021\/08\/24\/entretien-telephonique-entre-le-president-de-la-republique-et-son-homologue-tunisien-consolider-la-cooperation-algero-tunisienne\/#article","isPartOf":{"@id":"https:\/\/lasentinelle.dz\/index.php\/2021\/08\/24\/entretien-telephonique-entre-le-president-de-la-republique-et-son-homologue-tunisien-consolider-la-cooperation-algero-tunisienne\/"},"author":{"name":"La Sentinelle","@id":"https:\/\/lasentinelle.dz\/#\/schema\/person\/d865044e22e70a75174ce8bcad3acfb3"},"headline":"Entretien t\u00e9l\u00e9phonique entre le pr\u00e9sident de la R\u00e9publique et son homologue tunisien : Consolider la coop\u00e9ration alg\u00e9ro-tunisienne","datePublished":"2021-08-23T23:01:00+00:00","mainEntityOfPage":{"@id":"https:\/\/lasentinelle.dz\/index.php\/2021\/08\/24\/entretien-telephonique-entre-le-president-de-la-republique-et-son-homologue-tunisien-consolider-la-cooperation-algero-tunisienne\/"},"wordCount":508,"commentCount":0,"publisher":{"@id":"https:\/\/lasentinelle.dz\/#organization"},"image":{"@id":"https:\/\/lasentinelle.dz\/index.php\/2021\/08\/24\/entretien-telephonique-entre-le-president-de-la-republique-et-son-homologue-tunisien-consolider-la-cooperation-algero-tunisienne\/#primaryimage"},"thumbnailUrl":"https:\/\/lasentinelle.dz\/wp-content\/uploads\/2021\/08\/image_2021-08-23_185300.png","articleSection":["Actualit\u00e9"],"inLanguage":"fr-FR","potentialAction":[{"@type":"CommentAction","name":"Comment","target":["https:\/\/lasentinelle.dz\/index.php\/2021\/08\/24\/entretien-telephonique-entre-le-president-de-la-republique-et-son-homologue-tunisien-consolider-la-cooperation-algero-tunisienne\/#respond"]}]},{"@type":"WebPage","@id":"https:\/\/lasentinelle.dz\/index.php\/2021\/08\/24\/entretien-telephonique-entre-le-president-de-la-republique-et-son-homologue-tunisien-consolider-la-cooperation-algero-tunisienne\/","url":"https:\/\/lasentinelle.dz\/index.php\/2021\/08\/24\/entretien-telephonique-entre-le-president-de-la-republique-et-son-homologue-tunisien-consolider-la-cooperation-algero-tunisienne\/","name":"Entretien t\u00e9l\u00e9phonique entre le pr\u00e9sident de la R\u00e9publique et son homologue tunisien : Consolider la coop\u00e9ration alg\u00e9ro-tunisienne - La Sentinelle","isPartOf":{"@id":"https:\/\/lasentinelle.dz\/#website"},"primaryImageOfPage":{"@id":"https:\/\/lasentinelle.dz\/index.php\/2021\/08\/24\/entretien-telephonique-entre-le-president-de-la-republique-et-son-homologue-tunisien-consolider-la-cooperation-algero-tunisienne\/#primaryimage"},"image":{"@id":"https:\/\/lasentinelle.dz\/index.php\/2021\/08\/24\/entretien-telephonique-entre-le-president-de-la-republique-et-son-homologue-tunisien-consolider-la-cooperation-algero-tunisienne\/#primaryimage"},"thumbnailUrl":"https:\/\/lasentinelle.dz\/wp-content\/uploads\/2021\/08\/image_2021-08-23_185300.png","datePublished":"2021-08-23T23:01:00+00:00","breadcrumb":{"@id":"https:\/\/lasentinelle.dz\/index.php\/2021\/08\/24\/entretien-telephonique-entre-le-president-de-la-republique-et-son-homologue-tunisien-consolider-la-cooperation-algero-tunisienne\/#breadcrumb"},"inLanguage":"fr-FR","potentialAction":[{"@type":"ReadAction","target":["https:\/\/lasentinelle.dz\/index.php\/2021\/08\/24\/entretien-telephonique-entre-le-president-de-la-republique-et-son-homologue-tunisien-consolider-la-cooperation-algero-tunisienne\/"]}]},{"@type":"ImageObject","inLanguage":"fr-FR","@id":"https:\/\/lasentinelle.dz\/index.php\/2021\/08\/24\/entretien-telephonique-entre-le-president-de-la-republique-et-son-homologue-tunisien-consolider-la-cooperation-algero-tunisienne\/#primaryimage","url":"https:\/\/lasentinelle.dz\/wp-content\/uploads\/2021\/08\/image_2021-08-23_185300.png","contentUrl":"https:\/\/lasentinelle.dz\/wp-content\/uploads\/2021\/08\/image_2021-08-23_185300.png","width":835,"height":430},{"@type":"BreadcrumbList","@id":"https:\/\/lasentinelle.dz\/index.php\/2021\/08\/24\/entretien-telephonique-entre-le-president-de-la-republique-et-son-homologue-tunisien-consolider-la-cooperation-algero-tunisienne\/#breadcrumb","itemListElement":[{"@type":"ListItem","position":1,"name":"Accueil","item":"https:\/\/lasentinelle.dz\/"},{"@type":"ListItem","position":2,"name":"Entretien t\u00e9l\u00e9phonique entre le pr\u00e9sident de la R\u00e9publique et son homologue tunisien : Consolider la coop\u00e9ration alg\u00e9ro-tunisienne"}]},{"@type":"WebSite","@id":"https:\/\/lasentinelle.dz\/#website","url":"https:\/\/lasentinelle.dz\/","name":"La Sentinelle","description":"Quotidien national d&#039;information","publisher":{"@id":"https:\/\/lasentinelle.dz\/#organization"},"potentialAction":[{"@type":"SearchAction","target":{"@type":"EntryPoint","urlTemplate":"https:\/\/lasentinelle.dz\/?s={search_term_string}"},"query-input":{"@type":"PropertyValueSpecification","valueRequired":true,"valueName":"search_term_string"}}],"inLanguage":"fr-FR"},{"@type":"Organization","@id":"https:\/\/lasentinelle.dz\/#organization","name":"Quotidien La Sentinelle","url":"https:\/\/lasentinelle.dz\/","logo":{"@type":"ImageObject","inLanguage":"fr-FR","@id":"https:\/\/lasentinelle.dz\/#\/schema\/logo\/image\/","url":"https:\/\/lasentinelle.dz\/wp-content\/uploads\/2021\/09\/logo-sentinelleSLOGAN-1.png","contentUrl":"https:\/\/lasentinelle.dz\/wp-content\/uploads\/2021\/09\/logo-sentinelleSLOGAN-1.png","width":615,"height":142,"caption":"Quotidien La Sentinelle"},"image":{"@id":"https:\/\/lasentinelle.dz\/#\/schema\/logo\/image\/"},"sameAs":["https:\/\/www.facebook.com\/La-Sentinelle-104059864394773"]},{"@type":"Person","@id":"https:\/\/lasentinelle.dz\/#\/schema\/person\/d865044e22e70a75174ce8bcad3acfb3","name":"La Sentinelle","image":{"@type":"ImageObject","inLanguage":"fr-FR","@id":"https:\/\/secure.gravatar.com\/avatar\/57de8e5d4b15d43fb361a71fbb36338450fe67865b528a43dd10ef7c51a20392?s=96&d=mm&r=g","url":"https:\/\/secure.gravatar.com\/avatar\/57de8e5d4b15d43fb361a71fbb36338450fe67865b528a43dd10ef7c51a20392?s=96&d=mm&r=g","contentUrl":"https:\/\/secure.gravatar.com\/avatar\/57de8e5d4b15d43fb361a71fbb36338450fe67865b528a43dd10ef7c51a20392?s=96&d=mm&r=g","caption":"La Sentinelle"},"sameAs":["http:\/\/www.lasentinelle.dz"],"url":"https:\/\/lasentinelle.dz\/author\/redaction\/"}]}},"_links":{"self":[{"href":"https:\/\/lasentinelle.dz\/index.php\/wp-json\/wp\/v2\/posts\/5146","targetHints":{"allow":["GET"]}}],"collection":[{"href":"https:\/\/lasentinelle.dz\/index.php\/wp-json\/wp\/v2\/posts"}],"about":[{"href":"https:\/\/lasentinelle.dz\/index.php\/wp-json\/wp\/v2\/types\/post"}],"author":[{"embeddable":true,"href":"https:\/\/lasentinelle.dz\/index.php\/wp-json\/wp\/v2\/users\/3"}],"replies":[{"embeddable":true,"href":"https:\/\/lasentinelle.dz\/index.php\/wp-json\/wp\/v2\/comments?post=5146"}],"version-history":[{"count":1,"href":"https:\/\/lasentinelle.dz\/index.php\/wp-json\/wp\/v2\/posts\/5146\/revisions"}],"predecessor-version":[{"id":5149,"href":"https:\/\/lasentinelle.dz\/index.php\/wp-json\/wp\/v2\/posts\/5146\/revisions\/5149"}],"wp:featuredmedia":[{"embeddable":true,"href":"https:\/\/lasentinelle.dz\/index.php\/wp-json\/wp\/v2\/media\/5148"}],"wp:attachment":[{"href":"https:\/\/lasentinelle.dz\/index.php\/wp-json\/wp\/v2\/media?parent=5146"}],"wp:term":[{"taxonomy":"category","embeddable":true,"href":"https:\/\/lasentinelle.dz\/index.php\/wp-json\/wp\/v2\/categories?post=5146"},{"taxonomy":"post_tag","embeddable":true,"href":"https:\/\/lasentinelle.dz\/index.php\/wp-json\/wp\/v2\/tags?post=5146"}],"curies":[{"name":"wp","href":"https:\/\/api.w.org\/{rel}","templated":true}]}}