{"id":51478,"date":"2024-04-20T22:11:27","date_gmt":"2024-04-20T21:11:27","guid":{"rendered":"https:\/\/lasentinelle.dz\/?p=51478"},"modified":"2024-04-20T22:11:32","modified_gmt":"2024-04-20T21:11:32","slug":"stress-hydrique-a-tebessa-et-souk-ahras-les-barrages-del-tarf-a-la-rescousse","status":"publish","type":"post","link":"https:\/\/lasentinelle.dz\/index.php\/2024\/04\/20\/stress-hydrique-a-tebessa-et-souk-ahras-les-barrages-del-tarf-a-la-rescousse\/","title":{"rendered":"Stress hydrique \u00e0 T\u00e9bessa et Souk Ahras\u00a0: Les barrages d\u2019El Tarf \u00e0 la rescousse"},"content":{"rendered":"\n<p>Un projet portant transfert des eaux depuis les barrages de la wilaya d\u2019El Tarf permettra d\u2019am\u00e9liorer l\u2019approvisionnement en eau potable des wilayas de T\u00e9bessa et de Souk-Ahras.<\/p>\n\n\n\n<p>Il s\u2019agit d\u2019un v\u00e9ritable soutien de l\u2019AEP pour les communes des wilayas de T\u00e9bessa et de Souk-Ahras, en leur assurant un volume suffisant, en plus de r\u00e9pondre aux besoins du projet de phosphate int\u00e9gr\u00e9 de phosphate.Le projet permettra \u00e9galement de r\u00e9aliser une adduction pour le couvrir les besoins en eau li\u00e9s au projet phosphate int\u00e9gr\u00e9. En somme, le projet consiste \u00e0 am\u00e9liorer l\u2019Approvisionnement en Eau Potable (AEP) de la commune de Chr\u00e9a (96.000 habitants), qui va b\u00e9n\u00e9fici\u00e9 du projet de transfert de l\u2019eau des barrages de Meksa, de Bougous et de Boukhroufa, situ\u00e9s dans la wilaya d\u2019El Tarf, vers le barrage d\u2019Ouldjet Mell\u00e8gue (T\u00e9bessa). Le projet structurant vise \u00e0 transf\u00e9rer un volume important d\u2019eau des barrages de la wilaya d\u2019El Tarf vers le barrage d\u2019Ouldjet Mell\u00e8gue aussit\u00f4t apr\u00e8s l\u2019ach\u00e8vement de la pose de conduites sur un lin\u00e9aire de 143 km et la r\u00e9ception des r\u00e9servoirs et des stations de pompage. Dans l\u2019attente de la r\u00e9alisation de ce cet important et grand projet, les services de hydraulique ont pris une s\u00e9rie de mesures urgentes pour d\u00e9barrasser la wilaya de T\u00e9bessa des lacunes majeures qui p\u00e9nalisent les citoyens en mati\u00e8re d\u2019AEP. Il est \u00e0 souligner que les deux wilayas de T\u00e9bessa et de Souk Ahras font partie de 22 autres wilayas concern\u00e9es par le ph\u00e9nom\u00e8ne du stress hydrique pour lesquelles des mesures d&rsquo;urgence ont \u00e9t\u00e9 engag\u00e9es par les pouvoirs publics afin de garantir une alimentation stable en eau potable. En attendant que l\u2019alimentation soit assur\u00e9e avant cet l\u2019\u00e9t\u00e9, les autorit\u00e9s locales de la wilaya de T\u00e9bessa ont tenu, en mars dernier, une r\u00e9union avec tous les secteurs concern\u00e9s, dans le but d\u2019am\u00e9liorer l\u2019approvisionnement en eau potable \u00e0 travers tous les quartiers du chef-lieu et des 28 communes de la wilaya, de veiller au respect du calendrier de distribution d\u2019eau potable et son adaptation aux besoins requis. Au terme de la r\u00e9union, il a \u00e9t\u00e9 recommand\u00e9 la mise en \u0153uvre d\u2019un plan global pour am\u00e9liorer le service public dans ce domaine et combler le d\u00e9ficit enregistr\u00e9. Pour ce qui est de la wilaya de Souk Ahras, bien que les derni\u00e8res pr\u00e9cipitations ont \u00e9t\u00e9 providentielles et ont dissip\u00e9 le spectre de la s\u00e9cheresse qui planait sur la wilaya, avec le remplissage \u00e0 100% du barrage \u00ab Ouldjet Mellegue\u00bb, d\u2019une capacit\u00e9 de 160 millions de m\u00e8tres cubes, la wilaya est tout de m\u00eame concern\u00e9e par le transfert des eaux des barrages de la wilaya d\u2019El Tarf. Une mesure devant mettre fin \u00e0 toute menace de stress hydrique.<\/p>\n\n\n\n<p><strong>Sofia Chahine<\/strong><\/p>\n","protected":false},"excerpt":{"rendered":"<p>Un projet portant transfert des eaux depuis les barrages de la wilaya d\u2019El Tarf permettra d\u2019am\u00e9liorer l\u2019approvisionnement en eau potable<\/p>\n","protected":false},"author":3,"featured_media":50575,"comment_status":"open","ping_status":"closed","sticky":false,"template":"","format":"standard","meta":{"colormag_page_container_layout":"default_layout","colormag_page_sidebar_layout":"default_layout","om_disable_all_campaigns":false,"_monsterinsights_skip_tracking":false,"_monsterinsights_sitenote_active":false,"_monsterinsights_sitenote_note":"","_monsterinsights_sitenote_category":0,"footnotes":"","_wpscppro_dont_share_socialmedia":false,"_wpscppro_custom_social_share_image":0,"_facebook_share_type":"","_twitter_share_type":"","_linkedin_share_type":"","_pinterest_share_type":"","_linkedin_share_type_page":"","_instagram_share_type":"","_medium_share_type":"","_threads_share_type":"","_google_business_share_type":"","_selected_social_profile":[],"_wpsp_enable_custom_social_template":false,"_wpsp_social_scheduling":{"enabled":false,"datetime":null,"platforms":[],"status":"template_only","dateOption":"today","timeOption":"now","customDays":"","customHours":"","customDate":"","customTime":"","schedulingType":"absolute"},"_wpsp_active_default_template":true},"categories":[31],"tags":[],"class_list":["post-51478","post","type-post","status-publish","format-standard","has-post-thumbnail","hentry","category-regions"],"aioseo_notices":[],"yoast_head":"<!-- This site is optimized with the Yoast SEO plugin v27.5 - https:\/\/yoast.com\/product\/yoast-seo-wordpress\/ -->\n<title>Stress hydrique \u00e0 T\u00e9bessa et Souk Ahras\u00a0: Les barrages d\u2019El Tarf \u00e0 la rescousse - La Sentinelle<\/title>\n<meta name=\"robots\" content=\"index, follow, max-snippet:-1, max-image-preview:large, max-video-preview:-1\" \/>\n<link rel=\"canonical\" href=\"https:\/\/lasentinelle.dz\/index.php\/2024\/04\/20\/stress-hydrique-a-tebessa-et-souk-ahras-les-barrages-del-tarf-a-la-rescousse\/\" \/>\n<meta property=\"og:locale\" content=\"fr_FR\" \/>\n<meta property=\"og:type\" content=\"article\" \/>\n<meta property=\"og:title\" content=\"Stress hydrique \u00e0 T\u00e9bessa et Souk Ahras\u00a0: Les barrages d\u2019El Tarf \u00e0 la rescousse - La Sentinelle\" \/>\n<meta property=\"og:description\" content=\"Un projet portant transfert des eaux depuis les barrages de la wilaya d\u2019El Tarf permettra d\u2019am\u00e9liorer l\u2019approvisionnement en eau potable\" \/>\n<meta property=\"og:url\" content=\"https:\/\/lasentinelle.dz\/index.php\/2024\/04\/20\/stress-hydrique-a-tebessa-et-souk-ahras-les-barrages-del-tarf-a-la-rescousse\/\" \/>\n<meta property=\"og:site_name\" content=\"La Sentinelle\" \/>\n<meta property=\"article:publisher\" content=\"https:\/\/www.facebook.com\/La-Sentinelle-104059864394773\" \/>\n<meta property=\"article:published_time\" content=\"2024-04-20T21:11:27+00:00\" \/>\n<meta property=\"article:modified_time\" content=\"2024-04-20T21:11:32+00:00\" \/>\n<meta property=\"og:image\" content=\"https:\/\/lasentinelle.dz\/wp-content\/uploads\/2024\/03\/barrage-el-tarf.jpeg\" \/>\n\t<meta property=\"og:image:width\" content=\"1936\" \/>\n\t<meta property=\"og:image:height\" content=\"1296\" \/>\n\t<meta property=\"og:image:type\" content=\"image\/jpeg\" \/>\n<meta name=\"author\" content=\"La Sentinelle\" \/>\n<meta name=\"twitter:card\" content=\"summary_large_image\" \/>\n<meta name=\"twitter:label1\" content=\"\u00c9crit par\" \/>\n\t<meta name=\"twitter:data1\" content=\"La Sentinelle\" \/>\n\t<meta name=\"twitter:label2\" content=\"Dur\u00e9e de lecture estim\u00e9e\" \/>\n\t<meta name=\"twitter:data2\" content=\"3 minutes\" \/>\n<script type=\"application\/ld+json\" class=\"yoast-schema-graph\">{\"@context\":\"https:\\\/\\\/schema.org\",\"@graph\":[{\"@type\":\"Article\",\"@id\":\"https:\\\/\\\/lasentinelle.dz\\\/index.php\\\/2024\\\/04\\\/20\\\/stress-hydrique-a-tebessa-et-souk-ahras-les-barrages-del-tarf-a-la-rescousse\\\/#article\",\"isPartOf\":{\"@id\":\"https:\\\/\\\/lasentinelle.dz\\\/index.php\\\/2024\\\/04\\\/20\\\/stress-hydrique-a-tebessa-et-souk-ahras-les-barrages-del-tarf-a-la-rescousse\\\/\"},\"author\":{\"name\":\"La Sentinelle\",\"@id\":\"https:\\\/\\\/lasentinelle.dz\\\/#\\\/schema\\\/person\\\/d865044e22e70a75174ce8bcad3acfb3\"},\"headline\":\"Stress hydrique \u00e0 T\u00e9bessa et Souk Ahras\u00a0: Les barrages d\u2019El Tarf \u00e0 la rescousse\",\"datePublished\":\"2024-04-20T21:11:27+00:00\",\"dateModified\":\"2024-04-20T21:11:32+00:00\",\"mainEntityOfPage\":{\"@id\":\"https:\\\/\\\/lasentinelle.dz\\\/index.php\\\/2024\\\/04\\\/20\\\/stress-hydrique-a-tebessa-et-souk-ahras-les-barrages-del-tarf-a-la-rescousse\\\/\"},\"wordCount\":518,\"commentCount\":0,\"publisher\":{\"@id\":\"https:\\\/\\\/lasentinelle.dz\\\/#organization\"},\"image\":{\"@id\":\"https:\\\/\\\/lasentinelle.dz\\\/index.php\\\/2024\\\/04\\\/20\\\/stress-hydrique-a-tebessa-et-souk-ahras-les-barrages-del-tarf-a-la-rescousse\\\/#primaryimage\"},\"thumbnailUrl\":\"https:\\\/\\\/lasentinelle.dz\\\/wp-content\\\/uploads\\\/2024\\\/03\\\/barrage-el-tarf.jpeg\",\"articleSection\":[\"R\u00e9gions\"],\"inLanguage\":\"fr-FR\",\"potentialAction\":[{\"@type\":\"CommentAction\",\"name\":\"Comment\",\"target\":[\"https:\\\/\\\/lasentinelle.dz\\\/index.php\\\/2024\\\/04\\\/20\\\/stress-hydrique-a-tebessa-et-souk-ahras-les-barrages-del-tarf-a-la-rescousse\\\/#respond\"]}]},{\"@type\":\"WebPage\",\"@id\":\"https:\\\/\\\/lasentinelle.dz\\\/index.php\\\/2024\\\/04\\\/20\\\/stress-hydrique-a-tebessa-et-souk-ahras-les-barrages-del-tarf-a-la-rescousse\\\/\",\"url\":\"https:\\\/\\\/lasentinelle.dz\\\/index.php\\\/2024\\\/04\\\/20\\\/stress-hydrique-a-tebessa-et-souk-ahras-les-barrages-del-tarf-a-la-rescousse\\\/\",\"name\":\"Stress hydrique \u00e0 T\u00e9bessa et Souk Ahras\u00a0: Les barrages d\u2019El Tarf \u00e0 la rescousse - La Sentinelle\",\"isPartOf\":{\"@id\":\"https:\\\/\\\/lasentinelle.dz\\\/#website\"},\"primaryImageOfPage\":{\"@id\":\"https:\\\/\\\/lasentinelle.dz\\\/index.php\\\/2024\\\/04\\\/20\\\/stress-hydrique-a-tebessa-et-souk-ahras-les-barrages-del-tarf-a-la-rescousse\\\/#primaryimage\"},\"image\":{\"@id\":\"https:\\\/\\\/lasentinelle.dz\\\/index.php\\\/2024\\\/04\\\/20\\\/stress-hydrique-a-tebessa-et-souk-ahras-les-barrages-del-tarf-a-la-rescousse\\\/#primaryimage\"},\"thumbnailUrl\":\"https:\\\/\\\/lasentinelle.dz\\\/wp-content\\\/uploads\\\/2024\\\/03\\\/barrage-el-tarf.jpeg\",\"datePublished\":\"2024-04-20T21:11:27+00:00\",\"dateModified\":\"2024-04-20T21:11:32+00:00\",\"breadcrumb\":{\"@id\":\"https:\\\/\\\/lasentinelle.dz\\\/index.php\\\/2024\\\/04\\\/20\\\/stress-hydrique-a-tebessa-et-souk-ahras-les-barrages-del-tarf-a-la-rescousse\\\/#breadcrumb\"},\"inLanguage\":\"fr-FR\",\"potentialAction\":[{\"@type\":\"ReadAction\",\"target\":[\"https:\\\/\\\/lasentinelle.dz\\\/index.php\\\/2024\\\/04\\\/20\\\/stress-hydrique-a-tebessa-et-souk-ahras-les-barrages-del-tarf-a-la-rescousse\\\/\"]}]},{\"@type\":\"ImageObject\",\"inLanguage\":\"fr-FR\",\"@id\":\"https:\\\/\\\/lasentinelle.dz\\\/index.php\\\/2024\\\/04\\\/20\\\/stress-hydrique-a-tebessa-et-souk-ahras-les-barrages-del-tarf-a-la-rescousse\\\/#primaryimage\",\"url\":\"https:\\\/\\\/lasentinelle.dz\\\/wp-content\\\/uploads\\\/2024\\\/03\\\/barrage-el-tarf.jpeg\",\"contentUrl\":\"https:\\\/\\\/lasentinelle.dz\\\/wp-content\\\/uploads\\\/2024\\\/03\\\/barrage-el-tarf.jpeg\",\"width\":1936,\"height\":1296},{\"@type\":\"BreadcrumbList\",\"@id\":\"https:\\\/\\\/lasentinelle.dz\\\/index.php\\\/2024\\\/04\\\/20\\\/stress-hydrique-a-tebessa-et-souk-ahras-les-barrages-del-tarf-a-la-rescousse\\\/#breadcrumb\",\"itemListElement\":[{\"@type\":\"ListItem\",\"position\":1,\"name\":\"Accueil\",\"item\":\"https:\\\/\\\/lasentinelle.dz\\\/\"},{\"@type\":\"ListItem\",\"position\":2,\"name\":\"Stress hydrique \u00e0 T\u00e9bessa et Souk Ahras\u00a0: Les barrages d\u2019El Tarf \u00e0 la rescousse\"}]},{\"@type\":\"WebSite\",\"@id\":\"https:\\\/\\\/lasentinelle.dz\\\/#website\",\"url\":\"https:\\\/\\\/lasentinelle.dz\\\/\",\"name\":\"La Sentinelle\",\"description\":\"Quotidien national d&#039;information\",\"publisher\":{\"@id\":\"https:\\\/\\\/lasentinelle.dz\\\/#organization\"},\"potentialAction\":[{\"@type\":\"SearchAction\",\"target\":{\"@type\":\"EntryPoint\",\"urlTemplate\":\"https:\\\/\\\/lasentinelle.dz\\\/?s={search_term_string}\"},\"query-input\":{\"@type\":\"PropertyValueSpecification\",\"valueRequired\":true,\"valueName\":\"search_term_string\"}}],\"inLanguage\":\"fr-FR\"},{\"@type\":\"Organization\",\"@id\":\"https:\\\/\\\/lasentinelle.dz\\\/#organization\",\"name\":\"Quotidien La Sentinelle\",\"url\":\"https:\\\/\\\/lasentinelle.dz\\\/\",\"logo\":{\"@type\":\"ImageObject\",\"inLanguage\":\"fr-FR\",\"@id\":\"https:\\\/\\\/lasentinelle.dz\\\/#\\\/schema\\\/logo\\\/image\\\/\",\"url\":\"https:\\\/\\\/lasentinelle.dz\\\/wp-content\\\/uploads\\\/2021\\\/09\\\/logo-sentinelleSLOGAN-1.png\",\"contentUrl\":\"https:\\\/\\\/lasentinelle.dz\\\/wp-content\\\/uploads\\\/2021\\\/09\\\/logo-sentinelleSLOGAN-1.png\",\"width\":615,\"height\":142,\"caption\":\"Quotidien La Sentinelle\"},\"image\":{\"@id\":\"https:\\\/\\\/lasentinelle.dz\\\/#\\\/schema\\\/logo\\\/image\\\/\"},\"sameAs\":[\"https:\\\/\\\/www.facebook.com\\\/La-Sentinelle-104059864394773\"]},{\"@type\":\"Person\",\"@id\":\"https:\\\/\\\/lasentinelle.dz\\\/#\\\/schema\\\/person\\\/d865044e22e70a75174ce8bcad3acfb3\",\"name\":\"La Sentinelle\",\"image\":{\"@type\":\"ImageObject\",\"inLanguage\":\"fr-FR\",\"@id\":\"https:\\\/\\\/secure.gravatar.com\\\/avatar\\\/57de8e5d4b15d43fb361a71fbb36338450fe67865b528a43dd10ef7c51a20392?s=96&d=mm&r=g\",\"url\":\"https:\\\/\\\/secure.gravatar.com\\\/avatar\\\/57de8e5d4b15d43fb361a71fbb36338450fe67865b528a43dd10ef7c51a20392?s=96&d=mm&r=g\",\"contentUrl\":\"https:\\\/\\\/secure.gravatar.com\\\/avatar\\\/57de8e5d4b15d43fb361a71fbb36338450fe67865b528a43dd10ef7c51a20392?s=96&d=mm&r=g\",\"caption\":\"La Sentinelle\"},\"sameAs\":[\"http:\\\/\\\/www.lasentinelle.dz\"],\"url\":\"https:\\\/\\\/lasentinelle.dz\\\/author\\\/redaction\\\/\"}]}<\/script>\n<!-- \/ Yoast SEO plugin. -->","yoast_head_json":{"title":"Stress hydrique \u00e0 T\u00e9bessa et Souk Ahras\u00a0: Les barrages d\u2019El Tarf \u00e0 la rescousse - La Sentinelle","robots":{"index":"index","follow":"follow","max-snippet":"max-snippet:-1","max-image-preview":"max-image-preview:large","max-video-preview":"max-video-preview:-1"},"canonical":"https:\/\/lasentinelle.dz\/index.php\/2024\/04\/20\/stress-hydrique-a-tebessa-et-souk-ahras-les-barrages-del-tarf-a-la-rescousse\/","og_locale":"fr_FR","og_type":"article","og_title":"Stress hydrique \u00e0 T\u00e9bessa et Souk Ahras\u00a0: Les barrages d\u2019El Tarf \u00e0 la rescousse - La Sentinelle","og_description":"Un projet portant transfert des eaux depuis les barrages de la wilaya d\u2019El Tarf permettra d\u2019am\u00e9liorer l\u2019approvisionnement en eau potable","og_url":"https:\/\/lasentinelle.dz\/index.php\/2024\/04\/20\/stress-hydrique-a-tebessa-et-souk-ahras-les-barrages-del-tarf-a-la-rescousse\/","og_site_name":"La Sentinelle","article_publisher":"https:\/\/www.facebook.com\/La-Sentinelle-104059864394773","article_published_time":"2024-04-20T21:11:27+00:00","article_modified_time":"2024-04-20T21:11:32+00:00","og_image":[{"width":1936,"height":1296,"url":"https:\/\/lasentinelle.dz\/wp-content\/uploads\/2024\/03\/barrage-el-tarf.jpeg","type":"image\/jpeg"}],"author":"La Sentinelle","twitter_card":"summary_large_image","twitter_misc":{"\u00c9crit par":"La Sentinelle","Dur\u00e9e de lecture estim\u00e9e":"3 minutes"},"schema":{"@context":"https:\/\/schema.org","@graph":[{"@type":"Article","@id":"https:\/\/lasentinelle.dz\/index.php\/2024\/04\/20\/stress-hydrique-a-tebessa-et-souk-ahras-les-barrages-del-tarf-a-la-rescousse\/#article","isPartOf":{"@id":"https:\/\/lasentinelle.dz\/index.php\/2024\/04\/20\/stress-hydrique-a-tebessa-et-souk-ahras-les-barrages-del-tarf-a-la-rescousse\/"},"author":{"name":"La Sentinelle","@id":"https:\/\/lasentinelle.dz\/#\/schema\/person\/d865044e22e70a75174ce8bcad3acfb3"},"headline":"Stress hydrique \u00e0 T\u00e9bessa et Souk Ahras\u00a0: Les barrages d\u2019El Tarf \u00e0 la rescousse","datePublished":"2024-04-20T21:11:27+00:00","dateModified":"2024-04-20T21:11:32+00:00","mainEntityOfPage":{"@id":"https:\/\/lasentinelle.dz\/index.php\/2024\/04\/20\/stress-hydrique-a-tebessa-et-souk-ahras-les-barrages-del-tarf-a-la-rescousse\/"},"wordCount":518,"commentCount":0,"publisher":{"@id":"https:\/\/lasentinelle.dz\/#organization"},"image":{"@id":"https:\/\/lasentinelle.dz\/index.php\/2024\/04\/20\/stress-hydrique-a-tebessa-et-souk-ahras-les-barrages-del-tarf-a-la-rescousse\/#primaryimage"},"thumbnailUrl":"https:\/\/lasentinelle.dz\/wp-content\/uploads\/2024\/03\/barrage-el-tarf.jpeg","articleSection":["R\u00e9gions"],"inLanguage":"fr-FR","potentialAction":[{"@type":"CommentAction","name":"Comment","target":["https:\/\/lasentinelle.dz\/index.php\/2024\/04\/20\/stress-hydrique-a-tebessa-et-souk-ahras-les-barrages-del-tarf-a-la-rescousse\/#respond"]}]},{"@type":"WebPage","@id":"https:\/\/lasentinelle.dz\/index.php\/2024\/04\/20\/stress-hydrique-a-tebessa-et-souk-ahras-les-barrages-del-tarf-a-la-rescousse\/","url":"https:\/\/lasentinelle.dz\/index.php\/2024\/04\/20\/stress-hydrique-a-tebessa-et-souk-ahras-les-barrages-del-tarf-a-la-rescousse\/","name":"Stress hydrique \u00e0 T\u00e9bessa et Souk Ahras\u00a0: Les barrages d\u2019El Tarf \u00e0 la rescousse - La Sentinelle","isPartOf":{"@id":"https:\/\/lasentinelle.dz\/#website"},"primaryImageOfPage":{"@id":"https:\/\/lasentinelle.dz\/index.php\/2024\/04\/20\/stress-hydrique-a-tebessa-et-souk-ahras-les-barrages-del-tarf-a-la-rescousse\/#primaryimage"},"image":{"@id":"https:\/\/lasentinelle.dz\/index.php\/2024\/04\/20\/stress-hydrique-a-tebessa-et-souk-ahras-les-barrages-del-tarf-a-la-rescousse\/#primaryimage"},"thumbnailUrl":"https:\/\/lasentinelle.dz\/wp-content\/uploads\/2024\/03\/barrage-el-tarf.jpeg","datePublished":"2024-04-20T21:11:27+00:00","dateModified":"2024-04-20T21:11:32+00:00","breadcrumb":{"@id":"https:\/\/lasentinelle.dz\/index.php\/2024\/04\/20\/stress-hydrique-a-tebessa-et-souk-ahras-les-barrages-del-tarf-a-la-rescousse\/#breadcrumb"},"inLanguage":"fr-FR","potentialAction":[{"@type":"ReadAction","target":["https:\/\/lasentinelle.dz\/index.php\/2024\/04\/20\/stress-hydrique-a-tebessa-et-souk-ahras-les-barrages-del-tarf-a-la-rescousse\/"]}]},{"@type":"ImageObject","inLanguage":"fr-FR","@id":"https:\/\/lasentinelle.dz\/index.php\/2024\/04\/20\/stress-hydrique-a-tebessa-et-souk-ahras-les-barrages-del-tarf-a-la-rescousse\/#primaryimage","url":"https:\/\/lasentinelle.dz\/wp-content\/uploads\/2024\/03\/barrage-el-tarf.jpeg","contentUrl":"https:\/\/lasentinelle.dz\/wp-content\/uploads\/2024\/03\/barrage-el-tarf.jpeg","width":1936,"height":1296},{"@type":"BreadcrumbList","@id":"https:\/\/lasentinelle.dz\/index.php\/2024\/04\/20\/stress-hydrique-a-tebessa-et-souk-ahras-les-barrages-del-tarf-a-la-rescousse\/#breadcrumb","itemListElement":[{"@type":"ListItem","position":1,"name":"Accueil","item":"https:\/\/lasentinelle.dz\/"},{"@type":"ListItem","position":2,"name":"Stress hydrique \u00e0 T\u00e9bessa et Souk Ahras\u00a0: Les barrages d\u2019El Tarf \u00e0 la rescousse"}]},{"@type":"WebSite","@id":"https:\/\/lasentinelle.dz\/#website","url":"https:\/\/lasentinelle.dz\/","name":"La Sentinelle","description":"Quotidien national d&#039;information","publisher":{"@id":"https:\/\/lasentinelle.dz\/#organization"},"potentialAction":[{"@type":"SearchAction","target":{"@type":"EntryPoint","urlTemplate":"https:\/\/lasentinelle.dz\/?s={search_term_string}"},"query-input":{"@type":"PropertyValueSpecification","valueRequired":true,"valueName":"search_term_string"}}],"inLanguage":"fr-FR"},{"@type":"Organization","@id":"https:\/\/lasentinelle.dz\/#organization","name":"Quotidien La Sentinelle","url":"https:\/\/lasentinelle.dz\/","logo":{"@type":"ImageObject","inLanguage":"fr-FR","@id":"https:\/\/lasentinelle.dz\/#\/schema\/logo\/image\/","url":"https:\/\/lasentinelle.dz\/wp-content\/uploads\/2021\/09\/logo-sentinelleSLOGAN-1.png","contentUrl":"https:\/\/lasentinelle.dz\/wp-content\/uploads\/2021\/09\/logo-sentinelleSLOGAN-1.png","width":615,"height":142,"caption":"Quotidien La Sentinelle"},"image":{"@id":"https:\/\/lasentinelle.dz\/#\/schema\/logo\/image\/"},"sameAs":["https:\/\/www.facebook.com\/La-Sentinelle-104059864394773"]},{"@type":"Person","@id":"https:\/\/lasentinelle.dz\/#\/schema\/person\/d865044e22e70a75174ce8bcad3acfb3","name":"La Sentinelle","image":{"@type":"ImageObject","inLanguage":"fr-FR","@id":"https:\/\/secure.gravatar.com\/avatar\/57de8e5d4b15d43fb361a71fbb36338450fe67865b528a43dd10ef7c51a20392?s=96&d=mm&r=g","url":"https:\/\/secure.gravatar.com\/avatar\/57de8e5d4b15d43fb361a71fbb36338450fe67865b528a43dd10ef7c51a20392?s=96&d=mm&r=g","contentUrl":"https:\/\/secure.gravatar.com\/avatar\/57de8e5d4b15d43fb361a71fbb36338450fe67865b528a43dd10ef7c51a20392?s=96&d=mm&r=g","caption":"La Sentinelle"},"sameAs":["http:\/\/www.lasentinelle.dz"],"url":"https:\/\/lasentinelle.dz\/author\/redaction\/"}]}},"_links":{"self":[{"href":"https:\/\/lasentinelle.dz\/index.php\/wp-json\/wp\/v2\/posts\/51478","targetHints":{"allow":["GET"]}}],"collection":[{"href":"https:\/\/lasentinelle.dz\/index.php\/wp-json\/wp\/v2\/posts"}],"about":[{"href":"https:\/\/lasentinelle.dz\/index.php\/wp-json\/wp\/v2\/types\/post"}],"author":[{"embeddable":true,"href":"https:\/\/lasentinelle.dz\/index.php\/wp-json\/wp\/v2\/users\/3"}],"replies":[{"embeddable":true,"href":"https:\/\/lasentinelle.dz\/index.php\/wp-json\/wp\/v2\/comments?post=51478"}],"version-history":[{"count":1,"href":"https:\/\/lasentinelle.dz\/index.php\/wp-json\/wp\/v2\/posts\/51478\/revisions"}],"predecessor-version":[{"id":51479,"href":"https:\/\/lasentinelle.dz\/index.php\/wp-json\/wp\/v2\/posts\/51478\/revisions\/51479"}],"wp:featuredmedia":[{"embeddable":true,"href":"https:\/\/lasentinelle.dz\/index.php\/wp-json\/wp\/v2\/media\/50575"}],"wp:attachment":[{"href":"https:\/\/lasentinelle.dz\/index.php\/wp-json\/wp\/v2\/media?parent=51478"}],"wp:term":[{"taxonomy":"category","embeddable":true,"href":"https:\/\/lasentinelle.dz\/index.php\/wp-json\/wp\/v2\/categories?post=51478"},{"taxonomy":"post_tag","embeddable":true,"href":"https:\/\/lasentinelle.dz\/index.php\/wp-json\/wp\/v2\/tags?post=51478"}],"curies":[{"name":"wp","href":"https:\/\/api.w.org\/{rel}","templated":true}]}}