{"id":51480,"date":"2024-04-20T22:14:44","date_gmt":"2024-04-20T21:14:44","guid":{"rendered":"https:\/\/lasentinelle.dz\/?p=51480"},"modified":"2024-04-20T22:14:46","modified_gmt":"2024-04-20T21:14:46","slug":"adhesion-de-la-palestine-a-lonu-levee-de-bouclier-contre-le-veto-americain","status":"publish","type":"post","link":"https:\/\/lasentinelle.dz\/index.php\/2024\/04\/20\/adhesion-de-la-palestine-a-lonu-levee-de-bouclier-contre-le-veto-americain\/","title":{"rendered":"Adh\u00e9sion de la Palestine \u00e0 l\u2019ONU\u00a0: Lev\u00e9e de bouclier contre le v\u00e9to am\u00e9ricain"},"content":{"rendered":"\n<p>Le v\u00e9to am\u00e9ricain contre le projet de r\u00e9solution pr\u00e9sent\u00e9 par l\u2019Alg\u00e9rie au Conseil de s\u00e9curit\u00e9 recommandant une adh\u00e9sion de la Palestine en tant qu\u2019\u00c9tat \u00e0 part enti\u00e8re \u00e0 l\u2019ONU suscite de vives r\u00e9actions tout comme la persistance de l\u2019administration Biden \u00e0 soutenir et d\u00e9fendre les int\u00e9r\u00eats de leur alli\u00e9 isra\u00e9lien et qui suscitent un sentiment de profonde col\u00e8re. Hier le ministre chinois des Affaires \u00e9trang\u00e8res a d\u00e9mont\u00e9 les arguments US soulignant l\u2019urgence de r\u00e9parer l\u2019injustice faite aux Palestiniens et estimant que l\u2019adh\u00e9sion de la Palestine ne doit pas suivre de n\u00e9gociations de paix mais y \u00eatre un pr\u00e9alable, tandis que le pr\u00e9sident palestinien Mahmoud Abbas a indiqu\u00e9 hier que l\u2019Autorit\u00e9 palestinienne reconsid\u00e9rait ses relations avec Washington apr\u00e8s ce v\u00e9to.<\/p>\n\n\n\n<p>Le ministre chinois des Affaires \u00e9trang\u00e8res, Wang Yi, a d\u00e9clar\u00e9 hier lors d&rsquo;une conf\u00e9rence de presse conjointe avec le ministre des Affaires \u00e9trang\u00e8res de Papouasie-Nouvelle-Guin\u00e9e, Justin Tkatchenko que l&rsquo;adh\u00e9sion imm\u00e9diate de l&rsquo;\u00c9tat de Palestine \u00e0 l&rsquo;ONU \u00e9tait une \u00e9tape pour corriger une injustice historique de longue date. Et d&rsquo;ajouter : \u00ab L&rsquo;adh\u00e9sion de la Palestine aux Nations Unies est un engagement international qui doit \u00eatre respect\u00e9 par chaque \u00c9tat membre de l&rsquo;organisation. \u00bb Le chef de la diplomatie chinoise a soulign\u00e9 que l&rsquo;adh\u00e9sion \u00e0 part enti\u00e8re de la Palestine aux Nations Unies ne devrait pas r\u00e9sulter de n\u00e9gociations isra\u00e9lo-palestiniennes, mais plut\u00f4t comme une condition pr\u00e9alable accord\u00e9e \u00e0 la Palestine pour participer aux n\u00e9gociations, ce qui constitue une \u00e9tape majeure vers la r\u00e9alisation de la solution \u00e0 deux \u00c9tats. \u00ab La communaut\u00e9 internationale \u00e9prouve un profond m\u00e9contentement et une profonde d\u00e9ception \u00e0 l&rsquo;\u00e9gard des \u00c9tats-Unis, dans le contexte de leur r\u00e9cent recours au droit de veto pour priver la Palestine de sa pleine adh\u00e9sion aux Nations Unies,\u00bb a-t-il poursuivi.<\/p>\n\n\n\n<p>Le pr\u00e9sident palestinien, Mahmoud Abbas, a de son c\u00f4t\u00e9 d\u00e9clar\u00e9 hier dans un entretien avec l\u2019agende de presse palestinienne Wafa que l\u2019utilisation par les Etats-Unis de leur veto au Conseil de s\u00e9curit\u00e9 de l&rsquo;ONU contre le projet de r\u00e9solution pr\u00e9sent\u00e9 par l\u2019Alg\u00e9rie, est \u00ab\u00a0d\u00e9cevant est irresponsable\u00a0\u00bb et que cela \u00ab\u00a0constitue une violation flagrante des droits du peuple palestinien, son histoire, sa terre et ses lieux saints\u00a0\u00bb. \u00ab\u00a0Alors que le monde s&rsquo;unit pour appliquer le droit international et se tenir aux c\u00f4t\u00e9s des droits palestiniens, les Etats-Unis continuent de soutenir l&rsquo;occupation, refusent toujours d&rsquo;obliger (l&rsquo;occupant sioniste) de mettre fin \u00e0 la guerre de g\u00e9nocide (\u00e0 Ghaza), leur fournissent les armes et l&rsquo;argent avec lesquels ils tuent les enfants, d\u00e9truisent les maisons, et se dressent contre les Palestiniens dans les fora internationaux dans des positions qui ne servent pas la s\u00e9curit\u00e9 et la stabilit\u00e9 de la r\u00e9gion et du monde\u00a0\u00bb, a d\u00e9plor\u00e9 M. Abbas. Et de poursuivre: \u00a0\u00bb Le pr\u00e9sident Abbas a, en outre, soulign\u00e9 que l'\u00a0\u00bbadministration am\u00e9ricaine actuelle n&rsquo;a pas seulement renonc\u00e9 \u00e0 ses promesses et \u00e0 ses engagements, mais a \u00e9galement permis \u00e0 (l&rsquo;occupant sioniste) d&rsquo;affaiblir l&rsquo;Autorit\u00e9 nationale palestinienne, en restant silencieuse sur le vol des fonds du peuple palestinien&#8230;\u00a0\u00bb. Il a \u00e9galement tenu \u00e0 pr\u00e9ciser que les positions hostiles de l&rsquo;administration Biden \u00ab\u00a0ont cr\u00e9\u00e9 une col\u00e8re sans pr\u00e9c\u00e9dent chez le peuple palestinien et les peuples de la r\u00e9gion, ce qui pourrait pousser la r\u00e9gion vers plus d&rsquo;instabilit\u00e9, renforcer le chaos et le terrorisme\u00a0\u00bb. Le chef de l&rsquo;Etat palestinien a ainsi mis en garde contre \u00ab\u00a0la poursuite de la guerre de g\u00e9nocide contre le peuple palestinien, qui co\u00efncide avec une campagne f\u00e9roce contre l&rsquo;Office de secours et de travaux des Nations unies pour les r\u00e9fugi\u00e9s de Palestine (UNRWA), visant \u00e0 causer une famine\u00a0\u00bb. \u00ab\u00a0La direction palestinienne va reconsid\u00e9rer les relations bilat\u00e9rales avec les Etats-Unis afin de garantir la protection des int\u00e9r\u00eats de notre peuple, de notre cause et de nos droits\u00a0\u00bb, a conclu M. Abbas<\/p>\n\n\n\n<p><strong>Le r\u00f4le de l\u2019Alg\u00e9rie salu\u00e9<\/strong><\/p>\n\n\n\n<p>Notons par ailleurs que l&rsquo;ambassadeur de l&rsquo;Etat de Palestine en Alg\u00e9rie, Fayez Abu A\u00efta, a salu\u00e9, dans un communiqu\u00e9, \u00ab\u00a0le r\u00f4le de chef de file\u00a0\u00bb de l&rsquo;Alg\u00e9rie au Conseil de S\u00e9curit\u00e9 en faveur de l&rsquo;adh\u00e9sion pleine et enti\u00e8re de la Palestine \u00e0 l&rsquo;ONU, qualifiant le vote de 12 pays, jeudi, en faveur du projet de r\u00e9solution pr\u00e9sent\u00e9 par l&rsquo;Alg\u00e9rie de \u00ab\u00a0grande victoire\u00a0\u00bb pour la cause palestinienne. Rappelons que l\u2019\u00c9tat de Palestine est reconnu par 139 pays, tandis que plusieurs pays ont affich\u00e9 leur intention de le faire dans les prochaines semaines, \u00e0 l\u2019image de l\u2019Irlande, de l\u2019Espagne, de la Slov\u00e9nie, de la Norv\u00e8ge et de l\u2019Australie. Hier, le gouvernement de la Barbade, pays des Cara\u00efbes, a annonc\u00e9 sa reconnaissance de l&rsquo;\u00c9tat de Palestine. La ministre des Affaires \u00e9trang\u00e8res de la Barbade, Kerry Symonds, a d\u00e9clar\u00e9 samedi dans un communiqu\u00e9 avoir d\u00e9cid\u00e9 de reconna\u00eetre l&rsquo;\u00c9tat de Palestine. \u00a0\u00bbComment pouvons-nous dire que nous voulons une solution \u00e0 deux \u00c9tats sans reconna\u00eetre l\u2019\u00c9tat de Palestine ?\u00a0\u00bb, s&rsquo;est interrog\u00e9e Symonds.<\/p>\n\n\n\n<p>Chokri Hafed<\/p>\n","protected":false},"excerpt":{"rendered":"<p>Le v\u00e9to am\u00e9ricain contre le projet de r\u00e9solution pr\u00e9sent\u00e9 par l\u2019Alg\u00e9rie au Conseil de s\u00e9curit\u00e9 recommandant une adh\u00e9sion de la<\/p>\n","protected":false},"author":3,"featured_media":30045,"comment_status":"open","ping_status":"closed","sticky":false,"template":"","format":"standard","meta":{"colormag_page_container_layout":"default_layout","colormag_page_sidebar_layout":"default_layout","om_disable_all_campaigns":false,"_monsterinsights_skip_tracking":false,"_monsterinsights_sitenote_active":false,"_monsterinsights_sitenote_note":"","_monsterinsights_sitenote_category":0,"footnotes":"","_wpscppro_dont_share_socialmedia":false,"_wpscppro_custom_social_share_image":0,"_facebook_share_type":"","_twitter_share_type":"","_linkedin_share_type":"","_pinterest_share_type":"","_linkedin_share_type_page":"","_instagram_share_type":"","_medium_share_type":"","_threads_share_type":"","_google_business_share_type":"","_selected_social_profile":[],"_wpsp_enable_custom_social_template":false,"_wpsp_social_scheduling":{"enabled":false,"datetime":null,"platforms":[],"status":"template_only","dateOption":"today","timeOption":"now","customDays":"","customHours":"","customDate":"","customTime":"","schedulingType":"absolute"},"_wpsp_active_default_template":true},"categories":[27],"tags":[],"class_list":["post-51480","post","type-post","status-publish","format-standard","has-post-thumbnail","hentry","category-actualite"],"aioseo_notices":[],"yoast_head":"<!-- This site is optimized with the Yoast SEO plugin v27.5 - https:\/\/yoast.com\/product\/yoast-seo-wordpress\/ -->\n<title>Adh\u00e9sion de la Palestine \u00e0 l\u2019ONU\u00a0: Lev\u00e9e de bouclier contre le v\u00e9to am\u00e9ricain - La Sentinelle<\/title>\n<meta name=\"robots\" content=\"index, follow, max-snippet:-1, max-image-preview:large, max-video-preview:-1\" \/>\n<link rel=\"canonical\" href=\"https:\/\/lasentinelle.dz\/index.php\/2024\/04\/20\/adhesion-de-la-palestine-a-lonu-levee-de-bouclier-contre-le-veto-americain\/\" \/>\n<meta property=\"og:locale\" content=\"fr_FR\" \/>\n<meta property=\"og:type\" content=\"article\" \/>\n<meta property=\"og:title\" content=\"Adh\u00e9sion de la Palestine \u00e0 l\u2019ONU\u00a0: Lev\u00e9e de bouclier contre le v\u00e9to am\u00e9ricain - La Sentinelle\" \/>\n<meta property=\"og:description\" content=\"Le v\u00e9to am\u00e9ricain contre le projet de r\u00e9solution pr\u00e9sent\u00e9 par l\u2019Alg\u00e9rie au Conseil de s\u00e9curit\u00e9 recommandant une adh\u00e9sion de la\" \/>\n<meta property=\"og:url\" content=\"https:\/\/lasentinelle.dz\/index.php\/2024\/04\/20\/adhesion-de-la-palestine-a-lonu-levee-de-bouclier-contre-le-veto-americain\/\" \/>\n<meta property=\"og:site_name\" content=\"La Sentinelle\" \/>\n<meta property=\"article:publisher\" content=\"https:\/\/www.facebook.com\/La-Sentinelle-104059864394773\" \/>\n<meta property=\"article:published_time\" content=\"2024-04-20T21:14:44+00:00\" \/>\n<meta property=\"article:modified_time\" content=\"2024-04-20T21:14:46+00:00\" \/>\n<meta property=\"og:image\" content=\"https:\/\/lasentinelle.dz\/wp-content\/uploads\/2022\/11\/abbas.png\" \/>\n\t<meta property=\"og:image:width\" content=\"1800\" \/>\n\t<meta property=\"og:image:height\" content=\"900\" \/>\n\t<meta property=\"og:image:type\" content=\"image\/png\" \/>\n<meta name=\"author\" content=\"La Sentinelle\" \/>\n<meta name=\"twitter:card\" content=\"summary_large_image\" \/>\n<meta name=\"twitter:label1\" content=\"\u00c9crit par\" \/>\n\t<meta name=\"twitter:data1\" content=\"La Sentinelle\" \/>\n\t<meta name=\"twitter:label2\" content=\"Dur\u00e9e de lecture estim\u00e9e\" \/>\n\t<meta name=\"twitter:data2\" content=\"5 minutes\" \/>\n<script type=\"application\/ld+json\" class=\"yoast-schema-graph\">{\"@context\":\"https:\\\/\\\/schema.org\",\"@graph\":[{\"@type\":\"Article\",\"@id\":\"https:\\\/\\\/lasentinelle.dz\\\/index.php\\\/2024\\\/04\\\/20\\\/adhesion-de-la-palestine-a-lonu-levee-de-bouclier-contre-le-veto-americain\\\/#article\",\"isPartOf\":{\"@id\":\"https:\\\/\\\/lasentinelle.dz\\\/index.php\\\/2024\\\/04\\\/20\\\/adhesion-de-la-palestine-a-lonu-levee-de-bouclier-contre-le-veto-americain\\\/\"},\"author\":{\"name\":\"La Sentinelle\",\"@id\":\"https:\\\/\\\/lasentinelle.dz\\\/#\\\/schema\\\/person\\\/d865044e22e70a75174ce8bcad3acfb3\"},\"headline\":\"Adh\u00e9sion de la Palestine \u00e0 l\u2019ONU\u00a0: Lev\u00e9e de bouclier contre le v\u00e9to am\u00e9ricain\",\"datePublished\":\"2024-04-20T21:14:44+00:00\",\"dateModified\":\"2024-04-20T21:14:46+00:00\",\"mainEntityOfPage\":{\"@id\":\"https:\\\/\\\/lasentinelle.dz\\\/index.php\\\/2024\\\/04\\\/20\\\/adhesion-de-la-palestine-a-lonu-levee-de-bouclier-contre-le-veto-americain\\\/\"},\"wordCount\":926,\"commentCount\":0,\"publisher\":{\"@id\":\"https:\\\/\\\/lasentinelle.dz\\\/#organization\"},\"image\":{\"@id\":\"https:\\\/\\\/lasentinelle.dz\\\/index.php\\\/2024\\\/04\\\/20\\\/adhesion-de-la-palestine-a-lonu-levee-de-bouclier-contre-le-veto-americain\\\/#primaryimage\"},\"thumbnailUrl\":\"https:\\\/\\\/lasentinelle.dz\\\/wp-content\\\/uploads\\\/2022\\\/11\\\/abbas.png\",\"articleSection\":[\"Actualit\u00e9\"],\"inLanguage\":\"fr-FR\",\"potentialAction\":[{\"@type\":\"CommentAction\",\"name\":\"Comment\",\"target\":[\"https:\\\/\\\/lasentinelle.dz\\\/index.php\\\/2024\\\/04\\\/20\\\/adhesion-de-la-palestine-a-lonu-levee-de-bouclier-contre-le-veto-americain\\\/#respond\"]}]},{\"@type\":\"WebPage\",\"@id\":\"https:\\\/\\\/lasentinelle.dz\\\/index.php\\\/2024\\\/04\\\/20\\\/adhesion-de-la-palestine-a-lonu-levee-de-bouclier-contre-le-veto-americain\\\/\",\"url\":\"https:\\\/\\\/lasentinelle.dz\\\/index.php\\\/2024\\\/04\\\/20\\\/adhesion-de-la-palestine-a-lonu-levee-de-bouclier-contre-le-veto-americain\\\/\",\"name\":\"Adh\u00e9sion de la Palestine \u00e0 l\u2019ONU\u00a0: Lev\u00e9e de bouclier contre le v\u00e9to am\u00e9ricain - La Sentinelle\",\"isPartOf\":{\"@id\":\"https:\\\/\\\/lasentinelle.dz\\\/#website\"},\"primaryImageOfPage\":{\"@id\":\"https:\\\/\\\/lasentinelle.dz\\\/index.php\\\/2024\\\/04\\\/20\\\/adhesion-de-la-palestine-a-lonu-levee-de-bouclier-contre-le-veto-americain\\\/#primaryimage\"},\"image\":{\"@id\":\"https:\\\/\\\/lasentinelle.dz\\\/index.php\\\/2024\\\/04\\\/20\\\/adhesion-de-la-palestine-a-lonu-levee-de-bouclier-contre-le-veto-americain\\\/#primaryimage\"},\"thumbnailUrl\":\"https:\\\/\\\/lasentinelle.dz\\\/wp-content\\\/uploads\\\/2022\\\/11\\\/abbas.png\",\"datePublished\":\"2024-04-20T21:14:44+00:00\",\"dateModified\":\"2024-04-20T21:14:46+00:00\",\"breadcrumb\":{\"@id\":\"https:\\\/\\\/lasentinelle.dz\\\/index.php\\\/2024\\\/04\\\/20\\\/adhesion-de-la-palestine-a-lonu-levee-de-bouclier-contre-le-veto-americain\\\/#breadcrumb\"},\"inLanguage\":\"fr-FR\",\"potentialAction\":[{\"@type\":\"ReadAction\",\"target\":[\"https:\\\/\\\/lasentinelle.dz\\\/index.php\\\/2024\\\/04\\\/20\\\/adhesion-de-la-palestine-a-lonu-levee-de-bouclier-contre-le-veto-americain\\\/\"]}]},{\"@type\":\"ImageObject\",\"inLanguage\":\"fr-FR\",\"@id\":\"https:\\\/\\\/lasentinelle.dz\\\/index.php\\\/2024\\\/04\\\/20\\\/adhesion-de-la-palestine-a-lonu-levee-de-bouclier-contre-le-veto-americain\\\/#primaryimage\",\"url\":\"https:\\\/\\\/lasentinelle.dz\\\/wp-content\\\/uploads\\\/2022\\\/11\\\/abbas.png\",\"contentUrl\":\"https:\\\/\\\/lasentinelle.dz\\\/wp-content\\\/uploads\\\/2022\\\/11\\\/abbas.png\",\"width\":1800,\"height\":900},{\"@type\":\"BreadcrumbList\",\"@id\":\"https:\\\/\\\/lasentinelle.dz\\\/index.php\\\/2024\\\/04\\\/20\\\/adhesion-de-la-palestine-a-lonu-levee-de-bouclier-contre-le-veto-americain\\\/#breadcrumb\",\"itemListElement\":[{\"@type\":\"ListItem\",\"position\":1,\"name\":\"Accueil\",\"item\":\"https:\\\/\\\/lasentinelle.dz\\\/\"},{\"@type\":\"ListItem\",\"position\":2,\"name\":\"Adh\u00e9sion de la Palestine \u00e0 l\u2019ONU\u00a0: Lev\u00e9e de bouclier contre le v\u00e9to am\u00e9ricain\"}]},{\"@type\":\"WebSite\",\"@id\":\"https:\\\/\\\/lasentinelle.dz\\\/#website\",\"url\":\"https:\\\/\\\/lasentinelle.dz\\\/\",\"name\":\"La Sentinelle\",\"description\":\"Quotidien national d&#039;information\",\"publisher\":{\"@id\":\"https:\\\/\\\/lasentinelle.dz\\\/#organization\"},\"potentialAction\":[{\"@type\":\"SearchAction\",\"target\":{\"@type\":\"EntryPoint\",\"urlTemplate\":\"https:\\\/\\\/lasentinelle.dz\\\/?s={search_term_string}\"},\"query-input\":{\"@type\":\"PropertyValueSpecification\",\"valueRequired\":true,\"valueName\":\"search_term_string\"}}],\"inLanguage\":\"fr-FR\"},{\"@type\":\"Organization\",\"@id\":\"https:\\\/\\\/lasentinelle.dz\\\/#organization\",\"name\":\"Quotidien La Sentinelle\",\"url\":\"https:\\\/\\\/lasentinelle.dz\\\/\",\"logo\":{\"@type\":\"ImageObject\",\"inLanguage\":\"fr-FR\",\"@id\":\"https:\\\/\\\/lasentinelle.dz\\\/#\\\/schema\\\/logo\\\/image\\\/\",\"url\":\"https:\\\/\\\/lasentinelle.dz\\\/wp-content\\\/uploads\\\/2021\\\/09\\\/logo-sentinelleSLOGAN-1.png\",\"contentUrl\":\"https:\\\/\\\/lasentinelle.dz\\\/wp-content\\\/uploads\\\/2021\\\/09\\\/logo-sentinelleSLOGAN-1.png\",\"width\":615,\"height\":142,\"caption\":\"Quotidien La Sentinelle\"},\"image\":{\"@id\":\"https:\\\/\\\/lasentinelle.dz\\\/#\\\/schema\\\/logo\\\/image\\\/\"},\"sameAs\":[\"https:\\\/\\\/www.facebook.com\\\/La-Sentinelle-104059864394773\"]},{\"@type\":\"Person\",\"@id\":\"https:\\\/\\\/lasentinelle.dz\\\/#\\\/schema\\\/person\\\/d865044e22e70a75174ce8bcad3acfb3\",\"name\":\"La Sentinelle\",\"image\":{\"@type\":\"ImageObject\",\"inLanguage\":\"fr-FR\",\"@id\":\"https:\\\/\\\/secure.gravatar.com\\\/avatar\\\/57de8e5d4b15d43fb361a71fbb36338450fe67865b528a43dd10ef7c51a20392?s=96&d=mm&r=g\",\"url\":\"https:\\\/\\\/secure.gravatar.com\\\/avatar\\\/57de8e5d4b15d43fb361a71fbb36338450fe67865b528a43dd10ef7c51a20392?s=96&d=mm&r=g\",\"contentUrl\":\"https:\\\/\\\/secure.gravatar.com\\\/avatar\\\/57de8e5d4b15d43fb361a71fbb36338450fe67865b528a43dd10ef7c51a20392?s=96&d=mm&r=g\",\"caption\":\"La Sentinelle\"},\"sameAs\":[\"http:\\\/\\\/www.lasentinelle.dz\"],\"url\":\"https:\\\/\\\/lasentinelle.dz\\\/author\\\/redaction\\\/\"}]}<\/script>\n<!-- \/ Yoast SEO plugin. -->","yoast_head_json":{"title":"Adh\u00e9sion de la Palestine \u00e0 l\u2019ONU\u00a0: Lev\u00e9e de bouclier contre le v\u00e9to am\u00e9ricain - La Sentinelle","robots":{"index":"index","follow":"follow","max-snippet":"max-snippet:-1","max-image-preview":"max-image-preview:large","max-video-preview":"max-video-preview:-1"},"canonical":"https:\/\/lasentinelle.dz\/index.php\/2024\/04\/20\/adhesion-de-la-palestine-a-lonu-levee-de-bouclier-contre-le-veto-americain\/","og_locale":"fr_FR","og_type":"article","og_title":"Adh\u00e9sion de la Palestine \u00e0 l\u2019ONU\u00a0: Lev\u00e9e de bouclier contre le v\u00e9to am\u00e9ricain - La Sentinelle","og_description":"Le v\u00e9to am\u00e9ricain contre le projet de r\u00e9solution pr\u00e9sent\u00e9 par l\u2019Alg\u00e9rie au Conseil de s\u00e9curit\u00e9 recommandant une adh\u00e9sion de la","og_url":"https:\/\/lasentinelle.dz\/index.php\/2024\/04\/20\/adhesion-de-la-palestine-a-lonu-levee-de-bouclier-contre-le-veto-americain\/","og_site_name":"La Sentinelle","article_publisher":"https:\/\/www.facebook.com\/La-Sentinelle-104059864394773","article_published_time":"2024-04-20T21:14:44+00:00","article_modified_time":"2024-04-20T21:14:46+00:00","og_image":[{"width":1800,"height":900,"url":"https:\/\/lasentinelle.dz\/wp-content\/uploads\/2022\/11\/abbas.png","type":"image\/png"}],"author":"La Sentinelle","twitter_card":"summary_large_image","twitter_misc":{"\u00c9crit par":"La Sentinelle","Dur\u00e9e de lecture estim\u00e9e":"5 minutes"},"schema":{"@context":"https:\/\/schema.org","@graph":[{"@type":"Article","@id":"https:\/\/lasentinelle.dz\/index.php\/2024\/04\/20\/adhesion-de-la-palestine-a-lonu-levee-de-bouclier-contre-le-veto-americain\/#article","isPartOf":{"@id":"https:\/\/lasentinelle.dz\/index.php\/2024\/04\/20\/adhesion-de-la-palestine-a-lonu-levee-de-bouclier-contre-le-veto-americain\/"},"author":{"name":"La Sentinelle","@id":"https:\/\/lasentinelle.dz\/#\/schema\/person\/d865044e22e70a75174ce8bcad3acfb3"},"headline":"Adh\u00e9sion de la Palestine \u00e0 l\u2019ONU\u00a0: Lev\u00e9e de bouclier contre le v\u00e9to am\u00e9ricain","datePublished":"2024-04-20T21:14:44+00:00","dateModified":"2024-04-20T21:14:46+00:00","mainEntityOfPage":{"@id":"https:\/\/lasentinelle.dz\/index.php\/2024\/04\/20\/adhesion-de-la-palestine-a-lonu-levee-de-bouclier-contre-le-veto-americain\/"},"wordCount":926,"commentCount":0,"publisher":{"@id":"https:\/\/lasentinelle.dz\/#organization"},"image":{"@id":"https:\/\/lasentinelle.dz\/index.php\/2024\/04\/20\/adhesion-de-la-palestine-a-lonu-levee-de-bouclier-contre-le-veto-americain\/#primaryimage"},"thumbnailUrl":"https:\/\/lasentinelle.dz\/wp-content\/uploads\/2022\/11\/abbas.png","articleSection":["Actualit\u00e9"],"inLanguage":"fr-FR","potentialAction":[{"@type":"CommentAction","name":"Comment","target":["https:\/\/lasentinelle.dz\/index.php\/2024\/04\/20\/adhesion-de-la-palestine-a-lonu-levee-de-bouclier-contre-le-veto-americain\/#respond"]}]},{"@type":"WebPage","@id":"https:\/\/lasentinelle.dz\/index.php\/2024\/04\/20\/adhesion-de-la-palestine-a-lonu-levee-de-bouclier-contre-le-veto-americain\/","url":"https:\/\/lasentinelle.dz\/index.php\/2024\/04\/20\/adhesion-de-la-palestine-a-lonu-levee-de-bouclier-contre-le-veto-americain\/","name":"Adh\u00e9sion de la Palestine \u00e0 l\u2019ONU\u00a0: Lev\u00e9e de bouclier contre le v\u00e9to am\u00e9ricain - La Sentinelle","isPartOf":{"@id":"https:\/\/lasentinelle.dz\/#website"},"primaryImageOfPage":{"@id":"https:\/\/lasentinelle.dz\/index.php\/2024\/04\/20\/adhesion-de-la-palestine-a-lonu-levee-de-bouclier-contre-le-veto-americain\/#primaryimage"},"image":{"@id":"https:\/\/lasentinelle.dz\/index.php\/2024\/04\/20\/adhesion-de-la-palestine-a-lonu-levee-de-bouclier-contre-le-veto-americain\/#primaryimage"},"thumbnailUrl":"https:\/\/lasentinelle.dz\/wp-content\/uploads\/2022\/11\/abbas.png","datePublished":"2024-04-20T21:14:44+00:00","dateModified":"2024-04-20T21:14:46+00:00","breadcrumb":{"@id":"https:\/\/lasentinelle.dz\/index.php\/2024\/04\/20\/adhesion-de-la-palestine-a-lonu-levee-de-bouclier-contre-le-veto-americain\/#breadcrumb"},"inLanguage":"fr-FR","potentialAction":[{"@type":"ReadAction","target":["https:\/\/lasentinelle.dz\/index.php\/2024\/04\/20\/adhesion-de-la-palestine-a-lonu-levee-de-bouclier-contre-le-veto-americain\/"]}]},{"@type":"ImageObject","inLanguage":"fr-FR","@id":"https:\/\/lasentinelle.dz\/index.php\/2024\/04\/20\/adhesion-de-la-palestine-a-lonu-levee-de-bouclier-contre-le-veto-americain\/#primaryimage","url":"https:\/\/lasentinelle.dz\/wp-content\/uploads\/2022\/11\/abbas.png","contentUrl":"https:\/\/lasentinelle.dz\/wp-content\/uploads\/2022\/11\/abbas.png","width":1800,"height":900},{"@type":"BreadcrumbList","@id":"https:\/\/lasentinelle.dz\/index.php\/2024\/04\/20\/adhesion-de-la-palestine-a-lonu-levee-de-bouclier-contre-le-veto-americain\/#breadcrumb","itemListElement":[{"@type":"ListItem","position":1,"name":"Accueil","item":"https:\/\/lasentinelle.dz\/"},{"@type":"ListItem","position":2,"name":"Adh\u00e9sion de la Palestine \u00e0 l\u2019ONU\u00a0: Lev\u00e9e de bouclier contre le v\u00e9to am\u00e9ricain"}]},{"@type":"WebSite","@id":"https:\/\/lasentinelle.dz\/#website","url":"https:\/\/lasentinelle.dz\/","name":"La Sentinelle","description":"Quotidien national d&#039;information","publisher":{"@id":"https:\/\/lasentinelle.dz\/#organization"},"potentialAction":[{"@type":"SearchAction","target":{"@type":"EntryPoint","urlTemplate":"https:\/\/lasentinelle.dz\/?s={search_term_string}"},"query-input":{"@type":"PropertyValueSpecification","valueRequired":true,"valueName":"search_term_string"}}],"inLanguage":"fr-FR"},{"@type":"Organization","@id":"https:\/\/lasentinelle.dz\/#organization","name":"Quotidien La Sentinelle","url":"https:\/\/lasentinelle.dz\/","logo":{"@type":"ImageObject","inLanguage":"fr-FR","@id":"https:\/\/lasentinelle.dz\/#\/schema\/logo\/image\/","url":"https:\/\/lasentinelle.dz\/wp-content\/uploads\/2021\/09\/logo-sentinelleSLOGAN-1.png","contentUrl":"https:\/\/lasentinelle.dz\/wp-content\/uploads\/2021\/09\/logo-sentinelleSLOGAN-1.png","width":615,"height":142,"caption":"Quotidien La Sentinelle"},"image":{"@id":"https:\/\/lasentinelle.dz\/#\/schema\/logo\/image\/"},"sameAs":["https:\/\/www.facebook.com\/La-Sentinelle-104059864394773"]},{"@type":"Person","@id":"https:\/\/lasentinelle.dz\/#\/schema\/person\/d865044e22e70a75174ce8bcad3acfb3","name":"La Sentinelle","image":{"@type":"ImageObject","inLanguage":"fr-FR","@id":"https:\/\/secure.gravatar.com\/avatar\/57de8e5d4b15d43fb361a71fbb36338450fe67865b528a43dd10ef7c51a20392?s=96&d=mm&r=g","url":"https:\/\/secure.gravatar.com\/avatar\/57de8e5d4b15d43fb361a71fbb36338450fe67865b528a43dd10ef7c51a20392?s=96&d=mm&r=g","contentUrl":"https:\/\/secure.gravatar.com\/avatar\/57de8e5d4b15d43fb361a71fbb36338450fe67865b528a43dd10ef7c51a20392?s=96&d=mm&r=g","caption":"La Sentinelle"},"sameAs":["http:\/\/www.lasentinelle.dz"],"url":"https:\/\/lasentinelle.dz\/author\/redaction\/"}]}},"_links":{"self":[{"href":"https:\/\/lasentinelle.dz\/index.php\/wp-json\/wp\/v2\/posts\/51480","targetHints":{"allow":["GET"]}}],"collection":[{"href":"https:\/\/lasentinelle.dz\/index.php\/wp-json\/wp\/v2\/posts"}],"about":[{"href":"https:\/\/lasentinelle.dz\/index.php\/wp-json\/wp\/v2\/types\/post"}],"author":[{"embeddable":true,"href":"https:\/\/lasentinelle.dz\/index.php\/wp-json\/wp\/v2\/users\/3"}],"replies":[{"embeddable":true,"href":"https:\/\/lasentinelle.dz\/index.php\/wp-json\/wp\/v2\/comments?post=51480"}],"version-history":[{"count":1,"href":"https:\/\/lasentinelle.dz\/index.php\/wp-json\/wp\/v2\/posts\/51480\/revisions"}],"predecessor-version":[{"id":51481,"href":"https:\/\/lasentinelle.dz\/index.php\/wp-json\/wp\/v2\/posts\/51480\/revisions\/51481"}],"wp:featuredmedia":[{"embeddable":true,"href":"https:\/\/lasentinelle.dz\/index.php\/wp-json\/wp\/v2\/media\/30045"}],"wp:attachment":[{"href":"https:\/\/lasentinelle.dz\/index.php\/wp-json\/wp\/v2\/media?parent=51480"}],"wp:term":[{"taxonomy":"category","embeddable":true,"href":"https:\/\/lasentinelle.dz\/index.php\/wp-json\/wp\/v2\/categories?post=51480"},{"taxonomy":"post_tag","embeddable":true,"href":"https:\/\/lasentinelle.dz\/index.php\/wp-json\/wp\/v2\/tags?post=51480"}],"curies":[{"name":"wp","href":"https:\/\/api.w.org\/{rel}","templated":true}]}}