{"id":51490,"date":"2024-04-21T19:30:31","date_gmt":"2024-04-21T18:30:31","guid":{"rendered":"https:\/\/lasentinelle.dz\/?p=51490"},"modified":"2024-04-21T21:57:44","modified_gmt":"2024-04-21T20:57:44","slug":"quand-le-makhzen-politise-les-competitions-africaines","status":"publish","type":"post","link":"https:\/\/lasentinelle.dz\/index.php\/2024\/04\/21\/quand-le-makhzen-politise-les-competitions-africaines\/","title":{"rendered":"Quand le Makhzen politise les comp\u00e9titions africaines"},"content":{"rendered":"\n<p>Nouvelle provocation des Marocains qui persistent \u00e0 politiser le sport africain pour servir les vis\u00e9es colonialistes et expansionnistes de leur r\u00e9gime r\u00e9trograde. La nouvelle tentative d\u2019instrumentalisation par le Makhzen du football africain a conduit hier \u00e0 l\u2019annulation du match de demi-finale Aller opposant l\u2019USM Alger \u00e0 l\u2019AS Berkane, apr\u00e8s le refus des Marocains d\u2019entrer sur la pelouse.&nbsp; Une affaire que les Alg\u00e9riens entendent porter devant les instances de la FIFA pour d\u00e9noncer les manquements aux r\u00e8glements internationaux du football par l\u2019AS Berkane qui a voulu imposer un maillot floqu\u00e9 d\u2019une revendication politique colonialiste durant ce match.<\/p>\n\n\n\n<p>L\u2019AS Berkane, dont l\u2019ancien pr\u00e9sident n\u2019est autre que Faouzi Lekdjaa, pr\u00e9sident de la F\u00e9d\u00e9ration marocaine de football, et sous-traitant du Makhzen au sein des instantes dirigeantes de la CAF, est arriv\u00e9 \u00e0 Alger vendredi pour son match de demi-finale de la CAF avec des maillots floqu\u00e9s d\u2019une carte du Maroc incluant les territoires du Sahara occidental occup\u00e9.&nbsp; Une provocation destin\u00e9e \u00e0 d\u00e9stabiliser l\u2019USM Alger d\u00e9tenteur du titre, mais aussi pour imposer une revendication politique colonialiste, au m\u00e9pris du droit internationale, mais aussi et surtout des r\u00e9glementations de la Conf\u00e9d\u00e9ration africaine de football et de la F\u00e9d\u00e9ration internationale de football. &nbsp;Pourtant, tout \u00e9tait r\u00e9uni, vendredi apr\u00e8s-midi, pour un accueil \u00e0 la hauteur des traditions alg\u00e9riennes au niveau de l&rsquo;a\u00e9roport international d&rsquo;Alger, Houari Boumediene, o\u00f9 l\u2019\u00e9quipe marocaine avait \u00e9t\u00e9 re\u00e7u avec les honneurs par les dirigeants de l\u2019USMA. L\u2019AS Berkane est d\u2019ailleurs arriv\u00e9 \u00e0 bord d\u2019un vol sp\u00e9cial et avait \u00e9t\u00e9 autoris\u00e9e \u00e0 rejoindre directement Alger par les autorit\u00e9s alg\u00e9riennes malgr\u00e9 la fermeture de l\u2019espace a\u00e9rien alg\u00e9rien aux vols marocains. Cependant, \u00e0 l\u2019a\u00e9roport d\u2019Alger, et gr\u00e2ce \u00e0 la vigilance de la Douane alg\u00e9rienne, les maillots en question ont \u00e9t\u00e9 d\u00e9couverts et saisis. De l\u00e0 les Marocains ont d\u00e9cid\u00e9 de provoquer la pol\u00e9mique et d\u2019en faire un show politico-m\u00e9diatique qui n\u2019honore en rien les Marocains et le football continental, mais les ridiculise plut\u00f4t. Mais, les autorit\u00e9s alg\u00e9riennes et l\u2019USMA droits dans leurs bottes ont ont refus\u00e9 de laisser les Marocains faire ce que bon leur semble sur le territoire alg\u00e9rien et ont somm\u00e9 les membres de la d\u00e9l\u00e9gation d&rsquo;enlever ladite carte ou de remplacer ces maillots, proposition refus\u00e9e par la partie marocaine, qui a fait dans la provocation tout en tentant de se faire passer pour la victime. Pire, le RS Berkane s&rsquo;est d\u00e9plac\u00e9 \u00e0 Alger uniquement avec le maillot floqu\u00e9, un d\u00e9tail qui enfreint les r\u00e8glements de la CAF dans cette \u00e9preuve. En effet, l&rsquo;article 6 intitul\u00e9 \u00ab\u00a0Maillots des joueurs\u00a0\u00bb alin\u00e9a 7, stipule que \u00ab\u00a0l&rsquo;\u00e9quipe visiteuse devra obligatoirement se d\u00e9placer avec deux jeux de maillots, l&rsquo;un portant de la publicit\u00e9 et l&rsquo;autre vierge de toute publicit\u00e9\u00a0\u00bb.<\/p>\n\n\n\n<p><strong>La CAF compl\u00e9tement discr\u00e9dit\u00e9e<\/strong><\/p>\n\n\n\n<p>Dans la loi 4 du football relative \u00e0 l&rsquo;\u00e9quipement des joueurs, \u00ab\u00a0l&rsquo;\u00e9quipement ne doit pr\u00e9senter aucun slogan, inscription ou image \u00e0 caract\u00e8re politique, religieux ou personnel. Les joueurs ne sont pas autoris\u00e9s \u00e0 exhiber de slogans, messages ou images \u00e0 caract\u00e8re politique, religieux, personnel ou publicitaire sur leurs sous-v\u00eatements autres que le logo du fabricant. En cas d\u2019infraction, le joueur et\/ou l\u2019\u00e9quipe sera sanctionn\u00e9 par l\u2019organisateur de la comp\u00e9tition, par la f\u00e9d\u00e9ration nationale ou par la F\u00e9d\u00e9ration internationale (FIFA)\u00a0\u00bb. Selon l&rsquo;article 50 de la charte olympique (alin\u00e9a 2), \u00ab\u00a0aucune sorte de d\u00e9monstration ou de propagande politique, religieuse ou raciale n\u2019est autoris\u00e9e dans un lieu, site ou autre emplacement olympique\u00a0\u00bb. Malheureusement et malgr\u00e9 la clart\u00e9 des r\u00e8glements li\u00e9s au football, la CAF a une nouvelle fois c\u00e9d\u00e9 \u00e0 l\u2019influence de Lekdjaa et a d\u00e9cid\u00e9 hier d\u2019aller \u00e0 l\u2019encontre de ses propres r\u00e8gles. Sans surprise l\u2019instance dirig\u00e9e par Patrice Motsepe a d\u00e9cid\u00e9 de r\u00e9pondre d\u00e9favorablement au recours de la F\u00e9d\u00e9ration alg\u00e9rienne de football de remplacer les maillots et \u00e0 celui de l\u2019USMA de reporter la rencontre. Le club alg\u00e9rois a m\u00eame fourni les maillots aux Marocains.<\/p>\n\n\n\n<p>Il faut dire que la r\u00e9action de la CAF annonc\u00e9e hier deux heures \u00e0 peine avant le match n\u2019\u00e9tonne pas, d\u2019autant plus que le complot foment\u00e9 par Lekdjaa a \u00e9t\u00e9 planifi\u00e9 depuis quelques jours. Le dirigeant marocain a profit\u00e9 de la pr\u00e9sence des membres du Comit\u00e9 ex\u00e9cutif de la CAF \u00e0 Rabat, en marge de la CAN de Futsal, pour faire pression et emp\u00eacher une r\u00e9action d\u00e9favorable de la part de l&rsquo;instance africaine. Une rencontre sur laquelle le vice pr\u00e9sident de la CAF, le Mauritanien Ahmed Ould Yahia a, d\u2019ailleurs, d\u00e9cid\u00e9 de faire l\u2019impasse au regard de la multiplicit\u00e9 des man\u0153uvres de Lekjaa qui cherche \u00e0 instrumentaliser une instance compl\u00e8tement discr\u00e9dit\u00e9e. D\u2019ailleurs, ce n\u2019est pas la premi\u00e8re fois que les Marocains se servent des comp\u00e9titions africaines pour servir leurs vis\u00e9es expansionnistes au Sahara occidental. Ce fut le cas de la CAN de futsal 2020 et de la CAN de handball de 2022 o\u00f9 le Maroc a programm\u00e9 des rencontres en territoires occup\u00e9s et d\u2019o\u00f9 l\u2019Alg\u00e9rie s\u2019est retir\u00e9e par respect de ses principes. Il y a aussi ce double standard au sein de la CAF qui fait toujours sourciller. L\u2019on se souvient que lors de la Coupe de la CAF en 2021 au Cameroun, la JSK avait \u00e9t\u00e9 interdite d\u2019arborer un maillot avec le nom des joueurs \u00e9crit en tamazight, pourtant langue officielle en Alg\u00e9rie, apr\u00e8s une plainte des Marocains.<\/p>\n\n\n\n<p><strong>Large soutien \u00e0 l\u2019USMA<\/strong><\/p>\n\n\n\n<p>En tout \u00e9tat de cause, l\u2019USMA b\u00e9n\u00e9ficie du large soutien de la famille du football alg\u00e9rien, la Ligue de football professionnel en t\u00eate, et l&rsquo;ensemble des clubs alg\u00e9riens. La Ligue de football professionnel a d\u00e9plor\u00e9 \u00ab\u00a0les pratiques antisportives\u00a0\u00bb de l\u2019AS Berkane, exprimant son \u00ab\u00a0soutien total au club de l&rsquo;USM Alger dans toute d\u00e9cision qu&rsquo;il prendra pour pr\u00e9server les int\u00e9r\u00eats de l&rsquo;\u00e9quipe et de l&rsquo;Alg\u00e9rie et pour contrer toute tentative d&rsquo;enfreindre les r\u00e8glements internationaux du football et contre l&rsquo;utilisation des m\u00e9thodes contraires \u00e0 l&rsquo;\u00e9thique sportive\u00a0\u00bb. Tous les clubs alg\u00e9riens ont spontan\u00e9ment exprim\u00e9 leur soutien \u00e0 l&rsquo;USM Alger, d\u00e9non\u00e7ant une tentative d\u00e9sesp\u00e9r\u00e9e d&rsquo;entra\u00eener une comp\u00e9tition purement sportive dans un terrain politique loin des nobles objectifs du sport.<\/p>\n\n\n\n<p>Moncef Dahleb<\/p>\n","protected":false},"excerpt":{"rendered":"<p>Nouvelle provocation des Marocains qui persistent \u00e0 politiser le sport africain pour servir les vis\u00e9es colonialistes et expansionnistes de leur<\/p>\n","protected":false},"author":3,"featured_media":51491,"comment_status":"open","ping_status":"closed","sticky":false,"template":"","format":"standard","meta":{"colormag_page_container_layout":"default_layout","colormag_page_sidebar_layout":"default_layout","om_disable_all_campaigns":false,"_monsterinsights_skip_tracking":false,"_monsterinsights_sitenote_active":false,"_monsterinsights_sitenote_note":"","_monsterinsights_sitenote_category":0,"footnotes":"","_wpscppro_dont_share_socialmedia":false,"_wpscppro_custom_social_share_image":0,"_facebook_share_type":"","_twitter_share_type":"","_linkedin_share_type":"","_pinterest_share_type":"","_linkedin_share_type_page":"","_instagram_share_type":"","_medium_share_type":"","_threads_share_type":"","_google_business_share_type":"","_selected_social_profile":[],"_wpsp_enable_custom_social_template":false,"_wpsp_social_scheduling":{"enabled":false,"datetime":null,"platforms":[],"status":"template_only","dateOption":"today","timeOption":"now","customDays":"","customHours":"","customDate":"","customTime":"","schedulingType":"absolute"},"_wpsp_active_default_template":true},"categories":[52,33],"tags":[],"class_list":["post-51490","post","type-post","status-publish","format-standard","has-post-thumbnail","hentry","category-a-la-une","category-sports"],"aioseo_notices":[],"yoast_head":"<!-- This site is optimized with the Yoast SEO plugin v27.5 - https:\/\/yoast.com\/product\/yoast-seo-wordpress\/ -->\n<title>Quand le Makhzen politise les comp\u00e9titions africaines - La Sentinelle<\/title>\n<meta name=\"robots\" content=\"index, follow, max-snippet:-1, max-image-preview:large, max-video-preview:-1\" \/>\n<link rel=\"canonical\" href=\"https:\/\/lasentinelle.dz\/index.php\/2024\/04\/21\/quand-le-makhzen-politise-les-competitions-africaines\/\" \/>\n<meta property=\"og:locale\" content=\"fr_FR\" \/>\n<meta property=\"og:type\" content=\"article\" \/>\n<meta property=\"og:title\" content=\"Quand le Makhzen politise les comp\u00e9titions africaines - La Sentinelle\" \/>\n<meta property=\"og:description\" content=\"Nouvelle provocation des Marocains qui persistent \u00e0 politiser le sport africain pour servir les vis\u00e9es colonialistes et expansionnistes de leur\" \/>\n<meta property=\"og:url\" content=\"https:\/\/lasentinelle.dz\/index.php\/2024\/04\/21\/quand-le-makhzen-politise-les-competitions-africaines\/\" \/>\n<meta property=\"og:site_name\" content=\"La Sentinelle\" \/>\n<meta property=\"article:publisher\" content=\"https:\/\/www.facebook.com\/La-Sentinelle-104059864394773\" \/>\n<meta property=\"article:published_time\" content=\"2024-04-21T18:30:31+00:00\" \/>\n<meta property=\"article:modified_time\" content=\"2024-04-21T20:57:44+00:00\" \/>\n<meta property=\"og:image\" content=\"https:\/\/lasentinelle.dz\/wp-content\/uploads\/2024\/04\/lekjaa.jpeg\" \/>\n\t<meta property=\"og:image:width\" content=\"268\" \/>\n\t<meta property=\"og:image:height\" content=\"188\" \/>\n\t<meta property=\"og:image:type\" content=\"image\/jpeg\" \/>\n<meta name=\"author\" content=\"La Sentinelle\" \/>\n<meta name=\"twitter:card\" content=\"summary_large_image\" \/>\n<meta name=\"twitter:label1\" content=\"\u00c9crit par\" \/>\n\t<meta name=\"twitter:data1\" content=\"La Sentinelle\" \/>\n\t<meta name=\"twitter:label2\" content=\"Dur\u00e9e de lecture estim\u00e9e\" \/>\n\t<meta name=\"twitter:data2\" content=\"6 minutes\" \/>\n<script type=\"application\/ld+json\" class=\"yoast-schema-graph\">{\"@context\":\"https:\\\/\\\/schema.org\",\"@graph\":[{\"@type\":\"Article\",\"@id\":\"https:\\\/\\\/lasentinelle.dz\\\/index.php\\\/2024\\\/04\\\/21\\\/quand-le-makhzen-politise-les-competitions-africaines\\\/#article\",\"isPartOf\":{\"@id\":\"https:\\\/\\\/lasentinelle.dz\\\/index.php\\\/2024\\\/04\\\/21\\\/quand-le-makhzen-politise-les-competitions-africaines\\\/\"},\"author\":{\"name\":\"La Sentinelle\",\"@id\":\"https:\\\/\\\/lasentinelle.dz\\\/#\\\/schema\\\/person\\\/d865044e22e70a75174ce8bcad3acfb3\"},\"headline\":\"Quand le Makhzen politise les comp\u00e9titions africaines\",\"datePublished\":\"2024-04-21T18:30:31+00:00\",\"dateModified\":\"2024-04-21T20:57:44+00:00\",\"mainEntityOfPage\":{\"@id\":\"https:\\\/\\\/lasentinelle.dz\\\/index.php\\\/2024\\\/04\\\/21\\\/quand-le-makhzen-politise-les-competitions-africaines\\\/\"},\"wordCount\":1150,\"commentCount\":0,\"publisher\":{\"@id\":\"https:\\\/\\\/lasentinelle.dz\\\/#organization\"},\"image\":{\"@id\":\"https:\\\/\\\/lasentinelle.dz\\\/index.php\\\/2024\\\/04\\\/21\\\/quand-le-makhzen-politise-les-competitions-africaines\\\/#primaryimage\"},\"thumbnailUrl\":\"https:\\\/\\\/lasentinelle.dz\\\/wp-content\\\/uploads\\\/2024\\\/04\\\/lekjaa.jpeg\",\"articleSection\":[\"\u00c0 la Une\",\"Sports\"],\"inLanguage\":\"fr-FR\",\"potentialAction\":[{\"@type\":\"CommentAction\",\"name\":\"Comment\",\"target\":[\"https:\\\/\\\/lasentinelle.dz\\\/index.php\\\/2024\\\/04\\\/21\\\/quand-le-makhzen-politise-les-competitions-africaines\\\/#respond\"]}]},{\"@type\":\"WebPage\",\"@id\":\"https:\\\/\\\/lasentinelle.dz\\\/index.php\\\/2024\\\/04\\\/21\\\/quand-le-makhzen-politise-les-competitions-africaines\\\/\",\"url\":\"https:\\\/\\\/lasentinelle.dz\\\/index.php\\\/2024\\\/04\\\/21\\\/quand-le-makhzen-politise-les-competitions-africaines\\\/\",\"name\":\"Quand le Makhzen politise les comp\u00e9titions africaines - La Sentinelle\",\"isPartOf\":{\"@id\":\"https:\\\/\\\/lasentinelle.dz\\\/#website\"},\"primaryImageOfPage\":{\"@id\":\"https:\\\/\\\/lasentinelle.dz\\\/index.php\\\/2024\\\/04\\\/21\\\/quand-le-makhzen-politise-les-competitions-africaines\\\/#primaryimage\"},\"image\":{\"@id\":\"https:\\\/\\\/lasentinelle.dz\\\/index.php\\\/2024\\\/04\\\/21\\\/quand-le-makhzen-politise-les-competitions-africaines\\\/#primaryimage\"},\"thumbnailUrl\":\"https:\\\/\\\/lasentinelle.dz\\\/wp-content\\\/uploads\\\/2024\\\/04\\\/lekjaa.jpeg\",\"datePublished\":\"2024-04-21T18:30:31+00:00\",\"dateModified\":\"2024-04-21T20:57:44+00:00\",\"breadcrumb\":{\"@id\":\"https:\\\/\\\/lasentinelle.dz\\\/index.php\\\/2024\\\/04\\\/21\\\/quand-le-makhzen-politise-les-competitions-africaines\\\/#breadcrumb\"},\"inLanguage\":\"fr-FR\",\"potentialAction\":[{\"@type\":\"ReadAction\",\"target\":[\"https:\\\/\\\/lasentinelle.dz\\\/index.php\\\/2024\\\/04\\\/21\\\/quand-le-makhzen-politise-les-competitions-africaines\\\/\"]}]},{\"@type\":\"ImageObject\",\"inLanguage\":\"fr-FR\",\"@id\":\"https:\\\/\\\/lasentinelle.dz\\\/index.php\\\/2024\\\/04\\\/21\\\/quand-le-makhzen-politise-les-competitions-africaines\\\/#primaryimage\",\"url\":\"https:\\\/\\\/lasentinelle.dz\\\/wp-content\\\/uploads\\\/2024\\\/04\\\/lekjaa.jpeg\",\"contentUrl\":\"https:\\\/\\\/lasentinelle.dz\\\/wp-content\\\/uploads\\\/2024\\\/04\\\/lekjaa.jpeg\",\"width\":268,\"height\":188},{\"@type\":\"BreadcrumbList\",\"@id\":\"https:\\\/\\\/lasentinelle.dz\\\/index.php\\\/2024\\\/04\\\/21\\\/quand-le-makhzen-politise-les-competitions-africaines\\\/#breadcrumb\",\"itemListElement\":[{\"@type\":\"ListItem\",\"position\":1,\"name\":\"Accueil\",\"item\":\"https:\\\/\\\/lasentinelle.dz\\\/\"},{\"@type\":\"ListItem\",\"position\":2,\"name\":\"Quand le Makhzen politise les comp\u00e9titions africaines\"}]},{\"@type\":\"WebSite\",\"@id\":\"https:\\\/\\\/lasentinelle.dz\\\/#website\",\"url\":\"https:\\\/\\\/lasentinelle.dz\\\/\",\"name\":\"La Sentinelle\",\"description\":\"Quotidien national d&#039;information\",\"publisher\":{\"@id\":\"https:\\\/\\\/lasentinelle.dz\\\/#organization\"},\"potentialAction\":[{\"@type\":\"SearchAction\",\"target\":{\"@type\":\"EntryPoint\",\"urlTemplate\":\"https:\\\/\\\/lasentinelle.dz\\\/?s={search_term_string}\"},\"query-input\":{\"@type\":\"PropertyValueSpecification\",\"valueRequired\":true,\"valueName\":\"search_term_string\"}}],\"inLanguage\":\"fr-FR\"},{\"@type\":\"Organization\",\"@id\":\"https:\\\/\\\/lasentinelle.dz\\\/#organization\",\"name\":\"Quotidien La Sentinelle\",\"url\":\"https:\\\/\\\/lasentinelle.dz\\\/\",\"logo\":{\"@type\":\"ImageObject\",\"inLanguage\":\"fr-FR\",\"@id\":\"https:\\\/\\\/lasentinelle.dz\\\/#\\\/schema\\\/logo\\\/image\\\/\",\"url\":\"https:\\\/\\\/lasentinelle.dz\\\/wp-content\\\/uploads\\\/2021\\\/09\\\/logo-sentinelleSLOGAN-1.png\",\"contentUrl\":\"https:\\\/\\\/lasentinelle.dz\\\/wp-content\\\/uploads\\\/2021\\\/09\\\/logo-sentinelleSLOGAN-1.png\",\"width\":615,\"height\":142,\"caption\":\"Quotidien La Sentinelle\"},\"image\":{\"@id\":\"https:\\\/\\\/lasentinelle.dz\\\/#\\\/schema\\\/logo\\\/image\\\/\"},\"sameAs\":[\"https:\\\/\\\/www.facebook.com\\\/La-Sentinelle-104059864394773\"]},{\"@type\":\"Person\",\"@id\":\"https:\\\/\\\/lasentinelle.dz\\\/#\\\/schema\\\/person\\\/d865044e22e70a75174ce8bcad3acfb3\",\"name\":\"La Sentinelle\",\"image\":{\"@type\":\"ImageObject\",\"inLanguage\":\"fr-FR\",\"@id\":\"https:\\\/\\\/secure.gravatar.com\\\/avatar\\\/57de8e5d4b15d43fb361a71fbb36338450fe67865b528a43dd10ef7c51a20392?s=96&d=mm&r=g\",\"url\":\"https:\\\/\\\/secure.gravatar.com\\\/avatar\\\/57de8e5d4b15d43fb361a71fbb36338450fe67865b528a43dd10ef7c51a20392?s=96&d=mm&r=g\",\"contentUrl\":\"https:\\\/\\\/secure.gravatar.com\\\/avatar\\\/57de8e5d4b15d43fb361a71fbb36338450fe67865b528a43dd10ef7c51a20392?s=96&d=mm&r=g\",\"caption\":\"La Sentinelle\"},\"sameAs\":[\"http:\\\/\\\/www.lasentinelle.dz\"],\"url\":\"https:\\\/\\\/lasentinelle.dz\\\/author\\\/redaction\\\/\"}]}<\/script>\n<!-- \/ Yoast SEO plugin. -->","yoast_head_json":{"title":"Quand le Makhzen politise les comp\u00e9titions africaines - La Sentinelle","robots":{"index":"index","follow":"follow","max-snippet":"max-snippet:-1","max-image-preview":"max-image-preview:large","max-video-preview":"max-video-preview:-1"},"canonical":"https:\/\/lasentinelle.dz\/index.php\/2024\/04\/21\/quand-le-makhzen-politise-les-competitions-africaines\/","og_locale":"fr_FR","og_type":"article","og_title":"Quand le Makhzen politise les comp\u00e9titions africaines - La Sentinelle","og_description":"Nouvelle provocation des Marocains qui persistent \u00e0 politiser le sport africain pour servir les vis\u00e9es colonialistes et expansionnistes de leur","og_url":"https:\/\/lasentinelle.dz\/index.php\/2024\/04\/21\/quand-le-makhzen-politise-les-competitions-africaines\/","og_site_name":"La Sentinelle","article_publisher":"https:\/\/www.facebook.com\/La-Sentinelle-104059864394773","article_published_time":"2024-04-21T18:30:31+00:00","article_modified_time":"2024-04-21T20:57:44+00:00","og_image":[{"width":268,"height":188,"url":"https:\/\/lasentinelle.dz\/wp-content\/uploads\/2024\/04\/lekjaa.jpeg","type":"image\/jpeg"}],"author":"La Sentinelle","twitter_card":"summary_large_image","twitter_misc":{"\u00c9crit par":"La Sentinelle","Dur\u00e9e de lecture estim\u00e9e":"6 minutes"},"schema":{"@context":"https:\/\/schema.org","@graph":[{"@type":"Article","@id":"https:\/\/lasentinelle.dz\/index.php\/2024\/04\/21\/quand-le-makhzen-politise-les-competitions-africaines\/#article","isPartOf":{"@id":"https:\/\/lasentinelle.dz\/index.php\/2024\/04\/21\/quand-le-makhzen-politise-les-competitions-africaines\/"},"author":{"name":"La Sentinelle","@id":"https:\/\/lasentinelle.dz\/#\/schema\/person\/d865044e22e70a75174ce8bcad3acfb3"},"headline":"Quand le Makhzen politise les comp\u00e9titions africaines","datePublished":"2024-04-21T18:30:31+00:00","dateModified":"2024-04-21T20:57:44+00:00","mainEntityOfPage":{"@id":"https:\/\/lasentinelle.dz\/index.php\/2024\/04\/21\/quand-le-makhzen-politise-les-competitions-africaines\/"},"wordCount":1150,"commentCount":0,"publisher":{"@id":"https:\/\/lasentinelle.dz\/#organization"},"image":{"@id":"https:\/\/lasentinelle.dz\/index.php\/2024\/04\/21\/quand-le-makhzen-politise-les-competitions-africaines\/#primaryimage"},"thumbnailUrl":"https:\/\/lasentinelle.dz\/wp-content\/uploads\/2024\/04\/lekjaa.jpeg","articleSection":["\u00c0 la Une","Sports"],"inLanguage":"fr-FR","potentialAction":[{"@type":"CommentAction","name":"Comment","target":["https:\/\/lasentinelle.dz\/index.php\/2024\/04\/21\/quand-le-makhzen-politise-les-competitions-africaines\/#respond"]}]},{"@type":"WebPage","@id":"https:\/\/lasentinelle.dz\/index.php\/2024\/04\/21\/quand-le-makhzen-politise-les-competitions-africaines\/","url":"https:\/\/lasentinelle.dz\/index.php\/2024\/04\/21\/quand-le-makhzen-politise-les-competitions-africaines\/","name":"Quand le Makhzen politise les comp\u00e9titions africaines - La Sentinelle","isPartOf":{"@id":"https:\/\/lasentinelle.dz\/#website"},"primaryImageOfPage":{"@id":"https:\/\/lasentinelle.dz\/index.php\/2024\/04\/21\/quand-le-makhzen-politise-les-competitions-africaines\/#primaryimage"},"image":{"@id":"https:\/\/lasentinelle.dz\/index.php\/2024\/04\/21\/quand-le-makhzen-politise-les-competitions-africaines\/#primaryimage"},"thumbnailUrl":"https:\/\/lasentinelle.dz\/wp-content\/uploads\/2024\/04\/lekjaa.jpeg","datePublished":"2024-04-21T18:30:31+00:00","dateModified":"2024-04-21T20:57:44+00:00","breadcrumb":{"@id":"https:\/\/lasentinelle.dz\/index.php\/2024\/04\/21\/quand-le-makhzen-politise-les-competitions-africaines\/#breadcrumb"},"inLanguage":"fr-FR","potentialAction":[{"@type":"ReadAction","target":["https:\/\/lasentinelle.dz\/index.php\/2024\/04\/21\/quand-le-makhzen-politise-les-competitions-africaines\/"]}]},{"@type":"ImageObject","inLanguage":"fr-FR","@id":"https:\/\/lasentinelle.dz\/index.php\/2024\/04\/21\/quand-le-makhzen-politise-les-competitions-africaines\/#primaryimage","url":"https:\/\/lasentinelle.dz\/wp-content\/uploads\/2024\/04\/lekjaa.jpeg","contentUrl":"https:\/\/lasentinelle.dz\/wp-content\/uploads\/2024\/04\/lekjaa.jpeg","width":268,"height":188},{"@type":"BreadcrumbList","@id":"https:\/\/lasentinelle.dz\/index.php\/2024\/04\/21\/quand-le-makhzen-politise-les-competitions-africaines\/#breadcrumb","itemListElement":[{"@type":"ListItem","position":1,"name":"Accueil","item":"https:\/\/lasentinelle.dz\/"},{"@type":"ListItem","position":2,"name":"Quand le Makhzen politise les comp\u00e9titions africaines"}]},{"@type":"WebSite","@id":"https:\/\/lasentinelle.dz\/#website","url":"https:\/\/lasentinelle.dz\/","name":"La Sentinelle","description":"Quotidien national d&#039;information","publisher":{"@id":"https:\/\/lasentinelle.dz\/#organization"},"potentialAction":[{"@type":"SearchAction","target":{"@type":"EntryPoint","urlTemplate":"https:\/\/lasentinelle.dz\/?s={search_term_string}"},"query-input":{"@type":"PropertyValueSpecification","valueRequired":true,"valueName":"search_term_string"}}],"inLanguage":"fr-FR"},{"@type":"Organization","@id":"https:\/\/lasentinelle.dz\/#organization","name":"Quotidien La Sentinelle","url":"https:\/\/lasentinelle.dz\/","logo":{"@type":"ImageObject","inLanguage":"fr-FR","@id":"https:\/\/lasentinelle.dz\/#\/schema\/logo\/image\/","url":"https:\/\/lasentinelle.dz\/wp-content\/uploads\/2021\/09\/logo-sentinelleSLOGAN-1.png","contentUrl":"https:\/\/lasentinelle.dz\/wp-content\/uploads\/2021\/09\/logo-sentinelleSLOGAN-1.png","width":615,"height":142,"caption":"Quotidien La Sentinelle"},"image":{"@id":"https:\/\/lasentinelle.dz\/#\/schema\/logo\/image\/"},"sameAs":["https:\/\/www.facebook.com\/La-Sentinelle-104059864394773"]},{"@type":"Person","@id":"https:\/\/lasentinelle.dz\/#\/schema\/person\/d865044e22e70a75174ce8bcad3acfb3","name":"La Sentinelle","image":{"@type":"ImageObject","inLanguage":"fr-FR","@id":"https:\/\/secure.gravatar.com\/avatar\/57de8e5d4b15d43fb361a71fbb36338450fe67865b528a43dd10ef7c51a20392?s=96&d=mm&r=g","url":"https:\/\/secure.gravatar.com\/avatar\/57de8e5d4b15d43fb361a71fbb36338450fe67865b528a43dd10ef7c51a20392?s=96&d=mm&r=g","contentUrl":"https:\/\/secure.gravatar.com\/avatar\/57de8e5d4b15d43fb361a71fbb36338450fe67865b528a43dd10ef7c51a20392?s=96&d=mm&r=g","caption":"La Sentinelle"},"sameAs":["http:\/\/www.lasentinelle.dz"],"url":"https:\/\/lasentinelle.dz\/author\/redaction\/"}]}},"_links":{"self":[{"href":"https:\/\/lasentinelle.dz\/index.php\/wp-json\/wp\/v2\/posts\/51490","targetHints":{"allow":["GET"]}}],"collection":[{"href":"https:\/\/lasentinelle.dz\/index.php\/wp-json\/wp\/v2\/posts"}],"about":[{"href":"https:\/\/lasentinelle.dz\/index.php\/wp-json\/wp\/v2\/types\/post"}],"author":[{"embeddable":true,"href":"https:\/\/lasentinelle.dz\/index.php\/wp-json\/wp\/v2\/users\/3"}],"replies":[{"embeddable":true,"href":"https:\/\/lasentinelle.dz\/index.php\/wp-json\/wp\/v2\/comments?post=51490"}],"version-history":[{"count":2,"href":"https:\/\/lasentinelle.dz\/index.php\/wp-json\/wp\/v2\/posts\/51490\/revisions"}],"predecessor-version":[{"id":51493,"href":"https:\/\/lasentinelle.dz\/index.php\/wp-json\/wp\/v2\/posts\/51490\/revisions\/51493"}],"wp:featuredmedia":[{"embeddable":true,"href":"https:\/\/lasentinelle.dz\/index.php\/wp-json\/wp\/v2\/media\/51491"}],"wp:attachment":[{"href":"https:\/\/lasentinelle.dz\/index.php\/wp-json\/wp\/v2\/media?parent=51490"}],"wp:term":[{"taxonomy":"category","embeddable":true,"href":"https:\/\/lasentinelle.dz\/index.php\/wp-json\/wp\/v2\/categories?post=51490"},{"taxonomy":"post_tag","embeddable":true,"href":"https:\/\/lasentinelle.dz\/index.php\/wp-json\/wp\/v2\/tags?post=51490"}],"curies":[{"name":"wp","href":"https:\/\/api.w.org\/{rel}","templated":true}]}}