{"id":51497,"date":"2024-04-21T20:59:00","date_gmt":"2024-04-21T19:59:00","guid":{"rendered":"https:\/\/lasentinelle.dz\/?p=51497"},"modified":"2024-04-21T22:40:34","modified_gmt":"2024-04-21T21:40:34","slug":"les-violations-marocaines-des-droits-de-lhomme-se-poursuivent","status":"publish","type":"post","link":"https:\/\/lasentinelle.dz\/index.php\/2024\/04\/21\/les-violations-marocaines-des-droits-de-lhomme-se-poursuivent\/","title":{"rendered":"Les violations marocaines des droits de l\u2019Homme se poursuivent"},"content":{"rendered":"\n<p>La Ligue pour la protection des prisonniers sahraouis dans les ge\u00f4les marocaines a d\u00e9nonc\u00e9 la n\u00e9gligence m\u00e9dicale dont est victime le prisonnier civil sahraoui Brahim Dadi Ismaili, d\u00e9tenu \u00e0 la prison Ait Melloul 2, \u00e0 la p\u00e9riph\u00e9rie de la ville marocaine d&rsquo;Agadir, et la politique d&rsquo;atermoiement pratiqu\u00e9e par l&rsquo;administration p\u00e9nitentiaire.<\/p>\n\n\n\n<p>S&rsquo;appuyant sur les informations communiqu\u00e9es par la famille de Brahim Dadi Ismaili, la ligue a fait part de la d\u00e9t\u00e9rioration de son \u00e9tat de sant\u00e9 et des tergiversations de l&rsquo;administration p\u00e9nitentiaire \u00e0 le faire b\u00e9n\u00e9ficier des soins n\u00e9cessaires. Selon la ligue, la famille du prisonnier sahraoui a affirm\u00e9 que leur fils les avait inform\u00e9s mercredi dernier de ses douleurs au dos, qui l&#8217;emp\u00eachaient de bouger, de dormir, de prier ou de mener normalement sa vie quotidienne. Elle a ajout\u00e9 qu&rsquo;il n&rsquo;a pas pu effectuer l&rsquo;examen m\u00e9dical pr\u00e9vu le 16 avril, en raison, officiellement, du \u00ab\u00a0manque de mat\u00e9riel m\u00e9dical et d&rsquo;un dysfonctionnement dans l&rsquo;appareil IRM\u00a0\u00bb, d\u00e9non\u00e7ant \u00ab\u00a0une claire collusion entre l&rsquo;administration p\u00e9nitentiaire et l&rsquo;h\u00f4pital municipal d&rsquo;Agadir\u00a0\u00bb. Cette affaire met en lumi\u00e8re le traitement inhumains dont sont victimes les prisonniers sahraouis et notamment les prisonniers de Gdeim Izik assujettis aux violations quotidiennes des droits de l\u2019Homme. Le 19 juillet 2017, Brahim Dadi Ismaili a \u00e9t\u00e9 condamn\u00e9 \u00e0 la prison \u00e0 perp\u00e9tuit\u00e9 dans le cadre du d\u00e9mant\u00e8lement sauvage par la police marocaine du camp de Gdeim Izik, \u00e0 l&rsquo;est de La\u00e2youne occup\u00e9e, et ce \u00e0 l&rsquo;issue d&rsquo;un proc\u00e8s partial \u00e0 Sal\u00e9, de l&rsquo;aveu m\u00eame d&rsquo;organisations internationales des droits de l&rsquo;Homme. Ismaili a affirm\u00e9 que les documents de la police, consid\u00e9r\u00e9s comme preuve principale contre lui, sont falsifi\u00e9s et ont \u00e9t\u00e9 sign\u00e9s sous la torture, soulignant que, pendant tous les interrogatoires, il \u00e9tait questionn\u00e9 sur son militantisme en faveur de l&rsquo;autod\u00e9termination du peuple sahraoui, mais jamais sur Gdeim Izik. En octobre 2010, plus de 20 000 civils sahraouis, hommes, femmes et enfants s&rsquo;\u00e9taient r\u00e9unis spontan\u00e9ment et pacifiquement \u00e0 proximit\u00e9 de La\u00e2youne, capitale des Territoires occup\u00e9s du Sahara occidental, pour d\u00e9noncer l&rsquo;oppression sociale, \u00e9conomique et politique marocaine. Le 8 novembre 2010, les forces de s\u00e9curit\u00e9 marocaines d\u00e9mantelaient le campement dans la violence et interpelaient des centaines de manifestants pacifiques. En mars 2013, 25 militants politiques et d\u00e9fenseurs de droits humains sahraouis ont \u00e9t\u00e9 jug\u00e9s et condamn\u00e9s d\u00e9finitivement par le tribunal militaire marocain \u00e0 des peines allant de 20 ans \u00e0 la perp\u00e9tuit\u00e9 sur le fondement d&rsquo;aveux obtenus sous la torture. En novembre 2016, le Comit\u00e9 des Nations unies contre la torture (CAT) avait condamn\u00e9 le Maroc pour avoir tortur\u00e9 Na\u00e2ma Asfari, porte-parole du campement. Sa femme, la d\u00e9fenseure des droits humains, Claude Mangin et lui-m\u00eame sont encore \u00e0 ce jour, victimes de repr\u00e9sailles r\u00e9pertori\u00e9es chaque ann\u00e9e dans le rapport du Secr\u00e9taire g\u00e9n\u00e9ral des Nations unies. En 2022, le CAT a de nouveau condamn\u00e9 le Maroc pour les actes de torture commis sur deux autres membres du m\u00eame groupe de Gdeim Izik. La d\u00e9tention arbitraire d&rsquo;Ismaili a \u00e9t\u00e9 trait\u00e9e dans une communication conjointe des proc\u00e9dures sp\u00e9ciales des Nations unies, le 20 juillet 2017. Le texte souligne que l\u2019arrestation et la d\u00e9tention du groupe des d\u00e9fenseurs des droits humains sahraouis sont intervenues en r\u00e9ponse \u00e0 l&rsquo;exercice de leur droit \u00e0 la libert\u00e9 d&rsquo;expression et \u00e0 la libert\u00e9 de r\u00e9union dans le camp de Gdeim Izik. Rappelons, le Groupe de travail sur la d\u00e9tention arbitraire de l&rsquo;ONU avait not\u00e9 les conditions de d\u00e9tention d\u00e9plorables et les t\u00e9moignages de torture des prisonniers de Gdeim Izik dans son rapport par pays de 2014.<\/p>\n\n\n\n<p>R.I.<\/p>\n","protected":false},"excerpt":{"rendered":"<p>La Ligue pour la protection des prisonniers sahraouis dans les ge\u00f4les marocaines a d\u00e9nonc\u00e9 la n\u00e9gligence m\u00e9dicale dont est victime<\/p>\n","protected":false},"author":3,"featured_media":51498,"comment_status":"open","ping_status":"closed","sticky":false,"template":"","format":"standard","meta":{"colormag_page_container_layout":"default_layout","colormag_page_sidebar_layout":"default_layout","om_disable_all_campaigns":false,"_monsterinsights_skip_tracking":false,"_monsterinsights_sitenote_active":false,"_monsterinsights_sitenote_note":"","_monsterinsights_sitenote_category":0,"footnotes":"","_wpscppro_dont_share_socialmedia":false,"_wpscppro_custom_social_share_image":0,"_facebook_share_type":"","_twitter_share_type":"","_linkedin_share_type":"","_pinterest_share_type":"","_linkedin_share_type_page":"","_instagram_share_type":"","_medium_share_type":"","_threads_share_type":"","_google_business_share_type":"","_selected_social_profile":[],"_wpsp_enable_custom_social_template":false,"_wpsp_social_scheduling":{"enabled":false,"datetime":null,"platforms":[],"status":"template_only","dateOption":"today","timeOption":"now","customDays":"","customHours":"","customDate":"","customTime":"","schedulingType":"absolute"},"_wpsp_active_default_template":true},"categories":[37],"tags":[],"class_list":["post-51497","post","type-post","status-publish","format-standard","has-post-thumbnail","hentry","category-monde"],"aioseo_notices":[],"yoast_head":"<!-- This site is optimized with the Yoast SEO plugin v27.5 - https:\/\/yoast.com\/product\/yoast-seo-wordpress\/ -->\n<title>Les violations marocaines des droits de l\u2019Homme se poursuivent - La Sentinelle<\/title>\n<meta name=\"robots\" content=\"index, follow, max-snippet:-1, max-image-preview:large, max-video-preview:-1\" \/>\n<link rel=\"canonical\" href=\"https:\/\/lasentinelle.dz\/index.php\/2024\/04\/21\/les-violations-marocaines-des-droits-de-lhomme-se-poursuivent\/\" \/>\n<meta property=\"og:locale\" content=\"fr_FR\" \/>\n<meta property=\"og:type\" content=\"article\" \/>\n<meta property=\"og:title\" content=\"Les violations marocaines des droits de l\u2019Homme se poursuivent - La Sentinelle\" \/>\n<meta property=\"og:description\" content=\"La Ligue pour la protection des prisonniers sahraouis dans les ge\u00f4les marocaines a d\u00e9nonc\u00e9 la n\u00e9gligence m\u00e9dicale dont est victime\" \/>\n<meta property=\"og:url\" content=\"https:\/\/lasentinelle.dz\/index.php\/2024\/04\/21\/les-violations-marocaines-des-droits-de-lhomme-se-poursuivent\/\" \/>\n<meta property=\"og:site_name\" content=\"La Sentinelle\" \/>\n<meta property=\"article:publisher\" content=\"https:\/\/www.facebook.com\/La-Sentinelle-104059864394773\" \/>\n<meta property=\"article:published_time\" content=\"2024-04-21T19:59:00+00:00\" \/>\n<meta property=\"article:modified_time\" content=\"2024-04-21T21:40:34+00:00\" \/>\n<meta property=\"og:image\" content=\"https:\/\/lasentinelle.dz\/wp-content\/uploads\/2024\/04\/gdeim-ezik.jpeg\" \/>\n\t<meta property=\"og:image:width\" content=\"282\" \/>\n\t<meta property=\"og:image:height\" content=\"211\" \/>\n\t<meta property=\"og:image:type\" content=\"image\/jpeg\" \/>\n<meta name=\"author\" content=\"La Sentinelle\" \/>\n<meta name=\"twitter:card\" content=\"summary_large_image\" \/>\n<meta name=\"twitter:label1\" content=\"\u00c9crit par\" \/>\n\t<meta name=\"twitter:data1\" content=\"La Sentinelle\" \/>\n\t<meta name=\"twitter:label2\" content=\"Dur\u00e9e de lecture estim\u00e9e\" \/>\n\t<meta name=\"twitter:data2\" content=\"4 minutes\" \/>\n<script type=\"application\/ld+json\" class=\"yoast-schema-graph\">{\"@context\":\"https:\\\/\\\/schema.org\",\"@graph\":[{\"@type\":\"Article\",\"@id\":\"https:\\\/\\\/lasentinelle.dz\\\/index.php\\\/2024\\\/04\\\/21\\\/les-violations-marocaines-des-droits-de-lhomme-se-poursuivent\\\/#article\",\"isPartOf\":{\"@id\":\"https:\\\/\\\/lasentinelle.dz\\\/index.php\\\/2024\\\/04\\\/21\\\/les-violations-marocaines-des-droits-de-lhomme-se-poursuivent\\\/\"},\"author\":{\"name\":\"La Sentinelle\",\"@id\":\"https:\\\/\\\/lasentinelle.dz\\\/#\\\/schema\\\/person\\\/d865044e22e70a75174ce8bcad3acfb3\"},\"headline\":\"Les violations marocaines des droits de l\u2019Homme se poursuivent\",\"datePublished\":\"2024-04-21T19:59:00+00:00\",\"dateModified\":\"2024-04-21T21:40:34+00:00\",\"mainEntityOfPage\":{\"@id\":\"https:\\\/\\\/lasentinelle.dz\\\/index.php\\\/2024\\\/04\\\/21\\\/les-violations-marocaines-des-droits-de-lhomme-se-poursuivent\\\/\"},\"wordCount\":657,\"commentCount\":0,\"publisher\":{\"@id\":\"https:\\\/\\\/lasentinelle.dz\\\/#organization\"},\"image\":{\"@id\":\"https:\\\/\\\/lasentinelle.dz\\\/index.php\\\/2024\\\/04\\\/21\\\/les-violations-marocaines-des-droits-de-lhomme-se-poursuivent\\\/#primaryimage\"},\"thumbnailUrl\":\"https:\\\/\\\/lasentinelle.dz\\\/wp-content\\\/uploads\\\/2024\\\/04\\\/gdeim-ezik.jpeg\",\"articleSection\":[\"Monde\"],\"inLanguage\":\"fr-FR\",\"potentialAction\":[{\"@type\":\"CommentAction\",\"name\":\"Comment\",\"target\":[\"https:\\\/\\\/lasentinelle.dz\\\/index.php\\\/2024\\\/04\\\/21\\\/les-violations-marocaines-des-droits-de-lhomme-se-poursuivent\\\/#respond\"]}]},{\"@type\":\"WebPage\",\"@id\":\"https:\\\/\\\/lasentinelle.dz\\\/index.php\\\/2024\\\/04\\\/21\\\/les-violations-marocaines-des-droits-de-lhomme-se-poursuivent\\\/\",\"url\":\"https:\\\/\\\/lasentinelle.dz\\\/index.php\\\/2024\\\/04\\\/21\\\/les-violations-marocaines-des-droits-de-lhomme-se-poursuivent\\\/\",\"name\":\"Les violations marocaines des droits de l\u2019Homme se poursuivent - La Sentinelle\",\"isPartOf\":{\"@id\":\"https:\\\/\\\/lasentinelle.dz\\\/#website\"},\"primaryImageOfPage\":{\"@id\":\"https:\\\/\\\/lasentinelle.dz\\\/index.php\\\/2024\\\/04\\\/21\\\/les-violations-marocaines-des-droits-de-lhomme-se-poursuivent\\\/#primaryimage\"},\"image\":{\"@id\":\"https:\\\/\\\/lasentinelle.dz\\\/index.php\\\/2024\\\/04\\\/21\\\/les-violations-marocaines-des-droits-de-lhomme-se-poursuivent\\\/#primaryimage\"},\"thumbnailUrl\":\"https:\\\/\\\/lasentinelle.dz\\\/wp-content\\\/uploads\\\/2024\\\/04\\\/gdeim-ezik.jpeg\",\"datePublished\":\"2024-04-21T19:59:00+00:00\",\"dateModified\":\"2024-04-21T21:40:34+00:00\",\"breadcrumb\":{\"@id\":\"https:\\\/\\\/lasentinelle.dz\\\/index.php\\\/2024\\\/04\\\/21\\\/les-violations-marocaines-des-droits-de-lhomme-se-poursuivent\\\/#breadcrumb\"},\"inLanguage\":\"fr-FR\",\"potentialAction\":[{\"@type\":\"ReadAction\",\"target\":[\"https:\\\/\\\/lasentinelle.dz\\\/index.php\\\/2024\\\/04\\\/21\\\/les-violations-marocaines-des-droits-de-lhomme-se-poursuivent\\\/\"]}]},{\"@type\":\"ImageObject\",\"inLanguage\":\"fr-FR\",\"@id\":\"https:\\\/\\\/lasentinelle.dz\\\/index.php\\\/2024\\\/04\\\/21\\\/les-violations-marocaines-des-droits-de-lhomme-se-poursuivent\\\/#primaryimage\",\"url\":\"https:\\\/\\\/lasentinelle.dz\\\/wp-content\\\/uploads\\\/2024\\\/04\\\/gdeim-ezik.jpeg\",\"contentUrl\":\"https:\\\/\\\/lasentinelle.dz\\\/wp-content\\\/uploads\\\/2024\\\/04\\\/gdeim-ezik.jpeg\",\"width\":282,\"height\":211},{\"@type\":\"BreadcrumbList\",\"@id\":\"https:\\\/\\\/lasentinelle.dz\\\/index.php\\\/2024\\\/04\\\/21\\\/les-violations-marocaines-des-droits-de-lhomme-se-poursuivent\\\/#breadcrumb\",\"itemListElement\":[{\"@type\":\"ListItem\",\"position\":1,\"name\":\"Accueil\",\"item\":\"https:\\\/\\\/lasentinelle.dz\\\/\"},{\"@type\":\"ListItem\",\"position\":2,\"name\":\"Les violations marocaines des droits de l\u2019Homme se poursuivent\"}]},{\"@type\":\"WebSite\",\"@id\":\"https:\\\/\\\/lasentinelle.dz\\\/#website\",\"url\":\"https:\\\/\\\/lasentinelle.dz\\\/\",\"name\":\"La Sentinelle\",\"description\":\"Quotidien national d&#039;information\",\"publisher\":{\"@id\":\"https:\\\/\\\/lasentinelle.dz\\\/#organization\"},\"potentialAction\":[{\"@type\":\"SearchAction\",\"target\":{\"@type\":\"EntryPoint\",\"urlTemplate\":\"https:\\\/\\\/lasentinelle.dz\\\/?s={search_term_string}\"},\"query-input\":{\"@type\":\"PropertyValueSpecification\",\"valueRequired\":true,\"valueName\":\"search_term_string\"}}],\"inLanguage\":\"fr-FR\"},{\"@type\":\"Organization\",\"@id\":\"https:\\\/\\\/lasentinelle.dz\\\/#organization\",\"name\":\"Quotidien La Sentinelle\",\"url\":\"https:\\\/\\\/lasentinelle.dz\\\/\",\"logo\":{\"@type\":\"ImageObject\",\"inLanguage\":\"fr-FR\",\"@id\":\"https:\\\/\\\/lasentinelle.dz\\\/#\\\/schema\\\/logo\\\/image\\\/\",\"url\":\"https:\\\/\\\/lasentinelle.dz\\\/wp-content\\\/uploads\\\/2021\\\/09\\\/logo-sentinelleSLOGAN-1.png\",\"contentUrl\":\"https:\\\/\\\/lasentinelle.dz\\\/wp-content\\\/uploads\\\/2021\\\/09\\\/logo-sentinelleSLOGAN-1.png\",\"width\":615,\"height\":142,\"caption\":\"Quotidien La Sentinelle\"},\"image\":{\"@id\":\"https:\\\/\\\/lasentinelle.dz\\\/#\\\/schema\\\/logo\\\/image\\\/\"},\"sameAs\":[\"https:\\\/\\\/www.facebook.com\\\/La-Sentinelle-104059864394773\"]},{\"@type\":\"Person\",\"@id\":\"https:\\\/\\\/lasentinelle.dz\\\/#\\\/schema\\\/person\\\/d865044e22e70a75174ce8bcad3acfb3\",\"name\":\"La Sentinelle\",\"image\":{\"@type\":\"ImageObject\",\"inLanguage\":\"fr-FR\",\"@id\":\"https:\\\/\\\/secure.gravatar.com\\\/avatar\\\/57de8e5d4b15d43fb361a71fbb36338450fe67865b528a43dd10ef7c51a20392?s=96&d=mm&r=g\",\"url\":\"https:\\\/\\\/secure.gravatar.com\\\/avatar\\\/57de8e5d4b15d43fb361a71fbb36338450fe67865b528a43dd10ef7c51a20392?s=96&d=mm&r=g\",\"contentUrl\":\"https:\\\/\\\/secure.gravatar.com\\\/avatar\\\/57de8e5d4b15d43fb361a71fbb36338450fe67865b528a43dd10ef7c51a20392?s=96&d=mm&r=g\",\"caption\":\"La Sentinelle\"},\"sameAs\":[\"http:\\\/\\\/www.lasentinelle.dz\"],\"url\":\"https:\\\/\\\/lasentinelle.dz\\\/author\\\/redaction\\\/\"}]}<\/script>\n<!-- \/ Yoast SEO plugin. -->","yoast_head_json":{"title":"Les violations marocaines des droits de l\u2019Homme se poursuivent - La Sentinelle","robots":{"index":"index","follow":"follow","max-snippet":"max-snippet:-1","max-image-preview":"max-image-preview:large","max-video-preview":"max-video-preview:-1"},"canonical":"https:\/\/lasentinelle.dz\/index.php\/2024\/04\/21\/les-violations-marocaines-des-droits-de-lhomme-se-poursuivent\/","og_locale":"fr_FR","og_type":"article","og_title":"Les violations marocaines des droits de l\u2019Homme se poursuivent - La Sentinelle","og_description":"La Ligue pour la protection des prisonniers sahraouis dans les ge\u00f4les marocaines a d\u00e9nonc\u00e9 la n\u00e9gligence m\u00e9dicale dont est victime","og_url":"https:\/\/lasentinelle.dz\/index.php\/2024\/04\/21\/les-violations-marocaines-des-droits-de-lhomme-se-poursuivent\/","og_site_name":"La Sentinelle","article_publisher":"https:\/\/www.facebook.com\/La-Sentinelle-104059864394773","article_published_time":"2024-04-21T19:59:00+00:00","article_modified_time":"2024-04-21T21:40:34+00:00","og_image":[{"width":282,"height":211,"url":"https:\/\/lasentinelle.dz\/wp-content\/uploads\/2024\/04\/gdeim-ezik.jpeg","type":"image\/jpeg"}],"author":"La Sentinelle","twitter_card":"summary_large_image","twitter_misc":{"\u00c9crit par":"La Sentinelle","Dur\u00e9e de lecture estim\u00e9e":"4 minutes"},"schema":{"@context":"https:\/\/schema.org","@graph":[{"@type":"Article","@id":"https:\/\/lasentinelle.dz\/index.php\/2024\/04\/21\/les-violations-marocaines-des-droits-de-lhomme-se-poursuivent\/#article","isPartOf":{"@id":"https:\/\/lasentinelle.dz\/index.php\/2024\/04\/21\/les-violations-marocaines-des-droits-de-lhomme-se-poursuivent\/"},"author":{"name":"La Sentinelle","@id":"https:\/\/lasentinelle.dz\/#\/schema\/person\/d865044e22e70a75174ce8bcad3acfb3"},"headline":"Les violations marocaines des droits de l\u2019Homme se poursuivent","datePublished":"2024-04-21T19:59:00+00:00","dateModified":"2024-04-21T21:40:34+00:00","mainEntityOfPage":{"@id":"https:\/\/lasentinelle.dz\/index.php\/2024\/04\/21\/les-violations-marocaines-des-droits-de-lhomme-se-poursuivent\/"},"wordCount":657,"commentCount":0,"publisher":{"@id":"https:\/\/lasentinelle.dz\/#organization"},"image":{"@id":"https:\/\/lasentinelle.dz\/index.php\/2024\/04\/21\/les-violations-marocaines-des-droits-de-lhomme-se-poursuivent\/#primaryimage"},"thumbnailUrl":"https:\/\/lasentinelle.dz\/wp-content\/uploads\/2024\/04\/gdeim-ezik.jpeg","articleSection":["Monde"],"inLanguage":"fr-FR","potentialAction":[{"@type":"CommentAction","name":"Comment","target":["https:\/\/lasentinelle.dz\/index.php\/2024\/04\/21\/les-violations-marocaines-des-droits-de-lhomme-se-poursuivent\/#respond"]}]},{"@type":"WebPage","@id":"https:\/\/lasentinelle.dz\/index.php\/2024\/04\/21\/les-violations-marocaines-des-droits-de-lhomme-se-poursuivent\/","url":"https:\/\/lasentinelle.dz\/index.php\/2024\/04\/21\/les-violations-marocaines-des-droits-de-lhomme-se-poursuivent\/","name":"Les violations marocaines des droits de l\u2019Homme se poursuivent - La Sentinelle","isPartOf":{"@id":"https:\/\/lasentinelle.dz\/#website"},"primaryImageOfPage":{"@id":"https:\/\/lasentinelle.dz\/index.php\/2024\/04\/21\/les-violations-marocaines-des-droits-de-lhomme-se-poursuivent\/#primaryimage"},"image":{"@id":"https:\/\/lasentinelle.dz\/index.php\/2024\/04\/21\/les-violations-marocaines-des-droits-de-lhomme-se-poursuivent\/#primaryimage"},"thumbnailUrl":"https:\/\/lasentinelle.dz\/wp-content\/uploads\/2024\/04\/gdeim-ezik.jpeg","datePublished":"2024-04-21T19:59:00+00:00","dateModified":"2024-04-21T21:40:34+00:00","breadcrumb":{"@id":"https:\/\/lasentinelle.dz\/index.php\/2024\/04\/21\/les-violations-marocaines-des-droits-de-lhomme-se-poursuivent\/#breadcrumb"},"inLanguage":"fr-FR","potentialAction":[{"@type":"ReadAction","target":["https:\/\/lasentinelle.dz\/index.php\/2024\/04\/21\/les-violations-marocaines-des-droits-de-lhomme-se-poursuivent\/"]}]},{"@type":"ImageObject","inLanguage":"fr-FR","@id":"https:\/\/lasentinelle.dz\/index.php\/2024\/04\/21\/les-violations-marocaines-des-droits-de-lhomme-se-poursuivent\/#primaryimage","url":"https:\/\/lasentinelle.dz\/wp-content\/uploads\/2024\/04\/gdeim-ezik.jpeg","contentUrl":"https:\/\/lasentinelle.dz\/wp-content\/uploads\/2024\/04\/gdeim-ezik.jpeg","width":282,"height":211},{"@type":"BreadcrumbList","@id":"https:\/\/lasentinelle.dz\/index.php\/2024\/04\/21\/les-violations-marocaines-des-droits-de-lhomme-se-poursuivent\/#breadcrumb","itemListElement":[{"@type":"ListItem","position":1,"name":"Accueil","item":"https:\/\/lasentinelle.dz\/"},{"@type":"ListItem","position":2,"name":"Les violations marocaines des droits de l\u2019Homme se poursuivent"}]},{"@type":"WebSite","@id":"https:\/\/lasentinelle.dz\/#website","url":"https:\/\/lasentinelle.dz\/","name":"La Sentinelle","description":"Quotidien national d&#039;information","publisher":{"@id":"https:\/\/lasentinelle.dz\/#organization"},"potentialAction":[{"@type":"SearchAction","target":{"@type":"EntryPoint","urlTemplate":"https:\/\/lasentinelle.dz\/?s={search_term_string}"},"query-input":{"@type":"PropertyValueSpecification","valueRequired":true,"valueName":"search_term_string"}}],"inLanguage":"fr-FR"},{"@type":"Organization","@id":"https:\/\/lasentinelle.dz\/#organization","name":"Quotidien La Sentinelle","url":"https:\/\/lasentinelle.dz\/","logo":{"@type":"ImageObject","inLanguage":"fr-FR","@id":"https:\/\/lasentinelle.dz\/#\/schema\/logo\/image\/","url":"https:\/\/lasentinelle.dz\/wp-content\/uploads\/2021\/09\/logo-sentinelleSLOGAN-1.png","contentUrl":"https:\/\/lasentinelle.dz\/wp-content\/uploads\/2021\/09\/logo-sentinelleSLOGAN-1.png","width":615,"height":142,"caption":"Quotidien La Sentinelle"},"image":{"@id":"https:\/\/lasentinelle.dz\/#\/schema\/logo\/image\/"},"sameAs":["https:\/\/www.facebook.com\/La-Sentinelle-104059864394773"]},{"@type":"Person","@id":"https:\/\/lasentinelle.dz\/#\/schema\/person\/d865044e22e70a75174ce8bcad3acfb3","name":"La Sentinelle","image":{"@type":"ImageObject","inLanguage":"fr-FR","@id":"https:\/\/secure.gravatar.com\/avatar\/57de8e5d4b15d43fb361a71fbb36338450fe67865b528a43dd10ef7c51a20392?s=96&d=mm&r=g","url":"https:\/\/secure.gravatar.com\/avatar\/57de8e5d4b15d43fb361a71fbb36338450fe67865b528a43dd10ef7c51a20392?s=96&d=mm&r=g","contentUrl":"https:\/\/secure.gravatar.com\/avatar\/57de8e5d4b15d43fb361a71fbb36338450fe67865b528a43dd10ef7c51a20392?s=96&d=mm&r=g","caption":"La Sentinelle"},"sameAs":["http:\/\/www.lasentinelle.dz"],"url":"https:\/\/lasentinelle.dz\/author\/redaction\/"}]}},"_links":{"self":[{"href":"https:\/\/lasentinelle.dz\/index.php\/wp-json\/wp\/v2\/posts\/51497","targetHints":{"allow":["GET"]}}],"collection":[{"href":"https:\/\/lasentinelle.dz\/index.php\/wp-json\/wp\/v2\/posts"}],"about":[{"href":"https:\/\/lasentinelle.dz\/index.php\/wp-json\/wp\/v2\/types\/post"}],"author":[{"embeddable":true,"href":"https:\/\/lasentinelle.dz\/index.php\/wp-json\/wp\/v2\/users\/3"}],"replies":[{"embeddable":true,"href":"https:\/\/lasentinelle.dz\/index.php\/wp-json\/wp\/v2\/comments?post=51497"}],"version-history":[{"count":1,"href":"https:\/\/lasentinelle.dz\/index.php\/wp-json\/wp\/v2\/posts\/51497\/revisions"}],"predecessor-version":[{"id":51499,"href":"https:\/\/lasentinelle.dz\/index.php\/wp-json\/wp\/v2\/posts\/51497\/revisions\/51499"}],"wp:featuredmedia":[{"embeddable":true,"href":"https:\/\/lasentinelle.dz\/index.php\/wp-json\/wp\/v2\/media\/51498"}],"wp:attachment":[{"href":"https:\/\/lasentinelle.dz\/index.php\/wp-json\/wp\/v2\/media?parent=51497"}],"wp:term":[{"taxonomy":"category","embeddable":true,"href":"https:\/\/lasentinelle.dz\/index.php\/wp-json\/wp\/v2\/categories?post=51497"},{"taxonomy":"post_tag","embeddable":true,"href":"https:\/\/lasentinelle.dz\/index.php\/wp-json\/wp\/v2\/tags?post=51497"}],"curies":[{"name":"wp","href":"https:\/\/api.w.org\/{rel}","templated":true}]}}