{"id":51561,"date":"2024-04-23T14:27:38","date_gmt":"2024-04-23T13:27:38","guid":{"rendered":"https:\/\/lasentinelle.dz\/?p=51561"},"modified":"2024-04-23T14:27:45","modified_gmt":"2024-04-23T13:27:45","slug":"le-comite-devaluation-de-lonu-blanchit-lunrwa-des-accusations-israeliennes","status":"publish","type":"post","link":"https:\/\/lasentinelle.dz\/index.php\/2024\/04\/23\/le-comite-devaluation-de-lonu-blanchit-lunrwa-des-accusations-israeliennes\/","title":{"rendered":"Le comit\u00e9 d&rsquo;\u00e9valuation de l\u2019ONU blanchit l\u2019UNRWA des accusations isra\u00e9liennes"},"content":{"rendered":"\n<p>Le comit\u00e9 ind\u00e9pendant charg\u00e9 d&rsquo;\u00e9valuer le fonctionnement de l&rsquo;agence de l&rsquo;Onu pour les r\u00e9fugi\u00e9s palestiniens (UNRWA), a blanchi l\u2019agence des accusations de l\u2019entit\u00e9 sioniste qui pr\u00e9tend que 12 employ\u00e9s d&rsquo;\u00eatre impliqu\u00e9s dans l\u2019op\u00e9ration d\u00e9luge d\u2019Al Aqsa. Le comit\u00e9 ind\u00e9pendant dirig\u00e9 par l\u2019ancien ministre fran\u00e7aise des Affaires \u00e9trang\u00e8res Catherine Colonna estime, dans son rapport final publi\u00e9 hier que l\u2019UNRWA est en conformit\u00e9 avec les principes de neutralit\u00e9 dict\u00e9s par le droit humanitaire. Il est notamment pr\u00e9cis\u00e9 que l&rsquo;UNRWA a mis en place un cadre de fonctionnement \u00ab\u00a0robuste\u00a0\u00bb pour assurer sa neutralit\u00e9.<\/p>\n\n\n\n<p>S&rsquo;agissant des accusations isra\u00e9lienne, le rapport souligne que le pays \u00ab\u00a0doit encore en fournir la preuve\u00a0\u00bb. Catherine Colonna avait \u00e9t\u00e9 nomm\u00e9e le 5 f\u00e9vrier pour passer au crible les proc\u00e9dures de l&rsquo;agence onusienne quant \u00e0 son imp\u00e9ratif de \u00ab\u00a0neutralit\u00e9\u00a0\u00bb et sa gestion des risques en la mati\u00e8re. Le comit\u00e9 a travaill\u00e9 en collaboration avec l&rsquo;Institut Raoul Wallenberg des droits de l&rsquo;homme et du droit humanitaire (Su\u00e8de), l&rsquo;Institut Chr. Michelsen (Norv\u00e8ge), et l&rsquo;Institut danois des droits de l&rsquo;homme. Cet audit vient en compl\u00e9ment de l&rsquo;enqu\u00eate interne diligent\u00e9e par le commissaire g\u00e9n\u00e9ral de l&rsquo;UNRWA, Philippe Lazzarini, alors que l\u2019agence avait licenci\u00e9 les 12 agents en question. Il est utile de rappeler que l\u2019entit\u00e9 sioniste a lanc\u00e9 une campagne de diffamation et de d\u00e9nigrement de l\u2019agence onusienne au lendemain de la d\u00e9cision de Cour international de justice reconnaissant l\u2019existence d\u2019un risque r\u00e9el de g\u00e9nocide \u00e0 Ghaza. Une campagne lanc\u00e9e dans le seul objectif de liquider l\u2019UNRWA, t\u00e9moin des exactions isra\u00e9liennes, mais aussi d\u2019enterrer la question des r\u00e9fugi\u00e9s palestiniens et de leur droit au retour. Suite \u00e0 cette campagne, plusieurs pays occidentaux ont d\u00e9cid\u00e9 de suspendre leurs financements de l\u2019agence onusienne, sans que l\u2019entit\u00e9 sioniste ne fournisse la moindre preuve soutenant ses accusations, entravant ainsi le travail de l\u2019agence et contribuant \u00e0 l\u2019aggravation de la crise humanitaire et la famine \u00e0 Ghaza.<\/p>\n\n\n\n<p>Samir Benisid<\/p>\n","protected":false},"excerpt":{"rendered":"<p>Le comit\u00e9 ind\u00e9pendant charg\u00e9 d&rsquo;\u00e9valuer le fonctionnement de l&rsquo;agence de l&rsquo;Onu pour les r\u00e9fugi\u00e9s palestiniens (UNRWA), a blanchi l\u2019agence des<\/p>\n","protected":false},"author":3,"featured_media":50556,"comment_status":"open","ping_status":"closed","sticky":false,"template":"","format":"standard","meta":{"colormag_page_container_layout":"default_layout","colormag_page_sidebar_layout":"default_layout","om_disable_all_campaigns":false,"_monsterinsights_skip_tracking":false,"_monsterinsights_sitenote_active":false,"_monsterinsights_sitenote_note":"","_monsterinsights_sitenote_category":0,"footnotes":"","_wpscppro_dont_share_socialmedia":false,"_wpscppro_custom_social_share_image":0,"_facebook_share_type":"","_twitter_share_type":"","_linkedin_share_type":"","_pinterest_share_type":"","_linkedin_share_type_page":"","_instagram_share_type":"","_medium_share_type":"","_threads_share_type":"","_google_business_share_type":"","_selected_social_profile":[],"_wpsp_enable_custom_social_template":false,"_wpsp_social_scheduling":{"enabled":false,"datetime":null,"platforms":[],"status":"template_only","dateOption":"today","timeOption":"now","customDays":"","customHours":"","customDate":"","customTime":"","schedulingType":"absolute"},"_wpsp_active_default_template":true},"categories":[27],"tags":[],"class_list":["post-51561","post","type-post","status-publish","format-standard","has-post-thumbnail","hentry","category-actualite"],"aioseo_notices":[],"yoast_head":"<!-- This site is optimized with the Yoast SEO plugin v27.4 - https:\/\/yoast.com\/product\/yoast-seo-wordpress\/ -->\n<title>Le comit\u00e9 d&rsquo;\u00e9valuation de l\u2019ONU blanchit l\u2019UNRWA des accusations isra\u00e9liennes - La Sentinelle<\/title>\n<meta name=\"robots\" content=\"index, follow, max-snippet:-1, max-image-preview:large, max-video-preview:-1\" \/>\n<link rel=\"canonical\" href=\"https:\/\/lasentinelle.dz\/index.php\/2024\/04\/23\/le-comite-devaluation-de-lonu-blanchit-lunrwa-des-accusations-israeliennes\/\" \/>\n<meta property=\"og:locale\" content=\"fr_FR\" \/>\n<meta property=\"og:type\" content=\"article\" \/>\n<meta property=\"og:title\" content=\"Le comit\u00e9 d&rsquo;\u00e9valuation de l\u2019ONU blanchit l\u2019UNRWA des accusations isra\u00e9liennes - La Sentinelle\" \/>\n<meta property=\"og:description\" content=\"Le comit\u00e9 ind\u00e9pendant charg\u00e9 d&rsquo;\u00e9valuer le fonctionnement de l&rsquo;agence de l&rsquo;Onu pour les r\u00e9fugi\u00e9s palestiniens (UNRWA), a blanchi l\u2019agence des\" \/>\n<meta property=\"og:url\" content=\"https:\/\/lasentinelle.dz\/index.php\/2024\/04\/23\/le-comite-devaluation-de-lonu-blanchit-lunrwa-des-accusations-israeliennes\/\" \/>\n<meta property=\"og:site_name\" content=\"La Sentinelle\" \/>\n<meta property=\"article:publisher\" content=\"https:\/\/www.facebook.com\/La-Sentinelle-104059864394773\" \/>\n<meta property=\"article:published_time\" content=\"2024-04-23T13:27:38+00:00\" \/>\n<meta property=\"article:modified_time\" content=\"2024-04-23T13:27:45+00:00\" \/>\n<meta property=\"og:image\" content=\"https:\/\/lasentinelle.dz\/wp-content\/uploads\/2024\/03\/uNRWA.jpeg\" \/>\n\t<meta property=\"og:image:width\" content=\"1320\" \/>\n\t<meta property=\"og:image:height\" content=\"880\" \/>\n\t<meta property=\"og:image:type\" content=\"image\/jpeg\" \/>\n<meta name=\"author\" content=\"La Sentinelle\" \/>\n<meta name=\"twitter:card\" content=\"summary_large_image\" \/>\n<meta name=\"twitter:label1\" content=\"\u00c9crit par\" \/>\n\t<meta name=\"twitter:data1\" content=\"La Sentinelle\" \/>\n\t<meta name=\"twitter:label2\" content=\"Dur\u00e9e de lecture estim\u00e9e\" \/>\n\t<meta name=\"twitter:data2\" content=\"2 minutes\" \/>\n<script type=\"application\/ld+json\" class=\"yoast-schema-graph\">{\"@context\":\"https:\\\/\\\/schema.org\",\"@graph\":[{\"@type\":\"Article\",\"@id\":\"https:\\\/\\\/lasentinelle.dz\\\/index.php\\\/2024\\\/04\\\/23\\\/le-comite-devaluation-de-lonu-blanchit-lunrwa-des-accusations-israeliennes\\\/#article\",\"isPartOf\":{\"@id\":\"https:\\\/\\\/lasentinelle.dz\\\/index.php\\\/2024\\\/04\\\/23\\\/le-comite-devaluation-de-lonu-blanchit-lunrwa-des-accusations-israeliennes\\\/\"},\"author\":{\"name\":\"La Sentinelle\",\"@id\":\"https:\\\/\\\/lasentinelle.dz\\\/#\\\/schema\\\/person\\\/d865044e22e70a75174ce8bcad3acfb3\"},\"headline\":\"Le comit\u00e9 d&rsquo;\u00e9valuation de l\u2019ONU blanchit l\u2019UNRWA des accusations isra\u00e9liennes\",\"datePublished\":\"2024-04-23T13:27:38+00:00\",\"dateModified\":\"2024-04-23T13:27:45+00:00\",\"mainEntityOfPage\":{\"@id\":\"https:\\\/\\\/lasentinelle.dz\\\/index.php\\\/2024\\\/04\\\/23\\\/le-comite-devaluation-de-lonu-blanchit-lunrwa-des-accusations-israeliennes\\\/\"},\"wordCount\":384,\"commentCount\":0,\"publisher\":{\"@id\":\"https:\\\/\\\/lasentinelle.dz\\\/#organization\"},\"image\":{\"@id\":\"https:\\\/\\\/lasentinelle.dz\\\/index.php\\\/2024\\\/04\\\/23\\\/le-comite-devaluation-de-lonu-blanchit-lunrwa-des-accusations-israeliennes\\\/#primaryimage\"},\"thumbnailUrl\":\"https:\\\/\\\/lasentinelle.dz\\\/wp-content\\\/uploads\\\/2024\\\/03\\\/uNRWA.jpeg\",\"articleSection\":[\"Actualit\u00e9\"],\"inLanguage\":\"fr-FR\",\"potentialAction\":[{\"@type\":\"CommentAction\",\"name\":\"Comment\",\"target\":[\"https:\\\/\\\/lasentinelle.dz\\\/index.php\\\/2024\\\/04\\\/23\\\/le-comite-devaluation-de-lonu-blanchit-lunrwa-des-accusations-israeliennes\\\/#respond\"]}]},{\"@type\":\"WebPage\",\"@id\":\"https:\\\/\\\/lasentinelle.dz\\\/index.php\\\/2024\\\/04\\\/23\\\/le-comite-devaluation-de-lonu-blanchit-lunrwa-des-accusations-israeliennes\\\/\",\"url\":\"https:\\\/\\\/lasentinelle.dz\\\/index.php\\\/2024\\\/04\\\/23\\\/le-comite-devaluation-de-lonu-blanchit-lunrwa-des-accusations-israeliennes\\\/\",\"name\":\"Le comit\u00e9 d&rsquo;\u00e9valuation de l\u2019ONU blanchit l\u2019UNRWA des accusations isra\u00e9liennes - La Sentinelle\",\"isPartOf\":{\"@id\":\"https:\\\/\\\/lasentinelle.dz\\\/#website\"},\"primaryImageOfPage\":{\"@id\":\"https:\\\/\\\/lasentinelle.dz\\\/index.php\\\/2024\\\/04\\\/23\\\/le-comite-devaluation-de-lonu-blanchit-lunrwa-des-accusations-israeliennes\\\/#primaryimage\"},\"image\":{\"@id\":\"https:\\\/\\\/lasentinelle.dz\\\/index.php\\\/2024\\\/04\\\/23\\\/le-comite-devaluation-de-lonu-blanchit-lunrwa-des-accusations-israeliennes\\\/#primaryimage\"},\"thumbnailUrl\":\"https:\\\/\\\/lasentinelle.dz\\\/wp-content\\\/uploads\\\/2024\\\/03\\\/uNRWA.jpeg\",\"datePublished\":\"2024-04-23T13:27:38+00:00\",\"dateModified\":\"2024-04-23T13:27:45+00:00\",\"breadcrumb\":{\"@id\":\"https:\\\/\\\/lasentinelle.dz\\\/index.php\\\/2024\\\/04\\\/23\\\/le-comite-devaluation-de-lonu-blanchit-lunrwa-des-accusations-israeliennes\\\/#breadcrumb\"},\"inLanguage\":\"fr-FR\",\"potentialAction\":[{\"@type\":\"ReadAction\",\"target\":[\"https:\\\/\\\/lasentinelle.dz\\\/index.php\\\/2024\\\/04\\\/23\\\/le-comite-devaluation-de-lonu-blanchit-lunrwa-des-accusations-israeliennes\\\/\"]}]},{\"@type\":\"ImageObject\",\"inLanguage\":\"fr-FR\",\"@id\":\"https:\\\/\\\/lasentinelle.dz\\\/index.php\\\/2024\\\/04\\\/23\\\/le-comite-devaluation-de-lonu-blanchit-lunrwa-des-accusations-israeliennes\\\/#primaryimage\",\"url\":\"https:\\\/\\\/lasentinelle.dz\\\/wp-content\\\/uploads\\\/2024\\\/03\\\/uNRWA.jpeg\",\"contentUrl\":\"https:\\\/\\\/lasentinelle.dz\\\/wp-content\\\/uploads\\\/2024\\\/03\\\/uNRWA.jpeg\",\"width\":1320,\"height\":880},{\"@type\":\"BreadcrumbList\",\"@id\":\"https:\\\/\\\/lasentinelle.dz\\\/index.php\\\/2024\\\/04\\\/23\\\/le-comite-devaluation-de-lonu-blanchit-lunrwa-des-accusations-israeliennes\\\/#breadcrumb\",\"itemListElement\":[{\"@type\":\"ListItem\",\"position\":1,\"name\":\"Accueil\",\"item\":\"https:\\\/\\\/lasentinelle.dz\\\/\"},{\"@type\":\"ListItem\",\"position\":2,\"name\":\"Le comit\u00e9 d&rsquo;\u00e9valuation de l\u2019ONU blanchit l\u2019UNRWA des accusations isra\u00e9liennes\"}]},{\"@type\":\"WebSite\",\"@id\":\"https:\\\/\\\/lasentinelle.dz\\\/#website\",\"url\":\"https:\\\/\\\/lasentinelle.dz\\\/\",\"name\":\"La Sentinelle\",\"description\":\"Quotidien national d&#039;information\",\"publisher\":{\"@id\":\"https:\\\/\\\/lasentinelle.dz\\\/#organization\"},\"potentialAction\":[{\"@type\":\"SearchAction\",\"target\":{\"@type\":\"EntryPoint\",\"urlTemplate\":\"https:\\\/\\\/lasentinelle.dz\\\/?s={search_term_string}\"},\"query-input\":{\"@type\":\"PropertyValueSpecification\",\"valueRequired\":true,\"valueName\":\"search_term_string\"}}],\"inLanguage\":\"fr-FR\"},{\"@type\":\"Organization\",\"@id\":\"https:\\\/\\\/lasentinelle.dz\\\/#organization\",\"name\":\"Quotidien La Sentinelle\",\"url\":\"https:\\\/\\\/lasentinelle.dz\\\/\",\"logo\":{\"@type\":\"ImageObject\",\"inLanguage\":\"fr-FR\",\"@id\":\"https:\\\/\\\/lasentinelle.dz\\\/#\\\/schema\\\/logo\\\/image\\\/\",\"url\":\"https:\\\/\\\/lasentinelle.dz\\\/wp-content\\\/uploads\\\/2021\\\/09\\\/logo-sentinelleSLOGAN-1.png\",\"contentUrl\":\"https:\\\/\\\/lasentinelle.dz\\\/wp-content\\\/uploads\\\/2021\\\/09\\\/logo-sentinelleSLOGAN-1.png\",\"width\":615,\"height\":142,\"caption\":\"Quotidien La Sentinelle\"},\"image\":{\"@id\":\"https:\\\/\\\/lasentinelle.dz\\\/#\\\/schema\\\/logo\\\/image\\\/\"},\"sameAs\":[\"https:\\\/\\\/www.facebook.com\\\/La-Sentinelle-104059864394773\"]},{\"@type\":\"Person\",\"@id\":\"https:\\\/\\\/lasentinelle.dz\\\/#\\\/schema\\\/person\\\/d865044e22e70a75174ce8bcad3acfb3\",\"name\":\"La Sentinelle\",\"image\":{\"@type\":\"ImageObject\",\"inLanguage\":\"fr-FR\",\"@id\":\"https:\\\/\\\/secure.gravatar.com\\\/avatar\\\/57de8e5d4b15d43fb361a71fbb36338450fe67865b528a43dd10ef7c51a20392?s=96&d=mm&r=g\",\"url\":\"https:\\\/\\\/secure.gravatar.com\\\/avatar\\\/57de8e5d4b15d43fb361a71fbb36338450fe67865b528a43dd10ef7c51a20392?s=96&d=mm&r=g\",\"contentUrl\":\"https:\\\/\\\/secure.gravatar.com\\\/avatar\\\/57de8e5d4b15d43fb361a71fbb36338450fe67865b528a43dd10ef7c51a20392?s=96&d=mm&r=g\",\"caption\":\"La Sentinelle\"},\"sameAs\":[\"http:\\\/\\\/www.lasentinelle.dz\"],\"url\":\"https:\\\/\\\/lasentinelle.dz\\\/author\\\/redaction\\\/\"}]}<\/script>\n<!-- \/ Yoast SEO plugin. -->","yoast_head_json":{"title":"Le comit\u00e9 d&rsquo;\u00e9valuation de l\u2019ONU blanchit l\u2019UNRWA des accusations isra\u00e9liennes - La Sentinelle","robots":{"index":"index","follow":"follow","max-snippet":"max-snippet:-1","max-image-preview":"max-image-preview:large","max-video-preview":"max-video-preview:-1"},"canonical":"https:\/\/lasentinelle.dz\/index.php\/2024\/04\/23\/le-comite-devaluation-de-lonu-blanchit-lunrwa-des-accusations-israeliennes\/","og_locale":"fr_FR","og_type":"article","og_title":"Le comit\u00e9 d&rsquo;\u00e9valuation de l\u2019ONU blanchit l\u2019UNRWA des accusations isra\u00e9liennes - La Sentinelle","og_description":"Le comit\u00e9 ind\u00e9pendant charg\u00e9 d&rsquo;\u00e9valuer le fonctionnement de l&rsquo;agence de l&rsquo;Onu pour les r\u00e9fugi\u00e9s palestiniens (UNRWA), a blanchi l\u2019agence des","og_url":"https:\/\/lasentinelle.dz\/index.php\/2024\/04\/23\/le-comite-devaluation-de-lonu-blanchit-lunrwa-des-accusations-israeliennes\/","og_site_name":"La Sentinelle","article_publisher":"https:\/\/www.facebook.com\/La-Sentinelle-104059864394773","article_published_time":"2024-04-23T13:27:38+00:00","article_modified_time":"2024-04-23T13:27:45+00:00","og_image":[{"width":1320,"height":880,"url":"https:\/\/lasentinelle.dz\/wp-content\/uploads\/2024\/03\/uNRWA.jpeg","type":"image\/jpeg"}],"author":"La Sentinelle","twitter_card":"summary_large_image","twitter_misc":{"\u00c9crit par":"La Sentinelle","Dur\u00e9e de lecture estim\u00e9e":"2 minutes"},"schema":{"@context":"https:\/\/schema.org","@graph":[{"@type":"Article","@id":"https:\/\/lasentinelle.dz\/index.php\/2024\/04\/23\/le-comite-devaluation-de-lonu-blanchit-lunrwa-des-accusations-israeliennes\/#article","isPartOf":{"@id":"https:\/\/lasentinelle.dz\/index.php\/2024\/04\/23\/le-comite-devaluation-de-lonu-blanchit-lunrwa-des-accusations-israeliennes\/"},"author":{"name":"La Sentinelle","@id":"https:\/\/lasentinelle.dz\/#\/schema\/person\/d865044e22e70a75174ce8bcad3acfb3"},"headline":"Le comit\u00e9 d&rsquo;\u00e9valuation de l\u2019ONU blanchit l\u2019UNRWA des accusations isra\u00e9liennes","datePublished":"2024-04-23T13:27:38+00:00","dateModified":"2024-04-23T13:27:45+00:00","mainEntityOfPage":{"@id":"https:\/\/lasentinelle.dz\/index.php\/2024\/04\/23\/le-comite-devaluation-de-lonu-blanchit-lunrwa-des-accusations-israeliennes\/"},"wordCount":384,"commentCount":0,"publisher":{"@id":"https:\/\/lasentinelle.dz\/#organization"},"image":{"@id":"https:\/\/lasentinelle.dz\/index.php\/2024\/04\/23\/le-comite-devaluation-de-lonu-blanchit-lunrwa-des-accusations-israeliennes\/#primaryimage"},"thumbnailUrl":"https:\/\/lasentinelle.dz\/wp-content\/uploads\/2024\/03\/uNRWA.jpeg","articleSection":["Actualit\u00e9"],"inLanguage":"fr-FR","potentialAction":[{"@type":"CommentAction","name":"Comment","target":["https:\/\/lasentinelle.dz\/index.php\/2024\/04\/23\/le-comite-devaluation-de-lonu-blanchit-lunrwa-des-accusations-israeliennes\/#respond"]}]},{"@type":"WebPage","@id":"https:\/\/lasentinelle.dz\/index.php\/2024\/04\/23\/le-comite-devaluation-de-lonu-blanchit-lunrwa-des-accusations-israeliennes\/","url":"https:\/\/lasentinelle.dz\/index.php\/2024\/04\/23\/le-comite-devaluation-de-lonu-blanchit-lunrwa-des-accusations-israeliennes\/","name":"Le comit\u00e9 d&rsquo;\u00e9valuation de l\u2019ONU blanchit l\u2019UNRWA des accusations isra\u00e9liennes - La Sentinelle","isPartOf":{"@id":"https:\/\/lasentinelle.dz\/#website"},"primaryImageOfPage":{"@id":"https:\/\/lasentinelle.dz\/index.php\/2024\/04\/23\/le-comite-devaluation-de-lonu-blanchit-lunrwa-des-accusations-israeliennes\/#primaryimage"},"image":{"@id":"https:\/\/lasentinelle.dz\/index.php\/2024\/04\/23\/le-comite-devaluation-de-lonu-blanchit-lunrwa-des-accusations-israeliennes\/#primaryimage"},"thumbnailUrl":"https:\/\/lasentinelle.dz\/wp-content\/uploads\/2024\/03\/uNRWA.jpeg","datePublished":"2024-04-23T13:27:38+00:00","dateModified":"2024-04-23T13:27:45+00:00","breadcrumb":{"@id":"https:\/\/lasentinelle.dz\/index.php\/2024\/04\/23\/le-comite-devaluation-de-lonu-blanchit-lunrwa-des-accusations-israeliennes\/#breadcrumb"},"inLanguage":"fr-FR","potentialAction":[{"@type":"ReadAction","target":["https:\/\/lasentinelle.dz\/index.php\/2024\/04\/23\/le-comite-devaluation-de-lonu-blanchit-lunrwa-des-accusations-israeliennes\/"]}]},{"@type":"ImageObject","inLanguage":"fr-FR","@id":"https:\/\/lasentinelle.dz\/index.php\/2024\/04\/23\/le-comite-devaluation-de-lonu-blanchit-lunrwa-des-accusations-israeliennes\/#primaryimage","url":"https:\/\/lasentinelle.dz\/wp-content\/uploads\/2024\/03\/uNRWA.jpeg","contentUrl":"https:\/\/lasentinelle.dz\/wp-content\/uploads\/2024\/03\/uNRWA.jpeg","width":1320,"height":880},{"@type":"BreadcrumbList","@id":"https:\/\/lasentinelle.dz\/index.php\/2024\/04\/23\/le-comite-devaluation-de-lonu-blanchit-lunrwa-des-accusations-israeliennes\/#breadcrumb","itemListElement":[{"@type":"ListItem","position":1,"name":"Accueil","item":"https:\/\/lasentinelle.dz\/"},{"@type":"ListItem","position":2,"name":"Le comit\u00e9 d&rsquo;\u00e9valuation de l\u2019ONU blanchit l\u2019UNRWA des accusations isra\u00e9liennes"}]},{"@type":"WebSite","@id":"https:\/\/lasentinelle.dz\/#website","url":"https:\/\/lasentinelle.dz\/","name":"La Sentinelle","description":"Quotidien national d&#039;information","publisher":{"@id":"https:\/\/lasentinelle.dz\/#organization"},"potentialAction":[{"@type":"SearchAction","target":{"@type":"EntryPoint","urlTemplate":"https:\/\/lasentinelle.dz\/?s={search_term_string}"},"query-input":{"@type":"PropertyValueSpecification","valueRequired":true,"valueName":"search_term_string"}}],"inLanguage":"fr-FR"},{"@type":"Organization","@id":"https:\/\/lasentinelle.dz\/#organization","name":"Quotidien La Sentinelle","url":"https:\/\/lasentinelle.dz\/","logo":{"@type":"ImageObject","inLanguage":"fr-FR","@id":"https:\/\/lasentinelle.dz\/#\/schema\/logo\/image\/","url":"https:\/\/lasentinelle.dz\/wp-content\/uploads\/2021\/09\/logo-sentinelleSLOGAN-1.png","contentUrl":"https:\/\/lasentinelle.dz\/wp-content\/uploads\/2021\/09\/logo-sentinelleSLOGAN-1.png","width":615,"height":142,"caption":"Quotidien La Sentinelle"},"image":{"@id":"https:\/\/lasentinelle.dz\/#\/schema\/logo\/image\/"},"sameAs":["https:\/\/www.facebook.com\/La-Sentinelle-104059864394773"]},{"@type":"Person","@id":"https:\/\/lasentinelle.dz\/#\/schema\/person\/d865044e22e70a75174ce8bcad3acfb3","name":"La Sentinelle","image":{"@type":"ImageObject","inLanguage":"fr-FR","@id":"https:\/\/secure.gravatar.com\/avatar\/57de8e5d4b15d43fb361a71fbb36338450fe67865b528a43dd10ef7c51a20392?s=96&d=mm&r=g","url":"https:\/\/secure.gravatar.com\/avatar\/57de8e5d4b15d43fb361a71fbb36338450fe67865b528a43dd10ef7c51a20392?s=96&d=mm&r=g","contentUrl":"https:\/\/secure.gravatar.com\/avatar\/57de8e5d4b15d43fb361a71fbb36338450fe67865b528a43dd10ef7c51a20392?s=96&d=mm&r=g","caption":"La Sentinelle"},"sameAs":["http:\/\/www.lasentinelle.dz"],"url":"https:\/\/lasentinelle.dz\/author\/redaction\/"}]}},"_links":{"self":[{"href":"https:\/\/lasentinelle.dz\/index.php\/wp-json\/wp\/v2\/posts\/51561","targetHints":{"allow":["GET"]}}],"collection":[{"href":"https:\/\/lasentinelle.dz\/index.php\/wp-json\/wp\/v2\/posts"}],"about":[{"href":"https:\/\/lasentinelle.dz\/index.php\/wp-json\/wp\/v2\/types\/post"}],"author":[{"embeddable":true,"href":"https:\/\/lasentinelle.dz\/index.php\/wp-json\/wp\/v2\/users\/3"}],"replies":[{"embeddable":true,"href":"https:\/\/lasentinelle.dz\/index.php\/wp-json\/wp\/v2\/comments?post=51561"}],"version-history":[{"count":2,"href":"https:\/\/lasentinelle.dz\/index.php\/wp-json\/wp\/v2\/posts\/51561\/revisions"}],"predecessor-version":[{"id":51563,"href":"https:\/\/lasentinelle.dz\/index.php\/wp-json\/wp\/v2\/posts\/51561\/revisions\/51563"}],"wp:featuredmedia":[{"embeddable":true,"href":"https:\/\/lasentinelle.dz\/index.php\/wp-json\/wp\/v2\/media\/50556"}],"wp:attachment":[{"href":"https:\/\/lasentinelle.dz\/index.php\/wp-json\/wp\/v2\/media?parent=51561"}],"wp:term":[{"taxonomy":"category","embeddable":true,"href":"https:\/\/lasentinelle.dz\/index.php\/wp-json\/wp\/v2\/categories?post=51561"},{"taxonomy":"post_tag","embeddable":true,"href":"https:\/\/lasentinelle.dz\/index.php\/wp-json\/wp\/v2\/tags?post=51561"}],"curies":[{"name":"wp","href":"https:\/\/api.w.org\/{rel}","templated":true}]}}