{"id":51571,"date":"2024-04-23T14:34:13","date_gmt":"2024-04-23T13:34:13","guid":{"rendered":"https:\/\/lasentinelle.dz\/?p=51571"},"modified":"2024-04-23T14:34:14","modified_gmt":"2024-04-23T13:34:14","slug":"relancer-laction-maghrebine","status":"publish","type":"post","link":"https:\/\/lasentinelle.dz\/index.php\/2024\/04\/23\/relancer-laction-maghrebine\/","title":{"rendered":"Relancer l\u2019action maghr\u00e9bine"},"content":{"rendered":"\n<p>Le pr\u00e9sident de la R\u00e9publique, Abdelmadjid Tebboune, son homologue tunisien Ka\u00efs Sa\u00efed et le pr\u00e9sident du Conseil pr\u00e9sidentiel libyen Mohamed Al-Menfi ont r\u00e9affirm\u00e9 la n\u00e9cessit\u00e9 de relancer l\u2019action et la coordination maghr\u00e9bine dans un contexte complexe pour la r\u00e9gion, et soulign\u00e9 l\u2019ouverture de cette initiative \u00e0 toute \u00ab&nbsp;volont\u00e9 politique sinc\u00e8re&nbsp;\u00bb partageant cet objectif de promotion de l\u2019action collective.<\/p>\n\n\n\n<p>L\u2019Alg\u00e9rie, la Tunisie et la Libye accordent leurs violons. La premi\u00e8re r\u00e9union de consultations tripartites tenues hier \u00e0 Tunis entre le pr\u00e9sident de la R\u00e9publique, Abdelmadjid Tebboune, son homologue tunisien Ka\u00efs Sa\u00efed et le pr\u00e9sident du Conseil pr\u00e9sidentiel libyen Mohamed Al-Menfi a permis de se pencher sur plusieurs questions d\u2019int\u00e9r\u00eats communs sur le plan politique, alors que des discussions ont \u00e9t\u00e9 ouvertes sur des projets \u00e9conomiques commun \u00e0 m\u00eame de relancer le processus d\u2019int\u00e9gration. Elle aussi permis de r\u00e9affirmer la n\u00e9cessit\u00e9 de relancer l\u2019action et la coordination maghr\u00e9bine dans un contexte complexe pour la r\u00e9gion, et de souligner l\u2019ouverture de cette initiative \u00e0 toute \u00ab&nbsp;volont\u00e9 politique sinc\u00e8re&nbsp;\u00bb partageant cet objectif de promotion de l\u2019action collective. En effet, le communiqu\u00e9 final qui a sanctionn\u00e9 les consultations a ainsi soulign\u00e9 que les trois dirigeants, r\u00e9unis \u00e0 Tunis, ont unanimement convenu de \u00ab\u00a0la n\u00e9cessit\u00e9 pressante que les trois pays aient une voix unifi\u00e9e entendue, ainsi que de jouer un r\u00f4le influent et actif et peser sur les diff\u00e9rentes questions de dimension r\u00e9gionale et internationale\u00a0\u00bb. Ils ont \u00e9galement exprim\u00e9 \u00ab\u00a0leur ouverture totale \u00e0 toute volont\u00e9 politique sinc\u00e8re partageant avec eux les m\u00eames objectifs de promotion de cette action collective commune&#8230; et \u00e0 \u00e9loigner la r\u00e9gion de la politique des axes et des risques d&rsquo;interventions \u00e9trang\u00e8res\u00a0\u00bb. Les trois dirigeant ont \u00e9galement fermement condamn\u00e9 \u00ab\u00a0les exactions flagrantes quotidiennes, les crimes de guerre et le g\u00e9nocide commis contre le peuple palestinien\u00a0\u00bb, renouvelant leur appel pressant \u00e0 la communaut\u00e9 internationale pour un arr\u00eat imm\u00e9diat et permanent de l&rsquo;agression. Concernant les questions r\u00e9gionales, ils ont mis en garde contre \u00ab\u00a0la gravit\u00e9 des ing\u00e9rences \u00e9trang\u00e8res dans la r\u00e9gion du Sahel et leurs cons\u00e9quences sur la paix dans les pays de la r\u00e9gion et dans le monde\u00a0\u00bb, appelant \u00e0 mettre fin aux combats au Soudan.<\/p>\n\n\n\n<p>Les questions \u00e9conomiques ont \u00e9galement \u00e9t\u00e9 au c\u0153ur des discussions. pr\u00e9sident de la R\u00e9publique, Abdelmadjid Tebboune, son homologue tunisien Ka\u00efs Sa\u00efed et le pr\u00e9sident du Conseil pr\u00e9sidentiel libyen Mohamed Al-Menfi ont ainsi convenu de \u00ab\u00a0former une \u00e9quipe de travail commune pour formuler des m\u00e9canismes visant \u00e0 mettre en place pour lancer de grands projets et investissements communs, dans la production de c\u00e9r\u00e9ales, le dessalement de l&rsquo;eau de mer et d&rsquo;autres secteurs prioritaires\u00a0\u00bb.<\/p>\n\n\n\n<p>Parmi ces projets, le communiqu\u00e9 final a mentionn\u00e9 \u00ab\u00a0l&rsquo;acc\u00e9l\u00e9ration de la mise en place d&rsquo;un m\u00e9canisme commun pour l&rsquo;exploitation des eaux souterraines communes dans le Sahara septentrional et la mise en \u0153uvre du projet d\u2019interconnexion \u00e9lectrique entre les trois pays\u00a0\u00bb.&nbsp; La r\u00e9union a \u00e9galement abord\u00e9 le projet de mise en place d&rsquo;une liaison maritime r\u00e9guli\u00e8re entre l&rsquo;Alg\u00e9rie, la Tunisie et la Libye, ainsi que le d\u00e9veloppement des r\u00e9seaux de transport terrestre et ferroviaire, pour faciliter le mouvement des personnes et des marchandises.\u00a0\u00bb Le communiqu\u00e9 final a soulign\u00e9 que les trois dirigeants ont men\u00e9 des consultations \u00ab\u00a0compl\u00e8tes, franches et constructives, dans une atmosph\u00e8re fraternelle empreinte d&rsquo;esprit de compr\u00e9hension et de solidarit\u00e9\u00a0\u00bb. Ils ont convenu de \u00ab\u00a0mener des r\u00e9unions tournantes entre les trois pays\u00a0\u00bb.<\/p>\n\n\n\n<p>Il est utile de rappeler de cette premi\u00e8re r\u00e9union de consultations fait suite \u00e0 une rencontre tripartite tenue en 7e Sommet du Forum des pays exportateurs de gaz (GECF), tenu \u00e0 Alger du 29 f\u00e9vrier au 2 mars 2024. Lors de cette rencontre, les dirigeants des trois pays ont examin\u00e9 la situation pr\u00e9valant dans la r\u00e9gion du Maghreb arabe, soulignant, \u00e0 cette occasion, la n\u00e9cessit\u00e9 d&rsquo;unifier et d&rsquo;intensifier les efforts pour relever les d\u00e9fis \u00e9conomiques et s\u00e9curitaires au service des int\u00e9r\u00eats des peuples des trois pays. Il faut dire que l\u2019initiative lanc\u00e9e par l\u2019Alg\u00e9rie a pour principal objectif de relancer la coordination et l\u2019action maghr\u00e9bine pour faire face \u00e0 un contexte r\u00e9gional et international de plus en plus complexe. Dans sa derni\u00e8re entrevue avec les m\u00e9dias nationaux, le pr\u00e9sident de la R\u00e9publique a affirm\u00e9 que le projet de bloc que les pays du Maghreb arabe entendaient cr\u00e9er visait \u00e0 relancer l&rsquo;action commune et \u00e0 renforcer la coordination en vue d&rsquo;unifier la voix de ces pays sur plusieurs questions internationales sans exclure aucune partie.<\/p>\n\n\n\n<p>Il a soulign\u00e9 que cette initiative r\u00e9pond \u00e0 la n\u00e9cessit\u00e9 de faire \u00e0 ces d\u00e9fis, au moment o\u00f9 la r\u00e9gion du Maghreb ne dispose pas d\u2019un cadre sous-r\u00e9gional actif en raison du blocage de l\u2019Union du Maghreb arabe, alors que toutes les autres r\u00e9gions du continent b\u00e9n\u00e9ficient de regroupements sous-r\u00e9gionaux de coordination politique et d\u2019int\u00e9gration \u00e9conomique. Il a soulign\u00e9 \u00e0 l\u2019occasion que cette initiative ne visait personne et qu\u2019elle \u00e9tait ouverte \u00e0 quiconque souhaiterait relancer l\u2019int\u00e9gration et la coordination maghr\u00e9bine. D\u2019aillurs et par souci d&rsquo;associer tous les pays de la r\u00e9gion \u00e0 cette d\u00e9marche, le pr\u00e9sident de la R\u00e9publique a inform\u00e9 son homologue mauritanien Mohamed Ould Cheikh El Ghazouani, lors d&rsquo;un entretien t\u00e9l\u00e9phonique, de la r\u00e9union tripartite ayant regroup\u00e9 les pr\u00e9sidents alg\u00e9rien, tunisien et libyen \u00e0 l&rsquo;issue du 7e Sommet du GECF.<\/p>\n\n\n\n<p>Hocine Fadheli<\/p>\n\n\n\n<p><strong>Le pr\u00e9sident de la R\u00e9publique r\u00e9affirme le soutien constant de l&rsquo;Alg\u00e9rie \u00e0 la Tunisie<\/strong><\/p>\n\n\n\n<p>Le pr\u00e9sident de la R\u00e9publique, M. Abdelmadjid Tebboune a r\u00e9affirm\u00e9 que l&rsquo;Alg\u00e9rie se tenait toujours aux c\u00f4t\u00e9s de la Tunisie, pays fr\u00e8re. \u00ab\u00a0Nos c\u0153urs sont toujours avec le peuple tunisien et mon fr\u00e8re le Pr\u00e9sident Kais Sa\u00efed\u00a0\u00bb, a affirm\u00e9 le pr\u00e9sident de la R\u00e9publique dans une d\u00e9claration \u00e0 la presse \u00e0 son arriv\u00e9e \u00e0 l&rsquo;a\u00e9roport international de Carthage, o\u00f9 il a \u00e9t\u00e9 accueilli par son homologue tunisien, M. Kais Saied. \u00ab\u00a0La Tunisie ne tombera jamais et demeurera toujours debout. Puisse Allah la prot\u00e9ger\u00a0\u00bb, a-t-il ajout\u00e9. De son c\u00f4t\u00e9, le Pr\u00e9sident Kais Sa\u00efed a souhait\u00e9 la bienvenue au Pr\u00e9sident de la R\u00e9publique, saluant le soutien constant de l&rsquo;Alg\u00e9rie \u00e0 son pays. \u00ab\u00a0Puisse Allah prot\u00e9ger la Tunisie et l&rsquo;Alg\u00e9rie\u00a0\u00bb, a-t-il dit. Le pr\u00e9sident de la R\u00e9publique, M. Abdelmadjid Tebboune est arriv\u00e9, lundi, \u00e0 Tunis pour prendre part \u00e0 la premi\u00e8re R\u00e9union consultative regroupant les dirigeants de l&rsquo;Alg\u00e9rie, de la Tunisie et de la Libye, \u00e0 l&rsquo;invitation de son fr\u00e8re le pr\u00e9sident de la R\u00e9publique tunisienne, pays fr\u00e8re, M. Ka\u00efs Sa\u00efed.<\/p>\n\n\n\n<p>APS<\/p>\n","protected":false},"excerpt":{"rendered":"<p>Le pr\u00e9sident de la R\u00e9publique, Abdelmadjid Tebboune, son homologue tunisien Ka\u00efs Sa\u00efed et le pr\u00e9sident du Conseil pr\u00e9sidentiel libyen Mohamed<\/p>\n","protected":false},"author":3,"featured_media":51572,"comment_status":"open","ping_status":"closed","sticky":false,"template":"","format":"standard","meta":{"colormag_page_container_layout":"default_layout","colormag_page_sidebar_layout":"default_layout","om_disable_all_campaigns":false,"_monsterinsights_skip_tracking":false,"_monsterinsights_sitenote_active":false,"_monsterinsights_sitenote_note":"","_monsterinsights_sitenote_category":0,"footnotes":"","_wpscppro_dont_share_socialmedia":false,"_wpscppro_custom_social_share_image":0,"_facebook_share_type":"","_twitter_share_type":"","_linkedin_share_type":"","_pinterest_share_type":"","_linkedin_share_type_page":"","_instagram_share_type":"","_medium_share_type":"","_threads_share_type":"","_google_business_share_type":"","_selected_social_profile":[],"_wpsp_enable_custom_social_template":false,"_wpsp_social_scheduling":{"enabled":false,"datetime":null,"platforms":[],"status":"template_only","dateOption":"today","timeOption":"now","customDays":"","customHours":"","customDate":"","customTime":"","schedulingType":"absolute"},"_wpsp_active_default_template":true},"categories":[52,27],"tags":[],"class_list":["post-51571","post","type-post","status-publish","format-standard","has-post-thumbnail","hentry","category-a-la-une","category-actualite"],"aioseo_notices":[],"yoast_head":"<!-- This site is optimized with the Yoast SEO plugin v27.5 - https:\/\/yoast.com\/product\/yoast-seo-wordpress\/ -->\n<title>Relancer l\u2019action maghr\u00e9bine - La Sentinelle<\/title>\n<meta name=\"robots\" content=\"index, follow, max-snippet:-1, max-image-preview:large, max-video-preview:-1\" \/>\n<link rel=\"canonical\" href=\"https:\/\/lasentinelle.dz\/index.php\/2024\/04\/23\/relancer-laction-maghrebine\/\" \/>\n<meta property=\"og:locale\" content=\"fr_FR\" \/>\n<meta property=\"og:type\" content=\"article\" \/>\n<meta property=\"og:title\" content=\"Relancer l\u2019action maghr\u00e9bine - La Sentinelle\" \/>\n<meta property=\"og:description\" content=\"Le pr\u00e9sident de la R\u00e9publique, Abdelmadjid Tebboune, son homologue tunisien Ka\u00efs Sa\u00efed et le pr\u00e9sident du Conseil pr\u00e9sidentiel libyen Mohamed\" \/>\n<meta property=\"og:url\" content=\"https:\/\/lasentinelle.dz\/index.php\/2024\/04\/23\/relancer-laction-maghrebine\/\" \/>\n<meta property=\"og:site_name\" content=\"La Sentinelle\" \/>\n<meta property=\"article:publisher\" content=\"https:\/\/www.facebook.com\/La-Sentinelle-104059864394773\" \/>\n<meta property=\"article:published_time\" content=\"2024-04-23T13:34:13+00:00\" \/>\n<meta property=\"article:modified_time\" content=\"2024-04-23T13:34:14+00:00\" \/>\n<meta property=\"og:image\" content=\"https:\/\/lasentinelle.dz\/wp-content\/uploads\/2024\/04\/rencontre-maghrebine.jpeg\" \/>\n\t<meta property=\"og:image:width\" content=\"2048\" \/>\n\t<meta property=\"og:image:height\" content=\"1366\" \/>\n\t<meta property=\"og:image:type\" content=\"image\/jpeg\" \/>\n<meta name=\"author\" content=\"La Sentinelle\" \/>\n<meta name=\"twitter:card\" content=\"summary_large_image\" \/>\n<meta name=\"twitter:label1\" content=\"\u00c9crit par\" \/>\n\t<meta name=\"twitter:data1\" content=\"La Sentinelle\" \/>\n\t<meta name=\"twitter:label2\" content=\"Dur\u00e9e de lecture estim\u00e9e\" \/>\n\t<meta name=\"twitter:data2\" content=\"6 minutes\" \/>\n<script type=\"application\/ld+json\" class=\"yoast-schema-graph\">{\"@context\":\"https:\\\/\\\/schema.org\",\"@graph\":[{\"@type\":\"Article\",\"@id\":\"https:\\\/\\\/lasentinelle.dz\\\/index.php\\\/2024\\\/04\\\/23\\\/relancer-laction-maghrebine\\\/#article\",\"isPartOf\":{\"@id\":\"https:\\\/\\\/lasentinelle.dz\\\/index.php\\\/2024\\\/04\\\/23\\\/relancer-laction-maghrebine\\\/\"},\"author\":{\"name\":\"La Sentinelle\",\"@id\":\"https:\\\/\\\/lasentinelle.dz\\\/#\\\/schema\\\/person\\\/d865044e22e70a75174ce8bcad3acfb3\"},\"headline\":\"Relancer l\u2019action maghr\u00e9bine\",\"datePublished\":\"2024-04-23T13:34:13+00:00\",\"dateModified\":\"2024-04-23T13:34:14+00:00\",\"mainEntityOfPage\":{\"@id\":\"https:\\\/\\\/lasentinelle.dz\\\/index.php\\\/2024\\\/04\\\/23\\\/relancer-laction-maghrebine\\\/\"},\"wordCount\":1208,\"commentCount\":0,\"publisher\":{\"@id\":\"https:\\\/\\\/lasentinelle.dz\\\/#organization\"},\"image\":{\"@id\":\"https:\\\/\\\/lasentinelle.dz\\\/index.php\\\/2024\\\/04\\\/23\\\/relancer-laction-maghrebine\\\/#primaryimage\"},\"thumbnailUrl\":\"https:\\\/\\\/lasentinelle.dz\\\/wp-content\\\/uploads\\\/2024\\\/04\\\/rencontre-maghrebine.jpeg\",\"articleSection\":[\"\u00c0 la Une\",\"Actualit\u00e9\"],\"inLanguage\":\"fr-FR\",\"potentialAction\":[{\"@type\":\"CommentAction\",\"name\":\"Comment\",\"target\":[\"https:\\\/\\\/lasentinelle.dz\\\/index.php\\\/2024\\\/04\\\/23\\\/relancer-laction-maghrebine\\\/#respond\"]}]},{\"@type\":\"WebPage\",\"@id\":\"https:\\\/\\\/lasentinelle.dz\\\/index.php\\\/2024\\\/04\\\/23\\\/relancer-laction-maghrebine\\\/\",\"url\":\"https:\\\/\\\/lasentinelle.dz\\\/index.php\\\/2024\\\/04\\\/23\\\/relancer-laction-maghrebine\\\/\",\"name\":\"Relancer l\u2019action maghr\u00e9bine - La Sentinelle\",\"isPartOf\":{\"@id\":\"https:\\\/\\\/lasentinelle.dz\\\/#website\"},\"primaryImageOfPage\":{\"@id\":\"https:\\\/\\\/lasentinelle.dz\\\/index.php\\\/2024\\\/04\\\/23\\\/relancer-laction-maghrebine\\\/#primaryimage\"},\"image\":{\"@id\":\"https:\\\/\\\/lasentinelle.dz\\\/index.php\\\/2024\\\/04\\\/23\\\/relancer-laction-maghrebine\\\/#primaryimage\"},\"thumbnailUrl\":\"https:\\\/\\\/lasentinelle.dz\\\/wp-content\\\/uploads\\\/2024\\\/04\\\/rencontre-maghrebine.jpeg\",\"datePublished\":\"2024-04-23T13:34:13+00:00\",\"dateModified\":\"2024-04-23T13:34:14+00:00\",\"breadcrumb\":{\"@id\":\"https:\\\/\\\/lasentinelle.dz\\\/index.php\\\/2024\\\/04\\\/23\\\/relancer-laction-maghrebine\\\/#breadcrumb\"},\"inLanguage\":\"fr-FR\",\"potentialAction\":[{\"@type\":\"ReadAction\",\"target\":[\"https:\\\/\\\/lasentinelle.dz\\\/index.php\\\/2024\\\/04\\\/23\\\/relancer-laction-maghrebine\\\/\"]}]},{\"@type\":\"ImageObject\",\"inLanguage\":\"fr-FR\",\"@id\":\"https:\\\/\\\/lasentinelle.dz\\\/index.php\\\/2024\\\/04\\\/23\\\/relancer-laction-maghrebine\\\/#primaryimage\",\"url\":\"https:\\\/\\\/lasentinelle.dz\\\/wp-content\\\/uploads\\\/2024\\\/04\\\/rencontre-maghrebine.jpeg\",\"contentUrl\":\"https:\\\/\\\/lasentinelle.dz\\\/wp-content\\\/uploads\\\/2024\\\/04\\\/rencontre-maghrebine.jpeg\",\"width\":2048,\"height\":1366},{\"@type\":\"BreadcrumbList\",\"@id\":\"https:\\\/\\\/lasentinelle.dz\\\/index.php\\\/2024\\\/04\\\/23\\\/relancer-laction-maghrebine\\\/#breadcrumb\",\"itemListElement\":[{\"@type\":\"ListItem\",\"position\":1,\"name\":\"Accueil\",\"item\":\"https:\\\/\\\/lasentinelle.dz\\\/\"},{\"@type\":\"ListItem\",\"position\":2,\"name\":\"Relancer l\u2019action maghr\u00e9bine\"}]},{\"@type\":\"WebSite\",\"@id\":\"https:\\\/\\\/lasentinelle.dz\\\/#website\",\"url\":\"https:\\\/\\\/lasentinelle.dz\\\/\",\"name\":\"La Sentinelle\",\"description\":\"Quotidien national d&#039;information\",\"publisher\":{\"@id\":\"https:\\\/\\\/lasentinelle.dz\\\/#organization\"},\"potentialAction\":[{\"@type\":\"SearchAction\",\"target\":{\"@type\":\"EntryPoint\",\"urlTemplate\":\"https:\\\/\\\/lasentinelle.dz\\\/?s={search_term_string}\"},\"query-input\":{\"@type\":\"PropertyValueSpecification\",\"valueRequired\":true,\"valueName\":\"search_term_string\"}}],\"inLanguage\":\"fr-FR\"},{\"@type\":\"Organization\",\"@id\":\"https:\\\/\\\/lasentinelle.dz\\\/#organization\",\"name\":\"Quotidien La Sentinelle\",\"url\":\"https:\\\/\\\/lasentinelle.dz\\\/\",\"logo\":{\"@type\":\"ImageObject\",\"inLanguage\":\"fr-FR\",\"@id\":\"https:\\\/\\\/lasentinelle.dz\\\/#\\\/schema\\\/logo\\\/image\\\/\",\"url\":\"https:\\\/\\\/lasentinelle.dz\\\/wp-content\\\/uploads\\\/2021\\\/09\\\/logo-sentinelleSLOGAN-1.png\",\"contentUrl\":\"https:\\\/\\\/lasentinelle.dz\\\/wp-content\\\/uploads\\\/2021\\\/09\\\/logo-sentinelleSLOGAN-1.png\",\"width\":615,\"height\":142,\"caption\":\"Quotidien La Sentinelle\"},\"image\":{\"@id\":\"https:\\\/\\\/lasentinelle.dz\\\/#\\\/schema\\\/logo\\\/image\\\/\"},\"sameAs\":[\"https:\\\/\\\/www.facebook.com\\\/La-Sentinelle-104059864394773\"]},{\"@type\":\"Person\",\"@id\":\"https:\\\/\\\/lasentinelle.dz\\\/#\\\/schema\\\/person\\\/d865044e22e70a75174ce8bcad3acfb3\",\"name\":\"La Sentinelle\",\"image\":{\"@type\":\"ImageObject\",\"inLanguage\":\"fr-FR\",\"@id\":\"https:\\\/\\\/secure.gravatar.com\\\/avatar\\\/57de8e5d4b15d43fb361a71fbb36338450fe67865b528a43dd10ef7c51a20392?s=96&d=mm&r=g\",\"url\":\"https:\\\/\\\/secure.gravatar.com\\\/avatar\\\/57de8e5d4b15d43fb361a71fbb36338450fe67865b528a43dd10ef7c51a20392?s=96&d=mm&r=g\",\"contentUrl\":\"https:\\\/\\\/secure.gravatar.com\\\/avatar\\\/57de8e5d4b15d43fb361a71fbb36338450fe67865b528a43dd10ef7c51a20392?s=96&d=mm&r=g\",\"caption\":\"La Sentinelle\"},\"sameAs\":[\"http:\\\/\\\/www.lasentinelle.dz\"],\"url\":\"https:\\\/\\\/lasentinelle.dz\\\/author\\\/redaction\\\/\"}]}<\/script>\n<!-- \/ Yoast SEO plugin. -->","yoast_head_json":{"title":"Relancer l\u2019action maghr\u00e9bine - La Sentinelle","robots":{"index":"index","follow":"follow","max-snippet":"max-snippet:-1","max-image-preview":"max-image-preview:large","max-video-preview":"max-video-preview:-1"},"canonical":"https:\/\/lasentinelle.dz\/index.php\/2024\/04\/23\/relancer-laction-maghrebine\/","og_locale":"fr_FR","og_type":"article","og_title":"Relancer l\u2019action maghr\u00e9bine - La Sentinelle","og_description":"Le pr\u00e9sident de la R\u00e9publique, Abdelmadjid Tebboune, son homologue tunisien Ka\u00efs Sa\u00efed et le pr\u00e9sident du Conseil pr\u00e9sidentiel libyen Mohamed","og_url":"https:\/\/lasentinelle.dz\/index.php\/2024\/04\/23\/relancer-laction-maghrebine\/","og_site_name":"La Sentinelle","article_publisher":"https:\/\/www.facebook.com\/La-Sentinelle-104059864394773","article_published_time":"2024-04-23T13:34:13+00:00","article_modified_time":"2024-04-23T13:34:14+00:00","og_image":[{"width":2048,"height":1366,"url":"https:\/\/lasentinelle.dz\/wp-content\/uploads\/2024\/04\/rencontre-maghrebine.jpeg","type":"image\/jpeg"}],"author":"La Sentinelle","twitter_card":"summary_large_image","twitter_misc":{"\u00c9crit par":"La Sentinelle","Dur\u00e9e de lecture estim\u00e9e":"6 minutes"},"schema":{"@context":"https:\/\/schema.org","@graph":[{"@type":"Article","@id":"https:\/\/lasentinelle.dz\/index.php\/2024\/04\/23\/relancer-laction-maghrebine\/#article","isPartOf":{"@id":"https:\/\/lasentinelle.dz\/index.php\/2024\/04\/23\/relancer-laction-maghrebine\/"},"author":{"name":"La Sentinelle","@id":"https:\/\/lasentinelle.dz\/#\/schema\/person\/d865044e22e70a75174ce8bcad3acfb3"},"headline":"Relancer l\u2019action maghr\u00e9bine","datePublished":"2024-04-23T13:34:13+00:00","dateModified":"2024-04-23T13:34:14+00:00","mainEntityOfPage":{"@id":"https:\/\/lasentinelle.dz\/index.php\/2024\/04\/23\/relancer-laction-maghrebine\/"},"wordCount":1208,"commentCount":0,"publisher":{"@id":"https:\/\/lasentinelle.dz\/#organization"},"image":{"@id":"https:\/\/lasentinelle.dz\/index.php\/2024\/04\/23\/relancer-laction-maghrebine\/#primaryimage"},"thumbnailUrl":"https:\/\/lasentinelle.dz\/wp-content\/uploads\/2024\/04\/rencontre-maghrebine.jpeg","articleSection":["\u00c0 la Une","Actualit\u00e9"],"inLanguage":"fr-FR","potentialAction":[{"@type":"CommentAction","name":"Comment","target":["https:\/\/lasentinelle.dz\/index.php\/2024\/04\/23\/relancer-laction-maghrebine\/#respond"]}]},{"@type":"WebPage","@id":"https:\/\/lasentinelle.dz\/index.php\/2024\/04\/23\/relancer-laction-maghrebine\/","url":"https:\/\/lasentinelle.dz\/index.php\/2024\/04\/23\/relancer-laction-maghrebine\/","name":"Relancer l\u2019action maghr\u00e9bine - La Sentinelle","isPartOf":{"@id":"https:\/\/lasentinelle.dz\/#website"},"primaryImageOfPage":{"@id":"https:\/\/lasentinelle.dz\/index.php\/2024\/04\/23\/relancer-laction-maghrebine\/#primaryimage"},"image":{"@id":"https:\/\/lasentinelle.dz\/index.php\/2024\/04\/23\/relancer-laction-maghrebine\/#primaryimage"},"thumbnailUrl":"https:\/\/lasentinelle.dz\/wp-content\/uploads\/2024\/04\/rencontre-maghrebine.jpeg","datePublished":"2024-04-23T13:34:13+00:00","dateModified":"2024-04-23T13:34:14+00:00","breadcrumb":{"@id":"https:\/\/lasentinelle.dz\/index.php\/2024\/04\/23\/relancer-laction-maghrebine\/#breadcrumb"},"inLanguage":"fr-FR","potentialAction":[{"@type":"ReadAction","target":["https:\/\/lasentinelle.dz\/index.php\/2024\/04\/23\/relancer-laction-maghrebine\/"]}]},{"@type":"ImageObject","inLanguage":"fr-FR","@id":"https:\/\/lasentinelle.dz\/index.php\/2024\/04\/23\/relancer-laction-maghrebine\/#primaryimage","url":"https:\/\/lasentinelle.dz\/wp-content\/uploads\/2024\/04\/rencontre-maghrebine.jpeg","contentUrl":"https:\/\/lasentinelle.dz\/wp-content\/uploads\/2024\/04\/rencontre-maghrebine.jpeg","width":2048,"height":1366},{"@type":"BreadcrumbList","@id":"https:\/\/lasentinelle.dz\/index.php\/2024\/04\/23\/relancer-laction-maghrebine\/#breadcrumb","itemListElement":[{"@type":"ListItem","position":1,"name":"Accueil","item":"https:\/\/lasentinelle.dz\/"},{"@type":"ListItem","position":2,"name":"Relancer l\u2019action maghr\u00e9bine"}]},{"@type":"WebSite","@id":"https:\/\/lasentinelle.dz\/#website","url":"https:\/\/lasentinelle.dz\/","name":"La Sentinelle","description":"Quotidien national d&#039;information","publisher":{"@id":"https:\/\/lasentinelle.dz\/#organization"},"potentialAction":[{"@type":"SearchAction","target":{"@type":"EntryPoint","urlTemplate":"https:\/\/lasentinelle.dz\/?s={search_term_string}"},"query-input":{"@type":"PropertyValueSpecification","valueRequired":true,"valueName":"search_term_string"}}],"inLanguage":"fr-FR"},{"@type":"Organization","@id":"https:\/\/lasentinelle.dz\/#organization","name":"Quotidien La Sentinelle","url":"https:\/\/lasentinelle.dz\/","logo":{"@type":"ImageObject","inLanguage":"fr-FR","@id":"https:\/\/lasentinelle.dz\/#\/schema\/logo\/image\/","url":"https:\/\/lasentinelle.dz\/wp-content\/uploads\/2021\/09\/logo-sentinelleSLOGAN-1.png","contentUrl":"https:\/\/lasentinelle.dz\/wp-content\/uploads\/2021\/09\/logo-sentinelleSLOGAN-1.png","width":615,"height":142,"caption":"Quotidien La Sentinelle"},"image":{"@id":"https:\/\/lasentinelle.dz\/#\/schema\/logo\/image\/"},"sameAs":["https:\/\/www.facebook.com\/La-Sentinelle-104059864394773"]},{"@type":"Person","@id":"https:\/\/lasentinelle.dz\/#\/schema\/person\/d865044e22e70a75174ce8bcad3acfb3","name":"La Sentinelle","image":{"@type":"ImageObject","inLanguage":"fr-FR","@id":"https:\/\/secure.gravatar.com\/avatar\/57de8e5d4b15d43fb361a71fbb36338450fe67865b528a43dd10ef7c51a20392?s=96&d=mm&r=g","url":"https:\/\/secure.gravatar.com\/avatar\/57de8e5d4b15d43fb361a71fbb36338450fe67865b528a43dd10ef7c51a20392?s=96&d=mm&r=g","contentUrl":"https:\/\/secure.gravatar.com\/avatar\/57de8e5d4b15d43fb361a71fbb36338450fe67865b528a43dd10ef7c51a20392?s=96&d=mm&r=g","caption":"La Sentinelle"},"sameAs":["http:\/\/www.lasentinelle.dz"],"url":"https:\/\/lasentinelle.dz\/author\/redaction\/"}]}},"_links":{"self":[{"href":"https:\/\/lasentinelle.dz\/index.php\/wp-json\/wp\/v2\/posts\/51571","targetHints":{"allow":["GET"]}}],"collection":[{"href":"https:\/\/lasentinelle.dz\/index.php\/wp-json\/wp\/v2\/posts"}],"about":[{"href":"https:\/\/lasentinelle.dz\/index.php\/wp-json\/wp\/v2\/types\/post"}],"author":[{"embeddable":true,"href":"https:\/\/lasentinelle.dz\/index.php\/wp-json\/wp\/v2\/users\/3"}],"replies":[{"embeddable":true,"href":"https:\/\/lasentinelle.dz\/index.php\/wp-json\/wp\/v2\/comments?post=51571"}],"version-history":[{"count":1,"href":"https:\/\/lasentinelle.dz\/index.php\/wp-json\/wp\/v2\/posts\/51571\/revisions"}],"predecessor-version":[{"id":51573,"href":"https:\/\/lasentinelle.dz\/index.php\/wp-json\/wp\/v2\/posts\/51571\/revisions\/51573"}],"wp:featuredmedia":[{"embeddable":true,"href":"https:\/\/lasentinelle.dz\/index.php\/wp-json\/wp\/v2\/media\/51572"}],"wp:attachment":[{"href":"https:\/\/lasentinelle.dz\/index.php\/wp-json\/wp\/v2\/media?parent=51571"}],"wp:term":[{"taxonomy":"category","embeddable":true,"href":"https:\/\/lasentinelle.dz\/index.php\/wp-json\/wp\/v2\/categories?post=51571"},{"taxonomy":"post_tag","embeddable":true,"href":"https:\/\/lasentinelle.dz\/index.php\/wp-json\/wp\/v2\/tags?post=51571"}],"curies":[{"name":"wp","href":"https:\/\/api.w.org\/{rel}","templated":true}]}}