{"id":51601,"date":"2024-04-24T13:24:57","date_gmt":"2024-04-24T12:24:57","guid":{"rendered":"https:\/\/lasentinelle.dz\/?p=51601"},"modified":"2024-04-24T13:25:03","modified_gmt":"2024-04-24T12:25:03","slug":"projet-dextension-du-port-dannaba-et-de-la-ligne-miniere-rakhroukh-insiste-sur-lacceleration-des-travaux","status":"publish","type":"post","link":"https:\/\/lasentinelle.dz\/index.php\/2024\/04\/24\/projet-dextension-du-port-dannaba-et-de-la-ligne-miniere-rakhroukh-insiste-sur-lacceleration-des-travaux\/","title":{"rendered":"Projet d\u2019extension du Port d\u2019Annaba et de la ligne mini\u00e8re\u00a0: Rakhroukh insiste sur l\u2019acc\u00e9l\u00e9ration des travaux"},"content":{"rendered":"\n<p>Le ministre des Travaux publics et des Infrastructures de base, Lakhdar Rakhroukh, a donn\u00e9, hier mardi, le coup d\u2019envoi du projet d\u2019extension du port d\u2019Annaba, ainsi que du projet de d\u00e9doublement de la RN 21 reliant Annaba \u00e0 Guelma.<\/p>\n\n\n\n<p>Le ministre des Travaux publics et des Infrastructures de base a effectu\u00e9 hier une visite dans la wilaya d\u2019Annaba au cours de laquelle ila&nbsp; inspect\u00e9 l&rsquo;\u00e9tat d&rsquo;avancement de la r\u00e9alisation des diff\u00e9rents projets qui entrent dans le cadre de l&rsquo;ex\u00e9cution du programme sectoriel, notamment dans le domaine du d\u00e9veloppement des \u00e9quipements routiers, portuaires, a\u00e9roportuaires et ferroviaires, qui sont les projets qui constituent l&rsquo;infrastructure de base pour le d\u00e9veloppement de l\u2019investissement et de l\u2019activit\u00e9 industrielle et soutenir le dynamisme de la croissance dans la wilaya. Lakhdar Rakhroukh a inspect\u00e9 le projet d&rsquo;extension du port commercial d&rsquo;Annaba, qui comprend l&rsquo;ach\u00e8vement d&rsquo;un quai min\u00e9ralier inscrit dans le cadre du projet phosphate int\u00e9gr\u00e9. La r\u00e9alisation de ce projet strat\u00e9gique, dont la r\u00e9alisation a \u00e9t\u00e9 confi\u00e9e \u00e0 un consortium alg\u00e9ro-chinois, \u00ab&nbsp;permettra de d\u00e9velopper les capacit\u00e9s du port d&rsquo;Annaba et d&rsquo;am\u00e9liorer significativement la comp\u00e9titivit\u00e9 des produits phosphat\u00e9s sur le march\u00e9 mondial&nbsp;\u00bb, a soulign\u00e9 le ministre sur place. La r\u00e9alisation de cette plateforme portuairefait l&rsquo;objet d&rsquo;une attention particuli\u00e8re de la part du Pr\u00e9sident de la R\u00e9publique, Abdelmadjid Tebboune.&nbsp; Le ministre a indiqu\u00e9, dans le m\u00eame contexte, que les projets d&rsquo;extension du port d&rsquo;Annaba et de r\u00e9alisation d&rsquo;un quai min\u00e9ralier, dans un d\u00e9lai contractuel de 24 mois, n\u00e9cessitera l&rsquo;exploitation de 20 millions de tonnes d&rsquo;agr\u00e9gats de carri\u00e8res, ce qui constitue, a-t-il dit, \u00ab\u00a0un d\u00e9fi qui doit \u00eatre relev\u00e9 par un engagement sans faille des diff\u00e9rents acteurs impliqu\u00e9s dans le projet \u00ab\u00a0. M. Rakhroukh s&rsquo;est \u00e9galement enquis des mesures prises au niveau local pour accompagner la r\u00e9alisation de ce projet qui donnera lieu \u00e0 la r\u00e9alisation d&rsquo;un quai min\u00e9ralier d&rsquo;une longueur de 1.600 m\u00e8tres et une profondeur de 16 m\u00e8tres, sur une superficie de 82 hectares qui serviront \u00e0 l&rsquo;implantation d&rsquo;unit\u00e9s industrielles pour le traitement et l&rsquo;exportation de phosphates et de mati\u00e8res phosphat\u00e9es. Toujours dans le cadre du projet de phosphate int\u00e9gr\u00e9, le ministre a inspect\u00e9 dans la zone d&rsquo;Es Sarouel (commune d&rsquo;El Bouni), le projet de r\u00e9alisation de la ligne mini\u00e8re de chemin de fer dans son segment reliant Annaba \u00e0 Bouchegouf (Guelma) sur un lin\u00e9aire de 54 km. Rakhrouk a soulign\u00e9, in situ, apr\u00e8s avoir \u00e9cout\u00e9 un expos\u00e9 sur les projets de lignes de chemin de fer destin\u00e9es au transport de marchandises et de passagers traversant la wilaya d&rsquo;Annaba, \u00ab\u00a0la n\u00e9cessit\u00e9 de mobiliser les entreprises de r\u00e9alisation pour acc\u00e9l\u00e9rer le rythme des travaux \u00ab\u00a0. Il a notamment rappel\u00e9, \u00e0 cet \u00e9gard, que le projet de la ligne ferroviaire mini\u00e8re s&rsquo;inscrit dans le cadre du projet int\u00e9gr\u00e9 d&rsquo;exploitation, de transformation et d&rsquo;exportation du phosphate et qu&rsquo; \u00ab\u00a0aucun retard par rapport aux d\u00e9lais contractuels de livraison, fix\u00e9s \u00e0 la fin de l&rsquo;ann\u00e9e 2026, ne saurait \u00eatre accept\u00e9\u00a0\u00bb. Il a \u00e9galement soulign\u00e9 la n\u00e9cessit\u00e9 d&rsquo;une coordination entre les diff\u00e9rents acteurs concern\u00e9s par ce projet, qui permettra de cr\u00e9er des emplois dans les zones travers\u00e9es par la voie ferr\u00e9e. Dans le m\u00eame contexte,&nbsp; le ministre a inspect\u00e9 le projet du d\u00e9doublement et modernisation de la ligne ferroviaire Annaba- Oued Ziad&nbsp; qui s\u2019\u00e9tend sur un lin\u00e9aire de 13 km, comprenant la r\u00e9alisation d\u2019une&nbsp; station pour les voyageurs de Berrahal (Annaba) et Azzaba (Skikda). Un projet convient-il de le noter confi\u00e9 \u00e0 un consortium d\u2019entreprises Alg\u00e9ro-Chinois. Ce projet vise \u00e0 augmenter la capacit\u00e9 de charge et \u00e0 augmenter la vitesse des trains de 160 km \u00e0 220 km\/h, a-t-on expliqu\u00e9. D&rsquo;autre part, le ministre des travaux publics accompagn\u00e9 du wali d\u2019Annaba, a&nbsp; donn\u00e9 le coup d\u2019envoi pour la r\u00e9alisation de la premi\u00e8re tranche du projet de d\u00e9doublement de la Route Nationale N\u00b0 21, reliant l\u2019\u00e9changeur d\u2019Ain El Berda&nbsp; aux fronti\u00e8res de la wilaya de Guelma jusqu\u2019\u00e0 l\u2019autoroute Est-Ouest via la ville d\u2019Annaba, sur une distance de 18 km. Concernant ce projet, Lakhdar Rakhroukh a donn\u00e9 des instructions sur la n\u00e9cessit\u00e9 de d\u00e9ployer toutes les capacit\u00e9s et mobiliser tous les moyens humains et mat\u00e9riels&nbsp; pour acc\u00e9l\u00e9rer le rythme des travaux afin de le livrer au cours du mois d&rsquo;avril 2025. Le ministre des travaux publics a achev\u00e9 sa visite dans la wilaya d\u2019Annaba, avec l\u2019inspection du projet de renforcement de la piste d&rsquo;avions \u00ab J \u00bb et des voies de correspondance et de circulation vers l&rsquo;a\u00e9roport international Rabah Bitat d&rsquo;Annaba, ainsi que le projet d&rsquo;agrandissement du parking d&rsquo;avions \u00ab E \u00bb pour le nouveau terminal du m\u00eame a\u00e9roport .&nbsp; \u00c0 l\u2019issue de ces travaux, l\u2019a\u00e9roport international d&rsquo;Annaba sera dot\u00e9 de six nouveaux parkings pour avions. Cette acquisition s\u2019ajoutera \u00e0 ceux d\u00e9j\u00e0 existants. Il faudrait rappeler que les travaux de raccordement du terminal \u00abE\u00bb au nouveau terminal, ainsi que l\u2019ouverture de nouveaux corridors, ont \u00e9t\u00e9 confi\u00e9s \u00e0 une entreprise espagnole d\u00e9faillante pour un co\u00fbt de 60 milliards de dinars. Le ministre \u00e0 insist\u00e9 sur la livraison de ces projets dans les plus brefs d\u00e9lais. \u00ab&nbsp;Ces projets visent \u00e0 redynamiser le trafic a\u00e9rien et \u00e0 augmenter la capacit\u00e9 de l\u2019a\u00e9roport, ainsi qu\u2019\u00e0 accueillir de gros avions&nbsp;\u00bb, a fait savoir le premier responsable du d\u00e9partement des travaux publics.<\/p>\n\n\n\n<p><strong>Sofia Chahine<\/strong><\/p>\n","protected":false},"excerpt":{"rendered":"<p>Le ministre des Travaux publics et des Infrastructures de base, Lakhdar Rakhroukh, a donn\u00e9, hier mardi, le coup d\u2019envoi du<\/p>\n","protected":false},"author":3,"featured_media":49011,"comment_status":"open","ping_status":"closed","sticky":false,"template":"","format":"standard","meta":{"colormag_page_container_layout":"default_layout","colormag_page_sidebar_layout":"default_layout","om_disable_all_campaigns":false,"_monsterinsights_skip_tracking":false,"_monsterinsights_sitenote_active":false,"_monsterinsights_sitenote_note":"","_monsterinsights_sitenote_category":0,"footnotes":"","_wpscppro_dont_share_socialmedia":false,"_wpscppro_custom_social_share_image":0,"_facebook_share_type":"","_twitter_share_type":"","_linkedin_share_type":"","_pinterest_share_type":"","_linkedin_share_type_page":"","_instagram_share_type":"","_medium_share_type":"","_threads_share_type":"","_google_business_share_type":"","_selected_social_profile":[],"_wpsp_enable_custom_social_template":false,"_wpsp_social_scheduling":{"enabled":false,"datetime":null,"platforms":[],"status":"template_only","dateOption":"today","timeOption":"now","customDays":"","customHours":"","customDate":"","customTime":"","schedulingType":"absolute"},"_wpsp_active_default_template":true},"categories":[52,27],"tags":[],"class_list":["post-51601","post","type-post","status-publish","format-standard","has-post-thumbnail","hentry","category-a-la-une","category-actualite"],"aioseo_notices":[],"yoast_head":"<!-- This site is optimized with the Yoast SEO plugin v27.5 - https:\/\/yoast.com\/product\/yoast-seo-wordpress\/ -->\n<title>Projet d\u2019extension du Port d\u2019Annaba et de la ligne mini\u00e8re\u00a0: Rakhroukh insiste sur l\u2019acc\u00e9l\u00e9ration des travaux - La Sentinelle<\/title>\n<meta name=\"robots\" content=\"index, follow, max-snippet:-1, max-image-preview:large, max-video-preview:-1\" \/>\n<link rel=\"canonical\" href=\"https:\/\/lasentinelle.dz\/index.php\/2024\/04\/24\/projet-dextension-du-port-dannaba-et-de-la-ligne-miniere-rakhroukh-insiste-sur-lacceleration-des-travaux\/\" \/>\n<meta property=\"og:locale\" content=\"fr_FR\" \/>\n<meta property=\"og:type\" content=\"article\" \/>\n<meta property=\"og:title\" content=\"Projet d\u2019extension du Port d\u2019Annaba et de la ligne mini\u00e8re\u00a0: Rakhroukh insiste sur l\u2019acc\u00e9l\u00e9ration des travaux - La Sentinelle\" \/>\n<meta property=\"og:description\" content=\"Le ministre des Travaux publics et des Infrastructures de base, Lakhdar Rakhroukh, a donn\u00e9, hier mardi, le coup d\u2019envoi du\" \/>\n<meta property=\"og:url\" content=\"https:\/\/lasentinelle.dz\/index.php\/2024\/04\/24\/projet-dextension-du-port-dannaba-et-de-la-ligne-miniere-rakhroukh-insiste-sur-lacceleration-des-travaux\/\" \/>\n<meta property=\"og:site_name\" content=\"La Sentinelle\" \/>\n<meta property=\"article:publisher\" content=\"https:\/\/www.facebook.com\/La-Sentinelle-104059864394773\" \/>\n<meta property=\"article:published_time\" content=\"2024-04-24T12:24:57+00:00\" \/>\n<meta property=\"article:modified_time\" content=\"2024-04-24T12:25:03+00:00\" \/>\n<meta property=\"og:image\" content=\"https:\/\/lasentinelle.dz\/wp-content\/uploads\/2024\/01\/port-dannaba.jpeg\" \/>\n\t<meta property=\"og:image:width\" content=\"1000\" \/>\n\t<meta property=\"og:image:height\" content=\"695\" \/>\n\t<meta property=\"og:image:type\" content=\"image\/jpeg\" \/>\n<meta name=\"author\" content=\"La Sentinelle\" \/>\n<meta name=\"twitter:card\" content=\"summary_large_image\" \/>\n<meta name=\"twitter:label1\" content=\"\u00c9crit par\" \/>\n\t<meta name=\"twitter:data1\" content=\"La Sentinelle\" \/>\n\t<meta name=\"twitter:label2\" content=\"Dur\u00e9e de lecture estim\u00e9e\" \/>\n\t<meta name=\"twitter:data2\" content=\"5 minutes\" \/>\n<script type=\"application\/ld+json\" class=\"yoast-schema-graph\">{\"@context\":\"https:\\\/\\\/schema.org\",\"@graph\":[{\"@type\":\"Article\",\"@id\":\"https:\\\/\\\/lasentinelle.dz\\\/index.php\\\/2024\\\/04\\\/24\\\/projet-dextension-du-port-dannaba-et-de-la-ligne-miniere-rakhroukh-insiste-sur-lacceleration-des-travaux\\\/#article\",\"isPartOf\":{\"@id\":\"https:\\\/\\\/lasentinelle.dz\\\/index.php\\\/2024\\\/04\\\/24\\\/projet-dextension-du-port-dannaba-et-de-la-ligne-miniere-rakhroukh-insiste-sur-lacceleration-des-travaux\\\/\"},\"author\":{\"name\":\"La Sentinelle\",\"@id\":\"https:\\\/\\\/lasentinelle.dz\\\/#\\\/schema\\\/person\\\/d865044e22e70a75174ce8bcad3acfb3\"},\"headline\":\"Projet d\u2019extension du Port d\u2019Annaba et de la ligne mini\u00e8re\u00a0: Rakhroukh insiste sur l\u2019acc\u00e9l\u00e9ration des travaux\",\"datePublished\":\"2024-04-24T12:24:57+00:00\",\"dateModified\":\"2024-04-24T12:25:03+00:00\",\"mainEntityOfPage\":{\"@id\":\"https:\\\/\\\/lasentinelle.dz\\\/index.php\\\/2024\\\/04\\\/24\\\/projet-dextension-du-port-dannaba-et-de-la-ligne-miniere-rakhroukh-insiste-sur-lacceleration-des-travaux\\\/\"},\"wordCount\":1000,\"commentCount\":0,\"publisher\":{\"@id\":\"https:\\\/\\\/lasentinelle.dz\\\/#organization\"},\"image\":{\"@id\":\"https:\\\/\\\/lasentinelle.dz\\\/index.php\\\/2024\\\/04\\\/24\\\/projet-dextension-du-port-dannaba-et-de-la-ligne-miniere-rakhroukh-insiste-sur-lacceleration-des-travaux\\\/#primaryimage\"},\"thumbnailUrl\":\"https:\\\/\\\/lasentinelle.dz\\\/wp-content\\\/uploads\\\/2024\\\/01\\\/port-dannaba.jpeg\",\"articleSection\":[\"\u00c0 la Une\",\"Actualit\u00e9\"],\"inLanguage\":\"fr-FR\",\"potentialAction\":[{\"@type\":\"CommentAction\",\"name\":\"Comment\",\"target\":[\"https:\\\/\\\/lasentinelle.dz\\\/index.php\\\/2024\\\/04\\\/24\\\/projet-dextension-du-port-dannaba-et-de-la-ligne-miniere-rakhroukh-insiste-sur-lacceleration-des-travaux\\\/#respond\"]}]},{\"@type\":\"WebPage\",\"@id\":\"https:\\\/\\\/lasentinelle.dz\\\/index.php\\\/2024\\\/04\\\/24\\\/projet-dextension-du-port-dannaba-et-de-la-ligne-miniere-rakhroukh-insiste-sur-lacceleration-des-travaux\\\/\",\"url\":\"https:\\\/\\\/lasentinelle.dz\\\/index.php\\\/2024\\\/04\\\/24\\\/projet-dextension-du-port-dannaba-et-de-la-ligne-miniere-rakhroukh-insiste-sur-lacceleration-des-travaux\\\/\",\"name\":\"Projet d\u2019extension du Port d\u2019Annaba et de la ligne mini\u00e8re\u00a0: Rakhroukh insiste sur l\u2019acc\u00e9l\u00e9ration des travaux - La Sentinelle\",\"isPartOf\":{\"@id\":\"https:\\\/\\\/lasentinelle.dz\\\/#website\"},\"primaryImageOfPage\":{\"@id\":\"https:\\\/\\\/lasentinelle.dz\\\/index.php\\\/2024\\\/04\\\/24\\\/projet-dextension-du-port-dannaba-et-de-la-ligne-miniere-rakhroukh-insiste-sur-lacceleration-des-travaux\\\/#primaryimage\"},\"image\":{\"@id\":\"https:\\\/\\\/lasentinelle.dz\\\/index.php\\\/2024\\\/04\\\/24\\\/projet-dextension-du-port-dannaba-et-de-la-ligne-miniere-rakhroukh-insiste-sur-lacceleration-des-travaux\\\/#primaryimage\"},\"thumbnailUrl\":\"https:\\\/\\\/lasentinelle.dz\\\/wp-content\\\/uploads\\\/2024\\\/01\\\/port-dannaba.jpeg\",\"datePublished\":\"2024-04-24T12:24:57+00:00\",\"dateModified\":\"2024-04-24T12:25:03+00:00\",\"breadcrumb\":{\"@id\":\"https:\\\/\\\/lasentinelle.dz\\\/index.php\\\/2024\\\/04\\\/24\\\/projet-dextension-du-port-dannaba-et-de-la-ligne-miniere-rakhroukh-insiste-sur-lacceleration-des-travaux\\\/#breadcrumb\"},\"inLanguage\":\"fr-FR\",\"potentialAction\":[{\"@type\":\"ReadAction\",\"target\":[\"https:\\\/\\\/lasentinelle.dz\\\/index.php\\\/2024\\\/04\\\/24\\\/projet-dextension-du-port-dannaba-et-de-la-ligne-miniere-rakhroukh-insiste-sur-lacceleration-des-travaux\\\/\"]}]},{\"@type\":\"ImageObject\",\"inLanguage\":\"fr-FR\",\"@id\":\"https:\\\/\\\/lasentinelle.dz\\\/index.php\\\/2024\\\/04\\\/24\\\/projet-dextension-du-port-dannaba-et-de-la-ligne-miniere-rakhroukh-insiste-sur-lacceleration-des-travaux\\\/#primaryimage\",\"url\":\"https:\\\/\\\/lasentinelle.dz\\\/wp-content\\\/uploads\\\/2024\\\/01\\\/port-dannaba.jpeg\",\"contentUrl\":\"https:\\\/\\\/lasentinelle.dz\\\/wp-content\\\/uploads\\\/2024\\\/01\\\/port-dannaba.jpeg\",\"width\":1000,\"height\":695},{\"@type\":\"BreadcrumbList\",\"@id\":\"https:\\\/\\\/lasentinelle.dz\\\/index.php\\\/2024\\\/04\\\/24\\\/projet-dextension-du-port-dannaba-et-de-la-ligne-miniere-rakhroukh-insiste-sur-lacceleration-des-travaux\\\/#breadcrumb\",\"itemListElement\":[{\"@type\":\"ListItem\",\"position\":1,\"name\":\"Accueil\",\"item\":\"https:\\\/\\\/lasentinelle.dz\\\/\"},{\"@type\":\"ListItem\",\"position\":2,\"name\":\"Projet d\u2019extension du Port d\u2019Annaba et de la ligne mini\u00e8re\u00a0: Rakhroukh insiste sur l\u2019acc\u00e9l\u00e9ration des travaux\"}]},{\"@type\":\"WebSite\",\"@id\":\"https:\\\/\\\/lasentinelle.dz\\\/#website\",\"url\":\"https:\\\/\\\/lasentinelle.dz\\\/\",\"name\":\"La Sentinelle\",\"description\":\"Quotidien national d&#039;information\",\"publisher\":{\"@id\":\"https:\\\/\\\/lasentinelle.dz\\\/#organization\"},\"potentialAction\":[{\"@type\":\"SearchAction\",\"target\":{\"@type\":\"EntryPoint\",\"urlTemplate\":\"https:\\\/\\\/lasentinelle.dz\\\/?s={search_term_string}\"},\"query-input\":{\"@type\":\"PropertyValueSpecification\",\"valueRequired\":true,\"valueName\":\"search_term_string\"}}],\"inLanguage\":\"fr-FR\"},{\"@type\":\"Organization\",\"@id\":\"https:\\\/\\\/lasentinelle.dz\\\/#organization\",\"name\":\"Quotidien La Sentinelle\",\"url\":\"https:\\\/\\\/lasentinelle.dz\\\/\",\"logo\":{\"@type\":\"ImageObject\",\"inLanguage\":\"fr-FR\",\"@id\":\"https:\\\/\\\/lasentinelle.dz\\\/#\\\/schema\\\/logo\\\/image\\\/\",\"url\":\"https:\\\/\\\/lasentinelle.dz\\\/wp-content\\\/uploads\\\/2021\\\/09\\\/logo-sentinelleSLOGAN-1.png\",\"contentUrl\":\"https:\\\/\\\/lasentinelle.dz\\\/wp-content\\\/uploads\\\/2021\\\/09\\\/logo-sentinelleSLOGAN-1.png\",\"width\":615,\"height\":142,\"caption\":\"Quotidien La Sentinelle\"},\"image\":{\"@id\":\"https:\\\/\\\/lasentinelle.dz\\\/#\\\/schema\\\/logo\\\/image\\\/\"},\"sameAs\":[\"https:\\\/\\\/www.facebook.com\\\/La-Sentinelle-104059864394773\"]},{\"@type\":\"Person\",\"@id\":\"https:\\\/\\\/lasentinelle.dz\\\/#\\\/schema\\\/person\\\/d865044e22e70a75174ce8bcad3acfb3\",\"name\":\"La Sentinelle\",\"image\":{\"@type\":\"ImageObject\",\"inLanguage\":\"fr-FR\",\"@id\":\"https:\\\/\\\/secure.gravatar.com\\\/avatar\\\/57de8e5d4b15d43fb361a71fbb36338450fe67865b528a43dd10ef7c51a20392?s=96&d=mm&r=g\",\"url\":\"https:\\\/\\\/secure.gravatar.com\\\/avatar\\\/57de8e5d4b15d43fb361a71fbb36338450fe67865b528a43dd10ef7c51a20392?s=96&d=mm&r=g\",\"contentUrl\":\"https:\\\/\\\/secure.gravatar.com\\\/avatar\\\/57de8e5d4b15d43fb361a71fbb36338450fe67865b528a43dd10ef7c51a20392?s=96&d=mm&r=g\",\"caption\":\"La Sentinelle\"},\"sameAs\":[\"http:\\\/\\\/www.lasentinelle.dz\"],\"url\":\"https:\\\/\\\/lasentinelle.dz\\\/author\\\/redaction\\\/\"}]}<\/script>\n<!-- \/ Yoast SEO plugin. -->","yoast_head_json":{"title":"Projet d\u2019extension du Port d\u2019Annaba et de la ligne mini\u00e8re\u00a0: Rakhroukh insiste sur l\u2019acc\u00e9l\u00e9ration des travaux - La Sentinelle","robots":{"index":"index","follow":"follow","max-snippet":"max-snippet:-1","max-image-preview":"max-image-preview:large","max-video-preview":"max-video-preview:-1"},"canonical":"https:\/\/lasentinelle.dz\/index.php\/2024\/04\/24\/projet-dextension-du-port-dannaba-et-de-la-ligne-miniere-rakhroukh-insiste-sur-lacceleration-des-travaux\/","og_locale":"fr_FR","og_type":"article","og_title":"Projet d\u2019extension du Port d\u2019Annaba et de la ligne mini\u00e8re\u00a0: Rakhroukh insiste sur l\u2019acc\u00e9l\u00e9ration des travaux - La Sentinelle","og_description":"Le ministre des Travaux publics et des Infrastructures de base, Lakhdar Rakhroukh, a donn\u00e9, hier mardi, le coup d\u2019envoi du","og_url":"https:\/\/lasentinelle.dz\/index.php\/2024\/04\/24\/projet-dextension-du-port-dannaba-et-de-la-ligne-miniere-rakhroukh-insiste-sur-lacceleration-des-travaux\/","og_site_name":"La Sentinelle","article_publisher":"https:\/\/www.facebook.com\/La-Sentinelle-104059864394773","article_published_time":"2024-04-24T12:24:57+00:00","article_modified_time":"2024-04-24T12:25:03+00:00","og_image":[{"width":1000,"height":695,"url":"https:\/\/lasentinelle.dz\/wp-content\/uploads\/2024\/01\/port-dannaba.jpeg","type":"image\/jpeg"}],"author":"La Sentinelle","twitter_card":"summary_large_image","twitter_misc":{"\u00c9crit par":"La Sentinelle","Dur\u00e9e de lecture estim\u00e9e":"5 minutes"},"schema":{"@context":"https:\/\/schema.org","@graph":[{"@type":"Article","@id":"https:\/\/lasentinelle.dz\/index.php\/2024\/04\/24\/projet-dextension-du-port-dannaba-et-de-la-ligne-miniere-rakhroukh-insiste-sur-lacceleration-des-travaux\/#article","isPartOf":{"@id":"https:\/\/lasentinelle.dz\/index.php\/2024\/04\/24\/projet-dextension-du-port-dannaba-et-de-la-ligne-miniere-rakhroukh-insiste-sur-lacceleration-des-travaux\/"},"author":{"name":"La Sentinelle","@id":"https:\/\/lasentinelle.dz\/#\/schema\/person\/d865044e22e70a75174ce8bcad3acfb3"},"headline":"Projet d\u2019extension du Port d\u2019Annaba et de la ligne mini\u00e8re\u00a0: Rakhroukh insiste sur l\u2019acc\u00e9l\u00e9ration des travaux","datePublished":"2024-04-24T12:24:57+00:00","dateModified":"2024-04-24T12:25:03+00:00","mainEntityOfPage":{"@id":"https:\/\/lasentinelle.dz\/index.php\/2024\/04\/24\/projet-dextension-du-port-dannaba-et-de-la-ligne-miniere-rakhroukh-insiste-sur-lacceleration-des-travaux\/"},"wordCount":1000,"commentCount":0,"publisher":{"@id":"https:\/\/lasentinelle.dz\/#organization"},"image":{"@id":"https:\/\/lasentinelle.dz\/index.php\/2024\/04\/24\/projet-dextension-du-port-dannaba-et-de-la-ligne-miniere-rakhroukh-insiste-sur-lacceleration-des-travaux\/#primaryimage"},"thumbnailUrl":"https:\/\/lasentinelle.dz\/wp-content\/uploads\/2024\/01\/port-dannaba.jpeg","articleSection":["\u00c0 la Une","Actualit\u00e9"],"inLanguage":"fr-FR","potentialAction":[{"@type":"CommentAction","name":"Comment","target":["https:\/\/lasentinelle.dz\/index.php\/2024\/04\/24\/projet-dextension-du-port-dannaba-et-de-la-ligne-miniere-rakhroukh-insiste-sur-lacceleration-des-travaux\/#respond"]}]},{"@type":"WebPage","@id":"https:\/\/lasentinelle.dz\/index.php\/2024\/04\/24\/projet-dextension-du-port-dannaba-et-de-la-ligne-miniere-rakhroukh-insiste-sur-lacceleration-des-travaux\/","url":"https:\/\/lasentinelle.dz\/index.php\/2024\/04\/24\/projet-dextension-du-port-dannaba-et-de-la-ligne-miniere-rakhroukh-insiste-sur-lacceleration-des-travaux\/","name":"Projet d\u2019extension du Port d\u2019Annaba et de la ligne mini\u00e8re\u00a0: Rakhroukh insiste sur l\u2019acc\u00e9l\u00e9ration des travaux - La Sentinelle","isPartOf":{"@id":"https:\/\/lasentinelle.dz\/#website"},"primaryImageOfPage":{"@id":"https:\/\/lasentinelle.dz\/index.php\/2024\/04\/24\/projet-dextension-du-port-dannaba-et-de-la-ligne-miniere-rakhroukh-insiste-sur-lacceleration-des-travaux\/#primaryimage"},"image":{"@id":"https:\/\/lasentinelle.dz\/index.php\/2024\/04\/24\/projet-dextension-du-port-dannaba-et-de-la-ligne-miniere-rakhroukh-insiste-sur-lacceleration-des-travaux\/#primaryimage"},"thumbnailUrl":"https:\/\/lasentinelle.dz\/wp-content\/uploads\/2024\/01\/port-dannaba.jpeg","datePublished":"2024-04-24T12:24:57+00:00","dateModified":"2024-04-24T12:25:03+00:00","breadcrumb":{"@id":"https:\/\/lasentinelle.dz\/index.php\/2024\/04\/24\/projet-dextension-du-port-dannaba-et-de-la-ligne-miniere-rakhroukh-insiste-sur-lacceleration-des-travaux\/#breadcrumb"},"inLanguage":"fr-FR","potentialAction":[{"@type":"ReadAction","target":["https:\/\/lasentinelle.dz\/index.php\/2024\/04\/24\/projet-dextension-du-port-dannaba-et-de-la-ligne-miniere-rakhroukh-insiste-sur-lacceleration-des-travaux\/"]}]},{"@type":"ImageObject","inLanguage":"fr-FR","@id":"https:\/\/lasentinelle.dz\/index.php\/2024\/04\/24\/projet-dextension-du-port-dannaba-et-de-la-ligne-miniere-rakhroukh-insiste-sur-lacceleration-des-travaux\/#primaryimage","url":"https:\/\/lasentinelle.dz\/wp-content\/uploads\/2024\/01\/port-dannaba.jpeg","contentUrl":"https:\/\/lasentinelle.dz\/wp-content\/uploads\/2024\/01\/port-dannaba.jpeg","width":1000,"height":695},{"@type":"BreadcrumbList","@id":"https:\/\/lasentinelle.dz\/index.php\/2024\/04\/24\/projet-dextension-du-port-dannaba-et-de-la-ligne-miniere-rakhroukh-insiste-sur-lacceleration-des-travaux\/#breadcrumb","itemListElement":[{"@type":"ListItem","position":1,"name":"Accueil","item":"https:\/\/lasentinelle.dz\/"},{"@type":"ListItem","position":2,"name":"Projet d\u2019extension du Port d\u2019Annaba et de la ligne mini\u00e8re\u00a0: Rakhroukh insiste sur l\u2019acc\u00e9l\u00e9ration des travaux"}]},{"@type":"WebSite","@id":"https:\/\/lasentinelle.dz\/#website","url":"https:\/\/lasentinelle.dz\/","name":"La Sentinelle","description":"Quotidien national d&#039;information","publisher":{"@id":"https:\/\/lasentinelle.dz\/#organization"},"potentialAction":[{"@type":"SearchAction","target":{"@type":"EntryPoint","urlTemplate":"https:\/\/lasentinelle.dz\/?s={search_term_string}"},"query-input":{"@type":"PropertyValueSpecification","valueRequired":true,"valueName":"search_term_string"}}],"inLanguage":"fr-FR"},{"@type":"Organization","@id":"https:\/\/lasentinelle.dz\/#organization","name":"Quotidien La Sentinelle","url":"https:\/\/lasentinelle.dz\/","logo":{"@type":"ImageObject","inLanguage":"fr-FR","@id":"https:\/\/lasentinelle.dz\/#\/schema\/logo\/image\/","url":"https:\/\/lasentinelle.dz\/wp-content\/uploads\/2021\/09\/logo-sentinelleSLOGAN-1.png","contentUrl":"https:\/\/lasentinelle.dz\/wp-content\/uploads\/2021\/09\/logo-sentinelleSLOGAN-1.png","width":615,"height":142,"caption":"Quotidien La Sentinelle"},"image":{"@id":"https:\/\/lasentinelle.dz\/#\/schema\/logo\/image\/"},"sameAs":["https:\/\/www.facebook.com\/La-Sentinelle-104059864394773"]},{"@type":"Person","@id":"https:\/\/lasentinelle.dz\/#\/schema\/person\/d865044e22e70a75174ce8bcad3acfb3","name":"La Sentinelle","image":{"@type":"ImageObject","inLanguage":"fr-FR","@id":"https:\/\/secure.gravatar.com\/avatar\/57de8e5d4b15d43fb361a71fbb36338450fe67865b528a43dd10ef7c51a20392?s=96&d=mm&r=g","url":"https:\/\/secure.gravatar.com\/avatar\/57de8e5d4b15d43fb361a71fbb36338450fe67865b528a43dd10ef7c51a20392?s=96&d=mm&r=g","contentUrl":"https:\/\/secure.gravatar.com\/avatar\/57de8e5d4b15d43fb361a71fbb36338450fe67865b528a43dd10ef7c51a20392?s=96&d=mm&r=g","caption":"La Sentinelle"},"sameAs":["http:\/\/www.lasentinelle.dz"],"url":"https:\/\/lasentinelle.dz\/author\/redaction\/"}]}},"_links":{"self":[{"href":"https:\/\/lasentinelle.dz\/index.php\/wp-json\/wp\/v2\/posts\/51601","targetHints":{"allow":["GET"]}}],"collection":[{"href":"https:\/\/lasentinelle.dz\/index.php\/wp-json\/wp\/v2\/posts"}],"about":[{"href":"https:\/\/lasentinelle.dz\/index.php\/wp-json\/wp\/v2\/types\/post"}],"author":[{"embeddable":true,"href":"https:\/\/lasentinelle.dz\/index.php\/wp-json\/wp\/v2\/users\/3"}],"replies":[{"embeddable":true,"href":"https:\/\/lasentinelle.dz\/index.php\/wp-json\/wp\/v2\/comments?post=51601"}],"version-history":[{"count":1,"href":"https:\/\/lasentinelle.dz\/index.php\/wp-json\/wp\/v2\/posts\/51601\/revisions"}],"predecessor-version":[{"id":51602,"href":"https:\/\/lasentinelle.dz\/index.php\/wp-json\/wp\/v2\/posts\/51601\/revisions\/51602"}],"wp:featuredmedia":[{"embeddable":true,"href":"https:\/\/lasentinelle.dz\/index.php\/wp-json\/wp\/v2\/media\/49011"}],"wp:attachment":[{"href":"https:\/\/lasentinelle.dz\/index.php\/wp-json\/wp\/v2\/media?parent=51601"}],"wp:term":[{"taxonomy":"category","embeddable":true,"href":"https:\/\/lasentinelle.dz\/index.php\/wp-json\/wp\/v2\/categories?post=51601"},{"taxonomy":"post_tag","embeddable":true,"href":"https:\/\/lasentinelle.dz\/index.php\/wp-json\/wp\/v2\/tags?post=51601"}],"curies":[{"name":"wp","href":"https:\/\/api.w.org\/{rel}","templated":true}]}}