{"id":51617,"date":"2024-04-24T14:51:40","date_gmt":"2024-04-24T13:51:40","guid":{"rendered":"https:\/\/lasentinelle.dz\/?p=51617"},"modified":"2024-04-24T14:51:43","modified_gmt":"2024-04-24T13:51:43","slug":"200-jours-de-mort-et-de-destruction-a-ghaza","status":"publish","type":"post","link":"https:\/\/lasentinelle.dz\/index.php\/2024\/04\/24\/200-jours-de-mort-et-de-destruction-a-ghaza\/","title":{"rendered":"200 jours de mort et de destruction \u00e0 Ghaza"},"content":{"rendered":"\n<p>Les bombardements de l\u2019occupation isra\u00e9lienne se sont intensifi\u00e9s hier au 200<sup>e<\/sup> jour de l\u2019agression men\u00e9e contre la bande de Ghaza. Une agression qui engendr\u00e9 une destruction in\u00e9dite depuis la seconde guerre mondiale et au bilan incompar\u00e9e dans l\u2019histoire r\u00e9cente&nbsp;: plus de 34.000 morts ont officiellement comptabilis\u00e9s, tandis que le nombre de victimes, entre morts, bless\u00e9s et victimes port\u00e9es disparues, d\u00e9passe tr\u00e8s largement les 100.000.<\/p>\n\n\n\n<p>Des bombardements meurtriers de l\u2019occupation ont vis\u00e9 hier la bande de Ghaza, au 200e jour de l\u2019agression, alors que l\u2019entit\u00e9 sioniste se pr\u00e9pare \u00e0 lancer une offensive sur Rafah o\u00f9 tassent 1,5 million de r\u00e9fugi\u00e9s palestiniens et ce, au m\u00e9pris des avertissements de la communaut\u00e9 internationale. L&rsquo;organisation britannique Oxfam a publi\u00e9 le 3 avril, avec douze ONG, un appel au cessez-le-feu, rappelant que 1,3 million de civils, dont au moins 610.000 enfants, se trouvaient \u00e0 Rafah \u00ab\u00a0directement dans la ligne de tir\u00a0\u00bb. D&rsquo;autres s&rsquo;inqui\u00e8tent pour l&rsquo;acheminement de l&rsquo;aide humanitaire, qui arrive principalement depuis l&rsquo;Egypte dans le territoire menac\u00e9 de famine. Une offensive \u00ab\u00a0nous couperait de notre art\u00e8re vitale: le passage de Rafah\u00a0\u00bb, a expliqu\u00e9 Ahmed Bayram, porte-parole de l&rsquo;ONG Norwegian Refugee Council au Moyen-Orient.<\/p>\n\n\n\n<p>&nbsp;Des bombardements ont ains cibl\u00e9 de l\u2019enclave Jabaliya. Des raids qui n\u2019\u00e9pargnent pas le Sud de l\u2019enclave. Selon le minist\u00e8re palestinien de la Sant\u00e9, l&rsquo;arm\u00e9e d&rsquo;occupation sioniste a commis 3 massacres au cours des derni\u00e8res 24 heures dans la bande de Ghaza, faisant 32 martyrs et 59 bless\u00e9s. Depuis le d\u00e9but de l\u2019agression, 34.183 de Palestiniens sont tomb\u00e9s en martyre et 77.143 bless\u00e9s. Les autorit\u00e9s sanitaires palestiniennes ont \u00e9galement indiqu\u00e9 qu&rsquo;un certain nombre de victimes palestiniennes se trouvent encore sous les d\u00e9combres et sur les routes, et que les forces de l&rsquo;occupation emp\u00eachent les ambulances et les \u00e9quipes de la Protection civile de leur porter secours.<\/p>\n\n\n\n<p>L\u2019occupation affiche aussi sa d\u00e9termination \u00e0 poursuivre le massacre, malgr\u00e9 la r\u00e9solution du Conseil de s\u00e9curit\u00e9 de l\u2019ONU exigeant un cessez-le-feu imm\u00e9diat \u00e0 Ghaza.<\/p>\n\n\n\n<p>Dans ce contexte, l\u2019Office de secours et de travaux des Nations unies pour les r\u00e9fugi\u00e9s de Palestine (UNRWA) a d\u00e9clar\u00e9 hier que les 200 jours d\u2019agression isra\u00e9lienne contre Ghaza avaient provoqu\u00e9 \u00ab\u00a0dommages aux infrastructures critiques (qui) sont immenses\u00a0\u00bb . L\u2019organisation onusienne a expliqu\u00e9 dans un message sur la plateforme X que 200 jours apr\u00e8s le d\u00e9but de la guerre (isra\u00e9lienne), la destruction est partout \u00e0 Ghaza. L\u2019UNRWA a ajout\u00e9 que \u00ab\u00a0Les dommages aux infrastructures critiques sont immenses. Plus d&rsquo;un million de personnes ont perdu leur logement et 75 % de la population a \u00e9t\u00e9 d\u00e9plac\u00e9e\u00a0\u00bb. \u00ab\u00a0Il faudra des ann\u00e9es pour enlever les d\u00e9bris\u00a0\u00bb r\u00e9sultant des bombardements isra\u00e9liens contre la bande de Ghaza depuis plus de six mois, selon l\u2019UNRWA. L\u2019Office des Nations unies a soulign\u00e9 que \u00ab\u00a0le cessez-le-feu est le seul espoir restant\u00a0\u00bb pour sauver les habitants de la bande de Gaza.<\/p>\n\n\n\n<p>Une destruction dont l\u2019\u00e9tendue d\u00e9passe celle qui marqu\u00e9 la seconde guerre mondiale souligne pour sa part le Haut repr\u00e9sentant de l&rsquo;Union europ\u00e9enne pour les affaires \u00e9trang\u00e8res et la politique de s\u00e9curit\u00e9, Josep Borelle. &nbsp;R\u00e9f\u00e9rant \u00e0 l&rsquo;augmentation consid\u00e9rable des pertes civiles, qui s&rsquo;\u00e9l\u00e8vent d\u00e9sormais \u00e0 plus de 34 000 morts et pr\u00e8s de 70 000 bless\u00e9s, Josep Borrell a d\u00e9clar\u00e9 lors de la s\u00e9ance pl\u00e9ni\u00e8re du Parlement europ\u00e9en: \u00ab\u00a0Nous pouvons dire que plus de 60 % des infrastructures ont \u00e9t\u00e9 endommag\u00e9es et 35 % enti\u00e8rement d\u00e9truit \u00e0 Gaza\u00a0\u00bb.<\/p>\n\n\n\n<p>Rappelant que 249 employ\u00e9s humanitaires et une centaine de journalistes ont \u00e9t\u00e9 tu\u00e9s par les attaques isra\u00e9liennes contre Ghaza, Borrell a ajout\u00e9 que les efforts de l\u2019entit\u00e9 sioniste pour freiner les op\u00e9rations des m\u00e9dias \u00e9trangers dans le pays suscitent \u00e9galement de s\u00e9rieuses inqui\u00e9tudes. \u00ab\u00a0Nous devons r\u00e9p\u00e9ter une fois de plus qu\u2019Isra\u00ebl doit respecter le droit international en mettant en \u0153uvre les mesures provisoires de la Cour internationale de Justice et assurer la protection de tous les civils\u00a0\u00bb, a d\u00e9clar\u00e9 Borrell, exhortant l\u2019entit\u00e9 \u00e0 permettre aux travailleurs italiens de faire leur travail qui sauve des vies sans \u00eatre pris pour cible. En \u00e9voquant particuli\u00e8rement la possibilit\u00e9 d&rsquo;une attaque isra\u00e9lienne contre Rafah, o\u00f9 vivent quelque 1,3 million de personnes sans refuge, le Haut repr\u00e9sentant de l\u2019UE a d\u00e9clar\u00e9 que cela entra\u00eenerait des cons\u00e9quences catastrophiques. Borrell a ajout\u00e9 qu\u2019\u00a0\u00bbIl est crucial qu&rsquo;Isra\u00ebl se conforme \u00e0 la r\u00e9solution contraignante 2728 du Conseil de s\u00e9curit\u00e9 de l&rsquo;ONU, exigeant un acc\u00e8s humanitaire total \u00e0 Gaza\u00a0\u00bb.<\/p>\n\n\n\n<p>Lyes Sa\u00efdi<\/p>\n\n\n\n<p><strong>ONU<\/strong><\/p>\n\n\n\n<p><strong>Le HCDH demande une enqu\u00eate \u00ab\u00a0approfondie\u00a0\u00bb sur tous les <\/strong><strong>charniers \u00e0 Gaza<\/strong><\/p>\n\n\n\n<p>La porte-parole du Haut-Commissariat de l\u2019ONU aux droits de l\u2019homme, Ravina Shamdasani, a demand\u00e9 qu\u2019une enqu\u00eate approfondie \u00ab&nbsp;d\u2019une mani\u00e8re cr\u00e9dible et ind\u00e9pendante&nbsp;\u00bb soit men\u00e9e sur tous les sites de fosses communes \u00e0 Gaza. Dans un communiqu\u00e9 de l\u2019organisation, il a \u00e9t\u00e9 rappel\u00e9 que des fosses communes ont \u00e9t\u00e9 d\u00e9couvertes par les autorit\u00e9s palestiniennes dans l\u2019h\u00f4pital Nasser de Khan Younis, apr\u00e8s le retrait des forces d\u2019occupation. La porte-parole du HCDH a d\u00e9nonc\u00e9 de graves violations du droit international des droits de l\u2019homme et du droit international humanitaire. \u201cCertains d\u2019entre eux avaient les mains li\u00e9es, ce qui indique bien s\u00fbr de graves violations du droit international des droits de l\u2019homme et du droit international humanitaire, et ces faits doivent faire l\u2019objet d\u2019enqu\u00eates plus approfondies\u201d, a-t-elle d\u00e9clar\u00e9 en insistant: \u201c Nous ressentons le besoin de tirer la sonnette d\u2019alarme car il est clair que de nombreux corps ont \u00e9t\u00e9 d\u00e9couverts\u201d. L&rsquo;ONU a r\u00e9clam\u00e9 une enqu\u00eate internationale sur les fosses communes d\u00e9couvertes dans les deux principaux h\u00f4pitaux de Ghaza, al-Chifa et Nasser, soulignant la n\u00e9cessit\u00e9 d&rsquo;une enqu\u00eate ind\u00e9pendante face au \u00ab\u00a0climat d&rsquo;impunit\u00e9\u00a0\u00bb actuel.<\/p>\n\n\n\n<p>La D\u00e9fense civile palestinienne &nbsp;a affirm\u00e9 avoir exhum\u00e9 ces derniers jours 340 corps de personnes tu\u00e9es et enterr\u00e9es par les forces d\u2019occupation dans des fosses communes \u00e0 l&rsquo;int\u00e9rieur de l&rsquo;h\u00f4pital Nasser de Khan Youn\u00e8s.<\/p>\n\n\n\n<p>R.N.<\/p>\n","protected":false},"excerpt":{"rendered":"<p>Les bombardements de l\u2019occupation isra\u00e9lienne se sont intensifi\u00e9s hier au 200e jour de l\u2019agression men\u00e9e contre la bande de Ghaza.<\/p>\n","protected":false},"author":3,"featured_media":51618,"comment_status":"open","ping_status":"closed","sticky":false,"template":"","format":"standard","meta":{"colormag_page_container_layout":"default_layout","colormag_page_sidebar_layout":"default_layout","om_disable_all_campaigns":false,"_monsterinsights_skip_tracking":false,"_monsterinsights_sitenote_active":false,"_monsterinsights_sitenote_note":"","_monsterinsights_sitenote_category":0,"footnotes":"","_wpscppro_dont_share_socialmedia":false,"_wpscppro_custom_social_share_image":0,"_facebook_share_type":"","_twitter_share_type":"","_linkedin_share_type":"","_pinterest_share_type":"","_linkedin_share_type_page":"","_instagram_share_type":"","_medium_share_type":"","_threads_share_type":"","_google_business_share_type":"","_selected_social_profile":[],"_wpsp_enable_custom_social_template":false,"_wpsp_social_scheduling":{"enabled":false,"datetime":null,"platforms":[],"status":"template_only","dateOption":"today","timeOption":"now","customDays":"","customHours":"","customDate":"","customTime":"","schedulingType":"absolute"},"_wpsp_active_default_template":true},"categories":[52,27],"tags":[],"class_list":["post-51617","post","type-post","status-publish","format-standard","has-post-thumbnail","hentry","category-a-la-une","category-actualite"],"aioseo_notices":[],"yoast_head":"<!-- This site is optimized with the Yoast SEO plugin v27.5 - https:\/\/yoast.com\/product\/yoast-seo-wordpress\/ -->\n<title>200 jours de mort et de destruction \u00e0 Ghaza - La Sentinelle<\/title>\n<meta name=\"robots\" content=\"index, follow, max-snippet:-1, max-image-preview:large, max-video-preview:-1\" \/>\n<link rel=\"canonical\" href=\"https:\/\/lasentinelle.dz\/index.php\/2024\/04\/24\/200-jours-de-mort-et-de-destruction-a-ghaza\/\" \/>\n<meta property=\"og:locale\" content=\"fr_FR\" \/>\n<meta property=\"og:type\" content=\"article\" \/>\n<meta property=\"og:title\" content=\"200 jours de mort et de destruction \u00e0 Ghaza - La Sentinelle\" \/>\n<meta property=\"og:description\" content=\"Les bombardements de l\u2019occupation isra\u00e9lienne se sont intensifi\u00e9s hier au 200e jour de l\u2019agression men\u00e9e contre la bande de Ghaza.\" \/>\n<meta property=\"og:url\" content=\"https:\/\/lasentinelle.dz\/index.php\/2024\/04\/24\/200-jours-de-mort-et-de-destruction-a-ghaza\/\" \/>\n<meta property=\"og:site_name\" content=\"La Sentinelle\" \/>\n<meta property=\"article:publisher\" content=\"https:\/\/www.facebook.com\/La-Sentinelle-104059864394773\" \/>\n<meta property=\"article:published_time\" content=\"2024-04-24T13:51:40+00:00\" \/>\n<meta property=\"article:modified_time\" content=\"2024-04-24T13:51:43+00:00\" \/>\n<meta property=\"og:image\" content=\"https:\/\/lasentinelle.dz\/wp-content\/uploads\/2024\/04\/Ghaza.webp\" \/>\n\t<meta property=\"og:image:width\" content=\"864\" \/>\n\t<meta property=\"og:image:height\" content=\"486\" \/>\n\t<meta property=\"og:image:type\" content=\"image\/webp\" \/>\n<meta name=\"author\" content=\"La Sentinelle\" \/>\n<meta name=\"twitter:card\" content=\"summary_large_image\" \/>\n<meta name=\"twitter:label1\" content=\"\u00c9crit par\" \/>\n\t<meta name=\"twitter:data1\" content=\"La Sentinelle\" \/>\n\t<meta name=\"twitter:label2\" content=\"Dur\u00e9e de lecture estim\u00e9e\" \/>\n\t<meta name=\"twitter:data2\" content=\"5 minutes\" \/>\n<script type=\"application\/ld+json\" class=\"yoast-schema-graph\">{\"@context\":\"https:\\\/\\\/schema.org\",\"@graph\":[{\"@type\":\"Article\",\"@id\":\"https:\\\/\\\/lasentinelle.dz\\\/index.php\\\/2024\\\/04\\\/24\\\/200-jours-de-mort-et-de-destruction-a-ghaza\\\/#article\",\"isPartOf\":{\"@id\":\"https:\\\/\\\/lasentinelle.dz\\\/index.php\\\/2024\\\/04\\\/24\\\/200-jours-de-mort-et-de-destruction-a-ghaza\\\/\"},\"author\":{\"name\":\"La Sentinelle\",\"@id\":\"https:\\\/\\\/lasentinelle.dz\\\/#\\\/schema\\\/person\\\/d865044e22e70a75174ce8bcad3acfb3\"},\"headline\":\"200 jours de mort et de destruction \u00e0 Ghaza\",\"datePublished\":\"2024-04-24T13:51:40+00:00\",\"dateModified\":\"2024-04-24T13:51:43+00:00\",\"mainEntityOfPage\":{\"@id\":\"https:\\\/\\\/lasentinelle.dz\\\/index.php\\\/2024\\\/04\\\/24\\\/200-jours-de-mort-et-de-destruction-a-ghaza\\\/\"},\"wordCount\":1081,\"commentCount\":0,\"publisher\":{\"@id\":\"https:\\\/\\\/lasentinelle.dz\\\/#organization\"},\"image\":{\"@id\":\"https:\\\/\\\/lasentinelle.dz\\\/index.php\\\/2024\\\/04\\\/24\\\/200-jours-de-mort-et-de-destruction-a-ghaza\\\/#primaryimage\"},\"thumbnailUrl\":\"https:\\\/\\\/lasentinelle.dz\\\/wp-content\\\/uploads\\\/2024\\\/04\\\/Ghaza.webp\",\"articleSection\":[\"\u00c0 la Une\",\"Actualit\u00e9\"],\"inLanguage\":\"fr-FR\",\"potentialAction\":[{\"@type\":\"CommentAction\",\"name\":\"Comment\",\"target\":[\"https:\\\/\\\/lasentinelle.dz\\\/index.php\\\/2024\\\/04\\\/24\\\/200-jours-de-mort-et-de-destruction-a-ghaza\\\/#respond\"]}]},{\"@type\":\"WebPage\",\"@id\":\"https:\\\/\\\/lasentinelle.dz\\\/index.php\\\/2024\\\/04\\\/24\\\/200-jours-de-mort-et-de-destruction-a-ghaza\\\/\",\"url\":\"https:\\\/\\\/lasentinelle.dz\\\/index.php\\\/2024\\\/04\\\/24\\\/200-jours-de-mort-et-de-destruction-a-ghaza\\\/\",\"name\":\"200 jours de mort et de destruction \u00e0 Ghaza - La Sentinelle\",\"isPartOf\":{\"@id\":\"https:\\\/\\\/lasentinelle.dz\\\/#website\"},\"primaryImageOfPage\":{\"@id\":\"https:\\\/\\\/lasentinelle.dz\\\/index.php\\\/2024\\\/04\\\/24\\\/200-jours-de-mort-et-de-destruction-a-ghaza\\\/#primaryimage\"},\"image\":{\"@id\":\"https:\\\/\\\/lasentinelle.dz\\\/index.php\\\/2024\\\/04\\\/24\\\/200-jours-de-mort-et-de-destruction-a-ghaza\\\/#primaryimage\"},\"thumbnailUrl\":\"https:\\\/\\\/lasentinelle.dz\\\/wp-content\\\/uploads\\\/2024\\\/04\\\/Ghaza.webp\",\"datePublished\":\"2024-04-24T13:51:40+00:00\",\"dateModified\":\"2024-04-24T13:51:43+00:00\",\"breadcrumb\":{\"@id\":\"https:\\\/\\\/lasentinelle.dz\\\/index.php\\\/2024\\\/04\\\/24\\\/200-jours-de-mort-et-de-destruction-a-ghaza\\\/#breadcrumb\"},\"inLanguage\":\"fr-FR\",\"potentialAction\":[{\"@type\":\"ReadAction\",\"target\":[\"https:\\\/\\\/lasentinelle.dz\\\/index.php\\\/2024\\\/04\\\/24\\\/200-jours-de-mort-et-de-destruction-a-ghaza\\\/\"]}]},{\"@type\":\"ImageObject\",\"inLanguage\":\"fr-FR\",\"@id\":\"https:\\\/\\\/lasentinelle.dz\\\/index.php\\\/2024\\\/04\\\/24\\\/200-jours-de-mort-et-de-destruction-a-ghaza\\\/#primaryimage\",\"url\":\"https:\\\/\\\/lasentinelle.dz\\\/wp-content\\\/uploads\\\/2024\\\/04\\\/Ghaza.webp\",\"contentUrl\":\"https:\\\/\\\/lasentinelle.dz\\\/wp-content\\\/uploads\\\/2024\\\/04\\\/Ghaza.webp\",\"width\":864,\"height\":486},{\"@type\":\"BreadcrumbList\",\"@id\":\"https:\\\/\\\/lasentinelle.dz\\\/index.php\\\/2024\\\/04\\\/24\\\/200-jours-de-mort-et-de-destruction-a-ghaza\\\/#breadcrumb\",\"itemListElement\":[{\"@type\":\"ListItem\",\"position\":1,\"name\":\"Accueil\",\"item\":\"https:\\\/\\\/lasentinelle.dz\\\/\"},{\"@type\":\"ListItem\",\"position\":2,\"name\":\"200 jours de mort et de destruction \u00e0 Ghaza\"}]},{\"@type\":\"WebSite\",\"@id\":\"https:\\\/\\\/lasentinelle.dz\\\/#website\",\"url\":\"https:\\\/\\\/lasentinelle.dz\\\/\",\"name\":\"La Sentinelle\",\"description\":\"Quotidien national d&#039;information\",\"publisher\":{\"@id\":\"https:\\\/\\\/lasentinelle.dz\\\/#organization\"},\"potentialAction\":[{\"@type\":\"SearchAction\",\"target\":{\"@type\":\"EntryPoint\",\"urlTemplate\":\"https:\\\/\\\/lasentinelle.dz\\\/?s={search_term_string}\"},\"query-input\":{\"@type\":\"PropertyValueSpecification\",\"valueRequired\":true,\"valueName\":\"search_term_string\"}}],\"inLanguage\":\"fr-FR\"},{\"@type\":\"Organization\",\"@id\":\"https:\\\/\\\/lasentinelle.dz\\\/#organization\",\"name\":\"Quotidien La Sentinelle\",\"url\":\"https:\\\/\\\/lasentinelle.dz\\\/\",\"logo\":{\"@type\":\"ImageObject\",\"inLanguage\":\"fr-FR\",\"@id\":\"https:\\\/\\\/lasentinelle.dz\\\/#\\\/schema\\\/logo\\\/image\\\/\",\"url\":\"https:\\\/\\\/lasentinelle.dz\\\/wp-content\\\/uploads\\\/2021\\\/09\\\/logo-sentinelleSLOGAN-1.png\",\"contentUrl\":\"https:\\\/\\\/lasentinelle.dz\\\/wp-content\\\/uploads\\\/2021\\\/09\\\/logo-sentinelleSLOGAN-1.png\",\"width\":615,\"height\":142,\"caption\":\"Quotidien La Sentinelle\"},\"image\":{\"@id\":\"https:\\\/\\\/lasentinelle.dz\\\/#\\\/schema\\\/logo\\\/image\\\/\"},\"sameAs\":[\"https:\\\/\\\/www.facebook.com\\\/La-Sentinelle-104059864394773\"]},{\"@type\":\"Person\",\"@id\":\"https:\\\/\\\/lasentinelle.dz\\\/#\\\/schema\\\/person\\\/d865044e22e70a75174ce8bcad3acfb3\",\"name\":\"La Sentinelle\",\"image\":{\"@type\":\"ImageObject\",\"inLanguage\":\"fr-FR\",\"@id\":\"https:\\\/\\\/secure.gravatar.com\\\/avatar\\\/57de8e5d4b15d43fb361a71fbb36338450fe67865b528a43dd10ef7c51a20392?s=96&d=mm&r=g\",\"url\":\"https:\\\/\\\/secure.gravatar.com\\\/avatar\\\/57de8e5d4b15d43fb361a71fbb36338450fe67865b528a43dd10ef7c51a20392?s=96&d=mm&r=g\",\"contentUrl\":\"https:\\\/\\\/secure.gravatar.com\\\/avatar\\\/57de8e5d4b15d43fb361a71fbb36338450fe67865b528a43dd10ef7c51a20392?s=96&d=mm&r=g\",\"caption\":\"La Sentinelle\"},\"sameAs\":[\"http:\\\/\\\/www.lasentinelle.dz\"],\"url\":\"https:\\\/\\\/lasentinelle.dz\\\/author\\\/redaction\\\/\"}]}<\/script>\n<!-- \/ Yoast SEO plugin. -->","yoast_head_json":{"title":"200 jours de mort et de destruction \u00e0 Ghaza - La Sentinelle","robots":{"index":"index","follow":"follow","max-snippet":"max-snippet:-1","max-image-preview":"max-image-preview:large","max-video-preview":"max-video-preview:-1"},"canonical":"https:\/\/lasentinelle.dz\/index.php\/2024\/04\/24\/200-jours-de-mort-et-de-destruction-a-ghaza\/","og_locale":"fr_FR","og_type":"article","og_title":"200 jours de mort et de destruction \u00e0 Ghaza - La Sentinelle","og_description":"Les bombardements de l\u2019occupation isra\u00e9lienne se sont intensifi\u00e9s hier au 200e jour de l\u2019agression men\u00e9e contre la bande de Ghaza.","og_url":"https:\/\/lasentinelle.dz\/index.php\/2024\/04\/24\/200-jours-de-mort-et-de-destruction-a-ghaza\/","og_site_name":"La Sentinelle","article_publisher":"https:\/\/www.facebook.com\/La-Sentinelle-104059864394773","article_published_time":"2024-04-24T13:51:40+00:00","article_modified_time":"2024-04-24T13:51:43+00:00","og_image":[{"width":864,"height":486,"url":"https:\/\/lasentinelle.dz\/wp-content\/uploads\/2024\/04\/Ghaza.webp","type":"image\/webp"}],"author":"La Sentinelle","twitter_card":"summary_large_image","twitter_misc":{"\u00c9crit par":"La Sentinelle","Dur\u00e9e de lecture estim\u00e9e":"5 minutes"},"schema":{"@context":"https:\/\/schema.org","@graph":[{"@type":"Article","@id":"https:\/\/lasentinelle.dz\/index.php\/2024\/04\/24\/200-jours-de-mort-et-de-destruction-a-ghaza\/#article","isPartOf":{"@id":"https:\/\/lasentinelle.dz\/index.php\/2024\/04\/24\/200-jours-de-mort-et-de-destruction-a-ghaza\/"},"author":{"name":"La Sentinelle","@id":"https:\/\/lasentinelle.dz\/#\/schema\/person\/d865044e22e70a75174ce8bcad3acfb3"},"headline":"200 jours de mort et de destruction \u00e0 Ghaza","datePublished":"2024-04-24T13:51:40+00:00","dateModified":"2024-04-24T13:51:43+00:00","mainEntityOfPage":{"@id":"https:\/\/lasentinelle.dz\/index.php\/2024\/04\/24\/200-jours-de-mort-et-de-destruction-a-ghaza\/"},"wordCount":1081,"commentCount":0,"publisher":{"@id":"https:\/\/lasentinelle.dz\/#organization"},"image":{"@id":"https:\/\/lasentinelle.dz\/index.php\/2024\/04\/24\/200-jours-de-mort-et-de-destruction-a-ghaza\/#primaryimage"},"thumbnailUrl":"https:\/\/lasentinelle.dz\/wp-content\/uploads\/2024\/04\/Ghaza.webp","articleSection":["\u00c0 la Une","Actualit\u00e9"],"inLanguage":"fr-FR","potentialAction":[{"@type":"CommentAction","name":"Comment","target":["https:\/\/lasentinelle.dz\/index.php\/2024\/04\/24\/200-jours-de-mort-et-de-destruction-a-ghaza\/#respond"]}]},{"@type":"WebPage","@id":"https:\/\/lasentinelle.dz\/index.php\/2024\/04\/24\/200-jours-de-mort-et-de-destruction-a-ghaza\/","url":"https:\/\/lasentinelle.dz\/index.php\/2024\/04\/24\/200-jours-de-mort-et-de-destruction-a-ghaza\/","name":"200 jours de mort et de destruction \u00e0 Ghaza - La Sentinelle","isPartOf":{"@id":"https:\/\/lasentinelle.dz\/#website"},"primaryImageOfPage":{"@id":"https:\/\/lasentinelle.dz\/index.php\/2024\/04\/24\/200-jours-de-mort-et-de-destruction-a-ghaza\/#primaryimage"},"image":{"@id":"https:\/\/lasentinelle.dz\/index.php\/2024\/04\/24\/200-jours-de-mort-et-de-destruction-a-ghaza\/#primaryimage"},"thumbnailUrl":"https:\/\/lasentinelle.dz\/wp-content\/uploads\/2024\/04\/Ghaza.webp","datePublished":"2024-04-24T13:51:40+00:00","dateModified":"2024-04-24T13:51:43+00:00","breadcrumb":{"@id":"https:\/\/lasentinelle.dz\/index.php\/2024\/04\/24\/200-jours-de-mort-et-de-destruction-a-ghaza\/#breadcrumb"},"inLanguage":"fr-FR","potentialAction":[{"@type":"ReadAction","target":["https:\/\/lasentinelle.dz\/index.php\/2024\/04\/24\/200-jours-de-mort-et-de-destruction-a-ghaza\/"]}]},{"@type":"ImageObject","inLanguage":"fr-FR","@id":"https:\/\/lasentinelle.dz\/index.php\/2024\/04\/24\/200-jours-de-mort-et-de-destruction-a-ghaza\/#primaryimage","url":"https:\/\/lasentinelle.dz\/wp-content\/uploads\/2024\/04\/Ghaza.webp","contentUrl":"https:\/\/lasentinelle.dz\/wp-content\/uploads\/2024\/04\/Ghaza.webp","width":864,"height":486},{"@type":"BreadcrumbList","@id":"https:\/\/lasentinelle.dz\/index.php\/2024\/04\/24\/200-jours-de-mort-et-de-destruction-a-ghaza\/#breadcrumb","itemListElement":[{"@type":"ListItem","position":1,"name":"Accueil","item":"https:\/\/lasentinelle.dz\/"},{"@type":"ListItem","position":2,"name":"200 jours de mort et de destruction \u00e0 Ghaza"}]},{"@type":"WebSite","@id":"https:\/\/lasentinelle.dz\/#website","url":"https:\/\/lasentinelle.dz\/","name":"La Sentinelle","description":"Quotidien national d&#039;information","publisher":{"@id":"https:\/\/lasentinelle.dz\/#organization"},"potentialAction":[{"@type":"SearchAction","target":{"@type":"EntryPoint","urlTemplate":"https:\/\/lasentinelle.dz\/?s={search_term_string}"},"query-input":{"@type":"PropertyValueSpecification","valueRequired":true,"valueName":"search_term_string"}}],"inLanguage":"fr-FR"},{"@type":"Organization","@id":"https:\/\/lasentinelle.dz\/#organization","name":"Quotidien La Sentinelle","url":"https:\/\/lasentinelle.dz\/","logo":{"@type":"ImageObject","inLanguage":"fr-FR","@id":"https:\/\/lasentinelle.dz\/#\/schema\/logo\/image\/","url":"https:\/\/lasentinelle.dz\/wp-content\/uploads\/2021\/09\/logo-sentinelleSLOGAN-1.png","contentUrl":"https:\/\/lasentinelle.dz\/wp-content\/uploads\/2021\/09\/logo-sentinelleSLOGAN-1.png","width":615,"height":142,"caption":"Quotidien La Sentinelle"},"image":{"@id":"https:\/\/lasentinelle.dz\/#\/schema\/logo\/image\/"},"sameAs":["https:\/\/www.facebook.com\/La-Sentinelle-104059864394773"]},{"@type":"Person","@id":"https:\/\/lasentinelle.dz\/#\/schema\/person\/d865044e22e70a75174ce8bcad3acfb3","name":"La Sentinelle","image":{"@type":"ImageObject","inLanguage":"fr-FR","@id":"https:\/\/secure.gravatar.com\/avatar\/57de8e5d4b15d43fb361a71fbb36338450fe67865b528a43dd10ef7c51a20392?s=96&d=mm&r=g","url":"https:\/\/secure.gravatar.com\/avatar\/57de8e5d4b15d43fb361a71fbb36338450fe67865b528a43dd10ef7c51a20392?s=96&d=mm&r=g","contentUrl":"https:\/\/secure.gravatar.com\/avatar\/57de8e5d4b15d43fb361a71fbb36338450fe67865b528a43dd10ef7c51a20392?s=96&d=mm&r=g","caption":"La Sentinelle"},"sameAs":["http:\/\/www.lasentinelle.dz"],"url":"https:\/\/lasentinelle.dz\/author\/redaction\/"}]}},"_links":{"self":[{"href":"https:\/\/lasentinelle.dz\/index.php\/wp-json\/wp\/v2\/posts\/51617","targetHints":{"allow":["GET"]}}],"collection":[{"href":"https:\/\/lasentinelle.dz\/index.php\/wp-json\/wp\/v2\/posts"}],"about":[{"href":"https:\/\/lasentinelle.dz\/index.php\/wp-json\/wp\/v2\/types\/post"}],"author":[{"embeddable":true,"href":"https:\/\/lasentinelle.dz\/index.php\/wp-json\/wp\/v2\/users\/3"}],"replies":[{"embeddable":true,"href":"https:\/\/lasentinelle.dz\/index.php\/wp-json\/wp\/v2\/comments?post=51617"}],"version-history":[{"count":1,"href":"https:\/\/lasentinelle.dz\/index.php\/wp-json\/wp\/v2\/posts\/51617\/revisions"}],"predecessor-version":[{"id":51619,"href":"https:\/\/lasentinelle.dz\/index.php\/wp-json\/wp\/v2\/posts\/51617\/revisions\/51619"}],"wp:featuredmedia":[{"embeddable":true,"href":"https:\/\/lasentinelle.dz\/index.php\/wp-json\/wp\/v2\/media\/51618"}],"wp:attachment":[{"href":"https:\/\/lasentinelle.dz\/index.php\/wp-json\/wp\/v2\/media?parent=51617"}],"wp:term":[{"taxonomy":"category","embeddable":true,"href":"https:\/\/lasentinelle.dz\/index.php\/wp-json\/wp\/v2\/categories?post=51617"},{"taxonomy":"post_tag","embeddable":true,"href":"https:\/\/lasentinelle.dz\/index.php\/wp-json\/wp\/v2\/tags?post=51617"}],"curies":[{"name":"wp","href":"https:\/\/api.w.org\/{rel}","templated":true}]}}