{"id":51655,"date":"2024-04-25T14:27:00","date_gmt":"2024-04-25T13:27:00","guid":{"rendered":"https:\/\/lasentinelle.dz\/?p=51655"},"modified":"2024-04-26T14:29:18","modified_gmt":"2024-04-26T13:29:18","slug":"la-jamaique-reconnait-officiellement-letat-de-palestine","status":"publish","type":"post","link":"https:\/\/lasentinelle.dz\/index.php\/2024\/04\/25\/la-jamaique-reconnait-officiellement-letat-de-palestine\/","title":{"rendered":"La Jama\u00efque reconna\u00eet officiellement l&rsquo;Etat de\u00a0Palestine\u00a0"},"content":{"rendered":"\n<p>La Jama\u00efque a annonc\u00e9, mardi, sa d\u00e9cision de reconna\u00eetre officiellement l\u2019Etat de Palestine. La ministre des Affaires \u00e9trang\u00e8res et du Commerce ext\u00e9rieur, Kamina Johnson Smith, a d\u00e9clar\u00e9 dans un communiqu\u00e9 de presse que \u00ab\u00a0la Jama\u00efque continue de plaider en faveur d\u2019une solution \u00e0 deux Etats comme seule option viable pour r\u00e9soudre le conflit (entre la Palestine et l&rsquo;entit\u00e9 sioniste) de longue date. En reconnaissant l&rsquo;Etat de Palestine, la Jama\u00efque renforce son plaidoyer en faveur d&rsquo;une solution pacifique\u00a0\u00bb. \u00ab\u00a0Cette d\u00e9cision est conforme au ferme engagement de la Jama\u00efque envers les principes de la Charte des Nations Unies, qui visent \u00e0 \u00e9tablir le respect mutuel et la coexistence pacifique entre les Etats, ainsi qu&rsquo;\u00e0 la reconnaissance du droit des peuples \u00e0 l&rsquo;autod\u00e9termination\u00a0\u00bb, a-t-elle ajout\u00e9. Kamina Johnson Smith a r\u00e9affirm\u00e9 en outre le soutien de la Jama\u00efque \u00e0 un cessez-le-feu dans la bande de Ghaza qui subit une agression g\u00e9nocidaire depuis plus de 200 jours. \u00ab\u00a0La Jama\u00efque continue de soutenir tous les efforts de d\u00e9sescalade et d&rsquo;\u00e9tablissement d&rsquo;une paix durable dans la r\u00e9gion\u00a0\u00bb, a-t-elle d\u00e9clar\u00e9. Notons que l\u2019Organisation de coop\u00e9ration islamique a salu\u00e9 hier cette d\u00e9cision. L\u2019OCI a r\u00e9it\u00e9r\u00e9 son appel \u00e0 tous les Etats du monde qui n\u2019ont pas encore reconnu l\u2019Etat de Palestine, \u00e0 le faire et \u00e0 \u00ab\u00a0soutenir les efforts internationaux visant \u00e0 instaurer la paix et la stabilit\u00e9 dans la r\u00e9gion sur la base de la vision d\u2019une solution \u00e0 deux Etats et des r\u00e9solutions pertinentes de la l\u00e9galit\u00e9 internationale\u00a0\u00bb.<\/p>\n\n\n\n<p>Notons que plusieurs pays ont annonc\u00e9 notamment en Europe leur intention de reconna\u00eetre l\u2019\u00c9tat de Palestine. L\u2019Irlande, l\u2019Espagne et la Norv\u00e8ge ont affich\u00e9 leur intention de reconna\u00eetre officiellement l\u2019\u00c9tat de Palestine dans les prochains mois. La Slov\u00e9nie a aussi \u00e9mis l\u2019intention de rejoindre le mouvement.<\/p>\n\n\n\n<p>Chokri Hafed<\/p>\n","protected":false},"excerpt":{"rendered":"<p>La Jama\u00efque a annonc\u00e9, mardi, sa d\u00e9cision de reconna\u00eetre officiellement l\u2019Etat de Palestine. La ministre des Affaires \u00e9trang\u00e8res et du<\/p>\n","protected":false},"author":3,"featured_media":51656,"comment_status":"open","ping_status":"closed","sticky":false,"template":"","format":"standard","meta":{"colormag_page_container_layout":"default_layout","colormag_page_sidebar_layout":"default_layout","om_disable_all_campaigns":false,"_monsterinsights_skip_tracking":false,"_monsterinsights_sitenote_active":false,"_monsterinsights_sitenote_note":"","_monsterinsights_sitenote_category":0,"footnotes":"","_wpscppro_dont_share_socialmedia":false,"_wpscppro_custom_social_share_image":0,"_facebook_share_type":"","_twitter_share_type":"","_linkedin_share_type":"","_pinterest_share_type":"","_linkedin_share_type_page":"","_instagram_share_type":"","_medium_share_type":"","_threads_share_type":"","_google_business_share_type":"","_selected_social_profile":[],"_wpsp_enable_custom_social_template":false,"_wpsp_social_scheduling":{"enabled":false,"datetime":null,"platforms":[],"status":"template_only","dateOption":"today","timeOption":"now","customDays":"","customHours":"","customDate":"","customTime":"","schedulingType":"absolute"},"_wpsp_active_default_template":true},"categories":[27],"tags":[],"class_list":["post-51655","post","type-post","status-publish","format-standard","has-post-thumbnail","hentry","category-actualite"],"aioseo_notices":[],"yoast_head":"<!-- This site is optimized with the Yoast SEO plugin v27.5 - https:\/\/yoast.com\/product\/yoast-seo-wordpress\/ -->\n<title>La Jama\u00efque reconna\u00eet officiellement l&rsquo;Etat de\u00a0Palestine\u00a0 - La Sentinelle<\/title>\n<meta name=\"robots\" content=\"index, follow, max-snippet:-1, max-image-preview:large, max-video-preview:-1\" \/>\n<link rel=\"canonical\" href=\"https:\/\/lasentinelle.dz\/index.php\/2024\/04\/25\/la-jamaique-reconnait-officiellement-letat-de-palestine\/\" \/>\n<meta property=\"og:locale\" content=\"fr_FR\" \/>\n<meta property=\"og:type\" content=\"article\" \/>\n<meta property=\"og:title\" content=\"La Jama\u00efque reconna\u00eet officiellement l&rsquo;Etat de\u00a0Palestine\u00a0 - La Sentinelle\" \/>\n<meta property=\"og:description\" content=\"La Jama\u00efque a annonc\u00e9, mardi, sa d\u00e9cision de reconna\u00eetre officiellement l\u2019Etat de Palestine. La ministre des Affaires \u00e9trang\u00e8res et du\" \/>\n<meta property=\"og:url\" content=\"https:\/\/lasentinelle.dz\/index.php\/2024\/04\/25\/la-jamaique-reconnait-officiellement-letat-de-palestine\/\" \/>\n<meta property=\"og:site_name\" content=\"La Sentinelle\" \/>\n<meta property=\"article:publisher\" content=\"https:\/\/www.facebook.com\/La-Sentinelle-104059864394773\" \/>\n<meta property=\"article:published_time\" content=\"2024-04-25T13:27:00+00:00\" \/>\n<meta property=\"article:modified_time\" content=\"2024-04-26T13:29:18+00:00\" \/>\n<meta property=\"og:image\" content=\"https:\/\/lasentinelle.dz\/wp-content\/uploads\/2024\/04\/kamina-jhonson.jpeg\" \/>\n\t<meta property=\"og:image:width\" content=\"696\" \/>\n\t<meta property=\"og:image:height\" content=\"433\" \/>\n\t<meta property=\"og:image:type\" content=\"image\/jpeg\" \/>\n<meta name=\"author\" content=\"La Sentinelle\" \/>\n<meta name=\"twitter:card\" content=\"summary_large_image\" \/>\n<meta name=\"twitter:label1\" content=\"\u00c9crit par\" \/>\n\t<meta name=\"twitter:data1\" content=\"La Sentinelle\" \/>\n\t<meta name=\"twitter:label2\" content=\"Dur\u00e9e de lecture estim\u00e9e\" \/>\n\t<meta name=\"twitter:data2\" content=\"2 minutes\" \/>\n<script type=\"application\/ld+json\" class=\"yoast-schema-graph\">{\"@context\":\"https:\\\/\\\/schema.org\",\"@graph\":[{\"@type\":\"Article\",\"@id\":\"https:\\\/\\\/lasentinelle.dz\\\/index.php\\\/2024\\\/04\\\/25\\\/la-jamaique-reconnait-officiellement-letat-de-palestine\\\/#article\",\"isPartOf\":{\"@id\":\"https:\\\/\\\/lasentinelle.dz\\\/index.php\\\/2024\\\/04\\\/25\\\/la-jamaique-reconnait-officiellement-letat-de-palestine\\\/\"},\"author\":{\"name\":\"La Sentinelle\",\"@id\":\"https:\\\/\\\/lasentinelle.dz\\\/#\\\/schema\\\/person\\\/d865044e22e70a75174ce8bcad3acfb3\"},\"headline\":\"La Jama\u00efque reconna\u00eet officiellement l&rsquo;Etat de\u00a0Palestine\u00a0\",\"datePublished\":\"2024-04-25T13:27:00+00:00\",\"dateModified\":\"2024-04-26T13:29:18+00:00\",\"mainEntityOfPage\":{\"@id\":\"https:\\\/\\\/lasentinelle.dz\\\/index.php\\\/2024\\\/04\\\/25\\\/la-jamaique-reconnait-officiellement-letat-de-palestine\\\/\"},\"wordCount\":337,\"commentCount\":0,\"publisher\":{\"@id\":\"https:\\\/\\\/lasentinelle.dz\\\/#organization\"},\"image\":{\"@id\":\"https:\\\/\\\/lasentinelle.dz\\\/index.php\\\/2024\\\/04\\\/25\\\/la-jamaique-reconnait-officiellement-letat-de-palestine\\\/#primaryimage\"},\"thumbnailUrl\":\"https:\\\/\\\/lasentinelle.dz\\\/wp-content\\\/uploads\\\/2024\\\/04\\\/kamina-jhonson.jpeg\",\"articleSection\":[\"Actualit\u00e9\"],\"inLanguage\":\"fr-FR\",\"potentialAction\":[{\"@type\":\"CommentAction\",\"name\":\"Comment\",\"target\":[\"https:\\\/\\\/lasentinelle.dz\\\/index.php\\\/2024\\\/04\\\/25\\\/la-jamaique-reconnait-officiellement-letat-de-palestine\\\/#respond\"]}]},{\"@type\":\"WebPage\",\"@id\":\"https:\\\/\\\/lasentinelle.dz\\\/index.php\\\/2024\\\/04\\\/25\\\/la-jamaique-reconnait-officiellement-letat-de-palestine\\\/\",\"url\":\"https:\\\/\\\/lasentinelle.dz\\\/index.php\\\/2024\\\/04\\\/25\\\/la-jamaique-reconnait-officiellement-letat-de-palestine\\\/\",\"name\":\"La Jama\u00efque reconna\u00eet officiellement l&rsquo;Etat de\u00a0Palestine\u00a0 - La Sentinelle\",\"isPartOf\":{\"@id\":\"https:\\\/\\\/lasentinelle.dz\\\/#website\"},\"primaryImageOfPage\":{\"@id\":\"https:\\\/\\\/lasentinelle.dz\\\/index.php\\\/2024\\\/04\\\/25\\\/la-jamaique-reconnait-officiellement-letat-de-palestine\\\/#primaryimage\"},\"image\":{\"@id\":\"https:\\\/\\\/lasentinelle.dz\\\/index.php\\\/2024\\\/04\\\/25\\\/la-jamaique-reconnait-officiellement-letat-de-palestine\\\/#primaryimage\"},\"thumbnailUrl\":\"https:\\\/\\\/lasentinelle.dz\\\/wp-content\\\/uploads\\\/2024\\\/04\\\/kamina-jhonson.jpeg\",\"datePublished\":\"2024-04-25T13:27:00+00:00\",\"dateModified\":\"2024-04-26T13:29:18+00:00\",\"breadcrumb\":{\"@id\":\"https:\\\/\\\/lasentinelle.dz\\\/index.php\\\/2024\\\/04\\\/25\\\/la-jamaique-reconnait-officiellement-letat-de-palestine\\\/#breadcrumb\"},\"inLanguage\":\"fr-FR\",\"potentialAction\":[{\"@type\":\"ReadAction\",\"target\":[\"https:\\\/\\\/lasentinelle.dz\\\/index.php\\\/2024\\\/04\\\/25\\\/la-jamaique-reconnait-officiellement-letat-de-palestine\\\/\"]}]},{\"@type\":\"ImageObject\",\"inLanguage\":\"fr-FR\",\"@id\":\"https:\\\/\\\/lasentinelle.dz\\\/index.php\\\/2024\\\/04\\\/25\\\/la-jamaique-reconnait-officiellement-letat-de-palestine\\\/#primaryimage\",\"url\":\"https:\\\/\\\/lasentinelle.dz\\\/wp-content\\\/uploads\\\/2024\\\/04\\\/kamina-jhonson.jpeg\",\"contentUrl\":\"https:\\\/\\\/lasentinelle.dz\\\/wp-content\\\/uploads\\\/2024\\\/04\\\/kamina-jhonson.jpeg\",\"width\":696,\"height\":433},{\"@type\":\"BreadcrumbList\",\"@id\":\"https:\\\/\\\/lasentinelle.dz\\\/index.php\\\/2024\\\/04\\\/25\\\/la-jamaique-reconnait-officiellement-letat-de-palestine\\\/#breadcrumb\",\"itemListElement\":[{\"@type\":\"ListItem\",\"position\":1,\"name\":\"Accueil\",\"item\":\"https:\\\/\\\/lasentinelle.dz\\\/\"},{\"@type\":\"ListItem\",\"position\":2,\"name\":\"La Jama\u00efque reconna\u00eet officiellement l&rsquo;Etat de\u00a0Palestine\u00a0\"}]},{\"@type\":\"WebSite\",\"@id\":\"https:\\\/\\\/lasentinelle.dz\\\/#website\",\"url\":\"https:\\\/\\\/lasentinelle.dz\\\/\",\"name\":\"La Sentinelle\",\"description\":\"Quotidien national d&#039;information\",\"publisher\":{\"@id\":\"https:\\\/\\\/lasentinelle.dz\\\/#organization\"},\"potentialAction\":[{\"@type\":\"SearchAction\",\"target\":{\"@type\":\"EntryPoint\",\"urlTemplate\":\"https:\\\/\\\/lasentinelle.dz\\\/?s={search_term_string}\"},\"query-input\":{\"@type\":\"PropertyValueSpecification\",\"valueRequired\":true,\"valueName\":\"search_term_string\"}}],\"inLanguage\":\"fr-FR\"},{\"@type\":\"Organization\",\"@id\":\"https:\\\/\\\/lasentinelle.dz\\\/#organization\",\"name\":\"Quotidien La Sentinelle\",\"url\":\"https:\\\/\\\/lasentinelle.dz\\\/\",\"logo\":{\"@type\":\"ImageObject\",\"inLanguage\":\"fr-FR\",\"@id\":\"https:\\\/\\\/lasentinelle.dz\\\/#\\\/schema\\\/logo\\\/image\\\/\",\"url\":\"https:\\\/\\\/lasentinelle.dz\\\/wp-content\\\/uploads\\\/2021\\\/09\\\/logo-sentinelleSLOGAN-1.png\",\"contentUrl\":\"https:\\\/\\\/lasentinelle.dz\\\/wp-content\\\/uploads\\\/2021\\\/09\\\/logo-sentinelleSLOGAN-1.png\",\"width\":615,\"height\":142,\"caption\":\"Quotidien La Sentinelle\"},\"image\":{\"@id\":\"https:\\\/\\\/lasentinelle.dz\\\/#\\\/schema\\\/logo\\\/image\\\/\"},\"sameAs\":[\"https:\\\/\\\/www.facebook.com\\\/La-Sentinelle-104059864394773\"]},{\"@type\":\"Person\",\"@id\":\"https:\\\/\\\/lasentinelle.dz\\\/#\\\/schema\\\/person\\\/d865044e22e70a75174ce8bcad3acfb3\",\"name\":\"La Sentinelle\",\"image\":{\"@type\":\"ImageObject\",\"inLanguage\":\"fr-FR\",\"@id\":\"https:\\\/\\\/secure.gravatar.com\\\/avatar\\\/57de8e5d4b15d43fb361a71fbb36338450fe67865b528a43dd10ef7c51a20392?s=96&d=mm&r=g\",\"url\":\"https:\\\/\\\/secure.gravatar.com\\\/avatar\\\/57de8e5d4b15d43fb361a71fbb36338450fe67865b528a43dd10ef7c51a20392?s=96&d=mm&r=g\",\"contentUrl\":\"https:\\\/\\\/secure.gravatar.com\\\/avatar\\\/57de8e5d4b15d43fb361a71fbb36338450fe67865b528a43dd10ef7c51a20392?s=96&d=mm&r=g\",\"caption\":\"La Sentinelle\"},\"sameAs\":[\"http:\\\/\\\/www.lasentinelle.dz\"],\"url\":\"https:\\\/\\\/lasentinelle.dz\\\/author\\\/redaction\\\/\"}]}<\/script>\n<!-- \/ Yoast SEO plugin. -->","yoast_head_json":{"title":"La Jama\u00efque reconna\u00eet officiellement l&rsquo;Etat de\u00a0Palestine\u00a0 - La Sentinelle","robots":{"index":"index","follow":"follow","max-snippet":"max-snippet:-1","max-image-preview":"max-image-preview:large","max-video-preview":"max-video-preview:-1"},"canonical":"https:\/\/lasentinelle.dz\/index.php\/2024\/04\/25\/la-jamaique-reconnait-officiellement-letat-de-palestine\/","og_locale":"fr_FR","og_type":"article","og_title":"La Jama\u00efque reconna\u00eet officiellement l&rsquo;Etat de\u00a0Palestine\u00a0 - La Sentinelle","og_description":"La Jama\u00efque a annonc\u00e9, mardi, sa d\u00e9cision de reconna\u00eetre officiellement l\u2019Etat de Palestine. La ministre des Affaires \u00e9trang\u00e8res et du","og_url":"https:\/\/lasentinelle.dz\/index.php\/2024\/04\/25\/la-jamaique-reconnait-officiellement-letat-de-palestine\/","og_site_name":"La Sentinelle","article_publisher":"https:\/\/www.facebook.com\/La-Sentinelle-104059864394773","article_published_time":"2024-04-25T13:27:00+00:00","article_modified_time":"2024-04-26T13:29:18+00:00","og_image":[{"width":696,"height":433,"url":"https:\/\/lasentinelle.dz\/wp-content\/uploads\/2024\/04\/kamina-jhonson.jpeg","type":"image\/jpeg"}],"author":"La Sentinelle","twitter_card":"summary_large_image","twitter_misc":{"\u00c9crit par":"La Sentinelle","Dur\u00e9e de lecture estim\u00e9e":"2 minutes"},"schema":{"@context":"https:\/\/schema.org","@graph":[{"@type":"Article","@id":"https:\/\/lasentinelle.dz\/index.php\/2024\/04\/25\/la-jamaique-reconnait-officiellement-letat-de-palestine\/#article","isPartOf":{"@id":"https:\/\/lasentinelle.dz\/index.php\/2024\/04\/25\/la-jamaique-reconnait-officiellement-letat-de-palestine\/"},"author":{"name":"La Sentinelle","@id":"https:\/\/lasentinelle.dz\/#\/schema\/person\/d865044e22e70a75174ce8bcad3acfb3"},"headline":"La Jama\u00efque reconna\u00eet officiellement l&rsquo;Etat de\u00a0Palestine\u00a0","datePublished":"2024-04-25T13:27:00+00:00","dateModified":"2024-04-26T13:29:18+00:00","mainEntityOfPage":{"@id":"https:\/\/lasentinelle.dz\/index.php\/2024\/04\/25\/la-jamaique-reconnait-officiellement-letat-de-palestine\/"},"wordCount":337,"commentCount":0,"publisher":{"@id":"https:\/\/lasentinelle.dz\/#organization"},"image":{"@id":"https:\/\/lasentinelle.dz\/index.php\/2024\/04\/25\/la-jamaique-reconnait-officiellement-letat-de-palestine\/#primaryimage"},"thumbnailUrl":"https:\/\/lasentinelle.dz\/wp-content\/uploads\/2024\/04\/kamina-jhonson.jpeg","articleSection":["Actualit\u00e9"],"inLanguage":"fr-FR","potentialAction":[{"@type":"CommentAction","name":"Comment","target":["https:\/\/lasentinelle.dz\/index.php\/2024\/04\/25\/la-jamaique-reconnait-officiellement-letat-de-palestine\/#respond"]}]},{"@type":"WebPage","@id":"https:\/\/lasentinelle.dz\/index.php\/2024\/04\/25\/la-jamaique-reconnait-officiellement-letat-de-palestine\/","url":"https:\/\/lasentinelle.dz\/index.php\/2024\/04\/25\/la-jamaique-reconnait-officiellement-letat-de-palestine\/","name":"La Jama\u00efque reconna\u00eet officiellement l&rsquo;Etat de\u00a0Palestine\u00a0 - La Sentinelle","isPartOf":{"@id":"https:\/\/lasentinelle.dz\/#website"},"primaryImageOfPage":{"@id":"https:\/\/lasentinelle.dz\/index.php\/2024\/04\/25\/la-jamaique-reconnait-officiellement-letat-de-palestine\/#primaryimage"},"image":{"@id":"https:\/\/lasentinelle.dz\/index.php\/2024\/04\/25\/la-jamaique-reconnait-officiellement-letat-de-palestine\/#primaryimage"},"thumbnailUrl":"https:\/\/lasentinelle.dz\/wp-content\/uploads\/2024\/04\/kamina-jhonson.jpeg","datePublished":"2024-04-25T13:27:00+00:00","dateModified":"2024-04-26T13:29:18+00:00","breadcrumb":{"@id":"https:\/\/lasentinelle.dz\/index.php\/2024\/04\/25\/la-jamaique-reconnait-officiellement-letat-de-palestine\/#breadcrumb"},"inLanguage":"fr-FR","potentialAction":[{"@type":"ReadAction","target":["https:\/\/lasentinelle.dz\/index.php\/2024\/04\/25\/la-jamaique-reconnait-officiellement-letat-de-palestine\/"]}]},{"@type":"ImageObject","inLanguage":"fr-FR","@id":"https:\/\/lasentinelle.dz\/index.php\/2024\/04\/25\/la-jamaique-reconnait-officiellement-letat-de-palestine\/#primaryimage","url":"https:\/\/lasentinelle.dz\/wp-content\/uploads\/2024\/04\/kamina-jhonson.jpeg","contentUrl":"https:\/\/lasentinelle.dz\/wp-content\/uploads\/2024\/04\/kamina-jhonson.jpeg","width":696,"height":433},{"@type":"BreadcrumbList","@id":"https:\/\/lasentinelle.dz\/index.php\/2024\/04\/25\/la-jamaique-reconnait-officiellement-letat-de-palestine\/#breadcrumb","itemListElement":[{"@type":"ListItem","position":1,"name":"Accueil","item":"https:\/\/lasentinelle.dz\/"},{"@type":"ListItem","position":2,"name":"La Jama\u00efque reconna\u00eet officiellement l&rsquo;Etat de\u00a0Palestine\u00a0"}]},{"@type":"WebSite","@id":"https:\/\/lasentinelle.dz\/#website","url":"https:\/\/lasentinelle.dz\/","name":"La Sentinelle","description":"Quotidien national d&#039;information","publisher":{"@id":"https:\/\/lasentinelle.dz\/#organization"},"potentialAction":[{"@type":"SearchAction","target":{"@type":"EntryPoint","urlTemplate":"https:\/\/lasentinelle.dz\/?s={search_term_string}"},"query-input":{"@type":"PropertyValueSpecification","valueRequired":true,"valueName":"search_term_string"}}],"inLanguage":"fr-FR"},{"@type":"Organization","@id":"https:\/\/lasentinelle.dz\/#organization","name":"Quotidien La Sentinelle","url":"https:\/\/lasentinelle.dz\/","logo":{"@type":"ImageObject","inLanguage":"fr-FR","@id":"https:\/\/lasentinelle.dz\/#\/schema\/logo\/image\/","url":"https:\/\/lasentinelle.dz\/wp-content\/uploads\/2021\/09\/logo-sentinelleSLOGAN-1.png","contentUrl":"https:\/\/lasentinelle.dz\/wp-content\/uploads\/2021\/09\/logo-sentinelleSLOGAN-1.png","width":615,"height":142,"caption":"Quotidien La Sentinelle"},"image":{"@id":"https:\/\/lasentinelle.dz\/#\/schema\/logo\/image\/"},"sameAs":["https:\/\/www.facebook.com\/La-Sentinelle-104059864394773"]},{"@type":"Person","@id":"https:\/\/lasentinelle.dz\/#\/schema\/person\/d865044e22e70a75174ce8bcad3acfb3","name":"La Sentinelle","image":{"@type":"ImageObject","inLanguage":"fr-FR","@id":"https:\/\/secure.gravatar.com\/avatar\/57de8e5d4b15d43fb361a71fbb36338450fe67865b528a43dd10ef7c51a20392?s=96&d=mm&r=g","url":"https:\/\/secure.gravatar.com\/avatar\/57de8e5d4b15d43fb361a71fbb36338450fe67865b528a43dd10ef7c51a20392?s=96&d=mm&r=g","contentUrl":"https:\/\/secure.gravatar.com\/avatar\/57de8e5d4b15d43fb361a71fbb36338450fe67865b528a43dd10ef7c51a20392?s=96&d=mm&r=g","caption":"La Sentinelle"},"sameAs":["http:\/\/www.lasentinelle.dz"],"url":"https:\/\/lasentinelle.dz\/author\/redaction\/"}]}},"_links":{"self":[{"href":"https:\/\/lasentinelle.dz\/index.php\/wp-json\/wp\/v2\/posts\/51655","targetHints":{"allow":["GET"]}}],"collection":[{"href":"https:\/\/lasentinelle.dz\/index.php\/wp-json\/wp\/v2\/posts"}],"about":[{"href":"https:\/\/lasentinelle.dz\/index.php\/wp-json\/wp\/v2\/types\/post"}],"author":[{"embeddable":true,"href":"https:\/\/lasentinelle.dz\/index.php\/wp-json\/wp\/v2\/users\/3"}],"replies":[{"embeddable":true,"href":"https:\/\/lasentinelle.dz\/index.php\/wp-json\/wp\/v2\/comments?post=51655"}],"version-history":[{"count":2,"href":"https:\/\/lasentinelle.dz\/index.php\/wp-json\/wp\/v2\/posts\/51655\/revisions"}],"predecessor-version":[{"id":51658,"href":"https:\/\/lasentinelle.dz\/index.php\/wp-json\/wp\/v2\/posts\/51655\/revisions\/51658"}],"wp:featuredmedia":[{"embeddable":true,"href":"https:\/\/lasentinelle.dz\/index.php\/wp-json\/wp\/v2\/media\/51656"}],"wp:attachment":[{"href":"https:\/\/lasentinelle.dz\/index.php\/wp-json\/wp\/v2\/media?parent=51655"}],"wp:term":[{"taxonomy":"category","embeddable":true,"href":"https:\/\/lasentinelle.dz\/index.php\/wp-json\/wp\/v2\/categories?post=51655"},{"taxonomy":"post_tag","embeddable":true,"href":"https:\/\/lasentinelle.dz\/index.php\/wp-json\/wp\/v2\/tags?post=51655"}],"curies":[{"name":"wp","href":"https:\/\/api.w.org\/{rel}","templated":true}]}}